{"id":22075,"date":"2025-02-24T00:58:47","date_gmt":"2025-02-24T07:58:47","guid":{"rendered":"https:\/\/soledaddurazo.com\/?p=22075"},"modified":"2025-02-24T01:00:11","modified_gmt":"2025-02-24T08:00:11","slug":"beltrones-presentara-iniciativa-de-ley-a-nombre-de-los-colectivos-de-busqueda-sonora","status":"publish","type":"post","link":"https:\/\/soledaddurazo.com\/blog\/2025\/02\/24\/beltrones-presentara-iniciativa-de-ley-a-nombre-de-los-colectivos-de-busqueda-sonora\/","title":{"rendered":"Beltrones presentar\u00e1 iniciativa de Ley a nombre de los Colectivos de B\u00fasqueda Sonora"},"content":{"rendered":"<p>El Senador Manlio Fabio Beltrones presentar\u00e1 a nombre de los Colectivos de B\u00fasqueda del estado de Sonora, una iniciativa de Ley donde propondr\u00e1 integrarlas como auxiliares oficiales de la Comisi\u00f3n Nacional de B\u00fasqueda de Personas Desaparecidas y puedan acceder con todas las garant\u00edas y medidas de protecci\u00f3n y seguridad social.<\/p>\n<p>\u201cEl respaldo de los colectivos de b\u00fasqueda hay que ponerlo en la Ley, para que no est\u00e9 a expensas del voluntarismo del gobernante en turno\u201d, puntualiz\u00f3, luego de escuchar que existen colectivos que han emitido hasta 17 oficios solicitando apoyo de seguridad policial para jornadas de b\u00fasqueda y no han sido atendidos.<\/p>\n<p>La iniciativa incluye a petici\u00f3n de los propios los colectivos de B\u00fasqueda, el reconocimiento y nombramiento temporal como auxiliar oficial de b\u00fasqueda con garant\u00eda de seguridad social, seguro de invalidez y seguro de vida; as\u00ed como el acompa\u00f1amiento de seguridad policial en jornadas de b\u00fasqueda, en forma particular se destaca tambi\u00e9n la creaci\u00f3n de un banco nacional de datos de ADN, que agilice la identificaci\u00f3n humana, entre otras garant\u00edas.<\/p>\n<p>\u201cHoy estamos empezando una lucha en un compromiso que se hizo con ustedes\u201d dijo el Senador Beltrones en una reuni\u00f3n m\u00e1s celebrado en Hermosillo con integrantes de colectivos de Hermosillo, Cajeme y Nogales, y v\u00eda zoom con liderazgos de SLRC, Puerto Pe\u00f1asco, Caborca, Guaymas, Cajeme, Navojoa y Huatabampo.<\/p>\n<p>\u201cEso es lo que estamos proponiendo, hagamos un apartado de la Ley y ustedes puedan ser considerados auxiliares de la Comisi\u00f3n Nacional de B\u00fasqueda con todas las garant\u00edas y adicionalmente y que me gusta mucho es el banco de ADN y no mi idea, es de ustedes\u201d subray\u00f3.<\/p>\n<p><a href=\"https:\/\/soledaddurazo.com\/storage\/2025\/02\/55-scaled.jpeg\"><img loading=\"lazy\" decoding=\"async\" class=\"wp-image-22077 alignleft\" src=\"https:\/\/soledaddurazo.com\/storage\/2025\/02\/55-scaled.jpeg\" alt=\"\" width=\"322\" height=\"242\" srcset=\"https:\/\/soledaddurazo.com\/storage\/2025\/02\/55-scaled.jpeg 2560w, https:\/\/soledaddurazo.com\/storage\/2025\/02\/55-300x225.jpeg 300w, https:\/\/soledaddurazo.com\/storage\/2025\/02\/55-1024x768.jpeg 1024w, https:\/\/soledaddurazo.com\/storage\/2025\/02\/55-768x576.jpeg 768w, https:\/\/soledaddurazo.com\/storage\/2025\/02\/55-1536x1152.jpeg 1536w, https:\/\/soledaddurazo.com\/storage\/2025\/02\/55-2048x1536.jpeg 2048w, https:\/\/soledaddurazo.com\/storage\/2025\/02\/55-600x450.jpeg 600w, https:\/\/soledaddurazo.com\/storage\/2025\/02\/55-750x563.jpeg 750w, https:\/\/soledaddurazo.com\/storage\/2025\/02\/55-1140x855.jpeg 1140w\" sizes=\"auto, (max-width: 322px) 100vw, 322px\" \/><\/a>La iniciativa presentada a los colectivos incluye integrar al menos a tres familiares por cada persona desaparecida a partir de un padr\u00f3n con reglas espec\u00edficas, otorgar seguro por invalidez, seguro de vida y atenci\u00f3n medica de hasta tercer nivel en el IMSS o en el ISSSTE tomando en cuenta la riesgosa labor que llevan a cabo.<\/p>\n<p>Se plantea que los costos que se generen sean absorbidos a trav\u00e9s de las participaciones federales anuales de cada entidad federativa y no se sea un costo adicional al IMSS y al ISSSTE.<\/p>\n<p>\u201cYo entiendo el momento de desesperaci\u00f3n, pero tambi\u00e9n la soluci\u00f3n esta en que vayamos juntos en esto\u201d, recordando que al no ser mayor\u00eda buscaran sensibilizar al resto de Senadores para avanzar en esta iniciativa.<\/p>\n<p>COLECTIVOS EXPONEN PROBLEM\u00c1TICA<\/p>\n<p>En esta reuni\u00f3n colectivos de todo el estado agradecieron esta iniciativa y este esfuerzo por apoyarlas en la labor que realizan y confiaron que pueda transitar en el Senado de la Republica<\/p>\n<p>\u201cHa habido falta de empat\u00eda, somos invisibles para el gobierno\u201d, dijo Bielka Sa\u00f1udo del colectivo Buscadoras de Huatabampo<\/p>\n<p>Por su parte Mar\u00eda Luz Romero de la Agrupaci\u00f3n de Caborca para Localizar Personas Desaparecidas A. C. lament\u00f3 el poco inter\u00e9s de las autoridades por apoyarlas con seguridad en sus tareas de b\u00fasqueda, \u201cde 2024 a la fecha hemos metido hasta 17 oficios de apoyo en seguridad y no hemos tenido respuestas\u201d, se\u00f1al\u00f3.<\/p>\n<p>Cecilia Delgado l\u00edder del Colectivo Buscadoras por la Paz de Hermosillo precis\u00f3 que \u201cYa no pueden cerrar los ojos a una realidad que existe no s\u00f3lo a nivel Sonora, sino a nivel pa\u00eds, hay colectivos del norte de Sonora que tiene muchas dificultades.<\/p>\n<p>Colectivos de todas las regiones coincidieron en que el principal problema que enfrentan es la poca o nula protecci\u00f3n policiaca para hacer sus tareas de b\u00fasqueda de personas desaparecidas lo que vuelve mas peligroso la labor que realizan.<\/p>\n<p>En la reuni\u00f3n participaron el senador suplente por Sonora, Iv\u00e1n Jaimes, as\u00ed como el diputado local Emeterio Ochoa que esta fungiendo como enlace con los colectivos de b\u00fasqueda en un esfuerzo conjunto para sacar adelante la iniciativa.<\/p>\n","protected":false},"excerpt":{"rendered":"<p>El Senador Manlio Fabio Beltrones presentar\u00e1 a nombre de los Colectivos de B\u00fasqueda del estado de Sonora, una iniciativa de Ley donde propondr\u00e1 integrarlas como auxiliares oficiales de la Comisi\u00f3n Nacional de B\u00fasqueda de Personas Desaparecidas y puedan acceder con todas las garant\u00edas y medidas de protecci\u00f3n y seguridad social. \u201cEl respaldo de los colectivos [&hellip;]<\/p>\n","protected":false},"author":1,"featured_media":22076,"comment_status":"open","ping_status":"open","sticky":false,"template":"","format":"standard","meta":{"footnotes":""},"categories":[159],"tags":[],"class_list":["post"],"yoast_head":" \n<title>Beltrones presentar\u00e1 iniciativa de Ley a nombre de los Colectivos de B\u00fasqueda Sonora - Periodista SoledadDurazo.com<\/title>\n<meta name=\"robots\" content=\"index, follow, max-snippet:-1, max-image-preview:large, max-video-preview:-1\" \/>\n<link rel=\"canonical\" href=\"https:\/\/soledaddurazo.com\/blog\/2025\/02\/24\/beltrones-presentara-iniciativa-de-ley-a-nombre-de-los-colectivos-de-busqueda-sonora\/\" \/>\n<meta property=\"og:locale\" content=\"es_MX\" \/>\n<meta property=\"og:type\" content=\"article\" \/>\n<meta property=\"og:title\" content=\"Beltrones presentar\u00e1 iniciativa de Ley a nombre de los Colectivos de B\u00fasqueda Sonora\" \/>\n<meta property=\"og:description\" content=\"El Senador Manlio Fabio Beltrones presentar\u00e1 a nombre de los Colectivos de B\u00fasqueda del estado de Sonora, una iniciativa de Ley donde propondr\u00e1 integrarlas como auxiliares oficiales de la Comisi\u00f3n Nacional de B\u00fasqueda de Personas Desaparecidas y puedan acceder con todas las garant\u00edas y medidas de protecci\u00f3n y seguridad social. \u201cEl respaldo de los colectivos [&hellip;]\" \/>\n<meta property=\"og:url\" content=\"https:\/\/soledaddurazo.com\/blog\/2025\/02\/24\/beltrones-presentara-iniciativa-de-ley-a-nombre-de-los-colectivos-de-busqueda-sonora\/\" \/>\n<meta property=\"og:site_name\" content=\"Periodista SoledadDurazo.com\" \/>\n<meta property=\"article:publisher\" content=\"https:\/\/www.facebook.com\/soledad.durazo.9\/\" \/>\n<meta property=\"article:published_time\" content=\"2025-02-24T07:58:47+00:00\" \/>\n<meta property=\"article:modified_time\" content=\"2025-02-24T08:00:11+00:00\" \/>\n<meta property=\"og:image\" content=\"https:\/\/soledaddurazo.com\/storage\/2025\/02\/54-scaled.jpeg\" \/>\n\t<meta property=\"og:image:width\" content=\"2560\" \/>\n\t<meta property=\"og:image:height\" content=\"1455\" \/>\n<meta name=\"twitter:card\" content=\"summary_large_image\" \/>\n<meta name=\"twitter:creator\" content=\"@SoledadDurazo\" \/>\n<meta name=\"twitter:site\" content=\"@SoledadDurazo\" \/>\n<meta name=\"twitter:label1\" content=\"Escrito por\" \/>\n\t<meta name=\"twitter:data1\" content=\"Redacci\u00f3n\" \/>\n\t<meta name=\"twitter:label2\" content=\"Tiempo de lectura\" \/>\n\t<meta name=\"twitter:data2\" content=\"3 minutos\" \/>\n<script type=\"application\/ld+json\" class=\"yoast-schema-graph\">{\"@context\":\"https:\/\/schema.org\",\"@graph\":[{\"@type\":\"Organization\",\"@id\":\"https:\/\/soledaddurazo.com\/#organization\",\"name\":\"Soledad Durazo\",\"url\":\"https:\/\/soledaddurazo.com\/\",\"sameAs\":[\"https:\/\/www.facebook.com\/soledad.durazo.9\/\",\"https:\/\/www.instagram.com\/soledaddurazo\",\"https:\/\/www.youtube.com\/channel\/UC9yGPw8-Vbl_B2XNkRwPS-w\",\"https:\/\/twitter.com\/SoledadDurazo\"],\"logo\":{\"@type\":\"ImageObject\",\"@id\":\"https:\/\/soledaddurazo.com\/#logo\",\"inLanguage\":\"es\",\"url\":\"https:\/\/soledaddurazo.com\/storage\/2021\/11\/nllp-720x375-1-2.png\",\"contentUrl\":\"https:\/\/soledaddurazo.com\/storage\/2021\/11\/nllp-720x375-1-2.png\",\"width\":720,\"height\":375,\"caption\":\"Soledad Durazo\"},\"image\":{\"@id\":\"https:\/\/soledaddurazo.com\/#logo\"}},{\"@type\":\"WebSite\",\"@id\":\"https:\/\/soledaddurazo.com\/#website\",\"url\":\"https:\/\/soledaddurazo.com\/\",\"name\":\"Periodista SoledadDurazo.com\",\"description\":\"Periodista sonorense. Directora de www.SoledadDurazo.com Columnista, conductora de radio y Tv. Catedr\\u00e1tica en la UNISON\",\"publisher\":{\"@id\":\"https:\/\/soledaddurazo.com\/#organization\"},\"potentialAction\":[{\"@type\":\"SearchAction\",\"target\":{\"@type\":\"EntryPoint\",\"urlTemplate\":\"https:\/\/soledaddurazo.com\/?s={search_term_string}\"},\"query-input\":\"required name=search_term_string\"}],\"inLanguage\":\"es\"},{\"@type\":\"ImageObject\",\"@id\":\"https:\/\/soledaddurazo.com\/blog\/2025\/02\/24\/beltrones-presentara-iniciativa-de-ley-a-nombre-de-los-colectivos-de-busqueda-sonora\/#primaryimage\",\"inLanguage\":\"es\",\"url\":\"https:\/\/soledaddurazo.com\/storage\/2025\/02\/54-scaled.jpeg\",\"contentUrl\":\"https:\/\/soledaddurazo.com\/storage\/2025\/02\/54-scaled.jpeg\",\"width\":2560,\"height\":1455},{\"@type\":\"WebPage\",\"@id\":\"https:\/\/soledaddurazo.com\/blog\/2025\/02\/24\/beltrones-presentara-iniciativa-de-ley-a-nombre-de-los-colectivos-de-busqueda-sonora\/#webpage\",\"url\":\"https:\/\/soledaddurazo.com\/blog\/2025\/02\/24\/beltrones-presentara-iniciativa-de-ley-a-nombre-de-los-colectivos-de-busqueda-sonora\/\",\"name\":\"Beltrones presentar\\u00e1 iniciativa de Ley a nombre de los Colectivos de B\\u00fasqueda Sonora - Periodista SoledadDurazo.com\",\"isPartOf\":{\"@id\":\"https:\/\/soledaddurazo.com\/#website\"},\"primaryImageOfPage\":{\"@id\":\"https:\/\/soledaddurazo.com\/blog\/2025\/02\/24\/beltrones-presentara-iniciativa-de-ley-a-nombre-de-los-colectivos-de-busqueda-sonora\/#primaryimage\"},\"datePublished\":\"2025-02-24T07:58:47+00:00\",\"dateModified\":\"2025-02-24T08:00:11+00:00\",\"breadcrumb\":{\"@id\":\"https:\/\/soledaddurazo.com\/blog\/2025\/02\/24\/beltrones-presentara-iniciativa-de-ley-a-nombre-de-los-colectivos-de-busqueda-sonora\/#breadcrumb\"},\"inLanguage\":\"es\",\"potentialAction\":[{\"@type\":\"ReadAction\",\"target\":[\"https:\/\/soledaddurazo.com\/blog\/2025\/02\/24\/beltrones-presentara-iniciativa-de-ley-a-nombre-de-los-colectivos-de-busqueda-sonora\/\"]}]},{\"@type\":\"BreadcrumbList\",\"@id\":\"https:\/\/soledaddurazo.com\/blog\/2025\/02\/24\/beltrones-presentara-iniciativa-de-ley-a-nombre-de-los-colectivos-de-busqueda-sonora\/#breadcrumb\",\"itemListElement\":[{\"@type\":\"ListItem\",\"position\":1,\"name\":\"Home\",\"item\":\"https:\/\/soledaddurazo.com\/\"},{\"@type\":\"ListItem\",\"position\":2,\"name\":\"Beltrones presentar\\u00e1 iniciativa de Ley a nombre de los Colectivos de B\\u00fasqueda Sonora\"}]},{\"@type\":\"Article\",\"@id\":\"https:\/\/soledaddurazo.com\/blog\/2025\/02\/24\/beltrones-presentara-iniciativa-de-ley-a-nombre-de-los-colectivos-de-busqueda-sonora\/#article\",\"isPartOf\":{\"@id\":\"https:\/\/soledaddurazo.com\/blog\/2025\/02\/24\/beltrones-presentara-iniciativa-de-ley-a-nombre-de-los-colectivos-de-busqueda-sonora\/#webpage\"},\"author\":{\"@id\":\"https:\/\/soledaddurazo.com\/#\/schema\/person\/822d8e13aa288585e6546f179853758b\"},\"headline\":\"Beltrones presentar\\u00e1 iniciativa de Ley a nombre de los Colectivos de B\\u00fasqueda Sonora\",\"datePublished\":\"2025-02-24T07:58:47+00:00\",\"dateModified\":\"2025-02-24T08:00:11+00:00\",\"mainEntityOfPage\":{\"@id\":\"https:\/\/soledaddurazo.com\/blog\/2025\/02\/24\/beltrones-presentara-iniciativa-de-ley-a-nombre-de-los-colectivos-de-busqueda-sonora\/#webpage\"},\"wordCount\":674,\"commentCount\":0,\"publisher\":{\"@id\":\"https:\/\/soledaddurazo.com\/#organization\"},\"image\":{\"@id\":\"https:\/\/soledaddurazo.com\/blog\/2025\/02\/24\/beltrones-presentara-iniciativa-de-ley-a-nombre-de-los-colectivos-de-busqueda-sonora\/#primaryimage\"},\"thumbnailUrl\":\"https:\/\/soledaddurazo.com\/storage\/2025\/02\/54-scaled.jpeg\",\"articleSection\":[\"Mi Sonora\"],\"inLanguage\":\"es\",\"potentialAction\":[{\"@type\":\"CommentAction\",\"name\":\"Comment\",\"target\":[\"https:\/\/soledaddurazo.com\/blog\/2025\/02\/24\/beltrones-presentara-iniciativa-de-ley-a-nombre-de-los-colectivos-de-busqueda-sonora\/#respond\"]}]},{\"@type\":\"Person\",\"@id\":\"https:\/\/soledaddurazo.com\/#\/schema\/person\/822d8e13aa288585e6546f179853758b\",\"name\":\"Redacci\\u00f3n\",\"image\":{\"@type\":\"ImageObject\",\"@id\":\"https:\/\/soledaddurazo.com\/#personlogo\",\"inLanguage\":\"es\",\"url\":\"https:\/\/secure.gravatar.com\/avatar\/c4e193752f756fd61f04deebed3a3a20dc188d37edb53682d313ac57f2725d54?s=96&d=mm&r=g\",\"contentUrl\":\"https:\/\/secure.gravatar.com\/avatar\/c4e193752f756fd61f04deebed3a3a20dc188d37edb53682d313ac57f2725d54?s=96&d=mm&r=g\",\"caption\":\"Redacci\\u00f3n\"},\"sameAs\":[\"https:\/\/soledaddurazo.com\"]}]}<\/script>\n ","yoast_head_json":{"title":"Beltrones presentar\u00e1 iniciativa de Ley a nombre de los Colectivos de B\u00fasqueda Sonora - Periodista SoledadDurazo.com","robots":{"index":"index","follow":"follow","max-snippet":"max-snippet:-1","max-image-preview":"max-image-preview:large","max-video-preview":"max-video-preview:-1"},"canonical":"https:\/\/soledaddurazo.com\/blog\/2025\/02\/24\/beltrones-presentara-iniciativa-de-ley-a-nombre-de-los-colectivos-de-busqueda-sonora\/","og_locale":"es_MX","og_type":"article","og_title":"Beltrones presentar\u00e1 iniciativa de Ley a nombre de los Colectivos de B\u00fasqueda Sonora","og_description":"El Senador Manlio Fabio Beltrones presentar\u00e1 a nombre de los Colectivos de B\u00fasqueda del estado de Sonora, una iniciativa de Ley donde propondr\u00e1 integrarlas como auxiliares oficiales de la Comisi\u00f3n Nacional de B\u00fasqueda de Personas Desaparecidas y puedan acceder con todas las garant\u00edas y medidas de protecci\u00f3n y seguridad social. \u201cEl respaldo de los colectivos [&hellip;]","og_url":"https:\/\/soledaddurazo.com\/blog\/2025\/02\/24\/beltrones-presentara-iniciativa-de-ley-a-nombre-de-los-colectivos-de-busqueda-sonora\/","og_site_name":"Periodista SoledadDurazo.com","article_publisher":"https:\/\/www.facebook.com\/soledad.durazo.9\/","article_published_time":"2025-02-24T07:58:47+00:00","article_modified_time":"2025-02-24T08:00:11+00:00","og_image":[{"width":2560,"height":1455,"url":"https:\/\/soledaddurazo.com\/storage\/2025\/02\/54-scaled.jpeg","type":"image\/jpeg"}],"twitter_card":"summary_large_image","twitter_creator":"@SoledadDurazo","twitter_site":"@SoledadDurazo","twitter_misc":{"Escrito por":"Redacci\u00f3n","Tiempo de lectura":"3 minutos"},"schema":{"@context":"https:\/\/schema.org","@graph":[{"@type":"Organization","@id":"https:\/\/soledaddurazo.com\/#organization","name":"Soledad Durazo","url":"https:\/\/soledaddurazo.com\/","sameAs":["https:\/\/www.facebook.com\/soledad.durazo.9\/","https:\/\/www.instagram.com\/soledaddurazo","https:\/\/www.youtube.com\/channel\/UC9yGPw8-Vbl_B2XNkRwPS-w","https:\/\/twitter.com\/SoledadDurazo"],"logo":{"@type":"ImageObject","@id":"https:\/\/soledaddurazo.com\/#logo","inLanguage":"es","url":"https:\/\/soledaddurazo.com\/storage\/2021\/11\/nllp-720x375-1-2.png","contentUrl":"https:\/\/soledaddurazo.com\/storage\/2021\/11\/nllp-720x375-1-2.png","width":720,"height":375,"caption":"Soledad Durazo"},"image":{"@id":"https:\/\/soledaddurazo.com\/#logo"}},{"@type":"WebSite","@id":"https:\/\/soledaddurazo.com\/#website","url":"https:\/\/soledaddurazo.com\/","name":"Periodista SoledadDurazo.com","description":"Periodista sonorense. Directora de www.SoledadDurazo.com Columnista, conductora de radio y Tv. Catedr\u00e1tica en la UNISON","publisher":{"@id":"https:\/\/soledaddurazo.com\/#organization"},"potentialAction":[{"@type":"SearchAction","target":{"@type":"EntryPoint","urlTemplate":"https:\/\/soledaddurazo.com\/?s={search_term_string}"},"query-input":"required name=search_term_string"}],"inLanguage":"es"},{"@type":"ImageObject","@id":"https:\/\/soledaddurazo.com\/blog\/2025\/02\/24\/beltrones-presentara-iniciativa-de-ley-a-nombre-de-los-colectivos-de-busqueda-sonora\/#primaryimage","inLanguage":"es","url":"https:\/\/soledaddurazo.com\/storage\/2025\/02\/54-scaled.jpeg","contentUrl":"https:\/\/soledaddurazo.com\/storage\/2025\/02\/54-scaled.jpeg","width":2560,"height":1455},{"@type":"WebPage","@id":"https:\/\/soledaddurazo.com\/blog\/2025\/02\/24\/beltrones-presentara-iniciativa-de-ley-a-nombre-de-los-colectivos-de-busqueda-sonora\/#webpage","url":"https:\/\/soledaddurazo.com\/blog\/2025\/02\/24\/beltrones-presentara-iniciativa-de-ley-a-nombre-de-los-colectivos-de-busqueda-sonora\/","name":"Beltrones presentar\u00e1 iniciativa de Ley a nombre de los Colectivos de B\u00fasqueda Sonora - Periodista SoledadDurazo.com","isPartOf":{"@id":"https:\/\/soledaddurazo.com\/#website"},"primaryImageOfPage":{"@id":"https:\/\/soledaddurazo.com\/blog\/2025\/02\/24\/beltrones-presentara-iniciativa-de-ley-a-nombre-de-los-colectivos-de-busqueda-sonora\/#primaryimage"},"datePublished":"2025-02-24T07:58:47+00:00","dateModified":"2025-02-24T08:00:11+00:00","breadcrumb":{"@id":"https:\/\/soledaddurazo.com\/blog\/2025\/02\/24\/beltrones-presentara-iniciativa-de-ley-a-nombre-de-los-colectivos-de-busqueda-sonora\/#breadcrumb"},"inLanguage":"es","potentialAction":[{"@type":"ReadAction","target":["https:\/\/soledaddurazo.com\/blog\/2025\/02\/24\/beltrones-presentara-iniciativa-de-ley-a-nombre-de-los-colectivos-de-busqueda-sonora\/"]}]},{"@type":"BreadcrumbList","@id":"https:\/\/soledaddurazo.com\/blog\/2025\/02\/24\/beltrones-presentara-iniciativa-de-ley-a-nombre-de-los-colectivos-de-busqueda-sonora\/#breadcrumb","itemListElement":[{"@type":"ListItem","position":1,"name":"Home","item":"https:\/\/soledaddurazo.com\/"},{"@type":"ListItem","position":2,"name":"Beltrones presentar\u00e1 iniciativa de Ley a nombre de los Colectivos de B\u00fasqueda Sonora"}]},{"@type":"Article","@id":"https:\/\/soledaddurazo.com\/blog\/2025\/02\/24\/beltrones-presentara-iniciativa-de-ley-a-nombre-de-los-colectivos-de-busqueda-sonora\/#article","isPartOf":{"@id":"https:\/\/soledaddurazo.com\/blog\/2025\/02\/24\/beltrones-presentara-iniciativa-de-ley-a-nombre-de-los-colectivos-de-busqueda-sonora\/#webpage"},"author":{"@id":"https:\/\/soledaddurazo.com\/#\/schema\/person\/822d8e13aa288585e6546f179853758b"},"headline":"Beltrones presentar\u00e1 iniciativa de Ley a nombre de los Colectivos de B\u00fasqueda Sonora","datePublished":"2025-02-24T07:58:47+00:00","dateModified":"2025-02-24T08:00:11+00:00","mainEntityOfPage":{"@id":"https:\/\/soledaddurazo.com\/blog\/2025\/02\/24\/beltrones-presentara-iniciativa-de-ley-a-nombre-de-los-colectivos-de-busqueda-sonora\/#webpage"},"wordCount":674,"commentCount":0,"publisher":{"@id":"https:\/\/soledaddurazo.com\/#organization"},"image":{"@id":"https:\/\/soledaddurazo.com\/blog\/2025\/02\/24\/beltrones-presentara-iniciativa-de-ley-a-nombre-de-los-colectivos-de-busqueda-sonora\/#primaryimage"},"thumbnailUrl":"https:\/\/soledaddurazo.com\/storage\/2025\/02\/54-scaled.jpeg","articleSection":["Mi Sonora"],"inLanguage":"es","potentialAction":[{"@type":"CommentAction","name":"Comment","target":["https:\/\/soledaddurazo.com\/blog\/2025\/02\/24\/beltrones-presentara-iniciativa-de-ley-a-nombre-de-los-colectivos-de-busqueda-sonora\/#respond"]}]},{"@type":"Person","@id":"https:\/\/soledaddurazo.com\/#\/schema\/person\/822d8e13aa288585e6546f179853758b","name":"Redacci\u00f3n","image":{"@type":"ImageObject","@id":"https:\/\/soledaddurazo.com\/#personlogo","inLanguage":"es","url":"https:\/\/secure.gravatar.com\/avatar\/c4e193752f756fd61f04deebed3a3a20dc188d37edb53682d313ac57f2725d54?s=96&d=mm&r=g","contentUrl":"https:\/\/secure.gravatar.com\/avatar\/c4e193752f756fd61f04deebed3a3a20dc188d37edb53682d313ac57f2725d54?s=96&d=mm&r=g","caption":"Redacci\u00f3n"},"sameAs":["https:\/\/soledaddurazo.com"]}]}},"_links":{"self":[{"href":"https:\/\/soledaddurazo.com\/api\/wp\/v2\/posts\/22075","targetHints":{"allow":["GET"]}}],"collection":[{"href":"https:\/\/soledaddurazo.com\/api\/wp\/v2\/posts"}],"about":[{"href":"https:\/\/soledaddurazo.com\/api\/wp\/v2\/types\/post"}],"author":[{"embeddable":true,"href":"https:\/\/soledaddurazo.com\/api\/wp\/v2\/users\/1"}],"replies":[{"embeddable":true,"href":"https:\/\/soledaddurazo.com\/api\/wp\/v2\/comments?post=22075"}],"version-history":[{"count":1,"href":"https:\/\/soledaddurazo.com\/api\/wp\/v2\/posts\/22075\/revisions"}],"predecessor-version":[{"id":22078,"href":"https:\/\/soledaddurazo.com\/api\/wp\/v2\/posts\/22075\/revisions\/22078"}],"wp:featuredmedia":[{"embeddable":true,"href":"https:\/\/soledaddurazo.com\/api\/wp\/v2\/media\/22076"}],"wp:attachment":[{"href":"https:\/\/soledaddurazo.com\/api\/wp\/v2\/media?parent=22075"}],"wp:term":[{"taxonomy":"category","embeddable":true,"href":"https:\/\/soledaddurazo.com\/api\/wp\/v2\/categories?post=22075"},{"taxonomy":"post_tag","embeddable":true,"href":"https:\/\/soledaddurazo.com\/api\/wp\/v2\/tags?post=22075"}],"curies":[{"name":"wp","href":"https:\/\/api.w.org\/{rel}","templated":true}]}}