{"id":22070,"date":"2025-02-21T22:46:14","date_gmt":"2025-02-22T05:46:14","guid":{"rendered":"https:\/\/soledaddurazo.com\/?p=22070"},"modified":"2025-02-22T22:47:27","modified_gmt":"2025-02-23T05:47:27","slug":"ciclistas-sonorenses-debutaran-en-el-serial-sonora-2025","status":"publish","type":"post","link":"https:\/\/soledaddurazo.com\/blog\/2025\/02\/21\/ciclistas-sonorenses-debutaran-en-el-serial-sonora-2025\/","title":{"rendered":"Ciclistas sonorenses debutar\u00e1n en el Serial Sonora 2025"},"content":{"rendered":"<p>Este domingo, los integrantes de la Escuela de Ciclismo de Grupo M\u00e9xico-AR Monex har\u00e1n su debut competitivo en la primera etapa del Serial Sonora 2025, que se celebrar\u00e1 en la pista La Jolla, en Hermosillo, Sonora.<\/p>\n<p>El equipo de Grupo M\u00e9xico est\u00e1 integrado por 12 ciclistas de las comunidades mineras de Esqueda, Cananea y Nacozari, quienes competir\u00e1n en diferentes categor\u00edas con el objetivo de demostrar su crecimiento y aprendizaje dentro de este proyecto de formaci\u00f3n.<\/p>\n<p><a href=\"https:\/\/soledaddurazo.com\/storage\/2025\/02\/53.jpeg\"><img loading=\"lazy\" decoding=\"async\" class=\"aligncenter size-full wp-image-22072\" src=\"https:\/\/soledaddurazo.com\/storage\/2025\/02\/53.jpeg\" alt=\"\" width=\"1280\" height=\"852\" srcset=\"https:\/\/soledaddurazo.com\/storage\/2025\/02\/53.jpeg 1280w, https:\/\/soledaddurazo.com\/storage\/2025\/02\/53-300x200.jpeg 300w, https:\/\/soledaddurazo.com\/storage\/2025\/02\/53-1024x682.jpeg 1024w, https:\/\/soledaddurazo.com\/storage\/2025\/02\/53-768x511.jpeg 768w, https:\/\/soledaddurazo.com\/storage\/2025\/02\/53-600x399.jpeg 600w, https:\/\/soledaddurazo.com\/storage\/2025\/02\/53-750x499.jpeg 750w, https:\/\/soledaddurazo.com\/storage\/2025\/02\/53-1140x759.jpeg 1140w\" sizes=\"auto, (max-width: 1280px) 100vw, 1280px\" \/><\/a><\/p>\n<p>El Serial Sonora 2025 es un circuito de competencias de ciclismo de monta\u00f1a que recorrer\u00e1 distintas ciudades del estado. Luego de la fecha inaugural en Hermosillo, el serial continuar\u00e1 en Guaymas, Ciudad Obreg\u00f3n y Cananea, concluyendo con una \u00faltima etapa en Nogales.<\/p>\n<p>El proyecto de la Escuela de Ciclismo Grupo M\u00e9xico-AR Monex inici\u00f3 a mediados de 2024, como parte de un esfuerzo conjunto para fortalecer el talento juvenil en el ciclismo de monta\u00f1a.<\/p>\n<p>La iniciativa se desarrolla en Cananea, Esqueda y Nacozari, en Sonora, y Santa B\u00e1rbara, Chihuahua, con la visi\u00f3n de detectar y preparar a j\u00f3venes promesas para que formen parte del semillero de AR Program Cycling Teams, un equipo profesional que impulsa el desarrollo de ciclistas mexicanos con proyecci\u00f3n internacional.<\/p>\n<p>El evento iniciar\u00e1 a partir de las 8:00 a.m. con las categor\u00edas de principiantes y juveniles, mientras que las competencias de nivel avanzado se disputar\u00e1n a partir de las 9:45 a.m.<\/p>\n<p>Esta competencia representa un paso importante en la formaci\u00f3n de los ciclistas, quienes enfrentar\u00e1n a atletas de toda la regi\u00f3n en un evento que re\u00fane a las mejores promesas del ciclismo de monta\u00f1a en Sonora.<\/p>\n<p>EQUIPO DE GRUPO M\u00c9XICO EN EL SERIAL SONORA 2025<\/p>\n<p>ESQUEDA:<br \/>\n\u2022 Adri\u00e1n Gabriel Ortega Torrecillas (14 a\u00f1os, Juvenil<br \/>\n\u2022 Jes\u00fas Adolfo S\u00e1nchez Somoza (13 a\u00f1os, Juvenil A)<br \/>\n\u2022 Diana Mar\u00eda Caciano Guti\u00e9rrez (13 a\u00f1os, Juvenil A)<br \/>\n\u2022 Gabriel Eduardo Caciano Guti\u00e9rrez (14 a\u00f1os, Juvenil)<br \/>\n\u2022 Alan Josu\u00e9 S\u00e1nchez Somoza (11 a\u00f1os, Principiantes)<\/p>\n<p>NACOZARI:<br \/>\n\u2022 Kevin Alexis Hern\u00e1ndez Ruis (15 a\u00f1os, Juvenil)<\/p>\n<p>CANANEA:<br \/>\n\u2022 Luis Fernando Qui\u00f1ones (12 a\u00f1os, Juvenil A)<br \/>\n\u2022 Adri\u00e1n Jim\u00e9nez Mendivil (14 a\u00f1os, Juvenil)<br \/>\n\u2022 Emilio Arvizu Ram\u00edrez (14 a\u00f1os, Juvenil)<br \/>\n\u2022 Jorge Luis Espinosa Mora (16 a\u00f1os, Juvenil C)<br \/>\n\u2022 Carolina Torres C\u00f3rdoba (10 a\u00f1os, Principiante femenil)<br \/>\n\u2022 Dylan Gerardo L\u00f3pez (11 a\u00f1os, Principiante varonil)<\/p>\n","protected":false},"excerpt":{"rendered":"<p>Este domingo, los integrantes de la Escuela de Ciclismo de Grupo M\u00e9xico-AR Monex har\u00e1n su debut competitivo en la primera etapa del Serial Sonora 2025, que se celebrar\u00e1 en la pista La Jolla, en Hermosillo, Sonora. El equipo de Grupo M\u00e9xico est\u00e1 integrado por 12 ciclistas de las comunidades mineras de Esqueda, Cananea y Nacozari, [&hellip;]<\/p>\n","protected":false},"author":1,"featured_media":22071,"comment_status":"open","ping_status":"open","sticky":false,"template":"","format":"standard","meta":{"footnotes":""},"categories":[160],"tags":[],"class_list":["post"],"yoast_head":" \n<title>Ciclistas sonorenses debutar\u00e1n en el Serial Sonora 2025 - Periodista SoledadDurazo.com<\/title>\n<meta name=\"robots\" content=\"index, follow, max-snippet:-1, max-image-preview:large, max-video-preview:-1\" \/>\n<link rel=\"canonical\" href=\"https:\/\/soledaddurazo.com\/blog\/2025\/02\/21\/ciclistas-sonorenses-debutaran-en-el-serial-sonora-2025\/\" \/>\n<meta property=\"og:locale\" content=\"es_MX\" \/>\n<meta property=\"og:type\" content=\"article\" \/>\n<meta property=\"og:title\" content=\"Ciclistas sonorenses debutar\u00e1n en el Serial Sonora 2025\" \/>\n<meta property=\"og:description\" content=\"Este domingo, los integrantes de la Escuela de Ciclismo de Grupo M\u00e9xico-AR Monex har\u00e1n su debut competitivo en la primera etapa del Serial Sonora 2025, que se celebrar\u00e1 en la pista La Jolla, en Hermosillo, Sonora. El equipo de Grupo M\u00e9xico est\u00e1 integrado por 12 ciclistas de las comunidades mineras de Esqueda, Cananea y Nacozari, [&hellip;]\" \/>\n<meta property=\"og:url\" content=\"https:\/\/soledaddurazo.com\/blog\/2025\/02\/21\/ciclistas-sonorenses-debutaran-en-el-serial-sonora-2025\/\" \/>\n<meta property=\"og:site_name\" content=\"Periodista SoledadDurazo.com\" \/>\n<meta property=\"article:publisher\" content=\"https:\/\/www.facebook.com\/soledad.durazo.9\/\" \/>\n<meta property=\"article:published_time\" content=\"2025-02-22T05:46:14+00:00\" \/>\n<meta property=\"article:modified_time\" content=\"2025-02-23T05:47:27+00:00\" \/>\n<meta property=\"og:image\" content=\"https:\/\/soledaddurazo.com\/storage\/2025\/02\/ca149403-72d7-4136-8e35-1631311000cd-scaled.jpeg\" \/>\n\t<meta property=\"og:image:width\" content=\"2560\" \/>\n\t<meta property=\"og:image:height\" content=\"1706\" \/>\n<meta name=\"twitter:card\" content=\"summary_large_image\" \/>\n<meta name=\"twitter:creator\" content=\"@SoledadDurazo\" \/>\n<meta name=\"twitter:site\" content=\"@SoledadDurazo\" \/>\n<meta name=\"twitter:label1\" content=\"Escrito por\" \/>\n\t<meta name=\"twitter:data1\" content=\"Redacci\u00f3n\" \/>\n\t<meta name=\"twitter:label2\" content=\"Tiempo de lectura\" \/>\n\t<meta name=\"twitter:data2\" content=\"2 minutos\" \/>\n<script type=\"application\/ld+json\" class=\"yoast-schema-graph\">{\"@context\":\"https:\/\/schema.org\",\"@graph\":[{\"@type\":\"Organization\",\"@id\":\"https:\/\/soledaddurazo.com\/#organization\",\"name\":\"Soledad Durazo\",\"url\":\"https:\/\/soledaddurazo.com\/\",\"sameAs\":[\"https:\/\/www.facebook.com\/soledad.durazo.9\/\",\"https:\/\/www.instagram.com\/soledaddurazo\",\"https:\/\/www.youtube.com\/channel\/UC9yGPw8-Vbl_B2XNkRwPS-w\",\"https:\/\/twitter.com\/SoledadDurazo\"],\"logo\":{\"@type\":\"ImageObject\",\"@id\":\"https:\/\/soledaddurazo.com\/#logo\",\"inLanguage\":\"es\",\"url\":\"https:\/\/soledaddurazo.com\/storage\/2021\/11\/nllp-720x375-1-2.png\",\"contentUrl\":\"https:\/\/soledaddurazo.com\/storage\/2021\/11\/nllp-720x375-1-2.png\",\"width\":720,\"height\":375,\"caption\":\"Soledad Durazo\"},\"image\":{\"@id\":\"https:\/\/soledaddurazo.com\/#logo\"}},{\"@type\":\"WebSite\",\"@id\":\"https:\/\/soledaddurazo.com\/#website\",\"url\":\"https:\/\/soledaddurazo.com\/\",\"name\":\"Periodista SoledadDurazo.com\",\"description\":\"Periodista sonorense. Directora de www.SoledadDurazo.com Columnista, conductora de radio y Tv. Catedr\\u00e1tica en la UNISON\",\"publisher\":{\"@id\":\"https:\/\/soledaddurazo.com\/#organization\"},\"potentialAction\":[{\"@type\":\"SearchAction\",\"target\":{\"@type\":\"EntryPoint\",\"urlTemplate\":\"https:\/\/soledaddurazo.com\/?s={search_term_string}\"},\"query-input\":\"required name=search_term_string\"}],\"inLanguage\":\"es\"},{\"@type\":\"ImageObject\",\"@id\":\"https:\/\/soledaddurazo.com\/blog\/2025\/02\/21\/ciclistas-sonorenses-debutaran-en-el-serial-sonora-2025\/#primaryimage\",\"inLanguage\":\"es\",\"url\":\"https:\/\/soledaddurazo.com\/storage\/2025\/02\/ca149403-72d7-4136-8e35-1631311000cd-scaled.jpeg\",\"contentUrl\":\"https:\/\/soledaddurazo.com\/storage\/2025\/02\/ca149403-72d7-4136-8e35-1631311000cd-scaled.jpeg\",\"width\":2560,\"height\":1706},{\"@type\":\"WebPage\",\"@id\":\"https:\/\/soledaddurazo.com\/blog\/2025\/02\/21\/ciclistas-sonorenses-debutaran-en-el-serial-sonora-2025\/#webpage\",\"url\":\"https:\/\/soledaddurazo.com\/blog\/2025\/02\/21\/ciclistas-sonorenses-debutaran-en-el-serial-sonora-2025\/\",\"name\":\"Ciclistas sonorenses debutar\\u00e1n en el Serial Sonora 2025 - Periodista SoledadDurazo.com\",\"isPartOf\":{\"@id\":\"https:\/\/soledaddurazo.com\/#website\"},\"primaryImageOfPage\":{\"@id\":\"https:\/\/soledaddurazo.com\/blog\/2025\/02\/21\/ciclistas-sonorenses-debutaran-en-el-serial-sonora-2025\/#primaryimage\"},\"datePublished\":\"2025-02-22T05:46:14+00:00\",\"dateModified\":\"2025-02-23T05:47:27+00:00\",\"breadcrumb\":{\"@id\":\"https:\/\/soledaddurazo.com\/blog\/2025\/02\/21\/ciclistas-sonorenses-debutaran-en-el-serial-sonora-2025\/#breadcrumb\"},\"inLanguage\":\"es\",\"potentialAction\":[{\"@type\":\"ReadAction\",\"target\":[\"https:\/\/soledaddurazo.com\/blog\/2025\/02\/21\/ciclistas-sonorenses-debutaran-en-el-serial-sonora-2025\/\"]}]},{\"@type\":\"BreadcrumbList\",\"@id\":\"https:\/\/soledaddurazo.com\/blog\/2025\/02\/21\/ciclistas-sonorenses-debutaran-en-el-serial-sonora-2025\/#breadcrumb\",\"itemListElement\":[{\"@type\":\"ListItem\",\"position\":1,\"name\":\"Home\",\"item\":\"https:\/\/soledaddurazo.com\/\"},{\"@type\":\"ListItem\",\"position\":2,\"name\":\"Ciclistas sonorenses debutar\\u00e1n en el Serial Sonora 2025\"}]},{\"@type\":\"Article\",\"@id\":\"https:\/\/soledaddurazo.com\/blog\/2025\/02\/21\/ciclistas-sonorenses-debutaran-en-el-serial-sonora-2025\/#article\",\"isPartOf\":{\"@id\":\"https:\/\/soledaddurazo.com\/blog\/2025\/02\/21\/ciclistas-sonorenses-debutaran-en-el-serial-sonora-2025\/#webpage\"},\"author\":{\"@id\":\"https:\/\/soledaddurazo.com\/#\/schema\/person\/822d8e13aa288585e6546f179853758b\"},\"headline\":\"Ciclistas sonorenses debutar\\u00e1n en el Serial Sonora 2025\",\"datePublished\":\"2025-02-22T05:46:14+00:00\",\"dateModified\":\"2025-02-23T05:47:27+00:00\",\"mainEntityOfPage\":{\"@id\":\"https:\/\/soledaddurazo.com\/blog\/2025\/02\/21\/ciclistas-sonorenses-debutaran-en-el-serial-sonora-2025\/#webpage\"},\"wordCount\":399,\"commentCount\":0,\"publisher\":{\"@id\":\"https:\/\/soledaddurazo.com\/#organization\"},\"image\":{\"@id\":\"https:\/\/soledaddurazo.com\/blog\/2025\/02\/21\/ciclistas-sonorenses-debutaran-en-el-serial-sonora-2025\/#primaryimage\"},\"thumbnailUrl\":\"https:\/\/soledaddurazo.com\/storage\/2025\/02\/ca149403-72d7-4136-8e35-1631311000cd-scaled.jpeg\",\"articleSection\":[\"Mas noticias\"],\"inLanguage\":\"es\",\"potentialAction\":[{\"@type\":\"CommentAction\",\"name\":\"Comment\",\"target\":[\"https:\/\/soledaddurazo.com\/blog\/2025\/02\/21\/ciclistas-sonorenses-debutaran-en-el-serial-sonora-2025\/#respond\"]}]},{\"@type\":\"Person\",\"@id\":\"https:\/\/soledaddurazo.com\/#\/schema\/person\/822d8e13aa288585e6546f179853758b\",\"name\":\"Redacci\\u00f3n\",\"image\":{\"@type\":\"ImageObject\",\"@id\":\"https:\/\/soledaddurazo.com\/#personlogo\",\"inLanguage\":\"es\",\"url\":\"https:\/\/secure.gravatar.com\/avatar\/c4e193752f756fd61f04deebed3a3a20dc188d37edb53682d313ac57f2725d54?s=96&d=mm&r=g\",\"contentUrl\":\"https:\/\/secure.gravatar.com\/avatar\/c4e193752f756fd61f04deebed3a3a20dc188d37edb53682d313ac57f2725d54?s=96&d=mm&r=g\",\"caption\":\"Redacci\\u00f3n\"},\"sameAs\":[\"https:\/\/soledaddurazo.com\"]}]}<\/script>\n ","yoast_head_json":{"title":"Ciclistas sonorenses debutar\u00e1n en el Serial Sonora 2025 - Periodista SoledadDurazo.com","robots":{"index":"index","follow":"follow","max-snippet":"max-snippet:-1","max-image-preview":"max-image-preview:large","max-video-preview":"max-video-preview:-1"},"canonical":"https:\/\/soledaddurazo.com\/blog\/2025\/02\/21\/ciclistas-sonorenses-debutaran-en-el-serial-sonora-2025\/","og_locale":"es_MX","og_type":"article","og_title":"Ciclistas sonorenses debutar\u00e1n en el Serial Sonora 2025","og_description":"Este domingo, los integrantes de la Escuela de Ciclismo de Grupo M\u00e9xico-AR Monex har\u00e1n su debut competitivo en la primera etapa del Serial Sonora 2025, que se celebrar\u00e1 en la pista La Jolla, en Hermosillo, Sonora. El equipo de Grupo M\u00e9xico est\u00e1 integrado por 12 ciclistas de las comunidades mineras de Esqueda, Cananea y Nacozari, [&hellip;]","og_url":"https:\/\/soledaddurazo.com\/blog\/2025\/02\/21\/ciclistas-sonorenses-debutaran-en-el-serial-sonora-2025\/","og_site_name":"Periodista SoledadDurazo.com","article_publisher":"https:\/\/www.facebook.com\/soledad.durazo.9\/","article_published_time":"2025-02-22T05:46:14+00:00","article_modified_time":"2025-02-23T05:47:27+00:00","og_image":[{"width":2560,"height":1706,"url":"https:\/\/soledaddurazo.com\/storage\/2025\/02\/ca149403-72d7-4136-8e35-1631311000cd-scaled.jpeg","type":"image\/jpeg"}],"twitter_card":"summary_large_image","twitter_creator":"@SoledadDurazo","twitter_site":"@SoledadDurazo","twitter_misc":{"Escrito por":"Redacci\u00f3n","Tiempo de lectura":"2 minutos"},"schema":{"@context":"https:\/\/schema.org","@graph":[{"@type":"Organization","@id":"https:\/\/soledaddurazo.com\/#organization","name":"Soledad Durazo","url":"https:\/\/soledaddurazo.com\/","sameAs":["https:\/\/www.facebook.com\/soledad.durazo.9\/","https:\/\/www.instagram.com\/soledaddurazo","https:\/\/www.youtube.com\/channel\/UC9yGPw8-Vbl_B2XNkRwPS-w","https:\/\/twitter.com\/SoledadDurazo"],"logo":{"@type":"ImageObject","@id":"https:\/\/soledaddurazo.com\/#logo","inLanguage":"es","url":"https:\/\/soledaddurazo.com\/storage\/2021\/11\/nllp-720x375-1-2.png","contentUrl":"https:\/\/soledaddurazo.com\/storage\/2021\/11\/nllp-720x375-1-2.png","width":720,"height":375,"caption":"Soledad Durazo"},"image":{"@id":"https:\/\/soledaddurazo.com\/#logo"}},{"@type":"WebSite","@id":"https:\/\/soledaddurazo.com\/#website","url":"https:\/\/soledaddurazo.com\/","name":"Periodista SoledadDurazo.com","description":"Periodista sonorense. Directora de www.SoledadDurazo.com Columnista, conductora de radio y Tv. Catedr\u00e1tica en la UNISON","publisher":{"@id":"https:\/\/soledaddurazo.com\/#organization"},"potentialAction":[{"@type":"SearchAction","target":{"@type":"EntryPoint","urlTemplate":"https:\/\/soledaddurazo.com\/?s={search_term_string}"},"query-input":"required name=search_term_string"}],"inLanguage":"es"},{"@type":"ImageObject","@id":"https:\/\/soledaddurazo.com\/blog\/2025\/02\/21\/ciclistas-sonorenses-debutaran-en-el-serial-sonora-2025\/#primaryimage","inLanguage":"es","url":"https:\/\/soledaddurazo.com\/storage\/2025\/02\/ca149403-72d7-4136-8e35-1631311000cd-scaled.jpeg","contentUrl":"https:\/\/soledaddurazo.com\/storage\/2025\/02\/ca149403-72d7-4136-8e35-1631311000cd-scaled.jpeg","width":2560,"height":1706},{"@type":"WebPage","@id":"https:\/\/soledaddurazo.com\/blog\/2025\/02\/21\/ciclistas-sonorenses-debutaran-en-el-serial-sonora-2025\/#webpage","url":"https:\/\/soledaddurazo.com\/blog\/2025\/02\/21\/ciclistas-sonorenses-debutaran-en-el-serial-sonora-2025\/","name":"Ciclistas sonorenses debutar\u00e1n en el Serial Sonora 2025 - Periodista SoledadDurazo.com","isPartOf":{"@id":"https:\/\/soledaddurazo.com\/#website"},"primaryImageOfPage":{"@id":"https:\/\/soledaddurazo.com\/blog\/2025\/02\/21\/ciclistas-sonorenses-debutaran-en-el-serial-sonora-2025\/#primaryimage"},"datePublished":"2025-02-22T05:46:14+00:00","dateModified":"2025-02-23T05:47:27+00:00","breadcrumb":{"@id":"https:\/\/soledaddurazo.com\/blog\/2025\/02\/21\/ciclistas-sonorenses-debutaran-en-el-serial-sonora-2025\/#breadcrumb"},"inLanguage":"es","potentialAction":[{"@type":"ReadAction","target":["https:\/\/soledaddurazo.com\/blog\/2025\/02\/21\/ciclistas-sonorenses-debutaran-en-el-serial-sonora-2025\/"]}]},{"@type":"BreadcrumbList","@id":"https:\/\/soledaddurazo.com\/blog\/2025\/02\/21\/ciclistas-sonorenses-debutaran-en-el-serial-sonora-2025\/#breadcrumb","itemListElement":[{"@type":"ListItem","position":1,"name":"Home","item":"https:\/\/soledaddurazo.com\/"},{"@type":"ListItem","position":2,"name":"Ciclistas sonorenses debutar\u00e1n en el Serial Sonora 2025"}]},{"@type":"Article","@id":"https:\/\/soledaddurazo.com\/blog\/2025\/02\/21\/ciclistas-sonorenses-debutaran-en-el-serial-sonora-2025\/#article","isPartOf":{"@id":"https:\/\/soledaddurazo.com\/blog\/2025\/02\/21\/ciclistas-sonorenses-debutaran-en-el-serial-sonora-2025\/#webpage"},"author":{"@id":"https:\/\/soledaddurazo.com\/#\/schema\/person\/822d8e13aa288585e6546f179853758b"},"headline":"Ciclistas sonorenses debutar\u00e1n en el Serial Sonora 2025","datePublished":"2025-02-22T05:46:14+00:00","dateModified":"2025-02-23T05:47:27+00:00","mainEntityOfPage":{"@id":"https:\/\/soledaddurazo.com\/blog\/2025\/02\/21\/ciclistas-sonorenses-debutaran-en-el-serial-sonora-2025\/#webpage"},"wordCount":399,"commentCount":0,"publisher":{"@id":"https:\/\/soledaddurazo.com\/#organization"},"image":{"@id":"https:\/\/soledaddurazo.com\/blog\/2025\/02\/21\/ciclistas-sonorenses-debutaran-en-el-serial-sonora-2025\/#primaryimage"},"thumbnailUrl":"https:\/\/soledaddurazo.com\/storage\/2025\/02\/ca149403-72d7-4136-8e35-1631311000cd-scaled.jpeg","articleSection":["Mas noticias"],"inLanguage":"es","potentialAction":[{"@type":"CommentAction","name":"Comment","target":["https:\/\/soledaddurazo.com\/blog\/2025\/02\/21\/ciclistas-sonorenses-debutaran-en-el-serial-sonora-2025\/#respond"]}]},{"@type":"Person","@id":"https:\/\/soledaddurazo.com\/#\/schema\/person\/822d8e13aa288585e6546f179853758b","name":"Redacci\u00f3n","image":{"@type":"ImageObject","@id":"https:\/\/soledaddurazo.com\/#personlogo","inLanguage":"es","url":"https:\/\/secure.gravatar.com\/avatar\/c4e193752f756fd61f04deebed3a3a20dc188d37edb53682d313ac57f2725d54?s=96&d=mm&r=g","contentUrl":"https:\/\/secure.gravatar.com\/avatar\/c4e193752f756fd61f04deebed3a3a20dc188d37edb53682d313ac57f2725d54?s=96&d=mm&r=g","caption":"Redacci\u00f3n"},"sameAs":["https:\/\/soledaddurazo.com"]}]}},"_links":{"self":[{"href":"https:\/\/soledaddurazo.com\/api\/wp\/v2\/posts\/22070","targetHints":{"allow":["GET"]}}],"collection":[{"href":"https:\/\/soledaddurazo.com\/api\/wp\/v2\/posts"}],"about":[{"href":"https:\/\/soledaddurazo.com\/api\/wp\/v2\/types\/post"}],"author":[{"embeddable":true,"href":"https:\/\/soledaddurazo.com\/api\/wp\/v2\/users\/1"}],"replies":[{"embeddable":true,"href":"https:\/\/soledaddurazo.com\/api\/wp\/v2\/comments?post=22070"}],"version-history":[{"count":1,"href":"https:\/\/soledaddurazo.com\/api\/wp\/v2\/posts\/22070\/revisions"}],"predecessor-version":[{"id":22073,"href":"https:\/\/soledaddurazo.com\/api\/wp\/v2\/posts\/22070\/revisions\/22073"}],"wp:featuredmedia":[{"embeddable":true,"href":"https:\/\/soledaddurazo.com\/api\/wp\/v2\/media\/22071"}],"wp:attachment":[{"href":"https:\/\/soledaddurazo.com\/api\/wp\/v2\/media?parent=22070"}],"wp:term":[{"taxonomy":"category","embeddable":true,"href":"https:\/\/soledaddurazo.com\/api\/wp\/v2\/categories?post=22070"},{"taxonomy":"post_tag","embeddable":true,"href":"https:\/\/soledaddurazo.com\/api\/wp\/v2\/tags?post=22070"}],"curies":[{"name":"wp","href":"https:\/\/api.w.org\/{rel}","templated":true}]}}