{"id":21770,"date":"2025-01-14T00:14:12","date_gmt":"2025-01-14T07:14:12","guid":{"rendered":"https:\/\/soledaddurazo.com\/?p=21770"},"modified":"2025-01-14T00:14:12","modified_gmt":"2025-01-14T07:14:12","slug":"el-congreso-de-sonora-convoca-a-sesion-extraordinaria-el-miercoles-15-de-enero","status":"publish","type":"post","link":"https:\/\/soledaddurazo.com\/blog\/2025\/01\/14\/el-congreso-de-sonora-convoca-a-sesion-extraordinaria-el-miercoles-15-de-enero\/","title":{"rendered":"El Congreso de Sonora convoca a sesi\u00f3n extraordinaria el mi\u00e9rcoles 15 de enero"},"content":{"rendered":"<p>Con el objetivo de atender la discusi\u00f3n y posible aprobaci\u00f3n de la reforma en materia electoral, el Congreso de Sonora celebrar\u00e1 una sesi\u00f3n extraordinaria el pr\u00f3ximo mi\u00e9rcoles 15 de enero a las 11:00 horas.<\/p>\n<p>Durante la sesi\u00f3n, el diputado Omar Francisco Del Valle Colosio (PVEM), presidente de la Mesa Directiva de la Diputaci\u00f3n Permanente, dio tr\u00e1mite a la correspondencia, misma que fue turnada a las comisiones correspondientes seg\u00fan su tem\u00e1tica. Asimismo, se aprobaron las actas de las sesiones celebradas el 23 de diciembre de 2024 y el 10 de enero de 2025.<\/p>\n<p>Por su parte, la diputada Ros\u00e1ngela Amairany Pe\u00f1a Escalante (PES) present\u00f3 la iniciativa de la Diputaci\u00f3n Permanente para convocar a una sesi\u00f3n extraordinaria. En esta sesi\u00f3n se incluir\u00e1 el dictamen de la Comisi\u00f3n de Gobernaci\u00f3n y Puntos Constitucionales, relativo a la reforma de la Ley de Instituciones y Procedimientos Electorales del Estado de Sonora, en materia de elecci\u00f3n de personas juzgadoras.<\/p>\n<p>En su oportunidad, se publicar\u00e1 en la Gaceta Parlamentaria el aviso correspondiente para la celebraci\u00f3n de una pr\u00f3xima sesi\u00f3n ordinaria de la Diputaci\u00f3n Permanente.<\/p>\n","protected":false},"excerpt":{"rendered":"<p>Con el objetivo de atender la discusi\u00f3n y posible aprobaci\u00f3n de la reforma en materia electoral, el Congreso de Sonora celebrar\u00e1 una sesi\u00f3n extraordinaria el pr\u00f3ximo mi\u00e9rcoles 15 de enero a las 11:00 horas. Durante la sesi\u00f3n, el diputado Omar Francisco Del Valle Colosio (PVEM), presidente de la Mesa Directiva de la Diputaci\u00f3n Permanente, dio [&hellip;]<\/p>\n","protected":false},"author":1,"featured_media":21771,"comment_status":"open","ping_status":"open","sticky":false,"template":"","format":"standard","meta":{"footnotes":""},"categories":[159],"tags":[],"class_list":["post"],"yoast_head":" \n<title>El Congreso de Sonora convoca a sesi\u00f3n extraordinaria el mi\u00e9rcoles 15 de enero - Periodista SoledadDurazo.com<\/title>\n<meta name=\"robots\" content=\"index, follow, max-snippet:-1, max-image-preview:large, max-video-preview:-1\" \/>\n<link rel=\"canonical\" href=\"https:\/\/soledaddurazo.com\/blog\/2025\/01\/14\/el-congreso-de-sonora-convoca-a-sesion-extraordinaria-el-miercoles-15-de-enero\/\" \/>\n<meta property=\"og:locale\" content=\"es_MX\" \/>\n<meta property=\"og:type\" content=\"article\" \/>\n<meta property=\"og:title\" content=\"El Congreso de Sonora convoca a sesi\u00f3n extraordinaria el mi\u00e9rcoles 15 de enero\" \/>\n<meta property=\"og:description\" content=\"Con el objetivo de atender la discusi\u00f3n y posible aprobaci\u00f3n de la reforma en materia electoral, el Congreso de Sonora celebrar\u00e1 una sesi\u00f3n extraordinaria el pr\u00f3ximo mi\u00e9rcoles 15 de enero a las 11:00 horas. Durante la sesi\u00f3n, el diputado Omar Francisco Del Valle Colosio (PVEM), presidente de la Mesa Directiva de la Diputaci\u00f3n Permanente, dio [&hellip;]\" \/>\n<meta property=\"og:url\" content=\"https:\/\/soledaddurazo.com\/blog\/2025\/01\/14\/el-congreso-de-sonora-convoca-a-sesion-extraordinaria-el-miercoles-15-de-enero\/\" \/>\n<meta property=\"og:site_name\" content=\"Periodista SoledadDurazo.com\" \/>\n<meta property=\"article:publisher\" content=\"https:\/\/www.facebook.com\/soledad.durazo.9\/\" \/>\n<meta property=\"article:published_time\" content=\"2025-01-14T07:14:12+00:00\" \/>\n<meta property=\"og:image\" content=\"https:\/\/soledaddurazo.com\/storage\/2025\/01\/f922462f-4714-4678-883e-bcc9c7636a17.jpeg\" \/>\n\t<meta property=\"og:image:width\" content=\"1600\" \/>\n\t<meta property=\"og:image:height\" content=\"900\" \/>\n<meta name=\"twitter:card\" content=\"summary_large_image\" \/>\n<meta name=\"twitter:creator\" content=\"@SoledadDurazo\" \/>\n<meta name=\"twitter:site\" content=\"@SoledadDurazo\" \/>\n<meta name=\"twitter:label1\" content=\"Escrito por\" \/>\n\t<meta name=\"twitter:data1\" content=\"Redacci\u00f3n\" \/>\n\t<meta name=\"twitter:label2\" content=\"Tiempo de lectura\" \/>\n\t<meta name=\"twitter:data2\" content=\"1 minuto\" \/>\n<script type=\"application\/ld+json\" class=\"yoast-schema-graph\">{\"@context\":\"https:\/\/schema.org\",\"@graph\":[{\"@type\":\"Organization\",\"@id\":\"https:\/\/soledaddurazo.com\/#organization\",\"name\":\"Soledad Durazo\",\"url\":\"https:\/\/soledaddurazo.com\/\",\"sameAs\":[\"https:\/\/www.facebook.com\/soledad.durazo.9\/\",\"https:\/\/www.instagram.com\/soledaddurazo\",\"https:\/\/www.youtube.com\/channel\/UC9yGPw8-Vbl_B2XNkRwPS-w\",\"https:\/\/twitter.com\/SoledadDurazo\"],\"logo\":{\"@type\":\"ImageObject\",\"@id\":\"https:\/\/soledaddurazo.com\/#logo\",\"inLanguage\":\"es\",\"url\":\"https:\/\/soledaddurazo.com\/storage\/2021\/11\/nllp-720x375-1-2.png\",\"contentUrl\":\"https:\/\/soledaddurazo.com\/storage\/2021\/11\/nllp-720x375-1-2.png\",\"width\":720,\"height\":375,\"caption\":\"Soledad Durazo\"},\"image\":{\"@id\":\"https:\/\/soledaddurazo.com\/#logo\"}},{\"@type\":\"WebSite\",\"@id\":\"https:\/\/soledaddurazo.com\/#website\",\"url\":\"https:\/\/soledaddurazo.com\/\",\"name\":\"Periodista SoledadDurazo.com\",\"description\":\"Periodista sonorense. Directora de www.SoledadDurazo.com Columnista, conductora de radio y Tv. Catedr\\u00e1tica en la UNISON\",\"publisher\":{\"@id\":\"https:\/\/soledaddurazo.com\/#organization\"},\"potentialAction\":[{\"@type\":\"SearchAction\",\"target\":{\"@type\":\"EntryPoint\",\"urlTemplate\":\"https:\/\/soledaddurazo.com\/?s={search_term_string}\"},\"query-input\":\"required name=search_term_string\"}],\"inLanguage\":\"es\"},{\"@type\":\"ImageObject\",\"@id\":\"https:\/\/soledaddurazo.com\/blog\/2025\/01\/14\/el-congreso-de-sonora-convoca-a-sesion-extraordinaria-el-miercoles-15-de-enero\/#primaryimage\",\"inLanguage\":\"es\",\"url\":\"https:\/\/soledaddurazo.com\/storage\/2025\/01\/f922462f-4714-4678-883e-bcc9c7636a17.jpeg\",\"contentUrl\":\"https:\/\/soledaddurazo.com\/storage\/2025\/01\/f922462f-4714-4678-883e-bcc9c7636a17.jpeg\",\"width\":1600,\"height\":900},{\"@type\":\"WebPage\",\"@id\":\"https:\/\/soledaddurazo.com\/blog\/2025\/01\/14\/el-congreso-de-sonora-convoca-a-sesion-extraordinaria-el-miercoles-15-de-enero\/#webpage\",\"url\":\"https:\/\/soledaddurazo.com\/blog\/2025\/01\/14\/el-congreso-de-sonora-convoca-a-sesion-extraordinaria-el-miercoles-15-de-enero\/\",\"name\":\"El Congreso de Sonora convoca a sesi\\u00f3n extraordinaria el mi\\u00e9rcoles 15 de enero - Periodista SoledadDurazo.com\",\"isPartOf\":{\"@id\":\"https:\/\/soledaddurazo.com\/#website\"},\"primaryImageOfPage\":{\"@id\":\"https:\/\/soledaddurazo.com\/blog\/2025\/01\/14\/el-congreso-de-sonora-convoca-a-sesion-extraordinaria-el-miercoles-15-de-enero\/#primaryimage\"},\"datePublished\":\"2025-01-14T07:14:12+00:00\",\"dateModified\":\"2025-01-14T07:14:12+00:00\",\"breadcrumb\":{\"@id\":\"https:\/\/soledaddurazo.com\/blog\/2025\/01\/14\/el-congreso-de-sonora-convoca-a-sesion-extraordinaria-el-miercoles-15-de-enero\/#breadcrumb\"},\"inLanguage\":\"es\",\"potentialAction\":[{\"@type\":\"ReadAction\",\"target\":[\"https:\/\/soledaddurazo.com\/blog\/2025\/01\/14\/el-congreso-de-sonora-convoca-a-sesion-extraordinaria-el-miercoles-15-de-enero\/\"]}]},{\"@type\":\"BreadcrumbList\",\"@id\":\"https:\/\/soledaddurazo.com\/blog\/2025\/01\/14\/el-congreso-de-sonora-convoca-a-sesion-extraordinaria-el-miercoles-15-de-enero\/#breadcrumb\",\"itemListElement\":[{\"@type\":\"ListItem\",\"position\":1,\"name\":\"Home\",\"item\":\"https:\/\/soledaddurazo.com\/\"},{\"@type\":\"ListItem\",\"position\":2,\"name\":\"El Congreso de Sonora convoca a sesi\\u00f3n extraordinaria el mi\\u00e9rcoles 15 de enero\"}]},{\"@type\":\"Article\",\"@id\":\"https:\/\/soledaddurazo.com\/blog\/2025\/01\/14\/el-congreso-de-sonora-convoca-a-sesion-extraordinaria-el-miercoles-15-de-enero\/#article\",\"isPartOf\":{\"@id\":\"https:\/\/soledaddurazo.com\/blog\/2025\/01\/14\/el-congreso-de-sonora-convoca-a-sesion-extraordinaria-el-miercoles-15-de-enero\/#webpage\"},\"author\":{\"@id\":\"https:\/\/soledaddurazo.com\/#\/schema\/person\/822d8e13aa288585e6546f179853758b\"},\"headline\":\"El Congreso de Sonora convoca a sesi\\u00f3n extraordinaria el mi\\u00e9rcoles 15 de enero\",\"datePublished\":\"2025-01-14T07:14:12+00:00\",\"dateModified\":\"2025-01-14T07:14:12+00:00\",\"mainEntityOfPage\":{\"@id\":\"https:\/\/soledaddurazo.com\/blog\/2025\/01\/14\/el-congreso-de-sonora-convoca-a-sesion-extraordinaria-el-miercoles-15-de-enero\/#webpage\"},\"wordCount\":207,\"commentCount\":0,\"publisher\":{\"@id\":\"https:\/\/soledaddurazo.com\/#organization\"},\"image\":{\"@id\":\"https:\/\/soledaddurazo.com\/blog\/2025\/01\/14\/el-congreso-de-sonora-convoca-a-sesion-extraordinaria-el-miercoles-15-de-enero\/#primaryimage\"},\"thumbnailUrl\":\"https:\/\/soledaddurazo.com\/storage\/2025\/01\/f922462f-4714-4678-883e-bcc9c7636a17.jpeg\",\"articleSection\":[\"Mi Sonora\"],\"inLanguage\":\"es\",\"potentialAction\":[{\"@type\":\"CommentAction\",\"name\":\"Comment\",\"target\":[\"https:\/\/soledaddurazo.com\/blog\/2025\/01\/14\/el-congreso-de-sonora-convoca-a-sesion-extraordinaria-el-miercoles-15-de-enero\/#respond\"]}]},{\"@type\":\"Person\",\"@id\":\"https:\/\/soledaddurazo.com\/#\/schema\/person\/822d8e13aa288585e6546f179853758b\",\"name\":\"Redacci\\u00f3n\",\"image\":{\"@type\":\"ImageObject\",\"@id\":\"https:\/\/soledaddurazo.com\/#personlogo\",\"inLanguage\":\"es\",\"url\":\"https:\/\/secure.gravatar.com\/avatar\/c4e193752f756fd61f04deebed3a3a20dc188d37edb53682d313ac57f2725d54?s=96&d=mm&r=g\",\"contentUrl\":\"https:\/\/secure.gravatar.com\/avatar\/c4e193752f756fd61f04deebed3a3a20dc188d37edb53682d313ac57f2725d54?s=96&d=mm&r=g\",\"caption\":\"Redacci\\u00f3n\"},\"sameAs\":[\"https:\/\/soledaddurazo.com\"]}]}<\/script>\n ","yoast_head_json":{"title":"El Congreso de Sonora convoca a sesi\u00f3n extraordinaria el mi\u00e9rcoles 15 de enero - Periodista SoledadDurazo.com","robots":{"index":"index","follow":"follow","max-snippet":"max-snippet:-1","max-image-preview":"max-image-preview:large","max-video-preview":"max-video-preview:-1"},"canonical":"https:\/\/soledaddurazo.com\/blog\/2025\/01\/14\/el-congreso-de-sonora-convoca-a-sesion-extraordinaria-el-miercoles-15-de-enero\/","og_locale":"es_MX","og_type":"article","og_title":"El Congreso de Sonora convoca a sesi\u00f3n extraordinaria el mi\u00e9rcoles 15 de enero","og_description":"Con el objetivo de atender la discusi\u00f3n y posible aprobaci\u00f3n de la reforma en materia electoral, el Congreso de Sonora celebrar\u00e1 una sesi\u00f3n extraordinaria el pr\u00f3ximo mi\u00e9rcoles 15 de enero a las 11:00 horas. Durante la sesi\u00f3n, el diputado Omar Francisco Del Valle Colosio (PVEM), presidente de la Mesa Directiva de la Diputaci\u00f3n Permanente, dio [&hellip;]","og_url":"https:\/\/soledaddurazo.com\/blog\/2025\/01\/14\/el-congreso-de-sonora-convoca-a-sesion-extraordinaria-el-miercoles-15-de-enero\/","og_site_name":"Periodista SoledadDurazo.com","article_publisher":"https:\/\/www.facebook.com\/soledad.durazo.9\/","article_published_time":"2025-01-14T07:14:12+00:00","og_image":[{"width":1600,"height":900,"url":"https:\/\/soledaddurazo.com\/storage\/2025\/01\/f922462f-4714-4678-883e-bcc9c7636a17.jpeg","type":"image\/jpeg"}],"twitter_card":"summary_large_image","twitter_creator":"@SoledadDurazo","twitter_site":"@SoledadDurazo","twitter_misc":{"Escrito por":"Redacci\u00f3n","Tiempo de lectura":"1 minuto"},"schema":{"@context":"https:\/\/schema.org","@graph":[{"@type":"Organization","@id":"https:\/\/soledaddurazo.com\/#organization","name":"Soledad Durazo","url":"https:\/\/soledaddurazo.com\/","sameAs":["https:\/\/www.facebook.com\/soledad.durazo.9\/","https:\/\/www.instagram.com\/soledaddurazo","https:\/\/www.youtube.com\/channel\/UC9yGPw8-Vbl_B2XNkRwPS-w","https:\/\/twitter.com\/SoledadDurazo"],"logo":{"@type":"ImageObject","@id":"https:\/\/soledaddurazo.com\/#logo","inLanguage":"es","url":"https:\/\/soledaddurazo.com\/storage\/2021\/11\/nllp-720x375-1-2.png","contentUrl":"https:\/\/soledaddurazo.com\/storage\/2021\/11\/nllp-720x375-1-2.png","width":720,"height":375,"caption":"Soledad Durazo"},"image":{"@id":"https:\/\/soledaddurazo.com\/#logo"}},{"@type":"WebSite","@id":"https:\/\/soledaddurazo.com\/#website","url":"https:\/\/soledaddurazo.com\/","name":"Periodista SoledadDurazo.com","description":"Periodista sonorense. Directora de www.SoledadDurazo.com Columnista, conductora de radio y Tv. Catedr\u00e1tica en la UNISON","publisher":{"@id":"https:\/\/soledaddurazo.com\/#organization"},"potentialAction":[{"@type":"SearchAction","target":{"@type":"EntryPoint","urlTemplate":"https:\/\/soledaddurazo.com\/?s={search_term_string}"},"query-input":"required name=search_term_string"}],"inLanguage":"es"},{"@type":"ImageObject","@id":"https:\/\/soledaddurazo.com\/blog\/2025\/01\/14\/el-congreso-de-sonora-convoca-a-sesion-extraordinaria-el-miercoles-15-de-enero\/#primaryimage","inLanguage":"es","url":"https:\/\/soledaddurazo.com\/storage\/2025\/01\/f922462f-4714-4678-883e-bcc9c7636a17.jpeg","contentUrl":"https:\/\/soledaddurazo.com\/storage\/2025\/01\/f922462f-4714-4678-883e-bcc9c7636a17.jpeg","width":1600,"height":900},{"@type":"WebPage","@id":"https:\/\/soledaddurazo.com\/blog\/2025\/01\/14\/el-congreso-de-sonora-convoca-a-sesion-extraordinaria-el-miercoles-15-de-enero\/#webpage","url":"https:\/\/soledaddurazo.com\/blog\/2025\/01\/14\/el-congreso-de-sonora-convoca-a-sesion-extraordinaria-el-miercoles-15-de-enero\/","name":"El Congreso de Sonora convoca a sesi\u00f3n extraordinaria el mi\u00e9rcoles 15 de enero - Periodista SoledadDurazo.com","isPartOf":{"@id":"https:\/\/soledaddurazo.com\/#website"},"primaryImageOfPage":{"@id":"https:\/\/soledaddurazo.com\/blog\/2025\/01\/14\/el-congreso-de-sonora-convoca-a-sesion-extraordinaria-el-miercoles-15-de-enero\/#primaryimage"},"datePublished":"2025-01-14T07:14:12+00:00","dateModified":"2025-01-14T07:14:12+00:00","breadcrumb":{"@id":"https:\/\/soledaddurazo.com\/blog\/2025\/01\/14\/el-congreso-de-sonora-convoca-a-sesion-extraordinaria-el-miercoles-15-de-enero\/#breadcrumb"},"inLanguage":"es","potentialAction":[{"@type":"ReadAction","target":["https:\/\/soledaddurazo.com\/blog\/2025\/01\/14\/el-congreso-de-sonora-convoca-a-sesion-extraordinaria-el-miercoles-15-de-enero\/"]}]},{"@type":"BreadcrumbList","@id":"https:\/\/soledaddurazo.com\/blog\/2025\/01\/14\/el-congreso-de-sonora-convoca-a-sesion-extraordinaria-el-miercoles-15-de-enero\/#breadcrumb","itemListElement":[{"@type":"ListItem","position":1,"name":"Home","item":"https:\/\/soledaddurazo.com\/"},{"@type":"ListItem","position":2,"name":"El Congreso de Sonora convoca a sesi\u00f3n extraordinaria el mi\u00e9rcoles 15 de enero"}]},{"@type":"Article","@id":"https:\/\/soledaddurazo.com\/blog\/2025\/01\/14\/el-congreso-de-sonora-convoca-a-sesion-extraordinaria-el-miercoles-15-de-enero\/#article","isPartOf":{"@id":"https:\/\/soledaddurazo.com\/blog\/2025\/01\/14\/el-congreso-de-sonora-convoca-a-sesion-extraordinaria-el-miercoles-15-de-enero\/#webpage"},"author":{"@id":"https:\/\/soledaddurazo.com\/#\/schema\/person\/822d8e13aa288585e6546f179853758b"},"headline":"El Congreso de Sonora convoca a sesi\u00f3n extraordinaria el mi\u00e9rcoles 15 de enero","datePublished":"2025-01-14T07:14:12+00:00","dateModified":"2025-01-14T07:14:12+00:00","mainEntityOfPage":{"@id":"https:\/\/soledaddurazo.com\/blog\/2025\/01\/14\/el-congreso-de-sonora-convoca-a-sesion-extraordinaria-el-miercoles-15-de-enero\/#webpage"},"wordCount":207,"commentCount":0,"publisher":{"@id":"https:\/\/soledaddurazo.com\/#organization"},"image":{"@id":"https:\/\/soledaddurazo.com\/blog\/2025\/01\/14\/el-congreso-de-sonora-convoca-a-sesion-extraordinaria-el-miercoles-15-de-enero\/#primaryimage"},"thumbnailUrl":"https:\/\/soledaddurazo.com\/storage\/2025\/01\/f922462f-4714-4678-883e-bcc9c7636a17.jpeg","articleSection":["Mi Sonora"],"inLanguage":"es","potentialAction":[{"@type":"CommentAction","name":"Comment","target":["https:\/\/soledaddurazo.com\/blog\/2025\/01\/14\/el-congreso-de-sonora-convoca-a-sesion-extraordinaria-el-miercoles-15-de-enero\/#respond"]}]},{"@type":"Person","@id":"https:\/\/soledaddurazo.com\/#\/schema\/person\/822d8e13aa288585e6546f179853758b","name":"Redacci\u00f3n","image":{"@type":"ImageObject","@id":"https:\/\/soledaddurazo.com\/#personlogo","inLanguage":"es","url":"https:\/\/secure.gravatar.com\/avatar\/c4e193752f756fd61f04deebed3a3a20dc188d37edb53682d313ac57f2725d54?s=96&d=mm&r=g","contentUrl":"https:\/\/secure.gravatar.com\/avatar\/c4e193752f756fd61f04deebed3a3a20dc188d37edb53682d313ac57f2725d54?s=96&d=mm&r=g","caption":"Redacci\u00f3n"},"sameAs":["https:\/\/soledaddurazo.com"]}]}},"_links":{"self":[{"href":"https:\/\/soledaddurazo.com\/api\/wp\/v2\/posts\/21770","targetHints":{"allow":["GET"]}}],"collection":[{"href":"https:\/\/soledaddurazo.com\/api\/wp\/v2\/posts"}],"about":[{"href":"https:\/\/soledaddurazo.com\/api\/wp\/v2\/types\/post"}],"author":[{"embeddable":true,"href":"https:\/\/soledaddurazo.com\/api\/wp\/v2\/users\/1"}],"replies":[{"embeddable":true,"href":"https:\/\/soledaddurazo.com\/api\/wp\/v2\/comments?post=21770"}],"version-history":[{"count":1,"href":"https:\/\/soledaddurazo.com\/api\/wp\/v2\/posts\/21770\/revisions"}],"predecessor-version":[{"id":21772,"href":"https:\/\/soledaddurazo.com\/api\/wp\/v2\/posts\/21770\/revisions\/21772"}],"wp:featuredmedia":[{"embeddable":true,"href":"https:\/\/soledaddurazo.com\/api\/wp\/v2\/media\/21771"}],"wp:attachment":[{"href":"https:\/\/soledaddurazo.com\/api\/wp\/v2\/media?parent=21770"}],"wp:term":[{"taxonomy":"category","embeddable":true,"href":"https:\/\/soledaddurazo.com\/api\/wp\/v2\/categories?post=21770"},{"taxonomy":"post_tag","embeddable":true,"href":"https:\/\/soledaddurazo.com\/api\/wp\/v2\/tags?post=21770"}],"curies":[{"name":"wp","href":"https:\/\/api.w.org\/{rel}","templated":true}]}}