{"id":21687,"date":"2024-12-18T11:10:14","date_gmt":"2024-12-18T18:10:14","guid":{"rendered":"https:\/\/soledaddurazo.com\/?p=21687"},"modified":"2024-12-18T11:10:14","modified_gmt":"2024-12-18T18:10:14","slug":"mal-comienza-la-semana-para-el-que-ahorcan-en-fin-de-semana","status":"publish","type":"post","link":"https:\/\/soledaddurazo.com\/blog\/2024\/12\/18\/mal-comienza-la-semana-para-el-que-ahorcan-en-fin-de-semana\/","title":{"rendered":"Mal comienza la semana para el que ahorcan en fin de semana"},"content":{"rendered":"<p><a href=\"https:\/\/soledaddurazo.com\/storage\/2024\/12\/5af77b17-15ee-4a1b-ba4b-4fbd30e31971.jpeg\"><img loading=\"lazy\" decoding=\"async\" class=\"aligncenter size-full wp-image-21688\" src=\"https:\/\/soledaddurazo.com\/storage\/2024\/12\/5af77b17-15ee-4a1b-ba4b-4fbd30e31971.jpeg\" alt=\"\" width=\"1080\" height=\"1146\" srcset=\"https:\/\/soledaddurazo.com\/storage\/2024\/12\/5af77b17-15ee-4a1b-ba4b-4fbd30e31971.jpeg 1080w, https:\/\/soledaddurazo.com\/storage\/2024\/12\/5af77b17-15ee-4a1b-ba4b-4fbd30e31971-283x300.jpeg 283w, https:\/\/soledaddurazo.com\/storage\/2024\/12\/5af77b17-15ee-4a1b-ba4b-4fbd30e31971-965x1024.jpeg 965w, https:\/\/soledaddurazo.com\/storage\/2024\/12\/5af77b17-15ee-4a1b-ba4b-4fbd30e31971-768x815.jpeg 768w, https:\/\/soledaddurazo.com\/storage\/2024\/12\/5af77b17-15ee-4a1b-ba4b-4fbd30e31971-600x637.jpeg 600w, https:\/\/soledaddurazo.com\/storage\/2024\/12\/5af77b17-15ee-4a1b-ba4b-4fbd30e31971-750x796.jpeg 750w\" sizes=\"auto, (max-width: 1080px) 100vw, 1080px\" \/><\/a><\/p>\n<p>Un fin de semana de reveses pol\u00edticos para el Presidente Municipal de Hermosillo, Antonio Astiazar\u00e1n.<\/p>\n<p>Por principio de cuentas, en la sorpresiva reaparici\u00f3n p\u00fablica de Guillermo Padr\u00e9s, en una reuni\u00f3n que convoc\u00f3 a ex colaboradores y seguidores, destap\u00f3 las aspiraciones de Antonio Astiazar\u00e1n por la candidatura a la gubernatura en el 2027 e invit\u00f3 a todos los presentes a apoyar su proyecto.<\/p>\n<p>En la reuni\u00f3n celebrada en la humilde quinta del ex Gobernador Guillermo Padr\u00e9s, se destap\u00f3 tambi\u00e9n a Alejandro L\u00f3pez Caballero para la candidatura a la Presidencia Municipal de Hermosillo.<\/p>\n<p>En otro escenario, en el Congreso del Estado, los Diputados encontraron irregularidades en la propuesta de Ley de Ingresos y Presupuesto de Ingresos del Ayuntamiento de Hermosillo, que no cumpli\u00f3 con los requisitos legales y decidieron no aprobarlo.<\/p>\n<p>Poco despu\u00e9s, en conferencia de prensa convocada por los Diputados de Morena y aliados, informaron los detalles que orillaron a la mayor\u00eda de los Diputados del Congreso del Estado, a tomar la decisi\u00f3n de rechazar la propuesta del Ayuntamiento de Hermosillo.<\/p>\n<p>El Proyecto de Ley de Ingresos y Presupuesto de Egresos que fue entregado al Congreso del Estado por el Gobierno de Hermosillo, el d\u00eda \u00faltimo de noviembre, le encontraron una discrepancia, el d\u00eda 13 de diciembre. Se le notific\u00f3 al Ayuntamiento de Hermosillo de la irregularidad y la respuesta fue, hubo \u201cun error\u201d.<\/p>\n<p>Esta discrepancia, no es algo simple, ni un error de dedo, los Diputados percibieron mucha mala fe y mucha informalidad de parte de funcionarios del Ayuntamiento de Hermosillo, al Poder Legislativo.<\/p>\n<p>Descubrieron que el Proyecto de Ley de Ingresos y Presupuesto de Ingresos aprobado por los Regidores del Cabildo de Hermosillo, era diferente al entregado por el Gobierno de Hermosillo al Congreso del Estado, hubo una mano negra que se le ocurri\u00f3 modificarlo.<\/p>\n<p>El C\u00f3digo Penal para el Estado de Sonora, con respecto al delito de falsificaci\u00f3n de documentos p\u00fablicos o privados, establece en su art\u00edculo 201, fracci\u00f3n III:<\/p>\n<p>\u201c<em>Alterando el contenido de un documento verdadero, despu\u00e9s de concluido y firmado, si esto cambiare su sentido sobre alguna circunstancia o punto substancial, ya se haga a\u00f1adiendo, enmendando o borrando, en todo o en parte, una o m\u00e1s palabras o cl\u00e1usulas, o ya variando la puntuaci\u00f3n\u201d<\/em>.<\/p>\n<p>El art\u00edculo 202 se\u00f1ala: \u201c<em>Para que los delitos previstos en los art\u00edculos 200, 200 BIS y 201, sean sancionables como tales, se necesita que concurran los requisitos siguientes:<\/em><\/p>\n<ol>\n<li><em> Que el falsario se proponga obtener alg\u00fan provecho para s\u00ed o para otro, o causar perjuicio a la sociedad, Estado, Municipio o a un tercero;\u201d <\/em><\/li>\n<\/ol>\n<p>El art\u00edculo 203: \u201c<em>Al que cometa el delito de falsificaci\u00f3n de documentos p\u00fablicos o privados, se le sancionar\u00e1 con prisi\u00f3n de un mes a tres a\u00f1os y de diez a ciento cincuenta d\u00edas multa\u201d.<\/em><\/p>\n<p>El Diputado David Figueroa se\u00f1al\u00f3 en la conferencia de prensa que se denunciar\u00e1 el hecho ante las instancias competentes y que el intento de enga\u00f1o del Ayuntamiento de Hermosillo, fue el fiel de la balanza que influy\u00f3 para no aprobar su Proyecto de Ley de Ingresos y Presupuesto de Egresos.<\/p>\n<p>En un mensaje que circula por redes sociales, el Presidente Municipal Antonio Astiazar\u00e1n a nombre de todos los hermosillenses, asegura que ni los Diputados, ni los colores ni los partidos lo detendr\u00e1n, pero sin dar una explicaci\u00f3n del documento alterado enviado al Congreso del Estado.<\/p>\n<p>Al preguntarle al Presidente del Congreso del Estado, Omar Del Valle Colosio, si esta acci\u00f3n de los Diputados que conforman la mayor\u00eda en el Congreso del Estado, no es una acci\u00f3n que favorezca pol\u00edticamente al Presidente Municipal de Hermosillo, pues podr\u00eda ser la v\u00edctima de este episodio, respondi\u00f3 que es una acci\u00f3n para que Antonio Astiazar\u00e1n, caiga en cuenta, que sus funcionarios cercanos, no le obedecen.<\/p>\n<p>De ser cierta la aseveraci\u00f3n del Diputado Omar Del Valle, sobre el Presidente Municipal de Hermosillo, resultar\u00eda lamentable tener una autoridad cuyo liderazgo sea ignorado por sus colaboradores, pero m\u00e1s lamentable fue la reaparici\u00f3n p\u00fablica de Guillermo Padr\u00e9s, con toda y la mala fama que trae detr\u00e1s y en su tobillo.<\/p>\n<p>La mayor\u00eda de los sonorenses no olvidan, la corrupci\u00f3n y abuso del poder con la que se condujo durante su periodo de gobierno, ranchos con presas, enriquecimiento explicable de sus principales colaboradores, finanzas p\u00fablicas quebrantadas, venta de ni\u00f1os en el DIF, amplias expresiones de corrupci\u00f3n que agobiaron a nuestra sociedad.<\/p>\n<p>Peor personaje no pudo escoger Antonio Astiazar\u00e1n para su destape, con esas amistades, no necesita enemigos, queda la percepci\u00f3n que Guillermo Padr\u00e9s, es el todopoderoso que autoriza la candidatura del Presidente Municipal de Hermosillo. Fea manera de comenzar la semana.<\/p>\n<p><strong>C\u00c1MARA DE DIPUTADOS REASIGNA PRESUPUESTO 2025<\/strong><\/p>\n<p>A prop\u00f3sito de traspi\u00e9s presupuestales y pleitos fratricidas, despu\u00e9s del \u201cerror\u201d en el Proyecto de Paquete Econ\u00f3mico presentado por el Gobierno Federal, que inclu\u00eda m\u00e1s de 13 mil millones de pesos de recorte a las Universidades P\u00fablicas del pa\u00eds, la C\u00e1mara de Diputados, con el Coordinador de Morena, Ricardo Monreal, al frente, enderezaron la nave, para reasignar 44 mil millones de pesos y aprobar el Presupuesto de Egresos de la Federaci\u00f3n 2025.<\/p>\n<p>La estrellita en la frente le dur\u00f3 poco al Diputado Ricardo Monreal, pues el Senador Ad\u00e1n Augusto L\u00f3pez, que anda sembrando fama de rijoso, se la tumb\u00f3 a punta de acusaciones de corrupci\u00f3n, al revelar la existencia de supuestos contratos simulados, con un par de empresas, una de archivos y otra de elevadores, en los tiempos en que Monreal fue Coordinador de los Senadores de Morena.<\/p>\n<p>Don Ad\u00e1n Augusto aparentemente se enoj\u00f3 por el recorte de 123 millones de pesos en el Presupuesto que le aplic\u00f3 la C\u00e1mara de Diputados, que reconfigur\u00f3 el Proyecto de Paquete Econ\u00f3mico.<\/p>\n<p>El trasfondo de esta disputa intestina, es la lucha por el poder en Morena, los dimes y diretes continuaron, cuando Senadores y Diputados Federales tomaron partido por alguno de los dos contendientes, la Presidenta Claudia Sheinbaum, tuvo que entrar a escena en este conflicto entre correligionarios, pidi\u00f3 a ambos l\u00edderes, arreglar sus diferencias y tener \u201ccabeza fr\u00eda\u201d.<\/p>\n<p>La Presidenta Sheinbaum, ha tenido que realizar declaraciones para atajar sendos esc\u00e1ndalos por el pleito Monreal-Ad\u00e1n Augusto y por la\u00a0 boda de un alto funcionario de la Semarnart y un Diplom\u00e1tico Rumano, que se realiz\u00f3 en el Museo Nacional del Arte.<\/p>\n<p>Sheinbaum Pardo pidi\u00f3 a sus funcionarios de su gabinete a no caer en \u201clujos y parafernalias\u201d y a no utilizar los recursos del pueblo con \u201cfines personales\u201d. \u00bfLe har\u00e1n caso?, ya veremos.<\/p>\n<p><strong>DIANA KARINA BARRERAS COMO BUEN SOLDADO DE LA CUARTA TRANSFORMACI\u00d3N <\/strong><\/p>\n<p>Desde la CDMX se reporta la Diputada Diana Karina Barreras, despu\u00e9s de haber subido al pleno para defender las bondades de la Reforma Judicial y haber votado a favor de la aprobaci\u00f3n del Presupuesto de Egresos y \u00a0la Ley de Ingresos 2025.<\/p>\n<p>Antes de la \u00faltima sesi\u00f3n del periodo ordinario y de que se votara la modificaci\u00f3n del paquete presupuestal 2025, los Diputados aprobaron expedir la Ley de Carrera Judicial del Poder Judicial de la Federaci\u00f3n, la Ley Org\u00e1nica del Poder Judicial de la Federaci\u00f3n y reformaron la Ley General de Responsabilidades Administrativas.<\/p>\n<p>La Diputada Diana Karina Barreras en el Pleno de la C\u00e1mara de Diputados expres\u00f3 que, con estas reformas secundarias aprobadas, se consolida la Reforma Judicial que le cierra las puertas a la impunidad en el Poder Judicial y har\u00e1 posible que los mexicanos confiemos m\u00e1s en las instituciones de impartici\u00f3n de justicia. Asegur\u00f3 que la carrera judicial no desaparece, \u201ces para los que la merecen y no para los corruptos que ten\u00edan coartada la justicia en nuestro pa\u00eds\u201d, finaliz\u00f3.<\/p>\n<p>Concluido el periodo ordinario de sesiones, la Diputada Barreras, espera se defina si habr\u00e1 periodo extraordinario en la C\u00e1mara de Diputados, quedan pendientes por revisar las reformas aprobadas por el Senado para trabajadores de plataformas digitales, las del Infonavit y la reforma a la Ley de Amparo.<\/p>\n<p><strong>OPERACI\u00d3N LIMPIEZA<\/strong><\/p>\n<p>Las condiciones geopol\u00edticas han cambiado con el triunfo de Donald Trump en la contienda por la Presidencia de Estados Unidos.<\/p>\n<p>El candidato triunfador del Partido republicano ha se\u00f1alado en diversas ocasiones que aplicar\u00e1 una nueva pol\u00edtica migratoria, para expulsar a m\u00e1s de 10 millones de indocumentados de Estados Unidos y deportarlos a nuestro pa\u00eds.<\/p>\n<p>Otra de sus amenazas, es se\u00f1alar como grupos terroristas a los grupos de la delincuencia organizada que operan en nuestro pa\u00eds y activar una \u201cguerra suave\u201d en contra de ellos, en nuestro territorio, enviando tropas o aeronaves para aniquilarlos.<\/p>\n<p>Otra amenaza es aplicar aranceles a todas las exportaciones mexicanas a Estados Unidos, porque nuestro pa\u00eds, est\u00e1 inundado de mercanc\u00eda procedente de China.<\/p>\n<p>No s\u00e9 si por reacci\u00f3n a estas declaraciones de Donald Trump, se llev\u00f3 a cabo a la semana pasada la \u201coperaci\u00f3n limpieza\u201d en el centro de Hermosillo, operaci\u00f3n que encabez\u00f3 el Secretario de Gobierno, Adolfo Salazar Razo, realizada en tiendas que vend\u00edan exclusivamente productos procedentes de China, se descubri\u00f3 que m\u00e1s de un mill\u00f3n de piezas fue introducida ilegalmente al pa\u00eds, toda la mercanc\u00eda asegurada, tiene un valor de 150 millones de pesos.<\/p>\n<p>Dos de los comercios verificados, ocuparon por m\u00e1s de dos a\u00f1os, importantes espacios en el centro de Hermosillo, se descubri\u00f3 que no solo se las ingeniaron para introducir toneladas de mercanc\u00eda ilegal, tambi\u00e9n se las ingeniaron para evadir las minuciosas revisiones de Inspecci\u00f3n y Vigilancia, Protecci\u00f3n Civil, Aduanas, etc., etc., etc.<\/p>\n<p>Los invito a escuchar, SONORA EN RED NOTICIAS, a las 6 de la tarde, espacio que comparto con mi amigo Arturo Chapo Soto, por el 93.3 del cuadrante de F.M. desde Guaymas para todo el sur de Sonora, informativo que tambi\u00e9n puede ser visto, por la se\u00f1al del canal 14 de Estrella Tucson TV, en el sur de Arizona.<\/p>\n<p>Regresamos a las ondas hertzianas de Hermosillo, en Radio Sol 104.7 F.M. con LENGUAS VESPERTINAS, a las 17:00 horas, junto a mis colegas Arturo Soto, Arturo Ballesteros y Octaviano Rojas, le vamos a ofrecer una peque\u00f1a dosis de grilla que vuelva amena la tarde. No se olvide, LENGUAS VESPERTINAS.<\/p>\n<p>Podemos interactuar a trav\u00e9s de mi cuenta de Twitter @feroropeza20 o en mi correo electr\u00f3nico <a href=\"mailto:luiso@hmo.megared.net.mx\">luiso@hmo.megared.net.mx<\/a><\/p>\n<p><strong>\u00a0<\/strong><\/p>\n","protected":false},"excerpt":{"rendered":"<p>Un fin de semana de reveses pol\u00edticos para el Presidente Municipal de Hermosillo, Antonio Astiazar\u00e1n. Por principio de cuentas, en la sorpresiva reaparici\u00f3n p\u00fablica de Guillermo Padr\u00e9s, en una reuni\u00f3n que convoc\u00f3 a ex colaboradores y seguidores, destap\u00f3 las aspiraciones de Antonio Astiazar\u00e1n por la candidatura a la gubernatura en el 2027 e invit\u00f3 a [&hellip;]<\/p>\n","protected":false},"author":1,"featured_media":21671,"comment_status":"open","ping_status":"open","sticky":false,"template":"","format":"standard","meta":{"footnotes":""},"categories":[173],"tags":[],"class_list":["post"],"yoast_head":" \n<title>Mal comienza la semana para el que ahorcan en fin de semana - Periodista SoledadDurazo.com<\/title>\n<meta name=\"robots\" content=\"index, follow, max-snippet:-1, max-image-preview:large, max-video-preview:-1\" \/>\n<link rel=\"canonical\" href=\"https:\/\/soledaddurazo.com\/blog\/2024\/12\/18\/mal-comienza-la-semana-para-el-que-ahorcan-en-fin-de-semana\/\" \/>\n<meta property=\"og:locale\" content=\"es_MX\" \/>\n<meta property=\"og:type\" content=\"article\" \/>\n<meta property=\"og:title\" content=\"Mal comienza la semana para el que ahorcan en fin de semana\" \/>\n<meta property=\"og:description\" content=\"Un fin de semana de reveses pol\u00edticos para el Presidente Municipal de Hermosillo, Antonio Astiazar\u00e1n. Por principio de cuentas, en la sorpresiva reaparici\u00f3n p\u00fablica de Guillermo Padr\u00e9s, en una reuni\u00f3n que convoc\u00f3 a ex colaboradores y seguidores, destap\u00f3 las aspiraciones de Antonio Astiazar\u00e1n por la candidatura a la gubernatura en el 2027 e invit\u00f3 a [&hellip;]\" \/>\n<meta property=\"og:url\" content=\"https:\/\/soledaddurazo.com\/blog\/2024\/12\/18\/mal-comienza-la-semana-para-el-que-ahorcan-en-fin-de-semana\/\" \/>\n<meta property=\"og:site_name\" content=\"Periodista SoledadDurazo.com\" \/>\n<meta property=\"article:publisher\" content=\"https:\/\/www.facebook.com\/soledad.durazo.9\/\" \/>\n<meta property=\"article:published_time\" content=\"2024-12-18T18:10:14+00:00\" \/>\n<meta property=\"og:image\" content=\"https:\/\/soledaddurazo.com\/storage\/2024\/12\/9a-GRAFICO-FERNANDO-OROPEZA.jpeg\" \/>\n\t<meta property=\"og:image:width\" content=\"1092\" \/>\n\t<meta property=\"og:image:height\" content=\"983\" \/>\n<meta name=\"twitter:card\" content=\"summary_large_image\" \/>\n<meta name=\"twitter:creator\" content=\"@SoledadDurazo\" \/>\n<meta name=\"twitter:site\" content=\"@SoledadDurazo\" \/>\n<meta name=\"twitter:label1\" content=\"Escrito por\" \/>\n\t<meta name=\"twitter:data1\" content=\"Redacci\u00f3n\" \/>\n\t<meta name=\"twitter:label2\" content=\"Tiempo de lectura\" \/>\n\t<meta name=\"twitter:data2\" content=\"8 minutos\" \/>\n<script type=\"application\/ld+json\" class=\"yoast-schema-graph\">{\"@context\":\"https:\/\/schema.org\",\"@graph\":[{\"@type\":\"Organization\",\"@id\":\"https:\/\/soledaddurazo.com\/#organization\",\"name\":\"Soledad Durazo\",\"url\":\"https:\/\/soledaddurazo.com\/\",\"sameAs\":[\"https:\/\/www.facebook.com\/soledad.durazo.9\/\",\"https:\/\/www.instagram.com\/soledaddurazo\",\"https:\/\/www.youtube.com\/channel\/UC9yGPw8-Vbl_B2XNkRwPS-w\",\"https:\/\/twitter.com\/SoledadDurazo\"],\"logo\":{\"@type\":\"ImageObject\",\"@id\":\"https:\/\/soledaddurazo.com\/#logo\",\"inLanguage\":\"es\",\"url\":\"https:\/\/soledaddurazo.com\/storage\/2021\/11\/nllp-720x375-1-2.png\",\"contentUrl\":\"https:\/\/soledaddurazo.com\/storage\/2021\/11\/nllp-720x375-1-2.png\",\"width\":720,\"height\":375,\"caption\":\"Soledad Durazo\"},\"image\":{\"@id\":\"https:\/\/soledaddurazo.com\/#logo\"}},{\"@type\":\"WebSite\",\"@id\":\"https:\/\/soledaddurazo.com\/#website\",\"url\":\"https:\/\/soledaddurazo.com\/\",\"name\":\"Periodista SoledadDurazo.com\",\"description\":\"Periodista sonorense. Directora de www.SoledadDurazo.com Columnista, conductora de radio y Tv. Catedr\\u00e1tica en la UNISON\",\"publisher\":{\"@id\":\"https:\/\/soledaddurazo.com\/#organization\"},\"potentialAction\":[{\"@type\":\"SearchAction\",\"target\":{\"@type\":\"EntryPoint\",\"urlTemplate\":\"https:\/\/soledaddurazo.com\/?s={search_term_string}\"},\"query-input\":\"required name=search_term_string\"}],\"inLanguage\":\"es\"},{\"@type\":\"ImageObject\",\"@id\":\"https:\/\/soledaddurazo.com\/blog\/2024\/12\/18\/mal-comienza-la-semana-para-el-que-ahorcan-en-fin-de-semana\/#primaryimage\",\"inLanguage\":\"es\",\"url\":\"https:\/\/soledaddurazo.com\/storage\/2024\/12\/9a-GRAFICO-FERNANDO-OROPEZA.jpeg\",\"contentUrl\":\"https:\/\/soledaddurazo.com\/storage\/2024\/12\/9a-GRAFICO-FERNANDO-OROPEZA.jpeg\",\"width\":1092,\"height\":983},{\"@type\":\"WebPage\",\"@id\":\"https:\/\/soledaddurazo.com\/blog\/2024\/12\/18\/mal-comienza-la-semana-para-el-que-ahorcan-en-fin-de-semana\/#webpage\",\"url\":\"https:\/\/soledaddurazo.com\/blog\/2024\/12\/18\/mal-comienza-la-semana-para-el-que-ahorcan-en-fin-de-semana\/\",\"name\":\"Mal comienza la semana para el que ahorcan en fin de semana - Periodista SoledadDurazo.com\",\"isPartOf\":{\"@id\":\"https:\/\/soledaddurazo.com\/#website\"},\"primaryImageOfPage\":{\"@id\":\"https:\/\/soledaddurazo.com\/blog\/2024\/12\/18\/mal-comienza-la-semana-para-el-que-ahorcan-en-fin-de-semana\/#primaryimage\"},\"datePublished\":\"2024-12-18T18:10:14+00:00\",\"dateModified\":\"2024-12-18T18:10:14+00:00\",\"breadcrumb\":{\"@id\":\"https:\/\/soledaddurazo.com\/blog\/2024\/12\/18\/mal-comienza-la-semana-para-el-que-ahorcan-en-fin-de-semana\/#breadcrumb\"},\"inLanguage\":\"es\",\"potentialAction\":[{\"@type\":\"ReadAction\",\"target\":[\"https:\/\/soledaddurazo.com\/blog\/2024\/12\/18\/mal-comienza-la-semana-para-el-que-ahorcan-en-fin-de-semana\/\"]}]},{\"@type\":\"BreadcrumbList\",\"@id\":\"https:\/\/soledaddurazo.com\/blog\/2024\/12\/18\/mal-comienza-la-semana-para-el-que-ahorcan-en-fin-de-semana\/#breadcrumb\",\"itemListElement\":[{\"@type\":\"ListItem\",\"position\":1,\"name\":\"Home\",\"item\":\"https:\/\/soledaddurazo.com\/\"},{\"@type\":\"ListItem\",\"position\":2,\"name\":\"Mal comienza la semana para el que ahorcan en fin de semana\"}]},{\"@type\":\"Article\",\"@id\":\"https:\/\/soledaddurazo.com\/blog\/2024\/12\/18\/mal-comienza-la-semana-para-el-que-ahorcan-en-fin-de-semana\/#article\",\"isPartOf\":{\"@id\":\"https:\/\/soledaddurazo.com\/blog\/2024\/12\/18\/mal-comienza-la-semana-para-el-que-ahorcan-en-fin-de-semana\/#webpage\"},\"author\":{\"@id\":\"https:\/\/soledaddurazo.com\/#\/schema\/person\/822d8e13aa288585e6546f179853758b\"},\"headline\":\"Mal comienza la semana para el que ahorcan en fin de semana\",\"datePublished\":\"2024-12-18T18:10:14+00:00\",\"dateModified\":\"2024-12-18T18:10:14+00:00\",\"mainEntityOfPage\":{\"@id\":\"https:\/\/soledaddurazo.com\/blog\/2024\/12\/18\/mal-comienza-la-semana-para-el-que-ahorcan-en-fin-de-semana\/#webpage\"},\"wordCount\":1783,\"commentCount\":0,\"publisher\":{\"@id\":\"https:\/\/soledaddurazo.com\/#organization\"},\"image\":{\"@id\":\"https:\/\/soledaddurazo.com\/blog\/2024\/12\/18\/mal-comienza-la-semana-para-el-que-ahorcan-en-fin-de-semana\/#primaryimage\"},\"thumbnailUrl\":\"https:\/\/soledaddurazo.com\/storage\/2024\/12\/9a-GRAFICO-FERNANDO-OROPEZA.jpeg\",\"articleSection\":[\"Fernando Oropeza\"],\"inLanguage\":\"es\",\"potentialAction\":[{\"@type\":\"CommentAction\",\"name\":\"Comment\",\"target\":[\"https:\/\/soledaddurazo.com\/blog\/2024\/12\/18\/mal-comienza-la-semana-para-el-que-ahorcan-en-fin-de-semana\/#respond\"]}]},{\"@type\":\"Person\",\"@id\":\"https:\/\/soledaddurazo.com\/#\/schema\/person\/822d8e13aa288585e6546f179853758b\",\"name\":\"Redacci\\u00f3n\",\"image\":{\"@type\":\"ImageObject\",\"@id\":\"https:\/\/soledaddurazo.com\/#personlogo\",\"inLanguage\":\"es\",\"url\":\"https:\/\/secure.gravatar.com\/avatar\/c4e193752f756fd61f04deebed3a3a20dc188d37edb53682d313ac57f2725d54?s=96&d=mm&r=g\",\"contentUrl\":\"https:\/\/secure.gravatar.com\/avatar\/c4e193752f756fd61f04deebed3a3a20dc188d37edb53682d313ac57f2725d54?s=96&d=mm&r=g\",\"caption\":\"Redacci\\u00f3n\"},\"sameAs\":[\"https:\/\/soledaddurazo.com\"]}]}<\/script>\n ","yoast_head_json":{"title":"Mal comienza la semana para el que ahorcan en fin de semana - Periodista SoledadDurazo.com","robots":{"index":"index","follow":"follow","max-snippet":"max-snippet:-1","max-image-preview":"max-image-preview:large","max-video-preview":"max-video-preview:-1"},"canonical":"https:\/\/soledaddurazo.com\/blog\/2024\/12\/18\/mal-comienza-la-semana-para-el-que-ahorcan-en-fin-de-semana\/","og_locale":"es_MX","og_type":"article","og_title":"Mal comienza la semana para el que ahorcan en fin de semana","og_description":"Un fin de semana de reveses pol\u00edticos para el Presidente Municipal de Hermosillo, Antonio Astiazar\u00e1n. Por principio de cuentas, en la sorpresiva reaparici\u00f3n p\u00fablica de Guillermo Padr\u00e9s, en una reuni\u00f3n que convoc\u00f3 a ex colaboradores y seguidores, destap\u00f3 las aspiraciones de Antonio Astiazar\u00e1n por la candidatura a la gubernatura en el 2027 e invit\u00f3 a [&hellip;]","og_url":"https:\/\/soledaddurazo.com\/blog\/2024\/12\/18\/mal-comienza-la-semana-para-el-que-ahorcan-en-fin-de-semana\/","og_site_name":"Periodista SoledadDurazo.com","article_publisher":"https:\/\/www.facebook.com\/soledad.durazo.9\/","article_published_time":"2024-12-18T18:10:14+00:00","og_image":[{"width":1092,"height":983,"url":"https:\/\/soledaddurazo.com\/storage\/2024\/12\/9a-GRAFICO-FERNANDO-OROPEZA.jpeg","type":"image\/jpeg"}],"twitter_card":"summary_large_image","twitter_creator":"@SoledadDurazo","twitter_site":"@SoledadDurazo","twitter_misc":{"Escrito por":"Redacci\u00f3n","Tiempo de lectura":"8 minutos"},"schema":{"@context":"https:\/\/schema.org","@graph":[{"@type":"Organization","@id":"https:\/\/soledaddurazo.com\/#organization","name":"Soledad Durazo","url":"https:\/\/soledaddurazo.com\/","sameAs":["https:\/\/www.facebook.com\/soledad.durazo.9\/","https:\/\/www.instagram.com\/soledaddurazo","https:\/\/www.youtube.com\/channel\/UC9yGPw8-Vbl_B2XNkRwPS-w","https:\/\/twitter.com\/SoledadDurazo"],"logo":{"@type":"ImageObject","@id":"https:\/\/soledaddurazo.com\/#logo","inLanguage":"es","url":"https:\/\/soledaddurazo.com\/storage\/2021\/11\/nllp-720x375-1-2.png","contentUrl":"https:\/\/soledaddurazo.com\/storage\/2021\/11\/nllp-720x375-1-2.png","width":720,"height":375,"caption":"Soledad Durazo"},"image":{"@id":"https:\/\/soledaddurazo.com\/#logo"}},{"@type":"WebSite","@id":"https:\/\/soledaddurazo.com\/#website","url":"https:\/\/soledaddurazo.com\/","name":"Periodista SoledadDurazo.com","description":"Periodista sonorense. Directora de www.SoledadDurazo.com Columnista, conductora de radio y Tv. Catedr\u00e1tica en la UNISON","publisher":{"@id":"https:\/\/soledaddurazo.com\/#organization"},"potentialAction":[{"@type":"SearchAction","target":{"@type":"EntryPoint","urlTemplate":"https:\/\/soledaddurazo.com\/?s={search_term_string}"},"query-input":"required name=search_term_string"}],"inLanguage":"es"},{"@type":"ImageObject","@id":"https:\/\/soledaddurazo.com\/blog\/2024\/12\/18\/mal-comienza-la-semana-para-el-que-ahorcan-en-fin-de-semana\/#primaryimage","inLanguage":"es","url":"https:\/\/soledaddurazo.com\/storage\/2024\/12\/9a-GRAFICO-FERNANDO-OROPEZA.jpeg","contentUrl":"https:\/\/soledaddurazo.com\/storage\/2024\/12\/9a-GRAFICO-FERNANDO-OROPEZA.jpeg","width":1092,"height":983},{"@type":"WebPage","@id":"https:\/\/soledaddurazo.com\/blog\/2024\/12\/18\/mal-comienza-la-semana-para-el-que-ahorcan-en-fin-de-semana\/#webpage","url":"https:\/\/soledaddurazo.com\/blog\/2024\/12\/18\/mal-comienza-la-semana-para-el-que-ahorcan-en-fin-de-semana\/","name":"Mal comienza la semana para el que ahorcan en fin de semana - Periodista SoledadDurazo.com","isPartOf":{"@id":"https:\/\/soledaddurazo.com\/#website"},"primaryImageOfPage":{"@id":"https:\/\/soledaddurazo.com\/blog\/2024\/12\/18\/mal-comienza-la-semana-para-el-que-ahorcan-en-fin-de-semana\/#primaryimage"},"datePublished":"2024-12-18T18:10:14+00:00","dateModified":"2024-12-18T18:10:14+00:00","breadcrumb":{"@id":"https:\/\/soledaddurazo.com\/blog\/2024\/12\/18\/mal-comienza-la-semana-para-el-que-ahorcan-en-fin-de-semana\/#breadcrumb"},"inLanguage":"es","potentialAction":[{"@type":"ReadAction","target":["https:\/\/soledaddurazo.com\/blog\/2024\/12\/18\/mal-comienza-la-semana-para-el-que-ahorcan-en-fin-de-semana\/"]}]},{"@type":"BreadcrumbList","@id":"https:\/\/soledaddurazo.com\/blog\/2024\/12\/18\/mal-comienza-la-semana-para-el-que-ahorcan-en-fin-de-semana\/#breadcrumb","itemListElement":[{"@type":"ListItem","position":1,"name":"Home","item":"https:\/\/soledaddurazo.com\/"},{"@type":"ListItem","position":2,"name":"Mal comienza la semana para el que ahorcan en fin de semana"}]},{"@type":"Article","@id":"https:\/\/soledaddurazo.com\/blog\/2024\/12\/18\/mal-comienza-la-semana-para-el-que-ahorcan-en-fin-de-semana\/#article","isPartOf":{"@id":"https:\/\/soledaddurazo.com\/blog\/2024\/12\/18\/mal-comienza-la-semana-para-el-que-ahorcan-en-fin-de-semana\/#webpage"},"author":{"@id":"https:\/\/soledaddurazo.com\/#\/schema\/person\/822d8e13aa288585e6546f179853758b"},"headline":"Mal comienza la semana para el que ahorcan en fin de semana","datePublished":"2024-12-18T18:10:14+00:00","dateModified":"2024-12-18T18:10:14+00:00","mainEntityOfPage":{"@id":"https:\/\/soledaddurazo.com\/blog\/2024\/12\/18\/mal-comienza-la-semana-para-el-que-ahorcan-en-fin-de-semana\/#webpage"},"wordCount":1783,"commentCount":0,"publisher":{"@id":"https:\/\/soledaddurazo.com\/#organization"},"image":{"@id":"https:\/\/soledaddurazo.com\/blog\/2024\/12\/18\/mal-comienza-la-semana-para-el-que-ahorcan-en-fin-de-semana\/#primaryimage"},"thumbnailUrl":"https:\/\/soledaddurazo.com\/storage\/2024\/12\/9a-GRAFICO-FERNANDO-OROPEZA.jpeg","articleSection":["Fernando Oropeza"],"inLanguage":"es","potentialAction":[{"@type":"CommentAction","name":"Comment","target":["https:\/\/soledaddurazo.com\/blog\/2024\/12\/18\/mal-comienza-la-semana-para-el-que-ahorcan-en-fin-de-semana\/#respond"]}]},{"@type":"Person","@id":"https:\/\/soledaddurazo.com\/#\/schema\/person\/822d8e13aa288585e6546f179853758b","name":"Redacci\u00f3n","image":{"@type":"ImageObject","@id":"https:\/\/soledaddurazo.com\/#personlogo","inLanguage":"es","url":"https:\/\/secure.gravatar.com\/avatar\/c4e193752f756fd61f04deebed3a3a20dc188d37edb53682d313ac57f2725d54?s=96&d=mm&r=g","contentUrl":"https:\/\/secure.gravatar.com\/avatar\/c4e193752f756fd61f04deebed3a3a20dc188d37edb53682d313ac57f2725d54?s=96&d=mm&r=g","caption":"Redacci\u00f3n"},"sameAs":["https:\/\/soledaddurazo.com"]}]}},"_links":{"self":[{"href":"https:\/\/soledaddurazo.com\/api\/wp\/v2\/posts\/21687","targetHints":{"allow":["GET"]}}],"collection":[{"href":"https:\/\/soledaddurazo.com\/api\/wp\/v2\/posts"}],"about":[{"href":"https:\/\/soledaddurazo.com\/api\/wp\/v2\/types\/post"}],"author":[{"embeddable":true,"href":"https:\/\/soledaddurazo.com\/api\/wp\/v2\/users\/1"}],"replies":[{"embeddable":true,"href":"https:\/\/soledaddurazo.com\/api\/wp\/v2\/comments?post=21687"}],"version-history":[{"count":1,"href":"https:\/\/soledaddurazo.com\/api\/wp\/v2\/posts\/21687\/revisions"}],"predecessor-version":[{"id":21689,"href":"https:\/\/soledaddurazo.com\/api\/wp\/v2\/posts\/21687\/revisions\/21689"}],"wp:featuredmedia":[{"embeddable":true,"href":"https:\/\/soledaddurazo.com\/api\/wp\/v2\/media\/21671"}],"wp:attachment":[{"href":"https:\/\/soledaddurazo.com\/api\/wp\/v2\/media?parent=21687"}],"wp:term":[{"taxonomy":"category","embeddable":true,"href":"https:\/\/soledaddurazo.com\/api\/wp\/v2\/categories?post=21687"},{"taxonomy":"post_tag","embeddable":true,"href":"https:\/\/soledaddurazo.com\/api\/wp\/v2\/tags?post=21687"}],"curies":[{"name":"wp","href":"https:\/\/api.w.org\/{rel}","templated":true}]}}