{"id":21682,"date":"2024-12-17T00:04:37","date_gmt":"2024-12-17T07:04:37","guid":{"rendered":"https:\/\/soledaddurazo.com\/?p=21682"},"modified":"2024-12-17T00:04:37","modified_gmt":"2024-12-17T07:04:37","slug":"alumno-de-conalep-sonora-obtiene-medallas-de-oro-en-competencia-internacional-de-karate","status":"publish","type":"post","link":"https:\/\/soledaddurazo.com\/blog\/2024\/12\/17\/alumno-de-conalep-sonora-obtiene-medallas-de-oro-en-competencia-internacional-de-karate\/","title":{"rendered":"Alumno de Conalep Sonora obtiene medallas de oro en competencia internacional de karate"},"content":{"rendered":"<p align=\"left\">Emmanuel Viera Hern\u00e1ndez, estudiante del Colegio de Educaci\u00f3n Profesional T\u00e9cnica del Estado de Sonora (Conalep), obtuvo dos medallas de oro en el Torneo Mundial \u201cCanad\u00e1 Open Karate Championships\u201d, inform\u00f3 Luisa Cristina Rodr\u00edguez Ibarra.<\/p>\n<p align=\"left\"><a href=\"https:\/\/soledaddurazo.com\/storage\/2024\/12\/mail-1.jpeg\"><img loading=\"lazy\" decoding=\"async\" class=\"aligncenter size-full wp-image-21683\" src=\"https:\/\/soledaddurazo.com\/storage\/2024\/12\/mail-1.jpeg\" alt=\"\" width=\"1200\" height=\"900\" srcset=\"https:\/\/soledaddurazo.com\/storage\/2024\/12\/mail-1.jpeg 1200w, https:\/\/soledaddurazo.com\/storage\/2024\/12\/mail-1-300x225.jpeg 300w, https:\/\/soledaddurazo.com\/storage\/2024\/12\/mail-1-1024x768.jpeg 1024w, https:\/\/soledaddurazo.com\/storage\/2024\/12\/mail-1-768x576.jpeg 768w, https:\/\/soledaddurazo.com\/storage\/2024\/12\/mail-1-600x450.jpeg 600w, https:\/\/soledaddurazo.com\/storage\/2024\/12\/mail-1-750x563.jpeg 750w, https:\/\/soledaddurazo.com\/storage\/2024\/12\/mail-1-1140x855.jpeg 1140w\" sizes=\"auto, (max-width: 1200px) 100vw, 1200px\" \/><\/a><\/p>\n<p align=\"left\">La directora general de Conalep Sonora detall\u00f3 que Viera Hern\u00e1ndez result\u00f3 triunfador con las medallas de oro en la categor\u00eda kata junior y oro en la categor\u00eda kumite en menos de 55 kg. Por otra parte, tambi\u00e9n resalt\u00f3 la participaci\u00f3n de Heidi Victoria Villarreal L\u00f3pez, quien obtuvo el quinto lugar en la categor\u00eda kumite y el s\u00e9ptimo lugar en kata, logrando destacar entre los m\u00e1s de 700 atletas participantes.<\/p>\n<p align=\"left\"><a href=\"https:\/\/soledaddurazo.com\/storage\/2024\/12\/mail.jpeg\"><img loading=\"lazy\" decoding=\"async\" class=\"aligncenter size-full wp-image-21685\" src=\"https:\/\/soledaddurazo.com\/storage\/2024\/12\/mail.jpeg\" alt=\"\" width=\"960\" height=\"1280\" srcset=\"https:\/\/soledaddurazo.com\/storage\/2024\/12\/mail.jpeg 960w, https:\/\/soledaddurazo.com\/storage\/2024\/12\/mail-225x300.jpeg 225w, https:\/\/soledaddurazo.com\/storage\/2024\/12\/mail-768x1024.jpeg 768w, https:\/\/soledaddurazo.com\/storage\/2024\/12\/mail-600x800.jpeg 600w, https:\/\/soledaddurazo.com\/storage\/2024\/12\/mail-750x1000.jpeg 750w\" sizes=\"auto, (max-width: 960px) 100vw, 960px\" \/><\/a><\/p>\n<p align=\"left\">Los j\u00f3venes, que cursan el primer semestre de las carreras de Aire Acondicionado y Asistente Directivo en el plantel San Luis R\u00edo Colorado, respectivamente, compitieron contra representantes de 22 pa\u00edses en Vancouver, Canad\u00e1.<\/p>\n<p align=\"left\">Dicha competencia internacional se realiz\u00f3 en el Richmond Olympic Oval in Metro Vancouver y cont\u00f3 con participantes de pa\u00edses como Jap\u00f3n, Canad\u00e1, Estados Unidos, Ir\u00e1n, Pakist\u00e1n, India, China y Nepal entre otros.<\/p>\n<p align=\"left\">Rodr\u00edguez Ibarra se\u00f1al\u00f3 que el torneo es realizado por la Organizaci\u00f3n Nacional del Deporte en Canad\u00e1 y miembro de la organizaci\u00f3n mundial de Karate, adem\u00e1s de ser el campeonato m\u00e1s grande en todo Norte Am\u00e9rica, y al ser un certamen abierto, cuenta con participantes de todo el mundo.<\/p>\n<p align=\"left\">La funcionaria estatal agradeci\u00f3 a los Sensei Emmanuel Viera Verd\u00edn y Cecilia Berenice Hern\u00e1ndez, de San Luis R\u00edo Colorado, por su gran desempe\u00f1o y dedicaci\u00f3n con los estudiantes del plantel. Asimismo, felicit\u00f3 a todo el equipo mexicano, quienes obtuvieron excelentes resultados, adem\u00e1s de haber alcanzado 10 medallas y un sin fin de aprendizajes.<\/p>\n","protected":false},"excerpt":{"rendered":"<p>Emmanuel Viera Hern\u00e1ndez, estudiante del Colegio de Educaci\u00f3n Profesional T\u00e9cnica del Estado de Sonora (Conalep), obtuvo dos medallas de oro en el Torneo Mundial \u201cCanad\u00e1 Open Karate Championships\u201d, inform\u00f3 Luisa Cristina Rodr\u00edguez Ibarra. La directora general de Conalep Sonora detall\u00f3 que Viera Hern\u00e1ndez result\u00f3 triunfador con las medallas de oro en la categor\u00eda kata junior [&hellip;]<\/p>\n","protected":false},"author":1,"featured_media":21684,"comment_status":"open","ping_status":"open","sticky":false,"template":"","format":"standard","meta":{"footnotes":""},"categories":[159],"tags":[],"class_list":["post"],"yoast_head":" \n<title>Alumno de Conalep Sonora obtiene medallas de oro en competencia internacional de karate - Periodista SoledadDurazo.com<\/title>\n<meta name=\"robots\" content=\"index, follow, max-snippet:-1, max-image-preview:large, max-video-preview:-1\" \/>\n<link rel=\"canonical\" href=\"https:\/\/soledaddurazo.com\/blog\/2024\/12\/17\/alumno-de-conalep-sonora-obtiene-medallas-de-oro-en-competencia-internacional-de-karate\/\" \/>\n<meta property=\"og:locale\" content=\"es_MX\" \/>\n<meta property=\"og:type\" content=\"article\" \/>\n<meta property=\"og:title\" content=\"Alumno de Conalep Sonora obtiene medallas de oro en competencia internacional de karate\" \/>\n<meta property=\"og:description\" content=\"Emmanuel Viera Hern\u00e1ndez, estudiante del Colegio de Educaci\u00f3n Profesional T\u00e9cnica del Estado de Sonora (Conalep), obtuvo dos medallas de oro en el Torneo Mundial \u201cCanad\u00e1 Open Karate Championships\u201d, inform\u00f3 Luisa Cristina Rodr\u00edguez Ibarra. La directora general de Conalep Sonora detall\u00f3 que Viera Hern\u00e1ndez result\u00f3 triunfador con las medallas de oro en la categor\u00eda kata junior [&hellip;]\" \/>\n<meta property=\"og:url\" content=\"https:\/\/soledaddurazo.com\/blog\/2024\/12\/17\/alumno-de-conalep-sonora-obtiene-medallas-de-oro-en-competencia-internacional-de-karate\/\" \/>\n<meta property=\"og:site_name\" content=\"Periodista SoledadDurazo.com\" \/>\n<meta property=\"article:publisher\" content=\"https:\/\/www.facebook.com\/soledad.durazo.9\/\" \/>\n<meta property=\"article:published_time\" content=\"2024-12-17T07:04:37+00:00\" \/>\n<meta property=\"og:image\" content=\"https:\/\/soledaddurazo.com\/storage\/2024\/12\/mail-2.jpeg\" \/>\n\t<meta property=\"og:image:width\" content=\"890\" \/>\n\t<meta property=\"og:image:height\" content=\"736\" \/>\n<meta name=\"twitter:card\" content=\"summary_large_image\" \/>\n<meta name=\"twitter:creator\" content=\"@SoledadDurazo\" \/>\n<meta name=\"twitter:site\" content=\"@SoledadDurazo\" \/>\n<meta name=\"twitter:label1\" content=\"Escrito por\" \/>\n\t<meta name=\"twitter:data1\" content=\"Redacci\u00f3n\" \/>\n\t<meta name=\"twitter:label2\" content=\"Tiempo de lectura\" \/>\n\t<meta name=\"twitter:data2\" content=\"2 minutos\" \/>\n<script type=\"application\/ld+json\" class=\"yoast-schema-graph\">{\"@context\":\"https:\/\/schema.org\",\"@graph\":[{\"@type\":\"Organization\",\"@id\":\"https:\/\/soledaddurazo.com\/#organization\",\"name\":\"Soledad Durazo\",\"url\":\"https:\/\/soledaddurazo.com\/\",\"sameAs\":[\"https:\/\/www.facebook.com\/soledad.durazo.9\/\",\"https:\/\/www.instagram.com\/soledaddurazo\",\"https:\/\/www.youtube.com\/channel\/UC9yGPw8-Vbl_B2XNkRwPS-w\",\"https:\/\/twitter.com\/SoledadDurazo\"],\"logo\":{\"@type\":\"ImageObject\",\"@id\":\"https:\/\/soledaddurazo.com\/#logo\",\"inLanguage\":\"es\",\"url\":\"https:\/\/soledaddurazo.com\/storage\/2021\/11\/nllp-720x375-1-2.png\",\"contentUrl\":\"https:\/\/soledaddurazo.com\/storage\/2021\/11\/nllp-720x375-1-2.png\",\"width\":720,\"height\":375,\"caption\":\"Soledad Durazo\"},\"image\":{\"@id\":\"https:\/\/soledaddurazo.com\/#logo\"}},{\"@type\":\"WebSite\",\"@id\":\"https:\/\/soledaddurazo.com\/#website\",\"url\":\"https:\/\/soledaddurazo.com\/\",\"name\":\"Periodista SoledadDurazo.com\",\"description\":\"Periodista sonorense. Directora de www.SoledadDurazo.com Columnista, conductora de radio y Tv. Catedr\\u00e1tica en la UNISON\",\"publisher\":{\"@id\":\"https:\/\/soledaddurazo.com\/#organization\"},\"potentialAction\":[{\"@type\":\"SearchAction\",\"target\":{\"@type\":\"EntryPoint\",\"urlTemplate\":\"https:\/\/soledaddurazo.com\/?s={search_term_string}\"},\"query-input\":\"required name=search_term_string\"}],\"inLanguage\":\"es\"},{\"@type\":\"ImageObject\",\"@id\":\"https:\/\/soledaddurazo.com\/blog\/2024\/12\/17\/alumno-de-conalep-sonora-obtiene-medallas-de-oro-en-competencia-internacional-de-karate\/#primaryimage\",\"inLanguage\":\"es\",\"url\":\"https:\/\/soledaddurazo.com\/storage\/2024\/12\/mail-2.jpeg\",\"contentUrl\":\"https:\/\/soledaddurazo.com\/storage\/2024\/12\/mail-2.jpeg\",\"width\":890,\"height\":736},{\"@type\":\"WebPage\",\"@id\":\"https:\/\/soledaddurazo.com\/blog\/2024\/12\/17\/alumno-de-conalep-sonora-obtiene-medallas-de-oro-en-competencia-internacional-de-karate\/#webpage\",\"url\":\"https:\/\/soledaddurazo.com\/blog\/2024\/12\/17\/alumno-de-conalep-sonora-obtiene-medallas-de-oro-en-competencia-internacional-de-karate\/\",\"name\":\"Alumno de Conalep Sonora obtiene medallas de oro en competencia internacional de karate - Periodista SoledadDurazo.com\",\"isPartOf\":{\"@id\":\"https:\/\/soledaddurazo.com\/#website\"},\"primaryImageOfPage\":{\"@id\":\"https:\/\/soledaddurazo.com\/blog\/2024\/12\/17\/alumno-de-conalep-sonora-obtiene-medallas-de-oro-en-competencia-internacional-de-karate\/#primaryimage\"},\"datePublished\":\"2024-12-17T07:04:37+00:00\",\"dateModified\":\"2024-12-17T07:04:37+00:00\",\"breadcrumb\":{\"@id\":\"https:\/\/soledaddurazo.com\/blog\/2024\/12\/17\/alumno-de-conalep-sonora-obtiene-medallas-de-oro-en-competencia-internacional-de-karate\/#breadcrumb\"},\"inLanguage\":\"es\",\"potentialAction\":[{\"@type\":\"ReadAction\",\"target\":[\"https:\/\/soledaddurazo.com\/blog\/2024\/12\/17\/alumno-de-conalep-sonora-obtiene-medallas-de-oro-en-competencia-internacional-de-karate\/\"]}]},{\"@type\":\"BreadcrumbList\",\"@id\":\"https:\/\/soledaddurazo.com\/blog\/2024\/12\/17\/alumno-de-conalep-sonora-obtiene-medallas-de-oro-en-competencia-internacional-de-karate\/#breadcrumb\",\"itemListElement\":[{\"@type\":\"ListItem\",\"position\":1,\"name\":\"Home\",\"item\":\"https:\/\/soledaddurazo.com\/\"},{\"@type\":\"ListItem\",\"position\":2,\"name\":\"Alumno de Conalep Sonora obtiene medallas de oro en competencia internacional de karate\"}]},{\"@type\":\"Article\",\"@id\":\"https:\/\/soledaddurazo.com\/blog\/2024\/12\/17\/alumno-de-conalep-sonora-obtiene-medallas-de-oro-en-competencia-internacional-de-karate\/#article\",\"isPartOf\":{\"@id\":\"https:\/\/soledaddurazo.com\/blog\/2024\/12\/17\/alumno-de-conalep-sonora-obtiene-medallas-de-oro-en-competencia-internacional-de-karate\/#webpage\"},\"author\":{\"@id\":\"https:\/\/soledaddurazo.com\/#\/schema\/person\/822d8e13aa288585e6546f179853758b\"},\"headline\":\"Alumno de Conalep Sonora obtiene medallas de oro en competencia internacional de karate\",\"datePublished\":\"2024-12-17T07:04:37+00:00\",\"dateModified\":\"2024-12-17T07:04:37+00:00\",\"mainEntityOfPage\":{\"@id\":\"https:\/\/soledaddurazo.com\/blog\/2024\/12\/17\/alumno-de-conalep-sonora-obtiene-medallas-de-oro-en-competencia-internacional-de-karate\/#webpage\"},\"wordCount\":310,\"commentCount\":0,\"publisher\":{\"@id\":\"https:\/\/soledaddurazo.com\/#organization\"},\"image\":{\"@id\":\"https:\/\/soledaddurazo.com\/blog\/2024\/12\/17\/alumno-de-conalep-sonora-obtiene-medallas-de-oro-en-competencia-internacional-de-karate\/#primaryimage\"},\"thumbnailUrl\":\"https:\/\/soledaddurazo.com\/storage\/2024\/12\/mail-2.jpeg\",\"articleSection\":[\"Mi Sonora\"],\"inLanguage\":\"es\",\"potentialAction\":[{\"@type\":\"CommentAction\",\"name\":\"Comment\",\"target\":[\"https:\/\/soledaddurazo.com\/blog\/2024\/12\/17\/alumno-de-conalep-sonora-obtiene-medallas-de-oro-en-competencia-internacional-de-karate\/#respond\"]}]},{\"@type\":\"Person\",\"@id\":\"https:\/\/soledaddurazo.com\/#\/schema\/person\/822d8e13aa288585e6546f179853758b\",\"name\":\"Redacci\\u00f3n\",\"image\":{\"@type\":\"ImageObject\",\"@id\":\"https:\/\/soledaddurazo.com\/#personlogo\",\"inLanguage\":\"es\",\"url\":\"https:\/\/secure.gravatar.com\/avatar\/c4e193752f756fd61f04deebed3a3a20dc188d37edb53682d313ac57f2725d54?s=96&d=mm&r=g\",\"contentUrl\":\"https:\/\/secure.gravatar.com\/avatar\/c4e193752f756fd61f04deebed3a3a20dc188d37edb53682d313ac57f2725d54?s=96&d=mm&r=g\",\"caption\":\"Redacci\\u00f3n\"},\"sameAs\":[\"https:\/\/soledaddurazo.com\"]}]}<\/script>\n ","yoast_head_json":{"title":"Alumno de Conalep Sonora obtiene medallas de oro en competencia internacional de karate - Periodista SoledadDurazo.com","robots":{"index":"index","follow":"follow","max-snippet":"max-snippet:-1","max-image-preview":"max-image-preview:large","max-video-preview":"max-video-preview:-1"},"canonical":"https:\/\/soledaddurazo.com\/blog\/2024\/12\/17\/alumno-de-conalep-sonora-obtiene-medallas-de-oro-en-competencia-internacional-de-karate\/","og_locale":"es_MX","og_type":"article","og_title":"Alumno de Conalep Sonora obtiene medallas de oro en competencia internacional de karate","og_description":"Emmanuel Viera Hern\u00e1ndez, estudiante del Colegio de Educaci\u00f3n Profesional T\u00e9cnica del Estado de Sonora (Conalep), obtuvo dos medallas de oro en el Torneo Mundial \u201cCanad\u00e1 Open Karate Championships\u201d, inform\u00f3 Luisa Cristina Rodr\u00edguez Ibarra. La directora general de Conalep Sonora detall\u00f3 que Viera Hern\u00e1ndez result\u00f3 triunfador con las medallas de oro en la categor\u00eda kata junior [&hellip;]","og_url":"https:\/\/soledaddurazo.com\/blog\/2024\/12\/17\/alumno-de-conalep-sonora-obtiene-medallas-de-oro-en-competencia-internacional-de-karate\/","og_site_name":"Periodista SoledadDurazo.com","article_publisher":"https:\/\/www.facebook.com\/soledad.durazo.9\/","article_published_time":"2024-12-17T07:04:37+00:00","og_image":[{"width":890,"height":736,"url":"https:\/\/soledaddurazo.com\/storage\/2024\/12\/mail-2.jpeg","type":"image\/jpeg"}],"twitter_card":"summary_large_image","twitter_creator":"@SoledadDurazo","twitter_site":"@SoledadDurazo","twitter_misc":{"Escrito por":"Redacci\u00f3n","Tiempo de lectura":"2 minutos"},"schema":{"@context":"https:\/\/schema.org","@graph":[{"@type":"Organization","@id":"https:\/\/soledaddurazo.com\/#organization","name":"Soledad Durazo","url":"https:\/\/soledaddurazo.com\/","sameAs":["https:\/\/www.facebook.com\/soledad.durazo.9\/","https:\/\/www.instagram.com\/soledaddurazo","https:\/\/www.youtube.com\/channel\/UC9yGPw8-Vbl_B2XNkRwPS-w","https:\/\/twitter.com\/SoledadDurazo"],"logo":{"@type":"ImageObject","@id":"https:\/\/soledaddurazo.com\/#logo","inLanguage":"es","url":"https:\/\/soledaddurazo.com\/storage\/2021\/11\/nllp-720x375-1-2.png","contentUrl":"https:\/\/soledaddurazo.com\/storage\/2021\/11\/nllp-720x375-1-2.png","width":720,"height":375,"caption":"Soledad Durazo"},"image":{"@id":"https:\/\/soledaddurazo.com\/#logo"}},{"@type":"WebSite","@id":"https:\/\/soledaddurazo.com\/#website","url":"https:\/\/soledaddurazo.com\/","name":"Periodista SoledadDurazo.com","description":"Periodista sonorense. Directora de www.SoledadDurazo.com Columnista, conductora de radio y Tv. Catedr\u00e1tica en la UNISON","publisher":{"@id":"https:\/\/soledaddurazo.com\/#organization"},"potentialAction":[{"@type":"SearchAction","target":{"@type":"EntryPoint","urlTemplate":"https:\/\/soledaddurazo.com\/?s={search_term_string}"},"query-input":"required name=search_term_string"}],"inLanguage":"es"},{"@type":"ImageObject","@id":"https:\/\/soledaddurazo.com\/blog\/2024\/12\/17\/alumno-de-conalep-sonora-obtiene-medallas-de-oro-en-competencia-internacional-de-karate\/#primaryimage","inLanguage":"es","url":"https:\/\/soledaddurazo.com\/storage\/2024\/12\/mail-2.jpeg","contentUrl":"https:\/\/soledaddurazo.com\/storage\/2024\/12\/mail-2.jpeg","width":890,"height":736},{"@type":"WebPage","@id":"https:\/\/soledaddurazo.com\/blog\/2024\/12\/17\/alumno-de-conalep-sonora-obtiene-medallas-de-oro-en-competencia-internacional-de-karate\/#webpage","url":"https:\/\/soledaddurazo.com\/blog\/2024\/12\/17\/alumno-de-conalep-sonora-obtiene-medallas-de-oro-en-competencia-internacional-de-karate\/","name":"Alumno de Conalep Sonora obtiene medallas de oro en competencia internacional de karate - Periodista SoledadDurazo.com","isPartOf":{"@id":"https:\/\/soledaddurazo.com\/#website"},"primaryImageOfPage":{"@id":"https:\/\/soledaddurazo.com\/blog\/2024\/12\/17\/alumno-de-conalep-sonora-obtiene-medallas-de-oro-en-competencia-internacional-de-karate\/#primaryimage"},"datePublished":"2024-12-17T07:04:37+00:00","dateModified":"2024-12-17T07:04:37+00:00","breadcrumb":{"@id":"https:\/\/soledaddurazo.com\/blog\/2024\/12\/17\/alumno-de-conalep-sonora-obtiene-medallas-de-oro-en-competencia-internacional-de-karate\/#breadcrumb"},"inLanguage":"es","potentialAction":[{"@type":"ReadAction","target":["https:\/\/soledaddurazo.com\/blog\/2024\/12\/17\/alumno-de-conalep-sonora-obtiene-medallas-de-oro-en-competencia-internacional-de-karate\/"]}]},{"@type":"BreadcrumbList","@id":"https:\/\/soledaddurazo.com\/blog\/2024\/12\/17\/alumno-de-conalep-sonora-obtiene-medallas-de-oro-en-competencia-internacional-de-karate\/#breadcrumb","itemListElement":[{"@type":"ListItem","position":1,"name":"Home","item":"https:\/\/soledaddurazo.com\/"},{"@type":"ListItem","position":2,"name":"Alumno de Conalep Sonora obtiene medallas de oro en competencia internacional de karate"}]},{"@type":"Article","@id":"https:\/\/soledaddurazo.com\/blog\/2024\/12\/17\/alumno-de-conalep-sonora-obtiene-medallas-de-oro-en-competencia-internacional-de-karate\/#article","isPartOf":{"@id":"https:\/\/soledaddurazo.com\/blog\/2024\/12\/17\/alumno-de-conalep-sonora-obtiene-medallas-de-oro-en-competencia-internacional-de-karate\/#webpage"},"author":{"@id":"https:\/\/soledaddurazo.com\/#\/schema\/person\/822d8e13aa288585e6546f179853758b"},"headline":"Alumno de Conalep Sonora obtiene medallas de oro en competencia internacional de karate","datePublished":"2024-12-17T07:04:37+00:00","dateModified":"2024-12-17T07:04:37+00:00","mainEntityOfPage":{"@id":"https:\/\/soledaddurazo.com\/blog\/2024\/12\/17\/alumno-de-conalep-sonora-obtiene-medallas-de-oro-en-competencia-internacional-de-karate\/#webpage"},"wordCount":310,"commentCount":0,"publisher":{"@id":"https:\/\/soledaddurazo.com\/#organization"},"image":{"@id":"https:\/\/soledaddurazo.com\/blog\/2024\/12\/17\/alumno-de-conalep-sonora-obtiene-medallas-de-oro-en-competencia-internacional-de-karate\/#primaryimage"},"thumbnailUrl":"https:\/\/soledaddurazo.com\/storage\/2024\/12\/mail-2.jpeg","articleSection":["Mi Sonora"],"inLanguage":"es","potentialAction":[{"@type":"CommentAction","name":"Comment","target":["https:\/\/soledaddurazo.com\/blog\/2024\/12\/17\/alumno-de-conalep-sonora-obtiene-medallas-de-oro-en-competencia-internacional-de-karate\/#respond"]}]},{"@type":"Person","@id":"https:\/\/soledaddurazo.com\/#\/schema\/person\/822d8e13aa288585e6546f179853758b","name":"Redacci\u00f3n","image":{"@type":"ImageObject","@id":"https:\/\/soledaddurazo.com\/#personlogo","inLanguage":"es","url":"https:\/\/secure.gravatar.com\/avatar\/c4e193752f756fd61f04deebed3a3a20dc188d37edb53682d313ac57f2725d54?s=96&d=mm&r=g","contentUrl":"https:\/\/secure.gravatar.com\/avatar\/c4e193752f756fd61f04deebed3a3a20dc188d37edb53682d313ac57f2725d54?s=96&d=mm&r=g","caption":"Redacci\u00f3n"},"sameAs":["https:\/\/soledaddurazo.com"]}]}},"_links":{"self":[{"href":"https:\/\/soledaddurazo.com\/api\/wp\/v2\/posts\/21682","targetHints":{"allow":["GET"]}}],"collection":[{"href":"https:\/\/soledaddurazo.com\/api\/wp\/v2\/posts"}],"about":[{"href":"https:\/\/soledaddurazo.com\/api\/wp\/v2\/types\/post"}],"author":[{"embeddable":true,"href":"https:\/\/soledaddurazo.com\/api\/wp\/v2\/users\/1"}],"replies":[{"embeddable":true,"href":"https:\/\/soledaddurazo.com\/api\/wp\/v2\/comments?post=21682"}],"version-history":[{"count":1,"href":"https:\/\/soledaddurazo.com\/api\/wp\/v2\/posts\/21682\/revisions"}],"predecessor-version":[{"id":21686,"href":"https:\/\/soledaddurazo.com\/api\/wp\/v2\/posts\/21682\/revisions\/21686"}],"wp:featuredmedia":[{"embeddable":true,"href":"https:\/\/soledaddurazo.com\/api\/wp\/v2\/media\/21684"}],"wp:attachment":[{"href":"https:\/\/soledaddurazo.com\/api\/wp\/v2\/media?parent=21682"}],"wp:term":[{"taxonomy":"category","embeddable":true,"href":"https:\/\/soledaddurazo.com\/api\/wp\/v2\/categories?post=21682"},{"taxonomy":"post_tag","embeddable":true,"href":"https:\/\/soledaddurazo.com\/api\/wp\/v2\/tags?post=21682"}],"curies":[{"name":"wp","href":"https:\/\/api.w.org\/{rel}","templated":true}]}}