{"id":21645,"date":"2024-12-05T13:36:17","date_gmt":"2024-12-05T20:36:17","guid":{"rendered":"https:\/\/soledaddurazo.com\/?p=21645"},"modified":"2024-12-05T13:36:17","modified_gmt":"2024-12-05T20:36:17","slug":"juventud-y-capacidad-en-la-sec","status":"publish","type":"post","link":"https:\/\/soledaddurazo.com\/blog\/2024\/12\/05\/juventud-y-capacidad-en-la-sec\/","title":{"rendered":"Juventud y capacidad en la SEC"},"content":{"rendered":"<p><a href=\"https:\/\/soledaddurazo.com\/storage\/2024\/12\/636110ae-ef47-4ee5-adbb-ddcc3bf12771.jpeg\"><img loading=\"lazy\" decoding=\"async\" class=\"aligncenter size-full wp-image-21646\" src=\"https:\/\/soledaddurazo.com\/storage\/2024\/12\/636110ae-ef47-4ee5-adbb-ddcc3bf12771.jpeg\" alt=\"\" width=\"1280\" height=\"960\" srcset=\"https:\/\/soledaddurazo.com\/storage\/2024\/12\/636110ae-ef47-4ee5-adbb-ddcc3bf12771.jpeg 1280w, https:\/\/soledaddurazo.com\/storage\/2024\/12\/636110ae-ef47-4ee5-adbb-ddcc3bf12771-300x225.jpeg 300w, https:\/\/soledaddurazo.com\/storage\/2024\/12\/636110ae-ef47-4ee5-adbb-ddcc3bf12771-1024x768.jpeg 1024w, https:\/\/soledaddurazo.com\/storage\/2024\/12\/636110ae-ef47-4ee5-adbb-ddcc3bf12771-768x576.jpeg 768w, https:\/\/soledaddurazo.com\/storage\/2024\/12\/636110ae-ef47-4ee5-adbb-ddcc3bf12771-600x450.jpeg 600w, https:\/\/soledaddurazo.com\/storage\/2024\/12\/636110ae-ef47-4ee5-adbb-ddcc3bf12771-750x563.jpeg 750w, https:\/\/soledaddurazo.com\/storage\/2024\/12\/636110ae-ef47-4ee5-adbb-ddcc3bf12771-1140x855.jpeg 1140w\" sizes=\"auto, (max-width: 1280px) 100vw, 1280px\" \/><\/a><\/p>\n<p>En visita realizada al colectivo de reporteros de Sonora A.C. el m\u00e1s joven Secretario de Educaci\u00f3n y Cultura del Estado, en la historia, Froyl\u00e1n G\u00e1mez Gamboa, hizo un breve, pero sustancioso repaso de los programas m\u00e1s importantes en esa dependencia.<\/p>\n<p>Uniformes escolares gratuitos; \u00fatiles escolares gratuitos para alumnos de primaria; tablets gratuitas para alumnos de primero de secundaria; chips gratuitos para reforzar la conectividad de alumnos de todos los niveles educativos; reforzar la cobertura de internet en planteles escolares; programa de becas; reforzar la cultura c\u00edvica del alumnado con la celebraci\u00f3n de honores a la bandera para iniciar semana; un nuevo programa de impulso a la lectura; reforzar el programa de ense\u00f1anza del idioma ingles; el regreso del horario extendido en \u00a0escuelas primarias y secundarias para actividades culturales y deportivas: rehabilitaci\u00f3n, equipamiento y seguridad de planteles escolares; la organizaci\u00f3n del Festival Alfonso Ortiz Tirado; la adecuaci\u00f3n de los planes de estudio en universidades y tecnol\u00f3gicos a la producci\u00f3n de semiconductores, adem\u00e1s de la firma de convenio de competencias laborales, son algunas de las responsabilidades que ocupan al titular de la SEC.<\/p>\n<p>Cumplen escasos cinco meses de estrenarse como Secretario de Educaci\u00f3n, Froyl\u00e1n G\u00e1mez, pas\u00f3 con excelencia su primera prueba, el arranque del ciclo escolar 2024-2025 y superada la prueba, se ha dedicado a dotar de mayor eficacia y calidad a los programas en marcha.<\/p>\n<p>Envuelto en esa narrativa, el Secretario Froyl\u00e1n G\u00e1mez coment\u00f3 sobre el regreso del seguro escolar contra accidentes, para alumnos de todos los niveles educativos en planteles p\u00fablicos, as\u00ed como para personal administrativo y docente, que tuvo una inversi\u00f3n de 70 millones de pesos, con una p\u00f3liza de la empresa Seguros Azteca, que fue la ganadora de la licitaci\u00f3n p\u00fablica convocada por Oficial\u00eda Mayor del Gobierno del Estado.<\/p>\n<p>Se\u00f1al\u00f3 como prioridad, mejorar la seguridad en los planteles escolares, sobre todo en fin de semana y periodos vacacionales, la SEC lleva ejercido 33 millones en reparar da\u00f1os y reponer cableado, tuber\u00eda de cobre, computadoras y otros equipos que los amantes de lo ajeno han sustra\u00eddo, en Hermosillo se han aplicado la mitad de esos recursos. Hay planteles que han sufrido hasta 40 visitas de los ladrones.<\/p>\n<p>En 2025 se operar\u00e1 un plan piloto para instalar alarmas y 6 c\u00e1maras de seguridad conectadas al C5, en cada una de las 20 escuelas que abarca este programa, el objetivo es evitar los robos en planteles.<\/p>\n<p>La SEC Sonora cuenta con un presupuesto de alrededor de 23 mil millones de pesos y para el 2025, program\u00f3 el 3.1% de aumento, que permitir\u00e1 ejercer 24 mil 300 millones de pesos.<\/p>\n<p>Froyl\u00e1n G\u00e1mez Gamboa, integrante de \u201clos Durazo Boys\u201d promovido por su mentor que le vio espuelas para gallo, es el ejemplo de j\u00f3venes que conforman una nueva clase pol\u00edtica emergente, con otra mentalidad, con hambre de hacer bien las cosas, comprometida en hacer las cosas diferentes en la administraci\u00f3n p\u00fablica y que est\u00e1n demostrando que pueden tomar las riendas de una dependencia y cumplir con la responsabilidad encomendada, responsabilidad que antes estaban reservadas \u00fanicamente para perfiles de m\u00e1s experiencia.<\/p>\n<p><strong>GOBERNADOR DURAZO EN CAJEME<\/strong><\/p>\n<p>Muy rendidora la gira de trabajo realizada por el Gobernador Alfonso Durazo a Cajeme, hizo la entrega de 11 vialidades rehabilitadas, con una inversi\u00f3n de 87 millones de pesos; entreg\u00f3 13 unidades del transporte urbano que ser\u00e1n parte de una nueva ruta y anunci\u00f3 que vienen otras 14 unidades nuevas en camino, las unidades del transporte p\u00fablico en Cajeme se han duplicado en la actual administraci\u00f3n estatal, hace tres a\u00f1os solo hab\u00eda 66 unidades y con las nuevas unidades entregadas, la flota de camiones, alcanza las 130.<\/p>\n<p>Acompa\u00f1ado por el Presidente Municipal, Javier Lamarque, el Gobernador supervis\u00f3 el avance de un nuevo parque Gratitud, que cuenta con una extensi\u00f3n de 11 hect\u00e1reas y ser\u00e1 un pulm\u00f3n para Ciudad Obreg\u00f3n.<\/p>\n<p>Por \u00faltimo, realiz\u00f3 la entrega de chips telef\u00f3nicos, para reforzar la conectividad de estudiantes del Colegio de Bachilleres. <strong>\u00a0\u00a0\u00a0\u00a0<\/strong><\/p>\n<p><strong>PONEN FIN A UNA ETAPA EN EL PRI ESTATAL <\/strong><\/p>\n<p>El 04 de noviembre publiqu\u00e9 en mi cuenta de twitter, que era un hecho la salida del se\u00f1or Rogelio D\u00edaz Brown, de la dirigencia estatal del PRI y que su sucesora ser\u00eda Guadalupe Soto Holgu\u00edn.<\/p>\n<p>Finalmente, el se\u00f1or Rogelio D\u00edaz Brown, junto a buena parte del Comit\u00e9 Directivo Estatal del PRI, renunciaron. Inmediatamente Guadalupe Soto Holgu\u00edn y On\u00e9simo Aguilera Burrola, rindieron protesta como Presidenta y Secretario General del Comit\u00e9 Directivo Estatal tricolor, respectivamente.<\/p>\n<p>En el PRI nacional soplan los vientos de Alejandro Moreno C\u00e1rdenas, con la firma del partido bajo su poder, le ha dado fin a una etapa en la pol\u00edtica sonorense, en la que Manlio Fabio Beltrones, era el principal activo e influencia en todas las decisiones que se tomaran en ese partido.<\/p>\n<p>Lupita Soto ser\u00e1 la encargada de renovar al PRI en Sonora, bajo la tutela de Alejandro C\u00e1rdenas, su dirigente nacional.<\/p>\n<p><strong>REUNI\u00d3N DE CTM CON NUEVA DELEGADA DEL IMSS<\/strong><\/p>\n<p>Javier Villarreal, dirigente estatal de la CTM, junto al dirigente municipal y Diputado, Oscar Ortiz, sostuvieron una reuni\u00f3n con la doctora Mariel Mart\u00ednez, nueva Delegada del IMSS en Sonora.<\/p>\n<p>La CTM ha venido levantando la voz por las m\u00faltiples deficiencias en la prestaci\u00f3n del servicio m\u00e9dico que se ofrece en las cl\u00ednicas y hospitales del IMSS en Sonora, falta de medicamentos; derechohabientes tirados en el suelo, restreg\u00e1ndose del dolor, esperando ser atendidos en urgencias; espera de meses para ser atendido por un m\u00e9dico especialista, en pocas palabras, una crisis total.<\/p>\n<p>En su reciente asamblea estatal, la CTM acord\u00f3 tomar medidas m\u00e1s severas para exigir se mejore el servicio m\u00e9dico que afecta la calidad de vida y el bienestar de muchas familias en el estado.<\/p>\n<p><strong>RETAZOS INTERESANTES<\/strong><\/p>\n<p>1.- Acompa\u00f1ado de la Presidenta Municipal de Guaymas, Karla C\u00f3rdova; el Subsecretario de Marina, Almirante Jos\u00e9 Barradas Cobos; el Gobernador Alfonso Durazo, bot\u00f3 la draga DR-39 Capit\u00e1n Hilario Rodr\u00edguez Malpica. Embarcaci\u00f3n construida en los astilleros de la Secretar\u00eda de Marina en Guaymas, un logro m\u00e1s de la ingenier\u00eda naval y de las fuerzas armadas de nuestro pa\u00eds.<\/p>\n<p>2.- Del 27 de febrero al 4 de marzo, se realizar\u00e1 el Carnaval de Guaymas 2025 \u201cLa Fiesta es Nuestra\u201d, la Presidenta Municipal, Karla C\u00f3rdova realiz\u00f3 el anuncio oficial, el acceso a todos los eventos de esta edici\u00f3n de las fiestas carnestolendas, ser\u00e1 completamente gratuita.<\/p>\n<p>Los invito a escuchar, SONORA EN RED NOTICIAS, a las 6 de la tarde, espacio que comparto con mi amigo Arturo Chapo Soto, por el 93.3 del cuadrante de F.M. desde Guaymas para todo el sur de Sonora, informativo que tambi\u00e9n puede ser visto, por la se\u00f1al del canal 14 de Estrella Tucson TV, en el sur de Arizona.<\/p>\n<p>Regresamos a las ondas hertzianas de Hermosillo, en Radio Sol 104.7 F.M. con LENGUAS VESPERTINAS, a las 17:00 horas, junto a mis colegas Arturo Soto, Arturo Ballesteros y Octaviano Rojas, le vamos a ofrecer una peque\u00f1a dosis de grilla que vuelva amena la tarde. No se olvide, LENGUAS VESPERTINAS.<\/p>\n<p>Podemos interactuar a trav\u00e9s de mi cuenta de Twitter @feroropeza20 o en mi correo electr\u00f3nico luiso@hmo.megared.net.mx<\/p>\n<p>&nbsp;<\/p>\n<p>&nbsp;<\/p>\n<p>&nbsp;<\/p>\n<p>&nbsp;<\/p>\n<p>&nbsp;<\/p>\n<p>&nbsp;<\/p>\n","protected":false},"excerpt":{"rendered":"<p>En visita realizada al colectivo de reporteros de Sonora A.C. el m\u00e1s joven Secretario de Educaci\u00f3n y Cultura del Estado, en la historia, Froyl\u00e1n G\u00e1mez Gamboa, hizo un breve, pero sustancioso repaso de los programas m\u00e1s importantes en esa dependencia. Uniformes escolares gratuitos; \u00fatiles escolares gratuitos para alumnos de primaria; tablets gratuitas para alumnos de [&hellip;]<\/p>\n","protected":false},"author":1,"featured_media":20688,"comment_status":"open","ping_status":"open","sticky":false,"template":"","format":"standard","meta":{"footnotes":""},"categories":[1],"tags":[],"class_list":["post"],"yoast_head":" \n<title>Juventud y capacidad en la SEC - Periodista SoledadDurazo.com<\/title>\n<meta name=\"robots\" content=\"index, follow, max-snippet:-1, max-image-preview:large, max-video-preview:-1\" \/>\n<link rel=\"canonical\" href=\"https:\/\/soledaddurazo.com\/blog\/2024\/12\/05\/juventud-y-capacidad-en-la-sec\/\" \/>\n<meta property=\"og:locale\" content=\"es_MX\" \/>\n<meta property=\"og:type\" content=\"article\" \/>\n<meta property=\"og:title\" content=\"Juventud y capacidad en la SEC\" \/>\n<meta property=\"og:description\" content=\"En visita realizada al colectivo de reporteros de Sonora A.C. el m\u00e1s joven Secretario de Educaci\u00f3n y Cultura del Estado, en la historia, Froyl\u00e1n G\u00e1mez Gamboa, hizo un breve, pero sustancioso repaso de los programas m\u00e1s importantes en esa dependencia. Uniformes escolares gratuitos; \u00fatiles escolares gratuitos para alumnos de primaria; tablets gratuitas para alumnos de [&hellip;]\" \/>\n<meta property=\"og:url\" content=\"https:\/\/soledaddurazo.com\/blog\/2024\/12\/05\/juventud-y-capacidad-en-la-sec\/\" \/>\n<meta property=\"og:site_name\" content=\"Periodista SoledadDurazo.com\" \/>\n<meta property=\"article:publisher\" content=\"https:\/\/www.facebook.com\/soledad.durazo.9\/\" \/>\n<meta property=\"article:published_time\" content=\"2024-12-05T20:36:17+00:00\" \/>\n<meta property=\"og:image\" content=\"https:\/\/soledaddurazo.com\/storage\/2024\/07\/9a-GRAFICO-FERNANDO-OROPEZA.jpeg\" \/>\n\t<meta property=\"og:image:width\" content=\"1092\" \/>\n\t<meta property=\"og:image:height\" content=\"983\" \/>\n<meta name=\"twitter:card\" content=\"summary_large_image\" \/>\n<meta name=\"twitter:creator\" content=\"@SoledadDurazo\" \/>\n<meta name=\"twitter:site\" content=\"@SoledadDurazo\" \/>\n<meta name=\"twitter:label1\" content=\"Escrito por\" \/>\n\t<meta name=\"twitter:data1\" content=\"Redacci\u00f3n\" \/>\n\t<meta name=\"twitter:label2\" content=\"Tiempo de lectura\" \/>\n\t<meta name=\"twitter:data2\" content=\"6 minutos\" \/>\n<script type=\"application\/ld+json\" class=\"yoast-schema-graph\">{\"@context\":\"https:\/\/schema.org\",\"@graph\":[{\"@type\":\"Organization\",\"@id\":\"https:\/\/soledaddurazo.com\/#organization\",\"name\":\"Soledad Durazo\",\"url\":\"https:\/\/soledaddurazo.com\/\",\"sameAs\":[\"https:\/\/www.facebook.com\/soledad.durazo.9\/\",\"https:\/\/www.instagram.com\/soledaddurazo\",\"https:\/\/www.youtube.com\/channel\/UC9yGPw8-Vbl_B2XNkRwPS-w\",\"https:\/\/twitter.com\/SoledadDurazo\"],\"logo\":{\"@type\":\"ImageObject\",\"@id\":\"https:\/\/soledaddurazo.com\/#logo\",\"inLanguage\":\"es\",\"url\":\"https:\/\/soledaddurazo.com\/storage\/2021\/11\/nllp-720x375-1-2.png\",\"contentUrl\":\"https:\/\/soledaddurazo.com\/storage\/2021\/11\/nllp-720x375-1-2.png\",\"width\":720,\"height\":375,\"caption\":\"Soledad Durazo\"},\"image\":{\"@id\":\"https:\/\/soledaddurazo.com\/#logo\"}},{\"@type\":\"WebSite\",\"@id\":\"https:\/\/soledaddurazo.com\/#website\",\"url\":\"https:\/\/soledaddurazo.com\/\",\"name\":\"Periodista SoledadDurazo.com\",\"description\":\"Periodista sonorense. Directora de www.SoledadDurazo.com Columnista, conductora de radio y Tv. Catedr\\u00e1tica en la UNISON\",\"publisher\":{\"@id\":\"https:\/\/soledaddurazo.com\/#organization\"},\"potentialAction\":[{\"@type\":\"SearchAction\",\"target\":{\"@type\":\"EntryPoint\",\"urlTemplate\":\"https:\/\/soledaddurazo.com\/?s={search_term_string}\"},\"query-input\":\"required name=search_term_string\"}],\"inLanguage\":\"es\"},{\"@type\":\"ImageObject\",\"@id\":\"https:\/\/soledaddurazo.com\/blog\/2024\/12\/05\/juventud-y-capacidad-en-la-sec\/#primaryimage\",\"inLanguage\":\"es\",\"url\":\"https:\/\/soledaddurazo.com\/storage\/2024\/07\/9a-GRAFICO-FERNANDO-OROPEZA.jpeg\",\"contentUrl\":\"https:\/\/soledaddurazo.com\/storage\/2024\/07\/9a-GRAFICO-FERNANDO-OROPEZA.jpeg\",\"width\":1092,\"height\":983},{\"@type\":\"WebPage\",\"@id\":\"https:\/\/soledaddurazo.com\/blog\/2024\/12\/05\/juventud-y-capacidad-en-la-sec\/#webpage\",\"url\":\"https:\/\/soledaddurazo.com\/blog\/2024\/12\/05\/juventud-y-capacidad-en-la-sec\/\",\"name\":\"Juventud y capacidad en la SEC - Periodista SoledadDurazo.com\",\"isPartOf\":{\"@id\":\"https:\/\/soledaddurazo.com\/#website\"},\"primaryImageOfPage\":{\"@id\":\"https:\/\/soledaddurazo.com\/blog\/2024\/12\/05\/juventud-y-capacidad-en-la-sec\/#primaryimage\"},\"datePublished\":\"2024-12-05T20:36:17+00:00\",\"dateModified\":\"2024-12-05T20:36:17+00:00\",\"breadcrumb\":{\"@id\":\"https:\/\/soledaddurazo.com\/blog\/2024\/12\/05\/juventud-y-capacidad-en-la-sec\/#breadcrumb\"},\"inLanguage\":\"es\",\"potentialAction\":[{\"@type\":\"ReadAction\",\"target\":[\"https:\/\/soledaddurazo.com\/blog\/2024\/12\/05\/juventud-y-capacidad-en-la-sec\/\"]}]},{\"@type\":\"BreadcrumbList\",\"@id\":\"https:\/\/soledaddurazo.com\/blog\/2024\/12\/05\/juventud-y-capacidad-en-la-sec\/#breadcrumb\",\"itemListElement\":[{\"@type\":\"ListItem\",\"position\":1,\"name\":\"Home\",\"item\":\"https:\/\/soledaddurazo.com\/\"},{\"@type\":\"ListItem\",\"position\":2,\"name\":\"Juventud y capacidad en la SEC\"}]},{\"@type\":\"Article\",\"@id\":\"https:\/\/soledaddurazo.com\/blog\/2024\/12\/05\/juventud-y-capacidad-en-la-sec\/#article\",\"isPartOf\":{\"@id\":\"https:\/\/soledaddurazo.com\/blog\/2024\/12\/05\/juventud-y-capacidad-en-la-sec\/#webpage\"},\"author\":{\"@id\":\"https:\/\/soledaddurazo.com\/#\/schema\/person\/822d8e13aa288585e6546f179853758b\"},\"headline\":\"Juventud y capacidad en la SEC\",\"datePublished\":\"2024-12-05T20:36:17+00:00\",\"dateModified\":\"2024-12-05T20:36:17+00:00\",\"mainEntityOfPage\":{\"@id\":\"https:\/\/soledaddurazo.com\/blog\/2024\/12\/05\/juventud-y-capacidad-en-la-sec\/#webpage\"},\"wordCount\":1242,\"commentCount\":0,\"publisher\":{\"@id\":\"https:\/\/soledaddurazo.com\/#organization\"},\"image\":{\"@id\":\"https:\/\/soledaddurazo.com\/blog\/2024\/12\/05\/juventud-y-capacidad-en-la-sec\/#primaryimage\"},\"thumbnailUrl\":\"https:\/\/soledaddurazo.com\/storage\/2024\/07\/9a-GRAFICO-FERNANDO-OROPEZA.jpeg\",\"inLanguage\":\"es\",\"potentialAction\":[{\"@type\":\"CommentAction\",\"name\":\"Comment\",\"target\":[\"https:\/\/soledaddurazo.com\/blog\/2024\/12\/05\/juventud-y-capacidad-en-la-sec\/#respond\"]}]},{\"@type\":\"Person\",\"@id\":\"https:\/\/soledaddurazo.com\/#\/schema\/person\/822d8e13aa288585e6546f179853758b\",\"name\":\"Redacci\\u00f3n\",\"image\":{\"@type\":\"ImageObject\",\"@id\":\"https:\/\/soledaddurazo.com\/#personlogo\",\"inLanguage\":\"es\",\"url\":\"https:\/\/secure.gravatar.com\/avatar\/c4e193752f756fd61f04deebed3a3a20dc188d37edb53682d313ac57f2725d54?s=96&d=mm&r=g\",\"contentUrl\":\"https:\/\/secure.gravatar.com\/avatar\/c4e193752f756fd61f04deebed3a3a20dc188d37edb53682d313ac57f2725d54?s=96&d=mm&r=g\",\"caption\":\"Redacci\\u00f3n\"},\"sameAs\":[\"https:\/\/soledaddurazo.com\"]}]}<\/script>\n ","yoast_head_json":{"title":"Juventud y capacidad en la SEC - Periodista SoledadDurazo.com","robots":{"index":"index","follow":"follow","max-snippet":"max-snippet:-1","max-image-preview":"max-image-preview:large","max-video-preview":"max-video-preview:-1"},"canonical":"https:\/\/soledaddurazo.com\/blog\/2024\/12\/05\/juventud-y-capacidad-en-la-sec\/","og_locale":"es_MX","og_type":"article","og_title":"Juventud y capacidad en la SEC","og_description":"En visita realizada al colectivo de reporteros de Sonora A.C. el m\u00e1s joven Secretario de Educaci\u00f3n y Cultura del Estado, en la historia, Froyl\u00e1n G\u00e1mez Gamboa, hizo un breve, pero sustancioso repaso de los programas m\u00e1s importantes en esa dependencia. Uniformes escolares gratuitos; \u00fatiles escolares gratuitos para alumnos de primaria; tablets gratuitas para alumnos de [&hellip;]","og_url":"https:\/\/soledaddurazo.com\/blog\/2024\/12\/05\/juventud-y-capacidad-en-la-sec\/","og_site_name":"Periodista SoledadDurazo.com","article_publisher":"https:\/\/www.facebook.com\/soledad.durazo.9\/","article_published_time":"2024-12-05T20:36:17+00:00","og_image":[{"width":1092,"height":983,"url":"https:\/\/soledaddurazo.com\/storage\/2024\/07\/9a-GRAFICO-FERNANDO-OROPEZA.jpeg","type":"image\/jpeg"}],"twitter_card":"summary_large_image","twitter_creator":"@SoledadDurazo","twitter_site":"@SoledadDurazo","twitter_misc":{"Escrito por":"Redacci\u00f3n","Tiempo de lectura":"6 minutos"},"schema":{"@context":"https:\/\/schema.org","@graph":[{"@type":"Organization","@id":"https:\/\/soledaddurazo.com\/#organization","name":"Soledad Durazo","url":"https:\/\/soledaddurazo.com\/","sameAs":["https:\/\/www.facebook.com\/soledad.durazo.9\/","https:\/\/www.instagram.com\/soledaddurazo","https:\/\/www.youtube.com\/channel\/UC9yGPw8-Vbl_B2XNkRwPS-w","https:\/\/twitter.com\/SoledadDurazo"],"logo":{"@type":"ImageObject","@id":"https:\/\/soledaddurazo.com\/#logo","inLanguage":"es","url":"https:\/\/soledaddurazo.com\/storage\/2021\/11\/nllp-720x375-1-2.png","contentUrl":"https:\/\/soledaddurazo.com\/storage\/2021\/11\/nllp-720x375-1-2.png","width":720,"height":375,"caption":"Soledad Durazo"},"image":{"@id":"https:\/\/soledaddurazo.com\/#logo"}},{"@type":"WebSite","@id":"https:\/\/soledaddurazo.com\/#website","url":"https:\/\/soledaddurazo.com\/","name":"Periodista SoledadDurazo.com","description":"Periodista sonorense. Directora de www.SoledadDurazo.com Columnista, conductora de radio y Tv. Catedr\u00e1tica en la UNISON","publisher":{"@id":"https:\/\/soledaddurazo.com\/#organization"},"potentialAction":[{"@type":"SearchAction","target":{"@type":"EntryPoint","urlTemplate":"https:\/\/soledaddurazo.com\/?s={search_term_string}"},"query-input":"required name=search_term_string"}],"inLanguage":"es"},{"@type":"ImageObject","@id":"https:\/\/soledaddurazo.com\/blog\/2024\/12\/05\/juventud-y-capacidad-en-la-sec\/#primaryimage","inLanguage":"es","url":"https:\/\/soledaddurazo.com\/storage\/2024\/07\/9a-GRAFICO-FERNANDO-OROPEZA.jpeg","contentUrl":"https:\/\/soledaddurazo.com\/storage\/2024\/07\/9a-GRAFICO-FERNANDO-OROPEZA.jpeg","width":1092,"height":983},{"@type":"WebPage","@id":"https:\/\/soledaddurazo.com\/blog\/2024\/12\/05\/juventud-y-capacidad-en-la-sec\/#webpage","url":"https:\/\/soledaddurazo.com\/blog\/2024\/12\/05\/juventud-y-capacidad-en-la-sec\/","name":"Juventud y capacidad en la SEC - Periodista SoledadDurazo.com","isPartOf":{"@id":"https:\/\/soledaddurazo.com\/#website"},"primaryImageOfPage":{"@id":"https:\/\/soledaddurazo.com\/blog\/2024\/12\/05\/juventud-y-capacidad-en-la-sec\/#primaryimage"},"datePublished":"2024-12-05T20:36:17+00:00","dateModified":"2024-12-05T20:36:17+00:00","breadcrumb":{"@id":"https:\/\/soledaddurazo.com\/blog\/2024\/12\/05\/juventud-y-capacidad-en-la-sec\/#breadcrumb"},"inLanguage":"es","potentialAction":[{"@type":"ReadAction","target":["https:\/\/soledaddurazo.com\/blog\/2024\/12\/05\/juventud-y-capacidad-en-la-sec\/"]}]},{"@type":"BreadcrumbList","@id":"https:\/\/soledaddurazo.com\/blog\/2024\/12\/05\/juventud-y-capacidad-en-la-sec\/#breadcrumb","itemListElement":[{"@type":"ListItem","position":1,"name":"Home","item":"https:\/\/soledaddurazo.com\/"},{"@type":"ListItem","position":2,"name":"Juventud y capacidad en la SEC"}]},{"@type":"Article","@id":"https:\/\/soledaddurazo.com\/blog\/2024\/12\/05\/juventud-y-capacidad-en-la-sec\/#article","isPartOf":{"@id":"https:\/\/soledaddurazo.com\/blog\/2024\/12\/05\/juventud-y-capacidad-en-la-sec\/#webpage"},"author":{"@id":"https:\/\/soledaddurazo.com\/#\/schema\/person\/822d8e13aa288585e6546f179853758b"},"headline":"Juventud y capacidad en la SEC","datePublished":"2024-12-05T20:36:17+00:00","dateModified":"2024-12-05T20:36:17+00:00","mainEntityOfPage":{"@id":"https:\/\/soledaddurazo.com\/blog\/2024\/12\/05\/juventud-y-capacidad-en-la-sec\/#webpage"},"wordCount":1242,"commentCount":0,"publisher":{"@id":"https:\/\/soledaddurazo.com\/#organization"},"image":{"@id":"https:\/\/soledaddurazo.com\/blog\/2024\/12\/05\/juventud-y-capacidad-en-la-sec\/#primaryimage"},"thumbnailUrl":"https:\/\/soledaddurazo.com\/storage\/2024\/07\/9a-GRAFICO-FERNANDO-OROPEZA.jpeg","inLanguage":"es","potentialAction":[{"@type":"CommentAction","name":"Comment","target":["https:\/\/soledaddurazo.com\/blog\/2024\/12\/05\/juventud-y-capacidad-en-la-sec\/#respond"]}]},{"@type":"Person","@id":"https:\/\/soledaddurazo.com\/#\/schema\/person\/822d8e13aa288585e6546f179853758b","name":"Redacci\u00f3n","image":{"@type":"ImageObject","@id":"https:\/\/soledaddurazo.com\/#personlogo","inLanguage":"es","url":"https:\/\/secure.gravatar.com\/avatar\/c4e193752f756fd61f04deebed3a3a20dc188d37edb53682d313ac57f2725d54?s=96&d=mm&r=g","contentUrl":"https:\/\/secure.gravatar.com\/avatar\/c4e193752f756fd61f04deebed3a3a20dc188d37edb53682d313ac57f2725d54?s=96&d=mm&r=g","caption":"Redacci\u00f3n"},"sameAs":["https:\/\/soledaddurazo.com"]}]}},"_links":{"self":[{"href":"https:\/\/soledaddurazo.com\/api\/wp\/v2\/posts\/21645","targetHints":{"allow":["GET"]}}],"collection":[{"href":"https:\/\/soledaddurazo.com\/api\/wp\/v2\/posts"}],"about":[{"href":"https:\/\/soledaddurazo.com\/api\/wp\/v2\/types\/post"}],"author":[{"embeddable":true,"href":"https:\/\/soledaddurazo.com\/api\/wp\/v2\/users\/1"}],"replies":[{"embeddable":true,"href":"https:\/\/soledaddurazo.com\/api\/wp\/v2\/comments?post=21645"}],"version-history":[{"count":1,"href":"https:\/\/soledaddurazo.com\/api\/wp\/v2\/posts\/21645\/revisions"}],"predecessor-version":[{"id":21647,"href":"https:\/\/soledaddurazo.com\/api\/wp\/v2\/posts\/21645\/revisions\/21647"}],"wp:featuredmedia":[{"embeddable":true,"href":"https:\/\/soledaddurazo.com\/api\/wp\/v2\/media\/20688"}],"wp:attachment":[{"href":"https:\/\/soledaddurazo.com\/api\/wp\/v2\/media?parent=21645"}],"wp:term":[{"taxonomy":"category","embeddable":true,"href":"https:\/\/soledaddurazo.com\/api\/wp\/v2\/categories?post=21645"},{"taxonomy":"post_tag","embeddable":true,"href":"https:\/\/soledaddurazo.com\/api\/wp\/v2\/tags?post=21645"}],"curies":[{"name":"wp","href":"https:\/\/api.w.org\/{rel}","templated":true}]}}