{"id":21484,"date":"2024-11-30T01:44:34","date_gmt":"2024-11-30T08:44:34","guid":{"rendered":"https:\/\/soledaddurazo.com\/?p=21484"},"modified":"2024-12-01T01:00:23","modified_gmt":"2024-12-01T08:00:23","slug":"los-vivos-entrevista-con-emilio-monge","status":"publish","type":"post","link":"https:\/\/soledaddurazo.com\/blog\/2024\/11\/30\/los-vivos-entrevista-con-emilio-monge\/","title":{"rendered":"Los vivos&#8230; entrevista con Emilio Monge"},"content":{"rendered":"<p><em>Por<\/em><strong><em> Diana Morales <\/em><\/strong><\/p>\n<p><strong><em>Los vivos<\/em><\/strong> incluye referencias a elementos de la cultura y el lenguaje Comca\u2019ac (Seri) de Sonora, lo cual enriquece el contexto de la obra. Monge introduce esta cultura para enfatizar c\u00f3mo el lenguaje puede nombrar desde la ausencia en lugar de la presencia, como una forma de reflejar las p\u00e9rdidas y los vac\u00edos en la sociedad.<\/p>\n<p>Soledad Durazo se\u00f1ala que la obra parece una constante batalla entre recordar y olvidar a los desaparecidos, algo que Monge concuerda. Ambos reflexionan sobre c\u00f3mo el tema de los desaparecidos deber\u00eda ocupar un lugar prioritario en los medios y en la conversaci\u00f3n p\u00fablica, dada su relevancia y el dolor que causa en la sociedad.<\/p>\n<p>La novela aborda el tema de los desaparecidos desde la perspectiva del impacto de la ausencia en los seres queridos. Monge describe c\u00f3mo este vac\u00edo se convierte en un \u201cv\u00f3rtice\u201d que afecta continuamente a quienes quedan atr\u00e1s, aludiendo a la forma en que la literatura puede explorar esos espacios de incertidumbre e incomprensi\u00f3n.<\/p>\n<p><a href=\"https:\/\/soledaddurazo.com\/storage\/2024\/11\/81wvhylJOjL._UF8941000_QL80_.jpg\"><img loading=\"lazy\" decoding=\"async\" class=\"aligncenter size-full wp-image-21485\" src=\"https:\/\/soledaddurazo.com\/storage\/2024\/11\/81wvhylJOjL._UF8941000_QL80_.jpg\" alt=\"\" width=\"587\" height=\"1000\" srcset=\"https:\/\/soledaddurazo.com\/storage\/2024\/11\/81wvhylJOjL._UF8941000_QL80_.jpg 587w, https:\/\/soledaddurazo.com\/storage\/2024\/11\/81wvhylJOjL._UF8941000_QL80_-176x300.jpg 176w\" sizes=\"auto, (max-width: 587px) 100vw, 587px\" \/><\/a><\/p>\n<p><strong>La entrevista<\/strong><\/p>\n<p>Emiliano Monge, Escritor de <strong><em>Los Vivos<\/em><\/strong> fue entrevistado por la periodista Soledad Durazo durante el programa de Noticias en Radio F\u00f3rmula Sonora.<\/p>\n<p><strong>SD<\/strong>: Quiero decirte que asumo que como lectora, muchas veces intento descubrir o decodificar el mensaje del autor y no soltarme eh pues no s\u00e9 por la no irme por la libre quiz\u00e1 arbitraria eh del y texto y quiero decirte que leer tu libro me reto bastante Emiliano eh constantemente para intentar descubrir hacia d\u00f3nde hacia qu\u00e9 temas nos quer\u00edas llevar y eso lo descubr\u00ed ya que hab\u00eda le\u00eddo pues m\u00e1s de la mitad eh a lo mejor las dos terceras partes del texto.<\/p>\n<p><strong>SD<\/strong>: Me parece muy muy astuta, me parece muy astuta y por lo mismo eh fascinante eh la manera en que abordas uno de los temas de los flagelos que dejan sin aliento a cientos de familias en este en este pa\u00eds y no digo m\u00e1s todav\u00eda para no develar la historia. Te felicito eh muy muy bien tejida la historia de los vivos. Y lo primero que me llam\u00f3 la atenci\u00f3n fueron eh los nombres poco usuales eh de algunos personajes por decir este herencia, vestigio, permanencia, hincapi\u00e9, edometr\u00eda, eh bienvenida, necesite una segunda lectura yo creo para para ya desde el principio este ir justificando o este ya sabiendo el desenlace eh asumir o ver por qu\u00e9 eh interpretar por qu\u00e9 pusiste esos nombres.<\/p>\n<p><strong>EM<\/strong>: De la novela, s\u00ed, son nombres que efectivamente, como dices, llaman la atenci\u00f3n. Cuando uno piensa en nombres comunes y corrientes, nombres de los de toda la vida, de Emiliano, Paula, Luc\u00eda, Mario, cualquier nombre que hayamos escuchado o le\u00eddo, lo primero que pensamos es en el uno, en la singularidad, en la tonicidad que da, que otorga el nombre, \u00bfno?<\/p>\n<p><strong>EM<\/strong>: Eso nos pasa cuando nos presentan a alguien, pero tenemos, estamos leyendo, aunque despu\u00e9s, durante la lectura o conociendo a esa persona que nos presentaron, se va a ir teniendo m\u00e1s caracter\u00edsticas, pero lo primero es que el nombre lo convierte en una persona en unicidad, de la unicidad. Los nombres de la novela, los nombres de los vivos tratan de romper esta idea, apela m\u00e1s a una condici\u00f3n, \u00bfno? O a una caracter\u00edstica m\u00e1s que a la unicidad, vestigia, por ejemplo, tiene que ver con, alumbra de alg\u00fan modo, trata de alumbrar el inter\u00e9s.<\/p>\n<p><strong>EM<\/strong>: Pero tambi\u00e9n ese mundo en el que est\u00e1n los personajes, que es ese mundo en el que transcurre los vivos, que se parece tanto a este en el que estamos, que de alg\u00fan modo es y de alg\u00fan modo no, \u00bfno?<\/p>\n<p><strong>SD<\/strong>: S\u00ed.<\/p>\n<p><strong>EM<\/strong>: Este y todos los nombres un poco juegan a eso por un lado y por el otro tiene que ver con lo mismo, con la con la pluralidad, \u00bfno? Vesticia es muchas mujeres en una hincapi\u00e9 es muchos hombres en uno son las historias de muchas personas metaforizadas en un personaje, igual que el ni\u00f1o ni se diga, \u00bfno?<\/p>\n<p>&nbsp;<\/p>\n<p><strong>EM<\/strong>: El ni\u00f1o ya ni siquiera es una caracter\u00edstica, sino una condici\u00f3n digamos como como vital, \u00bfno?<\/p>\n<p><strong>SD<\/strong>: Menciona es la carretera federal setenta y cuatro, que es una carretera eh que recorre el estado de Nayarit, inicia en el tigre, donde eh entronca con eh la carretera federal quince, que es la de nosotros aqu\u00ed en Sonora, s\u00ed, y este no s\u00e9, \u00bfC\u00f3mo es que llegas a elementos, a introducir elementos en el texto, que tienen que ver con los Comca\u2019ac, con los Seris, este, las figuras de palo fierro, el a\u00f1o nuevo, seri?<\/p>\n<p><strong>EM<\/strong>: Es curioso eso que mencionas, \u00a0porque cuando uno eh yo he escrito diversas novelas, algunas partes de lo biogr\u00e1fico, del autobiogr\u00e1fico, otras partes de la ficci\u00f3n pura, \u00a0una incluso es una especie de iron\u00eda, \u00bfNo? O\u00a0 m\u00e1s bien de una eh distrofia \u00a0mitol\u00f3gica, \u00bfNo? Que fue tejer la oscuridad, eh y me hab\u00eda enfrentado un mont\u00f3n de escenarios salvo a uno como este de los vivos, que es la idea de generar un espacio eh completamente distinto a este espacio en el que estamos, pero necesariamente, eh casi id\u00e9ntico de modo\u00a0 que el lector pudiera confundir o preguntarse si estamos aqu\u00ed o no estamos aqu\u00ed.<\/p>\n<p><strong>SD<\/strong>: Totalmente lo consigues. Hay momentos que digo, \u00bfestos personajes est\u00e1n vivos o es el dolor de los vivos que los hace sentir como muertos? Esta pregunta me la formule cuando todav\u00eda no llegaba al ep\u00edlogo, que por cierto es de agradecer a ese ep\u00edlogo, pero hay que leerlo, quienes nos est\u00e9n escuchando que no se vayan a leer el ep\u00edlogo de inmediato, que se lleven el libro as\u00ed como va.<\/p>\n<p><strong>EM<\/strong>: Yo tambi\u00e9n espero que no vayan a leer el ep\u00edlogo primero. Pero incluso tambi\u00e9n te dir\u00eda que est\u00e1 pensada que es una novela que se puede leer sin leer el pr\u00f3logo y sin leer el ep\u00edlogo tambi\u00e9n. Y genera una lectura distinta, creo.\u00a0 Pero no menos literaria. Ahora, te dec\u00eda que me da mucho gusto y te agradezco con las medidas que se logra. Porque es un poco lo que lo que se trata no es de ese de ese de ese como desarraigo del espacio no porque cuando uno habla de desaparecidos no cuando uno habla con los familiares de los desaparecidos y ahora respondo lo anterior que me preguntaba o cuando uno est\u00e1 se acerca tanto como me acerque al tema durante tantos a\u00f1os hay muchas cosas que se van notando no y la que me parece a m\u00ed m\u00e1s poderosa desde que como material literario es el hecho del enorme tragedia que genera la ausencia no es decir cuando alguien responda alguien no est\u00e1 eso se vuelve un hueco pero no solamente un hueco un vac\u00edo para para quien se fue evidentemente los para quien desapareci\u00f3 sino para su familia obviamente para los familiares los amigos las parejas los amantes es algo que no solamente es un agujero es una suerte de v\u00f3rtice que sigue succionando porque todos los d\u00edas se lleva un pedazo de presente, de sentimientos, de ideas, de quienes se quedaron y sobre todo obviamente de quien de quien se fue de quien desapareci\u00f3 y la pregunta es \u00bfqu\u00e9 hay en ese espacio? no ese ese hueco si nos pudi\u00e9ramos asomar\u00a0 que es un hueco al que no se puede asomar, pues ni la ciencia, ni las ciencias sociales, ni el periodismo, ni la historia, ni la filosof\u00eda, ni la f\u00edsica cu\u00e1ntica, \u00bfqu\u00e9 encontrar\u00edamos? \u00bfC\u00f3mo ser\u00eda, no? Y la literatura y el arte en general tienen la ventaja de que nos permiten, entre muchas otras cosas, pueden ser nuestros sentidos en esos espacios de extra\u00f1ez absoluta a los que no podemos asomarnos. Los vivos tratan de asomarse ah\u00ed, en ese lugar. Por eso es una novela de desaparecidos y de aparecidos, porque los desaparecidos de un lugar son aparecidos en otro lugar. Y ese otro lugar es un poco en el que transcurre la novela. Ahora, te lo digo todo esto para responderte, a veces el azar tambi\u00e9n se pone al lado de los escritores.<\/p>\n<p><strong>SD<\/strong>: Si.<\/p>\n<p><strong>EM<\/strong>: Yo no sab\u00eda que esa carretera exist\u00eda, la nombr\u00e9.<\/p>\n<p><strong>SD<\/strong>: Pues a m\u00ed me, cuando la nombraste, me pusiste a buscar d\u00f3nde estaba.<\/p>\n<p><strong>EM<\/strong>: A m\u00ed pues a m\u00ed me encanta que adem\u00e1s est\u00e9 cerca del territorio de los Seris. Que es el territorio de alg\u00fan modo emocional del lenguaje de la novela. S\u00ed. Por lo que a veces el azar juega a favor de los libros y de las historias y de los escritores. Porque claro es una carretera que yo eh le puse el n\u00famero como le pude haber puesto cuantos n\u00fameros hay.<\/p>\n<p><strong>SD<\/strong>: S\u00ed claro.<\/p>\n<p><strong>EM<\/strong>: La posibilidad era infinita, \u00bfNo? S\u00ed. Y cay\u00f3 en esa y y me da mucho gusto porque adem\u00e1s de alg\u00fan modo es el momento en que la novela empieza a resolverse.<\/p>\n<p><strong>SD<\/strong>: Aj\u00e1.<\/p>\n<p><strong>EM<\/strong>: Con esa entrada de la lengua con Comca\u2019ac con ese momento en el que se habla de la lengua que nombra eh m\u00e1s por la ausencia que por la presencia por lo que en general pensamos todas las idiomas que conocemos el nuestro eh nombra por lo evidente \u00bfNo?. Es decir este eh pensemos incluso en la burla \u00bfNo? Eh al ni\u00f1o con lentes se le dice eh<\/p>\n<p><strong>SD<\/strong>: cuatro ojos.<\/p>\n<p><strong>EM<\/strong>: S\u00ed. Pero en la lengua Comca\u2019ac con tal y como aparece en el libro es se nombra a partir de la de lo que no est\u00e1 de la ausencia. S\u00ed. A quien se le dice vista de \u00e1guila es al ciego \u00bfNo? Aj\u00e1. O al cojo se le dice rayo veloz. S\u00ed. Eh en vez de en vez de decirle eh como como se nombrar\u00eda eh a partir del evidente \u00bfNo? Entonces eh esto me parece como es un momento fundamental en la novela y adem\u00e1s tiene que ver con el t\u00edtulo mismo la novela \u00bfNo? De los vivos. Porque no sabemos si es una cuesti\u00f3n nombrada desde la presencia o de o de lo evidente. Bien. De la ausencia y de lo que me est\u00e1. S\u00ed.<\/p>\n<p><strong>SD<\/strong>: Y finalmente es una lucha entre el recuerdo y el olvido. Te agradezco hayas tomado la llamada para conversar sobre este libro, los vivos de Emiliano Monje, que la verdad de las cosas, insisto, este no, no desistan cuando lo est\u00e9n leyendo, no desistan porque creo que tiene un desenlace este bastante afortunado y sobre todo, insisto, un abordaje muy creativo, fascinante de un tema que pues es el flagelo de nuestros d\u00edas, el de los desaparecidos.<\/p>\n<p><strong>EM<\/strong>: El flagelo y la desgracia.<\/p>\n<p><strong>SD<\/strong>: S\u00ed<\/p>\n<p>EM: La primera, tendr\u00eda que ser la primera plana de los peri\u00f3dicos y la presencia principal con la que habr\u00eda la radio y la televisi\u00f3n, todos sus noticieros, \u00bfNo? Estoy de acuerdo y te agradezco yo a ti much\u00edsimo el espacio y la conversaci\u00f3n, insisto, la lectura sobre todo. Venga, pues un abrazo, muchas gracias.<\/p>\n","protected":false},"excerpt":{"rendered":"<p>Por Diana Morales Los vivos incluye referencias a elementos de la cultura y el lenguaje Comca\u2019ac (Seri) de Sonora, lo cual enriquece el contexto de la obra. Monge introduce esta cultura para enfatizar c\u00f3mo el lenguaje puede nombrar desde la ausencia en lugar de la presencia, como una forma de reflejar las p\u00e9rdidas y los [&hellip;]<\/p>\n","protected":false},"author":1,"featured_media":21486,"comment_status":"open","ping_status":"open","sticky":false,"template":"","format":"standard","meta":{"footnotes":""},"categories":[162,153],"tags":[],"class_list":["post"],"yoast_head":" \n<title>Los vivos... entrevista con Emilio Monge - Periodista SoledadDurazo.com<\/title>\n<meta name=\"robots\" content=\"index, follow, max-snippet:-1, max-image-preview:large, max-video-preview:-1\" \/>\n<link rel=\"canonical\" href=\"https:\/\/soledaddurazo.com\/blog\/2024\/11\/30\/los-vivos-entrevista-con-emilio-monge\/\" \/>\n<meta property=\"og:locale\" content=\"es_MX\" \/>\n<meta property=\"og:type\" content=\"article\" \/>\n<meta property=\"og:title\" content=\"Los vivos... entrevista con Emilio Monge\" \/>\n<meta property=\"og:description\" content=\"Por Diana Morales Los vivos incluye referencias a elementos de la cultura y el lenguaje Comca\u2019ac (Seri) de Sonora, lo cual enriquece el contexto de la obra. Monge introduce esta cultura para enfatizar c\u00f3mo el lenguaje puede nombrar desde la ausencia en lugar de la presencia, como una forma de reflejar las p\u00e9rdidas y los [&hellip;]\" \/>\n<meta property=\"og:url\" content=\"https:\/\/soledaddurazo.com\/blog\/2024\/11\/30\/los-vivos-entrevista-con-emilio-monge\/\" \/>\n<meta property=\"og:site_name\" content=\"Periodista SoledadDurazo.com\" \/>\n<meta property=\"article:publisher\" content=\"https:\/\/www.facebook.com\/soledad.durazo.9\/\" \/>\n<meta property=\"article:published_time\" content=\"2024-11-30T08:44:34+00:00\" \/>\n<meta property=\"article:modified_time\" content=\"2024-12-01T08:00:23+00:00\" \/>\n<meta property=\"og:image\" content=\"https:\/\/soledaddurazo.com\/storage\/2024\/11\/images.jpeg\" \/>\n\t<meta property=\"og:image:width\" content=\"290\" \/>\n\t<meta property=\"og:image:height\" content=\"174\" \/>\n<meta name=\"twitter:card\" content=\"summary_large_image\" \/>\n<meta name=\"twitter:creator\" content=\"@SoledadDurazo\" \/>\n<meta name=\"twitter:site\" content=\"@SoledadDurazo\" \/>\n<meta name=\"twitter:label1\" content=\"Escrito por\" \/>\n\t<meta name=\"twitter:data1\" content=\"Redacci\u00f3n\" \/>\n\t<meta name=\"twitter:label2\" content=\"Tiempo de lectura\" \/>\n\t<meta name=\"twitter:data2\" content=\"9 minutos\" \/>\n<script type=\"application\/ld+json\" class=\"yoast-schema-graph\">{\"@context\":\"https:\/\/schema.org\",\"@graph\":[{\"@type\":\"Organization\",\"@id\":\"https:\/\/soledaddurazo.com\/#organization\",\"name\":\"Soledad Durazo\",\"url\":\"https:\/\/soledaddurazo.com\/\",\"sameAs\":[\"https:\/\/www.facebook.com\/soledad.durazo.9\/\",\"https:\/\/www.instagram.com\/soledaddurazo\",\"https:\/\/www.youtube.com\/channel\/UC9yGPw8-Vbl_B2XNkRwPS-w\",\"https:\/\/twitter.com\/SoledadDurazo\"],\"logo\":{\"@type\":\"ImageObject\",\"@id\":\"https:\/\/soledaddurazo.com\/#logo\",\"inLanguage\":\"es\",\"url\":\"https:\/\/soledaddurazo.com\/storage\/2021\/11\/nllp-720x375-1-2.png\",\"contentUrl\":\"https:\/\/soledaddurazo.com\/storage\/2021\/11\/nllp-720x375-1-2.png\",\"width\":720,\"height\":375,\"caption\":\"Soledad Durazo\"},\"image\":{\"@id\":\"https:\/\/soledaddurazo.com\/#logo\"}},{\"@type\":\"WebSite\",\"@id\":\"https:\/\/soledaddurazo.com\/#website\",\"url\":\"https:\/\/soledaddurazo.com\/\",\"name\":\"Periodista SoledadDurazo.com\",\"description\":\"Periodista sonorense. Directora de www.SoledadDurazo.com Columnista, conductora de radio y Tv. Catedr\\u00e1tica en la UNISON\",\"publisher\":{\"@id\":\"https:\/\/soledaddurazo.com\/#organization\"},\"potentialAction\":[{\"@type\":\"SearchAction\",\"target\":{\"@type\":\"EntryPoint\",\"urlTemplate\":\"https:\/\/soledaddurazo.com\/?s={search_term_string}\"},\"query-input\":\"required name=search_term_string\"}],\"inLanguage\":\"es\"},{\"@type\":\"ImageObject\",\"@id\":\"https:\/\/soledaddurazo.com\/blog\/2024\/11\/30\/los-vivos-entrevista-con-emilio-monge\/#primaryimage\",\"inLanguage\":\"es\",\"url\":\"https:\/\/soledaddurazo.com\/storage\/2024\/11\/images.jpeg\",\"contentUrl\":\"https:\/\/soledaddurazo.com\/storage\/2024\/11\/images.jpeg\",\"width\":290,\"height\":174},{\"@type\":\"WebPage\",\"@id\":\"https:\/\/soledaddurazo.com\/blog\/2024\/11\/30\/los-vivos-entrevista-con-emilio-monge\/#webpage\",\"url\":\"https:\/\/soledaddurazo.com\/blog\/2024\/11\/30\/los-vivos-entrevista-con-emilio-monge\/\",\"name\":\"Los vivos... entrevista con Emilio Monge - Periodista SoledadDurazo.com\",\"isPartOf\":{\"@id\":\"https:\/\/soledaddurazo.com\/#website\"},\"primaryImageOfPage\":{\"@id\":\"https:\/\/soledaddurazo.com\/blog\/2024\/11\/30\/los-vivos-entrevista-con-emilio-monge\/#primaryimage\"},\"datePublished\":\"2024-11-30T08:44:34+00:00\",\"dateModified\":\"2024-12-01T08:00:23+00:00\",\"breadcrumb\":{\"@id\":\"https:\/\/soledaddurazo.com\/blog\/2024\/11\/30\/los-vivos-entrevista-con-emilio-monge\/#breadcrumb\"},\"inLanguage\":\"es\",\"potentialAction\":[{\"@type\":\"ReadAction\",\"target\":[\"https:\/\/soledaddurazo.com\/blog\/2024\/11\/30\/los-vivos-entrevista-con-emilio-monge\/\"]}]},{\"@type\":\"BreadcrumbList\",\"@id\":\"https:\/\/soledaddurazo.com\/blog\/2024\/11\/30\/los-vivos-entrevista-con-emilio-monge\/#breadcrumb\",\"itemListElement\":[{\"@type\":\"ListItem\",\"position\":1,\"name\":\"Home\",\"item\":\"https:\/\/soledaddurazo.com\/\"},{\"@type\":\"ListItem\",\"position\":2,\"name\":\"Los vivos&#8230; entrevista con Emilio Monge\"}]},{\"@type\":\"Article\",\"@id\":\"https:\/\/soledaddurazo.com\/blog\/2024\/11\/30\/los-vivos-entrevista-con-emilio-monge\/#article\",\"isPartOf\":{\"@id\":\"https:\/\/soledaddurazo.com\/blog\/2024\/11\/30\/los-vivos-entrevista-con-emilio-monge\/#webpage\"},\"author\":{\"@id\":\"https:\/\/soledaddurazo.com\/#\/schema\/person\/822d8e13aa288585e6546f179853758b\"},\"headline\":\"Los vivos&#8230; entrevista con Emilio Monge\",\"datePublished\":\"2024-11-30T08:44:34+00:00\",\"dateModified\":\"2024-12-01T08:00:23+00:00\",\"mainEntityOfPage\":{\"@id\":\"https:\/\/soledaddurazo.com\/blog\/2024\/11\/30\/los-vivos-entrevista-con-emilio-monge\/#webpage\"},\"wordCount\":1930,\"commentCount\":0,\"publisher\":{\"@id\":\"https:\/\/soledaddurazo.com\/#organization\"},\"image\":{\"@id\":\"https:\/\/soledaddurazo.com\/blog\/2024\/11\/30\/los-vivos-entrevista-con-emilio-monge\/#primaryimage\"},\"thumbnailUrl\":\"https:\/\/soledaddurazo.com\/storage\/2024\/11\/images.jpeg\",\"articleSection\":[\"Lo digo como es\",\"principal\"],\"inLanguage\":\"es\",\"potentialAction\":[{\"@type\":\"CommentAction\",\"name\":\"Comment\",\"target\":[\"https:\/\/soledaddurazo.com\/blog\/2024\/11\/30\/los-vivos-entrevista-con-emilio-monge\/#respond\"]}]},{\"@type\":\"Person\",\"@id\":\"https:\/\/soledaddurazo.com\/#\/schema\/person\/822d8e13aa288585e6546f179853758b\",\"name\":\"Redacci\\u00f3n\",\"image\":{\"@type\":\"ImageObject\",\"@id\":\"https:\/\/soledaddurazo.com\/#personlogo\",\"inLanguage\":\"es\",\"url\":\"https:\/\/secure.gravatar.com\/avatar\/c4e193752f756fd61f04deebed3a3a20dc188d37edb53682d313ac57f2725d54?s=96&d=mm&r=g\",\"contentUrl\":\"https:\/\/secure.gravatar.com\/avatar\/c4e193752f756fd61f04deebed3a3a20dc188d37edb53682d313ac57f2725d54?s=96&d=mm&r=g\",\"caption\":\"Redacci\\u00f3n\"},\"sameAs\":[\"https:\/\/soledaddurazo.com\"]}]}<\/script>\n ","yoast_head_json":{"title":"Los vivos... entrevista con Emilio Monge - Periodista SoledadDurazo.com","robots":{"index":"index","follow":"follow","max-snippet":"max-snippet:-1","max-image-preview":"max-image-preview:large","max-video-preview":"max-video-preview:-1"},"canonical":"https:\/\/soledaddurazo.com\/blog\/2024\/11\/30\/los-vivos-entrevista-con-emilio-monge\/","og_locale":"es_MX","og_type":"article","og_title":"Los vivos... entrevista con Emilio Monge","og_description":"Por Diana Morales Los vivos incluye referencias a elementos de la cultura y el lenguaje Comca\u2019ac (Seri) de Sonora, lo cual enriquece el contexto de la obra. Monge introduce esta cultura para enfatizar c\u00f3mo el lenguaje puede nombrar desde la ausencia en lugar de la presencia, como una forma de reflejar las p\u00e9rdidas y los [&hellip;]","og_url":"https:\/\/soledaddurazo.com\/blog\/2024\/11\/30\/los-vivos-entrevista-con-emilio-monge\/","og_site_name":"Periodista SoledadDurazo.com","article_publisher":"https:\/\/www.facebook.com\/soledad.durazo.9\/","article_published_time":"2024-11-30T08:44:34+00:00","article_modified_time":"2024-12-01T08:00:23+00:00","og_image":[{"width":290,"height":174,"url":"https:\/\/soledaddurazo.com\/storage\/2024\/11\/images.jpeg","type":"image\/jpeg"}],"twitter_card":"summary_large_image","twitter_creator":"@SoledadDurazo","twitter_site":"@SoledadDurazo","twitter_misc":{"Escrito por":"Redacci\u00f3n","Tiempo de lectura":"9 minutos"},"schema":{"@context":"https:\/\/schema.org","@graph":[{"@type":"Organization","@id":"https:\/\/soledaddurazo.com\/#organization","name":"Soledad Durazo","url":"https:\/\/soledaddurazo.com\/","sameAs":["https:\/\/www.facebook.com\/soledad.durazo.9\/","https:\/\/www.instagram.com\/soledaddurazo","https:\/\/www.youtube.com\/channel\/UC9yGPw8-Vbl_B2XNkRwPS-w","https:\/\/twitter.com\/SoledadDurazo"],"logo":{"@type":"ImageObject","@id":"https:\/\/soledaddurazo.com\/#logo","inLanguage":"es","url":"https:\/\/soledaddurazo.com\/storage\/2021\/11\/nllp-720x375-1-2.png","contentUrl":"https:\/\/soledaddurazo.com\/storage\/2021\/11\/nllp-720x375-1-2.png","width":720,"height":375,"caption":"Soledad Durazo"},"image":{"@id":"https:\/\/soledaddurazo.com\/#logo"}},{"@type":"WebSite","@id":"https:\/\/soledaddurazo.com\/#website","url":"https:\/\/soledaddurazo.com\/","name":"Periodista SoledadDurazo.com","description":"Periodista sonorense. Directora de www.SoledadDurazo.com Columnista, conductora de radio y Tv. Catedr\u00e1tica en la UNISON","publisher":{"@id":"https:\/\/soledaddurazo.com\/#organization"},"potentialAction":[{"@type":"SearchAction","target":{"@type":"EntryPoint","urlTemplate":"https:\/\/soledaddurazo.com\/?s={search_term_string}"},"query-input":"required name=search_term_string"}],"inLanguage":"es"},{"@type":"ImageObject","@id":"https:\/\/soledaddurazo.com\/blog\/2024\/11\/30\/los-vivos-entrevista-con-emilio-monge\/#primaryimage","inLanguage":"es","url":"https:\/\/soledaddurazo.com\/storage\/2024\/11\/images.jpeg","contentUrl":"https:\/\/soledaddurazo.com\/storage\/2024\/11\/images.jpeg","width":290,"height":174},{"@type":"WebPage","@id":"https:\/\/soledaddurazo.com\/blog\/2024\/11\/30\/los-vivos-entrevista-con-emilio-monge\/#webpage","url":"https:\/\/soledaddurazo.com\/blog\/2024\/11\/30\/los-vivos-entrevista-con-emilio-monge\/","name":"Los vivos... entrevista con Emilio Monge - Periodista SoledadDurazo.com","isPartOf":{"@id":"https:\/\/soledaddurazo.com\/#website"},"primaryImageOfPage":{"@id":"https:\/\/soledaddurazo.com\/blog\/2024\/11\/30\/los-vivos-entrevista-con-emilio-monge\/#primaryimage"},"datePublished":"2024-11-30T08:44:34+00:00","dateModified":"2024-12-01T08:00:23+00:00","breadcrumb":{"@id":"https:\/\/soledaddurazo.com\/blog\/2024\/11\/30\/los-vivos-entrevista-con-emilio-monge\/#breadcrumb"},"inLanguage":"es","potentialAction":[{"@type":"ReadAction","target":["https:\/\/soledaddurazo.com\/blog\/2024\/11\/30\/los-vivos-entrevista-con-emilio-monge\/"]}]},{"@type":"BreadcrumbList","@id":"https:\/\/soledaddurazo.com\/blog\/2024\/11\/30\/los-vivos-entrevista-con-emilio-monge\/#breadcrumb","itemListElement":[{"@type":"ListItem","position":1,"name":"Home","item":"https:\/\/soledaddurazo.com\/"},{"@type":"ListItem","position":2,"name":"Los vivos&#8230; entrevista con Emilio Monge"}]},{"@type":"Article","@id":"https:\/\/soledaddurazo.com\/blog\/2024\/11\/30\/los-vivos-entrevista-con-emilio-monge\/#article","isPartOf":{"@id":"https:\/\/soledaddurazo.com\/blog\/2024\/11\/30\/los-vivos-entrevista-con-emilio-monge\/#webpage"},"author":{"@id":"https:\/\/soledaddurazo.com\/#\/schema\/person\/822d8e13aa288585e6546f179853758b"},"headline":"Los vivos&#8230; entrevista con Emilio Monge","datePublished":"2024-11-30T08:44:34+00:00","dateModified":"2024-12-01T08:00:23+00:00","mainEntityOfPage":{"@id":"https:\/\/soledaddurazo.com\/blog\/2024\/11\/30\/los-vivos-entrevista-con-emilio-monge\/#webpage"},"wordCount":1930,"commentCount":0,"publisher":{"@id":"https:\/\/soledaddurazo.com\/#organization"},"image":{"@id":"https:\/\/soledaddurazo.com\/blog\/2024\/11\/30\/los-vivos-entrevista-con-emilio-monge\/#primaryimage"},"thumbnailUrl":"https:\/\/soledaddurazo.com\/storage\/2024\/11\/images.jpeg","articleSection":["Lo digo como es","principal"],"inLanguage":"es","potentialAction":[{"@type":"CommentAction","name":"Comment","target":["https:\/\/soledaddurazo.com\/blog\/2024\/11\/30\/los-vivos-entrevista-con-emilio-monge\/#respond"]}]},{"@type":"Person","@id":"https:\/\/soledaddurazo.com\/#\/schema\/person\/822d8e13aa288585e6546f179853758b","name":"Redacci\u00f3n","image":{"@type":"ImageObject","@id":"https:\/\/soledaddurazo.com\/#personlogo","inLanguage":"es","url":"https:\/\/secure.gravatar.com\/avatar\/c4e193752f756fd61f04deebed3a3a20dc188d37edb53682d313ac57f2725d54?s=96&d=mm&r=g","contentUrl":"https:\/\/secure.gravatar.com\/avatar\/c4e193752f756fd61f04deebed3a3a20dc188d37edb53682d313ac57f2725d54?s=96&d=mm&r=g","caption":"Redacci\u00f3n"},"sameAs":["https:\/\/soledaddurazo.com"]}]}},"_links":{"self":[{"href":"https:\/\/soledaddurazo.com\/api\/wp\/v2\/posts\/21484","targetHints":{"allow":["GET"]}}],"collection":[{"href":"https:\/\/soledaddurazo.com\/api\/wp\/v2\/posts"}],"about":[{"href":"https:\/\/soledaddurazo.com\/api\/wp\/v2\/types\/post"}],"author":[{"embeddable":true,"href":"https:\/\/soledaddurazo.com\/api\/wp\/v2\/users\/1"}],"replies":[{"embeddable":true,"href":"https:\/\/soledaddurazo.com\/api\/wp\/v2\/comments?post=21484"}],"version-history":[{"count":1,"href":"https:\/\/soledaddurazo.com\/api\/wp\/v2\/posts\/21484\/revisions"}],"predecessor-version":[{"id":21487,"href":"https:\/\/soledaddurazo.com\/api\/wp\/v2\/posts\/21484\/revisions\/21487"}],"wp:featuredmedia":[{"embeddable":true,"href":"https:\/\/soledaddurazo.com\/api\/wp\/v2\/media\/21486"}],"wp:attachment":[{"href":"https:\/\/soledaddurazo.com\/api\/wp\/v2\/media?parent=21484"}],"wp:term":[{"taxonomy":"category","embeddable":true,"href":"https:\/\/soledaddurazo.com\/api\/wp\/v2\/categories?post=21484"},{"taxonomy":"post_tag","embeddable":true,"href":"https:\/\/soledaddurazo.com\/api\/wp\/v2\/tags?post=21484"}],"curies":[{"name":"wp","href":"https:\/\/api.w.org\/{rel}","templated":true}]}}