{"id":21471,"date":"2024-11-08T10:53:18","date_gmt":"2024-11-08T17:53:18","guid":{"rendered":"https:\/\/soledaddurazo.com\/?p=21471"},"modified":"2024-11-17T03:00:24","modified_gmt":"2024-11-17T10:00:24","slug":"el-sector-minero-pendiente-de-mitigar-el-impacto-ambiental-y-la-autoridad-vigilante","status":"publish","type":"post","link":"https:\/\/soledaddurazo.com\/blog\/2024\/11\/08\/el-sector-minero-pendiente-de-mitigar-el-impacto-ambiental-y-la-autoridad-vigilante\/","title":{"rendered":"El sector minero pendiente de mitigar el impacto ambiental y la autoridad vigilante"},"content":{"rendered":"<p>Por <em><strong>Diana Morales<\/strong><\/em><\/p>\n<p>El sector minero ha estado trabajando en implementar acciones e instrumentos para minimizar el impacto ambiental. Aunque reconocen que la extracci\u00f3n de minerales afecta la tierra, los directivos insisten en que su compromiso es reducir la contaminaci\u00f3n y optimizar sus procesos, coment\u00f3 Alberto L\u00f3pez Santoyo.<\/p>\n<p>En entrevista con Soledad Durazo en el Noticiero de Radio F\u00f3rmula Sonora, el invitado habl\u00f3 sobre los esfuerzos de mitigaci\u00f3n de impacto en el sector minero, la apertura y contacto con legisladores y el impacto de la miner\u00eda en Sonora.<\/p>\n<p>Dijo que en caso de que se genere alg\u00fan tipo de contaminaci\u00f3n, las autoridades ambientales, como la Secretar\u00eda de Medio Ambiente y Recursos Naturales (Semarnat) y la Procuradur\u00eda Federal de Protecci\u00f3n al Ambiente (Profepa), desempe\u00f1an un papel de vigilancia para asegurar que las empresas mineras cumplan con las regulaciones ambientales y puedan continuar operando sin da\u00f1ar de manera significativa el ecosistema.<\/p>\n<p>Se refiri\u00f3 a que en el contexto de la miner\u00eda en Sonora, se ha observado un avance importante en la apertura y el di\u00e1logo con representantes gubernamentales. Grupos mineros de Sonora han logrado reuniones con la senadora Lorena Valles, presidenta de la Comisi\u00f3n de Miner\u00eda en el Senado, y tambi\u00e9n han establecido comunicaci\u00f3n con diputados y otros legisladores. Estas interacciones reflejan un avance positivo, pues permiten a los representantes del sector minero expresar sus preocupaciones, necesidades y avances tecnol\u00f3gicos para garantizar una miner\u00eda m\u00e1s responsable.<\/p>\n<p>La miner\u00eda, continu\u00f3 la charla, es un pilar econ\u00f3mico clave en Sonora, ya que aporta ingresos significativos y fomenta el empleo en varias regiones del estado. Adem\u00e1s de la extracci\u00f3n de recursos, la miner\u00eda impulsa una cadena de proveedur\u00eda que beneficia a negocios y proveedores locales, generando un efecto econ\u00f3mico positivo en la comunidad. Este impacto econ\u00f3mico se extiende tambi\u00e9n a la mejora de la infraestructura y el desarrollo tecnol\u00f3gico en la regi\u00f3n, los cuales son resultado de la inversi\u00f3n que el sector minero realiza en Sonora.<\/p>\n<p>Se llev\u00f3 a cabo un evento relevante para la industria minera que cont\u00f3 con tres d\u00edas de actividades, como \u00a0capacitaciones, sesiones informativas y actividades sociales y culturales. Este evento, que es descrito como una \u201cnoche de \u00d3scar\u201d para el sector, representa una oportunidad para el aprendizaje y la aplicaci\u00f3n de nuevas pr\u00e1cticas en miner\u00eda. Tambi\u00e9n cont\u00f3 con un pabell\u00f3n infantil, pensado para acercar la industria minera a las familias, ofreciendo actividades especiales para los ni\u00f1os y promoviendo la comprensi\u00f3n de la importancia y el impacto de la miner\u00eda en la comunidad.<\/p>\n<p><a href=\"https:\/\/soledaddurazo.com\/storage\/2024\/11\/ioijosf-jf-jiosf-1-1.jpeg\"><img loading=\"lazy\" decoding=\"async\" class=\"aligncenter size-full wp-image-21472\" src=\"https:\/\/soledaddurazo.com\/storage\/2024\/11\/ioijosf-jf-jiosf-1-1.jpeg\" alt=\"\" width=\"645\" height=\"363\" srcset=\"https:\/\/soledaddurazo.com\/storage\/2024\/11\/ioijosf-jf-jiosf-1-1.jpeg 645w, https:\/\/soledaddurazo.com\/storage\/2024\/11\/ioijosf-jf-jiosf-1-1-300x169.jpeg 300w, https:\/\/soledaddurazo.com\/storage\/2024\/11\/ioijosf-jf-jiosf-1-1-600x338.jpeg 600w\" sizes=\"auto, (max-width: 645px) 100vw, 645px\" \/><\/a><\/p>\n<p>&nbsp;<\/p>\n<p><strong>La entrevista a detalle<\/strong><\/p>\n<p><strong>SD:<\/strong> El ingeniero Alberto L\u00f3pez Santoyo, el galardonado, L\u00f3pez Santoyo, este, \u00bfC\u00f3mo est\u00e1 ingeniero, bienvenido? Gracias, gracias. Andan de fiesta los mineros, cuenta que.<\/p>\n<p>A ver, cuando se habla de sustentabilidad, primero y para poner en contexto tambi\u00e9n sobre la trascendencia de este tema, habr\u00eda que destacar que Sonora es sede, Hermosillo es sede de un evento, por si alguien no se hab\u00eda enterado, de un evento de talla internacional.<\/p>\n<p><strong>ALS<\/strong>: Completamente.<\/p>\n<p><strong>SD<\/strong>: Y hoy, dentro del gremio minero, \u00bfSe presenta un informe que es el de sustentabilidad minera?<\/p>\n<p><strong>ALS<\/strong>: As\u00ed es.<\/p>\n<p><strong>SD<\/strong>: \u00bfDe qu\u00e9 se trata?<\/p>\n<p>ALS: Cada a\u00f1o, C\u00e1mara Minera de M\u00e9xico elabora un documento que es el informe anual de actividades del sector minero de las empresas afiliadas a C\u00e1mara Minera, que pues casi son como el 90% de todas las empresas que hay en M\u00e9xico, sobre todo las m\u00e1s formales y las inversiones extranjeras todas est\u00e1n ah\u00ed, de Mediana a Mayores en realidad todas est\u00e1n en C\u00e1mara Minera y junto con este informe que hace anual C\u00e1mara Minera,<\/p>\n<p>Anteriormente informaban tambi\u00e9n todo lo que es las famosas siglas de ESG, de medio ambiente, de seguridad y de gobernanza y ahora lo separaron por la gran importancia que tiene todas estas actividades en beneficio de las comunidades, en beneficio de los trabajadores, en beneficio del medio ambiente, lo separaron e hicieron un informe, un informe anual de sostenibilidad y hoy escogieron aqu\u00ed el Hermosillo para presentarlo junto con \u00e9l lo que es el gran evento, como t\u00fa mencionas del Congreso Minero de Sonora 2024, que organiza esta asociaci\u00f3n del nombre grandote, asociaci\u00f3n de ingenieros mineros, creados de minas, metalogistas y ge\u00f3logos de M\u00e9xico. Entonces ahorita las 2 de la tarde de la presentaci\u00f3n, para nosotros es muy bueno porque pues es el acopio de much\u00edsima informaci\u00f3n valiosa para pues redactar muchas cosas y tomar decisiones tambi\u00e9n para las empresas mineras.<\/p>\n<p><strong>SD<\/strong>: \u00bfY esto, lo hace la C\u00e1mara Minera?<\/p>\n<p><strong>ALS<\/strong>: La C\u00e1mara Minera.<\/p>\n<p><strong>SD<\/strong>: la c\u00e1mara tiene a su vez este supongo que comit\u00e9s que revistan estos temas<\/p>\n<p><strong>ALS:<\/strong> S\u00ed, es un documento s\u00faper revisado. Se basan mucho en el tema estad\u00edstico del INEGI y de la Secretar\u00eda de Econom\u00eda y de otros organismos que proporcionan informaci\u00f3n, pero hay un compromiso de todas las empresas mineras de informar a INEGI y de informar tambi\u00e9n a C\u00e1mara Minera.<\/p>\n<p>Este informe de sostenibilidad empiezan a separarlo as\u00ed lo exclusivo o independiente del informe anual desde el 2020. O sea, estamos, es el pr\u00e1cticamente el tercer informe de sostenibilidad. Bueno, 2020 es el cuarto porque est\u00e1n informando del 2023, \u00bfno?<\/p>\n<p>&nbsp;<\/p>\n<p><strong>SD<\/strong>: se lleg\u00f3 a presentar el informe, all\u00e1 en Acapulco.<\/p>\n<p><strong>ALS<\/strong>: Fue previo a, previo a, ya, justo, justo ma\u00f1ana, justo ma\u00f1ana 24.<\/p>\n<p><strong>SD<\/strong>: ma\u00f1ana 24, el 24 en la noche est\u00e1bamos, as\u00ed es, s\u00ed, volvimos a nacer, volvimos a nacer, volvimos a nacer, hoy en la ma\u00f1ana estaba yo escribiendo un texto mi columna este con el tema de la experiencia de Acapulco, particip\u00e9 tambi\u00e9n en la semana pasada en un conversatorio precisamente con periodistas que coincidimos ah\u00ed en Acapulco el a\u00f1o pasado, este caramba, y esto te vuelve a remover im\u00e1genes, experiencias y dem\u00e1s y lo vuelves a vivir, pero ahora en un ambiente m\u00e1s, m\u00e1s confortable, \u00bfqu\u00e9 podemos esperar de esta convenci\u00f3n minera ingeniero?<\/p>\n<p>&nbsp;<\/p>\n<p><strong>ALS<\/strong>: Creo que lo m\u00e1s importante lo que m\u00e1s va a trascender es que estemos reforzando esta no reconversi\u00f3n sino que este inter\u00e9s de todos los mineros por informar realmente lo que sucede en la miner\u00eda y de que no nos vean tan que no nos satanicen tanto que no nos vean como como un sector que es problem\u00e1tico o que tiene situaciones de contaminaci\u00f3n y que han afectado much\u00edsimo la imagen de la miner\u00eda entonces en este momento ahorita es crucial, coyuntural para hacerle ver tanto las autoridades estatales como federales sobre todas las federales que est\u00e1n llegando pues que hay que informarse muy bien y que aqu\u00ed estamos los t\u00e9cnicos para decirles cu\u00e1l es la realidad de lo que est\u00e1 pasando en todas las unidades mineras sobre todo en el tema ambiental que es la base es el sustento en la explosi\u00f3n de motivos as\u00ed lo expresan en relaci\u00f3n a la miner\u00eda cielo abierto que la preocupaci\u00f3n pues es ambiental y bueno eso es una de las actividades extractivas que m\u00e1s est\u00e1n en cierta forma reguladas tienen normas muy espec\u00edficas y que como le hemos comentado aqu\u00ed ya hay muchos casos muchos testimonios de lugares donde hubo una miner\u00eda cielo abierto y ahora ya no hay nada y ya est\u00e1 remediado como lo que mencionamos en la anterior entrevista de que aqu\u00ed en Sonora ya tenemos dos casos espec\u00edficos que es la cholla que en realidad est\u00e1s ah\u00ed en esos terrenos y dices pues aqu\u00ed no pas\u00f3 nada<\/p>\n<p><strong>SD<\/strong>: S\u00ed, porque ya se remedi\u00f3 como se dice de manera t\u00e9cnica, oiga y yo hace un momento yo compart\u00eda con la audiencia c\u00f3mo ha incrementado el sonora la extracci\u00f3n de plata. Hoy, hoy el peri\u00f3dico, el expreso, si el expreso lo trae en primera, como, como ha aumentado la extracci\u00f3n de plata en, el estado de sonora.<\/p>\n<p><strong>ALS<\/strong>: todos los yacimientos en Sonora de Oro vienen acompa\u00f1ados de plata y tenemos precisamente en este congreso una conferencia muy interesante del doctor Peter McGough que es muy relacionado con el estado Sonora porque la empresa minera Cascabel la fundaron \u00e9l y Porfirio Padilla que en paz descansa de nuestro gran amigo y realizaron muchas exploraciones en M\u00e9xico desde aqu\u00ed desde Hermosillo es una gran empresa y va a presentar as\u00ed se llama por qu\u00e9 en M\u00e9xico hay tanta plata obvio va a dar la explicaci\u00f3n geol\u00f3gica entonces va a estar bien bien interesante porque es un experto es el pr\u00e1cticamente el n\u00famero uno o n\u00famero dos de los que organizan el show de gemas y minerales en Tucson que es a nivel famoso<\/p>\n<p>&nbsp;<\/p>\n<p><strong>SD<\/strong>: claro. S\u00ed, s\u00ed, s\u00ed. Este me record\u00f3 al se\u00f1or Rosalinas, al pap\u00e1 de Salinas, que estuvo insistiendo mucho tiempo con el tema de la plata.<\/p>\n<p><strong>ALS<\/strong>: De hecho, lo tuvimos como conferencista en este evento, en este Congreso Minero. Yo creo que hace unos 14 a\u00f1os, 12 a\u00f1os por ah\u00ed as\u00ed, fue las conferencias magistrales.<\/p>\n<p><strong>SD<\/strong>: S\u00ed, s\u00ed, s\u00ed, me recuerdo haberlo entrevistado tambi\u00e9n aqu\u00ed en TV Azteca y \u00bfd\u00f3nde est\u00e1 la plata en Sonora? Ban\u00e1michi.<\/p>\n<p><strong>ALS<\/strong>: En todos los yacimientos mineros todas las minas que est\u00e1n trabajando oro todas traen plata, m\u00e1s el caso hacia el sur por ejemplo esta mina que ya est\u00e1 remediada al amodorrado que est\u00e1 arriba del 90 por ciento ya del avance en su plan de cierre de minado de cierre de mina integral en realidad era una mina m\u00e1s de plata que de oro, de oro hab\u00eda muy poco, es como que m\u00e1s hacia el sur vas obteniendo m\u00e1s m\u00e1s plata pero en realidad todas las minas todas tienen plata hasta cananea se le saca tambi\u00e9n algo de plata<\/p>\n<p><strong>SD<\/strong>: \u00bfTraen alg\u00fan tema de litio ahora en el Congreso? \u00bfQu\u00e9 ha pasado con el litio de Bacadehuachi?<\/p>\n<p><strong>ALS<\/strong>: No, absolutamente no. Bueno, ya est\u00e1 en manos del gobierno, \u00bfno? En realidad, este bien o mal, pero pues est\u00e1 en manos del gobierno y ahorita el tema es, tengo yo entendido que Bacanora lithium ya se fue un litigio internacional, ya en cierta forma no rebas\u00f3, sino que ya pas\u00f3 por todas estas etapas de legales locales aqu\u00ed en M\u00e9xico y ya se van a un arbitraje internacional.<\/p>\n<p><strong>SD<\/strong>: Oye, ingeniero, \u00bfy qu\u00e9 hay, sientes que se ha avanzado algo en la discusi\u00f3n, por lo menos, ha habido o\u00eddos receptores en el legislativo para el tema de la miner\u00eda Cielo Abierto?<\/p>\n<p><strong>ALS<\/strong>: que buena pregunta, creemos que cuando menos ya hay apertura, y eso ya es ganancia, \u00bfno? Ya grupos de mineros de aqu\u00ed de Sonora visitaron a nuestra amiga senadora, Lorenia Valles, que es la presidenta de la Comisi\u00f3n de Miner\u00eda en el Senado, y tambi\u00e9n estuvieron con otros legisladores.<\/p>\n<p>Lorenia Valles, \u00bfes de senadores o es de diputados? Senadores. Tambi\u00e9n estuvieron con diputados y tambi\u00e9n hay mucha informaci\u00f3n de nuestros directivos en C\u00e1mara Minera que han estado ya en entrevista informando, no s\u00e9 si negociando, pero bueno, ya est\u00e1n en ese tema con gente de la Secretar\u00eda de Econom\u00eda.<\/p>\n<p>Entonces, en cierta forma, hay mucha esperanza. La esperanza es que nuestra presidenta, siendo una mujer de formaci\u00f3n cient\u00edfica, de formaci\u00f3n t\u00e9cnica, pues pueda entender realmente de estos avances que tanto hemos estado comentando en varias entrevistas, \u00bfno?<\/p>\n<p>Que en realidad hay pues muchos instrumentos, muchas acciones que est\u00e1n en cierta forma minimizando o tratando de minimizar el posible impacto que se pueda hacer. Impactamos, impactamos, tenemos que extraer la tierra, pero no contaminamos.<\/p>\n<p>Y si contaminamos, pues ah\u00ed est\u00e1 la&#8230;<\/p>\n<p><strong>SD<\/strong>: Sanciones\u00a0 internacionales, \u00bfno?<\/p>\n<p><strong>ALS<\/strong>: S\u00ed, ah\u00ed est\u00e1 la autoridad para actuar. Obvio que aqu\u00ed en este caso Semarnad y Profepa son los que est\u00e1n en cierta forma vigilantes de toda esta actuaci\u00f3n del sector minero, pero no as\u00ed como para prohibir una actividad de la cual depende econ\u00f3micamente de muchas regiones y pues hay mucha formaci\u00f3n tecnol\u00f3gica all\u00e1 alrededor de lo que es eliminado hacia el ayer.<\/p>\n<p>SD: S\u00ed, sobre todo, no olvidemos el impacto econ\u00f3mico que tiene para Sonora la actividad minera, el tema de la proveedur\u00eda tambi\u00e9n de alto impacto aqu\u00ed en Sonora, me refiero para el sector minero.<\/p>\n<p><strong>ALS<\/strong>: s\u00ed, s\u00ed.<\/p>\n<p>&nbsp;<\/p>\n","protected":false},"excerpt":{"rendered":"<p>Por Diana Morales El sector minero ha estado trabajando en implementar acciones e instrumentos para minimizar el impacto ambiental. Aunque reconocen que la extracci\u00f3n de minerales afecta la tierra, los directivos insisten en que su compromiso es reducir la contaminaci\u00f3n y optimizar sus procesos, coment\u00f3 Alberto L\u00f3pez Santoyo. En entrevista con Soledad Durazo en el [&hellip;]<\/p>\n","protected":false},"author":1,"featured_media":21473,"comment_status":"open","ping_status":"open","sticky":false,"template":"","format":"standard","meta":{"footnotes":""},"categories":[162],"tags":[],"class_list":["post"],"yoast_head":" \n<title>El sector minero pendiente de mitigar el impacto ambiental y la autoridad vigilante - Periodista SoledadDurazo.com<\/title>\n<meta name=\"robots\" content=\"index, follow, max-snippet:-1, max-image-preview:large, max-video-preview:-1\" \/>\n<link rel=\"canonical\" href=\"https:\/\/soledaddurazo.com\/blog\/2024\/11\/08\/el-sector-minero-pendiente-de-mitigar-el-impacto-ambiental-y-la-autoridad-vigilante\/\" \/>\n<meta property=\"og:locale\" content=\"es_MX\" \/>\n<meta property=\"og:type\" content=\"article\" \/>\n<meta property=\"og:title\" content=\"El sector minero pendiente de mitigar el impacto ambiental y la autoridad vigilante\" \/>\n<meta property=\"og:description\" content=\"Por Diana Morales El sector minero ha estado trabajando en implementar acciones e instrumentos para minimizar el impacto ambiental. Aunque reconocen que la extracci\u00f3n de minerales afecta la tierra, los directivos insisten en que su compromiso es reducir la contaminaci\u00f3n y optimizar sus procesos, coment\u00f3 Alberto L\u00f3pez Santoyo. En entrevista con Soledad Durazo en el [&hellip;]\" \/>\n<meta property=\"og:url\" content=\"https:\/\/soledaddurazo.com\/blog\/2024\/11\/08\/el-sector-minero-pendiente-de-mitigar-el-impacto-ambiental-y-la-autoridad-vigilante\/\" \/>\n<meta property=\"og:site_name\" content=\"Periodista SoledadDurazo.com\" \/>\n<meta property=\"article:publisher\" content=\"https:\/\/www.facebook.com\/soledad.durazo.9\/\" \/>\n<meta property=\"article:published_time\" content=\"2024-11-08T17:53:18+00:00\" \/>\n<meta property=\"article:modified_time\" content=\"2024-11-17T10:00:24+00:00\" \/>\n<meta property=\"og:image\" content=\"https:\/\/soledaddurazo.com\/storage\/2024\/11\/GahD551bcAA8xzA.jpeg\" \/>\n\t<meta property=\"og:image:width\" content=\"2048\" \/>\n\t<meta property=\"og:image:height\" content=\"1536\" \/>\n<meta name=\"twitter:card\" content=\"summary_large_image\" \/>\n<meta name=\"twitter:creator\" content=\"@SoledadDurazo\" \/>\n<meta name=\"twitter:site\" content=\"@SoledadDurazo\" \/>\n<meta name=\"twitter:label1\" content=\"Escrito por\" \/>\n\t<meta name=\"twitter:data1\" content=\"Redacci\u00f3n\" \/>\n\t<meta name=\"twitter:label2\" content=\"Tiempo de lectura\" \/>\n\t<meta name=\"twitter:data2\" content=\"9 minutos\" \/>\n<script type=\"application\/ld+json\" class=\"yoast-schema-graph\">{\"@context\":\"https:\/\/schema.org\",\"@graph\":[{\"@type\":\"Organization\",\"@id\":\"https:\/\/soledaddurazo.com\/#organization\",\"name\":\"Soledad Durazo\",\"url\":\"https:\/\/soledaddurazo.com\/\",\"sameAs\":[\"https:\/\/www.facebook.com\/soledad.durazo.9\/\",\"https:\/\/www.instagram.com\/soledaddurazo\",\"https:\/\/www.youtube.com\/channel\/UC9yGPw8-Vbl_B2XNkRwPS-w\",\"https:\/\/twitter.com\/SoledadDurazo\"],\"logo\":{\"@type\":\"ImageObject\",\"@id\":\"https:\/\/soledaddurazo.com\/#logo\",\"inLanguage\":\"es\",\"url\":\"https:\/\/soledaddurazo.com\/storage\/2021\/11\/nllp-720x375-1-2.png\",\"contentUrl\":\"https:\/\/soledaddurazo.com\/storage\/2021\/11\/nllp-720x375-1-2.png\",\"width\":720,\"height\":375,\"caption\":\"Soledad Durazo\"},\"image\":{\"@id\":\"https:\/\/soledaddurazo.com\/#logo\"}},{\"@type\":\"WebSite\",\"@id\":\"https:\/\/soledaddurazo.com\/#website\",\"url\":\"https:\/\/soledaddurazo.com\/\",\"name\":\"Periodista SoledadDurazo.com\",\"description\":\"Periodista sonorense. Directora de www.SoledadDurazo.com Columnista, conductora de radio y Tv. Catedr\\u00e1tica en la UNISON\",\"publisher\":{\"@id\":\"https:\/\/soledaddurazo.com\/#organization\"},\"potentialAction\":[{\"@type\":\"SearchAction\",\"target\":{\"@type\":\"EntryPoint\",\"urlTemplate\":\"https:\/\/soledaddurazo.com\/?s={search_term_string}\"},\"query-input\":\"required name=search_term_string\"}],\"inLanguage\":\"es\"},{\"@type\":\"ImageObject\",\"@id\":\"https:\/\/soledaddurazo.com\/blog\/2024\/11\/08\/el-sector-minero-pendiente-de-mitigar-el-impacto-ambiental-y-la-autoridad-vigilante\/#primaryimage\",\"inLanguage\":\"es\",\"url\":\"https:\/\/soledaddurazo.com\/storage\/2024\/11\/GahD551bcAA8xzA.jpeg\",\"contentUrl\":\"https:\/\/soledaddurazo.com\/storage\/2024\/11\/GahD551bcAA8xzA.jpeg\",\"width\":2048,\"height\":1536},{\"@type\":\"WebPage\",\"@id\":\"https:\/\/soledaddurazo.com\/blog\/2024\/11\/08\/el-sector-minero-pendiente-de-mitigar-el-impacto-ambiental-y-la-autoridad-vigilante\/#webpage\",\"url\":\"https:\/\/soledaddurazo.com\/blog\/2024\/11\/08\/el-sector-minero-pendiente-de-mitigar-el-impacto-ambiental-y-la-autoridad-vigilante\/\",\"name\":\"El sector minero pendiente de mitigar el impacto ambiental y la autoridad vigilante - Periodista SoledadDurazo.com\",\"isPartOf\":{\"@id\":\"https:\/\/soledaddurazo.com\/#website\"},\"primaryImageOfPage\":{\"@id\":\"https:\/\/soledaddurazo.com\/blog\/2024\/11\/08\/el-sector-minero-pendiente-de-mitigar-el-impacto-ambiental-y-la-autoridad-vigilante\/#primaryimage\"},\"datePublished\":\"2024-11-08T17:53:18+00:00\",\"dateModified\":\"2024-11-17T10:00:24+00:00\",\"breadcrumb\":{\"@id\":\"https:\/\/soledaddurazo.com\/blog\/2024\/11\/08\/el-sector-minero-pendiente-de-mitigar-el-impacto-ambiental-y-la-autoridad-vigilante\/#breadcrumb\"},\"inLanguage\":\"es\",\"potentialAction\":[{\"@type\":\"ReadAction\",\"target\":[\"https:\/\/soledaddurazo.com\/blog\/2024\/11\/08\/el-sector-minero-pendiente-de-mitigar-el-impacto-ambiental-y-la-autoridad-vigilante\/\"]}]},{\"@type\":\"BreadcrumbList\",\"@id\":\"https:\/\/soledaddurazo.com\/blog\/2024\/11\/08\/el-sector-minero-pendiente-de-mitigar-el-impacto-ambiental-y-la-autoridad-vigilante\/#breadcrumb\",\"itemListElement\":[{\"@type\":\"ListItem\",\"position\":1,\"name\":\"Home\",\"item\":\"https:\/\/soledaddurazo.com\/\"},{\"@type\":\"ListItem\",\"position\":2,\"name\":\"El sector minero pendiente de mitigar el impacto ambiental y la autoridad vigilante\"}]},{\"@type\":\"Article\",\"@id\":\"https:\/\/soledaddurazo.com\/blog\/2024\/11\/08\/el-sector-minero-pendiente-de-mitigar-el-impacto-ambiental-y-la-autoridad-vigilante\/#article\",\"isPartOf\":{\"@id\":\"https:\/\/soledaddurazo.com\/blog\/2024\/11\/08\/el-sector-minero-pendiente-de-mitigar-el-impacto-ambiental-y-la-autoridad-vigilante\/#webpage\"},\"author\":{\"@id\":\"https:\/\/soledaddurazo.com\/#\/schema\/person\/822d8e13aa288585e6546f179853758b\"},\"headline\":\"El sector minero pendiente de mitigar el impacto ambiental y la autoridad vigilante\",\"datePublished\":\"2024-11-08T17:53:18+00:00\",\"dateModified\":\"2024-11-17T10:00:24+00:00\",\"mainEntityOfPage\":{\"@id\":\"https:\/\/soledaddurazo.com\/blog\/2024\/11\/08\/el-sector-minero-pendiente-de-mitigar-el-impacto-ambiental-y-la-autoridad-vigilante\/#webpage\"},\"wordCount\":2156,\"commentCount\":0,\"publisher\":{\"@id\":\"https:\/\/soledaddurazo.com\/#organization\"},\"image\":{\"@id\":\"https:\/\/soledaddurazo.com\/blog\/2024\/11\/08\/el-sector-minero-pendiente-de-mitigar-el-impacto-ambiental-y-la-autoridad-vigilante\/#primaryimage\"},\"thumbnailUrl\":\"https:\/\/soledaddurazo.com\/storage\/2024\/11\/GahD551bcAA8xzA.jpeg\",\"articleSection\":[\"Lo digo como es\"],\"inLanguage\":\"es\",\"potentialAction\":[{\"@type\":\"CommentAction\",\"name\":\"Comment\",\"target\":[\"https:\/\/soledaddurazo.com\/blog\/2024\/11\/08\/el-sector-minero-pendiente-de-mitigar-el-impacto-ambiental-y-la-autoridad-vigilante\/#respond\"]}]},{\"@type\":\"Person\",\"@id\":\"https:\/\/soledaddurazo.com\/#\/schema\/person\/822d8e13aa288585e6546f179853758b\",\"name\":\"Redacci\\u00f3n\",\"image\":{\"@type\":\"ImageObject\",\"@id\":\"https:\/\/soledaddurazo.com\/#personlogo\",\"inLanguage\":\"es\",\"url\":\"https:\/\/secure.gravatar.com\/avatar\/c4e193752f756fd61f04deebed3a3a20dc188d37edb53682d313ac57f2725d54?s=96&d=mm&r=g\",\"contentUrl\":\"https:\/\/secure.gravatar.com\/avatar\/c4e193752f756fd61f04deebed3a3a20dc188d37edb53682d313ac57f2725d54?s=96&d=mm&r=g\",\"caption\":\"Redacci\\u00f3n\"},\"sameAs\":[\"https:\/\/soledaddurazo.com\"]}]}<\/script>\n ","yoast_head_json":{"title":"El sector minero pendiente de mitigar el impacto ambiental y la autoridad vigilante - Periodista SoledadDurazo.com","robots":{"index":"index","follow":"follow","max-snippet":"max-snippet:-1","max-image-preview":"max-image-preview:large","max-video-preview":"max-video-preview:-1"},"canonical":"https:\/\/soledaddurazo.com\/blog\/2024\/11\/08\/el-sector-minero-pendiente-de-mitigar-el-impacto-ambiental-y-la-autoridad-vigilante\/","og_locale":"es_MX","og_type":"article","og_title":"El sector minero pendiente de mitigar el impacto ambiental y la autoridad vigilante","og_description":"Por Diana Morales El sector minero ha estado trabajando en implementar acciones e instrumentos para minimizar el impacto ambiental. Aunque reconocen que la extracci\u00f3n de minerales afecta la tierra, los directivos insisten en que su compromiso es reducir la contaminaci\u00f3n y optimizar sus procesos, coment\u00f3 Alberto L\u00f3pez Santoyo. En entrevista con Soledad Durazo en el [&hellip;]","og_url":"https:\/\/soledaddurazo.com\/blog\/2024\/11\/08\/el-sector-minero-pendiente-de-mitigar-el-impacto-ambiental-y-la-autoridad-vigilante\/","og_site_name":"Periodista SoledadDurazo.com","article_publisher":"https:\/\/www.facebook.com\/soledad.durazo.9\/","article_published_time":"2024-11-08T17:53:18+00:00","article_modified_time":"2024-11-17T10:00:24+00:00","og_image":[{"width":2048,"height":1536,"url":"https:\/\/soledaddurazo.com\/storage\/2024\/11\/GahD551bcAA8xzA.jpeg","type":"image\/jpeg"}],"twitter_card":"summary_large_image","twitter_creator":"@SoledadDurazo","twitter_site":"@SoledadDurazo","twitter_misc":{"Escrito por":"Redacci\u00f3n","Tiempo de lectura":"9 minutos"},"schema":{"@context":"https:\/\/schema.org","@graph":[{"@type":"Organization","@id":"https:\/\/soledaddurazo.com\/#organization","name":"Soledad Durazo","url":"https:\/\/soledaddurazo.com\/","sameAs":["https:\/\/www.facebook.com\/soledad.durazo.9\/","https:\/\/www.instagram.com\/soledaddurazo","https:\/\/www.youtube.com\/channel\/UC9yGPw8-Vbl_B2XNkRwPS-w","https:\/\/twitter.com\/SoledadDurazo"],"logo":{"@type":"ImageObject","@id":"https:\/\/soledaddurazo.com\/#logo","inLanguage":"es","url":"https:\/\/soledaddurazo.com\/storage\/2021\/11\/nllp-720x375-1-2.png","contentUrl":"https:\/\/soledaddurazo.com\/storage\/2021\/11\/nllp-720x375-1-2.png","width":720,"height":375,"caption":"Soledad Durazo"},"image":{"@id":"https:\/\/soledaddurazo.com\/#logo"}},{"@type":"WebSite","@id":"https:\/\/soledaddurazo.com\/#website","url":"https:\/\/soledaddurazo.com\/","name":"Periodista SoledadDurazo.com","description":"Periodista sonorense. Directora de www.SoledadDurazo.com Columnista, conductora de radio y Tv. Catedr\u00e1tica en la UNISON","publisher":{"@id":"https:\/\/soledaddurazo.com\/#organization"},"potentialAction":[{"@type":"SearchAction","target":{"@type":"EntryPoint","urlTemplate":"https:\/\/soledaddurazo.com\/?s={search_term_string}"},"query-input":"required name=search_term_string"}],"inLanguage":"es"},{"@type":"ImageObject","@id":"https:\/\/soledaddurazo.com\/blog\/2024\/11\/08\/el-sector-minero-pendiente-de-mitigar-el-impacto-ambiental-y-la-autoridad-vigilante\/#primaryimage","inLanguage":"es","url":"https:\/\/soledaddurazo.com\/storage\/2024\/11\/GahD551bcAA8xzA.jpeg","contentUrl":"https:\/\/soledaddurazo.com\/storage\/2024\/11\/GahD551bcAA8xzA.jpeg","width":2048,"height":1536},{"@type":"WebPage","@id":"https:\/\/soledaddurazo.com\/blog\/2024\/11\/08\/el-sector-minero-pendiente-de-mitigar-el-impacto-ambiental-y-la-autoridad-vigilante\/#webpage","url":"https:\/\/soledaddurazo.com\/blog\/2024\/11\/08\/el-sector-minero-pendiente-de-mitigar-el-impacto-ambiental-y-la-autoridad-vigilante\/","name":"El sector minero pendiente de mitigar el impacto ambiental y la autoridad vigilante - Periodista SoledadDurazo.com","isPartOf":{"@id":"https:\/\/soledaddurazo.com\/#website"},"primaryImageOfPage":{"@id":"https:\/\/soledaddurazo.com\/blog\/2024\/11\/08\/el-sector-minero-pendiente-de-mitigar-el-impacto-ambiental-y-la-autoridad-vigilante\/#primaryimage"},"datePublished":"2024-11-08T17:53:18+00:00","dateModified":"2024-11-17T10:00:24+00:00","breadcrumb":{"@id":"https:\/\/soledaddurazo.com\/blog\/2024\/11\/08\/el-sector-minero-pendiente-de-mitigar-el-impacto-ambiental-y-la-autoridad-vigilante\/#breadcrumb"},"inLanguage":"es","potentialAction":[{"@type":"ReadAction","target":["https:\/\/soledaddurazo.com\/blog\/2024\/11\/08\/el-sector-minero-pendiente-de-mitigar-el-impacto-ambiental-y-la-autoridad-vigilante\/"]}]},{"@type":"BreadcrumbList","@id":"https:\/\/soledaddurazo.com\/blog\/2024\/11\/08\/el-sector-minero-pendiente-de-mitigar-el-impacto-ambiental-y-la-autoridad-vigilante\/#breadcrumb","itemListElement":[{"@type":"ListItem","position":1,"name":"Home","item":"https:\/\/soledaddurazo.com\/"},{"@type":"ListItem","position":2,"name":"El sector minero pendiente de mitigar el impacto ambiental y la autoridad vigilante"}]},{"@type":"Article","@id":"https:\/\/soledaddurazo.com\/blog\/2024\/11\/08\/el-sector-minero-pendiente-de-mitigar-el-impacto-ambiental-y-la-autoridad-vigilante\/#article","isPartOf":{"@id":"https:\/\/soledaddurazo.com\/blog\/2024\/11\/08\/el-sector-minero-pendiente-de-mitigar-el-impacto-ambiental-y-la-autoridad-vigilante\/#webpage"},"author":{"@id":"https:\/\/soledaddurazo.com\/#\/schema\/person\/822d8e13aa288585e6546f179853758b"},"headline":"El sector minero pendiente de mitigar el impacto ambiental y la autoridad vigilante","datePublished":"2024-11-08T17:53:18+00:00","dateModified":"2024-11-17T10:00:24+00:00","mainEntityOfPage":{"@id":"https:\/\/soledaddurazo.com\/blog\/2024\/11\/08\/el-sector-minero-pendiente-de-mitigar-el-impacto-ambiental-y-la-autoridad-vigilante\/#webpage"},"wordCount":2156,"commentCount":0,"publisher":{"@id":"https:\/\/soledaddurazo.com\/#organization"},"image":{"@id":"https:\/\/soledaddurazo.com\/blog\/2024\/11\/08\/el-sector-minero-pendiente-de-mitigar-el-impacto-ambiental-y-la-autoridad-vigilante\/#primaryimage"},"thumbnailUrl":"https:\/\/soledaddurazo.com\/storage\/2024\/11\/GahD551bcAA8xzA.jpeg","articleSection":["Lo digo como es"],"inLanguage":"es","potentialAction":[{"@type":"CommentAction","name":"Comment","target":["https:\/\/soledaddurazo.com\/blog\/2024\/11\/08\/el-sector-minero-pendiente-de-mitigar-el-impacto-ambiental-y-la-autoridad-vigilante\/#respond"]}]},{"@type":"Person","@id":"https:\/\/soledaddurazo.com\/#\/schema\/person\/822d8e13aa288585e6546f179853758b","name":"Redacci\u00f3n","image":{"@type":"ImageObject","@id":"https:\/\/soledaddurazo.com\/#personlogo","inLanguage":"es","url":"https:\/\/secure.gravatar.com\/avatar\/c4e193752f756fd61f04deebed3a3a20dc188d37edb53682d313ac57f2725d54?s=96&d=mm&r=g","contentUrl":"https:\/\/secure.gravatar.com\/avatar\/c4e193752f756fd61f04deebed3a3a20dc188d37edb53682d313ac57f2725d54?s=96&d=mm&r=g","caption":"Redacci\u00f3n"},"sameAs":["https:\/\/soledaddurazo.com"]}]}},"_links":{"self":[{"href":"https:\/\/soledaddurazo.com\/api\/wp\/v2\/posts\/21471","targetHints":{"allow":["GET"]}}],"collection":[{"href":"https:\/\/soledaddurazo.com\/api\/wp\/v2\/posts"}],"about":[{"href":"https:\/\/soledaddurazo.com\/api\/wp\/v2\/types\/post"}],"author":[{"embeddable":true,"href":"https:\/\/soledaddurazo.com\/api\/wp\/v2\/users\/1"}],"replies":[{"embeddable":true,"href":"https:\/\/soledaddurazo.com\/api\/wp\/v2\/comments?post=21471"}],"version-history":[{"count":2,"href":"https:\/\/soledaddurazo.com\/api\/wp\/v2\/posts\/21471\/revisions"}],"predecessor-version":[{"id":21475,"href":"https:\/\/soledaddurazo.com\/api\/wp\/v2\/posts\/21471\/revisions\/21475"}],"wp:featuredmedia":[{"embeddable":true,"href":"https:\/\/soledaddurazo.com\/api\/wp\/v2\/media\/21473"}],"wp:attachment":[{"href":"https:\/\/soledaddurazo.com\/api\/wp\/v2\/media?parent=21471"}],"wp:term":[{"taxonomy":"category","embeddable":true,"href":"https:\/\/soledaddurazo.com\/api\/wp\/v2\/categories?post=21471"},{"taxonomy":"post_tag","embeddable":true,"href":"https:\/\/soledaddurazo.com\/api\/wp\/v2\/tags?post=21471"}],"curies":[{"name":"wp","href":"https:\/\/api.w.org\/{rel}","templated":true}]}}