{"id":21446,"date":"2024-11-04T13:37:09","date_gmt":"2024-11-04T20:37:09","guid":{"rendered":"https:\/\/soledaddurazo.com\/?p=21446"},"modified":"2024-11-17T03:04:58","modified_gmt":"2024-11-17T10:04:58","slug":"un-fin-de-semana-lleno-de-color-y-tradicion-con-el-vi-festival-tradicional-de-dia-de-muertos-de-hermosillo","status":"publish","type":"post","link":"https:\/\/soledaddurazo.com\/blog\/2024\/11\/04\/un-fin-de-semana-lleno-de-color-y-tradicion-con-el-vi-festival-tradicional-de-dia-de-muertos-de-hermosillo\/","title":{"rendered":"Un fin de semana lleno de color y tradici\u00f3n con el VI Festival Tradicional de D\u00eda de Muertos de Hermosillo"},"content":{"rendered":"<p><span lang=\"ES\">Visitantes de todas edades se dieron cita en el Parque Madero y el Centro Hist\u00f3rico de Hermosillo para disfrutar el variado repertorio de actividades que el Gobierno de Hermosillo, a trav\u00e9s del Instituto Municipal de Cultura y Arte (IMCA,) prepar\u00f3 durante el segundo d\u00eda del VI Festival Tradicional de D\u00eda de Muertos.<\/span><\/p>\n<p><span lang=\"ES\">Los alrededores de la Plaza Zaragoza y el bulevar Hidalgo se llenaron desde temprana hora de una bulliciosa concurrencia de personas adultas y menores, en torno a una colorida ambientaci\u00f3n alusiva a la tradici\u00f3n mexicanas de honrar con alegr\u00eda la memoria de los seres queridos fallecidos.<\/span><\/p>\n<p><a href=\"https:\/\/soledaddurazo.com\/storage\/2024\/11\/thumbnail-5.jpeg\"><img loading=\"lazy\" decoding=\"async\" class=\"aligncenter size-full wp-image-21448\" src=\"https:\/\/soledaddurazo.com\/storage\/2024\/11\/thumbnail-5.jpeg\" alt=\"\" width=\"1392\" height=\"928\" srcset=\"https:\/\/soledaddurazo.com\/storage\/2024\/11\/thumbnail-5.jpeg 1392w, https:\/\/soledaddurazo.com\/storage\/2024\/11\/thumbnail-5-300x200.jpeg 300w, https:\/\/soledaddurazo.com\/storage\/2024\/11\/thumbnail-5-1024x683.jpeg 1024w, https:\/\/soledaddurazo.com\/storage\/2024\/11\/thumbnail-5-768x512.jpeg 768w, https:\/\/soledaddurazo.com\/storage\/2024\/11\/thumbnail-5-600x400.jpeg 600w, https:\/\/soledaddurazo.com\/storage\/2024\/11\/thumbnail-5-750x500.jpeg 750w, https:\/\/soledaddurazo.com\/storage\/2024\/11\/thumbnail-5-1140x760.jpeg 1140w\" sizes=\"auto, (max-width: 1392px) 100vw, 1392px\" \/><\/a><\/p>\n<p><span lang=\"ES\">A dicho esfuerzo de la administraci\u00f3n que encabeza el presidente municipal Antonio Astiazar\u00e1n Guti\u00e9rrez se sumaron varias dependencias municipales, instituciones educativas y culturales y empresas patrocinadoras.<\/span><\/p>\n<p><span lang=\"ES\">Tambi\u00e9n se sumaron las organizadas en sedes alternas como el Parque La Ruina y el Parque Madero, donde personal y alumnado de la Universidad Vizcaya de las Am\u00e9ricas armaron una catrina monumental con 3 mil 500 panes de muerto decorados con az\u00facar te\u00f1ida de variados colores.<\/span><\/p>\n<p><a href=\"https:\/\/soledaddurazo.com\/storage\/2024\/11\/thumbnail-3.jpeg\"><img loading=\"lazy\" decoding=\"async\" class=\"aligncenter size-full wp-image-21450\" src=\"https:\/\/soledaddurazo.com\/storage\/2024\/11\/thumbnail-3.jpeg\" alt=\"\" width=\"1392\" height=\"928\" srcset=\"https:\/\/soledaddurazo.com\/storage\/2024\/11\/thumbnail-3.jpeg 1392w, https:\/\/soledaddurazo.com\/storage\/2024\/11\/thumbnail-3-300x200.jpeg 300w, https:\/\/soledaddurazo.com\/storage\/2024\/11\/thumbnail-3-1024x683.jpeg 1024w, https:\/\/soledaddurazo.com\/storage\/2024\/11\/thumbnail-3-768x512.jpeg 768w, https:\/\/soledaddurazo.com\/storage\/2024\/11\/thumbnail-3-600x400.jpeg 600w, https:\/\/soledaddurazo.com\/storage\/2024\/11\/thumbnail-3-750x500.jpeg 750w, https:\/\/soledaddurazo.com\/storage\/2024\/11\/thumbnail-3-1140x760.jpeg 1140w\" sizes=\"auto, (max-width: 1392px) 100vw, 1392px\" \/><\/a><\/p>\n<p><span lang=\"ES\">Fernanda Cisneros Rodr\u00edguez, directora de Fomento Tur\u00edstico de la Agencia Municipal de Desarrollo Econ\u00f3mico (AMDE) y Karla Fabiola L\u00f3pez, directora de la instituci\u00f3n acad\u00e9mica, supervisaron el montaje y convivieron con quienes acudieron para probar el emblem\u00e1tico postre que fue preparado especialmente para su deleite por un equipo de 250 estudiantes de la carrera de Gastronom\u00eda, con apoyo de sus maestras y maestros.<\/span><\/p>\n<p><span lang=\"ES\">Ante la ofrenda central, que este a\u00f1o se dedic\u00f3 a la memoria del poeta Alonso Vidal en el callej\u00f3n Velazco, el escritor Carlos S\u00e1nchez acompa\u00f1\u00f3 a la actriz, directora de teatro y poeta F\u00e1tima L\u00f3pez, en la presentaci\u00f3n del libro de poemas \u201cNomenclatura Secreta\u201d con el que en 2023 gan\u00f3 la XXI edici\u00f3n del Premio Nacional de Poes\u00eda Alonso Vidal.<\/span><\/p>\n<p><a href=\"https:\/\/soledaddurazo.com\/storage\/2024\/11\/thumbnail-4.jpeg\"><img loading=\"lazy\" decoding=\"async\" class=\"aligncenter size-full wp-image-21451\" src=\"https:\/\/soledaddurazo.com\/storage\/2024\/11\/thumbnail-4.jpeg\" alt=\"\" width=\"1392\" height=\"928\" srcset=\"https:\/\/soledaddurazo.com\/storage\/2024\/11\/thumbnail-4.jpeg 1392w, https:\/\/soledaddurazo.com\/storage\/2024\/11\/thumbnail-4-300x200.jpeg 300w, https:\/\/soledaddurazo.com\/storage\/2024\/11\/thumbnail-4-1024x683.jpeg 1024w, https:\/\/soledaddurazo.com\/storage\/2024\/11\/thumbnail-4-768x512.jpeg 768w, https:\/\/soledaddurazo.com\/storage\/2024\/11\/thumbnail-4-600x400.jpeg 600w, https:\/\/soledaddurazo.com\/storage\/2024\/11\/thumbnail-4-750x500.jpeg 750w, https:\/\/soledaddurazo.com\/storage\/2024\/11\/thumbnail-4-1140x760.jpeg 1140w\" sizes=\"auto, (max-width: 1392px) 100vw, 1392px\" \/><\/a><\/p>\n<p><span lang=\"ES\">El callej\u00f3n Velazco enmarc\u00f3 tambi\u00e9n la obra de teatro \u201cAquella Flor en el Altar\u201d de la compa\u00f1\u00eda Quinta Pared Teatro; el espect\u00e1culo de danza \u201cEl Divo de Ju\u00e1rez\u201d; la presentaci\u00f3n \u201cM\u00fasica para tres\u201d, un fragmento de la puesta en escena \u201cEl cad\u00e1ver de la novia\u201d y un homenaje a los grandes int\u00e9rpretes de la m\u00fasica mexicana a cargo de la Rondalla Ayer y Hoy de jubilados y pensionados del Isssteson.<\/span><\/p>\n<p><span lang=\"ES\">Matizaron al segundo d\u00eda de actividades del VI Festival Tradicional de D\u00eda de Muertos los altares que diferentes dependencias municipales e instituciones de la sociedad civil montaron en los alrededores del kiosco de la plaza Zaragoza, los coloridos y creativos alebrijes; las catrinas y catrines de todos tama\u00f1os, calaveras gigantes y las estructuras decoradas con flores de papel.<\/span><\/p>\n<p><span lang=\"ES\">Dicha ambientaci\u00f3n enmarc\u00f3 m\u00faltiples fotograf\u00edas con las que las familias podr\u00e1n compartir y volver a disfrutar las vivencias de la tarde noche del D\u00eda de Muertos en Hermosillo.<\/span><\/p>\n","protected":false},"excerpt":{"rendered":"<p>Visitantes de todas edades se dieron cita en el Parque Madero y el Centro Hist\u00f3rico de Hermosillo para disfrutar el variado repertorio de actividades que el Gobierno de Hermosillo, a trav\u00e9s del Instituto Municipal de Cultura y Arte (IMCA,) prepar\u00f3 durante el segundo d\u00eda del VI Festival Tradicional de D\u00eda de Muertos. Los alrededores de [&hellip;]<\/p>\n","protected":false},"author":1,"featured_media":21447,"comment_status":"open","ping_status":"open","sticky":false,"template":"","format":"standard","meta":{"footnotes":""},"categories":[160],"tags":[],"class_list":["post"],"yoast_head":" \n<title>Un fin de semana lleno de color y tradici\u00f3n con el VI Festival Tradicional de D\u00eda de Muertos de Hermosillo - Periodista SoledadDurazo.com<\/title>\n<meta name=\"robots\" content=\"index, follow, max-snippet:-1, max-image-preview:large, max-video-preview:-1\" \/>\n<link rel=\"canonical\" href=\"https:\/\/soledaddurazo.com\/blog\/2024\/11\/04\/un-fin-de-semana-lleno-de-color-y-tradicion-con-el-vi-festival-tradicional-de-dia-de-muertos-de-hermosillo\/\" \/>\n<meta property=\"og:locale\" content=\"es_MX\" \/>\n<meta property=\"og:type\" content=\"article\" \/>\n<meta property=\"og:title\" content=\"Un fin de semana lleno de color y tradici\u00f3n con el VI Festival Tradicional de D\u00eda de Muertos de Hermosillo\" \/>\n<meta property=\"og:description\" content=\"Visitantes de todas edades se dieron cita en el Parque Madero y el Centro Hist\u00f3rico de Hermosillo para disfrutar el variado repertorio de actividades que el Gobierno de Hermosillo, a trav\u00e9s del Instituto Municipal de Cultura y Arte (IMCA,) prepar\u00f3 durante el segundo d\u00eda del VI Festival Tradicional de D\u00eda de Muertos. Los alrededores de [&hellip;]\" \/>\n<meta property=\"og:url\" content=\"https:\/\/soledaddurazo.com\/blog\/2024\/11\/04\/un-fin-de-semana-lleno-de-color-y-tradicion-con-el-vi-festival-tradicional-de-dia-de-muertos-de-hermosillo\/\" \/>\n<meta property=\"og:site_name\" content=\"Periodista SoledadDurazo.com\" \/>\n<meta property=\"article:publisher\" content=\"https:\/\/www.facebook.com\/soledad.durazo.9\/\" \/>\n<meta property=\"article:published_time\" content=\"2024-11-04T20:37:09+00:00\" \/>\n<meta property=\"article:modified_time\" content=\"2024-11-17T10:04:58+00:00\" \/>\n<meta property=\"og:image\" content=\"https:\/\/soledaddurazo.com\/storage\/2024\/11\/thumbnail.jpeg\" \/>\n\t<meta property=\"og:image:width\" content=\"1080\" \/>\n\t<meta property=\"og:image:height\" content=\"608\" \/>\n<meta name=\"twitter:card\" content=\"summary_large_image\" \/>\n<meta name=\"twitter:creator\" content=\"@SoledadDurazo\" \/>\n<meta name=\"twitter:site\" content=\"@SoledadDurazo\" \/>\n<meta name=\"twitter:label1\" content=\"Escrito por\" \/>\n\t<meta name=\"twitter:data1\" content=\"Redacci\u00f3n\" \/>\n\t<meta name=\"twitter:label2\" content=\"Tiempo de lectura\" \/>\n\t<meta name=\"twitter:data2\" content=\"2 minutos\" \/>\n<script type=\"application\/ld+json\" class=\"yoast-schema-graph\">{\"@context\":\"https:\/\/schema.org\",\"@graph\":[{\"@type\":\"Organization\",\"@id\":\"https:\/\/soledaddurazo.com\/#organization\",\"name\":\"Soledad Durazo\",\"url\":\"https:\/\/soledaddurazo.com\/\",\"sameAs\":[\"https:\/\/www.facebook.com\/soledad.durazo.9\/\",\"https:\/\/www.instagram.com\/soledaddurazo\",\"https:\/\/www.youtube.com\/channel\/UC9yGPw8-Vbl_B2XNkRwPS-w\",\"https:\/\/twitter.com\/SoledadDurazo\"],\"logo\":{\"@type\":\"ImageObject\",\"@id\":\"https:\/\/soledaddurazo.com\/#logo\",\"inLanguage\":\"es\",\"url\":\"https:\/\/soledaddurazo.com\/storage\/2021\/11\/nllp-720x375-1-2.png\",\"contentUrl\":\"https:\/\/soledaddurazo.com\/storage\/2021\/11\/nllp-720x375-1-2.png\",\"width\":720,\"height\":375,\"caption\":\"Soledad Durazo\"},\"image\":{\"@id\":\"https:\/\/soledaddurazo.com\/#logo\"}},{\"@type\":\"WebSite\",\"@id\":\"https:\/\/soledaddurazo.com\/#website\",\"url\":\"https:\/\/soledaddurazo.com\/\",\"name\":\"Periodista SoledadDurazo.com\",\"description\":\"Periodista sonorense. Directora de www.SoledadDurazo.com Columnista, conductora de radio y Tv. Catedr\\u00e1tica en la UNISON\",\"publisher\":{\"@id\":\"https:\/\/soledaddurazo.com\/#organization\"},\"potentialAction\":[{\"@type\":\"SearchAction\",\"target\":{\"@type\":\"EntryPoint\",\"urlTemplate\":\"https:\/\/soledaddurazo.com\/?s={search_term_string}\"},\"query-input\":\"required name=search_term_string\"}],\"inLanguage\":\"es\"},{\"@type\":\"ImageObject\",\"@id\":\"https:\/\/soledaddurazo.com\/blog\/2024\/11\/04\/un-fin-de-semana-lleno-de-color-y-tradicion-con-el-vi-festival-tradicional-de-dia-de-muertos-de-hermosillo\/#primaryimage\",\"inLanguage\":\"es\",\"url\":\"https:\/\/soledaddurazo.com\/storage\/2024\/11\/thumbnail.jpeg\",\"contentUrl\":\"https:\/\/soledaddurazo.com\/storage\/2024\/11\/thumbnail.jpeg\",\"width\":1080,\"height\":608},{\"@type\":\"WebPage\",\"@id\":\"https:\/\/soledaddurazo.com\/blog\/2024\/11\/04\/un-fin-de-semana-lleno-de-color-y-tradicion-con-el-vi-festival-tradicional-de-dia-de-muertos-de-hermosillo\/#webpage\",\"url\":\"https:\/\/soledaddurazo.com\/blog\/2024\/11\/04\/un-fin-de-semana-lleno-de-color-y-tradicion-con-el-vi-festival-tradicional-de-dia-de-muertos-de-hermosillo\/\",\"name\":\"Un fin de semana lleno de color y tradici\\u00f3n con el VI Festival Tradicional de D\\u00eda de Muertos de Hermosillo - Periodista SoledadDurazo.com\",\"isPartOf\":{\"@id\":\"https:\/\/soledaddurazo.com\/#website\"},\"primaryImageOfPage\":{\"@id\":\"https:\/\/soledaddurazo.com\/blog\/2024\/11\/04\/un-fin-de-semana-lleno-de-color-y-tradicion-con-el-vi-festival-tradicional-de-dia-de-muertos-de-hermosillo\/#primaryimage\"},\"datePublished\":\"2024-11-04T20:37:09+00:00\",\"dateModified\":\"2024-11-17T10:04:58+00:00\",\"breadcrumb\":{\"@id\":\"https:\/\/soledaddurazo.com\/blog\/2024\/11\/04\/un-fin-de-semana-lleno-de-color-y-tradicion-con-el-vi-festival-tradicional-de-dia-de-muertos-de-hermosillo\/#breadcrumb\"},\"inLanguage\":\"es\",\"potentialAction\":[{\"@type\":\"ReadAction\",\"target\":[\"https:\/\/soledaddurazo.com\/blog\/2024\/11\/04\/un-fin-de-semana-lleno-de-color-y-tradicion-con-el-vi-festival-tradicional-de-dia-de-muertos-de-hermosillo\/\"]}]},{\"@type\":\"BreadcrumbList\",\"@id\":\"https:\/\/soledaddurazo.com\/blog\/2024\/11\/04\/un-fin-de-semana-lleno-de-color-y-tradicion-con-el-vi-festival-tradicional-de-dia-de-muertos-de-hermosillo\/#breadcrumb\",\"itemListElement\":[{\"@type\":\"ListItem\",\"position\":1,\"name\":\"Home\",\"item\":\"https:\/\/soledaddurazo.com\/\"},{\"@type\":\"ListItem\",\"position\":2,\"name\":\"Un fin de semana lleno de color y tradici\\u00f3n con el VI Festival Tradicional de D\\u00eda de Muertos de Hermosillo\"}]},{\"@type\":\"Article\",\"@id\":\"https:\/\/soledaddurazo.com\/blog\/2024\/11\/04\/un-fin-de-semana-lleno-de-color-y-tradicion-con-el-vi-festival-tradicional-de-dia-de-muertos-de-hermosillo\/#article\",\"isPartOf\":{\"@id\":\"https:\/\/soledaddurazo.com\/blog\/2024\/11\/04\/un-fin-de-semana-lleno-de-color-y-tradicion-con-el-vi-festival-tradicional-de-dia-de-muertos-de-hermosillo\/#webpage\"},\"author\":{\"@id\":\"https:\/\/soledaddurazo.com\/#\/schema\/person\/822d8e13aa288585e6546f179853758b\"},\"headline\":\"Un fin de semana lleno de color y tradici\\u00f3n con el VI Festival Tradicional de D\\u00eda de Muertos de Hermosillo\",\"datePublished\":\"2024-11-04T20:37:09+00:00\",\"dateModified\":\"2024-11-17T10:04:58+00:00\",\"mainEntityOfPage\":{\"@id\":\"https:\/\/soledaddurazo.com\/blog\/2024\/11\/04\/un-fin-de-semana-lleno-de-color-y-tradicion-con-el-vi-festival-tradicional-de-dia-de-muertos-de-hermosillo\/#webpage\"},\"wordCount\":514,\"commentCount\":0,\"publisher\":{\"@id\":\"https:\/\/soledaddurazo.com\/#organization\"},\"image\":{\"@id\":\"https:\/\/soledaddurazo.com\/blog\/2024\/11\/04\/un-fin-de-semana-lleno-de-color-y-tradicion-con-el-vi-festival-tradicional-de-dia-de-muertos-de-hermosillo\/#primaryimage\"},\"thumbnailUrl\":\"https:\/\/soledaddurazo.com\/storage\/2024\/11\/thumbnail.jpeg\",\"articleSection\":[\"Mas noticias\"],\"inLanguage\":\"es\",\"potentialAction\":[{\"@type\":\"CommentAction\",\"name\":\"Comment\",\"target\":[\"https:\/\/soledaddurazo.com\/blog\/2024\/11\/04\/un-fin-de-semana-lleno-de-color-y-tradicion-con-el-vi-festival-tradicional-de-dia-de-muertos-de-hermosillo\/#respond\"]}]},{\"@type\":\"Person\",\"@id\":\"https:\/\/soledaddurazo.com\/#\/schema\/person\/822d8e13aa288585e6546f179853758b\",\"name\":\"Redacci\\u00f3n\",\"image\":{\"@type\":\"ImageObject\",\"@id\":\"https:\/\/soledaddurazo.com\/#personlogo\",\"inLanguage\":\"es\",\"url\":\"https:\/\/secure.gravatar.com\/avatar\/c4e193752f756fd61f04deebed3a3a20dc188d37edb53682d313ac57f2725d54?s=96&d=mm&r=g\",\"contentUrl\":\"https:\/\/secure.gravatar.com\/avatar\/c4e193752f756fd61f04deebed3a3a20dc188d37edb53682d313ac57f2725d54?s=96&d=mm&r=g\",\"caption\":\"Redacci\\u00f3n\"},\"sameAs\":[\"https:\/\/soledaddurazo.com\"]}]}<\/script>\n ","yoast_head_json":{"title":"Un fin de semana lleno de color y tradici\u00f3n con el VI Festival Tradicional de D\u00eda de Muertos de Hermosillo - Periodista SoledadDurazo.com","robots":{"index":"index","follow":"follow","max-snippet":"max-snippet:-1","max-image-preview":"max-image-preview:large","max-video-preview":"max-video-preview:-1"},"canonical":"https:\/\/soledaddurazo.com\/blog\/2024\/11\/04\/un-fin-de-semana-lleno-de-color-y-tradicion-con-el-vi-festival-tradicional-de-dia-de-muertos-de-hermosillo\/","og_locale":"es_MX","og_type":"article","og_title":"Un fin de semana lleno de color y tradici\u00f3n con el VI Festival Tradicional de D\u00eda de Muertos de Hermosillo","og_description":"Visitantes de todas edades se dieron cita en el Parque Madero y el Centro Hist\u00f3rico de Hermosillo para disfrutar el variado repertorio de actividades que el Gobierno de Hermosillo, a trav\u00e9s del Instituto Municipal de Cultura y Arte (IMCA,) prepar\u00f3 durante el segundo d\u00eda del VI Festival Tradicional de D\u00eda de Muertos. Los alrededores de [&hellip;]","og_url":"https:\/\/soledaddurazo.com\/blog\/2024\/11\/04\/un-fin-de-semana-lleno-de-color-y-tradicion-con-el-vi-festival-tradicional-de-dia-de-muertos-de-hermosillo\/","og_site_name":"Periodista SoledadDurazo.com","article_publisher":"https:\/\/www.facebook.com\/soledad.durazo.9\/","article_published_time":"2024-11-04T20:37:09+00:00","article_modified_time":"2024-11-17T10:04:58+00:00","og_image":[{"width":1080,"height":608,"url":"https:\/\/soledaddurazo.com\/storage\/2024\/11\/thumbnail.jpeg","type":"image\/jpeg"}],"twitter_card":"summary_large_image","twitter_creator":"@SoledadDurazo","twitter_site":"@SoledadDurazo","twitter_misc":{"Escrito por":"Redacci\u00f3n","Tiempo de lectura":"2 minutos"},"schema":{"@context":"https:\/\/schema.org","@graph":[{"@type":"Organization","@id":"https:\/\/soledaddurazo.com\/#organization","name":"Soledad Durazo","url":"https:\/\/soledaddurazo.com\/","sameAs":["https:\/\/www.facebook.com\/soledad.durazo.9\/","https:\/\/www.instagram.com\/soledaddurazo","https:\/\/www.youtube.com\/channel\/UC9yGPw8-Vbl_B2XNkRwPS-w","https:\/\/twitter.com\/SoledadDurazo"],"logo":{"@type":"ImageObject","@id":"https:\/\/soledaddurazo.com\/#logo","inLanguage":"es","url":"https:\/\/soledaddurazo.com\/storage\/2021\/11\/nllp-720x375-1-2.png","contentUrl":"https:\/\/soledaddurazo.com\/storage\/2021\/11\/nllp-720x375-1-2.png","width":720,"height":375,"caption":"Soledad Durazo"},"image":{"@id":"https:\/\/soledaddurazo.com\/#logo"}},{"@type":"WebSite","@id":"https:\/\/soledaddurazo.com\/#website","url":"https:\/\/soledaddurazo.com\/","name":"Periodista SoledadDurazo.com","description":"Periodista sonorense. Directora de www.SoledadDurazo.com Columnista, conductora de radio y Tv. Catedr\u00e1tica en la UNISON","publisher":{"@id":"https:\/\/soledaddurazo.com\/#organization"},"potentialAction":[{"@type":"SearchAction","target":{"@type":"EntryPoint","urlTemplate":"https:\/\/soledaddurazo.com\/?s={search_term_string}"},"query-input":"required name=search_term_string"}],"inLanguage":"es"},{"@type":"ImageObject","@id":"https:\/\/soledaddurazo.com\/blog\/2024\/11\/04\/un-fin-de-semana-lleno-de-color-y-tradicion-con-el-vi-festival-tradicional-de-dia-de-muertos-de-hermosillo\/#primaryimage","inLanguage":"es","url":"https:\/\/soledaddurazo.com\/storage\/2024\/11\/thumbnail.jpeg","contentUrl":"https:\/\/soledaddurazo.com\/storage\/2024\/11\/thumbnail.jpeg","width":1080,"height":608},{"@type":"WebPage","@id":"https:\/\/soledaddurazo.com\/blog\/2024\/11\/04\/un-fin-de-semana-lleno-de-color-y-tradicion-con-el-vi-festival-tradicional-de-dia-de-muertos-de-hermosillo\/#webpage","url":"https:\/\/soledaddurazo.com\/blog\/2024\/11\/04\/un-fin-de-semana-lleno-de-color-y-tradicion-con-el-vi-festival-tradicional-de-dia-de-muertos-de-hermosillo\/","name":"Un fin de semana lleno de color y tradici\u00f3n con el VI Festival Tradicional de D\u00eda de Muertos de Hermosillo - Periodista SoledadDurazo.com","isPartOf":{"@id":"https:\/\/soledaddurazo.com\/#website"},"primaryImageOfPage":{"@id":"https:\/\/soledaddurazo.com\/blog\/2024\/11\/04\/un-fin-de-semana-lleno-de-color-y-tradicion-con-el-vi-festival-tradicional-de-dia-de-muertos-de-hermosillo\/#primaryimage"},"datePublished":"2024-11-04T20:37:09+00:00","dateModified":"2024-11-17T10:04:58+00:00","breadcrumb":{"@id":"https:\/\/soledaddurazo.com\/blog\/2024\/11\/04\/un-fin-de-semana-lleno-de-color-y-tradicion-con-el-vi-festival-tradicional-de-dia-de-muertos-de-hermosillo\/#breadcrumb"},"inLanguage":"es","potentialAction":[{"@type":"ReadAction","target":["https:\/\/soledaddurazo.com\/blog\/2024\/11\/04\/un-fin-de-semana-lleno-de-color-y-tradicion-con-el-vi-festival-tradicional-de-dia-de-muertos-de-hermosillo\/"]}]},{"@type":"BreadcrumbList","@id":"https:\/\/soledaddurazo.com\/blog\/2024\/11\/04\/un-fin-de-semana-lleno-de-color-y-tradicion-con-el-vi-festival-tradicional-de-dia-de-muertos-de-hermosillo\/#breadcrumb","itemListElement":[{"@type":"ListItem","position":1,"name":"Home","item":"https:\/\/soledaddurazo.com\/"},{"@type":"ListItem","position":2,"name":"Un fin de semana lleno de color y tradici\u00f3n con el VI Festival Tradicional de D\u00eda de Muertos de Hermosillo"}]},{"@type":"Article","@id":"https:\/\/soledaddurazo.com\/blog\/2024\/11\/04\/un-fin-de-semana-lleno-de-color-y-tradicion-con-el-vi-festival-tradicional-de-dia-de-muertos-de-hermosillo\/#article","isPartOf":{"@id":"https:\/\/soledaddurazo.com\/blog\/2024\/11\/04\/un-fin-de-semana-lleno-de-color-y-tradicion-con-el-vi-festival-tradicional-de-dia-de-muertos-de-hermosillo\/#webpage"},"author":{"@id":"https:\/\/soledaddurazo.com\/#\/schema\/person\/822d8e13aa288585e6546f179853758b"},"headline":"Un fin de semana lleno de color y tradici\u00f3n con el VI Festival Tradicional de D\u00eda de Muertos de Hermosillo","datePublished":"2024-11-04T20:37:09+00:00","dateModified":"2024-11-17T10:04:58+00:00","mainEntityOfPage":{"@id":"https:\/\/soledaddurazo.com\/blog\/2024\/11\/04\/un-fin-de-semana-lleno-de-color-y-tradicion-con-el-vi-festival-tradicional-de-dia-de-muertos-de-hermosillo\/#webpage"},"wordCount":514,"commentCount":0,"publisher":{"@id":"https:\/\/soledaddurazo.com\/#organization"},"image":{"@id":"https:\/\/soledaddurazo.com\/blog\/2024\/11\/04\/un-fin-de-semana-lleno-de-color-y-tradicion-con-el-vi-festival-tradicional-de-dia-de-muertos-de-hermosillo\/#primaryimage"},"thumbnailUrl":"https:\/\/soledaddurazo.com\/storage\/2024\/11\/thumbnail.jpeg","articleSection":["Mas noticias"],"inLanguage":"es","potentialAction":[{"@type":"CommentAction","name":"Comment","target":["https:\/\/soledaddurazo.com\/blog\/2024\/11\/04\/un-fin-de-semana-lleno-de-color-y-tradicion-con-el-vi-festival-tradicional-de-dia-de-muertos-de-hermosillo\/#respond"]}]},{"@type":"Person","@id":"https:\/\/soledaddurazo.com\/#\/schema\/person\/822d8e13aa288585e6546f179853758b","name":"Redacci\u00f3n","image":{"@type":"ImageObject","@id":"https:\/\/soledaddurazo.com\/#personlogo","inLanguage":"es","url":"https:\/\/secure.gravatar.com\/avatar\/c4e193752f756fd61f04deebed3a3a20dc188d37edb53682d313ac57f2725d54?s=96&d=mm&r=g","contentUrl":"https:\/\/secure.gravatar.com\/avatar\/c4e193752f756fd61f04deebed3a3a20dc188d37edb53682d313ac57f2725d54?s=96&d=mm&r=g","caption":"Redacci\u00f3n"},"sameAs":["https:\/\/soledaddurazo.com"]}]}},"_links":{"self":[{"href":"https:\/\/soledaddurazo.com\/api\/wp\/v2\/posts\/21446","targetHints":{"allow":["GET"]}}],"collection":[{"href":"https:\/\/soledaddurazo.com\/api\/wp\/v2\/posts"}],"about":[{"href":"https:\/\/soledaddurazo.com\/api\/wp\/v2\/types\/post"}],"author":[{"embeddable":true,"href":"https:\/\/soledaddurazo.com\/api\/wp\/v2\/users\/1"}],"replies":[{"embeddable":true,"href":"https:\/\/soledaddurazo.com\/api\/wp\/v2\/comments?post=21446"}],"version-history":[{"count":1,"href":"https:\/\/soledaddurazo.com\/api\/wp\/v2\/posts\/21446\/revisions"}],"predecessor-version":[{"id":21453,"href":"https:\/\/soledaddurazo.com\/api\/wp\/v2\/posts\/21446\/revisions\/21453"}],"wp:featuredmedia":[{"embeddable":true,"href":"https:\/\/soledaddurazo.com\/api\/wp\/v2\/media\/21447"}],"wp:attachment":[{"href":"https:\/\/soledaddurazo.com\/api\/wp\/v2\/media?parent=21446"}],"wp:term":[{"taxonomy":"category","embeddable":true,"href":"https:\/\/soledaddurazo.com\/api\/wp\/v2\/categories?post=21446"},{"taxonomy":"post_tag","embeddable":true,"href":"https:\/\/soledaddurazo.com\/api\/wp\/v2\/tags?post=21446"}],"curies":[{"name":"wp","href":"https:\/\/api.w.org\/{rel}","templated":true}]}}