{"id":21200,"date":"2024-10-08T00:44:44","date_gmt":"2024-10-08T07:44:44","guid":{"rendered":"https:\/\/soledaddurazo.com\/?p=21200"},"modified":"2024-10-08T00:55:46","modified_gmt":"2024-10-08T07:55:46","slug":"homenaje-a-leticia-varela-ruiz-en-la-casa-de-la-cultura","status":"publish","type":"post","link":"https:\/\/soledaddurazo.com\/blog\/2024\/10\/08\/homenaje-a-leticia-varela-ruiz-en-la-casa-de-la-cultura\/","title":{"rendered":"Homenaje a Leticia Varela Ru\u00edz y otros artistas en la Casa de la Cultura"},"content":{"rendered":"<p>Fue\u00a0 la directora del Instituto Sonorense de Cultura, Beatriz Aldaco quien junto con la Doctora Varela deslizaron las cortina que dejaron ver el nombre en la placa de Leticia Varela Ruiz, y que ahora identifica a la sala de Usos M\u00faltiples de la Biblioteca Modelo N\u00famero 1 \u201cBartolom\u00e9 Delgado de Le\u00f3n\u201d.<\/p>\n<p><a href=\"https:\/\/soledaddurazo.com\/storage\/2024\/10\/6de683b4-9072-4690-97a7-31f6d668fc98.jpeg\"><img loading=\"lazy\" decoding=\"async\" class=\"aligncenter size-full wp-image-21202\" src=\"https:\/\/soledaddurazo.com\/storage\/2024\/10\/6de683b4-9072-4690-97a7-31f6d668fc98.jpeg\" alt=\"\" width=\"900\" height=\"1600\" srcset=\"https:\/\/soledaddurazo.com\/storage\/2024\/10\/6de683b4-9072-4690-97a7-31f6d668fc98.jpeg 900w, https:\/\/soledaddurazo.com\/storage\/2024\/10\/6de683b4-9072-4690-97a7-31f6d668fc98-169x300.jpeg 169w, https:\/\/soledaddurazo.com\/storage\/2024\/10\/6de683b4-9072-4690-97a7-31f6d668fc98-576x1024.jpeg 576w, https:\/\/soledaddurazo.com\/storage\/2024\/10\/6de683b4-9072-4690-97a7-31f6d668fc98-768x1365.jpeg 768w, https:\/\/soledaddurazo.com\/storage\/2024\/10\/6de683b4-9072-4690-97a7-31f6d668fc98-864x1536.jpeg 864w, https:\/\/soledaddurazo.com\/storage\/2024\/10\/6de683b4-9072-4690-97a7-31f6d668fc98-600x1067.jpeg 600w, https:\/\/soledaddurazo.com\/storage\/2024\/10\/6de683b4-9072-4690-97a7-31f6d668fc98-750x1333.jpeg 750w\" sizes=\"auto, (max-width: 900px) 100vw, 900px\" \/><\/a><\/p>\n<p>Como parte de la celebraci\u00f3n del 44 aniversario de la Casa de la Cultura de Sonora, se realiz\u00f3 esta actividad en un homenaje y reconocimiento a las maestra, doctora en Musicolog\u00eda quien es pieza importante en la actividad art\u00edstico cultural del estado.<\/p>\n<p>Platic\u00f3 a los presentes, que este fue un evento significativo ya que en el a\u00f1o 1983, cuando ella reci\u00e9n lleg\u00f3 de hacer su doctorado en Alemania, regres\u00f3 fue la Casa de la Cultura uno de los primeros lugares donde tuvo la oportunidad de trabajar para los maestros del \u00e1rea de M\u00fasica lo que considera ahora &#8220;Un tesoro que lleva en el coraz\u00f3n y su memoria&#8221;.<\/p>\n<p>&#8220;Quiero agradecer este deferencia y lo acepto, para rendir homenaje a la generosidad de las personas que ven los valores en otras personas porque tienen mucho dentro de si&#8221;, expres\u00f3 para finalizar la doctora Varela.<\/p>\n<p><strong>M\u00e1s Reconocimientos\u00a0<\/strong><\/p>\n<p>La directora general del ISC, Beatriz Aldaco Encinas, profundiz\u00f3 en la importancia de la develaci\u00f3n de estas placas que honran a tres figuras fundamentales de la cultura sonorense.<\/p>\n<p>\u201cSe trata de reconocer a pintores, escritores y m\u00fasicos, reconocer su labor en el mundo cultural y art\u00edstico; es un gran honor. En el caso de la maestra Leticia Varela Ruiz hablamos de una figura fundamental para quien quiera conocer de la m\u00fasica en Sonora, de la investigaci\u00f3n musical, de la formaci\u00f3n de la m\u00fasica en Sonora\u201d, expres\u00f3 Aldaco Encinas.<\/p>\n<p>Se devel\u00f3 tambi\u00e9n la placa correspondiente a la colecci\u00f3n \u201cFederico Campbell\u201d, uno de los referentes intelectuales de M\u00e9xico y al que lo une una relaci\u00f3n \u00edntima con Sonora.<\/p>\n<p>\u201cFederico Campbell fue un gran amigo de Sonora, estudi\u00f3 derecho en la Universidad de Sonora y luego Periodismo en Estados Unidos, pero siempre estuvo al pendiente de lo que ocurr\u00eda aqu\u00ed. Su biblioteca estuvo mucho tiempo en su casa, y Carmen Gayt\u00e1n, su pareja \u2014a quien le agradecemos\u2014 decidi\u00f3 donar parte de su biblioteca aqu\u00ed a Sonora. Somos privilegiados de tener esta colecci\u00f3n con nosotros\u201d, indic\u00f3 la directora general del ISC.<\/p>\n<p><a href=\"https:\/\/soledaddurazo.com\/storage\/2024\/10\/bdf8caa0-09ae-4eb2-85a2-ba0f65017a3c.jpeg\"><img loading=\"lazy\" decoding=\"async\" class=\"aligncenter size-full wp-image-21207\" src=\"https:\/\/soledaddurazo.com\/storage\/2024\/10\/bdf8caa0-09ae-4eb2-85a2-ba0f65017a3c.jpeg\" alt=\"\" width=\"1200\" height=\"1600\" srcset=\"https:\/\/soledaddurazo.com\/storage\/2024\/10\/bdf8caa0-09ae-4eb2-85a2-ba0f65017a3c.jpeg 1200w, https:\/\/soledaddurazo.com\/storage\/2024\/10\/bdf8caa0-09ae-4eb2-85a2-ba0f65017a3c-225x300.jpeg 225w, https:\/\/soledaddurazo.com\/storage\/2024\/10\/bdf8caa0-09ae-4eb2-85a2-ba0f65017a3c-768x1024.jpeg 768w, https:\/\/soledaddurazo.com\/storage\/2024\/10\/bdf8caa0-09ae-4eb2-85a2-ba0f65017a3c-1152x1536.jpeg 1152w, https:\/\/soledaddurazo.com\/storage\/2024\/10\/bdf8caa0-09ae-4eb2-85a2-ba0f65017a3c-600x800.jpeg 600w, https:\/\/soledaddurazo.com\/storage\/2024\/10\/bdf8caa0-09ae-4eb2-85a2-ba0f65017a3c-750x1000.jpeg 750w, https:\/\/soledaddurazo.com\/storage\/2024\/10\/bdf8caa0-09ae-4eb2-85a2-ba0f65017a3c-1140x1520.jpeg 1140w\" sizes=\"auto, (max-width: 1200px) 100vw, 1200px\" \/><\/a><\/p>\n<p>La colecci\u00f3n cuenta con 59 libros que dan pista de la cartograf\u00eda lectora de Federico Campbell: desde literatura cl\u00e1sica a la vanguardia de la literatura policiaca; adem\u00e1s, cada libro incluye sus anotaciones, las que permiten indagar en su forma de pensar, leer y comprender el mundo literario.<\/p>\n<p>La tercera placa que se devel\u00f3 fue la de la colecci\u00f3n \u201cRoberto Parodi\u201d, en honor a uno de los pintores sonorenses m\u00e1s influyentes de finales del siglo XX y principios del siglo XXI, y cuyo contenido consiste en un acervo de obras pl\u00e1sticas.<\/p>\n<p>Gloria Barrag\u00e1n Rosas, responsable de la Biblioteca Modelo N\u00famero 1 \u201cBartolom\u00e9 Delgado de Le\u00f3n\u201d, se\u00f1al\u00f3 que est\u00e1s develaciones son momentos hist\u00f3ricos y que la figura de Roberto Parodi y de su familia ha sido pilar en el desarrollo cultura de la entidad.<\/p>\n<p>Consulta la agenda de actividades en isc.sonora.edu.mx y en redes sociales @iscsonora.<\/p>\n","protected":false},"excerpt":{"rendered":"<p>Fue\u00a0 la directora del Instituto Sonorense de Cultura, Beatriz Aldaco quien junto con la Doctora Varela deslizaron las cortina que dejaron ver el nombre en la placa de Leticia Varela Ruiz, y que ahora identifica a la sala de Usos M\u00faltiples de la Biblioteca Modelo N\u00famero 1 \u201cBartolom\u00e9 Delgado de Le\u00f3n\u201d. Como parte de la [&hellip;]<\/p>\n","protected":false},"author":1,"featured_media":21201,"comment_status":"open","ping_status":"open","sticky":false,"template":"","format":"standard","meta":{"footnotes":""},"categories":[160,153],"tags":[],"class_list":["post"],"yoast_head":" \n<title>Homenaje a Leticia Varela Ru\u00edz y otros artistas en la Casa de la Cultura - Periodista SoledadDurazo.com<\/title>\n<meta name=\"robots\" content=\"index, follow, max-snippet:-1, max-image-preview:large, max-video-preview:-1\" \/>\n<link rel=\"canonical\" href=\"https:\/\/soledaddurazo.com\/blog\/2024\/10\/08\/homenaje-a-leticia-varela-ruiz-en-la-casa-de-la-cultura\/\" \/>\n<meta property=\"og:locale\" content=\"es_MX\" \/>\n<meta property=\"og:type\" content=\"article\" \/>\n<meta property=\"og:title\" content=\"Homenaje a Leticia Varela Ru\u00edz y otros artistas en la Casa de la Cultura\" \/>\n<meta property=\"og:description\" content=\"Fue\u00a0 la directora del Instituto Sonorense de Cultura, Beatriz Aldaco quien junto con la Doctora Varela deslizaron las cortina que dejaron ver el nombre en la placa de Leticia Varela Ruiz, y que ahora identifica a la sala de Usos M\u00faltiples de la Biblioteca Modelo N\u00famero 1 \u201cBartolom\u00e9 Delgado de Le\u00f3n\u201d. Como parte de la [&hellip;]\" \/>\n<meta property=\"og:url\" content=\"https:\/\/soledaddurazo.com\/blog\/2024\/10\/08\/homenaje-a-leticia-varela-ruiz-en-la-casa-de-la-cultura\/\" \/>\n<meta property=\"og:site_name\" content=\"Periodista SoledadDurazo.com\" \/>\n<meta property=\"article:publisher\" content=\"https:\/\/www.facebook.com\/soledad.durazo.9\/\" \/>\n<meta property=\"article:published_time\" content=\"2024-10-08T07:44:44+00:00\" \/>\n<meta property=\"article:modified_time\" content=\"2024-10-08T07:55:46+00:00\" \/>\n<meta property=\"og:image\" content=\"https:\/\/soledaddurazo.com\/storage\/2024\/10\/72aea39b-6c31-4c01-9833-dde0dee87241.jpeg\" \/>\n\t<meta property=\"og:image:width\" content=\"900\" \/>\n\t<meta property=\"og:image:height\" content=\"1600\" \/>\n<meta name=\"twitter:card\" content=\"summary_large_image\" \/>\n<meta name=\"twitter:creator\" content=\"@SoledadDurazo\" \/>\n<meta name=\"twitter:site\" content=\"@SoledadDurazo\" \/>\n<meta name=\"twitter:label1\" content=\"Escrito por\" \/>\n\t<meta name=\"twitter:data1\" content=\"Redacci\u00f3n\" \/>\n\t<meta name=\"twitter:label2\" content=\"Tiempo de lectura\" \/>\n\t<meta name=\"twitter:data2\" content=\"3 minutos\" \/>\n<script type=\"application\/ld+json\" class=\"yoast-schema-graph\">{\"@context\":\"https:\/\/schema.org\",\"@graph\":[{\"@type\":\"Organization\",\"@id\":\"https:\/\/soledaddurazo.com\/#organization\",\"name\":\"Soledad Durazo\",\"url\":\"https:\/\/soledaddurazo.com\/\",\"sameAs\":[\"https:\/\/www.facebook.com\/soledad.durazo.9\/\",\"https:\/\/www.instagram.com\/soledaddurazo\",\"https:\/\/www.youtube.com\/channel\/UC9yGPw8-Vbl_B2XNkRwPS-w\",\"https:\/\/twitter.com\/SoledadDurazo\"],\"logo\":{\"@type\":\"ImageObject\",\"@id\":\"https:\/\/soledaddurazo.com\/#logo\",\"inLanguage\":\"es\",\"url\":\"https:\/\/soledaddurazo.com\/storage\/2021\/11\/nllp-720x375-1-2.png\",\"contentUrl\":\"https:\/\/soledaddurazo.com\/storage\/2021\/11\/nllp-720x375-1-2.png\",\"width\":720,\"height\":375,\"caption\":\"Soledad Durazo\"},\"image\":{\"@id\":\"https:\/\/soledaddurazo.com\/#logo\"}},{\"@type\":\"WebSite\",\"@id\":\"https:\/\/soledaddurazo.com\/#website\",\"url\":\"https:\/\/soledaddurazo.com\/\",\"name\":\"Periodista SoledadDurazo.com\",\"description\":\"Periodista sonorense. Directora de www.SoledadDurazo.com Columnista, conductora de radio y Tv. Catedr\\u00e1tica en la UNISON\",\"publisher\":{\"@id\":\"https:\/\/soledaddurazo.com\/#organization\"},\"potentialAction\":[{\"@type\":\"SearchAction\",\"target\":{\"@type\":\"EntryPoint\",\"urlTemplate\":\"https:\/\/soledaddurazo.com\/?s={search_term_string}\"},\"query-input\":\"required name=search_term_string\"}],\"inLanguage\":\"es\"},{\"@type\":\"ImageObject\",\"@id\":\"https:\/\/soledaddurazo.com\/blog\/2024\/10\/08\/homenaje-a-leticia-varela-ruiz-en-la-casa-de-la-cultura\/#primaryimage\",\"inLanguage\":\"es\",\"url\":\"https:\/\/soledaddurazo.com\/storage\/2024\/10\/72aea39b-6c31-4c01-9833-dde0dee87241.jpeg\",\"contentUrl\":\"https:\/\/soledaddurazo.com\/storage\/2024\/10\/72aea39b-6c31-4c01-9833-dde0dee87241.jpeg\",\"width\":900,\"height\":1600},{\"@type\":\"WebPage\",\"@id\":\"https:\/\/soledaddurazo.com\/blog\/2024\/10\/08\/homenaje-a-leticia-varela-ruiz-en-la-casa-de-la-cultura\/#webpage\",\"url\":\"https:\/\/soledaddurazo.com\/blog\/2024\/10\/08\/homenaje-a-leticia-varela-ruiz-en-la-casa-de-la-cultura\/\",\"name\":\"Homenaje a Leticia Varela Ru\\u00edz y otros artistas en la Casa de la Cultura - Periodista SoledadDurazo.com\",\"isPartOf\":{\"@id\":\"https:\/\/soledaddurazo.com\/#website\"},\"primaryImageOfPage\":{\"@id\":\"https:\/\/soledaddurazo.com\/blog\/2024\/10\/08\/homenaje-a-leticia-varela-ruiz-en-la-casa-de-la-cultura\/#primaryimage\"},\"datePublished\":\"2024-10-08T07:44:44+00:00\",\"dateModified\":\"2024-10-08T07:55:46+00:00\",\"breadcrumb\":{\"@id\":\"https:\/\/soledaddurazo.com\/blog\/2024\/10\/08\/homenaje-a-leticia-varela-ruiz-en-la-casa-de-la-cultura\/#breadcrumb\"},\"inLanguage\":\"es\",\"potentialAction\":[{\"@type\":\"ReadAction\",\"target\":[\"https:\/\/soledaddurazo.com\/blog\/2024\/10\/08\/homenaje-a-leticia-varela-ruiz-en-la-casa-de-la-cultura\/\"]}]},{\"@type\":\"BreadcrumbList\",\"@id\":\"https:\/\/soledaddurazo.com\/blog\/2024\/10\/08\/homenaje-a-leticia-varela-ruiz-en-la-casa-de-la-cultura\/#breadcrumb\",\"itemListElement\":[{\"@type\":\"ListItem\",\"position\":1,\"name\":\"Home\",\"item\":\"https:\/\/soledaddurazo.com\/\"},{\"@type\":\"ListItem\",\"position\":2,\"name\":\"Homenaje a Leticia Varela Ru\\u00edz y otros artistas en la Casa de la Cultura\"}]},{\"@type\":\"Article\",\"@id\":\"https:\/\/soledaddurazo.com\/blog\/2024\/10\/08\/homenaje-a-leticia-varela-ruiz-en-la-casa-de-la-cultura\/#article\",\"isPartOf\":{\"@id\":\"https:\/\/soledaddurazo.com\/blog\/2024\/10\/08\/homenaje-a-leticia-varela-ruiz-en-la-casa-de-la-cultura\/#webpage\"},\"author\":{\"@id\":\"https:\/\/soledaddurazo.com\/#\/schema\/person\/822d8e13aa288585e6546f179853758b\"},\"headline\":\"Homenaje a Leticia Varela Ru\\u00edz y otros artistas en la Casa de la Cultura\",\"datePublished\":\"2024-10-08T07:44:44+00:00\",\"dateModified\":\"2024-10-08T07:55:46+00:00\",\"mainEntityOfPage\":{\"@id\":\"https:\/\/soledaddurazo.com\/blog\/2024\/10\/08\/homenaje-a-leticia-varela-ruiz-en-la-casa-de-la-cultura\/#webpage\"},\"wordCount\":577,\"commentCount\":0,\"publisher\":{\"@id\":\"https:\/\/soledaddurazo.com\/#organization\"},\"image\":{\"@id\":\"https:\/\/soledaddurazo.com\/blog\/2024\/10\/08\/homenaje-a-leticia-varela-ruiz-en-la-casa-de-la-cultura\/#primaryimage\"},\"thumbnailUrl\":\"https:\/\/soledaddurazo.com\/storage\/2024\/10\/72aea39b-6c31-4c01-9833-dde0dee87241.jpeg\",\"articleSection\":[\"Mas noticias\",\"principal\"],\"inLanguage\":\"es\",\"potentialAction\":[{\"@type\":\"CommentAction\",\"name\":\"Comment\",\"target\":[\"https:\/\/soledaddurazo.com\/blog\/2024\/10\/08\/homenaje-a-leticia-varela-ruiz-en-la-casa-de-la-cultura\/#respond\"]}]},{\"@type\":\"Person\",\"@id\":\"https:\/\/soledaddurazo.com\/#\/schema\/person\/822d8e13aa288585e6546f179853758b\",\"name\":\"Redacci\\u00f3n\",\"image\":{\"@type\":\"ImageObject\",\"@id\":\"https:\/\/soledaddurazo.com\/#personlogo\",\"inLanguage\":\"es\",\"url\":\"https:\/\/secure.gravatar.com\/avatar\/c4e193752f756fd61f04deebed3a3a20dc188d37edb53682d313ac57f2725d54?s=96&d=mm&r=g\",\"contentUrl\":\"https:\/\/secure.gravatar.com\/avatar\/c4e193752f756fd61f04deebed3a3a20dc188d37edb53682d313ac57f2725d54?s=96&d=mm&r=g\",\"caption\":\"Redacci\\u00f3n\"},\"sameAs\":[\"https:\/\/soledaddurazo.com\"]}]}<\/script>\n ","yoast_head_json":{"title":"Homenaje a Leticia Varela Ru\u00edz y otros artistas en la Casa de la Cultura - Periodista SoledadDurazo.com","robots":{"index":"index","follow":"follow","max-snippet":"max-snippet:-1","max-image-preview":"max-image-preview:large","max-video-preview":"max-video-preview:-1"},"canonical":"https:\/\/soledaddurazo.com\/blog\/2024\/10\/08\/homenaje-a-leticia-varela-ruiz-en-la-casa-de-la-cultura\/","og_locale":"es_MX","og_type":"article","og_title":"Homenaje a Leticia Varela Ru\u00edz y otros artistas en la Casa de la Cultura","og_description":"Fue\u00a0 la directora del Instituto Sonorense de Cultura, Beatriz Aldaco quien junto con la Doctora Varela deslizaron las cortina que dejaron ver el nombre en la placa de Leticia Varela Ruiz, y que ahora identifica a la sala de Usos M\u00faltiples de la Biblioteca Modelo N\u00famero 1 \u201cBartolom\u00e9 Delgado de Le\u00f3n\u201d. Como parte de la [&hellip;]","og_url":"https:\/\/soledaddurazo.com\/blog\/2024\/10\/08\/homenaje-a-leticia-varela-ruiz-en-la-casa-de-la-cultura\/","og_site_name":"Periodista SoledadDurazo.com","article_publisher":"https:\/\/www.facebook.com\/soledad.durazo.9\/","article_published_time":"2024-10-08T07:44:44+00:00","article_modified_time":"2024-10-08T07:55:46+00:00","og_image":[{"width":900,"height":1600,"url":"https:\/\/soledaddurazo.com\/storage\/2024\/10\/72aea39b-6c31-4c01-9833-dde0dee87241.jpeg","type":"image\/jpeg"}],"twitter_card":"summary_large_image","twitter_creator":"@SoledadDurazo","twitter_site":"@SoledadDurazo","twitter_misc":{"Escrito por":"Redacci\u00f3n","Tiempo de lectura":"3 minutos"},"schema":{"@context":"https:\/\/schema.org","@graph":[{"@type":"Organization","@id":"https:\/\/soledaddurazo.com\/#organization","name":"Soledad Durazo","url":"https:\/\/soledaddurazo.com\/","sameAs":["https:\/\/www.facebook.com\/soledad.durazo.9\/","https:\/\/www.instagram.com\/soledaddurazo","https:\/\/www.youtube.com\/channel\/UC9yGPw8-Vbl_B2XNkRwPS-w","https:\/\/twitter.com\/SoledadDurazo"],"logo":{"@type":"ImageObject","@id":"https:\/\/soledaddurazo.com\/#logo","inLanguage":"es","url":"https:\/\/soledaddurazo.com\/storage\/2021\/11\/nllp-720x375-1-2.png","contentUrl":"https:\/\/soledaddurazo.com\/storage\/2021\/11\/nllp-720x375-1-2.png","width":720,"height":375,"caption":"Soledad Durazo"},"image":{"@id":"https:\/\/soledaddurazo.com\/#logo"}},{"@type":"WebSite","@id":"https:\/\/soledaddurazo.com\/#website","url":"https:\/\/soledaddurazo.com\/","name":"Periodista SoledadDurazo.com","description":"Periodista sonorense. Directora de www.SoledadDurazo.com Columnista, conductora de radio y Tv. Catedr\u00e1tica en la UNISON","publisher":{"@id":"https:\/\/soledaddurazo.com\/#organization"},"potentialAction":[{"@type":"SearchAction","target":{"@type":"EntryPoint","urlTemplate":"https:\/\/soledaddurazo.com\/?s={search_term_string}"},"query-input":"required name=search_term_string"}],"inLanguage":"es"},{"@type":"ImageObject","@id":"https:\/\/soledaddurazo.com\/blog\/2024\/10\/08\/homenaje-a-leticia-varela-ruiz-en-la-casa-de-la-cultura\/#primaryimage","inLanguage":"es","url":"https:\/\/soledaddurazo.com\/storage\/2024\/10\/72aea39b-6c31-4c01-9833-dde0dee87241.jpeg","contentUrl":"https:\/\/soledaddurazo.com\/storage\/2024\/10\/72aea39b-6c31-4c01-9833-dde0dee87241.jpeg","width":900,"height":1600},{"@type":"WebPage","@id":"https:\/\/soledaddurazo.com\/blog\/2024\/10\/08\/homenaje-a-leticia-varela-ruiz-en-la-casa-de-la-cultura\/#webpage","url":"https:\/\/soledaddurazo.com\/blog\/2024\/10\/08\/homenaje-a-leticia-varela-ruiz-en-la-casa-de-la-cultura\/","name":"Homenaje a Leticia Varela Ru\u00edz y otros artistas en la Casa de la Cultura - Periodista SoledadDurazo.com","isPartOf":{"@id":"https:\/\/soledaddurazo.com\/#website"},"primaryImageOfPage":{"@id":"https:\/\/soledaddurazo.com\/blog\/2024\/10\/08\/homenaje-a-leticia-varela-ruiz-en-la-casa-de-la-cultura\/#primaryimage"},"datePublished":"2024-10-08T07:44:44+00:00","dateModified":"2024-10-08T07:55:46+00:00","breadcrumb":{"@id":"https:\/\/soledaddurazo.com\/blog\/2024\/10\/08\/homenaje-a-leticia-varela-ruiz-en-la-casa-de-la-cultura\/#breadcrumb"},"inLanguage":"es","potentialAction":[{"@type":"ReadAction","target":["https:\/\/soledaddurazo.com\/blog\/2024\/10\/08\/homenaje-a-leticia-varela-ruiz-en-la-casa-de-la-cultura\/"]}]},{"@type":"BreadcrumbList","@id":"https:\/\/soledaddurazo.com\/blog\/2024\/10\/08\/homenaje-a-leticia-varela-ruiz-en-la-casa-de-la-cultura\/#breadcrumb","itemListElement":[{"@type":"ListItem","position":1,"name":"Home","item":"https:\/\/soledaddurazo.com\/"},{"@type":"ListItem","position":2,"name":"Homenaje a Leticia Varela Ru\u00edz y otros artistas en la Casa de la Cultura"}]},{"@type":"Article","@id":"https:\/\/soledaddurazo.com\/blog\/2024\/10\/08\/homenaje-a-leticia-varela-ruiz-en-la-casa-de-la-cultura\/#article","isPartOf":{"@id":"https:\/\/soledaddurazo.com\/blog\/2024\/10\/08\/homenaje-a-leticia-varela-ruiz-en-la-casa-de-la-cultura\/#webpage"},"author":{"@id":"https:\/\/soledaddurazo.com\/#\/schema\/person\/822d8e13aa288585e6546f179853758b"},"headline":"Homenaje a Leticia Varela Ru\u00edz y otros artistas en la Casa de la Cultura","datePublished":"2024-10-08T07:44:44+00:00","dateModified":"2024-10-08T07:55:46+00:00","mainEntityOfPage":{"@id":"https:\/\/soledaddurazo.com\/blog\/2024\/10\/08\/homenaje-a-leticia-varela-ruiz-en-la-casa-de-la-cultura\/#webpage"},"wordCount":577,"commentCount":0,"publisher":{"@id":"https:\/\/soledaddurazo.com\/#organization"},"image":{"@id":"https:\/\/soledaddurazo.com\/blog\/2024\/10\/08\/homenaje-a-leticia-varela-ruiz-en-la-casa-de-la-cultura\/#primaryimage"},"thumbnailUrl":"https:\/\/soledaddurazo.com\/storage\/2024\/10\/72aea39b-6c31-4c01-9833-dde0dee87241.jpeg","articleSection":["Mas noticias","principal"],"inLanguage":"es","potentialAction":[{"@type":"CommentAction","name":"Comment","target":["https:\/\/soledaddurazo.com\/blog\/2024\/10\/08\/homenaje-a-leticia-varela-ruiz-en-la-casa-de-la-cultura\/#respond"]}]},{"@type":"Person","@id":"https:\/\/soledaddurazo.com\/#\/schema\/person\/822d8e13aa288585e6546f179853758b","name":"Redacci\u00f3n","image":{"@type":"ImageObject","@id":"https:\/\/soledaddurazo.com\/#personlogo","inLanguage":"es","url":"https:\/\/secure.gravatar.com\/avatar\/c4e193752f756fd61f04deebed3a3a20dc188d37edb53682d313ac57f2725d54?s=96&d=mm&r=g","contentUrl":"https:\/\/secure.gravatar.com\/avatar\/c4e193752f756fd61f04deebed3a3a20dc188d37edb53682d313ac57f2725d54?s=96&d=mm&r=g","caption":"Redacci\u00f3n"},"sameAs":["https:\/\/soledaddurazo.com"]}]}},"_links":{"self":[{"href":"https:\/\/soledaddurazo.com\/api\/wp\/v2\/posts\/21200","targetHints":{"allow":["GET"]}}],"collection":[{"href":"https:\/\/soledaddurazo.com\/api\/wp\/v2\/posts"}],"about":[{"href":"https:\/\/soledaddurazo.com\/api\/wp\/v2\/types\/post"}],"author":[{"embeddable":true,"href":"https:\/\/soledaddurazo.com\/api\/wp\/v2\/users\/1"}],"replies":[{"embeddable":true,"href":"https:\/\/soledaddurazo.com\/api\/wp\/v2\/comments?post=21200"}],"version-history":[{"count":3,"href":"https:\/\/soledaddurazo.com\/api\/wp\/v2\/posts\/21200\/revisions"}],"predecessor-version":[{"id":21208,"href":"https:\/\/soledaddurazo.com\/api\/wp\/v2\/posts\/21200\/revisions\/21208"}],"wp:featuredmedia":[{"embeddable":true,"href":"https:\/\/soledaddurazo.com\/api\/wp\/v2\/media\/21201"}],"wp:attachment":[{"href":"https:\/\/soledaddurazo.com\/api\/wp\/v2\/media?parent=21200"}],"wp:term":[{"taxonomy":"category","embeddable":true,"href":"https:\/\/soledaddurazo.com\/api\/wp\/v2\/categories?post=21200"},{"taxonomy":"post_tag","embeddable":true,"href":"https:\/\/soledaddurazo.com\/api\/wp\/v2\/tags?post=21200"}],"curies":[{"name":"wp","href":"https:\/\/api.w.org\/{rel}","templated":true}]}}