{"id":21095,"date":"2024-09-20T01:01:38","date_gmt":"2024-09-20T08:01:38","guid":{"rendered":"https:\/\/soledaddurazo.com\/?p=21095"},"modified":"2024-09-25T14:31:48","modified_gmt":"2024-09-25T21:31:48","slug":"los-bebes-deben-tener-su-album-familiar","status":"publish","type":"post","link":"https:\/\/soledaddurazo.com\/blog\/2024\/09\/20\/los-bebes-deben-tener-su-album-familiar\/","title":{"rendered":"Los beb\u00e9s deben tener su \u00e1lbum familiar"},"content":{"rendered":"<p><strong>Un \u00e1lbum fotogr\u00e1fico familiar es una herramienta valiosa<\/strong>\u00a0para documentar los primeros a\u00f1os de vida de tu peque\u00f1o. Con el tiempo las im\u00e1genes que capturamos se convierten en recuerdos preciosos para compartir con nuestros hijos y con toda la familia. Adem\u00e1s, tener un \u00e1lbum de fotos es una excelente manera de mantenerse conectados con nuestros seres queridos, incluso si se encuentran viviendo lejos.<\/p>\n<div>A continuaci\u00f3n, te presentamos algunas razones por las que es importante tener un \u00e1lbum familiar de fotos para tus peque\u00f1os:<\/div>\n<div><a href=\"https:\/\/soledaddurazo.com\/storage\/2024\/09\/whatsapp-image-2023-12-26-at-15-31-29-5-d01b791eace0751c9517036173681908-1024-1024.jpeg\"><img loading=\"lazy\" decoding=\"async\" class=\"aligncenter size-full wp-image-21097\" src=\"https:\/\/soledaddurazo.com\/storage\/2024\/09\/whatsapp-image-2023-12-26-at-15-31-29-5-d01b791eace0751c9517036173681908-1024-1024.jpeg\" alt=\"\" width=\"1024\" height=\"722\" srcset=\"https:\/\/soledaddurazo.com\/storage\/2024\/09\/whatsapp-image-2023-12-26-at-15-31-29-5-d01b791eace0751c9517036173681908-1024-1024.jpeg 1024w, https:\/\/soledaddurazo.com\/storage\/2024\/09\/whatsapp-image-2023-12-26-at-15-31-29-5-d01b791eace0751c9517036173681908-1024-1024-300x212.jpeg 300w, https:\/\/soledaddurazo.com\/storage\/2024\/09\/whatsapp-image-2023-12-26-at-15-31-29-5-d01b791eace0751c9517036173681908-1024-1024-768x542.jpeg 768w, https:\/\/soledaddurazo.com\/storage\/2024\/09\/whatsapp-image-2023-12-26-at-15-31-29-5-d01b791eace0751c9517036173681908-1024-1024-600x423.jpeg 600w, https:\/\/soledaddurazo.com\/storage\/2024\/09\/whatsapp-image-2023-12-26-at-15-31-29-5-d01b791eace0751c9517036173681908-1024-1024-120x86.jpeg 120w, https:\/\/soledaddurazo.com\/storage\/2024\/09\/whatsapp-image-2023-12-26-at-15-31-29-5-d01b791eace0751c9517036173681908-1024-1024-750x529.jpeg 750w\" sizes=\"auto, (max-width: 1024px) 100vw, 1024px\" \/><\/a><\/div>\n<div>\n<ol>\n<li><strong>Documentan su crecimiento:<\/strong>\u00a0Los beb\u00e9s crecen cada d\u00eda un poco m\u00e1s y cada etapa por la que pasan es \u00fanica. Al tener un \u00e1lbum de fotos pueden capturar esos momentos preciosos y mirar hacia atr\u00e1s en el tiempo para ver cu\u00e1nto ha crecido y aprendido su peque.<\/li>\n<li><strong>Preserva recuerdos especiales:<\/strong>\u00a0Las fotos son una forma de capturar recuerdos especiales que de otra manera podr\u00edan desvanecerse con el tiempo. Desde el primer cumplea\u00f1os hasta la ca\u00edda de su primer diente de leche, un \u00e1lbum de fotos le permite preservar esos recuerdos y compartirlos con los dem\u00e1s.<\/li>\n<li><strong>Fortalece los lazos familiares:<\/strong>\u00a0Un \u00e1lbum de fotos es una excelente manera de mantenerse conectados con nuestros seres queridos, incluso si est\u00e1n lejos. Pueden compartir fotos de su beb\u00e9 con aquellos familiares y amigos que no pueden estar a su lado para verlos crecer y desarrollarse.<\/li>\n<li><strong>Fomentan el amor propio y la autoestima:<\/strong>\u00a0Cuando los ni\u00f1os ven fotos de s\u00ed mismos pueden sentirse orgullosos de su crecimiento y desarrollo. Fortalecen su autoestima al ver cu\u00e1nto amor y atenci\u00f3n recibieron durante su infancia.<\/li>\n<li><strong>Puede ser una herramienta educativa:\u00a0<\/strong>Un \u00e1lbum de fotos puede ayudar en la educaci\u00f3n de los peque\u00f1os. Con ayuda de este pueden contar la historia de su familia, compartiendo momentos que prevalecen en su memoria a trav\u00e9s de una imagen.<\/li>\n<\/ol>\n<p>Si es que a\u00fan no tienen su \u00e1lbum familiar, no esperen m\u00e1s para comenzarlo y capturar todos esos momentos preciosos mientras su beb\u00e9 crece y cambia cada d\u00eda un poquito m\u00e1s. Crear un \u00e1lbum fotogr\u00e1fico familiar puede ser una herramienta muy importante para fomentar el desarrollo emocional, social y cognitivo de los ni\u00f1os, ya que estimula su memoria, fortalece sus lazos familiares y fomenta su expresi\u00f3n emocional, los cuales son aspectos que enriquecen su formaci\u00f3n humana y social.<\/p>\n<\/div>\n<div><\/div>\n<div>fuente: clublibritos.com<\/div>\n","protected":false},"excerpt":{"rendered":"<p>Un \u00e1lbum fotogr\u00e1fico familiar es una herramienta valiosa\u00a0para documentar los primeros a\u00f1os de vida de tu peque\u00f1o. Con el tiempo las im\u00e1genes que capturamos se convierten en recuerdos preciosos para compartir con nuestros hijos y con toda la familia. Adem\u00e1s, tener un \u00e1lbum de fotos es una excelente manera de mantenerse conectados con nuestros seres [&hellip;]<\/p>\n","protected":false},"author":1,"featured_media":21096,"comment_status":"open","ping_status":"open","sticky":false,"template":"","format":"standard","meta":{"footnotes":""},"categories":[153],"tags":[],"class_list":["post"],"yoast_head":" \n<title>Los beb\u00e9s deben tener su \u00e1lbum familiar - Periodista SoledadDurazo.com<\/title>\n<meta name=\"robots\" content=\"index, follow, max-snippet:-1, max-image-preview:large, max-video-preview:-1\" \/>\n<link rel=\"canonical\" href=\"https:\/\/soledaddurazo.com\/blog\/2024\/09\/20\/los-bebes-deben-tener-su-album-familiar\/\" \/>\n<meta property=\"og:locale\" content=\"es_MX\" \/>\n<meta property=\"og:type\" content=\"article\" \/>\n<meta property=\"og:title\" content=\"Los beb\u00e9s deben tener su \u00e1lbum familiar\" \/>\n<meta property=\"og:description\" content=\"Un \u00e1lbum fotogr\u00e1fico familiar es una herramienta valiosa\u00a0para documentar los primeros a\u00f1os de vida de tu peque\u00f1o. Con el tiempo las im\u00e1genes que capturamos se convierten en recuerdos preciosos para compartir con nuestros hijos y con toda la familia. Adem\u00e1s, tener un \u00e1lbum de fotos es una excelente manera de mantenerse conectados con nuestros seres [&hellip;]\" \/>\n<meta property=\"og:url\" content=\"https:\/\/soledaddurazo.com\/blog\/2024\/09\/20\/los-bebes-deben-tener-su-album-familiar\/\" \/>\n<meta property=\"og:site_name\" content=\"Periodista SoledadDurazo.com\" \/>\n<meta property=\"article:publisher\" content=\"https:\/\/www.facebook.com\/soledad.durazo.9\/\" \/>\n<meta property=\"article:published_time\" content=\"2024-09-20T08:01:38+00:00\" \/>\n<meta property=\"article:modified_time\" content=\"2024-09-25T21:31:48+00:00\" \/>\n<meta property=\"og:image\" content=\"https:\/\/soledaddurazo.com\/storage\/2024\/09\/libro-primer-ano-del-bebe-y-entonces-llegue-yo_76b6964b-a5f7-4249-96f0-f76b3817b722.jpg\" \/>\n\t<meta property=\"og:image:width\" content=\"800\" \/>\n\t<meta property=\"og:image:height\" content=\"800\" \/>\n<meta name=\"twitter:card\" content=\"summary_large_image\" \/>\n<meta name=\"twitter:creator\" content=\"@SoledadDurazo\" \/>\n<meta name=\"twitter:site\" content=\"@SoledadDurazo\" \/>\n<meta name=\"twitter:label1\" content=\"Escrito por\" \/>\n\t<meta name=\"twitter:data1\" content=\"Redacci\u00f3n\" \/>\n\t<meta name=\"twitter:label2\" content=\"Tiempo de lectura\" \/>\n\t<meta name=\"twitter:data2\" content=\"2 minutos\" \/>\n<script type=\"application\/ld+json\" class=\"yoast-schema-graph\">{\"@context\":\"https:\/\/schema.org\",\"@graph\":[{\"@type\":\"Organization\",\"@id\":\"https:\/\/soledaddurazo.com\/#organization\",\"name\":\"Soledad Durazo\",\"url\":\"https:\/\/soledaddurazo.com\/\",\"sameAs\":[\"https:\/\/www.facebook.com\/soledad.durazo.9\/\",\"https:\/\/www.instagram.com\/soledaddurazo\",\"https:\/\/www.youtube.com\/channel\/UC9yGPw8-Vbl_B2XNkRwPS-w\",\"https:\/\/twitter.com\/SoledadDurazo\"],\"logo\":{\"@type\":\"ImageObject\",\"@id\":\"https:\/\/soledaddurazo.com\/#logo\",\"inLanguage\":\"es\",\"url\":\"https:\/\/soledaddurazo.com\/storage\/2021\/11\/nllp-720x375-1-2.png\",\"contentUrl\":\"https:\/\/soledaddurazo.com\/storage\/2021\/11\/nllp-720x375-1-2.png\",\"width\":720,\"height\":375,\"caption\":\"Soledad Durazo\"},\"image\":{\"@id\":\"https:\/\/soledaddurazo.com\/#logo\"}},{\"@type\":\"WebSite\",\"@id\":\"https:\/\/soledaddurazo.com\/#website\",\"url\":\"https:\/\/soledaddurazo.com\/\",\"name\":\"Periodista SoledadDurazo.com\",\"description\":\"Periodista sonorense. Directora de www.SoledadDurazo.com Columnista, conductora de radio y Tv. Catedr\\u00e1tica en la UNISON\",\"publisher\":{\"@id\":\"https:\/\/soledaddurazo.com\/#organization\"},\"potentialAction\":[{\"@type\":\"SearchAction\",\"target\":{\"@type\":\"EntryPoint\",\"urlTemplate\":\"https:\/\/soledaddurazo.com\/?s={search_term_string}\"},\"query-input\":\"required name=search_term_string\"}],\"inLanguage\":\"es\"},{\"@type\":\"ImageObject\",\"@id\":\"https:\/\/soledaddurazo.com\/blog\/2024\/09\/20\/los-bebes-deben-tener-su-album-familiar\/#primaryimage\",\"inLanguage\":\"es\",\"url\":\"https:\/\/soledaddurazo.com\/storage\/2024\/09\/libro-primer-ano-del-bebe-y-entonces-llegue-yo_76b6964b-a5f7-4249-96f0-f76b3817b722.jpg\",\"contentUrl\":\"https:\/\/soledaddurazo.com\/storage\/2024\/09\/libro-primer-ano-del-bebe-y-entonces-llegue-yo_76b6964b-a5f7-4249-96f0-f76b3817b722.jpg\",\"width\":800,\"height\":800},{\"@type\":\"WebPage\",\"@id\":\"https:\/\/soledaddurazo.com\/blog\/2024\/09\/20\/los-bebes-deben-tener-su-album-familiar\/#webpage\",\"url\":\"https:\/\/soledaddurazo.com\/blog\/2024\/09\/20\/los-bebes-deben-tener-su-album-familiar\/\",\"name\":\"Los beb\\u00e9s deben tener su \\u00e1lbum familiar - Periodista SoledadDurazo.com\",\"isPartOf\":{\"@id\":\"https:\/\/soledaddurazo.com\/#website\"},\"primaryImageOfPage\":{\"@id\":\"https:\/\/soledaddurazo.com\/blog\/2024\/09\/20\/los-bebes-deben-tener-su-album-familiar\/#primaryimage\"},\"datePublished\":\"2024-09-20T08:01:38+00:00\",\"dateModified\":\"2024-09-25T21:31:48+00:00\",\"breadcrumb\":{\"@id\":\"https:\/\/soledaddurazo.com\/blog\/2024\/09\/20\/los-bebes-deben-tener-su-album-familiar\/#breadcrumb\"},\"inLanguage\":\"es\",\"potentialAction\":[{\"@type\":\"ReadAction\",\"target\":[\"https:\/\/soledaddurazo.com\/blog\/2024\/09\/20\/los-bebes-deben-tener-su-album-familiar\/\"]}]},{\"@type\":\"BreadcrumbList\",\"@id\":\"https:\/\/soledaddurazo.com\/blog\/2024\/09\/20\/los-bebes-deben-tener-su-album-familiar\/#breadcrumb\",\"itemListElement\":[{\"@type\":\"ListItem\",\"position\":1,\"name\":\"Home\",\"item\":\"https:\/\/soledaddurazo.com\/\"},{\"@type\":\"ListItem\",\"position\":2,\"name\":\"Los beb\\u00e9s deben tener su \\u00e1lbum familiar\"}]},{\"@type\":\"Article\",\"@id\":\"https:\/\/soledaddurazo.com\/blog\/2024\/09\/20\/los-bebes-deben-tener-su-album-familiar\/#article\",\"isPartOf\":{\"@id\":\"https:\/\/soledaddurazo.com\/blog\/2024\/09\/20\/los-bebes-deben-tener-su-album-familiar\/#webpage\"},\"author\":{\"@id\":\"https:\/\/soledaddurazo.com\/#\/schema\/person\/822d8e13aa288585e6546f179853758b\"},\"headline\":\"Los beb\\u00e9s deben tener su \\u00e1lbum familiar\",\"datePublished\":\"2024-09-20T08:01:38+00:00\",\"dateModified\":\"2024-09-25T21:31:48+00:00\",\"mainEntityOfPage\":{\"@id\":\"https:\/\/soledaddurazo.com\/blog\/2024\/09\/20\/los-bebes-deben-tener-su-album-familiar\/#webpage\"},\"wordCount\":420,\"commentCount\":0,\"publisher\":{\"@id\":\"https:\/\/soledaddurazo.com\/#organization\"},\"image\":{\"@id\":\"https:\/\/soledaddurazo.com\/blog\/2024\/09\/20\/los-bebes-deben-tener-su-album-familiar\/#primaryimage\"},\"thumbnailUrl\":\"https:\/\/soledaddurazo.com\/storage\/2024\/09\/libro-primer-ano-del-bebe-y-entonces-llegue-yo_76b6964b-a5f7-4249-96f0-f76b3817b722.jpg\",\"articleSection\":[\"principal\"],\"inLanguage\":\"es\",\"potentialAction\":[{\"@type\":\"CommentAction\",\"name\":\"Comment\",\"target\":[\"https:\/\/soledaddurazo.com\/blog\/2024\/09\/20\/los-bebes-deben-tener-su-album-familiar\/#respond\"]}]},{\"@type\":\"Person\",\"@id\":\"https:\/\/soledaddurazo.com\/#\/schema\/person\/822d8e13aa288585e6546f179853758b\",\"name\":\"Redacci\\u00f3n\",\"image\":{\"@type\":\"ImageObject\",\"@id\":\"https:\/\/soledaddurazo.com\/#personlogo\",\"inLanguage\":\"es\",\"url\":\"https:\/\/secure.gravatar.com\/avatar\/c4e193752f756fd61f04deebed3a3a20dc188d37edb53682d313ac57f2725d54?s=96&d=mm&r=g\",\"contentUrl\":\"https:\/\/secure.gravatar.com\/avatar\/c4e193752f756fd61f04deebed3a3a20dc188d37edb53682d313ac57f2725d54?s=96&d=mm&r=g\",\"caption\":\"Redacci\\u00f3n\"},\"sameAs\":[\"https:\/\/soledaddurazo.com\"]}]}<\/script>\n ","yoast_head_json":{"title":"Los beb\u00e9s deben tener su \u00e1lbum familiar - Periodista SoledadDurazo.com","robots":{"index":"index","follow":"follow","max-snippet":"max-snippet:-1","max-image-preview":"max-image-preview:large","max-video-preview":"max-video-preview:-1"},"canonical":"https:\/\/soledaddurazo.com\/blog\/2024\/09\/20\/los-bebes-deben-tener-su-album-familiar\/","og_locale":"es_MX","og_type":"article","og_title":"Los beb\u00e9s deben tener su \u00e1lbum familiar","og_description":"Un \u00e1lbum fotogr\u00e1fico familiar es una herramienta valiosa\u00a0para documentar los primeros a\u00f1os de vida de tu peque\u00f1o. Con el tiempo las im\u00e1genes que capturamos se convierten en recuerdos preciosos para compartir con nuestros hijos y con toda la familia. Adem\u00e1s, tener un \u00e1lbum de fotos es una excelente manera de mantenerse conectados con nuestros seres [&hellip;]","og_url":"https:\/\/soledaddurazo.com\/blog\/2024\/09\/20\/los-bebes-deben-tener-su-album-familiar\/","og_site_name":"Periodista SoledadDurazo.com","article_publisher":"https:\/\/www.facebook.com\/soledad.durazo.9\/","article_published_time":"2024-09-20T08:01:38+00:00","article_modified_time":"2024-09-25T21:31:48+00:00","og_image":[{"width":800,"height":800,"url":"https:\/\/soledaddurazo.com\/storage\/2024\/09\/libro-primer-ano-del-bebe-y-entonces-llegue-yo_76b6964b-a5f7-4249-96f0-f76b3817b722.jpg","type":"image\/jpeg"}],"twitter_card":"summary_large_image","twitter_creator":"@SoledadDurazo","twitter_site":"@SoledadDurazo","twitter_misc":{"Escrito por":"Redacci\u00f3n","Tiempo de lectura":"2 minutos"},"schema":{"@context":"https:\/\/schema.org","@graph":[{"@type":"Organization","@id":"https:\/\/soledaddurazo.com\/#organization","name":"Soledad Durazo","url":"https:\/\/soledaddurazo.com\/","sameAs":["https:\/\/www.facebook.com\/soledad.durazo.9\/","https:\/\/www.instagram.com\/soledaddurazo","https:\/\/www.youtube.com\/channel\/UC9yGPw8-Vbl_B2XNkRwPS-w","https:\/\/twitter.com\/SoledadDurazo"],"logo":{"@type":"ImageObject","@id":"https:\/\/soledaddurazo.com\/#logo","inLanguage":"es","url":"https:\/\/soledaddurazo.com\/storage\/2021\/11\/nllp-720x375-1-2.png","contentUrl":"https:\/\/soledaddurazo.com\/storage\/2021\/11\/nllp-720x375-1-2.png","width":720,"height":375,"caption":"Soledad Durazo"},"image":{"@id":"https:\/\/soledaddurazo.com\/#logo"}},{"@type":"WebSite","@id":"https:\/\/soledaddurazo.com\/#website","url":"https:\/\/soledaddurazo.com\/","name":"Periodista SoledadDurazo.com","description":"Periodista sonorense. Directora de www.SoledadDurazo.com Columnista, conductora de radio y Tv. Catedr\u00e1tica en la UNISON","publisher":{"@id":"https:\/\/soledaddurazo.com\/#organization"},"potentialAction":[{"@type":"SearchAction","target":{"@type":"EntryPoint","urlTemplate":"https:\/\/soledaddurazo.com\/?s={search_term_string}"},"query-input":"required name=search_term_string"}],"inLanguage":"es"},{"@type":"ImageObject","@id":"https:\/\/soledaddurazo.com\/blog\/2024\/09\/20\/los-bebes-deben-tener-su-album-familiar\/#primaryimage","inLanguage":"es","url":"https:\/\/soledaddurazo.com\/storage\/2024\/09\/libro-primer-ano-del-bebe-y-entonces-llegue-yo_76b6964b-a5f7-4249-96f0-f76b3817b722.jpg","contentUrl":"https:\/\/soledaddurazo.com\/storage\/2024\/09\/libro-primer-ano-del-bebe-y-entonces-llegue-yo_76b6964b-a5f7-4249-96f0-f76b3817b722.jpg","width":800,"height":800},{"@type":"WebPage","@id":"https:\/\/soledaddurazo.com\/blog\/2024\/09\/20\/los-bebes-deben-tener-su-album-familiar\/#webpage","url":"https:\/\/soledaddurazo.com\/blog\/2024\/09\/20\/los-bebes-deben-tener-su-album-familiar\/","name":"Los beb\u00e9s deben tener su \u00e1lbum familiar - Periodista SoledadDurazo.com","isPartOf":{"@id":"https:\/\/soledaddurazo.com\/#website"},"primaryImageOfPage":{"@id":"https:\/\/soledaddurazo.com\/blog\/2024\/09\/20\/los-bebes-deben-tener-su-album-familiar\/#primaryimage"},"datePublished":"2024-09-20T08:01:38+00:00","dateModified":"2024-09-25T21:31:48+00:00","breadcrumb":{"@id":"https:\/\/soledaddurazo.com\/blog\/2024\/09\/20\/los-bebes-deben-tener-su-album-familiar\/#breadcrumb"},"inLanguage":"es","potentialAction":[{"@type":"ReadAction","target":["https:\/\/soledaddurazo.com\/blog\/2024\/09\/20\/los-bebes-deben-tener-su-album-familiar\/"]}]},{"@type":"BreadcrumbList","@id":"https:\/\/soledaddurazo.com\/blog\/2024\/09\/20\/los-bebes-deben-tener-su-album-familiar\/#breadcrumb","itemListElement":[{"@type":"ListItem","position":1,"name":"Home","item":"https:\/\/soledaddurazo.com\/"},{"@type":"ListItem","position":2,"name":"Los beb\u00e9s deben tener su \u00e1lbum familiar"}]},{"@type":"Article","@id":"https:\/\/soledaddurazo.com\/blog\/2024\/09\/20\/los-bebes-deben-tener-su-album-familiar\/#article","isPartOf":{"@id":"https:\/\/soledaddurazo.com\/blog\/2024\/09\/20\/los-bebes-deben-tener-su-album-familiar\/#webpage"},"author":{"@id":"https:\/\/soledaddurazo.com\/#\/schema\/person\/822d8e13aa288585e6546f179853758b"},"headline":"Los beb\u00e9s deben tener su \u00e1lbum familiar","datePublished":"2024-09-20T08:01:38+00:00","dateModified":"2024-09-25T21:31:48+00:00","mainEntityOfPage":{"@id":"https:\/\/soledaddurazo.com\/blog\/2024\/09\/20\/los-bebes-deben-tener-su-album-familiar\/#webpage"},"wordCount":420,"commentCount":0,"publisher":{"@id":"https:\/\/soledaddurazo.com\/#organization"},"image":{"@id":"https:\/\/soledaddurazo.com\/blog\/2024\/09\/20\/los-bebes-deben-tener-su-album-familiar\/#primaryimage"},"thumbnailUrl":"https:\/\/soledaddurazo.com\/storage\/2024\/09\/libro-primer-ano-del-bebe-y-entonces-llegue-yo_76b6964b-a5f7-4249-96f0-f76b3817b722.jpg","articleSection":["principal"],"inLanguage":"es","potentialAction":[{"@type":"CommentAction","name":"Comment","target":["https:\/\/soledaddurazo.com\/blog\/2024\/09\/20\/los-bebes-deben-tener-su-album-familiar\/#respond"]}]},{"@type":"Person","@id":"https:\/\/soledaddurazo.com\/#\/schema\/person\/822d8e13aa288585e6546f179853758b","name":"Redacci\u00f3n","image":{"@type":"ImageObject","@id":"https:\/\/soledaddurazo.com\/#personlogo","inLanguage":"es","url":"https:\/\/secure.gravatar.com\/avatar\/c4e193752f756fd61f04deebed3a3a20dc188d37edb53682d313ac57f2725d54?s=96&d=mm&r=g","contentUrl":"https:\/\/secure.gravatar.com\/avatar\/c4e193752f756fd61f04deebed3a3a20dc188d37edb53682d313ac57f2725d54?s=96&d=mm&r=g","caption":"Redacci\u00f3n"},"sameAs":["https:\/\/soledaddurazo.com"]}]}},"_links":{"self":[{"href":"https:\/\/soledaddurazo.com\/api\/wp\/v2\/posts\/21095","targetHints":{"allow":["GET"]}}],"collection":[{"href":"https:\/\/soledaddurazo.com\/api\/wp\/v2\/posts"}],"about":[{"href":"https:\/\/soledaddurazo.com\/api\/wp\/v2\/types\/post"}],"author":[{"embeddable":true,"href":"https:\/\/soledaddurazo.com\/api\/wp\/v2\/users\/1"}],"replies":[{"embeddable":true,"href":"https:\/\/soledaddurazo.com\/api\/wp\/v2\/comments?post=21095"}],"version-history":[{"count":3,"href":"https:\/\/soledaddurazo.com\/api\/wp\/v2\/posts\/21095\/revisions"}],"predecessor-version":[{"id":21111,"href":"https:\/\/soledaddurazo.com\/api\/wp\/v2\/posts\/21095\/revisions\/21111"}],"wp:featuredmedia":[{"embeddable":true,"href":"https:\/\/soledaddurazo.com\/api\/wp\/v2\/media\/21096"}],"wp:attachment":[{"href":"https:\/\/soledaddurazo.com\/api\/wp\/v2\/media?parent=21095"}],"wp:term":[{"taxonomy":"category","embeddable":true,"href":"https:\/\/soledaddurazo.com\/api\/wp\/v2\/categories?post=21095"},{"taxonomy":"post_tag","embeddable":true,"href":"https:\/\/soledaddurazo.com\/api\/wp\/v2\/tags?post=21095"}],"curies":[{"name":"wp","href":"https:\/\/api.w.org\/{rel}","templated":true}]}}