{"id":21067,"date":"2024-09-11T23:02:54","date_gmt":"2024-09-12T06:02:54","guid":{"rendered":"https:\/\/soledaddurazo.com\/?p=21067"},"modified":"2024-09-25T14:32:08","modified_gmt":"2024-09-25T21:32:08","slug":"el-dr-vagon-ofrecera-atencion-de-salud-gratuita-en-empalme-y-cananea","status":"publish","type":"post","link":"https:\/\/soledaddurazo.com\/blog\/2024\/09\/11\/el-dr-vagon-ofrecera-atencion-de-salud-gratuita-en-empalme-y-cananea\/","title":{"rendered":"El Dr. Vag\u00f3n ofrecer\u00e1 atenci\u00f3n de Salud gratuita en Empalme y Cananea"},"content":{"rendered":"<p>&nbsp;<\/p>\n<p>Ser\u00e1 ese mes de septiembre cuando el Dr. Vag\u00f3n, el Tren de la Salud, llegue a Sonora para instalarse en los municipios de Cananea y Empalme y brindar a la gente el servicio de salud gratuita, seg\u00fan explic\u00f3 Ana Sof\u00eda Lanczyner, en conferencia de prensa.<\/p>\n<p><a href=\"https:\/\/soledaddurazo.com\/storage\/2024\/09\/c6573cf3-7268-4e6e-84d6-76e628edeba8.jpeg\"><img loading=\"lazy\" decoding=\"async\" class=\"aligncenter size-full wp-image-21069\" src=\"https:\/\/soledaddurazo.com\/storage\/2024\/09\/c6573cf3-7268-4e6e-84d6-76e628edeba8.jpeg\" alt=\"\" width=\"1600\" height=\"1566\" srcset=\"https:\/\/soledaddurazo.com\/storage\/2024\/09\/c6573cf3-7268-4e6e-84d6-76e628edeba8.jpeg 1600w, https:\/\/soledaddurazo.com\/storage\/2024\/09\/c6573cf3-7268-4e6e-84d6-76e628edeba8-300x294.jpeg 300w, https:\/\/soledaddurazo.com\/storage\/2024\/09\/c6573cf3-7268-4e6e-84d6-76e628edeba8-1024x1002.jpeg 1024w, https:\/\/soledaddurazo.com\/storage\/2024\/09\/c6573cf3-7268-4e6e-84d6-76e628edeba8-768x752.jpeg 768w, https:\/\/soledaddurazo.com\/storage\/2024\/09\/c6573cf3-7268-4e6e-84d6-76e628edeba8-1536x1503.jpeg 1536w, https:\/\/soledaddurazo.com\/storage\/2024\/09\/c6573cf3-7268-4e6e-84d6-76e628edeba8-600x587.jpeg 600w, https:\/\/soledaddurazo.com\/storage\/2024\/09\/c6573cf3-7268-4e6e-84d6-76e628edeba8-750x734.jpeg 750w, https:\/\/soledaddurazo.com\/storage\/2024\/09\/c6573cf3-7268-4e6e-84d6-76e628edeba8-1140x1116.jpeg 1140w\" sizes=\"auto, (max-width: 1600px) 100vw, 1600px\" \/><\/a><\/p>\n<p>La Subdirectora de la Salud, de Grupo M\u00e9xico, Coment\u00f3 que, adem\u00e1s de las ya conocidas instalaciones de salud que diariamente recorre el pa\u00eds sobre v\u00edas ferroviarias, un amplio equipo m\u00e9dico que atender\u00e1 todos los miembros de una familia, desde los infantes hasta las personas de la tercera edad.<\/p>\n<p>Hizo \u00e9nfasis en los m\u00f3dulos especializados que consistir\u00e1 en:<\/p>\n<ul>\n<li>Medicina general<\/li>\n<li>Odontolog\u00eda<\/li>\n<li>Optometr\u00eda<\/li>\n<li>Nutrici\u00f3n<\/li>\n<li>Planificaci\u00f3n familiar<\/li>\n<li>Pruebas de laboratorio<\/li>\n<li>Estudios de gabinete<\/li>\n<li>Adaptaci\u00f3n de anteojos<\/li>\n<li>Auxiliares auditivos<\/li>\n<\/ul>\n<p>Se\u00f1al\u00f3 que habr\u00e1 otros m\u00f3dulos especiales para atender los temas relacionados con la Salud Integral de la \u00a0Mujer, otro para paciente de Diabetes y atenci\u00f3n a la salud visual; En Cananea por ejemplo, contar\u00e1 con Quir\u00f3fano para operar problemas de Cataratas.<\/p>\n<p>El Dr. Vag\u00f3n llegar\u00e1 a Cananea por tercera ocasi\u00f3n el d\u00eda 17 de septiembre hasta el d\u00eda 21 mientras que Empalme le har\u00e1 la visita n\u00famero diez, del 24 al 28 de septiembre. Es importante, insisti\u00f3, en que se entregar\u00e1n 500 fichas por d\u00eda y las personas tendr\u00e1n que acudir a recibir su turno a las seis de la ma\u00f1ana.<\/p>\n<p><a href=\"https:\/\/soledaddurazo.com\/storage\/2024\/09\/fd57d5d5-bfdd-4241-95a6-2aadbf8ef861.jpeg\"><img loading=\"lazy\" decoding=\"async\" class=\"aligncenter  wp-image-21070\" src=\"https:\/\/soledaddurazo.com\/storage\/2024\/09\/fd57d5d5-bfdd-4241-95a6-2aadbf8ef861.jpeg\" alt=\"\" width=\"665\" height=\"571\" srcset=\"https:\/\/soledaddurazo.com\/storage\/2024\/09\/fd57d5d5-bfdd-4241-95a6-2aadbf8ef861.jpeg 1600w, https:\/\/soledaddurazo.com\/storage\/2024\/09\/fd57d5d5-bfdd-4241-95a6-2aadbf8ef861-300x258.jpeg 300w, https:\/\/soledaddurazo.com\/storage\/2024\/09\/fd57d5d5-bfdd-4241-95a6-2aadbf8ef861-1024x879.jpeg 1024w, https:\/\/soledaddurazo.com\/storage\/2024\/09\/fd57d5d5-bfdd-4241-95a6-2aadbf8ef861-768x660.jpeg 768w, https:\/\/soledaddurazo.com\/storage\/2024\/09\/fd57d5d5-bfdd-4241-95a6-2aadbf8ef861-1536x1319.jpeg 1536w, https:\/\/soledaddurazo.com\/storage\/2024\/09\/fd57d5d5-bfdd-4241-95a6-2aadbf8ef861-600x515.jpeg 600w, https:\/\/soledaddurazo.com\/storage\/2024\/09\/fd57d5d5-bfdd-4241-95a6-2aadbf8ef861-750x644.jpeg 750w, https:\/\/soledaddurazo.com\/storage\/2024\/09\/fd57d5d5-bfdd-4241-95a6-2aadbf8ef861-1140x979.jpeg 1140w\" sizes=\"auto, (max-width: 665px) 100vw, 665px\" \/><\/a><\/p>\n<p>En Cananea el Tren de la Salud recibir\u00e1 a los pacientes deber\u00e1n acudir a Calle del Ferrocarril F.C., Leyes de Reforma 1, C.P. 84620, mientras en Empalme, en Calle Ocho y V\u00edas del Ferrocarril, Colonia Oriente C.P. 85350 (Detr\u00e1s de la estaci\u00f3n de Ferrocarril).<\/p>\n<p>Y como parte de las acciones, el Dr. Vag\u00f3n cerrar\u00e1 el d\u00eda con una funci\u00f3n de cine para todas la familia, donde la entrada, os refrescos y golosinas para disfrutar la pel\u00edcula correr\u00e1 a cuenta del Dr. Vag\u00f3n.<\/p>\n<p>&nbsp;<\/p>\n<p>&nbsp;<\/p>\n","protected":false},"excerpt":{"rendered":"<p>&nbsp; Ser\u00e1 ese mes de septiembre cuando el Dr. Vag\u00f3n, el Tren de la Salud, llegue a Sonora para instalarse en los municipios de Cananea y Empalme y brindar a la gente el servicio de salud gratuita, seg\u00fan explic\u00f3 Ana Sof\u00eda Lanczyner, en conferencia de prensa. La Subdirectora de la Salud, de Grupo M\u00e9xico, Coment\u00f3 [&hellip;]<\/p>\n","protected":false},"author":1,"featured_media":21068,"comment_status":"open","ping_status":"open","sticky":false,"template":"","format":"standard","meta":{"footnotes":""},"categories":[153],"tags":[],"class_list":["post"],"yoast_head":" \n<title>El Dr. Vag\u00f3n ofrecer\u00e1 atenci\u00f3n de Salud gratuita en Empalme y Cananea - Periodista SoledadDurazo.com<\/title>\n<meta name=\"robots\" content=\"index, follow, max-snippet:-1, max-image-preview:large, max-video-preview:-1\" \/>\n<link rel=\"canonical\" href=\"https:\/\/soledaddurazo.com\/blog\/2024\/09\/11\/el-dr-vagon-ofrecera-atencion-de-salud-gratuita-en-empalme-y-cananea\/\" \/>\n<meta property=\"og:locale\" content=\"es_MX\" \/>\n<meta property=\"og:type\" content=\"article\" \/>\n<meta property=\"og:title\" content=\"El Dr. Vag\u00f3n ofrecer\u00e1 atenci\u00f3n de Salud gratuita en Empalme y Cananea\" \/>\n<meta property=\"og:description\" content=\"&nbsp; Ser\u00e1 ese mes de septiembre cuando el Dr. Vag\u00f3n, el Tren de la Salud, llegue a Sonora para instalarse en los municipios de Cananea y Empalme y brindar a la gente el servicio de salud gratuita, seg\u00fan explic\u00f3 Ana Sof\u00eda Lanczyner, en conferencia de prensa. La Subdirectora de la Salud, de Grupo M\u00e9xico, Coment\u00f3 [&hellip;]\" \/>\n<meta property=\"og:url\" content=\"https:\/\/soledaddurazo.com\/blog\/2024\/09\/11\/el-dr-vagon-ofrecera-atencion-de-salud-gratuita-en-empalme-y-cananea\/\" \/>\n<meta property=\"og:site_name\" content=\"Periodista SoledadDurazo.com\" \/>\n<meta property=\"article:publisher\" content=\"https:\/\/www.facebook.com\/soledad.durazo.9\/\" \/>\n<meta property=\"article:published_time\" content=\"2024-09-12T06:02:54+00:00\" \/>\n<meta property=\"article:modified_time\" content=\"2024-09-25T21:32:08+00:00\" \/>\n<meta property=\"og:image\" content=\"https:\/\/soledaddurazo.com\/storage\/2024\/09\/DR-VAGON-4-900x415-1.jpg\" \/>\n\t<meta property=\"og:image:width\" content=\"900\" \/>\n\t<meta property=\"og:image:height\" content=\"415\" \/>\n<meta name=\"twitter:card\" content=\"summary_large_image\" \/>\n<meta name=\"twitter:creator\" content=\"@SoledadDurazo\" \/>\n<meta name=\"twitter:site\" content=\"@SoledadDurazo\" \/>\n<meta name=\"twitter:label1\" content=\"Escrito por\" \/>\n\t<meta name=\"twitter:data1\" content=\"Redacci\u00f3n\" \/>\n\t<meta name=\"twitter:label2\" content=\"Tiempo de lectura\" \/>\n\t<meta name=\"twitter:data2\" content=\"2 minutos\" \/>\n<script type=\"application\/ld+json\" class=\"yoast-schema-graph\">{\"@context\":\"https:\/\/schema.org\",\"@graph\":[{\"@type\":\"Organization\",\"@id\":\"https:\/\/soledaddurazo.com\/#organization\",\"name\":\"Soledad Durazo\",\"url\":\"https:\/\/soledaddurazo.com\/\",\"sameAs\":[\"https:\/\/www.facebook.com\/soledad.durazo.9\/\",\"https:\/\/www.instagram.com\/soledaddurazo\",\"https:\/\/www.youtube.com\/channel\/UC9yGPw8-Vbl_B2XNkRwPS-w\",\"https:\/\/twitter.com\/SoledadDurazo\"],\"logo\":{\"@type\":\"ImageObject\",\"@id\":\"https:\/\/soledaddurazo.com\/#logo\",\"inLanguage\":\"es\",\"url\":\"https:\/\/soledaddurazo.com\/storage\/2021\/11\/nllp-720x375-1-2.png\",\"contentUrl\":\"https:\/\/soledaddurazo.com\/storage\/2021\/11\/nllp-720x375-1-2.png\",\"width\":720,\"height\":375,\"caption\":\"Soledad Durazo\"},\"image\":{\"@id\":\"https:\/\/soledaddurazo.com\/#logo\"}},{\"@type\":\"WebSite\",\"@id\":\"https:\/\/soledaddurazo.com\/#website\",\"url\":\"https:\/\/soledaddurazo.com\/\",\"name\":\"Periodista SoledadDurazo.com\",\"description\":\"Periodista sonorense. Directora de www.SoledadDurazo.com Columnista, conductora de radio y Tv. Catedr\\u00e1tica en la UNISON\",\"publisher\":{\"@id\":\"https:\/\/soledaddurazo.com\/#organization\"},\"potentialAction\":[{\"@type\":\"SearchAction\",\"target\":{\"@type\":\"EntryPoint\",\"urlTemplate\":\"https:\/\/soledaddurazo.com\/?s={search_term_string}\"},\"query-input\":\"required name=search_term_string\"}],\"inLanguage\":\"es\"},{\"@type\":\"ImageObject\",\"@id\":\"https:\/\/soledaddurazo.com\/blog\/2024\/09\/11\/el-dr-vagon-ofrecera-atencion-de-salud-gratuita-en-empalme-y-cananea\/#primaryimage\",\"inLanguage\":\"es\",\"url\":\"https:\/\/soledaddurazo.com\/storage\/2024\/09\/DR-VAGON-4-900x415-1.jpg\",\"contentUrl\":\"https:\/\/soledaddurazo.com\/storage\/2024\/09\/DR-VAGON-4-900x415-1.jpg\",\"width\":900,\"height\":415},{\"@type\":\"WebPage\",\"@id\":\"https:\/\/soledaddurazo.com\/blog\/2024\/09\/11\/el-dr-vagon-ofrecera-atencion-de-salud-gratuita-en-empalme-y-cananea\/#webpage\",\"url\":\"https:\/\/soledaddurazo.com\/blog\/2024\/09\/11\/el-dr-vagon-ofrecera-atencion-de-salud-gratuita-en-empalme-y-cananea\/\",\"name\":\"El Dr. Vag\\u00f3n ofrecer\\u00e1 atenci\\u00f3n de Salud gratuita en Empalme y Cananea - Periodista SoledadDurazo.com\",\"isPartOf\":{\"@id\":\"https:\/\/soledaddurazo.com\/#website\"},\"primaryImageOfPage\":{\"@id\":\"https:\/\/soledaddurazo.com\/blog\/2024\/09\/11\/el-dr-vagon-ofrecera-atencion-de-salud-gratuita-en-empalme-y-cananea\/#primaryimage\"},\"datePublished\":\"2024-09-12T06:02:54+00:00\",\"dateModified\":\"2024-09-25T21:32:08+00:00\",\"breadcrumb\":{\"@id\":\"https:\/\/soledaddurazo.com\/blog\/2024\/09\/11\/el-dr-vagon-ofrecera-atencion-de-salud-gratuita-en-empalme-y-cananea\/#breadcrumb\"},\"inLanguage\":\"es\",\"potentialAction\":[{\"@type\":\"ReadAction\",\"target\":[\"https:\/\/soledaddurazo.com\/blog\/2024\/09\/11\/el-dr-vagon-ofrecera-atencion-de-salud-gratuita-en-empalme-y-cananea\/\"]}]},{\"@type\":\"BreadcrumbList\",\"@id\":\"https:\/\/soledaddurazo.com\/blog\/2024\/09\/11\/el-dr-vagon-ofrecera-atencion-de-salud-gratuita-en-empalme-y-cananea\/#breadcrumb\",\"itemListElement\":[{\"@type\":\"ListItem\",\"position\":1,\"name\":\"Home\",\"item\":\"https:\/\/soledaddurazo.com\/\"},{\"@type\":\"ListItem\",\"position\":2,\"name\":\"El Dr. Vag\\u00f3n ofrecer\\u00e1 atenci\\u00f3n de Salud gratuita en Empalme y Cananea\"}]},{\"@type\":\"Article\",\"@id\":\"https:\/\/soledaddurazo.com\/blog\/2024\/09\/11\/el-dr-vagon-ofrecera-atencion-de-salud-gratuita-en-empalme-y-cananea\/#article\",\"isPartOf\":{\"@id\":\"https:\/\/soledaddurazo.com\/blog\/2024\/09\/11\/el-dr-vagon-ofrecera-atencion-de-salud-gratuita-en-empalme-y-cananea\/#webpage\"},\"author\":{\"@id\":\"https:\/\/soledaddurazo.com\/#\/schema\/person\/822d8e13aa288585e6546f179853758b\"},\"headline\":\"El Dr. Vag\\u00f3n ofrecer\\u00e1 atenci\\u00f3n de Salud gratuita en Empalme y Cananea\",\"datePublished\":\"2024-09-12T06:02:54+00:00\",\"dateModified\":\"2024-09-25T21:32:08+00:00\",\"mainEntityOfPage\":{\"@id\":\"https:\/\/soledaddurazo.com\/blog\/2024\/09\/11\/el-dr-vagon-ofrecera-atencion-de-salud-gratuita-en-empalme-y-cananea\/#webpage\"},\"wordCount\":351,\"commentCount\":0,\"publisher\":{\"@id\":\"https:\/\/soledaddurazo.com\/#organization\"},\"image\":{\"@id\":\"https:\/\/soledaddurazo.com\/blog\/2024\/09\/11\/el-dr-vagon-ofrecera-atencion-de-salud-gratuita-en-empalme-y-cananea\/#primaryimage\"},\"thumbnailUrl\":\"https:\/\/soledaddurazo.com\/storage\/2024\/09\/DR-VAGON-4-900x415-1.jpg\",\"articleSection\":[\"principal\"],\"inLanguage\":\"es\",\"potentialAction\":[{\"@type\":\"CommentAction\",\"name\":\"Comment\",\"target\":[\"https:\/\/soledaddurazo.com\/blog\/2024\/09\/11\/el-dr-vagon-ofrecera-atencion-de-salud-gratuita-en-empalme-y-cananea\/#respond\"]}]},{\"@type\":\"Person\",\"@id\":\"https:\/\/soledaddurazo.com\/#\/schema\/person\/822d8e13aa288585e6546f179853758b\",\"name\":\"Redacci\\u00f3n\",\"image\":{\"@type\":\"ImageObject\",\"@id\":\"https:\/\/soledaddurazo.com\/#personlogo\",\"inLanguage\":\"es\",\"url\":\"https:\/\/secure.gravatar.com\/avatar\/c4e193752f756fd61f04deebed3a3a20dc188d37edb53682d313ac57f2725d54?s=96&d=mm&r=g\",\"contentUrl\":\"https:\/\/secure.gravatar.com\/avatar\/c4e193752f756fd61f04deebed3a3a20dc188d37edb53682d313ac57f2725d54?s=96&d=mm&r=g\",\"caption\":\"Redacci\\u00f3n\"},\"sameAs\":[\"https:\/\/soledaddurazo.com\"]}]}<\/script>\n ","yoast_head_json":{"title":"El Dr. Vag\u00f3n ofrecer\u00e1 atenci\u00f3n de Salud gratuita en Empalme y Cananea - Periodista SoledadDurazo.com","robots":{"index":"index","follow":"follow","max-snippet":"max-snippet:-1","max-image-preview":"max-image-preview:large","max-video-preview":"max-video-preview:-1"},"canonical":"https:\/\/soledaddurazo.com\/blog\/2024\/09\/11\/el-dr-vagon-ofrecera-atencion-de-salud-gratuita-en-empalme-y-cananea\/","og_locale":"es_MX","og_type":"article","og_title":"El Dr. Vag\u00f3n ofrecer\u00e1 atenci\u00f3n de Salud gratuita en Empalme y Cananea","og_description":"&nbsp; Ser\u00e1 ese mes de septiembre cuando el Dr. Vag\u00f3n, el Tren de la Salud, llegue a Sonora para instalarse en los municipios de Cananea y Empalme y brindar a la gente el servicio de salud gratuita, seg\u00fan explic\u00f3 Ana Sof\u00eda Lanczyner, en conferencia de prensa. La Subdirectora de la Salud, de Grupo M\u00e9xico, Coment\u00f3 [&hellip;]","og_url":"https:\/\/soledaddurazo.com\/blog\/2024\/09\/11\/el-dr-vagon-ofrecera-atencion-de-salud-gratuita-en-empalme-y-cananea\/","og_site_name":"Periodista SoledadDurazo.com","article_publisher":"https:\/\/www.facebook.com\/soledad.durazo.9\/","article_published_time":"2024-09-12T06:02:54+00:00","article_modified_time":"2024-09-25T21:32:08+00:00","og_image":[{"width":900,"height":415,"url":"https:\/\/soledaddurazo.com\/storage\/2024\/09\/DR-VAGON-4-900x415-1.jpg","type":"image\/jpeg"}],"twitter_card":"summary_large_image","twitter_creator":"@SoledadDurazo","twitter_site":"@SoledadDurazo","twitter_misc":{"Escrito por":"Redacci\u00f3n","Tiempo de lectura":"2 minutos"},"schema":{"@context":"https:\/\/schema.org","@graph":[{"@type":"Organization","@id":"https:\/\/soledaddurazo.com\/#organization","name":"Soledad Durazo","url":"https:\/\/soledaddurazo.com\/","sameAs":["https:\/\/www.facebook.com\/soledad.durazo.9\/","https:\/\/www.instagram.com\/soledaddurazo","https:\/\/www.youtube.com\/channel\/UC9yGPw8-Vbl_B2XNkRwPS-w","https:\/\/twitter.com\/SoledadDurazo"],"logo":{"@type":"ImageObject","@id":"https:\/\/soledaddurazo.com\/#logo","inLanguage":"es","url":"https:\/\/soledaddurazo.com\/storage\/2021\/11\/nllp-720x375-1-2.png","contentUrl":"https:\/\/soledaddurazo.com\/storage\/2021\/11\/nllp-720x375-1-2.png","width":720,"height":375,"caption":"Soledad Durazo"},"image":{"@id":"https:\/\/soledaddurazo.com\/#logo"}},{"@type":"WebSite","@id":"https:\/\/soledaddurazo.com\/#website","url":"https:\/\/soledaddurazo.com\/","name":"Periodista SoledadDurazo.com","description":"Periodista sonorense. Directora de www.SoledadDurazo.com Columnista, conductora de radio y Tv. Catedr\u00e1tica en la UNISON","publisher":{"@id":"https:\/\/soledaddurazo.com\/#organization"},"potentialAction":[{"@type":"SearchAction","target":{"@type":"EntryPoint","urlTemplate":"https:\/\/soledaddurazo.com\/?s={search_term_string}"},"query-input":"required name=search_term_string"}],"inLanguage":"es"},{"@type":"ImageObject","@id":"https:\/\/soledaddurazo.com\/blog\/2024\/09\/11\/el-dr-vagon-ofrecera-atencion-de-salud-gratuita-en-empalme-y-cananea\/#primaryimage","inLanguage":"es","url":"https:\/\/soledaddurazo.com\/storage\/2024\/09\/DR-VAGON-4-900x415-1.jpg","contentUrl":"https:\/\/soledaddurazo.com\/storage\/2024\/09\/DR-VAGON-4-900x415-1.jpg","width":900,"height":415},{"@type":"WebPage","@id":"https:\/\/soledaddurazo.com\/blog\/2024\/09\/11\/el-dr-vagon-ofrecera-atencion-de-salud-gratuita-en-empalme-y-cananea\/#webpage","url":"https:\/\/soledaddurazo.com\/blog\/2024\/09\/11\/el-dr-vagon-ofrecera-atencion-de-salud-gratuita-en-empalme-y-cananea\/","name":"El Dr. Vag\u00f3n ofrecer\u00e1 atenci\u00f3n de Salud gratuita en Empalme y Cananea - Periodista SoledadDurazo.com","isPartOf":{"@id":"https:\/\/soledaddurazo.com\/#website"},"primaryImageOfPage":{"@id":"https:\/\/soledaddurazo.com\/blog\/2024\/09\/11\/el-dr-vagon-ofrecera-atencion-de-salud-gratuita-en-empalme-y-cananea\/#primaryimage"},"datePublished":"2024-09-12T06:02:54+00:00","dateModified":"2024-09-25T21:32:08+00:00","breadcrumb":{"@id":"https:\/\/soledaddurazo.com\/blog\/2024\/09\/11\/el-dr-vagon-ofrecera-atencion-de-salud-gratuita-en-empalme-y-cananea\/#breadcrumb"},"inLanguage":"es","potentialAction":[{"@type":"ReadAction","target":["https:\/\/soledaddurazo.com\/blog\/2024\/09\/11\/el-dr-vagon-ofrecera-atencion-de-salud-gratuita-en-empalme-y-cananea\/"]}]},{"@type":"BreadcrumbList","@id":"https:\/\/soledaddurazo.com\/blog\/2024\/09\/11\/el-dr-vagon-ofrecera-atencion-de-salud-gratuita-en-empalme-y-cananea\/#breadcrumb","itemListElement":[{"@type":"ListItem","position":1,"name":"Home","item":"https:\/\/soledaddurazo.com\/"},{"@type":"ListItem","position":2,"name":"El Dr. Vag\u00f3n ofrecer\u00e1 atenci\u00f3n de Salud gratuita en Empalme y Cananea"}]},{"@type":"Article","@id":"https:\/\/soledaddurazo.com\/blog\/2024\/09\/11\/el-dr-vagon-ofrecera-atencion-de-salud-gratuita-en-empalme-y-cananea\/#article","isPartOf":{"@id":"https:\/\/soledaddurazo.com\/blog\/2024\/09\/11\/el-dr-vagon-ofrecera-atencion-de-salud-gratuita-en-empalme-y-cananea\/#webpage"},"author":{"@id":"https:\/\/soledaddurazo.com\/#\/schema\/person\/822d8e13aa288585e6546f179853758b"},"headline":"El Dr. Vag\u00f3n ofrecer\u00e1 atenci\u00f3n de Salud gratuita en Empalme y Cananea","datePublished":"2024-09-12T06:02:54+00:00","dateModified":"2024-09-25T21:32:08+00:00","mainEntityOfPage":{"@id":"https:\/\/soledaddurazo.com\/blog\/2024\/09\/11\/el-dr-vagon-ofrecera-atencion-de-salud-gratuita-en-empalme-y-cananea\/#webpage"},"wordCount":351,"commentCount":0,"publisher":{"@id":"https:\/\/soledaddurazo.com\/#organization"},"image":{"@id":"https:\/\/soledaddurazo.com\/blog\/2024\/09\/11\/el-dr-vagon-ofrecera-atencion-de-salud-gratuita-en-empalme-y-cananea\/#primaryimage"},"thumbnailUrl":"https:\/\/soledaddurazo.com\/storage\/2024\/09\/DR-VAGON-4-900x415-1.jpg","articleSection":["principal"],"inLanguage":"es","potentialAction":[{"@type":"CommentAction","name":"Comment","target":["https:\/\/soledaddurazo.com\/blog\/2024\/09\/11\/el-dr-vagon-ofrecera-atencion-de-salud-gratuita-en-empalme-y-cananea\/#respond"]}]},{"@type":"Person","@id":"https:\/\/soledaddurazo.com\/#\/schema\/person\/822d8e13aa288585e6546f179853758b","name":"Redacci\u00f3n","image":{"@type":"ImageObject","@id":"https:\/\/soledaddurazo.com\/#personlogo","inLanguage":"es","url":"https:\/\/secure.gravatar.com\/avatar\/c4e193752f756fd61f04deebed3a3a20dc188d37edb53682d313ac57f2725d54?s=96&d=mm&r=g","contentUrl":"https:\/\/secure.gravatar.com\/avatar\/c4e193752f756fd61f04deebed3a3a20dc188d37edb53682d313ac57f2725d54?s=96&d=mm&r=g","caption":"Redacci\u00f3n"},"sameAs":["https:\/\/soledaddurazo.com"]}]}},"_links":{"self":[{"href":"https:\/\/soledaddurazo.com\/api\/wp\/v2\/posts\/21067","targetHints":{"allow":["GET"]}}],"collection":[{"href":"https:\/\/soledaddurazo.com\/api\/wp\/v2\/posts"}],"about":[{"href":"https:\/\/soledaddurazo.com\/api\/wp\/v2\/types\/post"}],"author":[{"embeddable":true,"href":"https:\/\/soledaddurazo.com\/api\/wp\/v2\/users\/1"}],"replies":[{"embeddable":true,"href":"https:\/\/soledaddurazo.com\/api\/wp\/v2\/comments?post=21067"}],"version-history":[{"count":1,"href":"https:\/\/soledaddurazo.com\/api\/wp\/v2\/posts\/21067\/revisions"}],"predecessor-version":[{"id":21071,"href":"https:\/\/soledaddurazo.com\/api\/wp\/v2\/posts\/21067\/revisions\/21071"}],"wp:featuredmedia":[{"embeddable":true,"href":"https:\/\/soledaddurazo.com\/api\/wp\/v2\/media\/21068"}],"wp:attachment":[{"href":"https:\/\/soledaddurazo.com\/api\/wp\/v2\/media?parent=21067"}],"wp:term":[{"taxonomy":"category","embeddable":true,"href":"https:\/\/soledaddurazo.com\/api\/wp\/v2\/categories?post=21067"},{"taxonomy":"post_tag","embeddable":true,"href":"https:\/\/soledaddurazo.com\/api\/wp\/v2\/tags?post=21067"}],"curies":[{"name":"wp","href":"https:\/\/api.w.org\/{rel}","templated":true}]}}