{"id":20990,"date":"2024-08-29T18:23:19","date_gmt":"2024-08-30T01:23:19","guid":{"rendered":"https:\/\/soledaddurazo.com\/?p=20990"},"modified":"2024-08-29T18:23:19","modified_gmt":"2024-08-30T01:23:19","slug":"sonora-ya-tiene-senadora-lorenia-valles","status":"publish","type":"post","link":"https:\/\/soledaddurazo.com\/blog\/2024\/08\/29\/sonora-ya-tiene-senadora-lorenia-valles\/","title":{"rendered":"Sonora ya tiene senadora: Lorenia Valles"},"content":{"rendered":"<p>* Seguir\u00e9 trabajando a ras de suelo, como siempre lo he hecho en cada encargo actuar\u00e9 con responsabilidad, poniendo por delante el coraz\u00f3n para servir a las familias sonorenses y a la tierra que me vio nacer.<\/p>\n<p>&nbsp;<\/p>\n<p>Porque la constituci\u00f3n legal del Senado de la Rep\u00fablica tiene un alto significado, ya que es la garant\u00eda del pacto federal, que cristaliza la representaci\u00f3n de las<br \/>\nentidades federativas que conforman el Estado mexicano y simboliza la soberan\u00eda que surgi\u00f3<br \/>\noriginalmente de los estados, la senadora sonorense, Lorenia Valles Sampedro se comprometi\u00f3 a trabajar por y para los sonorenses y mexicanos.<\/p>\n<p>Al t\u00e9rmino de la Sesi\u00f3n Constitutiva de la C\u00e1mara de Senadores, dijo que la Norma Suprema establece un sistema bicameral, de ah\u00ed que el pr\u00f3ximo domingo primero de septiembre se llevar\u00e1 a cabo la Sesi\u00f3n de Congreso General para abrir el Primer Periodo Ordinario de Sesiones del Primer A\u00f1o de Ejercicio de la LXVI Legislatura.<\/p>\n<p>\u201cUn d\u00eda hist\u00f3rico que marcar\u00e1 el inicio del segundo piso de la Cuarta Transformaci\u00f3n en el Poder Legislativo\u201d, coment\u00f3.<\/p>\n<p>\u201cLa bancada de Morena est\u00e1 lista para darle continuidad y fortalecer el Humanismo Mexicano, un modelo \u00fanico y propio que surgi\u00f3 desde la realidad cotidiana del pueblo para<br \/>\nacabar con el neoliberalismo. No es una teor\u00eda dictada desde un escritorio, sino que fue escrita por las mexicanas y mexicanos que desde su trinchera mantuvieron viva la esperanza de construir un pa\u00eds justo, democr\u00e1tico y de oportunidades\u201d, asegur\u00f3.<\/p>\n<p>Agreg\u00f3 que dicho modelo se fundamenta en principios universales y en los m\u00e1s altos valores nacionales, por lo que ahora desde el Senado de la Rep\u00fablica se escribir\u00e1 junto a todas las<br \/>\nentidades federativas y el pueblo de M\u00e9xico una nueva historia que ser\u00e1 parteaguas del desarrollo econ\u00f3mico y social.<\/p>\n<p>\u201cAlgo muy grande est\u00e1 por construirse, durante seis a\u00f1os se consolidaron bases muy s\u00f3lidas<br \/>\nbajo el liderazgo del presidente Andr\u00e9s Manuel L\u00f3pez Obrador.<\/p>\n<p>Ahora, esta nueva edificaci\u00f3n<br \/>\nque liderar\u00e1 Claudia Sheinbaum ser\u00e1 tan amplia y robusta que podemos tener la confianza<br \/>\nde que nuestras libertades y derechos estar\u00e1n plenamente salvaguardados\u201d, asever\u00f3.<\/p>\n<p>Valles Sampedro, acompa\u00f1ada por su familia, amigos y colaboradores cercanos coment\u00f3 sentirse muy emocionada por haber hecho realidad un proyecto pol\u00edtico para el que se prepar\u00f3 por mucho tiempo.<\/p>\n<p>\u201cSeguir\u00e9 trabajando a ras de suelo, como siempre lo he hecho en cada encargo actuar\u00e9 con responsabilidad, poniendo por delante el coraz\u00f3n para servir a las familias sonorenses y a la<br \/>\ntierra que me vio nacer\u201d, enfatiz\u00f3.<\/p>\n<p>Finalmente, Lorenia Valles garantiz\u00f3 que no le fallar\u00e1 a las y los sonorenses que le dieron una vez m\u00e1s su confianza.<\/p>\n<p>\u201cEmpe\u00f1\u00e9 mi palabra, soy una mujer de compromisos, tengo claro que<br \/>\nmi esca\u00f1o es para el bien de Sonora\u201d, finaliz\u00f3.<\/p>\n","protected":false},"excerpt":{"rendered":"<p>* Seguir\u00e9 trabajando a ras de suelo, como siempre lo he hecho en cada encargo actuar\u00e9 con responsabilidad, poniendo por delante el coraz\u00f3n para servir a las familias sonorenses y a la tierra que me vio nacer. &nbsp; Porque la constituci\u00f3n legal del Senado de la Rep\u00fablica tiene un alto significado, ya que es la [&hellip;]<\/p>\n","protected":false},"author":1,"featured_media":20991,"comment_status":"open","ping_status":"open","sticky":false,"template":"","format":"standard","meta":{"footnotes":""},"categories":[159],"tags":[],"class_list":["post"],"yoast_head":" \n<title>Sonora ya tiene senadora: Lorenia Valles - Periodista SoledadDurazo.com<\/title>\n<meta name=\"robots\" content=\"index, follow, max-snippet:-1, max-image-preview:large, max-video-preview:-1\" \/>\n<link rel=\"canonical\" href=\"https:\/\/soledaddurazo.com\/blog\/2024\/08\/29\/sonora-ya-tiene-senadora-lorenia-valles\/\" \/>\n<meta property=\"og:locale\" content=\"es_MX\" \/>\n<meta property=\"og:type\" content=\"article\" \/>\n<meta property=\"og:title\" content=\"Sonora ya tiene senadora: Lorenia Valles\" \/>\n<meta property=\"og:description\" content=\"* Seguir\u00e9 trabajando a ras de suelo, como siempre lo he hecho en cada encargo actuar\u00e9 con responsabilidad, poniendo por delante el coraz\u00f3n para servir a las familias sonorenses y a la tierra que me vio nacer. &nbsp; Porque la constituci\u00f3n legal del Senado de la Rep\u00fablica tiene un alto significado, ya que es la [&hellip;]\" \/>\n<meta property=\"og:url\" content=\"https:\/\/soledaddurazo.com\/blog\/2024\/08\/29\/sonora-ya-tiene-senadora-lorenia-valles\/\" \/>\n<meta property=\"og:site_name\" content=\"Periodista SoledadDurazo.com\" \/>\n<meta property=\"article:publisher\" content=\"https:\/\/www.facebook.com\/soledad.durazo.9\/\" \/>\n<meta property=\"article:published_time\" content=\"2024-08-30T01:23:19+00:00\" \/>\n<meta property=\"og:image\" content=\"https:\/\/soledaddurazo.com\/storage\/2024\/08\/e1ce5712-63cc-4e22-abea-d58f03daacc7.jpeg\" \/>\n\t<meta property=\"og:image:width\" content=\"1280\" \/>\n\t<meta property=\"og:image:height\" content=\"852\" \/>\n<meta name=\"twitter:card\" content=\"summary_large_image\" \/>\n<meta name=\"twitter:creator\" content=\"@SoledadDurazo\" \/>\n<meta name=\"twitter:site\" content=\"@SoledadDurazo\" \/>\n<meta name=\"twitter:label1\" content=\"Escrito por\" \/>\n\t<meta name=\"twitter:data1\" content=\"Redacci\u00f3n\" \/>\n\t<meta name=\"twitter:label2\" content=\"Tiempo de lectura\" \/>\n\t<meta name=\"twitter:data2\" content=\"2 minutos\" \/>\n<script type=\"application\/ld+json\" class=\"yoast-schema-graph\">{\"@context\":\"https:\/\/schema.org\",\"@graph\":[{\"@type\":\"Organization\",\"@id\":\"https:\/\/soledaddurazo.com\/#organization\",\"name\":\"Soledad Durazo\",\"url\":\"https:\/\/soledaddurazo.com\/\",\"sameAs\":[\"https:\/\/www.facebook.com\/soledad.durazo.9\/\",\"https:\/\/www.instagram.com\/soledaddurazo\",\"https:\/\/www.youtube.com\/channel\/UC9yGPw8-Vbl_B2XNkRwPS-w\",\"https:\/\/twitter.com\/SoledadDurazo\"],\"logo\":{\"@type\":\"ImageObject\",\"@id\":\"https:\/\/soledaddurazo.com\/#logo\",\"inLanguage\":\"es\",\"url\":\"https:\/\/soledaddurazo.com\/storage\/2021\/11\/nllp-720x375-1-2.png\",\"contentUrl\":\"https:\/\/soledaddurazo.com\/storage\/2021\/11\/nllp-720x375-1-2.png\",\"width\":720,\"height\":375,\"caption\":\"Soledad Durazo\"},\"image\":{\"@id\":\"https:\/\/soledaddurazo.com\/#logo\"}},{\"@type\":\"WebSite\",\"@id\":\"https:\/\/soledaddurazo.com\/#website\",\"url\":\"https:\/\/soledaddurazo.com\/\",\"name\":\"Periodista SoledadDurazo.com\",\"description\":\"Periodista sonorense. Directora de www.SoledadDurazo.com Columnista, conductora de radio y Tv. Catedr\\u00e1tica en la UNISON\",\"publisher\":{\"@id\":\"https:\/\/soledaddurazo.com\/#organization\"},\"potentialAction\":[{\"@type\":\"SearchAction\",\"target\":{\"@type\":\"EntryPoint\",\"urlTemplate\":\"https:\/\/soledaddurazo.com\/?s={search_term_string}\"},\"query-input\":\"required name=search_term_string\"}],\"inLanguage\":\"es\"},{\"@type\":\"ImageObject\",\"@id\":\"https:\/\/soledaddurazo.com\/blog\/2024\/08\/29\/sonora-ya-tiene-senadora-lorenia-valles\/#primaryimage\",\"inLanguage\":\"es\",\"url\":\"https:\/\/soledaddurazo.com\/storage\/2024\/08\/e1ce5712-63cc-4e22-abea-d58f03daacc7.jpeg\",\"contentUrl\":\"https:\/\/soledaddurazo.com\/storage\/2024\/08\/e1ce5712-63cc-4e22-abea-d58f03daacc7.jpeg\",\"width\":1280,\"height\":852},{\"@type\":\"WebPage\",\"@id\":\"https:\/\/soledaddurazo.com\/blog\/2024\/08\/29\/sonora-ya-tiene-senadora-lorenia-valles\/#webpage\",\"url\":\"https:\/\/soledaddurazo.com\/blog\/2024\/08\/29\/sonora-ya-tiene-senadora-lorenia-valles\/\",\"name\":\"Sonora ya tiene senadora: Lorenia Valles - Periodista SoledadDurazo.com\",\"isPartOf\":{\"@id\":\"https:\/\/soledaddurazo.com\/#website\"},\"primaryImageOfPage\":{\"@id\":\"https:\/\/soledaddurazo.com\/blog\/2024\/08\/29\/sonora-ya-tiene-senadora-lorenia-valles\/#primaryimage\"},\"datePublished\":\"2024-08-30T01:23:19+00:00\",\"dateModified\":\"2024-08-30T01:23:19+00:00\",\"breadcrumb\":{\"@id\":\"https:\/\/soledaddurazo.com\/blog\/2024\/08\/29\/sonora-ya-tiene-senadora-lorenia-valles\/#breadcrumb\"},\"inLanguage\":\"es\",\"potentialAction\":[{\"@type\":\"ReadAction\",\"target\":[\"https:\/\/soledaddurazo.com\/blog\/2024\/08\/29\/sonora-ya-tiene-senadora-lorenia-valles\/\"]}]},{\"@type\":\"BreadcrumbList\",\"@id\":\"https:\/\/soledaddurazo.com\/blog\/2024\/08\/29\/sonora-ya-tiene-senadora-lorenia-valles\/#breadcrumb\",\"itemListElement\":[{\"@type\":\"ListItem\",\"position\":1,\"name\":\"Home\",\"item\":\"https:\/\/soledaddurazo.com\/\"},{\"@type\":\"ListItem\",\"position\":2,\"name\":\"Sonora ya tiene senadora: Lorenia Valles\"}]},{\"@type\":\"Article\",\"@id\":\"https:\/\/soledaddurazo.com\/blog\/2024\/08\/29\/sonora-ya-tiene-senadora-lorenia-valles\/#article\",\"isPartOf\":{\"@id\":\"https:\/\/soledaddurazo.com\/blog\/2024\/08\/29\/sonora-ya-tiene-senadora-lorenia-valles\/#webpage\"},\"author\":{\"@id\":\"https:\/\/soledaddurazo.com\/#\/schema\/person\/822d8e13aa288585e6546f179853758b\"},\"headline\":\"Sonora ya tiene senadora: Lorenia Valles\",\"datePublished\":\"2024-08-30T01:23:19+00:00\",\"dateModified\":\"2024-08-30T01:23:19+00:00\",\"mainEntityOfPage\":{\"@id\":\"https:\/\/soledaddurazo.com\/blog\/2024\/08\/29\/sonora-ya-tiene-senadora-lorenia-valles\/#webpage\"},\"wordCount\":486,\"commentCount\":0,\"publisher\":{\"@id\":\"https:\/\/soledaddurazo.com\/#organization\"},\"image\":{\"@id\":\"https:\/\/soledaddurazo.com\/blog\/2024\/08\/29\/sonora-ya-tiene-senadora-lorenia-valles\/#primaryimage\"},\"thumbnailUrl\":\"https:\/\/soledaddurazo.com\/storage\/2024\/08\/e1ce5712-63cc-4e22-abea-d58f03daacc7.jpeg\",\"articleSection\":[\"Mi Sonora\"],\"inLanguage\":\"es\",\"potentialAction\":[{\"@type\":\"CommentAction\",\"name\":\"Comment\",\"target\":[\"https:\/\/soledaddurazo.com\/blog\/2024\/08\/29\/sonora-ya-tiene-senadora-lorenia-valles\/#respond\"]}]},{\"@type\":\"Person\",\"@id\":\"https:\/\/soledaddurazo.com\/#\/schema\/person\/822d8e13aa288585e6546f179853758b\",\"name\":\"Redacci\\u00f3n\",\"image\":{\"@type\":\"ImageObject\",\"@id\":\"https:\/\/soledaddurazo.com\/#personlogo\",\"inLanguage\":\"es\",\"url\":\"https:\/\/secure.gravatar.com\/avatar\/c4e193752f756fd61f04deebed3a3a20dc188d37edb53682d313ac57f2725d54?s=96&d=mm&r=g\",\"contentUrl\":\"https:\/\/secure.gravatar.com\/avatar\/c4e193752f756fd61f04deebed3a3a20dc188d37edb53682d313ac57f2725d54?s=96&d=mm&r=g\",\"caption\":\"Redacci\\u00f3n\"},\"sameAs\":[\"https:\/\/soledaddurazo.com\"]}]}<\/script>\n ","yoast_head_json":{"title":"Sonora ya tiene senadora: Lorenia Valles - Periodista SoledadDurazo.com","robots":{"index":"index","follow":"follow","max-snippet":"max-snippet:-1","max-image-preview":"max-image-preview:large","max-video-preview":"max-video-preview:-1"},"canonical":"https:\/\/soledaddurazo.com\/blog\/2024\/08\/29\/sonora-ya-tiene-senadora-lorenia-valles\/","og_locale":"es_MX","og_type":"article","og_title":"Sonora ya tiene senadora: Lorenia Valles","og_description":"* Seguir\u00e9 trabajando a ras de suelo, como siempre lo he hecho en cada encargo actuar\u00e9 con responsabilidad, poniendo por delante el coraz\u00f3n para servir a las familias sonorenses y a la tierra que me vio nacer. &nbsp; Porque la constituci\u00f3n legal del Senado de la Rep\u00fablica tiene un alto significado, ya que es la [&hellip;]","og_url":"https:\/\/soledaddurazo.com\/blog\/2024\/08\/29\/sonora-ya-tiene-senadora-lorenia-valles\/","og_site_name":"Periodista SoledadDurazo.com","article_publisher":"https:\/\/www.facebook.com\/soledad.durazo.9\/","article_published_time":"2024-08-30T01:23:19+00:00","og_image":[{"width":1280,"height":852,"url":"https:\/\/soledaddurazo.com\/storage\/2024\/08\/e1ce5712-63cc-4e22-abea-d58f03daacc7.jpeg","type":"image\/jpeg"}],"twitter_card":"summary_large_image","twitter_creator":"@SoledadDurazo","twitter_site":"@SoledadDurazo","twitter_misc":{"Escrito por":"Redacci\u00f3n","Tiempo de lectura":"2 minutos"},"schema":{"@context":"https:\/\/schema.org","@graph":[{"@type":"Organization","@id":"https:\/\/soledaddurazo.com\/#organization","name":"Soledad Durazo","url":"https:\/\/soledaddurazo.com\/","sameAs":["https:\/\/www.facebook.com\/soledad.durazo.9\/","https:\/\/www.instagram.com\/soledaddurazo","https:\/\/www.youtube.com\/channel\/UC9yGPw8-Vbl_B2XNkRwPS-w","https:\/\/twitter.com\/SoledadDurazo"],"logo":{"@type":"ImageObject","@id":"https:\/\/soledaddurazo.com\/#logo","inLanguage":"es","url":"https:\/\/soledaddurazo.com\/storage\/2021\/11\/nllp-720x375-1-2.png","contentUrl":"https:\/\/soledaddurazo.com\/storage\/2021\/11\/nllp-720x375-1-2.png","width":720,"height":375,"caption":"Soledad Durazo"},"image":{"@id":"https:\/\/soledaddurazo.com\/#logo"}},{"@type":"WebSite","@id":"https:\/\/soledaddurazo.com\/#website","url":"https:\/\/soledaddurazo.com\/","name":"Periodista SoledadDurazo.com","description":"Periodista sonorense. Directora de www.SoledadDurazo.com Columnista, conductora de radio y Tv. Catedr\u00e1tica en la UNISON","publisher":{"@id":"https:\/\/soledaddurazo.com\/#organization"},"potentialAction":[{"@type":"SearchAction","target":{"@type":"EntryPoint","urlTemplate":"https:\/\/soledaddurazo.com\/?s={search_term_string}"},"query-input":"required name=search_term_string"}],"inLanguage":"es"},{"@type":"ImageObject","@id":"https:\/\/soledaddurazo.com\/blog\/2024\/08\/29\/sonora-ya-tiene-senadora-lorenia-valles\/#primaryimage","inLanguage":"es","url":"https:\/\/soledaddurazo.com\/storage\/2024\/08\/e1ce5712-63cc-4e22-abea-d58f03daacc7.jpeg","contentUrl":"https:\/\/soledaddurazo.com\/storage\/2024\/08\/e1ce5712-63cc-4e22-abea-d58f03daacc7.jpeg","width":1280,"height":852},{"@type":"WebPage","@id":"https:\/\/soledaddurazo.com\/blog\/2024\/08\/29\/sonora-ya-tiene-senadora-lorenia-valles\/#webpage","url":"https:\/\/soledaddurazo.com\/blog\/2024\/08\/29\/sonora-ya-tiene-senadora-lorenia-valles\/","name":"Sonora ya tiene senadora: Lorenia Valles - Periodista SoledadDurazo.com","isPartOf":{"@id":"https:\/\/soledaddurazo.com\/#website"},"primaryImageOfPage":{"@id":"https:\/\/soledaddurazo.com\/blog\/2024\/08\/29\/sonora-ya-tiene-senadora-lorenia-valles\/#primaryimage"},"datePublished":"2024-08-30T01:23:19+00:00","dateModified":"2024-08-30T01:23:19+00:00","breadcrumb":{"@id":"https:\/\/soledaddurazo.com\/blog\/2024\/08\/29\/sonora-ya-tiene-senadora-lorenia-valles\/#breadcrumb"},"inLanguage":"es","potentialAction":[{"@type":"ReadAction","target":["https:\/\/soledaddurazo.com\/blog\/2024\/08\/29\/sonora-ya-tiene-senadora-lorenia-valles\/"]}]},{"@type":"BreadcrumbList","@id":"https:\/\/soledaddurazo.com\/blog\/2024\/08\/29\/sonora-ya-tiene-senadora-lorenia-valles\/#breadcrumb","itemListElement":[{"@type":"ListItem","position":1,"name":"Home","item":"https:\/\/soledaddurazo.com\/"},{"@type":"ListItem","position":2,"name":"Sonora ya tiene senadora: Lorenia Valles"}]},{"@type":"Article","@id":"https:\/\/soledaddurazo.com\/blog\/2024\/08\/29\/sonora-ya-tiene-senadora-lorenia-valles\/#article","isPartOf":{"@id":"https:\/\/soledaddurazo.com\/blog\/2024\/08\/29\/sonora-ya-tiene-senadora-lorenia-valles\/#webpage"},"author":{"@id":"https:\/\/soledaddurazo.com\/#\/schema\/person\/822d8e13aa288585e6546f179853758b"},"headline":"Sonora ya tiene senadora: Lorenia Valles","datePublished":"2024-08-30T01:23:19+00:00","dateModified":"2024-08-30T01:23:19+00:00","mainEntityOfPage":{"@id":"https:\/\/soledaddurazo.com\/blog\/2024\/08\/29\/sonora-ya-tiene-senadora-lorenia-valles\/#webpage"},"wordCount":486,"commentCount":0,"publisher":{"@id":"https:\/\/soledaddurazo.com\/#organization"},"image":{"@id":"https:\/\/soledaddurazo.com\/blog\/2024\/08\/29\/sonora-ya-tiene-senadora-lorenia-valles\/#primaryimage"},"thumbnailUrl":"https:\/\/soledaddurazo.com\/storage\/2024\/08\/e1ce5712-63cc-4e22-abea-d58f03daacc7.jpeg","articleSection":["Mi Sonora"],"inLanguage":"es","potentialAction":[{"@type":"CommentAction","name":"Comment","target":["https:\/\/soledaddurazo.com\/blog\/2024\/08\/29\/sonora-ya-tiene-senadora-lorenia-valles\/#respond"]}]},{"@type":"Person","@id":"https:\/\/soledaddurazo.com\/#\/schema\/person\/822d8e13aa288585e6546f179853758b","name":"Redacci\u00f3n","image":{"@type":"ImageObject","@id":"https:\/\/soledaddurazo.com\/#personlogo","inLanguage":"es","url":"https:\/\/secure.gravatar.com\/avatar\/c4e193752f756fd61f04deebed3a3a20dc188d37edb53682d313ac57f2725d54?s=96&d=mm&r=g","contentUrl":"https:\/\/secure.gravatar.com\/avatar\/c4e193752f756fd61f04deebed3a3a20dc188d37edb53682d313ac57f2725d54?s=96&d=mm&r=g","caption":"Redacci\u00f3n"},"sameAs":["https:\/\/soledaddurazo.com"]}]}},"_links":{"self":[{"href":"https:\/\/soledaddurazo.com\/api\/wp\/v2\/posts\/20990","targetHints":{"allow":["GET"]}}],"collection":[{"href":"https:\/\/soledaddurazo.com\/api\/wp\/v2\/posts"}],"about":[{"href":"https:\/\/soledaddurazo.com\/api\/wp\/v2\/types\/post"}],"author":[{"embeddable":true,"href":"https:\/\/soledaddurazo.com\/api\/wp\/v2\/users\/1"}],"replies":[{"embeddable":true,"href":"https:\/\/soledaddurazo.com\/api\/wp\/v2\/comments?post=20990"}],"version-history":[{"count":1,"href":"https:\/\/soledaddurazo.com\/api\/wp\/v2\/posts\/20990\/revisions"}],"predecessor-version":[{"id":20992,"href":"https:\/\/soledaddurazo.com\/api\/wp\/v2\/posts\/20990\/revisions\/20992"}],"wp:featuredmedia":[{"embeddable":true,"href":"https:\/\/soledaddurazo.com\/api\/wp\/v2\/media\/20991"}],"wp:attachment":[{"href":"https:\/\/soledaddurazo.com\/api\/wp\/v2\/media?parent=20990"}],"wp:term":[{"taxonomy":"category","embeddable":true,"href":"https:\/\/soledaddurazo.com\/api\/wp\/v2\/categories?post=20990"},{"taxonomy":"post_tag","embeddable":true,"href":"https:\/\/soledaddurazo.com\/api\/wp\/v2\/tags?post=20990"}],"curies":[{"name":"wp","href":"https:\/\/api.w.org\/{rel}","templated":true}]}}