{"id":20984,"date":"2024-08-29T08:01:00","date_gmt":"2024-08-29T15:01:00","guid":{"rendered":"https:\/\/soledaddurazo.com\/?p=20984"},"modified":"2024-08-29T08:01:00","modified_gmt":"2024-08-29T15:01:00","slug":"paquetazo-para-la-primera-presidenta","status":"publish","type":"post","link":"https:\/\/soledaddurazo.com\/blog\/2024\/08\/29\/paquetazo-para-la-primera-presidenta\/","title":{"rendered":"Paquetazo Para la Primera Presidenta"},"content":{"rendered":"<p><strong>R \u00c1 F A G A <\/strong><\/p>\n<p>&nbsp;<\/p>\n<p><strong><em>Hay Optimismo de Posible Cambio Pol\u00edtico<\/em><\/strong><\/p>\n<p><strong><em>Ricardo Monreal Anuncia Dar la Puntilla<\/em><\/strong><\/p>\n<p><strong><em>Las Repercusiones Internas e Intenacionales<\/em><\/strong><\/p>\n<p>&nbsp;<\/p>\n<p><strong><em>Este mi\u00e9rcoles 28 de Agosto celebramos el D\u00eda de los Abuelos, a los que llevan el nombre de Agust\u00edn, a las Agustinas y los cat\u00f3licos recuerdan a San Agust\u00edn de Hipona, patr\u00f3n de los Adultos Mayores\u2026 \u00a1FELICIDADES ABUELITAS, ABUELITOS Y BISABUELITOS! <\/em><\/strong><\/p>\n<p>Mucho se dice que la doctora en Ciencias <strong>Claudia Sheinbaum Pardo<\/strong> llegar\u00e1 a la Presidenta de la Rep\u00fablica con mucho poder pol\u00edtico, tal vez los hechos que se registren a partir del pr\u00f3ximo domingo 1 de septiembre le compliquen los buenos deseos y el optimismo de millones de mexicanos.<\/p>\n<p>La Primera Presidenta de los Estados Unidos Mexicanos est\u00e1 a un mes de asumir el mandato que obtuvo con casi 36 millones de votos, depositados en las urnas, el domingo 2 de junio de 2024. Cumplir\u00e1 62 a\u00f1os 3 meses 7 d\u00edas al recibir la banda presidencial.<\/p>\n<p>Entraremos al <strong>Bicentenario de la Rep\u00fablica,<\/strong> rememorando que el 10 de octubre de 1824, un duranguense asumi\u00f3 la Primera Presidencia, <strong>Guadalupe Victoria<\/strong>, cuyo nombre fue Jos\u00e9 Miguel Ram\u00f3n Adaucto Fern\u00e1ndez y F\u00e9lix. Ten\u00eda 38 a\u00f1os de edad.<\/p>\n<p>Finaliza un sexenio caracterizado por tener un presidente que \u201cgobern\u00f3\u201d desde el atril montado frente a c\u00e1maras y micr\u00f3fonos de televisi\u00f3n, en una supuesta conferencia de prensa, \u201cla ma\u00f1anera\u201d, en un set o estudio adaptado en el espacio, por a\u00f1os sede del Sal\u00f3n de la Tesorer\u00eda de la Federaci\u00f3n, en la planta baja de Palacio Nacional, ala Norte.<\/p>\n<p>Durante cinco a\u00f1os 9 meses y 23 d\u00edas, contados al pasado viernes 23, el primer presidente que vive en un departamento construido por el presidente <strong>Felipe Calder\u00f3n, <\/strong>dedic\u00f3 m\u00ednimo dos horas diarias para destruir todo lo que institucionalmente funcionaban en la administraci\u00f3n p\u00fablica, vio corrupci\u00f3n hasta en los rincones de los rincones, menos en su rededor familiar y c\u00edrculo de aduladores.<\/p>\n<p>El obligar a los diputados de su partido pol\u00edtico para aprobar las reformas constitucionales y desaparecer organismos aut\u00f3nomos, de contrapeso, de defensa de los ciudadanos, habr\u00e1 de tener consecuencias graves para un gobierno que se inicia y del que mucho se espera, sobre todo porque el autoritarismo es pr\u00e1ctica diaria del tabasque\u00f1o, quien encamina a M\u00e9xico para igualarse con los dictadores de Venezuela, Nicaragua, Bolivia y Cuba.<\/p>\n<p>En las redes sociales proliferan los escritos con largas listas de se\u00f1alamientos concretos de los actos de un p\u00e9simo gobierno, difamador de empresarios, pol\u00edticos, presidentes que le antecedieron, atacando a los cient\u00edficos, despojando de apoyos a las instituciones de cultura, a los cient\u00edficos y a los deportistas.<\/p>\n<p>Se suma a lo anterior la campa\u00f1a permanente contra los medios informativos, impresos y electr\u00f3nicos. Personaliz\u00f3 los ataques contra quienes no le aplauden sus ocurrencias. No comprob\u00f3 nunca los sueldos millonarios que le atribuy\u00f3 a <strong>Carlos Loret de Mola<\/strong>. Se lanz\u00f3 contra los diarios norteamericanos, sin desmentirlos.<\/p>\n<p><strong>Nunca present\u00f3 pruebas. Nunca fundament\u00f3 y entreg\u00f3 una denuncia en la Fiscal\u00eda General de la Rep\u00fablica. Siempre se dijo v\u00edctima de los poderosos, de los interesados en frenar su in\u00fatil cuarta transformaci\u00f3n. Jam\u00e1s ha rendido cuentas de las multimillonarias sumas que invirti\u00f3 en las obras fara\u00f3nicas. La pol\u00edtica exterior la manej\u00f3 con la mayor ignorancia posible y mantiene campa\u00f1a contra el gobierno de los Estados Unidos de Am\u00e9rica.<\/strong><\/p>\n<p>Por eso y mucho m\u00e1s, es preocupante la iniciaci\u00f3n del sexenio 2024-2030, est\u00e1 anulada la Divisi\u00f3n de Poderes, pauta que se\u00f1alaron los Constituyentes de 1857 y de 1917. Control dictatorial del Congreso de la Uni\u00f3n, sometiendo a las autoridades electorales y eliminando la posibilidad de acciones para rebatir. Jam\u00e1s acept\u00f3 las cr\u00edticas. Nunca reconoci\u00f3 sus errores. Jam\u00e1s acept\u00f3 equivocarse.<\/p>\n<p>Doctora Sheinbaum Pardo, el pueblo y con ello los sectores activos, las fuerzas vivas, los que votaron por Usted y los que no lo hicieron, <strong>millones de mexicanos queremos un gobierno sensato, no mentiroso, no protector de los narcotraficantes, no defensor de los delincuentes, no minimizador de la atenci\u00f3n a la salud y de la escasez de los medicamentos. Tampoco educaci\u00f3n ideol\u00f3gica a los ni\u00f1os, a los j\u00f3venes y a los adolescentes.<\/strong><\/p>\n<p><strong>EN EL MISMO D\u00cdA PRIMERO<\/strong><\/p>\n<p>El zacatecano <strong>Ricardo Monreal \u00c1vila<\/strong>, futuro coordinador de la bancada oficial en la C\u00e1mara de Diputados, seg\u00fan versiones period\u00edsticas, desea que las reformas constitucionales promovidas por el Presidente de la Rep\u00fablica, contra el Poder Judicial Federal, sean aprobadas, por la mayor\u00eda calificada, el mismo primero de septiembre.<\/p>\n<p>Circula la versi\u00f3n de que despu\u00e9s de la solemne ceremonia, instalada la nueva Legislatura, sean convocados los 500 nuevos diputados para conocer, debatir y aprobar los dict\u00e1menes correspondientes para modificar la estructura org\u00e1nica del Poder Judicial Federal y turnar el caso al Senado donde, se dice, ya el Presidente de M\u00e9xico \u201cconvenci\u00f3\u201d a tres legisladores para apoyar las reformas con mayor calificada.<\/p>\n<p>Urge al tabasque\u00f1o que se proceda sin m\u00e1s dilaci\u00f3n. No conf\u00eda en la doctora Sheinbaum Pardo. Ella, en alg\u00fan momento, dijo que deber\u00eda debatirse el tema, de hacer foros en todo el Pa\u00eds, pero \u201calgo o alguien\u201d la hizo cambiar de parecer e hizo suyo el proyecto.<\/p>\n<p>No someter al Pleno de la Suprema Corte de Justicia de la Naci\u00f3n, al fracasar en su intento de imponer una presidenta en el m\u00e1s Alto Tribunal, el de recibir reveses jur\u00eddicos y al revertirse las acciones de una ministra y un ministro que \u00e9l propuso, le crisparon su ego y por \u00faltimo env\u00edo a la corte a una mujer sin curriculum jur\u00eddico, acad\u00e9mico y sin m\u00e1s m\u00e9rito, a la que ahora quiere hacer presidenta de la instituci\u00f3n.<\/p>\n<p>El odio presidencial es manifiesto. Utiliz\u00f3 a un exministro de la Suprema Corte para redactar el proyecto de reforma constitucional, mediante el cual los diputados federales aprueben que jueces, magistrados y ministros ocupen esos sitiales \u201cpor el voto popular\u201d, no importa tengan o no experiencia jur\u00eddica, sean o no abogados con un m\u00ednimo de a\u00f1os en la experiencia laboral.<\/p>\n<p>As\u00ed habr\u00e1 margen total para que los impartidores de justicia acaten las \u00f3rdenes del Jefe del Ejecutivo Federal, que se apliquen los criterios a capricho de una sola persona, el Presidente de M\u00e9xico. La Ley de Amparo sufrir\u00e1 las alteraciones que el Poder Ejecutivo Federal dicte. \u00a0Los Estados dejar\u00e1n de ser Libres y Soberanos.<\/p>\n<p><strong>La Divisi\u00f3n de Poderes habr\u00e1 desaparecido en M\u00e9xico<\/strong>, como ocurri\u00f3 en Venezuela con Hugo Ch\u00e1vez. Los hermanos Castro Ruz la enraizaron en Cuba y en Bolivia, Evo Morales volvi\u00f3 por sus fueros. De Nicaragua ni hablar, ah\u00ed el matrimonio gobernante liquid\u00f3 todo Estado de Derecho. El venezolano Nicol\u00e1s Maduro y el cubano D\u00edaz Canel hoy cumplen la herencia dictatorial.<\/p>\n<p><strong>\u201cLOS DEL PRI, ROBARON, PERO TRABAJARON\u201d<\/strong><\/p>\n<p>Los nuevos legisladores mexicanos est\u00e1n sometidos a cumplir la orden presidencial, sin medir las consecuencias pol\u00edticas, econ\u00f3micas y sociales, al aprobar cambios radicales, extremistas, que retrasan todo lo logrado en el Siglo XX, desde la ca\u00edda de <strong>Porfirio D\u00edaz<\/strong> hasta el comienzo de los a\u00f1os treinta con los gobiernos sexenales.<\/p>\n<p>M\u00e9xico vivi\u00f3 a lo largo de siete d\u00e9cadas con gobiernos de un solo partido pol\u00edtico, etapa en la que como le dijeron en Chalco, Estado de M\u00e9xico, a la gobernadora Delfina G\u00f3mez, \u201clos del PRI robaron, pero trabajaron; ustedes han robado m\u00e1s y nada han hecho\u201d.<\/p>\n<p>Los PRIistas desde 1976 dejaron de hacer pol\u00edtica, no se preocuparon por preparar a las nuevas generaciones de pol\u00edticos, dejaron crecer la corrupci\u00f3n y despunt\u00f3 la relaci\u00f3n gobierno-narcotraficantes, asesinaron a un candidato presidencial y a un prospecto de l\u00edder cameral. Impusieron a un antipriista como \u00faltimo presidente en el siglo pasado.<\/p>\n<p>Vino lo que llamaron \u201cgobierno de la alternancia\u201d y lo \u00fanico que consiguieron los PANistas fue sacar al PRI de Los Pinos. La frivolidad y los negocios millonarios abundaron. El gobierno fue \u201cadministrado\u201d por el matrimonio Vicente Fox&#8211; Martha Sahag\u00fan.<\/p>\n<p>\u201cLa Docena Azul PANista\u201d sirvi\u00f3 para hacer una alocada guerra contra la delincuencia organizada. El suelo se ti\u00f1\u00f3 de rojo con sangre humana y los militares junto con los marinos fueron sacados de sus cuarteles. Felipe Calder\u00f3n se autoexili\u00f3 y no pas\u00f3 nada.<\/p>\n<p>El retorno del PRI, lo he comentado, un fiasco. Con Fox funcion\u00f3 la mercadotecnia y con Enrique Pe\u00f1a Nieto triunf\u00f3 la televisi\u00f3n. Tan malo el pinto como el colorado.<\/p>\n<p>El de Atlacomulco sali\u00f3 de Toluca hasta que lo hicieron candidato presidencial. Nula experiencia en la problem\u00e1tica nacional. Cero conocimientos pol\u00edticos, fue malo y pueblerino.<\/p>\n<p>Hizo arreglos con el tabasque\u00f1o para que \u00e9l y su equipo quedaran sin castigo alguno. Se fue a Espa\u00f1a, donde radica y disfruta los millones de pesos que saque\u00f3.\u00a0 Se rumora que la pr\u00f3xima Navidad ya la pasar\u00e1 en M\u00e9xico. \u00danico expresidente del siglo con calificaci\u00f3n de <strong>Diez en corrupci\u00f3n e impunidad<\/strong>.<\/p>\n<p>En 2018 lleg\u00f3 al poder \u201cun rayito de esperanza\u201d, el cuarto Presidente de la Rep\u00fablica. Un hombre que se supone viv\u00eda solo en un departamento de inter\u00e9s social, con 200 pesos en la bolsa, un autom\u00f3vil austero y sin manejar tarjetas de cr\u00e9dito o cuenta bancaria. Ah, con un chofer a su servicio.<\/p>\n<p>Audaz, carism\u00e1tico, con facilidad para convencer a la gente, resentido social en alto grado, vengativo, rencoroso, traicionero, mentiroso y enga\u00f1ador. Primer tabasque\u00f1o que lleg\u00f3 a presidente.<\/p>\n<p>Ese hombre compiti\u00f3 tres veces por la Presidencia de la Rep\u00fablica y cuando gan\u00f3, demostr\u00f3 que nada le importaron los pobres, a quienes \u201ccompr\u00f3\u201d con el dinero del mismo pueblo, del erario nacional, del presupuesto federal, pero ha hecho creer que la pensi\u00f3n la otorga \u00e9l, de su bolsa. Los programas sociales se tornaron en acciones partidistas.<\/p>\n<p><strong>REPERCUSIONES NEGATIVAS<\/strong><\/p>\n<p>Voces de diferentes personajes, declaraciones de dirigentes empresariales, posici\u00f3n de los abogados asociados en Barras y Colegios, se\u00f1alaron los da\u00f1os que causar\u00e1 la aprobaci\u00f3n de las reformas constitucionales al desaparecer instituciones aut\u00f3nomas y modificar el sistema jur\u00eddico que rige en nuestro Pa\u00eds.<\/p>\n<p>Ni al Presidente de la Rep\u00fablica y tampoco a los legisladores les importa el futuro de los mexicanos, por ello hacen la guerra verbal a las afirmaciones del da\u00f1o que se causar\u00e1 nacional e internacionalmente.<\/p>\n<p>En Palacio Nacional minimizan todo y en la C\u00e1mara de Diputados afilan la guada\u00f1a, votar por consigna, sin aut\u00e9ntico debate parlamentario.<\/p>\n<p>Hemos o\u00eddo, le\u00eddo y visto en diarios, en las redes sociales y en los medios electr\u00f3nicos, las opiniones fundamentadas, claras y precisas, referidas a la incertidumbre en todos los campos de acci\u00f3n y el contundente retroceso hist\u00f3rico, por una inaceptable iniciativa presidencial que destila veneno, que nos lleva al abismo dictatorial.<\/p>\n<p>La carga superpesada estar\u00e1 sobre la espalda de la Primera Presidenta de M\u00e9xico. Sus dos experimentados colaboradores tendr\u00e1n que enfrentar, internacionalmente, una serie de conflictos, herencia de este gobierno.<\/p>\n<p><strong>Juan Ram\u00f3n de la Fuente y Marcelo Ebrard<\/strong>, pr\u00f3ximos secretarios de Relaciones Exteriores y de Econom\u00eda, respectivamente, tendr\u00e1n dif\u00edcil tarea desde la tarde del 1 de octubre.<\/p>\n<p><strong>ENFRENTAMIENTO CON EUA<\/strong><\/p>\n<p>En el curso del presente mes, en su residencia el embajador <strong>Ken Salazar <\/strong>dio una conferencia de prensa para fijar la posici\u00f3n del gobierno de Estados Unidos de Am\u00e9rica, en relaci\u00f3n con las reformas constitucionales al Poder Judicial Federal promovidas por el Presidente de M\u00e9xico, con car\u00e1cter de urgente.<\/p>\n<p>El diplom\u00e1tico que el lunes pr\u00f3ximo cumplir\u00e1 tres a\u00f1os como cabeza de la misi\u00f3n diplom\u00e1tica norteamericana, expres\u00f3 que desde su punto de vista las elecciones de los funcionarios judiciales, \u201c<strong>pueden hacer m\u00e1s f\u00e1cil que c\u00e1rteles se aprovechen de jueces inexpertos con situaciones pol\u00edticas<\/strong>\u201d. Dijo que ese paso es una \u201camenaza para relaci\u00f3n hist\u00f3rica comercial\u201d para Estados Unidos.<\/p>\n<p>La reacci\u00f3n en Palacio Nacional fue agria. En \u201cla ma\u00f1anera\u201d se inform\u00f3 que habr\u00eda una carta al <strong>Presidente Joe Biden<\/strong> y una nota diplom\u00e1tica que enviar\u00eda la Secretaria de Relaciones Exteriores, \u201c<strong>porque los temas relacionados con M\u00e9xico, nos corresponden a nosotros\u201d <\/strong>y \u201c<strong>No pueden venir extranjeros, ning\u00fan gobierno extranjero, a tratar nuestros asuntos, es un principio b\u00e1sico de independencia, de soberan\u00eda<\/strong>\u201d.<\/p>\n<p>Tambi\u00e9n se afirm\u00f3 que la declaraci\u00f3n del embajador Salazar, \u201crepresenta una acci\u00f3n inaceptable de injerencia, contraviene la soberan\u00eda de los Estados Unidos Mexicanos\u201d.<\/p>\n<p>Reci\u00e9n hubo elecciones extraodinarias en un municipio de Chiapas. Los narcotraficantes operaron sin la intervenci\u00f3n de ninguna autoridad municipal, estatal o federal. Ejemplo para el futuro.<\/p>\n<p>Breviario cultural:<\/p>\n<p>El diplom\u00e1tico del inseparable sombrero texano, es un hombre que est\u00e1 por cumplir 70 a\u00f1os de edad. Es el abogado <strong>Kenneth Lee Salazar<\/strong>, uno de los 8 hijos del matrimonio formado por <strong>Enrique S. Salazar y Emma Montoya<\/strong>, estadounidenses de ascendencia espa\u00f1ola.\u00a0 Ken es originario de Denver, Colorado, con carrera pol\u00edtica, judicial y legislativa.<\/p>\n<p><strong>jherrerav@live.com.mx<\/strong><\/p>\n<p><strong>\u00a0<\/strong><\/p>\n<p>&nbsp;<\/p>\n<p>&nbsp;<\/p>\n<p>&nbsp;<\/p>\n<p><strong><em>\u00a0<\/em><\/strong><\/p>\n","protected":false},"excerpt":{"rendered":"<p>R \u00c1 F A G A &nbsp; Hay Optimismo de Posible Cambio Pol\u00edtico Ricardo Monreal Anuncia Dar la Puntilla Las Repercusiones Internas e Intenacionales &nbsp; Este mi\u00e9rcoles 28 de Agosto celebramos el D\u00eda de los Abuelos, a los que llevan el nombre de Agust\u00edn, a las Agustinas y los cat\u00f3licos recuerdan a San Agust\u00edn de [&hellip;]<\/p>\n","protected":false},"author":1,"featured_media":20669,"comment_status":"open","ping_status":"open","sticky":false,"template":"","format":"standard","meta":{"footnotes":""},"categories":[172],"tags":[],"class_list":["post"],"yoast_head":" \n<title>Paquetazo Para la Primera Presidenta - Periodista SoledadDurazo.com<\/title>\n<meta name=\"robots\" content=\"index, follow, max-snippet:-1, max-image-preview:large, max-video-preview:-1\" \/>\n<link rel=\"canonical\" href=\"https:\/\/soledaddurazo.com\/blog\/2024\/08\/29\/paquetazo-para-la-primera-presidenta\/\" \/>\n<meta property=\"og:locale\" content=\"es_MX\" \/>\n<meta property=\"og:type\" content=\"article\" \/>\n<meta property=\"og:title\" content=\"Paquetazo Para la Primera Presidenta\" \/>\n<meta property=\"og:description\" content=\"R \u00c1 F A G A &nbsp; Hay Optimismo de Posible Cambio Pol\u00edtico Ricardo Monreal Anuncia Dar la Puntilla Las Repercusiones Internas e Intenacionales &nbsp; Este mi\u00e9rcoles 28 de Agosto celebramos el D\u00eda de los Abuelos, a los que llevan el nombre de Agust\u00edn, a las Agustinas y los cat\u00f3licos recuerdan a San Agust\u00edn de [&hellip;]\" \/>\n<meta property=\"og:url\" content=\"https:\/\/soledaddurazo.com\/blog\/2024\/08\/29\/paquetazo-para-la-primera-presidenta\/\" \/>\n<meta property=\"og:site_name\" content=\"Periodista SoledadDurazo.com\" \/>\n<meta property=\"article:publisher\" content=\"https:\/\/www.facebook.com\/soledad.durazo.9\/\" \/>\n<meta property=\"article:published_time\" content=\"2024-08-29T15:01:00+00:00\" \/>\n<meta property=\"og:image\" content=\"https:\/\/soledaddurazo.com\/storage\/2024\/07\/jorge-herrera.png\" \/>\n\t<meta property=\"og:image:width\" content=\"758\" \/>\n\t<meta property=\"og:image:height\" content=\"974\" \/>\n<meta name=\"twitter:card\" content=\"summary_large_image\" \/>\n<meta name=\"twitter:creator\" content=\"@SoledadDurazo\" \/>\n<meta name=\"twitter:site\" content=\"@SoledadDurazo\" \/>\n<meta name=\"twitter:label1\" content=\"Escrito por\" \/>\n\t<meta name=\"twitter:data1\" content=\"Redacci\u00f3n\" \/>\n\t<meta name=\"twitter:label2\" content=\"Tiempo de lectura\" \/>\n\t<meta name=\"twitter:data2\" content=\"9 minutos\" \/>\n<script type=\"application\/ld+json\" class=\"yoast-schema-graph\">{\"@context\":\"https:\/\/schema.org\",\"@graph\":[{\"@type\":\"Organization\",\"@id\":\"https:\/\/soledaddurazo.com\/#organization\",\"name\":\"Soledad Durazo\",\"url\":\"https:\/\/soledaddurazo.com\/\",\"sameAs\":[\"https:\/\/www.facebook.com\/soledad.durazo.9\/\",\"https:\/\/www.instagram.com\/soledaddurazo\",\"https:\/\/www.youtube.com\/channel\/UC9yGPw8-Vbl_B2XNkRwPS-w\",\"https:\/\/twitter.com\/SoledadDurazo\"],\"logo\":{\"@type\":\"ImageObject\",\"@id\":\"https:\/\/soledaddurazo.com\/#logo\",\"inLanguage\":\"es\",\"url\":\"https:\/\/soledaddurazo.com\/storage\/2021\/11\/nllp-720x375-1-2.png\",\"contentUrl\":\"https:\/\/soledaddurazo.com\/storage\/2021\/11\/nllp-720x375-1-2.png\",\"width\":720,\"height\":375,\"caption\":\"Soledad Durazo\"},\"image\":{\"@id\":\"https:\/\/soledaddurazo.com\/#logo\"}},{\"@type\":\"WebSite\",\"@id\":\"https:\/\/soledaddurazo.com\/#website\",\"url\":\"https:\/\/soledaddurazo.com\/\",\"name\":\"Periodista SoledadDurazo.com\",\"description\":\"Periodista sonorense. Directora de www.SoledadDurazo.com Columnista, conductora de radio y Tv. Catedr\\u00e1tica en la UNISON\",\"publisher\":{\"@id\":\"https:\/\/soledaddurazo.com\/#organization\"},\"potentialAction\":[{\"@type\":\"SearchAction\",\"target\":{\"@type\":\"EntryPoint\",\"urlTemplate\":\"https:\/\/soledaddurazo.com\/?s={search_term_string}\"},\"query-input\":\"required name=search_term_string\"}],\"inLanguage\":\"es\"},{\"@type\":\"ImageObject\",\"@id\":\"https:\/\/soledaddurazo.com\/blog\/2024\/08\/29\/paquetazo-para-la-primera-presidenta\/#primaryimage\",\"inLanguage\":\"es\",\"url\":\"https:\/\/soledaddurazo.com\/storage\/2024\/07\/jorge-herrera.png\",\"contentUrl\":\"https:\/\/soledaddurazo.com\/storage\/2024\/07\/jorge-herrera.png\",\"width\":758,\"height\":974},{\"@type\":\"WebPage\",\"@id\":\"https:\/\/soledaddurazo.com\/blog\/2024\/08\/29\/paquetazo-para-la-primera-presidenta\/#webpage\",\"url\":\"https:\/\/soledaddurazo.com\/blog\/2024\/08\/29\/paquetazo-para-la-primera-presidenta\/\",\"name\":\"Paquetazo Para la Primera Presidenta - Periodista SoledadDurazo.com\",\"isPartOf\":{\"@id\":\"https:\/\/soledaddurazo.com\/#website\"},\"primaryImageOfPage\":{\"@id\":\"https:\/\/soledaddurazo.com\/blog\/2024\/08\/29\/paquetazo-para-la-primera-presidenta\/#primaryimage\"},\"datePublished\":\"2024-08-29T15:01:00+00:00\",\"dateModified\":\"2024-08-29T15:01:00+00:00\",\"breadcrumb\":{\"@id\":\"https:\/\/soledaddurazo.com\/blog\/2024\/08\/29\/paquetazo-para-la-primera-presidenta\/#breadcrumb\"},\"inLanguage\":\"es\",\"potentialAction\":[{\"@type\":\"ReadAction\",\"target\":[\"https:\/\/soledaddurazo.com\/blog\/2024\/08\/29\/paquetazo-para-la-primera-presidenta\/\"]}]},{\"@type\":\"BreadcrumbList\",\"@id\":\"https:\/\/soledaddurazo.com\/blog\/2024\/08\/29\/paquetazo-para-la-primera-presidenta\/#breadcrumb\",\"itemListElement\":[{\"@type\":\"ListItem\",\"position\":1,\"name\":\"Home\",\"item\":\"https:\/\/soledaddurazo.com\/\"},{\"@type\":\"ListItem\",\"position\":2,\"name\":\"Paquetazo Para la Primera Presidenta\"}]},{\"@type\":\"Article\",\"@id\":\"https:\/\/soledaddurazo.com\/blog\/2024\/08\/29\/paquetazo-para-la-primera-presidenta\/#article\",\"isPartOf\":{\"@id\":\"https:\/\/soledaddurazo.com\/blog\/2024\/08\/29\/paquetazo-para-la-primera-presidenta\/#webpage\"},\"author\":{\"@id\":\"https:\/\/soledaddurazo.com\/#\/schema\/person\/822d8e13aa288585e6546f179853758b\"},\"headline\":\"Paquetazo Para la Primera Presidenta\",\"datePublished\":\"2024-08-29T15:01:00+00:00\",\"dateModified\":\"2024-08-29T15:01:00+00:00\",\"mainEntityOfPage\":{\"@id\":\"https:\/\/soledaddurazo.com\/blog\/2024\/08\/29\/paquetazo-para-la-primera-presidenta\/#webpage\"},\"wordCount\":2241,\"commentCount\":0,\"publisher\":{\"@id\":\"https:\/\/soledaddurazo.com\/#organization\"},\"image\":{\"@id\":\"https:\/\/soledaddurazo.com\/blog\/2024\/08\/29\/paquetazo-para-la-primera-presidenta\/#primaryimage\"},\"thumbnailUrl\":\"https:\/\/soledaddurazo.com\/storage\/2024\/07\/jorge-herrera.png\",\"articleSection\":[\"Jorge Herrera\"],\"inLanguage\":\"es\",\"potentialAction\":[{\"@type\":\"CommentAction\",\"name\":\"Comment\",\"target\":[\"https:\/\/soledaddurazo.com\/blog\/2024\/08\/29\/paquetazo-para-la-primera-presidenta\/#respond\"]}]},{\"@type\":\"Person\",\"@id\":\"https:\/\/soledaddurazo.com\/#\/schema\/person\/822d8e13aa288585e6546f179853758b\",\"name\":\"Redacci\\u00f3n\",\"image\":{\"@type\":\"ImageObject\",\"@id\":\"https:\/\/soledaddurazo.com\/#personlogo\",\"inLanguage\":\"es\",\"url\":\"https:\/\/secure.gravatar.com\/avatar\/c4e193752f756fd61f04deebed3a3a20dc188d37edb53682d313ac57f2725d54?s=96&d=mm&r=g\",\"contentUrl\":\"https:\/\/secure.gravatar.com\/avatar\/c4e193752f756fd61f04deebed3a3a20dc188d37edb53682d313ac57f2725d54?s=96&d=mm&r=g\",\"caption\":\"Redacci\\u00f3n\"},\"sameAs\":[\"https:\/\/soledaddurazo.com\"]}]}<\/script>\n ","yoast_head_json":{"title":"Paquetazo Para la Primera Presidenta - Periodista SoledadDurazo.com","robots":{"index":"index","follow":"follow","max-snippet":"max-snippet:-1","max-image-preview":"max-image-preview:large","max-video-preview":"max-video-preview:-1"},"canonical":"https:\/\/soledaddurazo.com\/blog\/2024\/08\/29\/paquetazo-para-la-primera-presidenta\/","og_locale":"es_MX","og_type":"article","og_title":"Paquetazo Para la Primera Presidenta","og_description":"R \u00c1 F A G A &nbsp; Hay Optimismo de Posible Cambio Pol\u00edtico Ricardo Monreal Anuncia Dar la Puntilla Las Repercusiones Internas e Intenacionales &nbsp; Este mi\u00e9rcoles 28 de Agosto celebramos el D\u00eda de los Abuelos, a los que llevan el nombre de Agust\u00edn, a las Agustinas y los cat\u00f3licos recuerdan a San Agust\u00edn de [&hellip;]","og_url":"https:\/\/soledaddurazo.com\/blog\/2024\/08\/29\/paquetazo-para-la-primera-presidenta\/","og_site_name":"Periodista SoledadDurazo.com","article_publisher":"https:\/\/www.facebook.com\/soledad.durazo.9\/","article_published_time":"2024-08-29T15:01:00+00:00","og_image":[{"width":758,"height":974,"url":"https:\/\/soledaddurazo.com\/storage\/2024\/07\/jorge-herrera.png","type":"image\/png"}],"twitter_card":"summary_large_image","twitter_creator":"@SoledadDurazo","twitter_site":"@SoledadDurazo","twitter_misc":{"Escrito por":"Redacci\u00f3n","Tiempo de lectura":"9 minutos"},"schema":{"@context":"https:\/\/schema.org","@graph":[{"@type":"Organization","@id":"https:\/\/soledaddurazo.com\/#organization","name":"Soledad Durazo","url":"https:\/\/soledaddurazo.com\/","sameAs":["https:\/\/www.facebook.com\/soledad.durazo.9\/","https:\/\/www.instagram.com\/soledaddurazo","https:\/\/www.youtube.com\/channel\/UC9yGPw8-Vbl_B2XNkRwPS-w","https:\/\/twitter.com\/SoledadDurazo"],"logo":{"@type":"ImageObject","@id":"https:\/\/soledaddurazo.com\/#logo","inLanguage":"es","url":"https:\/\/soledaddurazo.com\/storage\/2021\/11\/nllp-720x375-1-2.png","contentUrl":"https:\/\/soledaddurazo.com\/storage\/2021\/11\/nllp-720x375-1-2.png","width":720,"height":375,"caption":"Soledad Durazo"},"image":{"@id":"https:\/\/soledaddurazo.com\/#logo"}},{"@type":"WebSite","@id":"https:\/\/soledaddurazo.com\/#website","url":"https:\/\/soledaddurazo.com\/","name":"Periodista SoledadDurazo.com","description":"Periodista sonorense. Directora de www.SoledadDurazo.com Columnista, conductora de radio y Tv. Catedr\u00e1tica en la UNISON","publisher":{"@id":"https:\/\/soledaddurazo.com\/#organization"},"potentialAction":[{"@type":"SearchAction","target":{"@type":"EntryPoint","urlTemplate":"https:\/\/soledaddurazo.com\/?s={search_term_string}"},"query-input":"required name=search_term_string"}],"inLanguage":"es"},{"@type":"ImageObject","@id":"https:\/\/soledaddurazo.com\/blog\/2024\/08\/29\/paquetazo-para-la-primera-presidenta\/#primaryimage","inLanguage":"es","url":"https:\/\/soledaddurazo.com\/storage\/2024\/07\/jorge-herrera.png","contentUrl":"https:\/\/soledaddurazo.com\/storage\/2024\/07\/jorge-herrera.png","width":758,"height":974},{"@type":"WebPage","@id":"https:\/\/soledaddurazo.com\/blog\/2024\/08\/29\/paquetazo-para-la-primera-presidenta\/#webpage","url":"https:\/\/soledaddurazo.com\/blog\/2024\/08\/29\/paquetazo-para-la-primera-presidenta\/","name":"Paquetazo Para la Primera Presidenta - Periodista SoledadDurazo.com","isPartOf":{"@id":"https:\/\/soledaddurazo.com\/#website"},"primaryImageOfPage":{"@id":"https:\/\/soledaddurazo.com\/blog\/2024\/08\/29\/paquetazo-para-la-primera-presidenta\/#primaryimage"},"datePublished":"2024-08-29T15:01:00+00:00","dateModified":"2024-08-29T15:01:00+00:00","breadcrumb":{"@id":"https:\/\/soledaddurazo.com\/blog\/2024\/08\/29\/paquetazo-para-la-primera-presidenta\/#breadcrumb"},"inLanguage":"es","potentialAction":[{"@type":"ReadAction","target":["https:\/\/soledaddurazo.com\/blog\/2024\/08\/29\/paquetazo-para-la-primera-presidenta\/"]}]},{"@type":"BreadcrumbList","@id":"https:\/\/soledaddurazo.com\/blog\/2024\/08\/29\/paquetazo-para-la-primera-presidenta\/#breadcrumb","itemListElement":[{"@type":"ListItem","position":1,"name":"Home","item":"https:\/\/soledaddurazo.com\/"},{"@type":"ListItem","position":2,"name":"Paquetazo Para la Primera Presidenta"}]},{"@type":"Article","@id":"https:\/\/soledaddurazo.com\/blog\/2024\/08\/29\/paquetazo-para-la-primera-presidenta\/#article","isPartOf":{"@id":"https:\/\/soledaddurazo.com\/blog\/2024\/08\/29\/paquetazo-para-la-primera-presidenta\/#webpage"},"author":{"@id":"https:\/\/soledaddurazo.com\/#\/schema\/person\/822d8e13aa288585e6546f179853758b"},"headline":"Paquetazo Para la Primera Presidenta","datePublished":"2024-08-29T15:01:00+00:00","dateModified":"2024-08-29T15:01:00+00:00","mainEntityOfPage":{"@id":"https:\/\/soledaddurazo.com\/blog\/2024\/08\/29\/paquetazo-para-la-primera-presidenta\/#webpage"},"wordCount":2241,"commentCount":0,"publisher":{"@id":"https:\/\/soledaddurazo.com\/#organization"},"image":{"@id":"https:\/\/soledaddurazo.com\/blog\/2024\/08\/29\/paquetazo-para-la-primera-presidenta\/#primaryimage"},"thumbnailUrl":"https:\/\/soledaddurazo.com\/storage\/2024\/07\/jorge-herrera.png","articleSection":["Jorge Herrera"],"inLanguage":"es","potentialAction":[{"@type":"CommentAction","name":"Comment","target":["https:\/\/soledaddurazo.com\/blog\/2024\/08\/29\/paquetazo-para-la-primera-presidenta\/#respond"]}]},{"@type":"Person","@id":"https:\/\/soledaddurazo.com\/#\/schema\/person\/822d8e13aa288585e6546f179853758b","name":"Redacci\u00f3n","image":{"@type":"ImageObject","@id":"https:\/\/soledaddurazo.com\/#personlogo","inLanguage":"es","url":"https:\/\/secure.gravatar.com\/avatar\/c4e193752f756fd61f04deebed3a3a20dc188d37edb53682d313ac57f2725d54?s=96&d=mm&r=g","contentUrl":"https:\/\/secure.gravatar.com\/avatar\/c4e193752f756fd61f04deebed3a3a20dc188d37edb53682d313ac57f2725d54?s=96&d=mm&r=g","caption":"Redacci\u00f3n"},"sameAs":["https:\/\/soledaddurazo.com"]}]}},"_links":{"self":[{"href":"https:\/\/soledaddurazo.com\/api\/wp\/v2\/posts\/20984","targetHints":{"allow":["GET"]}}],"collection":[{"href":"https:\/\/soledaddurazo.com\/api\/wp\/v2\/posts"}],"about":[{"href":"https:\/\/soledaddurazo.com\/api\/wp\/v2\/types\/post"}],"author":[{"embeddable":true,"href":"https:\/\/soledaddurazo.com\/api\/wp\/v2\/users\/1"}],"replies":[{"embeddable":true,"href":"https:\/\/soledaddurazo.com\/api\/wp\/v2\/comments?post=20984"}],"version-history":[{"count":1,"href":"https:\/\/soledaddurazo.com\/api\/wp\/v2\/posts\/20984\/revisions"}],"predecessor-version":[{"id":20985,"href":"https:\/\/soledaddurazo.com\/api\/wp\/v2\/posts\/20984\/revisions\/20985"}],"wp:featuredmedia":[{"embeddable":true,"href":"https:\/\/soledaddurazo.com\/api\/wp\/v2\/media\/20669"}],"wp:attachment":[{"href":"https:\/\/soledaddurazo.com\/api\/wp\/v2\/media?parent=20984"}],"wp:term":[{"taxonomy":"category","embeddable":true,"href":"https:\/\/soledaddurazo.com\/api\/wp\/v2\/categories?post=20984"},{"taxonomy":"post_tag","embeddable":true,"href":"https:\/\/soledaddurazo.com\/api\/wp\/v2\/tags?post=20984"}],"curies":[{"name":"wp","href":"https:\/\/api.w.org\/{rel}","templated":true}]}}