{"id":20810,"date":"2024-08-09T10:44:30","date_gmt":"2024-08-09T17:44:30","guid":{"rendered":"https:\/\/soledaddurazo.com\/?p=20810"},"modified":"2024-08-09T10:45:02","modified_gmt":"2024-08-09T17:45:02","slug":"economia-resistente","status":"publish","type":"post","link":"https:\/\/soledaddurazo.com\/blog\/2024\/08\/09\/economia-resistente\/","title":{"rendered":"Econom\u00eda resistente"},"content":{"rendered":"<p>&nbsp;<\/p>\n<p><strong> <a href=\"https:\/\/soledaddurazo.com\/storage\/2024\/08\/fc19f423-aafb-4190-8241-20670f9054b4.jpg\"><img loading=\"lazy\" decoding=\"async\" class=\"aligncenter size-full wp-image-20811\" src=\"https:\/\/soledaddurazo.com\/storage\/2024\/08\/fc19f423-aafb-4190-8241-20670f9054b4.jpg\" alt=\"\" width=\"1280\" height=\"1600\" srcset=\"https:\/\/soledaddurazo.com\/storage\/2024\/08\/fc19f423-aafb-4190-8241-20670f9054b4.jpg 1280w, https:\/\/soledaddurazo.com\/storage\/2024\/08\/fc19f423-aafb-4190-8241-20670f9054b4-240x300.jpg 240w, https:\/\/soledaddurazo.com\/storage\/2024\/08\/fc19f423-aafb-4190-8241-20670f9054b4-819x1024.jpg 819w, https:\/\/soledaddurazo.com\/storage\/2024\/08\/fc19f423-aafb-4190-8241-20670f9054b4-768x960.jpg 768w, https:\/\/soledaddurazo.com\/storage\/2024\/08\/fc19f423-aafb-4190-8241-20670f9054b4-1229x1536.jpg 1229w, https:\/\/soledaddurazo.com\/storage\/2024\/08\/fc19f423-aafb-4190-8241-20670f9054b4-600x750.jpg 600w, https:\/\/soledaddurazo.com\/storage\/2024\/08\/fc19f423-aafb-4190-8241-20670f9054b4-750x938.jpg 750w, https:\/\/soledaddurazo.com\/storage\/2024\/08\/fc19f423-aafb-4190-8241-20670f9054b4-1140x1425.jpg 1140w\" sizes=\"auto, (max-width: 1280px) 100vw, 1280px\" \/><\/a><\/strong><\/p>\n<p>No se puede borrar de la mente de todos aquellos que pertenecemos a \u201cla generaci\u00f3n de la crisis\u201d, aquellos que, desde nuestros primeros d\u00edas de vida, sufrimos los estragos de recurrentes crisis econ\u00f3micas que pusieron las finanzas de nuestros hogares en serios predicamentos.<\/p>\n<p>Grandes crisis econ\u00f3micas han marcado la vida de nuestro pa\u00eds con devaluaciones de nuestra moneda; fuga de capitales; ausencia de inversi\u00f3n extranjera; desempleo; inflaci\u00f3n y endeudamiento gubernamental. La primera que recuerdo ocurri\u00f3 en 1976, al final del sexenio de Luis Echeverr\u00eda; despu\u00e9s, al final del sexenio de Jos\u00e9 L\u00f3pez Portillo, lleg\u00f3 otra turbulencia financiera; en 1994, en el sexenio de Ernesto Zedillo, lleg\u00f3 el famoso error de diciembre que ocasion\u00f3 una crisis en nuestro sistema bancario; con Felipe Calder\u00f3n en el Gobierno, sufrimos otra crisis en 2008.<\/p>\n<p>Los efectos de esas crisis econ\u00f3micas han sido devastadores, para los bolsillos de los ciudadanos de a pie, nuestros niveles de bienestar y calidad de vida sufrieron un deterioro importante, desde entonces nuestro pa\u00eds se convirti\u00f3 en un maquina productora de pobres y exportador de indocumentados a los Estados Unidos.<\/p>\n<p>Con la llegada del Gobierno de la Cuarta Transformaci\u00f3n, tras el triunfo en las urnas de Andr\u00e9s Manuel L\u00f3pez Obrador, diversos \u201cespecialistas\u201d pronosticaban una verdadera cat\u00e1strofe econ\u00f3mica y social; el peso devaluado ante el d\u00f3lar a 30 pesos por uno; fuga masiva de capitales y empresas; desempleo generalizado; escasez de los alimentos; manifestaciones en las calles debido a un gobierno socialista lleno de incapaces para mantener a flote la estabilidad.<\/p>\n<p>Han transcurrido ya seis a\u00f1os y cada a\u00f1o los agoreros de la desgracia siguen pintando un panorama, que afortunadamente no se ha cumplido. Aquella m\u00e1xima de crisis econ\u00f3micas anteriores que sentenciaba una pulmon\u00eda para M\u00e9xico, cuando a Estados Unidos le daba un catarro, no se ha cumplido, a pesar de que la pandemia del coronavirus, puso de cabeza la econom\u00eda de muchos pa\u00edses del orbe, entre los a\u00f1os 2020 al 2022. No es una mentira que la econom\u00eda de M\u00e9xico no creci\u00f3 como se esperaba en este periodo, pero comparada con otras econom\u00edas, a la nuestra, no le fue mal, la estabilidad se sostuvo, el d\u00f3lar por debajo de los 20 pesos; los niveles de empleo son aceptables y la inversi\u00f3n extranjera sigue llegando, el salario m\u00ednimo ha aumentado como nunca en la historia y 5 millones de mexicanos han salido de la pobreza, seg\u00fan datos del Consejo Nacional de Evaluaci\u00f3n de la Pol\u00edtica de Desarrollo Social.<\/p>\n<p>Aqu\u00ed en Sonora, el reciente anuncio del cierre de la planta Black and Decker en Hermosillo, ha levantado muchas de esas voces que parecen desear a gritos una crisis econ\u00f3mica para Sonora.<\/p>\n<p>La realidad es que Black and Decker cierra su planta en Hermosillo, pero mantiene su planta en Nogales y su cierre se debe a situaciones muy espec\u00edficas, m\u00e1s que a un fen\u00f3meno masivo.<\/p>\n<p>En el \u00faltimo a\u00f1o comprendido de abril de 2023 a abril de 2024, Sonora presenta un s\u00f3lido crecimiento del 11.6% en el sector industrial y manufactura, en los indicadores econ\u00f3micos recabados por el INEGI sobresaliendo sobre el resto de las entidades.\u00a0 Este liderazgo se refrenda en el mes de julio, se report\u00f3 la creaci\u00f3n de 600 nuevos empleos, indicador de que lo ocurrido en la planta de Black and Decker no es una golondrina que haga verano.<\/p>\n<p>Nuestra entidad ha tomado el liderazgo en el \u00faltimo par de a\u00f1os en la generaci\u00f3n de empleos entre los estados fronterizos.<\/p>\n<p>Estos datos no deben de segarnos ante el panorama de la econom\u00eda mundial, hay muestras de una econom\u00eda resistente en M\u00e9xico, pero no irrompible, la amenaza de recesi\u00f3n de la econom\u00eda norteamericana, marc\u00f3 un lunes negro que tumb\u00f3 muchas bolsas de valores en el mundo y le peg\u00f3 un llegue al peso mexicano, sin alcanzar niveles de cat\u00e1strofe.<\/p>\n<p>La pol\u00edtica econ\u00f3mica del pr\u00f3ximo Gobierno Federal que encabezar\u00e1 la doctora Claudia Sheinbaum, deber\u00e1 de tomar como una de sus prioridades, sobre todo con el contexto econ\u00f3mico global tan fr\u00e1gil.<\/p>\n<p>Lo mismo para el Gobernador Alfonso Durazo, que, con el Plan Sonora de Energ\u00eda bajo el brazo, deber\u00e1 de redoblar los esfuerzos de promoci\u00f3n econ\u00f3mica para la llegada de m\u00e1s inversiones al estado. No es f\u00e1cil la tarea, pero tampoco imposible.<\/p>\n<p><strong>MANUAL DE MALAS PR\u00c1CTICAS DE GOBERNANZA, PARA ECHAR A PERDER UN GOBIERNO <\/strong><\/p>\n<p>En San Luis R\u00edo Colorado se cumple aquel viejo proverbio atribuido a la inspiraci\u00f3n de Miguel de Cervantes, en su obra \u201cDon Quijote de la Mancha\u201d, en la que se\u00f1ala que \u201cnunca las segundas partes fueron buenas\u201d.<\/p>\n<p>Vaya que aplica para la desordenada gobernanza que sigue aplicando el Presidente Municipal Santos Gonz\u00e1lez Yescas, que cuando no sale de una, solito, se mete a otra, para estar en el centro de la pol\u00e9mica, en prejuicio de su administraci\u00f3n. El mun\u00edcipe pas\u00f3 de lo sublime, en su primer periodo al frente del Ayuntamiento de San Luis; a lo rid\u00edculo, en su segundo periodo, despu\u00e9s de conseguir la reelecci\u00f3n.<\/p>\n<p>Los primeros tres a\u00f1os de Santos Gonz\u00e1lez Yescas, fueron sobresalientes, aprovechando la inversi\u00f3n del Gobierno Federal en ciudades de la franja fronteriza, se dedic\u00f3 a realizar varias obras importantes de infraestructura y de corte social; tuvo una buena relaci\u00f3n con los medios de comunicaci\u00f3n y fue bien calificado por la ciudadan\u00eda, que le refrend\u00f3 su confianza en las urnas con su voto, para darle la reelecci\u00f3n como Presidente Municipal.<\/p>\n<p>Pero algo pas\u00f3 en el segundo trienio de Santos Gonz\u00e1lez Yescas, los avatares en el ejercicio del poder, complicaron mucho su gobierno. Se\u00f1alamientos de opacidad relacionados con aparentes casos de influyentismo y corrupci\u00f3n; enfrentamientos con la prensa; un incendio en un antro, que provoc\u00f3 la muerte de trece personas debido a supuestas omisiones de la autoridad, que dej\u00f3 un fuerte tufo de impunidad y el descontrol de la inseguridad p\u00fablica que oblig\u00f3 al Gobierno del Estado, a emitir un decreto para que la Polic\u00eda Estatal aplicara el Mando \u00danico y sustituya a la Polic\u00eda Municipal en tareas de seguridad, son el recuento de los da\u00f1os.<\/p>\n<p>Por si le hiciera falta abonar a la p\u00e9sima gobernanza en San Luis, el Presidente Municipal Santos Gonz\u00e1lez Yescas, volvi\u00f3 a ser nota nacional, no por una acci\u00f3n de gobierno acertada o de gran impacto social.<\/p>\n<p>No, en plena conferencia de prensa, sac\u00f3 el emperador que todos llevamos adentro y orden\u00f3 quitarle el micr\u00f3fono a un reportero de Meganoticias, que le realiz\u00f3 una pregunta, relacionada con la rendici\u00f3n de cuentas, en un caso de probable conflicto de intereses e influyentismo, sobre un supuesto pago a un medio de comunicaci\u00f3n, propiedad de su Director de Comunicaci\u00f3n Social. El intento de censura, qued\u00f3 grabado y los demonios se han soltado.<\/p>\n<p>Nunca las segundas partes fueron buenas, Don Santos Gonz\u00e1lez Yescas ha dictado durante tres a\u00f1os, un manual de malas pr\u00e1cticas de gobernanza, para echar a perder un gobierno municipal. Ni hablar.<\/p>\n<p><strong>DENUCIAN CONDICIONES DE UNIDAD DE HEMODI\u00c1LISIS DEL HOSPITAL DR FERNANDO OCARANZA DEL ISSSTE<\/strong><\/p>\n<p>Alrededor de 60 pacientes que viven en la zozobra y la desesperaci\u00f3n porque su esperanza de vida se les escapa como agua entre las manos, debido al abandono y las condiciones de m\u00ednima salubridad en la que se encuentra la unidad de hemodi\u00e1lisis del hospital Dr. Fernando Ocaranza del ISSSTE en Hermosillo.<\/p>\n<p>La situaci\u00f3n es real, es un drama que viven esos pacientes que tienen que lidiar a parte de su enfermedad, con la falta de elevador, falta de materiales y las condiciones poco dignas para la atenci\u00f3n de su salud.<\/p>\n<p>No es mala onda, contra los directivos de ese nosocomio, es la historia de un paciente, el colega Gustavo Valenzuela, que desde hace dos\u00a0 \u00a0a\u00f1os, viene padeciendo problemas graves de salud, ocasionados por efectos secundarios del covid y que, en estos momentos, lo tienen en protocolo de trasplante de ri\u00f1\u00f3n.<\/p>\n<p>Usted estimado lector, puede leer la desesperada denuncia de Gustavo Valenzuela, en este link <a href=\"https:\/\/paralosdeapie.com.mx\/2024\/08\/08\/hemodialisis-en-hospital-dr-fernando-ocaranza-del-issste-la-antesala-de-la-muerte\/\">https:\/\/paralosdeapie.com.mx\/2024\/08\/08\/hemodialisis-en-hospital-dr-fernando-ocaranza-del-issste-la-antesala-de-la-muerte\/<\/a> Aqu\u00ed mismo, el colega, realiza un ejercicio comparativo con otros hospitales del ISSSTE del pa\u00eds en los que ha permanecido y que tienen una condici\u00f3n muy diferente en instalaciones y servicios a la del Hospital Dr. Fernando Ocaranza \u00bfSer\u00e1 por la incompetencia de sus directivos en Sonora?<\/p>\n<p><strong>ANUNCIAN BAZAR ESCOLAR Y SALE CONVOCATORIA DE BECAS <\/strong><\/p>\n<p>Avanza el mes de agosto y ya se acerca el regreso a clases, el Gobierno del Estado est\u00e1 poniendo todas las condiciones para que estudiantes y padres de familia, se preparen para el nuevo ciclo escolar.<\/p>\n<p>Froyl\u00e1n G\u00e1mez Gamboa, titular de la Secretar\u00eda de Educaci\u00f3n y Cultura, reporta el avance en la dispersi\u00f3n del Programa de Uniformes Escolares Gratuitos para Alumnos de Escuelas P\u00fablicas de Educaci\u00f3n B\u00e1sica, cuya inversi\u00f3n para este a\u00f1o es de 303 millones de pesos.<\/p>\n<p>El eficiente titular del Instituto de Becas y Cr\u00e9dito Educativo, Man\u00fa Ca\u00f1ez, reporta avance en las convocatorias para distintos niveles educativos, del programa de Becas Sonora de Oportunidades, que tiene asignado para el presente a\u00f1o, un presupuesto de 750 millones de pesos.<\/p>\n<p>Desde el d\u00eda primero hasta el quince de agosto, se estar\u00e1n recibiendo las solicitudes de becas para alumnos de Universidades P\u00fablicas del estado, se espera beneficiar con una beca a m\u00e1s de 13 mil estudiantes universitarios.<\/p>\n<p>El Programa de Becas Sonora de Oportunidades, es uno de los m\u00e1s emblem\u00e1ticos de la administraci\u00f3n de Alfonso Durazo, mil 836 millones de pesos se han destinado para este programa en los primeros tres a\u00f1os de gobierno y la meta es que se dispersen en el \u00faltimo a\u00f1o de su administraci\u00f3n, 2 mil millones de pesos.<\/p>\n<p>Para cerrar la pinza, la Directora General del DIF Sonora, Lizeth V\u00e1squez, anunci\u00f3 la celebraci\u00f3n del Bazar Escolar 2024, a realizarse los d\u00edas 11 y 17 de agosto, en el Pabell\u00f3n de Pelota del CUM y en el gimnasio Ana Gabriela Guevara, respectivamente.<\/p>\n<p>En este Bazar Escolar, los padres de familia podr\u00e1n encontrar una completa variedad de \u00fatiles escolares, con hasta 40% por debajo de los precios del mercado.<\/p>\n<p>En este Bazar Escolar, el DIF Sonora se coordina con diferentes dependencias del Gobierno del Estado, para que ofrezcan sus servicios gratuitos a todos los asistentes que requieran, corte de pelo, credencial del transporte p\u00fablico, acta de nacimiento, ex\u00e1menes de la vista y otros servicios m\u00e1s.<\/p>\n<p><strong>RETAZOS INTERESANTES<\/strong><\/p>\n<p>1.- Por fin voltearon a ver a los mercados municipales de Hermosillo, Navojoa y Guaymas, para darles una buena remodelaci\u00f3n que les urg\u00eda desde hace varios a\u00f1os. El Gobierno del Estado aplica para la remodelaci\u00f3n del Mercado Municipal de Hermosillo, una inversi\u00f3n de 63 millones de pesos, 10 millones de pesos para el Mercado Municipal de Navojoa y 8 millones de pesos para el Mercado Municipal de Guaymas.<\/p>\n<p>2.- A prop\u00f3sito de rehabilitaciones, el Ayuntamiento de Guaymas que encabeza la doctora Karla C\u00f3rdova, ya abri\u00f3 en este verano, las puertas del Parque Infantil, que en estas vacaciones est\u00e1 recibiendo un promedio de mil 200 visitantes por semana. Sin duda que hac\u00eda falta un espacio seguro, funcional y divertido para el esparcimiento de la chamacada del puerto.<\/p>\n<p>Los invito a escuchar, SONORA EN RED NOTICIAS, en su nuevo horario a las 6 de la tarde, espacio que comparto con mi amigo Arturo Chapo Soto, por el 93.3 del cuadrante de F.M. informativo que tambi\u00e9n puede ser visto, por la se\u00f1al del canal 14 de Estrella Tucson TV, en todo el sur de Arizona.<\/p>\n<p>Podemos interactuar a trav\u00e9s de mi cuenta de Twitter @feroropeza20 o en mi correo electr\u00f3nico luiso@hmo.megared.net.mx<\/p>\n<p>&nbsp;<\/p>\n<p>&nbsp;<\/p>\n","protected":false},"excerpt":{"rendered":"<p>&nbsp; No se puede borrar de la mente de todos aquellos que pertenecemos a \u201cla generaci\u00f3n de la crisis\u201d, aquellos que, desde nuestros primeros d\u00edas de vida, sufrimos los estragos de recurrentes crisis econ\u00f3micas que pusieron las finanzas de nuestros hogares en serios predicamentos. Grandes crisis econ\u00f3micas han marcado la vida de nuestro pa\u00eds con [&hellip;]<\/p>\n","protected":false},"author":1,"featured_media":20688,"comment_status":"open","ping_status":"open","sticky":false,"template":"","format":"standard","meta":{"footnotes":""},"categories":[173],"tags":[],"class_list":["post"],"yoast_head":" \n<title>Econom\u00eda resistente - Periodista SoledadDurazo.com<\/title>\n<meta name=\"robots\" content=\"index, follow, max-snippet:-1, max-image-preview:large, max-video-preview:-1\" \/>\n<link rel=\"canonical\" href=\"https:\/\/soledaddurazo.com\/blog\/2024\/08\/09\/economia-resistente\/\" \/>\n<meta property=\"og:locale\" content=\"es_MX\" \/>\n<meta property=\"og:type\" content=\"article\" \/>\n<meta property=\"og:title\" content=\"Econom\u00eda resistente\" \/>\n<meta property=\"og:description\" content=\"&nbsp; No se puede borrar de la mente de todos aquellos que pertenecemos a \u201cla generaci\u00f3n de la crisis\u201d, aquellos que, desde nuestros primeros d\u00edas de vida, sufrimos los estragos de recurrentes crisis econ\u00f3micas que pusieron las finanzas de nuestros hogares en serios predicamentos. Grandes crisis econ\u00f3micas han marcado la vida de nuestro pa\u00eds con [&hellip;]\" \/>\n<meta property=\"og:url\" content=\"https:\/\/soledaddurazo.com\/blog\/2024\/08\/09\/economia-resistente\/\" \/>\n<meta property=\"og:site_name\" content=\"Periodista SoledadDurazo.com\" \/>\n<meta property=\"article:publisher\" content=\"https:\/\/www.facebook.com\/soledad.durazo.9\/\" \/>\n<meta property=\"article:published_time\" content=\"2024-08-09T17:44:30+00:00\" \/>\n<meta property=\"article:modified_time\" content=\"2024-08-09T17:45:02+00:00\" \/>\n<meta property=\"og:image\" content=\"https:\/\/soledaddurazo.com\/storage\/2024\/07\/9a-GRAFICO-FERNANDO-OROPEZA.jpeg\" \/>\n\t<meta property=\"og:image:width\" content=\"1092\" \/>\n\t<meta property=\"og:image:height\" content=\"983\" \/>\n<meta name=\"twitter:card\" content=\"summary_large_image\" \/>\n<meta name=\"twitter:creator\" content=\"@SoledadDurazo\" \/>\n<meta name=\"twitter:site\" content=\"@SoledadDurazo\" \/>\n<meta name=\"twitter:label1\" content=\"Escrito por\" \/>\n\t<meta name=\"twitter:data1\" content=\"Redacci\u00f3n\" \/>\n\t<meta name=\"twitter:label2\" content=\"Tiempo de lectura\" \/>\n\t<meta name=\"twitter:data2\" content=\"9 minutos\" \/>\n<script type=\"application\/ld+json\" class=\"yoast-schema-graph\">{\"@context\":\"https:\/\/schema.org\",\"@graph\":[{\"@type\":\"Organization\",\"@id\":\"https:\/\/soledaddurazo.com\/#organization\",\"name\":\"Soledad Durazo\",\"url\":\"https:\/\/soledaddurazo.com\/\",\"sameAs\":[\"https:\/\/www.facebook.com\/soledad.durazo.9\/\",\"https:\/\/www.instagram.com\/soledaddurazo\",\"https:\/\/www.youtube.com\/channel\/UC9yGPw8-Vbl_B2XNkRwPS-w\",\"https:\/\/twitter.com\/SoledadDurazo\"],\"logo\":{\"@type\":\"ImageObject\",\"@id\":\"https:\/\/soledaddurazo.com\/#logo\",\"inLanguage\":\"es\",\"url\":\"https:\/\/soledaddurazo.com\/storage\/2021\/11\/nllp-720x375-1-2.png\",\"contentUrl\":\"https:\/\/soledaddurazo.com\/storage\/2021\/11\/nllp-720x375-1-2.png\",\"width\":720,\"height\":375,\"caption\":\"Soledad Durazo\"},\"image\":{\"@id\":\"https:\/\/soledaddurazo.com\/#logo\"}},{\"@type\":\"WebSite\",\"@id\":\"https:\/\/soledaddurazo.com\/#website\",\"url\":\"https:\/\/soledaddurazo.com\/\",\"name\":\"Periodista SoledadDurazo.com\",\"description\":\"Periodista sonorense. Directora de www.SoledadDurazo.com Columnista, conductora de radio y Tv. Catedr\\u00e1tica en la UNISON\",\"publisher\":{\"@id\":\"https:\/\/soledaddurazo.com\/#organization\"},\"potentialAction\":[{\"@type\":\"SearchAction\",\"target\":{\"@type\":\"EntryPoint\",\"urlTemplate\":\"https:\/\/soledaddurazo.com\/?s={search_term_string}\"},\"query-input\":\"required name=search_term_string\"}],\"inLanguage\":\"es\"},{\"@type\":\"ImageObject\",\"@id\":\"https:\/\/soledaddurazo.com\/blog\/2024\/08\/09\/economia-resistente\/#primaryimage\",\"inLanguage\":\"es\",\"url\":\"https:\/\/soledaddurazo.com\/storage\/2024\/07\/9a-GRAFICO-FERNANDO-OROPEZA.jpeg\",\"contentUrl\":\"https:\/\/soledaddurazo.com\/storage\/2024\/07\/9a-GRAFICO-FERNANDO-OROPEZA.jpeg\",\"width\":1092,\"height\":983},{\"@type\":\"WebPage\",\"@id\":\"https:\/\/soledaddurazo.com\/blog\/2024\/08\/09\/economia-resistente\/#webpage\",\"url\":\"https:\/\/soledaddurazo.com\/blog\/2024\/08\/09\/economia-resistente\/\",\"name\":\"Econom\\u00eda resistente - Periodista SoledadDurazo.com\",\"isPartOf\":{\"@id\":\"https:\/\/soledaddurazo.com\/#website\"},\"primaryImageOfPage\":{\"@id\":\"https:\/\/soledaddurazo.com\/blog\/2024\/08\/09\/economia-resistente\/#primaryimage\"},\"datePublished\":\"2024-08-09T17:44:30+00:00\",\"dateModified\":\"2024-08-09T17:45:02+00:00\",\"breadcrumb\":{\"@id\":\"https:\/\/soledaddurazo.com\/blog\/2024\/08\/09\/economia-resistente\/#breadcrumb\"},\"inLanguage\":\"es\",\"potentialAction\":[{\"@type\":\"ReadAction\",\"target\":[\"https:\/\/soledaddurazo.com\/blog\/2024\/08\/09\/economia-resistente\/\"]}]},{\"@type\":\"BreadcrumbList\",\"@id\":\"https:\/\/soledaddurazo.com\/blog\/2024\/08\/09\/economia-resistente\/#breadcrumb\",\"itemListElement\":[{\"@type\":\"ListItem\",\"position\":1,\"name\":\"Home\",\"item\":\"https:\/\/soledaddurazo.com\/\"},{\"@type\":\"ListItem\",\"position\":2,\"name\":\"Econom\\u00eda resistente\"}]},{\"@type\":\"Article\",\"@id\":\"https:\/\/soledaddurazo.com\/blog\/2024\/08\/09\/economia-resistente\/#article\",\"isPartOf\":{\"@id\":\"https:\/\/soledaddurazo.com\/blog\/2024\/08\/09\/economia-resistente\/#webpage\"},\"author\":{\"@id\":\"https:\/\/soledaddurazo.com\/#\/schema\/person\/822d8e13aa288585e6546f179853758b\"},\"headline\":\"Econom\\u00eda resistente\",\"datePublished\":\"2024-08-09T17:44:30+00:00\",\"dateModified\":\"2024-08-09T17:45:02+00:00\",\"mainEntityOfPage\":{\"@id\":\"https:\/\/soledaddurazo.com\/blog\/2024\/08\/09\/economia-resistente\/#webpage\"},\"wordCount\":2018,\"commentCount\":0,\"publisher\":{\"@id\":\"https:\/\/soledaddurazo.com\/#organization\"},\"image\":{\"@id\":\"https:\/\/soledaddurazo.com\/blog\/2024\/08\/09\/economia-resistente\/#primaryimage\"},\"thumbnailUrl\":\"https:\/\/soledaddurazo.com\/storage\/2024\/07\/9a-GRAFICO-FERNANDO-OROPEZA.jpeg\",\"articleSection\":[\"Fernando Oropeza\"],\"inLanguage\":\"es\",\"potentialAction\":[{\"@type\":\"CommentAction\",\"name\":\"Comment\",\"target\":[\"https:\/\/soledaddurazo.com\/blog\/2024\/08\/09\/economia-resistente\/#respond\"]}]},{\"@type\":\"Person\",\"@id\":\"https:\/\/soledaddurazo.com\/#\/schema\/person\/822d8e13aa288585e6546f179853758b\",\"name\":\"Redacci\\u00f3n\",\"image\":{\"@type\":\"ImageObject\",\"@id\":\"https:\/\/soledaddurazo.com\/#personlogo\",\"inLanguage\":\"es\",\"url\":\"https:\/\/secure.gravatar.com\/avatar\/c4e193752f756fd61f04deebed3a3a20dc188d37edb53682d313ac57f2725d54?s=96&d=mm&r=g\",\"contentUrl\":\"https:\/\/secure.gravatar.com\/avatar\/c4e193752f756fd61f04deebed3a3a20dc188d37edb53682d313ac57f2725d54?s=96&d=mm&r=g\",\"caption\":\"Redacci\\u00f3n\"},\"sameAs\":[\"https:\/\/soledaddurazo.com\"]}]}<\/script>\n ","yoast_head_json":{"title":"Econom\u00eda resistente - Periodista SoledadDurazo.com","robots":{"index":"index","follow":"follow","max-snippet":"max-snippet:-1","max-image-preview":"max-image-preview:large","max-video-preview":"max-video-preview:-1"},"canonical":"https:\/\/soledaddurazo.com\/blog\/2024\/08\/09\/economia-resistente\/","og_locale":"es_MX","og_type":"article","og_title":"Econom\u00eda resistente","og_description":"&nbsp; No se puede borrar de la mente de todos aquellos que pertenecemos a \u201cla generaci\u00f3n de la crisis\u201d, aquellos que, desde nuestros primeros d\u00edas de vida, sufrimos los estragos de recurrentes crisis econ\u00f3micas que pusieron las finanzas de nuestros hogares en serios predicamentos. Grandes crisis econ\u00f3micas han marcado la vida de nuestro pa\u00eds con [&hellip;]","og_url":"https:\/\/soledaddurazo.com\/blog\/2024\/08\/09\/economia-resistente\/","og_site_name":"Periodista SoledadDurazo.com","article_publisher":"https:\/\/www.facebook.com\/soledad.durazo.9\/","article_published_time":"2024-08-09T17:44:30+00:00","article_modified_time":"2024-08-09T17:45:02+00:00","og_image":[{"width":1092,"height":983,"url":"https:\/\/soledaddurazo.com\/storage\/2024\/07\/9a-GRAFICO-FERNANDO-OROPEZA.jpeg","type":"image\/jpeg"}],"twitter_card":"summary_large_image","twitter_creator":"@SoledadDurazo","twitter_site":"@SoledadDurazo","twitter_misc":{"Escrito por":"Redacci\u00f3n","Tiempo de lectura":"9 minutos"},"schema":{"@context":"https:\/\/schema.org","@graph":[{"@type":"Organization","@id":"https:\/\/soledaddurazo.com\/#organization","name":"Soledad Durazo","url":"https:\/\/soledaddurazo.com\/","sameAs":["https:\/\/www.facebook.com\/soledad.durazo.9\/","https:\/\/www.instagram.com\/soledaddurazo","https:\/\/www.youtube.com\/channel\/UC9yGPw8-Vbl_B2XNkRwPS-w","https:\/\/twitter.com\/SoledadDurazo"],"logo":{"@type":"ImageObject","@id":"https:\/\/soledaddurazo.com\/#logo","inLanguage":"es","url":"https:\/\/soledaddurazo.com\/storage\/2021\/11\/nllp-720x375-1-2.png","contentUrl":"https:\/\/soledaddurazo.com\/storage\/2021\/11\/nllp-720x375-1-2.png","width":720,"height":375,"caption":"Soledad Durazo"},"image":{"@id":"https:\/\/soledaddurazo.com\/#logo"}},{"@type":"WebSite","@id":"https:\/\/soledaddurazo.com\/#website","url":"https:\/\/soledaddurazo.com\/","name":"Periodista SoledadDurazo.com","description":"Periodista sonorense. Directora de www.SoledadDurazo.com Columnista, conductora de radio y Tv. Catedr\u00e1tica en la UNISON","publisher":{"@id":"https:\/\/soledaddurazo.com\/#organization"},"potentialAction":[{"@type":"SearchAction","target":{"@type":"EntryPoint","urlTemplate":"https:\/\/soledaddurazo.com\/?s={search_term_string}"},"query-input":"required name=search_term_string"}],"inLanguage":"es"},{"@type":"ImageObject","@id":"https:\/\/soledaddurazo.com\/blog\/2024\/08\/09\/economia-resistente\/#primaryimage","inLanguage":"es","url":"https:\/\/soledaddurazo.com\/storage\/2024\/07\/9a-GRAFICO-FERNANDO-OROPEZA.jpeg","contentUrl":"https:\/\/soledaddurazo.com\/storage\/2024\/07\/9a-GRAFICO-FERNANDO-OROPEZA.jpeg","width":1092,"height":983},{"@type":"WebPage","@id":"https:\/\/soledaddurazo.com\/blog\/2024\/08\/09\/economia-resistente\/#webpage","url":"https:\/\/soledaddurazo.com\/blog\/2024\/08\/09\/economia-resistente\/","name":"Econom\u00eda resistente - Periodista SoledadDurazo.com","isPartOf":{"@id":"https:\/\/soledaddurazo.com\/#website"},"primaryImageOfPage":{"@id":"https:\/\/soledaddurazo.com\/blog\/2024\/08\/09\/economia-resistente\/#primaryimage"},"datePublished":"2024-08-09T17:44:30+00:00","dateModified":"2024-08-09T17:45:02+00:00","breadcrumb":{"@id":"https:\/\/soledaddurazo.com\/blog\/2024\/08\/09\/economia-resistente\/#breadcrumb"},"inLanguage":"es","potentialAction":[{"@type":"ReadAction","target":["https:\/\/soledaddurazo.com\/blog\/2024\/08\/09\/economia-resistente\/"]}]},{"@type":"BreadcrumbList","@id":"https:\/\/soledaddurazo.com\/blog\/2024\/08\/09\/economia-resistente\/#breadcrumb","itemListElement":[{"@type":"ListItem","position":1,"name":"Home","item":"https:\/\/soledaddurazo.com\/"},{"@type":"ListItem","position":2,"name":"Econom\u00eda resistente"}]},{"@type":"Article","@id":"https:\/\/soledaddurazo.com\/blog\/2024\/08\/09\/economia-resistente\/#article","isPartOf":{"@id":"https:\/\/soledaddurazo.com\/blog\/2024\/08\/09\/economia-resistente\/#webpage"},"author":{"@id":"https:\/\/soledaddurazo.com\/#\/schema\/person\/822d8e13aa288585e6546f179853758b"},"headline":"Econom\u00eda resistente","datePublished":"2024-08-09T17:44:30+00:00","dateModified":"2024-08-09T17:45:02+00:00","mainEntityOfPage":{"@id":"https:\/\/soledaddurazo.com\/blog\/2024\/08\/09\/economia-resistente\/#webpage"},"wordCount":2018,"commentCount":0,"publisher":{"@id":"https:\/\/soledaddurazo.com\/#organization"},"image":{"@id":"https:\/\/soledaddurazo.com\/blog\/2024\/08\/09\/economia-resistente\/#primaryimage"},"thumbnailUrl":"https:\/\/soledaddurazo.com\/storage\/2024\/07\/9a-GRAFICO-FERNANDO-OROPEZA.jpeg","articleSection":["Fernando Oropeza"],"inLanguage":"es","potentialAction":[{"@type":"CommentAction","name":"Comment","target":["https:\/\/soledaddurazo.com\/blog\/2024\/08\/09\/economia-resistente\/#respond"]}]},{"@type":"Person","@id":"https:\/\/soledaddurazo.com\/#\/schema\/person\/822d8e13aa288585e6546f179853758b","name":"Redacci\u00f3n","image":{"@type":"ImageObject","@id":"https:\/\/soledaddurazo.com\/#personlogo","inLanguage":"es","url":"https:\/\/secure.gravatar.com\/avatar\/c4e193752f756fd61f04deebed3a3a20dc188d37edb53682d313ac57f2725d54?s=96&d=mm&r=g","contentUrl":"https:\/\/secure.gravatar.com\/avatar\/c4e193752f756fd61f04deebed3a3a20dc188d37edb53682d313ac57f2725d54?s=96&d=mm&r=g","caption":"Redacci\u00f3n"},"sameAs":["https:\/\/soledaddurazo.com"]}]}},"_links":{"self":[{"href":"https:\/\/soledaddurazo.com\/api\/wp\/v2\/posts\/20810","targetHints":{"allow":["GET"]}}],"collection":[{"href":"https:\/\/soledaddurazo.com\/api\/wp\/v2\/posts"}],"about":[{"href":"https:\/\/soledaddurazo.com\/api\/wp\/v2\/types\/post"}],"author":[{"embeddable":true,"href":"https:\/\/soledaddurazo.com\/api\/wp\/v2\/users\/1"}],"replies":[{"embeddable":true,"href":"https:\/\/soledaddurazo.com\/api\/wp\/v2\/comments?post=20810"}],"version-history":[{"count":1,"href":"https:\/\/soledaddurazo.com\/api\/wp\/v2\/posts\/20810\/revisions"}],"predecessor-version":[{"id":20812,"href":"https:\/\/soledaddurazo.com\/api\/wp\/v2\/posts\/20810\/revisions\/20812"}],"wp:featuredmedia":[{"embeddable":true,"href":"https:\/\/soledaddurazo.com\/api\/wp\/v2\/media\/20688"}],"wp:attachment":[{"href":"https:\/\/soledaddurazo.com\/api\/wp\/v2\/media?parent=20810"}],"wp:term":[{"taxonomy":"category","embeddable":true,"href":"https:\/\/soledaddurazo.com\/api\/wp\/v2\/categories?post=20810"},{"taxonomy":"post_tag","embeddable":true,"href":"https:\/\/soledaddurazo.com\/api\/wp\/v2\/tags?post=20810"}],"curies":[{"name":"wp","href":"https:\/\/api.w.org\/{rel}","templated":true}]}}