{"id":20611,"date":"2024-07-10T18:54:58","date_gmt":"2024-07-11T01:54:58","guid":{"rendered":"https:\/\/soledaddurazo.com\/?p=20611"},"modified":"2024-07-10T18:54:58","modified_gmt":"2024-07-11T01:54:58","slug":"el-exilio-de-calles-y-dos-expresidentes","status":"publish","type":"post","link":"https:\/\/soledaddurazo.com\/blog\/2024\/07\/10\/el-exilio-de-calles-y-dos-expresidentes\/","title":{"rendered":"El Exilio de Calles y Dos Expresidentes"},"content":{"rendered":"<p>&nbsp;<\/p>\n<div class=\"c pg-1x0 pg-1y1 pg-1w2 pg-1h2\">\n<div class=\"t pg-1m0 pg-1x1 pg-1h3 pg-1y2 pg-1ff1 pg-1fs0 pg-1fc0 pg-1sc0 pg-1ls0 pg-1ws0\">R \u00c1 F A G A<\/div>\n<ul>\n<li class=\"t pg-1m0 pg-1x2 pg-1h4 pg-1y3 pg-1ff1 pg-1fs1 pg-1fc0 pg-1sc0 pg-1ls0 pg-1ws0\">El Exilio de Calles y Dos Expresidentes Embajadores<\/li>\n<\/ul>\n<div class=\"t pg-1m0 pg-1x3 pg-1h5 pg-1y4 pg-1ff2 pg-1fs2 pg-1fc0 pg-1sc0 pg-1ls0 pg-1ws0\">(Nombramientos Del Pr\u00f3ximo Gabinete)<\/div>\n<div class=\"t pg-1m0 pg-1x4 pg-1h5 pg-1y5 pg-1ff2 pg-1fs2 pg-1fc0 pg-1sc0 pg-1ls0 pg-1ws0\">La Reacci\u00f3n del Presidente L. C\u00e1rdenas en 1936<\/div>\n<div class=\"t pg-1m0 pg-1x5 pg-1h5 pg-1y6 pg-1ff2 pg-1fs2 pg-1fc0 pg-1sc0 pg-1ls0 pg-1ws0\">Echeverr\u00eda a Las Islas Fiji y a la UNESCO, por JLP<\/div>\n<div class=\"t pg-1m0 pg-1x4 pg-1h5 pg-1y7 pg-1ff2 pg-1fs2 pg-1fc0 pg-1sc0 pg-1ls0 pg-1ws0\">G. D\u00edaz Ordaz, Once D\u00edas Embajador en Espa\u00f1a<\/div>\n<div class=\"t pg-1m0 pg-1x6 pg-1h6 pg-1y8 pg-1ff1 pg-1fs2 pg-1fc0 pg-1sc0 pg-1ls0 pg-1ws0\">JORGE HERRERA VALENZUELA<\/div>\n<div class=\"t pg-1m0 pg-1x1 pg-1h6 pg-1y9 pg-1ff1 pg-1fs2 pg-1fc0 pg-1sc0 pg-1ls0 pg-1ws0\">\u201cLos que pasan por la primera magistratura del Pa\u00eds, no deben de<\/div>\n<div class=\"t pg-1m0 pg-1x1 pg-1h6 pg-1ya pg-1ff1 pg-1fs2 pg-1fc0 pg-1sc0 pg-1ls0 pg-1ws0\">aspirar a representar mayor autoridad que al que )ene la<\/div>\n<div class=\"t pg-1m0 pg-1x1 pg-1h6 pg-1yb pg-1ff1 pg-1fs2 pg-1fc0 pg-1sc0 pg-1ls0 pg-1ws0\">responsabilidad cons)tucional\u201d.<\/div>\n<div class=\"t pg-1m0 pg-1x1 pg-1h6 pg-1yc pg-1ff3 pg-1fs2 pg-1fc0 pg-1sc0 pg-1ls0 pg-1ws0\">Esas palabras est\u00e1n en los apuntes redactados por el general <span class=\"pg-1ff1\">L\u00e1zaro <\/span><\/div>\n<div class=\"t pg-1m0 pg-1x1 pg-1h6 pg-1yd pg-1ff1 pg-1fs2 pg-1fc0 pg-1sc0 pg-1ls0 pg-1ws0\">C\u00e1rdenas del R\u00edo<span class=\"pg-1ff3\">.<\/span><\/div>\n<div class=\"t pg-1m0 pg-1x1 pg-1h6 pg-1ye pg-1ff3 pg-1fs2 pg-1fc0 pg-1sc0 pg-1ls0 pg-1ws0\">Encierran una irrefutable verdad.<\/div>\n<div class=\"t pg-1m0 pg-1x1 pg-1h6 pg-1yf pg-1ff3 pg-1fs2 pg-1fc0 pg-1sc0 pg-1ls0 pg-1ws0\">Las aplic\u00f3 al enviar al exilio a su antecesor, el general y profesor<\/div>\n<div class=\"t pg-1m0 pg-1x1 pg-1h6 pg-1y10 pg-1ff1 pg-1fs2 pg-1fc0 pg-1sc0 pg-1ls0 pg-1ws0\">Plutarco El\u00edas Calles<span class=\"pg-1ff3\"> y tres de sus colaboradores <\/span>Luis L. Le\u00f3n, Luis<\/div>\n<div class=\"t pg-1m0 pg-1x1 pg-1h6 pg-1y11 pg-1ff1 pg-1fs2 pg-1fc0 pg-1sc0 pg-1ls0 pg-1ws0\">N. Morones y Melchor Ortega<span class=\"pg-1ff3\">, en abril de 1936.<\/span><\/div>\n<div class=\"t pg-1m0 pg-1x1 pg-1h6 pg-1y12 pg-1ff3 pg-1fs2 pg-1fc0 pg-1sc0 pg-1ls0 pg-1ws0\">En 1977 el presidente <span class=\"pg-1ff1\">Jos\u00e9 L\u00f3pez Por)llo y Pacheco<\/span>, basado en<\/div>\n<div class=\"t pg-1m0 pg-1x1 pg-1h6 pg-1y13 pg-1ff3 pg-1fs2 pg-1fc0 pg-1sc0 pg-1ls0 pg-1ws0\">diferentes mo!vos y sin relaci\u00f3n entre los mismos, design\u00f3 a dos de<\/div>\n<div class=\"t pg-1m0 pg-1x1 pg-1h6 pg-1y14 pg-1ff3 pg-1fs2 pg-1fc0 pg-1sc0 pg-1ls0 pg-1ws0\">sus antecesores como embajadores. <span class=\"pg-1ff1\">Luis Echeverr\u00eda \u00c1lvarez y <\/span><\/div>\n<div class=\"t pg-1m0 pg-1x1 pg-1h6 pg-1y15 pg-1ff1 pg-1fs2 pg-1fc0 pg-1sc0 pg-1ls0 pg-1ws0\">Gustavo D\u00edaz Ordaz Bola\u00f1os. <span class=\"pg-1ff3\">El poblano cumpli\u00f3 su misi\u00f3n en <\/span><\/div>\n<div class=\"t pg-1m0 pg-1x1 pg-1h6 pg-1y16 pg-1ff3 pg-1fs2 pg-1fc0 pg-1sc0 pg-1ls0 pg-1ws0\">Espa\u00f1a, \u00fanicamente once d\u00edas.<\/div>\n<div class=\"t pg-1m0 pg-1x1 pg-1h6 pg-1y17 pg-1ff3 pg-1fs2 pg-1fc0 pg-1sc0 pg-1ls0 pg-1ws0\">Comento que el sonorense, \u201cJefe M\u00e1ximo de la Revoluci\u00f3n<\/div>\n<div class=\"t pg-1m0 pg-1x1 pg-1h6 pg-1y18 pg-1ff3 pg-1fs2 pg-1fc0 pg-1sc0 pg-1ls0 pg-1ws0\">Mexicana\u201d, no repar\u00f3 en declarar contra la pol\u00ed!ca que ejerc\u00eda el<\/div>\n<div class=\"t pg-1m0 pg-1x1 pg-1h6 pg-1y19 pg-1ff3 pg-1fs2 pg-1fc0 pg-1sc0 pg-1ls0 pg-1ws0\">michoacano.<\/div>\n<\/div>\n","protected":false},"excerpt":{"rendered":"<p>&nbsp; R \u00c1 F A G A El Exilio de Calles y Dos Expresidentes Embajadores (Nombramientos Del Pr\u00f3ximo Gabinete) La Reacci\u00f3n del Presidente L. C\u00e1rdenas en 1936 Echeverr\u00eda a Las Islas Fiji y a la UNESCO, por JLP G. D\u00edaz Ordaz, Once D\u00edas Embajador en Espa\u00f1a JORGE HERRERA VALENZUELA \u201cLos que pasan por la primera [&hellip;]<\/p>\n","protected":false},"author":1,"featured_media":17715,"comment_status":"open","ping_status":"open","sticky":false,"template":"","format":"standard","meta":{"footnotes":""},"categories":[172],"tags":[],"class_list":["post"],"yoast_head":" \n<title>El Exilio de Calles y Dos Expresidentes - Periodista SoledadDurazo.com<\/title>\n<meta name=\"robots\" content=\"index, follow, max-snippet:-1, max-image-preview:large, max-video-preview:-1\" \/>\n<link rel=\"canonical\" href=\"https:\/\/soledaddurazo.com\/blog\/2024\/07\/10\/el-exilio-de-calles-y-dos-expresidentes\/\" \/>\n<meta property=\"og:locale\" content=\"es_MX\" \/>\n<meta property=\"og:type\" content=\"article\" \/>\n<meta property=\"og:title\" content=\"El Exilio de Calles y Dos Expresidentes\" \/>\n<meta property=\"og:description\" content=\"&nbsp; R \u00c1 F A G A El Exilio de Calles y Dos Expresidentes Embajadores (Nombramientos Del Pr\u00f3ximo Gabinete) La Reacci\u00f3n del Presidente L. C\u00e1rdenas en 1936 Echeverr\u00eda a Las Islas Fiji y a la UNESCO, por JLP G. D\u00edaz Ordaz, Once D\u00edas Embajador en Espa\u00f1a JORGE HERRERA VALENZUELA \u201cLos que pasan por la primera [&hellip;]\" \/>\n<meta property=\"og:url\" content=\"https:\/\/soledaddurazo.com\/blog\/2024\/07\/10\/el-exilio-de-calles-y-dos-expresidentes\/\" \/>\n<meta property=\"og:site_name\" content=\"Periodista SoledadDurazo.com\" \/>\n<meta property=\"article:publisher\" content=\"https:\/\/www.facebook.com\/soledad.durazo.9\/\" \/>\n<meta property=\"article:published_time\" content=\"2024-07-11T01:54:58+00:00\" \/>\n<meta property=\"og:image\" content=\"https:\/\/soledaddurazo.com\/storage\/2023\/05\/jorge-herrera.png\" \/>\n\t<meta property=\"og:image:width\" content=\"758\" \/>\n\t<meta property=\"og:image:height\" content=\"974\" \/>\n<meta name=\"twitter:card\" content=\"summary_large_image\" \/>\n<meta name=\"twitter:creator\" content=\"@SoledadDurazo\" \/>\n<meta name=\"twitter:site\" content=\"@SoledadDurazo\" \/>\n<meta name=\"twitter:label1\" content=\"Escrito por\" \/>\n\t<meta name=\"twitter:data1\" content=\"Redacci\u00f3n\" \/>\n\t<meta name=\"twitter:label2\" content=\"Tiempo de lectura\" \/>\n\t<meta name=\"twitter:data2\" content=\"1 minuto\" \/>\n<script type=\"application\/ld+json\" class=\"yoast-schema-graph\">{\"@context\":\"https:\/\/schema.org\",\"@graph\":[{\"@type\":\"Organization\",\"@id\":\"https:\/\/soledaddurazo.com\/#organization\",\"name\":\"Soledad Durazo\",\"url\":\"https:\/\/soledaddurazo.com\/\",\"sameAs\":[\"https:\/\/www.facebook.com\/soledad.durazo.9\/\",\"https:\/\/www.instagram.com\/soledaddurazo\",\"https:\/\/www.youtube.com\/channel\/UC9yGPw8-Vbl_B2XNkRwPS-w\",\"https:\/\/twitter.com\/SoledadDurazo\"],\"logo\":{\"@type\":\"ImageObject\",\"@id\":\"https:\/\/soledaddurazo.com\/#logo\",\"inLanguage\":\"es\",\"url\":\"https:\/\/soledaddurazo.com\/storage\/2021\/11\/nllp-720x375-1-2.png\",\"contentUrl\":\"https:\/\/soledaddurazo.com\/storage\/2021\/11\/nllp-720x375-1-2.png\",\"width\":720,\"height\":375,\"caption\":\"Soledad Durazo\"},\"image\":{\"@id\":\"https:\/\/soledaddurazo.com\/#logo\"}},{\"@type\":\"WebSite\",\"@id\":\"https:\/\/soledaddurazo.com\/#website\",\"url\":\"https:\/\/soledaddurazo.com\/\",\"name\":\"Periodista SoledadDurazo.com\",\"description\":\"Periodista sonorense. Directora de www.SoledadDurazo.com Columnista, conductora de radio y Tv. Catedr\\u00e1tica en la UNISON\",\"publisher\":{\"@id\":\"https:\/\/soledaddurazo.com\/#organization\"},\"potentialAction\":[{\"@type\":\"SearchAction\",\"target\":{\"@type\":\"EntryPoint\",\"urlTemplate\":\"https:\/\/soledaddurazo.com\/?s={search_term_string}\"},\"query-input\":\"required name=search_term_string\"}],\"inLanguage\":\"es\"},{\"@type\":\"ImageObject\",\"@id\":\"https:\/\/soledaddurazo.com\/blog\/2024\/07\/10\/el-exilio-de-calles-y-dos-expresidentes\/#primaryimage\",\"inLanguage\":\"es\",\"url\":\"https:\/\/soledaddurazo.com\/storage\/2023\/05\/jorge-herrera.png\",\"contentUrl\":\"https:\/\/soledaddurazo.com\/storage\/2023\/05\/jorge-herrera.png\",\"width\":758,\"height\":974},{\"@type\":\"WebPage\",\"@id\":\"https:\/\/soledaddurazo.com\/blog\/2024\/07\/10\/el-exilio-de-calles-y-dos-expresidentes\/#webpage\",\"url\":\"https:\/\/soledaddurazo.com\/blog\/2024\/07\/10\/el-exilio-de-calles-y-dos-expresidentes\/\",\"name\":\"El Exilio de Calles y Dos Expresidentes - Periodista SoledadDurazo.com\",\"isPartOf\":{\"@id\":\"https:\/\/soledaddurazo.com\/#website\"},\"primaryImageOfPage\":{\"@id\":\"https:\/\/soledaddurazo.com\/blog\/2024\/07\/10\/el-exilio-de-calles-y-dos-expresidentes\/#primaryimage\"},\"datePublished\":\"2024-07-11T01:54:58+00:00\",\"dateModified\":\"2024-07-11T01:54:58+00:00\",\"breadcrumb\":{\"@id\":\"https:\/\/soledaddurazo.com\/blog\/2024\/07\/10\/el-exilio-de-calles-y-dos-expresidentes\/#breadcrumb\"},\"inLanguage\":\"es\",\"potentialAction\":[{\"@type\":\"ReadAction\",\"target\":[\"https:\/\/soledaddurazo.com\/blog\/2024\/07\/10\/el-exilio-de-calles-y-dos-expresidentes\/\"]}]},{\"@type\":\"BreadcrumbList\",\"@id\":\"https:\/\/soledaddurazo.com\/blog\/2024\/07\/10\/el-exilio-de-calles-y-dos-expresidentes\/#breadcrumb\",\"itemListElement\":[{\"@type\":\"ListItem\",\"position\":1,\"name\":\"Home\",\"item\":\"https:\/\/soledaddurazo.com\/\"},{\"@type\":\"ListItem\",\"position\":2,\"name\":\"El Exilio de Calles y Dos Expresidentes\"}]},{\"@type\":\"Article\",\"@id\":\"https:\/\/soledaddurazo.com\/blog\/2024\/07\/10\/el-exilio-de-calles-y-dos-expresidentes\/#article\",\"isPartOf\":{\"@id\":\"https:\/\/soledaddurazo.com\/blog\/2024\/07\/10\/el-exilio-de-calles-y-dos-expresidentes\/#webpage\"},\"author\":{\"@id\":\"https:\/\/soledaddurazo.com\/#\/schema\/person\/822d8e13aa288585e6546f179853758b\"},\"headline\":\"El Exilio de Calles y Dos Expresidentes\",\"datePublished\":\"2024-07-11T01:54:58+00:00\",\"dateModified\":\"2024-07-11T01:54:58+00:00\",\"mainEntityOfPage\":{\"@id\":\"https:\/\/soledaddurazo.com\/blog\/2024\/07\/10\/el-exilio-de-calles-y-dos-expresidentes\/#webpage\"},\"wordCount\":223,\"commentCount\":0,\"publisher\":{\"@id\":\"https:\/\/soledaddurazo.com\/#organization\"},\"image\":{\"@id\":\"https:\/\/soledaddurazo.com\/blog\/2024\/07\/10\/el-exilio-de-calles-y-dos-expresidentes\/#primaryimage\"},\"thumbnailUrl\":\"https:\/\/soledaddurazo.com\/storage\/2023\/05\/jorge-herrera.png\",\"articleSection\":[\"Jorge Herrera\"],\"inLanguage\":\"es\",\"potentialAction\":[{\"@type\":\"CommentAction\",\"name\":\"Comment\",\"target\":[\"https:\/\/soledaddurazo.com\/blog\/2024\/07\/10\/el-exilio-de-calles-y-dos-expresidentes\/#respond\"]}]},{\"@type\":\"Person\",\"@id\":\"https:\/\/soledaddurazo.com\/#\/schema\/person\/822d8e13aa288585e6546f179853758b\",\"name\":\"Redacci\\u00f3n\",\"image\":{\"@type\":\"ImageObject\",\"@id\":\"https:\/\/soledaddurazo.com\/#personlogo\",\"inLanguage\":\"es\",\"url\":\"https:\/\/secure.gravatar.com\/avatar\/c4e193752f756fd61f04deebed3a3a20dc188d37edb53682d313ac57f2725d54?s=96&d=mm&r=g\",\"contentUrl\":\"https:\/\/secure.gravatar.com\/avatar\/c4e193752f756fd61f04deebed3a3a20dc188d37edb53682d313ac57f2725d54?s=96&d=mm&r=g\",\"caption\":\"Redacci\\u00f3n\"},\"sameAs\":[\"https:\/\/soledaddurazo.com\"]}]}<\/script>\n ","yoast_head_json":{"title":"El Exilio de Calles y Dos Expresidentes - Periodista SoledadDurazo.com","robots":{"index":"index","follow":"follow","max-snippet":"max-snippet:-1","max-image-preview":"max-image-preview:large","max-video-preview":"max-video-preview:-1"},"canonical":"https:\/\/soledaddurazo.com\/blog\/2024\/07\/10\/el-exilio-de-calles-y-dos-expresidentes\/","og_locale":"es_MX","og_type":"article","og_title":"El Exilio de Calles y Dos Expresidentes","og_description":"&nbsp; R \u00c1 F A G A El Exilio de Calles y Dos Expresidentes Embajadores (Nombramientos Del Pr\u00f3ximo Gabinete) La Reacci\u00f3n del Presidente L. C\u00e1rdenas en 1936 Echeverr\u00eda a Las Islas Fiji y a la UNESCO, por JLP G. D\u00edaz Ordaz, Once D\u00edas Embajador en Espa\u00f1a JORGE HERRERA VALENZUELA \u201cLos que pasan por la primera [&hellip;]","og_url":"https:\/\/soledaddurazo.com\/blog\/2024\/07\/10\/el-exilio-de-calles-y-dos-expresidentes\/","og_site_name":"Periodista SoledadDurazo.com","article_publisher":"https:\/\/www.facebook.com\/soledad.durazo.9\/","article_published_time":"2024-07-11T01:54:58+00:00","og_image":[{"width":758,"height":974,"url":"https:\/\/soledaddurazo.com\/storage\/2023\/05\/jorge-herrera.png","type":"image\/png"}],"twitter_card":"summary_large_image","twitter_creator":"@SoledadDurazo","twitter_site":"@SoledadDurazo","twitter_misc":{"Escrito por":"Redacci\u00f3n","Tiempo de lectura":"1 minuto"},"schema":{"@context":"https:\/\/schema.org","@graph":[{"@type":"Organization","@id":"https:\/\/soledaddurazo.com\/#organization","name":"Soledad Durazo","url":"https:\/\/soledaddurazo.com\/","sameAs":["https:\/\/www.facebook.com\/soledad.durazo.9\/","https:\/\/www.instagram.com\/soledaddurazo","https:\/\/www.youtube.com\/channel\/UC9yGPw8-Vbl_B2XNkRwPS-w","https:\/\/twitter.com\/SoledadDurazo"],"logo":{"@type":"ImageObject","@id":"https:\/\/soledaddurazo.com\/#logo","inLanguage":"es","url":"https:\/\/soledaddurazo.com\/storage\/2021\/11\/nllp-720x375-1-2.png","contentUrl":"https:\/\/soledaddurazo.com\/storage\/2021\/11\/nllp-720x375-1-2.png","width":720,"height":375,"caption":"Soledad Durazo"},"image":{"@id":"https:\/\/soledaddurazo.com\/#logo"}},{"@type":"WebSite","@id":"https:\/\/soledaddurazo.com\/#website","url":"https:\/\/soledaddurazo.com\/","name":"Periodista SoledadDurazo.com","description":"Periodista sonorense. Directora de www.SoledadDurazo.com Columnista, conductora de radio y Tv. Catedr\u00e1tica en la UNISON","publisher":{"@id":"https:\/\/soledaddurazo.com\/#organization"},"potentialAction":[{"@type":"SearchAction","target":{"@type":"EntryPoint","urlTemplate":"https:\/\/soledaddurazo.com\/?s={search_term_string}"},"query-input":"required name=search_term_string"}],"inLanguage":"es"},{"@type":"ImageObject","@id":"https:\/\/soledaddurazo.com\/blog\/2024\/07\/10\/el-exilio-de-calles-y-dos-expresidentes\/#primaryimage","inLanguage":"es","url":"https:\/\/soledaddurazo.com\/storage\/2023\/05\/jorge-herrera.png","contentUrl":"https:\/\/soledaddurazo.com\/storage\/2023\/05\/jorge-herrera.png","width":758,"height":974},{"@type":"WebPage","@id":"https:\/\/soledaddurazo.com\/blog\/2024\/07\/10\/el-exilio-de-calles-y-dos-expresidentes\/#webpage","url":"https:\/\/soledaddurazo.com\/blog\/2024\/07\/10\/el-exilio-de-calles-y-dos-expresidentes\/","name":"El Exilio de Calles y Dos Expresidentes - Periodista SoledadDurazo.com","isPartOf":{"@id":"https:\/\/soledaddurazo.com\/#website"},"primaryImageOfPage":{"@id":"https:\/\/soledaddurazo.com\/blog\/2024\/07\/10\/el-exilio-de-calles-y-dos-expresidentes\/#primaryimage"},"datePublished":"2024-07-11T01:54:58+00:00","dateModified":"2024-07-11T01:54:58+00:00","breadcrumb":{"@id":"https:\/\/soledaddurazo.com\/blog\/2024\/07\/10\/el-exilio-de-calles-y-dos-expresidentes\/#breadcrumb"},"inLanguage":"es","potentialAction":[{"@type":"ReadAction","target":["https:\/\/soledaddurazo.com\/blog\/2024\/07\/10\/el-exilio-de-calles-y-dos-expresidentes\/"]}]},{"@type":"BreadcrumbList","@id":"https:\/\/soledaddurazo.com\/blog\/2024\/07\/10\/el-exilio-de-calles-y-dos-expresidentes\/#breadcrumb","itemListElement":[{"@type":"ListItem","position":1,"name":"Home","item":"https:\/\/soledaddurazo.com\/"},{"@type":"ListItem","position":2,"name":"El Exilio de Calles y Dos Expresidentes"}]},{"@type":"Article","@id":"https:\/\/soledaddurazo.com\/blog\/2024\/07\/10\/el-exilio-de-calles-y-dos-expresidentes\/#article","isPartOf":{"@id":"https:\/\/soledaddurazo.com\/blog\/2024\/07\/10\/el-exilio-de-calles-y-dos-expresidentes\/#webpage"},"author":{"@id":"https:\/\/soledaddurazo.com\/#\/schema\/person\/822d8e13aa288585e6546f179853758b"},"headline":"El Exilio de Calles y Dos Expresidentes","datePublished":"2024-07-11T01:54:58+00:00","dateModified":"2024-07-11T01:54:58+00:00","mainEntityOfPage":{"@id":"https:\/\/soledaddurazo.com\/blog\/2024\/07\/10\/el-exilio-de-calles-y-dos-expresidentes\/#webpage"},"wordCount":223,"commentCount":0,"publisher":{"@id":"https:\/\/soledaddurazo.com\/#organization"},"image":{"@id":"https:\/\/soledaddurazo.com\/blog\/2024\/07\/10\/el-exilio-de-calles-y-dos-expresidentes\/#primaryimage"},"thumbnailUrl":"https:\/\/soledaddurazo.com\/storage\/2023\/05\/jorge-herrera.png","articleSection":["Jorge Herrera"],"inLanguage":"es","potentialAction":[{"@type":"CommentAction","name":"Comment","target":["https:\/\/soledaddurazo.com\/blog\/2024\/07\/10\/el-exilio-de-calles-y-dos-expresidentes\/#respond"]}]},{"@type":"Person","@id":"https:\/\/soledaddurazo.com\/#\/schema\/person\/822d8e13aa288585e6546f179853758b","name":"Redacci\u00f3n","image":{"@type":"ImageObject","@id":"https:\/\/soledaddurazo.com\/#personlogo","inLanguage":"es","url":"https:\/\/secure.gravatar.com\/avatar\/c4e193752f756fd61f04deebed3a3a20dc188d37edb53682d313ac57f2725d54?s=96&d=mm&r=g","contentUrl":"https:\/\/secure.gravatar.com\/avatar\/c4e193752f756fd61f04deebed3a3a20dc188d37edb53682d313ac57f2725d54?s=96&d=mm&r=g","caption":"Redacci\u00f3n"},"sameAs":["https:\/\/soledaddurazo.com"]}]}},"_links":{"self":[{"href":"https:\/\/soledaddurazo.com\/api\/wp\/v2\/posts\/20611","targetHints":{"allow":["GET"]}}],"collection":[{"href":"https:\/\/soledaddurazo.com\/api\/wp\/v2\/posts"}],"about":[{"href":"https:\/\/soledaddurazo.com\/api\/wp\/v2\/types\/post"}],"author":[{"embeddable":true,"href":"https:\/\/soledaddurazo.com\/api\/wp\/v2\/users\/1"}],"replies":[{"embeddable":true,"href":"https:\/\/soledaddurazo.com\/api\/wp\/v2\/comments?post=20611"}],"version-history":[{"count":1,"href":"https:\/\/soledaddurazo.com\/api\/wp\/v2\/posts\/20611\/revisions"}],"predecessor-version":[{"id":20613,"href":"https:\/\/soledaddurazo.com\/api\/wp\/v2\/posts\/20611\/revisions\/20613"}],"wp:featuredmedia":[{"embeddable":true,"href":"https:\/\/soledaddurazo.com\/api\/wp\/v2\/media\/17715"}],"wp:attachment":[{"href":"https:\/\/soledaddurazo.com\/api\/wp\/v2\/media?parent=20611"}],"wp:term":[{"taxonomy":"category","embeddable":true,"href":"https:\/\/soledaddurazo.com\/api\/wp\/v2\/categories?post=20611"},{"taxonomy":"post_tag","embeddable":true,"href":"https:\/\/soledaddurazo.com\/api\/wp\/v2\/tags?post=20611"}],"curies":[{"name":"wp","href":"https:\/\/api.w.org\/{rel}","templated":true}]}}