{"id":20607,"date":"2024-07-09T18:39:12","date_gmt":"2024-07-10T01:39:12","guid":{"rendered":"https:\/\/soledaddurazo.com\/?p=20607"},"modified":"2024-07-09T18:39:12","modified_gmt":"2024-07-10T01:39:12","slug":"compromiso-con-la-continuidad","status":"publish","type":"post","link":"https:\/\/soledaddurazo.com\/blog\/2024\/07\/09\/compromiso-con-la-continuidad\/","title":{"rendered":"Compromiso con la continuidad"},"content":{"rendered":"<p><a href=\"https:\/\/soledaddurazo.com\/storage\/2024\/07\/4.jpg\"><img loading=\"lazy\" decoding=\"async\" class=\"aligncenter size-full wp-image-20608\" src=\"https:\/\/soledaddurazo.com\/storage\/2024\/07\/4.jpg\" alt=\"\" width=\"275\" height=\"183\" \/><\/a><\/p>\n<p><strong>\u00a0<\/strong><\/p>\n<p>Se cumpli\u00f3 la agenda completa de una nueva gira presidencial por nuestro estado, Andr\u00e9s Manuel L\u00f3pez Obrador es el Presidente que m\u00e1s veces ha visitado Sonora.<\/p>\n<p>Acompa\u00f1ado de la Presidenta electa Claudia Sheinbaun y del Gobernador Alfonso Durazo, que fue el anfitri\u00f3n, el mandatario realiz\u00f3 la supervisi\u00f3n de las obras m\u00e1s importantes impulsadas por su gobierno en nuestro estado, visit\u00f3 la planta fotovoltaica en Puerto Pe\u00f1asco y los avances de la modernizaci\u00f3n del Puerto de Guaymas que forman parte del Plan Sonora de Energ\u00eda; las obras que comprenden los Planes de Justicia para la tribu Seri y para la tribu Yaqui.<\/p>\n<p>Son miles de millones de pesos, los que el Gobierno encabezado por Andr\u00e9s Manuel L\u00f3pez Obrador invierte en Sonora, solo en le Plan de Justicia Yaqui, se han invertido m\u00e1s de 15 mil millones de pesos para la construcci\u00f3n de infraestructura hospitalaria, educativa, mejora de vivienda, mejora de infraestructura sanitaria e hidr\u00e1ulica, adem\u00e1s de la restituci\u00f3n de m\u00e1s de 50 mil hect\u00e1reas.<\/p>\n<p>Desde el segundo d\u00eda de la gira de trabajo, frente a autoridades y miembros de la tribu Seri en la comunidad de El Desemboque, Claudia Sheinbaum se comprometi\u00f3 a continuar con el humanismo mexicano y su principio rector, por el bien de M\u00e9xico, primero los pobres. En esta tarea continuista, se incluyen las obras que comprenden el Plan Sonora de Energ\u00eda, que, curiosamente, son uno de los temas de inter\u00e9s para la doctora Sheinbaum y que, por razones obvias, se entiende ser\u00e1n unas de las prioridades a impulsar en su gobierno.<\/p>\n<p>En estos tres d\u00edas de agenda de trabajo, en los que se cubrieron los recorridos por la v\u00eda terrestre, destacando la distinci\u00f3n de los Gobernadores de la tribu Yaqui al liderazgo de Claudia Sheinbaum, pr\u00f3xima Presidenta de M\u00e9xico. Le permitieron participar en la reuni\u00f3n en la tradicional ramada, lugar de toma de decisiones de la autoridad Yaqui, donde no se permite la presencia de mujeres, as\u00ed lo dictan sus tradiciones.<\/p>\n<p>El Presidente L\u00f3pez Obrador contento, presentando por los estados que realiza esta gira de la transici\u00f3n, a la pr\u00f3xima Mandataria Claudia Sheinbaum. Aqu\u00ed en Sonora, Alfonso Durazo, tambi\u00e9n muy contento, porque en cinco a\u00f1os, ha recibido el apoyo presupuestal de su amigo el Presidente de la Rep\u00fablica, para realizar obras que le dar\u00e1n otra cara al estado e impulsar\u00e1n mayores niveles de bienestar y progreso.<\/p>\n<p><strong>ALITO MORENO DON PERPETUO<\/strong><\/p>\n<p>Ayer, la Asamblea Nacional del PRI, aprob\u00f3 otra reforma m\u00e1s a sus estatutos para permitir que sus l\u00edderes, puedan reelegirse hasta por tres periodos m\u00e1s.<\/p>\n<p>Una serie de notables militantes priistas, incluyendo al sonorense Manlio Fabio Beltrones, Beatriz Paredes, Francisco Labastida, se han inconformado por la reelecci\u00f3n del l\u00edder nacional priista, Alejandro Moreno, que sali\u00f3 m\u00e1s canijo que bonito.<\/p>\n<p>A mano alzada y sin ninguna voz que interpelara la nueva decisi\u00f3n interna, el PRI parece estar firmando nuevamente su acta de defunci\u00f3n.<\/p>\n<p>En su discurso, el dirigente Alito C\u00e1rdenas, agradeci\u00f3 a los buenos priistas que lo apoyan y acus\u00f3 de c\u00ednicos, lacayos, esquiroles al servicio del gobierno, a los que quieren romper la unidad a cambio de impunidad.<\/p>\n<p>Se\u00f1al\u00f3 que los verdaderos responsables del desprestigio del PRI, son los que est\u00e1n vinculados con el asesinato de Luis Donaldo Colosio y\u00a0 los autores del Pemexgate.<\/p>\n<p>Creo que a eso se debe la felicidad del Presidente Andr\u00e9s Manuel L\u00f3pez Obrador, que solo le bast\u00f3 su sexenio para desaparecer al PRD y dejar al borde de la extinci\u00f3n al PRI.<\/p>\n<p>La alternancia democr\u00e1tica iniciada en nuestro pa\u00eds en el a\u00f1o dos mil, entrar\u00e1 en un periodo de hegemon\u00eda pol\u00edtica de un solo partido, es una etapa nueva de transici\u00f3n pol\u00edtica de nuestro pa\u00eds.<\/p>\n<p><strong>BEERFEST SAN CARLOS 2024 UN \u00c9XITO<\/strong><\/p>\n<p>El fin de semana en San Carlos, se realiz\u00f3 con \u00e9xito en el Club D\u00fao del Hotel Marinaterra, el Beerfest 2024, otro eventazo que lleva mucha gente al mejor destino tur\u00edstico del estado.<\/p>\n<p>Cerveza a orilla de la playa y buenas bandas de rock and roll, son garant\u00eda de diversi\u00f3n, muchos nos fuimos a divertir como en la preparatoria al Beerfest, que cada vez se pone mejor.<\/p>\n<p>El Silencio de Blanka, The Dudes y Element, fueron las bandas encargadas de ambientar con buen rock la noche del s\u00e1bado 06 de julio, el buen rock and roll no hizo distinciones entre generaciones, puso a viejos y j\u00f3venes a bailar y brincar.<\/p>\n<p>Calles llenas de turistas, restaurantes llenos, hoteles con alta ocupaci\u00f3n, filas en comercios, gente rentando motos, yates, presencia de familias de muchos municipios del estado y de otros estados tambi\u00e9n, es se\u00f1al que la econom\u00eda se encuentra bien y que el futuro de San Carlos es promisorio.<\/p>\n<p><strong>RETAZOS INTERESANTES<\/strong><\/p>\n<p>1.- El Diputado Federal electo y Comisionado Estatal del PT, Ram\u00f3n Flores, anda cumpliendo al pie de la letra la tarea que le encomendaron de organizar en su Distrito, foros informativos sobre la pr\u00f3xima reforma al Sistema Judicial que propone el Presidente Andr\u00e9s Manuel L\u00f3pez Obrador. Ayer se realiz\u00f3 la primera en el Auditorio Municipal de Guaymas.<\/p>\n<p>2.- Siguiendo con el PT, pero de Hermosillo, Jorge Iv\u00e1n Luna Sugich, menor conocido como el remoquete de \u201cEl Yuro\u201d, ser\u00e1 el pr\u00f3ximo Regidor en el Ayuntamiento de Hermosillo. Obligado El Yuro a desempe\u00f1ar un buen papel en el cuerpo edilicio de la capital.<\/p>\n<p>Los invito a escuchar, SONORA EN RED NOTICIAS, en su nuevo horario a las 6 de la tarde, espacio que comparto con mi amigo Arturo Chapo Soto, por el 93.3 del cuadrante de F.M. informativo que tambi\u00e9n puede ser visto, por la se\u00f1al del canal 14 de Estrella Tucson TV, en todo el sur de Arizona.<\/p>\n<p>Podemos interactuar a trav\u00e9s de mi cuenta de Twitter @feroropeza20 o en mi correo electr\u00f3nico luiso@hmo.megared.net.mx<\/p>\n","protected":false},"excerpt":{"rendered":"<p>\u00a0 Se cumpli\u00f3 la agenda completa de una nueva gira presidencial por nuestro estado, Andr\u00e9s Manuel L\u00f3pez Obrador es el Presidente que m\u00e1s veces ha visitado Sonora. Acompa\u00f1ado de la Presidenta electa Claudia Sheinbaun y del Gobernador Alfonso Durazo, que fue el anfitri\u00f3n, el mandatario realiz\u00f3 la supervisi\u00f3n de las obras m\u00e1s importantes impulsadas por [&hellip;]<\/p>\n","protected":false},"author":1,"featured_media":18539,"comment_status":"open","ping_status":"open","sticky":false,"template":"","format":"standard","meta":{"footnotes":""},"categories":[173],"tags":[],"class_list":["post"],"yoast_head":" \n<title>Compromiso con la continuidad - Periodista SoledadDurazo.com<\/title>\n<meta name=\"robots\" content=\"index, follow, max-snippet:-1, max-image-preview:large, max-video-preview:-1\" \/>\n<link rel=\"canonical\" href=\"https:\/\/soledaddurazo.com\/blog\/2024\/07\/09\/compromiso-con-la-continuidad\/\" \/>\n<meta property=\"og:locale\" content=\"es_MX\" \/>\n<meta property=\"og:type\" content=\"article\" \/>\n<meta property=\"og:title\" content=\"Compromiso con la continuidad\" \/>\n<meta property=\"og:description\" content=\"\u00a0 Se cumpli\u00f3 la agenda completa de una nueva gira presidencial por nuestro estado, Andr\u00e9s Manuel L\u00f3pez Obrador es el Presidente que m\u00e1s veces ha visitado Sonora. Acompa\u00f1ado de la Presidenta electa Claudia Sheinbaun y del Gobernador Alfonso Durazo, que fue el anfitri\u00f3n, el mandatario realiz\u00f3 la supervisi\u00f3n de las obras m\u00e1s importantes impulsadas por [&hellip;]\" \/>\n<meta property=\"og:url\" content=\"https:\/\/soledaddurazo.com\/blog\/2024\/07\/09\/compromiso-con-la-continuidad\/\" \/>\n<meta property=\"og:site_name\" content=\"Periodista SoledadDurazo.com\" \/>\n<meta property=\"article:publisher\" content=\"https:\/\/www.facebook.com\/soledad.durazo.9\/\" \/>\n<meta property=\"article:published_time\" content=\"2024-07-10T01:39:12+00:00\" \/>\n<meta property=\"og:image\" content=\"https:\/\/soledaddurazo.com\/storage\/2023\/09\/9a-GRAFICO-FERNANDO-OROPEZA.jpeg\" \/>\n\t<meta property=\"og:image:width\" content=\"1092\" \/>\n\t<meta property=\"og:image:height\" content=\"983\" \/>\n<meta name=\"twitter:card\" content=\"summary_large_image\" \/>\n<meta name=\"twitter:creator\" content=\"@SoledadDurazo\" \/>\n<meta name=\"twitter:site\" content=\"@SoledadDurazo\" \/>\n<meta name=\"twitter:label1\" content=\"Escrito por\" \/>\n\t<meta name=\"twitter:data1\" content=\"Redacci\u00f3n\" \/>\n\t<meta name=\"twitter:label2\" content=\"Tiempo de lectura\" \/>\n\t<meta name=\"twitter:data2\" content=\"5 minutos\" \/>\n<script type=\"application\/ld+json\" class=\"yoast-schema-graph\">{\"@context\":\"https:\/\/schema.org\",\"@graph\":[{\"@type\":\"Organization\",\"@id\":\"https:\/\/soledaddurazo.com\/#organization\",\"name\":\"Soledad Durazo\",\"url\":\"https:\/\/soledaddurazo.com\/\",\"sameAs\":[\"https:\/\/www.facebook.com\/soledad.durazo.9\/\",\"https:\/\/www.instagram.com\/soledaddurazo\",\"https:\/\/www.youtube.com\/channel\/UC9yGPw8-Vbl_B2XNkRwPS-w\",\"https:\/\/twitter.com\/SoledadDurazo\"],\"logo\":{\"@type\":\"ImageObject\",\"@id\":\"https:\/\/soledaddurazo.com\/#logo\",\"inLanguage\":\"es\",\"url\":\"https:\/\/soledaddurazo.com\/storage\/2021\/11\/nllp-720x375-1-2.png\",\"contentUrl\":\"https:\/\/soledaddurazo.com\/storage\/2021\/11\/nllp-720x375-1-2.png\",\"width\":720,\"height\":375,\"caption\":\"Soledad Durazo\"},\"image\":{\"@id\":\"https:\/\/soledaddurazo.com\/#logo\"}},{\"@type\":\"WebSite\",\"@id\":\"https:\/\/soledaddurazo.com\/#website\",\"url\":\"https:\/\/soledaddurazo.com\/\",\"name\":\"Periodista SoledadDurazo.com\",\"description\":\"Periodista sonorense. Directora de www.SoledadDurazo.com Columnista, conductora de radio y Tv. Catedr\\u00e1tica en la UNISON\",\"publisher\":{\"@id\":\"https:\/\/soledaddurazo.com\/#organization\"},\"potentialAction\":[{\"@type\":\"SearchAction\",\"target\":{\"@type\":\"EntryPoint\",\"urlTemplate\":\"https:\/\/soledaddurazo.com\/?s={search_term_string}\"},\"query-input\":\"required name=search_term_string\"}],\"inLanguage\":\"es\"},{\"@type\":\"ImageObject\",\"@id\":\"https:\/\/soledaddurazo.com\/blog\/2024\/07\/09\/compromiso-con-la-continuidad\/#primaryimage\",\"inLanguage\":\"es\",\"url\":\"https:\/\/soledaddurazo.com\/storage\/2023\/09\/9a-GRAFICO-FERNANDO-OROPEZA.jpeg\",\"contentUrl\":\"https:\/\/soledaddurazo.com\/storage\/2023\/09\/9a-GRAFICO-FERNANDO-OROPEZA.jpeg\",\"width\":1092,\"height\":983},{\"@type\":\"WebPage\",\"@id\":\"https:\/\/soledaddurazo.com\/blog\/2024\/07\/09\/compromiso-con-la-continuidad\/#webpage\",\"url\":\"https:\/\/soledaddurazo.com\/blog\/2024\/07\/09\/compromiso-con-la-continuidad\/\",\"name\":\"Compromiso con la continuidad - Periodista SoledadDurazo.com\",\"isPartOf\":{\"@id\":\"https:\/\/soledaddurazo.com\/#website\"},\"primaryImageOfPage\":{\"@id\":\"https:\/\/soledaddurazo.com\/blog\/2024\/07\/09\/compromiso-con-la-continuidad\/#primaryimage\"},\"datePublished\":\"2024-07-10T01:39:12+00:00\",\"dateModified\":\"2024-07-10T01:39:12+00:00\",\"breadcrumb\":{\"@id\":\"https:\/\/soledaddurazo.com\/blog\/2024\/07\/09\/compromiso-con-la-continuidad\/#breadcrumb\"},\"inLanguage\":\"es\",\"potentialAction\":[{\"@type\":\"ReadAction\",\"target\":[\"https:\/\/soledaddurazo.com\/blog\/2024\/07\/09\/compromiso-con-la-continuidad\/\"]}]},{\"@type\":\"BreadcrumbList\",\"@id\":\"https:\/\/soledaddurazo.com\/blog\/2024\/07\/09\/compromiso-con-la-continuidad\/#breadcrumb\",\"itemListElement\":[{\"@type\":\"ListItem\",\"position\":1,\"name\":\"Home\",\"item\":\"https:\/\/soledaddurazo.com\/\"},{\"@type\":\"ListItem\",\"position\":2,\"name\":\"Compromiso con la continuidad\"}]},{\"@type\":\"Article\",\"@id\":\"https:\/\/soledaddurazo.com\/blog\/2024\/07\/09\/compromiso-con-la-continuidad\/#article\",\"isPartOf\":{\"@id\":\"https:\/\/soledaddurazo.com\/blog\/2024\/07\/09\/compromiso-con-la-continuidad\/#webpage\"},\"author\":{\"@id\":\"https:\/\/soledaddurazo.com\/#\/schema\/person\/822d8e13aa288585e6546f179853758b\"},\"headline\":\"Compromiso con la continuidad\",\"datePublished\":\"2024-07-10T01:39:12+00:00\",\"dateModified\":\"2024-07-10T01:39:12+00:00\",\"mainEntityOfPage\":{\"@id\":\"https:\/\/soledaddurazo.com\/blog\/2024\/07\/09\/compromiso-con-la-continuidad\/#webpage\"},\"wordCount\":1024,\"commentCount\":0,\"publisher\":{\"@id\":\"https:\/\/soledaddurazo.com\/#organization\"},\"image\":{\"@id\":\"https:\/\/soledaddurazo.com\/blog\/2024\/07\/09\/compromiso-con-la-continuidad\/#primaryimage\"},\"thumbnailUrl\":\"https:\/\/soledaddurazo.com\/storage\/2023\/09\/9a-GRAFICO-FERNANDO-OROPEZA.jpeg\",\"articleSection\":[\"Fernando Oropeza\"],\"inLanguage\":\"es\",\"potentialAction\":[{\"@type\":\"CommentAction\",\"name\":\"Comment\",\"target\":[\"https:\/\/soledaddurazo.com\/blog\/2024\/07\/09\/compromiso-con-la-continuidad\/#respond\"]}]},{\"@type\":\"Person\",\"@id\":\"https:\/\/soledaddurazo.com\/#\/schema\/person\/822d8e13aa288585e6546f179853758b\",\"name\":\"Redacci\\u00f3n\",\"image\":{\"@type\":\"ImageObject\",\"@id\":\"https:\/\/soledaddurazo.com\/#personlogo\",\"inLanguage\":\"es\",\"url\":\"https:\/\/secure.gravatar.com\/avatar\/c4e193752f756fd61f04deebed3a3a20dc188d37edb53682d313ac57f2725d54?s=96&d=mm&r=g\",\"contentUrl\":\"https:\/\/secure.gravatar.com\/avatar\/c4e193752f756fd61f04deebed3a3a20dc188d37edb53682d313ac57f2725d54?s=96&d=mm&r=g\",\"caption\":\"Redacci\\u00f3n\"},\"sameAs\":[\"https:\/\/soledaddurazo.com\"]}]}<\/script>\n ","yoast_head_json":{"title":"Compromiso con la continuidad - Periodista SoledadDurazo.com","robots":{"index":"index","follow":"follow","max-snippet":"max-snippet:-1","max-image-preview":"max-image-preview:large","max-video-preview":"max-video-preview:-1"},"canonical":"https:\/\/soledaddurazo.com\/blog\/2024\/07\/09\/compromiso-con-la-continuidad\/","og_locale":"es_MX","og_type":"article","og_title":"Compromiso con la continuidad","og_description":"\u00a0 Se cumpli\u00f3 la agenda completa de una nueva gira presidencial por nuestro estado, Andr\u00e9s Manuel L\u00f3pez Obrador es el Presidente que m\u00e1s veces ha visitado Sonora. Acompa\u00f1ado de la Presidenta electa Claudia Sheinbaun y del Gobernador Alfonso Durazo, que fue el anfitri\u00f3n, el mandatario realiz\u00f3 la supervisi\u00f3n de las obras m\u00e1s importantes impulsadas por [&hellip;]","og_url":"https:\/\/soledaddurazo.com\/blog\/2024\/07\/09\/compromiso-con-la-continuidad\/","og_site_name":"Periodista SoledadDurazo.com","article_publisher":"https:\/\/www.facebook.com\/soledad.durazo.9\/","article_published_time":"2024-07-10T01:39:12+00:00","og_image":[{"width":1092,"height":983,"url":"https:\/\/soledaddurazo.com\/storage\/2023\/09\/9a-GRAFICO-FERNANDO-OROPEZA.jpeg","type":"image\/jpeg"}],"twitter_card":"summary_large_image","twitter_creator":"@SoledadDurazo","twitter_site":"@SoledadDurazo","twitter_misc":{"Escrito por":"Redacci\u00f3n","Tiempo de lectura":"5 minutos"},"schema":{"@context":"https:\/\/schema.org","@graph":[{"@type":"Organization","@id":"https:\/\/soledaddurazo.com\/#organization","name":"Soledad Durazo","url":"https:\/\/soledaddurazo.com\/","sameAs":["https:\/\/www.facebook.com\/soledad.durazo.9\/","https:\/\/www.instagram.com\/soledaddurazo","https:\/\/www.youtube.com\/channel\/UC9yGPw8-Vbl_B2XNkRwPS-w","https:\/\/twitter.com\/SoledadDurazo"],"logo":{"@type":"ImageObject","@id":"https:\/\/soledaddurazo.com\/#logo","inLanguage":"es","url":"https:\/\/soledaddurazo.com\/storage\/2021\/11\/nllp-720x375-1-2.png","contentUrl":"https:\/\/soledaddurazo.com\/storage\/2021\/11\/nllp-720x375-1-2.png","width":720,"height":375,"caption":"Soledad Durazo"},"image":{"@id":"https:\/\/soledaddurazo.com\/#logo"}},{"@type":"WebSite","@id":"https:\/\/soledaddurazo.com\/#website","url":"https:\/\/soledaddurazo.com\/","name":"Periodista SoledadDurazo.com","description":"Periodista sonorense. Directora de www.SoledadDurazo.com Columnista, conductora de radio y Tv. Catedr\u00e1tica en la UNISON","publisher":{"@id":"https:\/\/soledaddurazo.com\/#organization"},"potentialAction":[{"@type":"SearchAction","target":{"@type":"EntryPoint","urlTemplate":"https:\/\/soledaddurazo.com\/?s={search_term_string}"},"query-input":"required name=search_term_string"}],"inLanguage":"es"},{"@type":"ImageObject","@id":"https:\/\/soledaddurazo.com\/blog\/2024\/07\/09\/compromiso-con-la-continuidad\/#primaryimage","inLanguage":"es","url":"https:\/\/soledaddurazo.com\/storage\/2023\/09\/9a-GRAFICO-FERNANDO-OROPEZA.jpeg","contentUrl":"https:\/\/soledaddurazo.com\/storage\/2023\/09\/9a-GRAFICO-FERNANDO-OROPEZA.jpeg","width":1092,"height":983},{"@type":"WebPage","@id":"https:\/\/soledaddurazo.com\/blog\/2024\/07\/09\/compromiso-con-la-continuidad\/#webpage","url":"https:\/\/soledaddurazo.com\/blog\/2024\/07\/09\/compromiso-con-la-continuidad\/","name":"Compromiso con la continuidad - Periodista SoledadDurazo.com","isPartOf":{"@id":"https:\/\/soledaddurazo.com\/#website"},"primaryImageOfPage":{"@id":"https:\/\/soledaddurazo.com\/blog\/2024\/07\/09\/compromiso-con-la-continuidad\/#primaryimage"},"datePublished":"2024-07-10T01:39:12+00:00","dateModified":"2024-07-10T01:39:12+00:00","breadcrumb":{"@id":"https:\/\/soledaddurazo.com\/blog\/2024\/07\/09\/compromiso-con-la-continuidad\/#breadcrumb"},"inLanguage":"es","potentialAction":[{"@type":"ReadAction","target":["https:\/\/soledaddurazo.com\/blog\/2024\/07\/09\/compromiso-con-la-continuidad\/"]}]},{"@type":"BreadcrumbList","@id":"https:\/\/soledaddurazo.com\/blog\/2024\/07\/09\/compromiso-con-la-continuidad\/#breadcrumb","itemListElement":[{"@type":"ListItem","position":1,"name":"Home","item":"https:\/\/soledaddurazo.com\/"},{"@type":"ListItem","position":2,"name":"Compromiso con la continuidad"}]},{"@type":"Article","@id":"https:\/\/soledaddurazo.com\/blog\/2024\/07\/09\/compromiso-con-la-continuidad\/#article","isPartOf":{"@id":"https:\/\/soledaddurazo.com\/blog\/2024\/07\/09\/compromiso-con-la-continuidad\/#webpage"},"author":{"@id":"https:\/\/soledaddurazo.com\/#\/schema\/person\/822d8e13aa288585e6546f179853758b"},"headline":"Compromiso con la continuidad","datePublished":"2024-07-10T01:39:12+00:00","dateModified":"2024-07-10T01:39:12+00:00","mainEntityOfPage":{"@id":"https:\/\/soledaddurazo.com\/blog\/2024\/07\/09\/compromiso-con-la-continuidad\/#webpage"},"wordCount":1024,"commentCount":0,"publisher":{"@id":"https:\/\/soledaddurazo.com\/#organization"},"image":{"@id":"https:\/\/soledaddurazo.com\/blog\/2024\/07\/09\/compromiso-con-la-continuidad\/#primaryimage"},"thumbnailUrl":"https:\/\/soledaddurazo.com\/storage\/2023\/09\/9a-GRAFICO-FERNANDO-OROPEZA.jpeg","articleSection":["Fernando Oropeza"],"inLanguage":"es","potentialAction":[{"@type":"CommentAction","name":"Comment","target":["https:\/\/soledaddurazo.com\/blog\/2024\/07\/09\/compromiso-con-la-continuidad\/#respond"]}]},{"@type":"Person","@id":"https:\/\/soledaddurazo.com\/#\/schema\/person\/822d8e13aa288585e6546f179853758b","name":"Redacci\u00f3n","image":{"@type":"ImageObject","@id":"https:\/\/soledaddurazo.com\/#personlogo","inLanguage":"es","url":"https:\/\/secure.gravatar.com\/avatar\/c4e193752f756fd61f04deebed3a3a20dc188d37edb53682d313ac57f2725d54?s=96&d=mm&r=g","contentUrl":"https:\/\/secure.gravatar.com\/avatar\/c4e193752f756fd61f04deebed3a3a20dc188d37edb53682d313ac57f2725d54?s=96&d=mm&r=g","caption":"Redacci\u00f3n"},"sameAs":["https:\/\/soledaddurazo.com"]}]}},"_links":{"self":[{"href":"https:\/\/soledaddurazo.com\/api\/wp\/v2\/posts\/20607","targetHints":{"allow":["GET"]}}],"collection":[{"href":"https:\/\/soledaddurazo.com\/api\/wp\/v2\/posts"}],"about":[{"href":"https:\/\/soledaddurazo.com\/api\/wp\/v2\/types\/post"}],"author":[{"embeddable":true,"href":"https:\/\/soledaddurazo.com\/api\/wp\/v2\/users\/1"}],"replies":[{"embeddable":true,"href":"https:\/\/soledaddurazo.com\/api\/wp\/v2\/comments?post=20607"}],"version-history":[{"count":1,"href":"https:\/\/soledaddurazo.com\/api\/wp\/v2\/posts\/20607\/revisions"}],"predecessor-version":[{"id":20609,"href":"https:\/\/soledaddurazo.com\/api\/wp\/v2\/posts\/20607\/revisions\/20609"}],"wp:featuredmedia":[{"embeddable":true,"href":"https:\/\/soledaddurazo.com\/api\/wp\/v2\/media\/18539"}],"wp:attachment":[{"href":"https:\/\/soledaddurazo.com\/api\/wp\/v2\/media?parent=20607"}],"wp:term":[{"taxonomy":"category","embeddable":true,"href":"https:\/\/soledaddurazo.com\/api\/wp\/v2\/categories?post=20607"},{"taxonomy":"post_tag","embeddable":true,"href":"https:\/\/soledaddurazo.com\/api\/wp\/v2\/tags?post=20607"}],"curies":[{"name":"wp","href":"https:\/\/api.w.org\/{rel}","templated":true}]}}