{"id":20602,"date":"2024-07-09T18:33:40","date_gmt":"2024-07-10T01:33:40","guid":{"rendered":"https:\/\/soledaddurazo.com\/?p=20602"},"modified":"2024-07-09T18:34:51","modified_gmt":"2024-07-10T01:34:51","slug":"reduce-el-cuidado-de-tu-cutis-cuando-hagas-la-maleta","status":"publish","type":"post","link":"https:\/\/soledaddurazo.com\/blog\/2024\/07\/09\/reduce-el-cuidado-de-tu-cutis-cuando-hagas-la-maleta\/","title":{"rendered":"Reduce el cuidado de tu cutis cuando hagas la maleta"},"content":{"rendered":"<p id=\"ejB71Zbt7t\" data-wc=\"52\">Con el verano a la vuelta de la esquina y las vacaciones a punto de comenzar, es inevitable pensar en nuestro siguiente destino.\u00a0<strong>Aunque para muchos empacar es algo sencillo y hasta digno de ilusi\u00f3n, hay personas a quienes les cuesta mucho m\u00e1s trabajo<\/strong>\u00a0y s\u00f3lo pensarlo puede ser causa de estr\u00e9s.<\/p>\n<p id=\"e6voP8MGsUL\" data-wc=\"43\">Si tu perteneces a la segunda categor\u00eda, estos son<strong>\u00a05 consejos que puedes implementar a la hora de empacar\u00a0<\/strong>para asegurarte de que no te falte nada durante tu viaje, adem\u00e1s de que con este pr\u00e1ctico m\u00e9todo, viajar\u00e1s m\u00e1s ligera y sin complicaciones.<\/p>\n<h3>5 consejos para empacar mejor<\/h3>\n<h4>No lo dejes al \u00faltimo<\/h4>\n<p id=\"eLWlvGSIBVs\" data-wc=\"45\">Cuando hacemos las cosas a la carrera es cuando por lo general no salen bien y nos olvidamos de detalles.<strong>\u00a0Comienza a empacar con un par de d\u00edas de anticipaci\u00f3n para asegurarte de que no te falte nada<\/strong>, desde medicamentos, hasta art\u00edculos de higiene diaria.<\/p>\n<h4>Reduce tu rutina de\u00a0<em>skincare\u00a0<\/em><\/h4>\n<p id=\"eeUHXKVgquRr\" data-wc=\"70\"><strong>\u00a0<a class=\"int hm-link\" href=\"https:\/\/www.hola.com\/us-es\/salud-y-belleza\/20240430359426\/los-beneficios-de-los-aceites-faciales\/\" target=\"_blank\" rel=\"nofollow noopener\">Cuidar tu piel<\/a>\u00a0donde sea que est\u00e9s es indispensable,<\/strong>\u00a0sobre todo por que la piel tiende a resentir los cambios de ambiente y temperatura. Es por eso que es importante siempre procurarla, sin embargo, esto\u00a0<strong>no significa que tengas que llevarte los 10 pasos de tu rutina<\/strong>,\u00a0<strong>red\u00facela a lo m\u00ednimo indispensable; limpiador, hidratante y lo m\u00e1s importante, protector solar.<\/strong>\u00a0Incluso puedes conseguir versiones\u00a0<em>\u201ctravel size\u201d<\/em>\u00a0de tus productos favoritos para ahorrar espacio.<\/p>\n<h4>Lleva tus\u00a0<em>outfits<\/em>\u00a0pleaneados para evitar empacar de m\u00e1s<\/h4>\n<p id=\"eY3XexurzN-I\" data-wc=\"78\"><strong>Planea con anticipaci\u00f3n: \u00bfqu\u00e9 vas a usar cada d\u00eda?<\/strong>\u00a0Esto puede depender de las actividades que vayas a realizar y el clima de la zona.\u00a0<strong>Recuerda que siempre puedes reutilizar tus prendas, evitando que lleves art\u00edculos de m\u00e1s para ahorrar espacio y armar de forma eficiente tu maleta<\/strong>. Tambi\u00e9n puedes hacer una lista en las notas de tu tel\u00e9fono con cada uno de tus\u00a0<em>looks<\/em>\u00a0-incluso con fotos-, y as\u00ed ser\u00e1 m\u00e1s sencillo mantenerte fiel a tu planeaci\u00f3n.<\/p>\n<h4>Utiliza separadores<\/h4>\n<p id=\"eCRnVdQ7WEpS\" data-wc=\"63\">A la hora de guardar todos tus art\u00edculos en la maleta,\u00a0<strong>sep\u00e1ralos por categor\u00edas bien definidas ayud\u00e1ndote de los virales\u00a0<em>\u2018packing cubes\u2019<\/em>\u00a0o separadores.<\/strong>\u00a0Ya sea que quieras hacerlo por d\u00eda o por tipo de cosas, por ejemplo, accesorios, pantalones, playeras, etc.<strong>\u00a0Depende de ti y lo que a ti te acomode.<\/strong>\u00a0Este tipo de organizadores tambi\u00e9n optimizar\u00e1n el espacio en tu maleta.<\/p>\n<h4>Repasa tu rutina de higiene diaria<\/h4>\n<p id=\"e04A7GJvOSZ0\" data-wc=\"38\"><strong>Analiza qu\u00e9 haces diariamente con tu rutina de higiene y qu\u00e9 necesitas para ba\u00f1arte.\u00a0<\/strong>Preg\u00fantate, \u00bfqu\u00e9 usas despu\u00e9s de ba\u00f1arte? \u00bfAplicas perfume? \u00bfNecesitas desodorante? \u00bfCuales son tus esenciales para maquillarte? Al terminar el d\u00eda, \u00bfqu\u00e9 necesitas para desmaquillarte?<\/p>\n<p id=\"e5CbKc-yCVfP\" data-wc=\"47\">A partir de esto lo m\u00e1s seguro es que no te haga falta nada en tu viaje. Si te funciona hacer una<em>\u00a0checklist<\/em>\u00a0al terminar, hazlo y aseg\u00farate de que no te falte nada (incluidos pasaporte, pases de abordar y el cargador de tu tel\u00e9fono). \u00a1Felices vacaciones!<\/p>\n<p data-wc=\"47\">\n<p data-wc=\"47\"><strong>Fuente: Hola.es<\/strong><\/p>\n","protected":false},"excerpt":{"rendered":"<p>Con el verano a la vuelta de la esquina y las vacaciones a punto de comenzar, es inevitable pensar en nuestro siguiente destino.\u00a0Aunque para muchos empacar es algo sencillo y hasta digno de ilusi\u00f3n, hay personas a quienes les cuesta mucho m\u00e1s trabajo\u00a0y s\u00f3lo pensarlo puede ser causa de estr\u00e9s. Si tu perteneces a la [&hellip;]<\/p>\n","protected":false},"author":1,"featured_media":20603,"comment_status":"open","ping_status":"open","sticky":false,"template":"","format":"standard","meta":{"footnotes":""},"categories":[153],"tags":[],"class_list":["post"],"yoast_head":" \n<title>Reduce el cuidado de tu cutis cuando hagas la maleta - Periodista SoledadDurazo.com<\/title>\n<meta name=\"robots\" content=\"index, follow, max-snippet:-1, max-image-preview:large, max-video-preview:-1\" \/>\n<link rel=\"canonical\" href=\"https:\/\/soledaddurazo.com\/blog\/2024\/07\/09\/reduce-el-cuidado-de-tu-cutis-cuando-hagas-la-maleta\/\" \/>\n<meta property=\"og:locale\" content=\"es_MX\" \/>\n<meta property=\"og:type\" content=\"article\" \/>\n<meta property=\"og:title\" content=\"Reduce el cuidado de tu cutis cuando hagas la maleta\" \/>\n<meta property=\"og:description\" content=\"Con el verano a la vuelta de la esquina y las vacaciones a punto de comenzar, es inevitable pensar en nuestro siguiente destino.\u00a0Aunque para muchos empacar es algo sencillo y hasta digno de ilusi\u00f3n, hay personas a quienes les cuesta mucho m\u00e1s trabajo\u00a0y s\u00f3lo pensarlo puede ser causa de estr\u00e9s. Si tu perteneces a la [&hellip;]\" \/>\n<meta property=\"og:url\" content=\"https:\/\/soledaddurazo.com\/blog\/2024\/07\/09\/reduce-el-cuidado-de-tu-cutis-cuando-hagas-la-maleta\/\" \/>\n<meta property=\"og:site_name\" content=\"Periodista SoledadDurazo.com\" \/>\n<meta property=\"article:publisher\" content=\"https:\/\/www.facebook.com\/soledad.durazo.9\/\" \/>\n<meta property=\"article:published_time\" content=\"2024-07-10T01:33:40+00:00\" \/>\n<meta property=\"article:modified_time\" content=\"2024-07-10T01:34:51+00:00\" \/>\n<meta property=\"og:image\" content=\"https:\/\/soledaddurazo.com\/storage\/2024\/07\/empacar-cosmeticos-y-cremas-para-irse-de-viaje-jpg-134422.jpeg\" \/>\n\t<meta property=\"og:image:width\" content=\"1200\" \/>\n\t<meta property=\"og:image:height\" content=\"675\" \/>\n<meta name=\"twitter:card\" content=\"summary_large_image\" \/>\n<meta name=\"twitter:creator\" content=\"@SoledadDurazo\" \/>\n<meta name=\"twitter:site\" content=\"@SoledadDurazo\" \/>\n<meta name=\"twitter:label1\" content=\"Escrito por\" \/>\n\t<meta name=\"twitter:data1\" content=\"Redacci\u00f3n\" \/>\n\t<meta name=\"twitter:label2\" content=\"Tiempo de lectura\" \/>\n\t<meta name=\"twitter:data2\" content=\"3 minutos\" \/>\n<script type=\"application\/ld+json\" class=\"yoast-schema-graph\">{\"@context\":\"https:\/\/schema.org\",\"@graph\":[{\"@type\":\"Organization\",\"@id\":\"https:\/\/soledaddurazo.com\/#organization\",\"name\":\"Soledad Durazo\",\"url\":\"https:\/\/soledaddurazo.com\/\",\"sameAs\":[\"https:\/\/www.facebook.com\/soledad.durazo.9\/\",\"https:\/\/www.instagram.com\/soledaddurazo\",\"https:\/\/www.youtube.com\/channel\/UC9yGPw8-Vbl_B2XNkRwPS-w\",\"https:\/\/twitter.com\/SoledadDurazo\"],\"logo\":{\"@type\":\"ImageObject\",\"@id\":\"https:\/\/soledaddurazo.com\/#logo\",\"inLanguage\":\"es\",\"url\":\"https:\/\/soledaddurazo.com\/storage\/2021\/11\/nllp-720x375-1-2.png\",\"contentUrl\":\"https:\/\/soledaddurazo.com\/storage\/2021\/11\/nllp-720x375-1-2.png\",\"width\":720,\"height\":375,\"caption\":\"Soledad Durazo\"},\"image\":{\"@id\":\"https:\/\/soledaddurazo.com\/#logo\"}},{\"@type\":\"WebSite\",\"@id\":\"https:\/\/soledaddurazo.com\/#website\",\"url\":\"https:\/\/soledaddurazo.com\/\",\"name\":\"Periodista SoledadDurazo.com\",\"description\":\"Periodista sonorense. Directora de www.SoledadDurazo.com Columnista, conductora de radio y Tv. Catedr\\u00e1tica en la UNISON\",\"publisher\":{\"@id\":\"https:\/\/soledaddurazo.com\/#organization\"},\"potentialAction\":[{\"@type\":\"SearchAction\",\"target\":{\"@type\":\"EntryPoint\",\"urlTemplate\":\"https:\/\/soledaddurazo.com\/?s={search_term_string}\"},\"query-input\":\"required name=search_term_string\"}],\"inLanguage\":\"es\"},{\"@type\":\"ImageObject\",\"@id\":\"https:\/\/soledaddurazo.com\/blog\/2024\/07\/09\/reduce-el-cuidado-de-tu-cutis-cuando-hagas-la-maleta\/#primaryimage\",\"inLanguage\":\"es\",\"url\":\"https:\/\/soledaddurazo.com\/storage\/2024\/07\/empacar-cosmeticos-y-cremas-para-irse-de-viaje-jpg-134422.jpeg\",\"contentUrl\":\"https:\/\/soledaddurazo.com\/storage\/2024\/07\/empacar-cosmeticos-y-cremas-para-irse-de-viaje-jpg-134422.jpeg\",\"width\":1200,\"height\":675},{\"@type\":\"WebPage\",\"@id\":\"https:\/\/soledaddurazo.com\/blog\/2024\/07\/09\/reduce-el-cuidado-de-tu-cutis-cuando-hagas-la-maleta\/#webpage\",\"url\":\"https:\/\/soledaddurazo.com\/blog\/2024\/07\/09\/reduce-el-cuidado-de-tu-cutis-cuando-hagas-la-maleta\/\",\"name\":\"Reduce el cuidado de tu cutis cuando hagas la maleta - Periodista SoledadDurazo.com\",\"isPartOf\":{\"@id\":\"https:\/\/soledaddurazo.com\/#website\"},\"primaryImageOfPage\":{\"@id\":\"https:\/\/soledaddurazo.com\/blog\/2024\/07\/09\/reduce-el-cuidado-de-tu-cutis-cuando-hagas-la-maleta\/#primaryimage\"},\"datePublished\":\"2024-07-10T01:33:40+00:00\",\"dateModified\":\"2024-07-10T01:34:51+00:00\",\"breadcrumb\":{\"@id\":\"https:\/\/soledaddurazo.com\/blog\/2024\/07\/09\/reduce-el-cuidado-de-tu-cutis-cuando-hagas-la-maleta\/#breadcrumb\"},\"inLanguage\":\"es\",\"potentialAction\":[{\"@type\":\"ReadAction\",\"target\":[\"https:\/\/soledaddurazo.com\/blog\/2024\/07\/09\/reduce-el-cuidado-de-tu-cutis-cuando-hagas-la-maleta\/\"]}]},{\"@type\":\"BreadcrumbList\",\"@id\":\"https:\/\/soledaddurazo.com\/blog\/2024\/07\/09\/reduce-el-cuidado-de-tu-cutis-cuando-hagas-la-maleta\/#breadcrumb\",\"itemListElement\":[{\"@type\":\"ListItem\",\"position\":1,\"name\":\"Home\",\"item\":\"https:\/\/soledaddurazo.com\/\"},{\"@type\":\"ListItem\",\"position\":2,\"name\":\"Reduce el cuidado de tu cutis cuando hagas la maleta\"}]},{\"@type\":\"Article\",\"@id\":\"https:\/\/soledaddurazo.com\/blog\/2024\/07\/09\/reduce-el-cuidado-de-tu-cutis-cuando-hagas-la-maleta\/#article\",\"isPartOf\":{\"@id\":\"https:\/\/soledaddurazo.com\/blog\/2024\/07\/09\/reduce-el-cuidado-de-tu-cutis-cuando-hagas-la-maleta\/#webpage\"},\"author\":{\"@id\":\"https:\/\/soledaddurazo.com\/#\/schema\/person\/822d8e13aa288585e6546f179853758b\"},\"headline\":\"Reduce el cuidado de tu cutis cuando hagas la maleta\",\"datePublished\":\"2024-07-10T01:33:40+00:00\",\"dateModified\":\"2024-07-10T01:34:51+00:00\",\"mainEntityOfPage\":{\"@id\":\"https:\/\/soledaddurazo.com\/blog\/2024\/07\/09\/reduce-el-cuidado-de-tu-cutis-cuando-hagas-la-maleta\/#webpage\"},\"wordCount\":522,\"commentCount\":0,\"publisher\":{\"@id\":\"https:\/\/soledaddurazo.com\/#organization\"},\"image\":{\"@id\":\"https:\/\/soledaddurazo.com\/blog\/2024\/07\/09\/reduce-el-cuidado-de-tu-cutis-cuando-hagas-la-maleta\/#primaryimage\"},\"thumbnailUrl\":\"https:\/\/soledaddurazo.com\/storage\/2024\/07\/empacar-cosmeticos-y-cremas-para-irse-de-viaje-jpg-134422.jpeg\",\"articleSection\":[\"principal\"],\"inLanguage\":\"es\",\"potentialAction\":[{\"@type\":\"CommentAction\",\"name\":\"Comment\",\"target\":[\"https:\/\/soledaddurazo.com\/blog\/2024\/07\/09\/reduce-el-cuidado-de-tu-cutis-cuando-hagas-la-maleta\/#respond\"]}]},{\"@type\":\"Person\",\"@id\":\"https:\/\/soledaddurazo.com\/#\/schema\/person\/822d8e13aa288585e6546f179853758b\",\"name\":\"Redacci\\u00f3n\",\"image\":{\"@type\":\"ImageObject\",\"@id\":\"https:\/\/soledaddurazo.com\/#personlogo\",\"inLanguage\":\"es\",\"url\":\"https:\/\/secure.gravatar.com\/avatar\/c4e193752f756fd61f04deebed3a3a20dc188d37edb53682d313ac57f2725d54?s=96&d=mm&r=g\",\"contentUrl\":\"https:\/\/secure.gravatar.com\/avatar\/c4e193752f756fd61f04deebed3a3a20dc188d37edb53682d313ac57f2725d54?s=96&d=mm&r=g\",\"caption\":\"Redacci\\u00f3n\"},\"sameAs\":[\"https:\/\/soledaddurazo.com\"]}]}<\/script>\n ","yoast_head_json":{"title":"Reduce el cuidado de tu cutis cuando hagas la maleta - Periodista SoledadDurazo.com","robots":{"index":"index","follow":"follow","max-snippet":"max-snippet:-1","max-image-preview":"max-image-preview:large","max-video-preview":"max-video-preview:-1"},"canonical":"https:\/\/soledaddurazo.com\/blog\/2024\/07\/09\/reduce-el-cuidado-de-tu-cutis-cuando-hagas-la-maleta\/","og_locale":"es_MX","og_type":"article","og_title":"Reduce el cuidado de tu cutis cuando hagas la maleta","og_description":"Con el verano a la vuelta de la esquina y las vacaciones a punto de comenzar, es inevitable pensar en nuestro siguiente destino.\u00a0Aunque para muchos empacar es algo sencillo y hasta digno de ilusi\u00f3n, hay personas a quienes les cuesta mucho m\u00e1s trabajo\u00a0y s\u00f3lo pensarlo puede ser causa de estr\u00e9s. Si tu perteneces a la [&hellip;]","og_url":"https:\/\/soledaddurazo.com\/blog\/2024\/07\/09\/reduce-el-cuidado-de-tu-cutis-cuando-hagas-la-maleta\/","og_site_name":"Periodista SoledadDurazo.com","article_publisher":"https:\/\/www.facebook.com\/soledad.durazo.9\/","article_published_time":"2024-07-10T01:33:40+00:00","article_modified_time":"2024-07-10T01:34:51+00:00","og_image":[{"width":1200,"height":675,"url":"https:\/\/soledaddurazo.com\/storage\/2024\/07\/empacar-cosmeticos-y-cremas-para-irse-de-viaje-jpg-134422.jpeg","type":"image\/jpeg"}],"twitter_card":"summary_large_image","twitter_creator":"@SoledadDurazo","twitter_site":"@SoledadDurazo","twitter_misc":{"Escrito por":"Redacci\u00f3n","Tiempo de lectura":"3 minutos"},"schema":{"@context":"https:\/\/schema.org","@graph":[{"@type":"Organization","@id":"https:\/\/soledaddurazo.com\/#organization","name":"Soledad Durazo","url":"https:\/\/soledaddurazo.com\/","sameAs":["https:\/\/www.facebook.com\/soledad.durazo.9\/","https:\/\/www.instagram.com\/soledaddurazo","https:\/\/www.youtube.com\/channel\/UC9yGPw8-Vbl_B2XNkRwPS-w","https:\/\/twitter.com\/SoledadDurazo"],"logo":{"@type":"ImageObject","@id":"https:\/\/soledaddurazo.com\/#logo","inLanguage":"es","url":"https:\/\/soledaddurazo.com\/storage\/2021\/11\/nllp-720x375-1-2.png","contentUrl":"https:\/\/soledaddurazo.com\/storage\/2021\/11\/nllp-720x375-1-2.png","width":720,"height":375,"caption":"Soledad Durazo"},"image":{"@id":"https:\/\/soledaddurazo.com\/#logo"}},{"@type":"WebSite","@id":"https:\/\/soledaddurazo.com\/#website","url":"https:\/\/soledaddurazo.com\/","name":"Periodista SoledadDurazo.com","description":"Periodista sonorense. Directora de www.SoledadDurazo.com Columnista, conductora de radio y Tv. Catedr\u00e1tica en la UNISON","publisher":{"@id":"https:\/\/soledaddurazo.com\/#organization"},"potentialAction":[{"@type":"SearchAction","target":{"@type":"EntryPoint","urlTemplate":"https:\/\/soledaddurazo.com\/?s={search_term_string}"},"query-input":"required name=search_term_string"}],"inLanguage":"es"},{"@type":"ImageObject","@id":"https:\/\/soledaddurazo.com\/blog\/2024\/07\/09\/reduce-el-cuidado-de-tu-cutis-cuando-hagas-la-maleta\/#primaryimage","inLanguage":"es","url":"https:\/\/soledaddurazo.com\/storage\/2024\/07\/empacar-cosmeticos-y-cremas-para-irse-de-viaje-jpg-134422.jpeg","contentUrl":"https:\/\/soledaddurazo.com\/storage\/2024\/07\/empacar-cosmeticos-y-cremas-para-irse-de-viaje-jpg-134422.jpeg","width":1200,"height":675},{"@type":"WebPage","@id":"https:\/\/soledaddurazo.com\/blog\/2024\/07\/09\/reduce-el-cuidado-de-tu-cutis-cuando-hagas-la-maleta\/#webpage","url":"https:\/\/soledaddurazo.com\/blog\/2024\/07\/09\/reduce-el-cuidado-de-tu-cutis-cuando-hagas-la-maleta\/","name":"Reduce el cuidado de tu cutis cuando hagas la maleta - Periodista SoledadDurazo.com","isPartOf":{"@id":"https:\/\/soledaddurazo.com\/#website"},"primaryImageOfPage":{"@id":"https:\/\/soledaddurazo.com\/blog\/2024\/07\/09\/reduce-el-cuidado-de-tu-cutis-cuando-hagas-la-maleta\/#primaryimage"},"datePublished":"2024-07-10T01:33:40+00:00","dateModified":"2024-07-10T01:34:51+00:00","breadcrumb":{"@id":"https:\/\/soledaddurazo.com\/blog\/2024\/07\/09\/reduce-el-cuidado-de-tu-cutis-cuando-hagas-la-maleta\/#breadcrumb"},"inLanguage":"es","potentialAction":[{"@type":"ReadAction","target":["https:\/\/soledaddurazo.com\/blog\/2024\/07\/09\/reduce-el-cuidado-de-tu-cutis-cuando-hagas-la-maleta\/"]}]},{"@type":"BreadcrumbList","@id":"https:\/\/soledaddurazo.com\/blog\/2024\/07\/09\/reduce-el-cuidado-de-tu-cutis-cuando-hagas-la-maleta\/#breadcrumb","itemListElement":[{"@type":"ListItem","position":1,"name":"Home","item":"https:\/\/soledaddurazo.com\/"},{"@type":"ListItem","position":2,"name":"Reduce el cuidado de tu cutis cuando hagas la maleta"}]},{"@type":"Article","@id":"https:\/\/soledaddurazo.com\/blog\/2024\/07\/09\/reduce-el-cuidado-de-tu-cutis-cuando-hagas-la-maleta\/#article","isPartOf":{"@id":"https:\/\/soledaddurazo.com\/blog\/2024\/07\/09\/reduce-el-cuidado-de-tu-cutis-cuando-hagas-la-maleta\/#webpage"},"author":{"@id":"https:\/\/soledaddurazo.com\/#\/schema\/person\/822d8e13aa288585e6546f179853758b"},"headline":"Reduce el cuidado de tu cutis cuando hagas la maleta","datePublished":"2024-07-10T01:33:40+00:00","dateModified":"2024-07-10T01:34:51+00:00","mainEntityOfPage":{"@id":"https:\/\/soledaddurazo.com\/blog\/2024\/07\/09\/reduce-el-cuidado-de-tu-cutis-cuando-hagas-la-maleta\/#webpage"},"wordCount":522,"commentCount":0,"publisher":{"@id":"https:\/\/soledaddurazo.com\/#organization"},"image":{"@id":"https:\/\/soledaddurazo.com\/blog\/2024\/07\/09\/reduce-el-cuidado-de-tu-cutis-cuando-hagas-la-maleta\/#primaryimage"},"thumbnailUrl":"https:\/\/soledaddurazo.com\/storage\/2024\/07\/empacar-cosmeticos-y-cremas-para-irse-de-viaje-jpg-134422.jpeg","articleSection":["principal"],"inLanguage":"es","potentialAction":[{"@type":"CommentAction","name":"Comment","target":["https:\/\/soledaddurazo.com\/blog\/2024\/07\/09\/reduce-el-cuidado-de-tu-cutis-cuando-hagas-la-maleta\/#respond"]}]},{"@type":"Person","@id":"https:\/\/soledaddurazo.com\/#\/schema\/person\/822d8e13aa288585e6546f179853758b","name":"Redacci\u00f3n","image":{"@type":"ImageObject","@id":"https:\/\/soledaddurazo.com\/#personlogo","inLanguage":"es","url":"https:\/\/secure.gravatar.com\/avatar\/c4e193752f756fd61f04deebed3a3a20dc188d37edb53682d313ac57f2725d54?s=96&d=mm&r=g","contentUrl":"https:\/\/secure.gravatar.com\/avatar\/c4e193752f756fd61f04deebed3a3a20dc188d37edb53682d313ac57f2725d54?s=96&d=mm&r=g","caption":"Redacci\u00f3n"},"sameAs":["https:\/\/soledaddurazo.com"]}]}},"_links":{"self":[{"href":"https:\/\/soledaddurazo.com\/api\/wp\/v2\/posts\/20602","targetHints":{"allow":["GET"]}}],"collection":[{"href":"https:\/\/soledaddurazo.com\/api\/wp\/v2\/posts"}],"about":[{"href":"https:\/\/soledaddurazo.com\/api\/wp\/v2\/types\/post"}],"author":[{"embeddable":true,"href":"https:\/\/soledaddurazo.com\/api\/wp\/v2\/users\/1"}],"replies":[{"embeddable":true,"href":"https:\/\/soledaddurazo.com\/api\/wp\/v2\/comments?post=20602"}],"version-history":[{"count":3,"href":"https:\/\/soledaddurazo.com\/api\/wp\/v2\/posts\/20602\/revisions"}],"predecessor-version":[{"id":20606,"href":"https:\/\/soledaddurazo.com\/api\/wp\/v2\/posts\/20602\/revisions\/20606"}],"wp:featuredmedia":[{"embeddable":true,"href":"https:\/\/soledaddurazo.com\/api\/wp\/v2\/media\/20603"}],"wp:attachment":[{"href":"https:\/\/soledaddurazo.com\/api\/wp\/v2\/media?parent=20602"}],"wp:term":[{"taxonomy":"category","embeddable":true,"href":"https:\/\/soledaddurazo.com\/api\/wp\/v2\/categories?post=20602"},{"taxonomy":"post_tag","embeddable":true,"href":"https:\/\/soledaddurazo.com\/api\/wp\/v2\/tags?post=20602"}],"curies":[{"name":"wp","href":"https:\/\/api.w.org\/{rel}","templated":true}]}}