{"id":20534,"date":"2024-06-26T00:34:37","date_gmt":"2024-06-26T07:34:37","guid":{"rendered":"https:\/\/soledaddurazo.com\/?p=20534"},"modified":"2024-06-26T00:48:54","modified_gmt":"2024-06-26T07:48:54","slug":"el-festival-mar-bermejo-2024-promete-variedad-de-actividades","status":"publish","type":"post","link":"https:\/\/soledaddurazo.com\/blog\/2024\/06\/26\/el-festival-mar-bermejo-2024-promete-variedad-de-actividades\/","title":{"rendered":"El Festival Mar Bermejo 2024 promete variedad de actividades"},"content":{"rendered":"<ol>\n<li style=\"text-align: left;\"><\/li>\n<\/ol>\n<p>Guaymas, Sonora, 25 de junio de 2024.- Del 11 al 13 de julio el Ayuntamiento de Guaymas celebrar\u00e1 el XXI Festival Mar Bermejo 2024 donde las diferentes expresiones art\u00edsticas tendr\u00e1n espacio en los escenarios que recibir\u00e1n a familias y visitantes, anunci\u00f3 la doctora Karla C\u00f3rdova Gonz\u00e1lez en conferencia de prensa.<\/p>\n<p>A\u00f1o con a\u00f1o este gran festival es organizado por el Ayuntamiento de Guaymas en coordinaci\u00f3n con el Instituto Municipal de Cultura y Arte (IMCA) para conmemorar el aniversario de la Gesta Heroica del 13 de julio, fecha de gran significado para los guaymenses.<\/p>\n<p>Daniel Moreno Blanco, director de IMCA, se\u00f1al\u00f3 que inicia una fiesta de cultura y tradiciones por eso est\u00e1bamos muy orgullosos de presentar el programa de este festival que cuenta con muchas actividades en los diferentes foros para todos.<\/p>\n<p>La doctora Karla C\u00f3rdova Gonz\u00e1lez<br \/>\ncoment\u00f3 que es un gusto presentar otro Festival Mar Bermejo que esperamos que sea del agrado de todos, no solo de Guaymas tambi\u00e9n de todo Sonora para que vengan a ver a estos artistas y agradeci\u00f3 el apoyo del gobernador Alfonso Durazo para realizar esta celebraci\u00f3n; &#8220;no hay que olvidar que esta es una fiesta heroica y del pueblo para que se viva en familia y como es tradici\u00f3n, es totalmente gratis porque queremos reconstruir el tejido social con cultura&#8221;.<\/p>\n<p>&nbsp;<\/p>\n<p>Entre los artistas que se presentar\u00e1n en el Malec\u00f3n Tur\u00edstico destaca la Sonora Dinamita para el jueves 11 a partir de las 22:30 horas; Playa Limbo y Reyli Barba desde las 20:00 horas y para finalizar este festival el s\u00e1bado 13, la participaci\u00f3n de Ana Victoria y Amanda Miguel a partir de las 21:30 horas.<\/p>\n<p>La edici\u00f3n XXI del Festival Mar Bermejo 2024 presentar\u00e1 talleres de escritura, grabado, fotograf\u00eda, fotograf\u00eda para cine, ajedrez, gesti\u00f3n cultural, charlas, participaci\u00f3n de academias de danza, Masterclass de alientos por solistas de Sonora, poes\u00eda, presentaci\u00f3n de libro y documental, encuentro de cronistas, Xunuta Cantora, de ITSON, la Orquesta Filarm\u00f3nica de Sonora y Orquesta Filarm\u00f3nica Fray Ivo Toneck, muestras de la cultura Yaqui y Seri as\u00ed como el ya tradicional recorrido hist\u00f3rico.<\/p>\n<p>La Ruta del Arte ser\u00e1 inaugurada este 11 de julio en el lobby del Auditorio C\u00edvico desde las 17:00 horas, en tanto, la doctora Karla C\u00f3rdova Gonz\u00e1lez y autoridades, inaugurar\u00e1n en el Malec\u00f3n Tur\u00edstico el XXI Festival Mar Bermejo 2024 donde se presentar\u00e1 desde las 21:00 horas Javier Cinco y posteriormente se entregar\u00e1 la medalla al m\u00e9rito cultural.<\/p>\n<p>Presentes en el evento, el S\u00edndico Municipal, Carlos Burrola C\u00f3rdova y el Secretario del Ayuntamiento Herm\u00e1n Garc\u00eda Luna, adem\u00e1s se cont\u00f3 con la participaci\u00f3n musical de los maestros Roberto Galv\u00e1n y Luis Castillo, quienes presentaron grandes \u00e9xitos que disfrutar\u00e1n las familias y visitantes al Festival Mar Bermejo 2024.<\/p>\n<p>&nbsp;<\/p>\n","protected":false},"excerpt":{"rendered":"<p>Guaymas, Sonora, 25 de junio de 2024.- Del 11 al 13 de julio el Ayuntamiento de Guaymas celebrar\u00e1 el XXI Festival Mar Bermejo 2024 donde las diferentes expresiones art\u00edsticas tendr\u00e1n espacio en los escenarios que recibir\u00e1n a familias y visitantes, anunci\u00f3 la doctora Karla C\u00f3rdova Gonz\u00e1lez en conferencia de prensa. A\u00f1o con a\u00f1o este gran [&hellip;]<\/p>\n","protected":false},"author":1,"featured_media":20538,"comment_status":"open","ping_status":"open","sticky":false,"template":"","format":"standard","meta":{"footnotes":""},"categories":[160],"tags":[],"class_list":["post"],"yoast_head":" \n<title>El Festival Mar Bermejo 2024 promete variedad de actividades - Periodista SoledadDurazo.com<\/title>\n<meta name=\"robots\" content=\"index, follow, max-snippet:-1, max-image-preview:large, max-video-preview:-1\" \/>\n<link rel=\"canonical\" href=\"https:\/\/soledaddurazo.com\/blog\/2024\/06\/26\/el-festival-mar-bermejo-2024-promete-variedad-de-actividades\/\" \/>\n<meta property=\"og:locale\" content=\"es_MX\" \/>\n<meta property=\"og:type\" content=\"article\" \/>\n<meta property=\"og:title\" content=\"El Festival Mar Bermejo 2024 promete variedad de actividades\" \/>\n<meta property=\"og:description\" content=\"Guaymas, Sonora, 25 de junio de 2024.- Del 11 al 13 de julio el Ayuntamiento de Guaymas celebrar\u00e1 el XXI Festival Mar Bermejo 2024 donde las diferentes expresiones art\u00edsticas tendr\u00e1n espacio en los escenarios que recibir\u00e1n a familias y visitantes, anunci\u00f3 la doctora Karla C\u00f3rdova Gonz\u00e1lez en conferencia de prensa. A\u00f1o con a\u00f1o este gran [&hellip;]\" \/>\n<meta property=\"og:url\" content=\"https:\/\/soledaddurazo.com\/blog\/2024\/06\/26\/el-festival-mar-bermejo-2024-promete-variedad-de-actividades\/\" \/>\n<meta property=\"og:site_name\" content=\"Periodista SoledadDurazo.com\" \/>\n<meta property=\"article:publisher\" content=\"https:\/\/www.facebook.com\/soledad.durazo.9\/\" \/>\n<meta property=\"article:published_time\" content=\"2024-06-26T07:34:37+00:00\" \/>\n<meta property=\"article:modified_time\" content=\"2024-06-26T07:48:54+00:00\" \/>\n<meta property=\"og:image\" content=\"https:\/\/soledaddurazo.com\/storage\/2024\/06\/Screenshot_2024-06-26-00-44-42-719_com.android.chrome.jpg\" \/>\n\t<meta property=\"og:image:width\" content=\"1080\" \/>\n\t<meta property=\"og:image:height\" content=\"586\" \/>\n<meta name=\"twitter:card\" content=\"summary_large_image\" \/>\n<meta name=\"twitter:creator\" content=\"@SoledadDurazo\" \/>\n<meta name=\"twitter:site\" content=\"@SoledadDurazo\" \/>\n<meta name=\"twitter:label1\" content=\"Escrito por\" \/>\n\t<meta name=\"twitter:data1\" content=\"Redacci\u00f3n\" \/>\n\t<meta name=\"twitter:label2\" content=\"Tiempo de lectura\" \/>\n\t<meta name=\"twitter:data2\" content=\"2 minutos\" \/>\n<script type=\"application\/ld+json\" class=\"yoast-schema-graph\">{\"@context\":\"https:\/\/schema.org\",\"@graph\":[{\"@type\":\"Organization\",\"@id\":\"https:\/\/soledaddurazo.com\/#organization\",\"name\":\"Soledad Durazo\",\"url\":\"https:\/\/soledaddurazo.com\/\",\"sameAs\":[\"https:\/\/www.facebook.com\/soledad.durazo.9\/\",\"https:\/\/www.instagram.com\/soledaddurazo\",\"https:\/\/www.youtube.com\/channel\/UC9yGPw8-Vbl_B2XNkRwPS-w\",\"https:\/\/twitter.com\/SoledadDurazo\"],\"logo\":{\"@type\":\"ImageObject\",\"@id\":\"https:\/\/soledaddurazo.com\/#logo\",\"inLanguage\":\"es\",\"url\":\"https:\/\/soledaddurazo.com\/storage\/2021\/11\/nllp-720x375-1-2.png\",\"contentUrl\":\"https:\/\/soledaddurazo.com\/storage\/2021\/11\/nllp-720x375-1-2.png\",\"width\":720,\"height\":375,\"caption\":\"Soledad Durazo\"},\"image\":{\"@id\":\"https:\/\/soledaddurazo.com\/#logo\"}},{\"@type\":\"WebSite\",\"@id\":\"https:\/\/soledaddurazo.com\/#website\",\"url\":\"https:\/\/soledaddurazo.com\/\",\"name\":\"Periodista SoledadDurazo.com\",\"description\":\"Periodista sonorense. Directora de www.SoledadDurazo.com Columnista, conductora de radio y Tv. Catedr\\u00e1tica en la UNISON\",\"publisher\":{\"@id\":\"https:\/\/soledaddurazo.com\/#organization\"},\"potentialAction\":[{\"@type\":\"SearchAction\",\"target\":{\"@type\":\"EntryPoint\",\"urlTemplate\":\"https:\/\/soledaddurazo.com\/?s={search_term_string}\"},\"query-input\":\"required name=search_term_string\"}],\"inLanguage\":\"es\"},{\"@type\":\"ImageObject\",\"@id\":\"https:\/\/soledaddurazo.com\/blog\/2024\/06\/26\/el-festival-mar-bermejo-2024-promete-variedad-de-actividades\/#primaryimage\",\"inLanguage\":\"es\",\"url\":\"https:\/\/soledaddurazo.com\/storage\/2024\/06\/Screenshot_2024-06-26-00-44-42-719_com.android.chrome.jpg\",\"contentUrl\":\"https:\/\/soledaddurazo.com\/storage\/2024\/06\/Screenshot_2024-06-26-00-44-42-719_com.android.chrome.jpg\",\"width\":1080,\"height\":586},{\"@type\":\"WebPage\",\"@id\":\"https:\/\/soledaddurazo.com\/blog\/2024\/06\/26\/el-festival-mar-bermejo-2024-promete-variedad-de-actividades\/#webpage\",\"url\":\"https:\/\/soledaddurazo.com\/blog\/2024\/06\/26\/el-festival-mar-bermejo-2024-promete-variedad-de-actividades\/\",\"name\":\"El Festival Mar Bermejo 2024 promete variedad de actividades - Periodista SoledadDurazo.com\",\"isPartOf\":{\"@id\":\"https:\/\/soledaddurazo.com\/#website\"},\"primaryImageOfPage\":{\"@id\":\"https:\/\/soledaddurazo.com\/blog\/2024\/06\/26\/el-festival-mar-bermejo-2024-promete-variedad-de-actividades\/#primaryimage\"},\"datePublished\":\"2024-06-26T07:34:37+00:00\",\"dateModified\":\"2024-06-26T07:48:54+00:00\",\"breadcrumb\":{\"@id\":\"https:\/\/soledaddurazo.com\/blog\/2024\/06\/26\/el-festival-mar-bermejo-2024-promete-variedad-de-actividades\/#breadcrumb\"},\"inLanguage\":\"es\",\"potentialAction\":[{\"@type\":\"ReadAction\",\"target\":[\"https:\/\/soledaddurazo.com\/blog\/2024\/06\/26\/el-festival-mar-bermejo-2024-promete-variedad-de-actividades\/\"]}]},{\"@type\":\"BreadcrumbList\",\"@id\":\"https:\/\/soledaddurazo.com\/blog\/2024\/06\/26\/el-festival-mar-bermejo-2024-promete-variedad-de-actividades\/#breadcrumb\",\"itemListElement\":[{\"@type\":\"ListItem\",\"position\":1,\"name\":\"Home\",\"item\":\"https:\/\/soledaddurazo.com\/\"},{\"@type\":\"ListItem\",\"position\":2,\"name\":\"El Festival Mar Bermejo 2024 promete variedad de actividades\"}]},{\"@type\":\"Article\",\"@id\":\"https:\/\/soledaddurazo.com\/blog\/2024\/06\/26\/el-festival-mar-bermejo-2024-promete-variedad-de-actividades\/#article\",\"isPartOf\":{\"@id\":\"https:\/\/soledaddurazo.com\/blog\/2024\/06\/26\/el-festival-mar-bermejo-2024-promete-variedad-de-actividades\/#webpage\"},\"author\":{\"@id\":\"https:\/\/soledaddurazo.com\/#\/schema\/person\/822d8e13aa288585e6546f179853758b\"},\"headline\":\"El Festival Mar Bermejo 2024 promete variedad de actividades\",\"datePublished\":\"2024-06-26T07:34:37+00:00\",\"dateModified\":\"2024-06-26T07:48:54+00:00\",\"mainEntityOfPage\":{\"@id\":\"https:\/\/soledaddurazo.com\/blog\/2024\/06\/26\/el-festival-mar-bermejo-2024-promete-variedad-de-actividades\/#webpage\"},\"wordCount\":487,\"commentCount\":0,\"publisher\":{\"@id\":\"https:\/\/soledaddurazo.com\/#organization\"},\"image\":{\"@id\":\"https:\/\/soledaddurazo.com\/blog\/2024\/06\/26\/el-festival-mar-bermejo-2024-promete-variedad-de-actividades\/#primaryimage\"},\"thumbnailUrl\":\"https:\/\/soledaddurazo.com\/storage\/2024\/06\/Screenshot_2024-06-26-00-44-42-719_com.android.chrome.jpg\",\"articleSection\":[\"Mas noticias\"],\"inLanguage\":\"es\",\"potentialAction\":[{\"@type\":\"CommentAction\",\"name\":\"Comment\",\"target\":[\"https:\/\/soledaddurazo.com\/blog\/2024\/06\/26\/el-festival-mar-bermejo-2024-promete-variedad-de-actividades\/#respond\"]}]},{\"@type\":\"Person\",\"@id\":\"https:\/\/soledaddurazo.com\/#\/schema\/person\/822d8e13aa288585e6546f179853758b\",\"name\":\"Redacci\\u00f3n\",\"image\":{\"@type\":\"ImageObject\",\"@id\":\"https:\/\/soledaddurazo.com\/#personlogo\",\"inLanguage\":\"es\",\"url\":\"https:\/\/secure.gravatar.com\/avatar\/c4e193752f756fd61f04deebed3a3a20dc188d37edb53682d313ac57f2725d54?s=96&d=mm&r=g\",\"contentUrl\":\"https:\/\/secure.gravatar.com\/avatar\/c4e193752f756fd61f04deebed3a3a20dc188d37edb53682d313ac57f2725d54?s=96&d=mm&r=g\",\"caption\":\"Redacci\\u00f3n\"},\"sameAs\":[\"https:\/\/soledaddurazo.com\"]}]}<\/script>\n ","yoast_head_json":{"title":"El Festival Mar Bermejo 2024 promete variedad de actividades - Periodista SoledadDurazo.com","robots":{"index":"index","follow":"follow","max-snippet":"max-snippet:-1","max-image-preview":"max-image-preview:large","max-video-preview":"max-video-preview:-1"},"canonical":"https:\/\/soledaddurazo.com\/blog\/2024\/06\/26\/el-festival-mar-bermejo-2024-promete-variedad-de-actividades\/","og_locale":"es_MX","og_type":"article","og_title":"El Festival Mar Bermejo 2024 promete variedad de actividades","og_description":"Guaymas, Sonora, 25 de junio de 2024.- Del 11 al 13 de julio el Ayuntamiento de Guaymas celebrar\u00e1 el XXI Festival Mar Bermejo 2024 donde las diferentes expresiones art\u00edsticas tendr\u00e1n espacio en los escenarios que recibir\u00e1n a familias y visitantes, anunci\u00f3 la doctora Karla C\u00f3rdova Gonz\u00e1lez en conferencia de prensa. A\u00f1o con a\u00f1o este gran [&hellip;]","og_url":"https:\/\/soledaddurazo.com\/blog\/2024\/06\/26\/el-festival-mar-bermejo-2024-promete-variedad-de-actividades\/","og_site_name":"Periodista SoledadDurazo.com","article_publisher":"https:\/\/www.facebook.com\/soledad.durazo.9\/","article_published_time":"2024-06-26T07:34:37+00:00","article_modified_time":"2024-06-26T07:48:54+00:00","og_image":[{"width":1080,"height":586,"url":"https:\/\/soledaddurazo.com\/storage\/2024\/06\/Screenshot_2024-06-26-00-44-42-719_com.android.chrome.jpg","type":"image\/jpeg"}],"twitter_card":"summary_large_image","twitter_creator":"@SoledadDurazo","twitter_site":"@SoledadDurazo","twitter_misc":{"Escrito por":"Redacci\u00f3n","Tiempo de lectura":"2 minutos"},"schema":{"@context":"https:\/\/schema.org","@graph":[{"@type":"Organization","@id":"https:\/\/soledaddurazo.com\/#organization","name":"Soledad Durazo","url":"https:\/\/soledaddurazo.com\/","sameAs":["https:\/\/www.facebook.com\/soledad.durazo.9\/","https:\/\/www.instagram.com\/soledaddurazo","https:\/\/www.youtube.com\/channel\/UC9yGPw8-Vbl_B2XNkRwPS-w","https:\/\/twitter.com\/SoledadDurazo"],"logo":{"@type":"ImageObject","@id":"https:\/\/soledaddurazo.com\/#logo","inLanguage":"es","url":"https:\/\/soledaddurazo.com\/storage\/2021\/11\/nllp-720x375-1-2.png","contentUrl":"https:\/\/soledaddurazo.com\/storage\/2021\/11\/nllp-720x375-1-2.png","width":720,"height":375,"caption":"Soledad Durazo"},"image":{"@id":"https:\/\/soledaddurazo.com\/#logo"}},{"@type":"WebSite","@id":"https:\/\/soledaddurazo.com\/#website","url":"https:\/\/soledaddurazo.com\/","name":"Periodista SoledadDurazo.com","description":"Periodista sonorense. Directora de www.SoledadDurazo.com Columnista, conductora de radio y Tv. Catedr\u00e1tica en la UNISON","publisher":{"@id":"https:\/\/soledaddurazo.com\/#organization"},"potentialAction":[{"@type":"SearchAction","target":{"@type":"EntryPoint","urlTemplate":"https:\/\/soledaddurazo.com\/?s={search_term_string}"},"query-input":"required name=search_term_string"}],"inLanguage":"es"},{"@type":"ImageObject","@id":"https:\/\/soledaddurazo.com\/blog\/2024\/06\/26\/el-festival-mar-bermejo-2024-promete-variedad-de-actividades\/#primaryimage","inLanguage":"es","url":"https:\/\/soledaddurazo.com\/storage\/2024\/06\/Screenshot_2024-06-26-00-44-42-719_com.android.chrome.jpg","contentUrl":"https:\/\/soledaddurazo.com\/storage\/2024\/06\/Screenshot_2024-06-26-00-44-42-719_com.android.chrome.jpg","width":1080,"height":586},{"@type":"WebPage","@id":"https:\/\/soledaddurazo.com\/blog\/2024\/06\/26\/el-festival-mar-bermejo-2024-promete-variedad-de-actividades\/#webpage","url":"https:\/\/soledaddurazo.com\/blog\/2024\/06\/26\/el-festival-mar-bermejo-2024-promete-variedad-de-actividades\/","name":"El Festival Mar Bermejo 2024 promete variedad de actividades - Periodista SoledadDurazo.com","isPartOf":{"@id":"https:\/\/soledaddurazo.com\/#website"},"primaryImageOfPage":{"@id":"https:\/\/soledaddurazo.com\/blog\/2024\/06\/26\/el-festival-mar-bermejo-2024-promete-variedad-de-actividades\/#primaryimage"},"datePublished":"2024-06-26T07:34:37+00:00","dateModified":"2024-06-26T07:48:54+00:00","breadcrumb":{"@id":"https:\/\/soledaddurazo.com\/blog\/2024\/06\/26\/el-festival-mar-bermejo-2024-promete-variedad-de-actividades\/#breadcrumb"},"inLanguage":"es","potentialAction":[{"@type":"ReadAction","target":["https:\/\/soledaddurazo.com\/blog\/2024\/06\/26\/el-festival-mar-bermejo-2024-promete-variedad-de-actividades\/"]}]},{"@type":"BreadcrumbList","@id":"https:\/\/soledaddurazo.com\/blog\/2024\/06\/26\/el-festival-mar-bermejo-2024-promete-variedad-de-actividades\/#breadcrumb","itemListElement":[{"@type":"ListItem","position":1,"name":"Home","item":"https:\/\/soledaddurazo.com\/"},{"@type":"ListItem","position":2,"name":"El Festival Mar Bermejo 2024 promete variedad de actividades"}]},{"@type":"Article","@id":"https:\/\/soledaddurazo.com\/blog\/2024\/06\/26\/el-festival-mar-bermejo-2024-promete-variedad-de-actividades\/#article","isPartOf":{"@id":"https:\/\/soledaddurazo.com\/blog\/2024\/06\/26\/el-festival-mar-bermejo-2024-promete-variedad-de-actividades\/#webpage"},"author":{"@id":"https:\/\/soledaddurazo.com\/#\/schema\/person\/822d8e13aa288585e6546f179853758b"},"headline":"El Festival Mar Bermejo 2024 promete variedad de actividades","datePublished":"2024-06-26T07:34:37+00:00","dateModified":"2024-06-26T07:48:54+00:00","mainEntityOfPage":{"@id":"https:\/\/soledaddurazo.com\/blog\/2024\/06\/26\/el-festival-mar-bermejo-2024-promete-variedad-de-actividades\/#webpage"},"wordCount":487,"commentCount":0,"publisher":{"@id":"https:\/\/soledaddurazo.com\/#organization"},"image":{"@id":"https:\/\/soledaddurazo.com\/blog\/2024\/06\/26\/el-festival-mar-bermejo-2024-promete-variedad-de-actividades\/#primaryimage"},"thumbnailUrl":"https:\/\/soledaddurazo.com\/storage\/2024\/06\/Screenshot_2024-06-26-00-44-42-719_com.android.chrome.jpg","articleSection":["Mas noticias"],"inLanguage":"es","potentialAction":[{"@type":"CommentAction","name":"Comment","target":["https:\/\/soledaddurazo.com\/blog\/2024\/06\/26\/el-festival-mar-bermejo-2024-promete-variedad-de-actividades\/#respond"]}]},{"@type":"Person","@id":"https:\/\/soledaddurazo.com\/#\/schema\/person\/822d8e13aa288585e6546f179853758b","name":"Redacci\u00f3n","image":{"@type":"ImageObject","@id":"https:\/\/soledaddurazo.com\/#personlogo","inLanguage":"es","url":"https:\/\/secure.gravatar.com\/avatar\/c4e193752f756fd61f04deebed3a3a20dc188d37edb53682d313ac57f2725d54?s=96&d=mm&r=g","contentUrl":"https:\/\/secure.gravatar.com\/avatar\/c4e193752f756fd61f04deebed3a3a20dc188d37edb53682d313ac57f2725d54?s=96&d=mm&r=g","caption":"Redacci\u00f3n"},"sameAs":["https:\/\/soledaddurazo.com"]}]}},"_links":{"self":[{"href":"https:\/\/soledaddurazo.com\/api\/wp\/v2\/posts\/20534","targetHints":{"allow":["GET"]}}],"collection":[{"href":"https:\/\/soledaddurazo.com\/api\/wp\/v2\/posts"}],"about":[{"href":"https:\/\/soledaddurazo.com\/api\/wp\/v2\/types\/post"}],"author":[{"embeddable":true,"href":"https:\/\/soledaddurazo.com\/api\/wp\/v2\/users\/1"}],"replies":[{"embeddable":true,"href":"https:\/\/soledaddurazo.com\/api\/wp\/v2\/comments?post=20534"}],"version-history":[{"count":2,"href":"https:\/\/soledaddurazo.com\/api\/wp\/v2\/posts\/20534\/revisions"}],"predecessor-version":[{"id":20537,"href":"https:\/\/soledaddurazo.com\/api\/wp\/v2\/posts\/20534\/revisions\/20537"}],"wp:featuredmedia":[{"embeddable":true,"href":"https:\/\/soledaddurazo.com\/api\/wp\/v2\/media\/20538"}],"wp:attachment":[{"href":"https:\/\/soledaddurazo.com\/api\/wp\/v2\/media?parent=20534"}],"wp:term":[{"taxonomy":"category","embeddable":true,"href":"https:\/\/soledaddurazo.com\/api\/wp\/v2\/categories?post=20534"},{"taxonomy":"post_tag","embeddable":true,"href":"https:\/\/soledaddurazo.com\/api\/wp\/v2\/tags?post=20534"}],"curies":[{"name":"wp","href":"https:\/\/api.w.org\/{rel}","templated":true}]}}