{"id":20431,"date":"2024-06-03T17:10:25","date_gmt":"2024-06-04T00:10:25","guid":{"rendered":"https:\/\/soledaddurazo.com\/?p=20431"},"modified":"2024-06-03T17:10:25","modified_gmt":"2024-06-04T00:10:25","slug":"los-sonorense-somos-de-los-que-menos-participamos-en-las-eleccion-de-nuestros-gobernantes","status":"publish","type":"post","link":"https:\/\/soledaddurazo.com\/blog\/2024\/06\/03\/los-sonorense-somos-de-los-que-menos-participamos-en-las-eleccion-de-nuestros-gobernantes\/","title":{"rendered":"Los Sonorense somos de los que menos participamos en las elecci\u00f3n de nuestros  gobernantes"},"content":{"rendered":"<p>&nbsp;<\/p>\n<p>Baja California, Sonora y Chihuahua presentaron los menores niveles de participaci\u00f3n en la recientes Elecciones seg\u00fan indic\u00f3 Natalia Campos, Coordinadora de Administraci\u00f3n P\u00fablica en el IMCO.<\/p>\n<p>Durante una entrevista con la periodista Soledad Durazo, Campos se bas\u00f3 en un estudio realizado el pasado domingo en que se llevar a cabo las elecciones en M\u00e9xico y con base en los resultados indic\u00f3 que Sonora est\u00e1 dentro del los Estados que menos participaci\u00f3n tuvo en la contienda y\u00a0 en esta ocasi\u00f3n tambi\u00e9n disminuy\u00f3 su participaci\u00f3n en un dos porciento.<\/p>\n<p>Dijo que existe indicador que muestra que algunos Estados del Norte tienen menor participaci\u00f3n para elegir a los candidatos, mientras el sur presenta mayor actividad, como por ejemplo, Yucat\u00e1n que tuvo un 71% y la Ciudad de M\u00e9xico, no obstante, en el caso de Sonora, este a\u00f1o fueron a las casillas el 50% lo que cual muestra una disminuci\u00f3n, cuando en las elecciones del 2018 lo hicieron el 52%.<\/p>\n<p><em><strong>\u00bfCu\u00e1les son los factores para que en Sonora la gente participe menos en las Elecciones?<\/strong><\/em><\/p>\n<p>La respuesta de Natalia Campos y los detalles del tema en la entrevista completa en TVD Primera Plana aqu\u00ed\ud83d\udc47<\/p>\n<p>&nbsp;<\/p>\n<div class=\"lyte-wrapper fourthree\" style=\"width:420px;max-width:100%;margin:5px;\"><div class=\"lyMe\" id=\"WYL_SV6R4AxXmVI\"><div id=\"lyte_SV6R4AxXmVI\" data-src=\"\/\/i.ytimg.com\/vi\/SV6R4AxXmVI\/hqdefault.jpg\" class=\"pL\"><div class=\"tC\"><div class=\"tT\"><\/div><\/div><div class=\"play\"><\/div><div class=\"ctrl\"><div class=\"Lctrl\"><\/div><div class=\"Rctrl\"><\/div><\/div><\/div><noscript><a href=\"https:\/\/youtu.be\/SV6R4AxXmVI\"><img loading=\"lazy\" decoding=\"async\" src=\"https:\/\/i.ytimg.com\/vi\/SV6R4AxXmVI\/0.jpg\" alt=\"\" width=\"420\" height=\"295\" \/><br \/>Ver este video en YouTube<\/a><\/noscript><\/div><\/div><div class=\"lL\" style=\"max-width:100%;width:420px;margin:5px;\"><\/div>\n","protected":false},"excerpt":{"rendered":"<p>&nbsp; Baja California, Sonora y Chihuahua presentaron los menores niveles de participaci\u00f3n en la recientes Elecciones seg\u00fan indic\u00f3 Natalia Campos, Coordinadora de Administraci\u00f3n P\u00fablica en el IMCO. Durante una entrevista con la periodista Soledad Durazo, Campos se bas\u00f3 en un estudio realizado el pasado domingo en que se llevar a cabo las elecciones en M\u00e9xico [&hellip;]<\/p>\n","protected":false},"author":1,"featured_media":20432,"comment_status":"open","ping_status":"open","sticky":false,"template":"","format":"standard","meta":{"footnotes":""},"categories":[162],"tags":[],"class_list":["post"],"yoast_head":" \n<title>Los Sonorense somos de los que menos participamos en las elecci\u00f3n de nuestros gobernantes - Periodista SoledadDurazo.com<\/title>\n<meta name=\"robots\" content=\"index, follow, max-snippet:-1, max-image-preview:large, max-video-preview:-1\" \/>\n<link rel=\"canonical\" href=\"https:\/\/soledaddurazo.com\/blog\/2024\/06\/03\/los-sonorense-somos-de-los-que-menos-participamos-en-las-eleccion-de-nuestros-gobernantes\/\" \/>\n<meta property=\"og:locale\" content=\"es_MX\" \/>\n<meta property=\"og:type\" content=\"article\" \/>\n<meta property=\"og:title\" content=\"Los Sonorense somos de los que menos participamos en las elecci\u00f3n de nuestros gobernantes\" \/>\n<meta property=\"og:description\" content=\"&nbsp; Baja California, Sonora y Chihuahua presentaron los menores niveles de participaci\u00f3n en la recientes Elecciones seg\u00fan indic\u00f3 Natalia Campos, Coordinadora de Administraci\u00f3n P\u00fablica en el IMCO. Durante una entrevista con la periodista Soledad Durazo, Campos se bas\u00f3 en un estudio realizado el pasado domingo en que se llevar a cabo las elecciones en M\u00e9xico [&hellip;]\" \/>\n<meta property=\"og:url\" content=\"https:\/\/soledaddurazo.com\/blog\/2024\/06\/03\/los-sonorense-somos-de-los-que-menos-participamos-en-las-eleccion-de-nuestros-gobernantes\/\" \/>\n<meta property=\"og:site_name\" content=\"Periodista SoledadDurazo.com\" \/>\n<meta property=\"article:publisher\" content=\"https:\/\/www.facebook.com\/soledad.durazo.9\/\" \/>\n<meta property=\"article:published_time\" content=\"2024-06-04T00:10:25+00:00\" \/>\n<meta property=\"og:image\" content=\"https:\/\/soledaddurazo.com\/storage\/2024\/06\/1.jpeg\" \/>\n\t<meta property=\"og:image:width\" content=\"400\" \/>\n\t<meta property=\"og:image:height\" content=\"250\" \/>\n<meta name=\"twitter:card\" content=\"summary_large_image\" \/>\n<meta name=\"twitter:creator\" content=\"@SoledadDurazo\" \/>\n<meta name=\"twitter:site\" content=\"@SoledadDurazo\" \/>\n<meta name=\"twitter:label1\" content=\"Escrito por\" \/>\n\t<meta name=\"twitter:data1\" content=\"Redacci\u00f3n\" \/>\n\t<meta name=\"twitter:label2\" content=\"Tiempo de lectura\" \/>\n\t<meta name=\"twitter:data2\" content=\"1 minuto\" \/>\n<script type=\"application\/ld+json\" class=\"yoast-schema-graph\">{\"@context\":\"https:\/\/schema.org\",\"@graph\":[{\"@type\":\"Organization\",\"@id\":\"https:\/\/soledaddurazo.com\/#organization\",\"name\":\"Soledad Durazo\",\"url\":\"https:\/\/soledaddurazo.com\/\",\"sameAs\":[\"https:\/\/www.facebook.com\/soledad.durazo.9\/\",\"https:\/\/www.instagram.com\/soledaddurazo\",\"https:\/\/www.youtube.com\/channel\/UC9yGPw8-Vbl_B2XNkRwPS-w\",\"https:\/\/twitter.com\/SoledadDurazo\"],\"logo\":{\"@type\":\"ImageObject\",\"@id\":\"https:\/\/soledaddurazo.com\/#logo\",\"inLanguage\":\"es\",\"url\":\"https:\/\/soledaddurazo.com\/storage\/2021\/11\/nllp-720x375-1-2.png\",\"contentUrl\":\"https:\/\/soledaddurazo.com\/storage\/2021\/11\/nllp-720x375-1-2.png\",\"width\":720,\"height\":375,\"caption\":\"Soledad Durazo\"},\"image\":{\"@id\":\"https:\/\/soledaddurazo.com\/#logo\"}},{\"@type\":\"WebSite\",\"@id\":\"https:\/\/soledaddurazo.com\/#website\",\"url\":\"https:\/\/soledaddurazo.com\/\",\"name\":\"Periodista SoledadDurazo.com\",\"description\":\"Periodista sonorense. Directora de www.SoledadDurazo.com Columnista, conductora de radio y Tv. Catedr\\u00e1tica en la UNISON\",\"publisher\":{\"@id\":\"https:\/\/soledaddurazo.com\/#organization\"},\"potentialAction\":[{\"@type\":\"SearchAction\",\"target\":{\"@type\":\"EntryPoint\",\"urlTemplate\":\"https:\/\/soledaddurazo.com\/?s={search_term_string}\"},\"query-input\":\"required name=search_term_string\"}],\"inLanguage\":\"es\"},{\"@type\":\"ImageObject\",\"@id\":\"https:\/\/soledaddurazo.com\/blog\/2024\/06\/03\/los-sonorense-somos-de-los-que-menos-participamos-en-las-eleccion-de-nuestros-gobernantes\/#primaryimage\",\"inLanguage\":\"es\",\"url\":\"https:\/\/soledaddurazo.com\/storage\/2024\/06\/1.jpeg\",\"contentUrl\":\"https:\/\/soledaddurazo.com\/storage\/2024\/06\/1.jpeg\",\"width\":400,\"height\":250},{\"@type\":\"WebPage\",\"@id\":\"https:\/\/soledaddurazo.com\/blog\/2024\/06\/03\/los-sonorense-somos-de-los-que-menos-participamos-en-las-eleccion-de-nuestros-gobernantes\/#webpage\",\"url\":\"https:\/\/soledaddurazo.com\/blog\/2024\/06\/03\/los-sonorense-somos-de-los-que-menos-participamos-en-las-eleccion-de-nuestros-gobernantes\/\",\"name\":\"Los Sonorense somos de los que menos participamos en las elecci\\u00f3n de nuestros gobernantes - Periodista SoledadDurazo.com\",\"isPartOf\":{\"@id\":\"https:\/\/soledaddurazo.com\/#website\"},\"primaryImageOfPage\":{\"@id\":\"https:\/\/soledaddurazo.com\/blog\/2024\/06\/03\/los-sonorense-somos-de-los-que-menos-participamos-en-las-eleccion-de-nuestros-gobernantes\/#primaryimage\"},\"datePublished\":\"2024-06-04T00:10:25+00:00\",\"dateModified\":\"2024-06-04T00:10:25+00:00\",\"breadcrumb\":{\"@id\":\"https:\/\/soledaddurazo.com\/blog\/2024\/06\/03\/los-sonorense-somos-de-los-que-menos-participamos-en-las-eleccion-de-nuestros-gobernantes\/#breadcrumb\"},\"inLanguage\":\"es\",\"potentialAction\":[{\"@type\":\"ReadAction\",\"target\":[\"https:\/\/soledaddurazo.com\/blog\/2024\/06\/03\/los-sonorense-somos-de-los-que-menos-participamos-en-las-eleccion-de-nuestros-gobernantes\/\"]}]},{\"@type\":\"BreadcrumbList\",\"@id\":\"https:\/\/soledaddurazo.com\/blog\/2024\/06\/03\/los-sonorense-somos-de-los-que-menos-participamos-en-las-eleccion-de-nuestros-gobernantes\/#breadcrumb\",\"itemListElement\":[{\"@type\":\"ListItem\",\"position\":1,\"name\":\"Home\",\"item\":\"https:\/\/soledaddurazo.com\/\"},{\"@type\":\"ListItem\",\"position\":2,\"name\":\"Los Sonorense somos de los que menos participamos en las elecci\\u00f3n de nuestros gobernantes\"}]},{\"@type\":\"Article\",\"@id\":\"https:\/\/soledaddurazo.com\/blog\/2024\/06\/03\/los-sonorense-somos-de-los-que-menos-participamos-en-las-eleccion-de-nuestros-gobernantes\/#article\",\"isPartOf\":{\"@id\":\"https:\/\/soledaddurazo.com\/blog\/2024\/06\/03\/los-sonorense-somos-de-los-que-menos-participamos-en-las-eleccion-de-nuestros-gobernantes\/#webpage\"},\"author\":{\"@id\":\"https:\/\/soledaddurazo.com\/#\/schema\/person\/822d8e13aa288585e6546f179853758b\"},\"headline\":\"Los Sonorense somos de los que menos participamos en las elecci\\u00f3n de nuestros gobernantes\",\"datePublished\":\"2024-06-04T00:10:25+00:00\",\"dateModified\":\"2024-06-04T00:10:25+00:00\",\"mainEntityOfPage\":{\"@id\":\"https:\/\/soledaddurazo.com\/blog\/2024\/06\/03\/los-sonorense-somos-de-los-que-menos-participamos-en-las-eleccion-de-nuestros-gobernantes\/#webpage\"},\"wordCount\":224,\"commentCount\":0,\"publisher\":{\"@id\":\"https:\/\/soledaddurazo.com\/#organization\"},\"image\":{\"@id\":\"https:\/\/soledaddurazo.com\/blog\/2024\/06\/03\/los-sonorense-somos-de-los-que-menos-participamos-en-las-eleccion-de-nuestros-gobernantes\/#primaryimage\"},\"thumbnailUrl\":\"https:\/\/soledaddurazo.com\/storage\/2024\/06\/1.jpeg\",\"articleSection\":[\"Lo digo como es\"],\"inLanguage\":\"es\",\"potentialAction\":[{\"@type\":\"CommentAction\",\"name\":\"Comment\",\"target\":[\"https:\/\/soledaddurazo.com\/blog\/2024\/06\/03\/los-sonorense-somos-de-los-que-menos-participamos-en-las-eleccion-de-nuestros-gobernantes\/#respond\"]}]},{\"@type\":\"Person\",\"@id\":\"https:\/\/soledaddurazo.com\/#\/schema\/person\/822d8e13aa288585e6546f179853758b\",\"name\":\"Redacci\\u00f3n\",\"image\":{\"@type\":\"ImageObject\",\"@id\":\"https:\/\/soledaddurazo.com\/#personlogo\",\"inLanguage\":\"es\",\"url\":\"https:\/\/secure.gravatar.com\/avatar\/c4e193752f756fd61f04deebed3a3a20dc188d37edb53682d313ac57f2725d54?s=96&d=mm&r=g\",\"contentUrl\":\"https:\/\/secure.gravatar.com\/avatar\/c4e193752f756fd61f04deebed3a3a20dc188d37edb53682d313ac57f2725d54?s=96&d=mm&r=g\",\"caption\":\"Redacci\\u00f3n\"},\"sameAs\":[\"https:\/\/soledaddurazo.com\"]}]}<\/script>\n ","yoast_head_json":{"title":"Los Sonorense somos de los que menos participamos en las elecci\u00f3n de nuestros gobernantes - Periodista SoledadDurazo.com","robots":{"index":"index","follow":"follow","max-snippet":"max-snippet:-1","max-image-preview":"max-image-preview:large","max-video-preview":"max-video-preview:-1"},"canonical":"https:\/\/soledaddurazo.com\/blog\/2024\/06\/03\/los-sonorense-somos-de-los-que-menos-participamos-en-las-eleccion-de-nuestros-gobernantes\/","og_locale":"es_MX","og_type":"article","og_title":"Los Sonorense somos de los que menos participamos en las elecci\u00f3n de nuestros gobernantes","og_description":"&nbsp; Baja California, Sonora y Chihuahua presentaron los menores niveles de participaci\u00f3n en la recientes Elecciones seg\u00fan indic\u00f3 Natalia Campos, Coordinadora de Administraci\u00f3n P\u00fablica en el IMCO. Durante una entrevista con la periodista Soledad Durazo, Campos se bas\u00f3 en un estudio realizado el pasado domingo en que se llevar a cabo las elecciones en M\u00e9xico [&hellip;]","og_url":"https:\/\/soledaddurazo.com\/blog\/2024\/06\/03\/los-sonorense-somos-de-los-que-menos-participamos-en-las-eleccion-de-nuestros-gobernantes\/","og_site_name":"Periodista SoledadDurazo.com","article_publisher":"https:\/\/www.facebook.com\/soledad.durazo.9\/","article_published_time":"2024-06-04T00:10:25+00:00","og_image":[{"width":400,"height":250,"url":"https:\/\/soledaddurazo.com\/storage\/2024\/06\/1.jpeg","type":"image\/jpeg"}],"twitter_card":"summary_large_image","twitter_creator":"@SoledadDurazo","twitter_site":"@SoledadDurazo","twitter_misc":{"Escrito por":"Redacci\u00f3n","Tiempo de lectura":"1 minuto"},"schema":{"@context":"https:\/\/schema.org","@graph":[{"@type":"Organization","@id":"https:\/\/soledaddurazo.com\/#organization","name":"Soledad Durazo","url":"https:\/\/soledaddurazo.com\/","sameAs":["https:\/\/www.facebook.com\/soledad.durazo.9\/","https:\/\/www.instagram.com\/soledaddurazo","https:\/\/www.youtube.com\/channel\/UC9yGPw8-Vbl_B2XNkRwPS-w","https:\/\/twitter.com\/SoledadDurazo"],"logo":{"@type":"ImageObject","@id":"https:\/\/soledaddurazo.com\/#logo","inLanguage":"es","url":"https:\/\/soledaddurazo.com\/storage\/2021\/11\/nllp-720x375-1-2.png","contentUrl":"https:\/\/soledaddurazo.com\/storage\/2021\/11\/nllp-720x375-1-2.png","width":720,"height":375,"caption":"Soledad Durazo"},"image":{"@id":"https:\/\/soledaddurazo.com\/#logo"}},{"@type":"WebSite","@id":"https:\/\/soledaddurazo.com\/#website","url":"https:\/\/soledaddurazo.com\/","name":"Periodista SoledadDurazo.com","description":"Periodista sonorense. Directora de www.SoledadDurazo.com Columnista, conductora de radio y Tv. Catedr\u00e1tica en la UNISON","publisher":{"@id":"https:\/\/soledaddurazo.com\/#organization"},"potentialAction":[{"@type":"SearchAction","target":{"@type":"EntryPoint","urlTemplate":"https:\/\/soledaddurazo.com\/?s={search_term_string}"},"query-input":"required name=search_term_string"}],"inLanguage":"es"},{"@type":"ImageObject","@id":"https:\/\/soledaddurazo.com\/blog\/2024\/06\/03\/los-sonorense-somos-de-los-que-menos-participamos-en-las-eleccion-de-nuestros-gobernantes\/#primaryimage","inLanguage":"es","url":"https:\/\/soledaddurazo.com\/storage\/2024\/06\/1.jpeg","contentUrl":"https:\/\/soledaddurazo.com\/storage\/2024\/06\/1.jpeg","width":400,"height":250},{"@type":"WebPage","@id":"https:\/\/soledaddurazo.com\/blog\/2024\/06\/03\/los-sonorense-somos-de-los-que-menos-participamos-en-las-eleccion-de-nuestros-gobernantes\/#webpage","url":"https:\/\/soledaddurazo.com\/blog\/2024\/06\/03\/los-sonorense-somos-de-los-que-menos-participamos-en-las-eleccion-de-nuestros-gobernantes\/","name":"Los Sonorense somos de los que menos participamos en las elecci\u00f3n de nuestros gobernantes - Periodista SoledadDurazo.com","isPartOf":{"@id":"https:\/\/soledaddurazo.com\/#website"},"primaryImageOfPage":{"@id":"https:\/\/soledaddurazo.com\/blog\/2024\/06\/03\/los-sonorense-somos-de-los-que-menos-participamos-en-las-eleccion-de-nuestros-gobernantes\/#primaryimage"},"datePublished":"2024-06-04T00:10:25+00:00","dateModified":"2024-06-04T00:10:25+00:00","breadcrumb":{"@id":"https:\/\/soledaddurazo.com\/blog\/2024\/06\/03\/los-sonorense-somos-de-los-que-menos-participamos-en-las-eleccion-de-nuestros-gobernantes\/#breadcrumb"},"inLanguage":"es","potentialAction":[{"@type":"ReadAction","target":["https:\/\/soledaddurazo.com\/blog\/2024\/06\/03\/los-sonorense-somos-de-los-que-menos-participamos-en-las-eleccion-de-nuestros-gobernantes\/"]}]},{"@type":"BreadcrumbList","@id":"https:\/\/soledaddurazo.com\/blog\/2024\/06\/03\/los-sonorense-somos-de-los-que-menos-participamos-en-las-eleccion-de-nuestros-gobernantes\/#breadcrumb","itemListElement":[{"@type":"ListItem","position":1,"name":"Home","item":"https:\/\/soledaddurazo.com\/"},{"@type":"ListItem","position":2,"name":"Los Sonorense somos de los que menos participamos en las elecci\u00f3n de nuestros gobernantes"}]},{"@type":"Article","@id":"https:\/\/soledaddurazo.com\/blog\/2024\/06\/03\/los-sonorense-somos-de-los-que-menos-participamos-en-las-eleccion-de-nuestros-gobernantes\/#article","isPartOf":{"@id":"https:\/\/soledaddurazo.com\/blog\/2024\/06\/03\/los-sonorense-somos-de-los-que-menos-participamos-en-las-eleccion-de-nuestros-gobernantes\/#webpage"},"author":{"@id":"https:\/\/soledaddurazo.com\/#\/schema\/person\/822d8e13aa288585e6546f179853758b"},"headline":"Los Sonorense somos de los que menos participamos en las elecci\u00f3n de nuestros gobernantes","datePublished":"2024-06-04T00:10:25+00:00","dateModified":"2024-06-04T00:10:25+00:00","mainEntityOfPage":{"@id":"https:\/\/soledaddurazo.com\/blog\/2024\/06\/03\/los-sonorense-somos-de-los-que-menos-participamos-en-las-eleccion-de-nuestros-gobernantes\/#webpage"},"wordCount":224,"commentCount":0,"publisher":{"@id":"https:\/\/soledaddurazo.com\/#organization"},"image":{"@id":"https:\/\/soledaddurazo.com\/blog\/2024\/06\/03\/los-sonorense-somos-de-los-que-menos-participamos-en-las-eleccion-de-nuestros-gobernantes\/#primaryimage"},"thumbnailUrl":"https:\/\/soledaddurazo.com\/storage\/2024\/06\/1.jpeg","articleSection":["Lo digo como es"],"inLanguage":"es","potentialAction":[{"@type":"CommentAction","name":"Comment","target":["https:\/\/soledaddurazo.com\/blog\/2024\/06\/03\/los-sonorense-somos-de-los-que-menos-participamos-en-las-eleccion-de-nuestros-gobernantes\/#respond"]}]},{"@type":"Person","@id":"https:\/\/soledaddurazo.com\/#\/schema\/person\/822d8e13aa288585e6546f179853758b","name":"Redacci\u00f3n","image":{"@type":"ImageObject","@id":"https:\/\/soledaddurazo.com\/#personlogo","inLanguage":"es","url":"https:\/\/secure.gravatar.com\/avatar\/c4e193752f756fd61f04deebed3a3a20dc188d37edb53682d313ac57f2725d54?s=96&d=mm&r=g","contentUrl":"https:\/\/secure.gravatar.com\/avatar\/c4e193752f756fd61f04deebed3a3a20dc188d37edb53682d313ac57f2725d54?s=96&d=mm&r=g","caption":"Redacci\u00f3n"},"sameAs":["https:\/\/soledaddurazo.com"]}]}},"_links":{"self":[{"href":"https:\/\/soledaddurazo.com\/api\/wp\/v2\/posts\/20431","targetHints":{"allow":["GET"]}}],"collection":[{"href":"https:\/\/soledaddurazo.com\/api\/wp\/v2\/posts"}],"about":[{"href":"https:\/\/soledaddurazo.com\/api\/wp\/v2\/types\/post"}],"author":[{"embeddable":true,"href":"https:\/\/soledaddurazo.com\/api\/wp\/v2\/users\/1"}],"replies":[{"embeddable":true,"href":"https:\/\/soledaddurazo.com\/api\/wp\/v2\/comments?post=20431"}],"version-history":[{"count":1,"href":"https:\/\/soledaddurazo.com\/api\/wp\/v2\/posts\/20431\/revisions"}],"predecessor-version":[{"id":20433,"href":"https:\/\/soledaddurazo.com\/api\/wp\/v2\/posts\/20431\/revisions\/20433"}],"wp:featuredmedia":[{"embeddable":true,"href":"https:\/\/soledaddurazo.com\/api\/wp\/v2\/media\/20432"}],"wp:attachment":[{"href":"https:\/\/soledaddurazo.com\/api\/wp\/v2\/media?parent=20431"}],"wp:term":[{"taxonomy":"category","embeddable":true,"href":"https:\/\/soledaddurazo.com\/api\/wp\/v2\/categories?post=20431"},{"taxonomy":"post_tag","embeddable":true,"href":"https:\/\/soledaddurazo.com\/api\/wp\/v2\/tags?post=20431"}],"curies":[{"name":"wp","href":"https:\/\/api.w.org\/{rel}","templated":true}]}}