{"id":20070,"date":"2024-04-29T08:15:37","date_gmt":"2024-04-29T15:15:37","guid":{"rendered":"https:\/\/soledaddurazo.com\/?p=20070"},"modified":"2024-04-29T08:15:37","modified_gmt":"2024-04-29T15:15:37","slug":"debate-entre-reclamos-y-acusaciones","status":"publish","type":"post","link":"https:\/\/soledaddurazo.com\/blog\/2024\/04\/29\/debate-entre-reclamos-y-acusaciones\/","title":{"rendered":"Debate entre reclamos y acusaciones"},"content":{"rendered":"<p><a href=\"https:\/\/soledaddurazo.com\/storage\/2024\/04\/Screenshot_2024-04-29-08-10-41-668_com.microsoft.office.officehubrow.jpg\"><img loading=\"lazy\" decoding=\"async\" class=\"aligncenter size-full wp-image-20071\" src=\"https:\/\/soledaddurazo.com\/storage\/2024\/04\/Screenshot_2024-04-29-08-10-41-668_com.microsoft.office.officehubrow.jpg\" alt=\"\" width=\"994\" height=\"565\" srcset=\"https:\/\/soledaddurazo.com\/storage\/2024\/04\/Screenshot_2024-04-29-08-10-41-668_com.microsoft.office.officehubrow.jpg 994w, https:\/\/soledaddurazo.com\/storage\/2024\/04\/Screenshot_2024-04-29-08-10-41-668_com.microsoft.office.officehubrow-300x171.jpg 300w, https:\/\/soledaddurazo.com\/storage\/2024\/04\/Screenshot_2024-04-29-08-10-41-668_com.microsoft.office.officehubrow-768x437.jpg 768w, https:\/\/soledaddurazo.com\/storage\/2024\/04\/Screenshot_2024-04-29-08-10-41-668_com.microsoft.office.officehubrow-600x341.jpg 600w, https:\/\/soledaddurazo.com\/storage\/2024\/04\/Screenshot_2024-04-29-08-10-41-668_com.microsoft.office.officehubrow-750x426.jpg 750w\" sizes=\"auto, (max-width: 994px) 100vw, 994px\" \/><\/a><\/p>\n<p>&nbsp;<\/p>\n<p>Los candidatos a la presidencia de la Rep\u00fablica Claudia Sheinbaum, X\u00f3chitl G\u00e1lvez y Jorge \u00c1lvarez M\u00e1ynez, sostuvieron ayer el segundo debate organizado por el Instituto Nacional Electoral, realizado en la sede de los estudios Churubusco en la CDMX.<\/p>\n<p>Crecimiento econ\u00f3mico, empleo e inflaci\u00f3n; pobreza y desigualdad; infraestructura y desarrollo; cambio clim\u00e1tico y desarrollo sustentable, fueron los temas que los candidatos debatieron, los reflectores estuvieron enfocados en Claudia Sheinbaum y X\u00f3chitl G\u00e1lvez por obvias razones, la participaci\u00f3n del candidato \u00c1lvarez M\u00e1ynez, con toda sinceridad, fue de mero ornato.<\/p>\n<p>La candidata de la Coalici\u00f3n \u201cFuerza y Coraz\u00f3n por M\u00e9xico\u201d, X\u00f3chitl G\u00e1lvez Ru\u00edz, prometi\u00f3 que en esta ocasi\u00f3n no har\u00eda caso de los consejos de sus asesores y ser\u00eda m\u00e1s \u201cella\u201d. La candidata de la Coalici\u00f3n opositora, lleg\u00f3 al encuentro, ocupando el segundo lugar en todas las encuestas de intenci\u00f3n al voto y con la obligaci\u00f3n de aprovechar la \u00faltima oportunidad para intentar acortar la ventaja.<\/p>\n<p>Muy voluntariosa, con estrategia centrada en el ataque, G\u00e1lvez Ru\u00edz se dedic\u00f3 a presionar a la candidata de la Coalici\u00f3n \u201cSigamos Haciendo Historia\u201d Claudia Sheinbaum Pardo, cuestion\u00e1ndole sobre sus propiedades; el caso de corrupci\u00f3n en la que estuvo envuelto su ex esposo Carlos Imaz; sobre el colapso de la l\u00ednea 12 del metro;\u00a0 el colapso del Colegio Rebsamen; los accidentes en las obras del tren Interurbano, su responsabilidad en la contaminaci\u00f3n del agua en algunas Delegaciones de la CDMX y si investigar los probables casos de corrupci\u00f3n de los hijos del Presidente L\u00f3pez Obrador y otros cercanos al Mandatario.<\/p>\n<p>A pie firme, sin caer en las provocaciones, Claudia Sheinbaum aguant\u00f3 la andanada y se dedic\u00f3 a exaltar las pol\u00edticas del Gobierno Federal, como el aumento hist\u00f3rico al salario m\u00ednimo; la disminuci\u00f3n de la pobreza; el crecimiento de la econom\u00eda a pesar de la pandemia y hasta dio una breve explicaci\u00f3n de la reciente creaci\u00f3n del fondo de pensiones del Bienestar para que los trabajadores se jubilen con el 100% de su sueldo.<\/p>\n<p>En contragolpe, Claudia Sheinbaum tambi\u00e9n le lanz\u00f3 algunos dardos a X\u00f3chitl G\u00e1lvez, la acus\u00f3 de recibir contratos millonarios del Gobierno Federal a trav\u00e9s de sus empresas en el sexenio de Vicente Fox, cuando fue Directora de la Comisi\u00f3n Nacional de Pueblos Ind\u00edgenas. insisti\u00f3 en remarcar que los electores tienen dos opciones el pr\u00f3ximo 2 de junio, la primera, es el camino de la transformaci\u00f3n y la segunda, es el camino de los que gobernaron los \u00faltimos 30 a\u00f1os para beneficio de unos cuantos.<\/p>\n<p>Ambas candidatas intercambiaron sobrenombres, X\u00f3chitl G\u00e1lvez le llam\u00f3 \u201cnarco candidata\u201d del partido que le rinde culto a la Santa Muerte y \u201cla candidata de las mentiras\u201d a Sheinbaum, mientras que la ex Jefa de Gobierno de la CDMX le llam\u00f3 \u201cla corrupta\u201d a X\u00f3chitl G\u00e1lvez y respondi\u00f3<\/p>\n<p>Subido de tono, entre reclamos, ataques y acusaciones, as\u00ed transcurri\u00f3 el segundo debate, cualquiera que haya sido el resultado de este ejercicio democr\u00e1tico, no creo que lo ocurrido, modifique de manera importante el sentido de las preferencias electorales, no atestiguamos ninguna tragedia.<\/p>\n<p><strong>DETIENEN OTRA VEZ A FRANCISCO BUENO AYOUB \u00a0<\/strong><\/p>\n<p>Francisco Bueno Ayup, apareci\u00f3 en el servicio p\u00fablico como aspirante a la Presidencia Municipal de Guaymas, despu\u00e9s asesor del entonces Senador Guillermo Padr\u00e9s y fue nombrado Director de Alcoholes, al llegar Guillermo Padr\u00e9s a la titularidad del Poder Ejecutivo Estatal.<\/p>\n<p>Era uno de los operadores electorales estrella del PAN de Guillermo Padr\u00e9s, cuando el ex Gobernador de Sonora, intent\u00f3 empoderase como el operador electoral n\u00famero uno a nivel nacional del albiazul.<\/p>\n<p>De qu\u00e9 tama\u00f1o ser\u00eda la operaci\u00f3n rastrillo que se cargaba Francisco Bueno Ayup en la Direcci\u00f3n General de Alcoholes, que, en el sexenio m\u00e1s corrupto de la historia, fue corrido por se\u00f1alamientos de corrupci\u00f3n.<\/p>\n<p>Como operador electoral busc\u00f3 refugio en el estado de Quer\u00e9taro, sus bonos subieron cuando se hizo compadre de Ernesto Cordero Arroyo, el Secretario de Hacienda de Felipe Calder\u00f3n y fallido candidato presidencial.<\/p>\n<p>Al mismo tiempo, en sus viajes a Hermosillo, comenz\u00f3 a mostrar su afici\u00f3n por demostrar sus conocimientos en artes marciales mixtas combinadas con el consumo de grandes cantidades de alcohol en restaurantes, bares y antros de la capital del estado, muchos de ellos, guardados en la memoria de las benditas redes sociales.<\/p>\n<p>Tambi\u00e9n ha trascendi\u00f3 su afici\u00f3n por difundir en redes sociales, fotograf\u00edas y videos de mujeres con las que se involucr\u00f3 sentimentalmente, en situaciones propias de la intimidad. Hoy en d\u00eda ese comportamiento est\u00e1 tipificado como delito por la Ley Olimpia.<\/p>\n<p>En el proceso electoral del 2015, fue detenido por las autoridades, acusado de no cumplir con las obligaciones de cubrir la pensi\u00f3n alimenticia de sus hijos, acus\u00f3 al Gobierno Federal de ordenar su detenci\u00f3n para evitar que operara electoralmente en la entidad.<\/p>\n<p>Como director de Finanzas en el Gobierno de Durango, tuvo un paso ef\u00edmero, no dur\u00f3 mucho, protagoniz\u00f3 un accidente de tr\u00e1nsito en un veh\u00edculo oficial y en presunto estado de ebriedad, fue motivo suficiente para que lo corrieran, la prensa de aquel estado ya lo tra\u00eda de encargo por sus constantes excesos.<\/p>\n<p>Fracas\u00f3 en su intento de formar el partido pol\u00edtico Redes Sociales Progresistas, acusaciones de malversaci\u00f3n de recursos le persiguieron durante este proceso.<\/p>\n<p>Ayer se dio a conocer que las autoridades de Procuraci\u00f3n de Justicia realizaron un operativo en un fraccionamiento residencial para detener a Francisco Bueno Ayup, acusado de violaci\u00f3n y otros delitos de car\u00e1cter sexual.<\/p>\n<p>Circul\u00f3 la versi\u00f3n de radio pasillo, en relaci\u00f3n a la cercan\u00eda de Francisco Bueno Ayup, con algunos personajes importantes de Morena y que hasta andaba operando electoralmente.<\/p>\n<p>En esa l\u00f3gica, el guaymense no podr\u00e1 argumentar en esta ocasi\u00f3n en su defensa, que su detenci\u00f3n haya sido por causas electorales, la fama que le precede no es de oquis, es un p\u00e1jaro de cuentas.<\/p>\n<p><strong>KARLA C\u00d3RDOBA SIN MIEDO AL \u00c9XITO EN GUAYMAS<\/strong><\/p>\n<p>A prop\u00f3sito de temas de Guaymas, pero de mejor nivel, segura y sin miedo al \u00e9xito de alcanzar la reelecci\u00f3n, se declara la Doctora Karla C\u00f3rdoba, en conversaci\u00f3n sostenida el viernes por la tarde en sesi\u00f3n extraordinaria del Colectivo de Reporteros A.C. que modific\u00f3 su sede a la casa del se\u00f1or Samuel Valenzuela, que junto con su esposa Juana Mar\u00eda Olgu\u00edn, fungieron como excelentes anfitriones.<\/p>\n<p>Se dice f\u00e1cil lo logrado por la Doctora C\u00f3rdoba en el Ayuntamiento de Guaymas, acabar con la narrativa de corrupci\u00f3n imperante en el puerto por muchos a\u00f1os; rescatar los servicios p\u00fablicos como el de recolecci\u00f3n de basura y alumbrado p\u00fablico, que fueron concesionados y abandonados; el poner orden en las finanzas municipales; mejorar en las calificaciones de las instancias fiscalizadoras y de las calificadoras internacionales.<\/p>\n<p>Ya qued\u00f3 atr\u00e1s el Guaymas lleno de basura, sin alumbrado, con casos de corrupci\u00f3n en el Ayuntamiento que ocupaban los principales encabezados de los medios de comunicaci\u00f3n. La narrativa es distinta, gracias al trabajo de equipo, que desde la cabeza, tiene la voluntad de que Guaymas cambie.<\/p>\n<p>Hoy Guaymas tiene inversi\u00f3n, obras que le est\u00e1n cambiando la cara, tiene mucho futuro y es parte importante del proyecto de desarrollo del estado, la doctora Karla C\u00f3rdoba conf\u00eda en volver a \u00a0refrendar la confianza de los guaymenses en las urnas.<\/p>\n<p>Para los amigos de todo el sur de Sonora, los invito a escuchar, SONORA EN RED NOTICIAS, en su nuevo horario a las 6 de la tarde, espacio que comparto con mi amigo Arturo Chapo Soto, por el 93.3 del cuadrante de F.M. informativo que tambi\u00e9n puede ser visto, por la se\u00f1al del canal 14 de Estrella Tucson TV, en todo el sur de Arizona.<\/p>\n<p>Podemos interactuar a trav\u00e9s de mi cuenta de Twitter @feroropeza20 o en mi correo electr\u00f3nico <a href=\"mailto:luiso@hmo.megared.net.mx\">luiso@hmo.megared.net.mx<\/a><\/p>\n<p>&nbsp;<\/p>\n<p>&nbsp;<\/p>\n","protected":false},"excerpt":{"rendered":"<p>&nbsp; Los candidatos a la presidencia de la Rep\u00fablica Claudia Sheinbaum, X\u00f3chitl G\u00e1lvez y Jorge \u00c1lvarez M\u00e1ynez, sostuvieron ayer el segundo debate organizado por el Instituto Nacional Electoral, realizado en la sede de los estudios Churubusco en la CDMX. Crecimiento econ\u00f3mico, empleo e inflaci\u00f3n; pobreza y desigualdad; infraestructura y desarrollo; cambio clim\u00e1tico y desarrollo sustentable, [&hellip;]<\/p>\n","protected":false},"author":1,"featured_media":18539,"comment_status":"open","ping_status":"open","sticky":false,"template":"","format":"standard","meta":{"footnotes":""},"categories":[173],"tags":[],"class_list":["post"],"yoast_head":" \n<title>Debate entre reclamos y acusaciones - Periodista SoledadDurazo.com<\/title>\n<meta name=\"robots\" content=\"index, follow, max-snippet:-1, max-image-preview:large, max-video-preview:-1\" \/>\n<link rel=\"canonical\" href=\"https:\/\/soledaddurazo.com\/blog\/2024\/04\/29\/debate-entre-reclamos-y-acusaciones\/\" \/>\n<meta property=\"og:locale\" content=\"es_MX\" \/>\n<meta property=\"og:type\" content=\"article\" \/>\n<meta property=\"og:title\" content=\"Debate entre reclamos y acusaciones\" \/>\n<meta property=\"og:description\" content=\"&nbsp; Los candidatos a la presidencia de la Rep\u00fablica Claudia Sheinbaum, X\u00f3chitl G\u00e1lvez y Jorge \u00c1lvarez M\u00e1ynez, sostuvieron ayer el segundo debate organizado por el Instituto Nacional Electoral, realizado en la sede de los estudios Churubusco en la CDMX. Crecimiento econ\u00f3mico, empleo e inflaci\u00f3n; pobreza y desigualdad; infraestructura y desarrollo; cambio clim\u00e1tico y desarrollo sustentable, [&hellip;]\" \/>\n<meta property=\"og:url\" content=\"https:\/\/soledaddurazo.com\/blog\/2024\/04\/29\/debate-entre-reclamos-y-acusaciones\/\" \/>\n<meta property=\"og:site_name\" content=\"Periodista SoledadDurazo.com\" \/>\n<meta property=\"article:publisher\" content=\"https:\/\/www.facebook.com\/soledad.durazo.9\/\" \/>\n<meta property=\"article:published_time\" content=\"2024-04-29T15:15:37+00:00\" \/>\n<meta property=\"og:image\" content=\"https:\/\/soledaddurazo.com\/storage\/2023\/09\/9a-GRAFICO-FERNANDO-OROPEZA.jpeg\" \/>\n\t<meta property=\"og:image:width\" content=\"1092\" \/>\n\t<meta property=\"og:image:height\" content=\"983\" \/>\n<meta name=\"twitter:card\" content=\"summary_large_image\" \/>\n<meta name=\"twitter:creator\" content=\"@SoledadDurazo\" \/>\n<meta name=\"twitter:site\" content=\"@SoledadDurazo\" \/>\n<meta name=\"twitter:label1\" content=\"Escrito por\" \/>\n\t<meta name=\"twitter:data1\" content=\"Redacci\u00f3n\" \/>\n\t<meta name=\"twitter:label2\" content=\"Tiempo de lectura\" \/>\n\t<meta name=\"twitter:data2\" content=\"6 minutos\" \/>\n<script type=\"application\/ld+json\" class=\"yoast-schema-graph\">{\"@context\":\"https:\/\/schema.org\",\"@graph\":[{\"@type\":\"Organization\",\"@id\":\"https:\/\/soledaddurazo.com\/#organization\",\"name\":\"Soledad Durazo\",\"url\":\"https:\/\/soledaddurazo.com\/\",\"sameAs\":[\"https:\/\/www.facebook.com\/soledad.durazo.9\/\",\"https:\/\/www.instagram.com\/soledaddurazo\",\"https:\/\/www.youtube.com\/channel\/UC9yGPw8-Vbl_B2XNkRwPS-w\",\"https:\/\/twitter.com\/SoledadDurazo\"],\"logo\":{\"@type\":\"ImageObject\",\"@id\":\"https:\/\/soledaddurazo.com\/#logo\",\"inLanguage\":\"es\",\"url\":\"https:\/\/soledaddurazo.com\/storage\/2021\/11\/nllp-720x375-1-2.png\",\"contentUrl\":\"https:\/\/soledaddurazo.com\/storage\/2021\/11\/nllp-720x375-1-2.png\",\"width\":720,\"height\":375,\"caption\":\"Soledad Durazo\"},\"image\":{\"@id\":\"https:\/\/soledaddurazo.com\/#logo\"}},{\"@type\":\"WebSite\",\"@id\":\"https:\/\/soledaddurazo.com\/#website\",\"url\":\"https:\/\/soledaddurazo.com\/\",\"name\":\"Periodista SoledadDurazo.com\",\"description\":\"Periodista sonorense. Directora de www.SoledadDurazo.com Columnista, conductora de radio y Tv. Catedr\\u00e1tica en la UNISON\",\"publisher\":{\"@id\":\"https:\/\/soledaddurazo.com\/#organization\"},\"potentialAction\":[{\"@type\":\"SearchAction\",\"target\":{\"@type\":\"EntryPoint\",\"urlTemplate\":\"https:\/\/soledaddurazo.com\/?s={search_term_string}\"},\"query-input\":\"required name=search_term_string\"}],\"inLanguage\":\"es\"},{\"@type\":\"ImageObject\",\"@id\":\"https:\/\/soledaddurazo.com\/blog\/2024\/04\/29\/debate-entre-reclamos-y-acusaciones\/#primaryimage\",\"inLanguage\":\"es\",\"url\":\"https:\/\/soledaddurazo.com\/storage\/2023\/09\/9a-GRAFICO-FERNANDO-OROPEZA.jpeg\",\"contentUrl\":\"https:\/\/soledaddurazo.com\/storage\/2023\/09\/9a-GRAFICO-FERNANDO-OROPEZA.jpeg\",\"width\":1092,\"height\":983},{\"@type\":\"WebPage\",\"@id\":\"https:\/\/soledaddurazo.com\/blog\/2024\/04\/29\/debate-entre-reclamos-y-acusaciones\/#webpage\",\"url\":\"https:\/\/soledaddurazo.com\/blog\/2024\/04\/29\/debate-entre-reclamos-y-acusaciones\/\",\"name\":\"Debate entre reclamos y acusaciones - Periodista SoledadDurazo.com\",\"isPartOf\":{\"@id\":\"https:\/\/soledaddurazo.com\/#website\"},\"primaryImageOfPage\":{\"@id\":\"https:\/\/soledaddurazo.com\/blog\/2024\/04\/29\/debate-entre-reclamos-y-acusaciones\/#primaryimage\"},\"datePublished\":\"2024-04-29T15:15:37+00:00\",\"dateModified\":\"2024-04-29T15:15:37+00:00\",\"breadcrumb\":{\"@id\":\"https:\/\/soledaddurazo.com\/blog\/2024\/04\/29\/debate-entre-reclamos-y-acusaciones\/#breadcrumb\"},\"inLanguage\":\"es\",\"potentialAction\":[{\"@type\":\"ReadAction\",\"target\":[\"https:\/\/soledaddurazo.com\/blog\/2024\/04\/29\/debate-entre-reclamos-y-acusaciones\/\"]}]},{\"@type\":\"BreadcrumbList\",\"@id\":\"https:\/\/soledaddurazo.com\/blog\/2024\/04\/29\/debate-entre-reclamos-y-acusaciones\/#breadcrumb\",\"itemListElement\":[{\"@type\":\"ListItem\",\"position\":1,\"name\":\"Home\",\"item\":\"https:\/\/soledaddurazo.com\/\"},{\"@type\":\"ListItem\",\"position\":2,\"name\":\"Debate entre reclamos y acusaciones\"}]},{\"@type\":\"Article\",\"@id\":\"https:\/\/soledaddurazo.com\/blog\/2024\/04\/29\/debate-entre-reclamos-y-acusaciones\/#article\",\"isPartOf\":{\"@id\":\"https:\/\/soledaddurazo.com\/blog\/2024\/04\/29\/debate-entre-reclamos-y-acusaciones\/#webpage\"},\"author\":{\"@id\":\"https:\/\/soledaddurazo.com\/#\/schema\/person\/822d8e13aa288585e6546f179853758b\"},\"headline\":\"Debate entre reclamos y acusaciones\",\"datePublished\":\"2024-04-29T15:15:37+00:00\",\"dateModified\":\"2024-04-29T15:15:37+00:00\",\"mainEntityOfPage\":{\"@id\":\"https:\/\/soledaddurazo.com\/blog\/2024\/04\/29\/debate-entre-reclamos-y-acusaciones\/#webpage\"},\"wordCount\":1378,\"commentCount\":0,\"publisher\":{\"@id\":\"https:\/\/soledaddurazo.com\/#organization\"},\"image\":{\"@id\":\"https:\/\/soledaddurazo.com\/blog\/2024\/04\/29\/debate-entre-reclamos-y-acusaciones\/#primaryimage\"},\"thumbnailUrl\":\"https:\/\/soledaddurazo.com\/storage\/2023\/09\/9a-GRAFICO-FERNANDO-OROPEZA.jpeg\",\"articleSection\":[\"Fernando Oropeza\"],\"inLanguage\":\"es\",\"potentialAction\":[{\"@type\":\"CommentAction\",\"name\":\"Comment\",\"target\":[\"https:\/\/soledaddurazo.com\/blog\/2024\/04\/29\/debate-entre-reclamos-y-acusaciones\/#respond\"]}]},{\"@type\":\"Person\",\"@id\":\"https:\/\/soledaddurazo.com\/#\/schema\/person\/822d8e13aa288585e6546f179853758b\",\"name\":\"Redacci\\u00f3n\",\"image\":{\"@type\":\"ImageObject\",\"@id\":\"https:\/\/soledaddurazo.com\/#personlogo\",\"inLanguage\":\"es\",\"url\":\"https:\/\/secure.gravatar.com\/avatar\/c4e193752f756fd61f04deebed3a3a20dc188d37edb53682d313ac57f2725d54?s=96&d=mm&r=g\",\"contentUrl\":\"https:\/\/secure.gravatar.com\/avatar\/c4e193752f756fd61f04deebed3a3a20dc188d37edb53682d313ac57f2725d54?s=96&d=mm&r=g\",\"caption\":\"Redacci\\u00f3n\"},\"sameAs\":[\"https:\/\/soledaddurazo.com\"]}]}<\/script>\n ","yoast_head_json":{"title":"Debate entre reclamos y acusaciones - Periodista SoledadDurazo.com","robots":{"index":"index","follow":"follow","max-snippet":"max-snippet:-1","max-image-preview":"max-image-preview:large","max-video-preview":"max-video-preview:-1"},"canonical":"https:\/\/soledaddurazo.com\/blog\/2024\/04\/29\/debate-entre-reclamos-y-acusaciones\/","og_locale":"es_MX","og_type":"article","og_title":"Debate entre reclamos y acusaciones","og_description":"&nbsp; Los candidatos a la presidencia de la Rep\u00fablica Claudia Sheinbaum, X\u00f3chitl G\u00e1lvez y Jorge \u00c1lvarez M\u00e1ynez, sostuvieron ayer el segundo debate organizado por el Instituto Nacional Electoral, realizado en la sede de los estudios Churubusco en la CDMX. Crecimiento econ\u00f3mico, empleo e inflaci\u00f3n; pobreza y desigualdad; infraestructura y desarrollo; cambio clim\u00e1tico y desarrollo sustentable, [&hellip;]","og_url":"https:\/\/soledaddurazo.com\/blog\/2024\/04\/29\/debate-entre-reclamos-y-acusaciones\/","og_site_name":"Periodista SoledadDurazo.com","article_publisher":"https:\/\/www.facebook.com\/soledad.durazo.9\/","article_published_time":"2024-04-29T15:15:37+00:00","og_image":[{"width":1092,"height":983,"url":"https:\/\/soledaddurazo.com\/storage\/2023\/09\/9a-GRAFICO-FERNANDO-OROPEZA.jpeg","type":"image\/jpeg"}],"twitter_card":"summary_large_image","twitter_creator":"@SoledadDurazo","twitter_site":"@SoledadDurazo","twitter_misc":{"Escrito por":"Redacci\u00f3n","Tiempo de lectura":"6 minutos"},"schema":{"@context":"https:\/\/schema.org","@graph":[{"@type":"Organization","@id":"https:\/\/soledaddurazo.com\/#organization","name":"Soledad Durazo","url":"https:\/\/soledaddurazo.com\/","sameAs":["https:\/\/www.facebook.com\/soledad.durazo.9\/","https:\/\/www.instagram.com\/soledaddurazo","https:\/\/www.youtube.com\/channel\/UC9yGPw8-Vbl_B2XNkRwPS-w","https:\/\/twitter.com\/SoledadDurazo"],"logo":{"@type":"ImageObject","@id":"https:\/\/soledaddurazo.com\/#logo","inLanguage":"es","url":"https:\/\/soledaddurazo.com\/storage\/2021\/11\/nllp-720x375-1-2.png","contentUrl":"https:\/\/soledaddurazo.com\/storage\/2021\/11\/nllp-720x375-1-2.png","width":720,"height":375,"caption":"Soledad Durazo"},"image":{"@id":"https:\/\/soledaddurazo.com\/#logo"}},{"@type":"WebSite","@id":"https:\/\/soledaddurazo.com\/#website","url":"https:\/\/soledaddurazo.com\/","name":"Periodista SoledadDurazo.com","description":"Periodista sonorense. Directora de www.SoledadDurazo.com Columnista, conductora de radio y Tv. Catedr\u00e1tica en la UNISON","publisher":{"@id":"https:\/\/soledaddurazo.com\/#organization"},"potentialAction":[{"@type":"SearchAction","target":{"@type":"EntryPoint","urlTemplate":"https:\/\/soledaddurazo.com\/?s={search_term_string}"},"query-input":"required name=search_term_string"}],"inLanguage":"es"},{"@type":"ImageObject","@id":"https:\/\/soledaddurazo.com\/blog\/2024\/04\/29\/debate-entre-reclamos-y-acusaciones\/#primaryimage","inLanguage":"es","url":"https:\/\/soledaddurazo.com\/storage\/2023\/09\/9a-GRAFICO-FERNANDO-OROPEZA.jpeg","contentUrl":"https:\/\/soledaddurazo.com\/storage\/2023\/09\/9a-GRAFICO-FERNANDO-OROPEZA.jpeg","width":1092,"height":983},{"@type":"WebPage","@id":"https:\/\/soledaddurazo.com\/blog\/2024\/04\/29\/debate-entre-reclamos-y-acusaciones\/#webpage","url":"https:\/\/soledaddurazo.com\/blog\/2024\/04\/29\/debate-entre-reclamos-y-acusaciones\/","name":"Debate entre reclamos y acusaciones - Periodista SoledadDurazo.com","isPartOf":{"@id":"https:\/\/soledaddurazo.com\/#website"},"primaryImageOfPage":{"@id":"https:\/\/soledaddurazo.com\/blog\/2024\/04\/29\/debate-entre-reclamos-y-acusaciones\/#primaryimage"},"datePublished":"2024-04-29T15:15:37+00:00","dateModified":"2024-04-29T15:15:37+00:00","breadcrumb":{"@id":"https:\/\/soledaddurazo.com\/blog\/2024\/04\/29\/debate-entre-reclamos-y-acusaciones\/#breadcrumb"},"inLanguage":"es","potentialAction":[{"@type":"ReadAction","target":["https:\/\/soledaddurazo.com\/blog\/2024\/04\/29\/debate-entre-reclamos-y-acusaciones\/"]}]},{"@type":"BreadcrumbList","@id":"https:\/\/soledaddurazo.com\/blog\/2024\/04\/29\/debate-entre-reclamos-y-acusaciones\/#breadcrumb","itemListElement":[{"@type":"ListItem","position":1,"name":"Home","item":"https:\/\/soledaddurazo.com\/"},{"@type":"ListItem","position":2,"name":"Debate entre reclamos y acusaciones"}]},{"@type":"Article","@id":"https:\/\/soledaddurazo.com\/blog\/2024\/04\/29\/debate-entre-reclamos-y-acusaciones\/#article","isPartOf":{"@id":"https:\/\/soledaddurazo.com\/blog\/2024\/04\/29\/debate-entre-reclamos-y-acusaciones\/#webpage"},"author":{"@id":"https:\/\/soledaddurazo.com\/#\/schema\/person\/822d8e13aa288585e6546f179853758b"},"headline":"Debate entre reclamos y acusaciones","datePublished":"2024-04-29T15:15:37+00:00","dateModified":"2024-04-29T15:15:37+00:00","mainEntityOfPage":{"@id":"https:\/\/soledaddurazo.com\/blog\/2024\/04\/29\/debate-entre-reclamos-y-acusaciones\/#webpage"},"wordCount":1378,"commentCount":0,"publisher":{"@id":"https:\/\/soledaddurazo.com\/#organization"},"image":{"@id":"https:\/\/soledaddurazo.com\/blog\/2024\/04\/29\/debate-entre-reclamos-y-acusaciones\/#primaryimage"},"thumbnailUrl":"https:\/\/soledaddurazo.com\/storage\/2023\/09\/9a-GRAFICO-FERNANDO-OROPEZA.jpeg","articleSection":["Fernando Oropeza"],"inLanguage":"es","potentialAction":[{"@type":"CommentAction","name":"Comment","target":["https:\/\/soledaddurazo.com\/blog\/2024\/04\/29\/debate-entre-reclamos-y-acusaciones\/#respond"]}]},{"@type":"Person","@id":"https:\/\/soledaddurazo.com\/#\/schema\/person\/822d8e13aa288585e6546f179853758b","name":"Redacci\u00f3n","image":{"@type":"ImageObject","@id":"https:\/\/soledaddurazo.com\/#personlogo","inLanguage":"es","url":"https:\/\/secure.gravatar.com\/avatar\/c4e193752f756fd61f04deebed3a3a20dc188d37edb53682d313ac57f2725d54?s=96&d=mm&r=g","contentUrl":"https:\/\/secure.gravatar.com\/avatar\/c4e193752f756fd61f04deebed3a3a20dc188d37edb53682d313ac57f2725d54?s=96&d=mm&r=g","caption":"Redacci\u00f3n"},"sameAs":["https:\/\/soledaddurazo.com"]}]}},"_links":{"self":[{"href":"https:\/\/soledaddurazo.com\/api\/wp\/v2\/posts\/20070","targetHints":{"allow":["GET"]}}],"collection":[{"href":"https:\/\/soledaddurazo.com\/api\/wp\/v2\/posts"}],"about":[{"href":"https:\/\/soledaddurazo.com\/api\/wp\/v2\/types\/post"}],"author":[{"embeddable":true,"href":"https:\/\/soledaddurazo.com\/api\/wp\/v2\/users\/1"}],"replies":[{"embeddable":true,"href":"https:\/\/soledaddurazo.com\/api\/wp\/v2\/comments?post=20070"}],"version-history":[{"count":1,"href":"https:\/\/soledaddurazo.com\/api\/wp\/v2\/posts\/20070\/revisions"}],"predecessor-version":[{"id":20072,"href":"https:\/\/soledaddurazo.com\/api\/wp\/v2\/posts\/20070\/revisions\/20072"}],"wp:featuredmedia":[{"embeddable":true,"href":"https:\/\/soledaddurazo.com\/api\/wp\/v2\/media\/18539"}],"wp:attachment":[{"href":"https:\/\/soledaddurazo.com\/api\/wp\/v2\/media?parent=20070"}],"wp:term":[{"taxonomy":"category","embeddable":true,"href":"https:\/\/soledaddurazo.com\/api\/wp\/v2\/categories?post=20070"},{"taxonomy":"post_tag","embeddable":true,"href":"https:\/\/soledaddurazo.com\/api\/wp\/v2\/tags?post=20070"}],"curies":[{"name":"wp","href":"https:\/\/api.w.org\/{rel}","templated":true}]}}