{"id":20066,"date":"2024-04-26T16:25:14","date_gmt":"2024-04-26T23:25:14","guid":{"rendered":"https:\/\/soledaddurazo.com\/?p=20066"},"modified":"2024-04-26T16:25:14","modified_gmt":"2024-04-26T23:25:14","slug":"llama-tono-astiazaran-a-votar-el-2-de-junio-por-crecer-mas-crecer-parejo-y-crecer-juntos","status":"publish","type":"post","link":"https:\/\/soledaddurazo.com\/blog\/2024\/04\/26\/llama-tono-astiazaran-a-votar-el-2-de-junio-por-crecer-mas-crecer-parejo-y-crecer-juntos\/","title":{"rendered":"Llama To\u00f1o Astiazar\u00e1n a votar el 2 de junio por crecer m\u00e1s, crecer parejo y crecer juntos"},"content":{"rendered":"<p>&nbsp;<\/p>\n<p>As\u00ed, dijo, garantizaremos que sigan los cambios iniciados hace tres a\u00f1os y que ning\u00fan hermosillense se quede atr\u00e1s<\/p>\n<p>Hermosillo, Sonora, abril 25 de 2024. \u2013 Para Hermosillo la mejor opci\u00f3n es votar el 2 de junio por crecer m\u00e1s, crecer parejo y crecer juntos, subray\u00f3 Antonio \u201cTo\u00f1o\u201d Astiazar\u00e1n, candidato a presidente municipal por un segundo per\u00edodo.<\/p>\n<p>En su visita a familias de diferentes colonias del poniente de la ciudad, To\u00f1o Astiazar\u00e1n puntualiz\u00f3 que los hermosillenses elegir\u00e1n el 2 de junio entre dos opciones; si se avanza en la ruta de los cambios que han mejorado el municipio o se retrocede al pasado.<\/p>\n<p>El candidato a presidente municipal por un segundo per\u00edodo record\u00f3 que sus resultados est\u00e1n a la vista y realiz\u00f3 compromisos para su segundo periodo al frente del gobierno municipal.<\/p>\n<p>Acompa\u00f1ado por cientos de familias del poniente de la ciudad se comprometi\u00f3 en continuar trabajando por quienes m\u00e1s lo necesitan, como lo ha hecho en cada rinc\u00f3n del municipio, tanto en la zona rural como urbana, en los recientes 3 a\u00f1os.<\/p>\n<p>Desde las primeras horas de la ma\u00f1ana hasta caer el sol, el candidato a la Coalici\u00f3n Fuerza y Coraz\u00f3n por Sonora recorri\u00f3 calles y visit\u00f3 colonias de Hermosillo donde ha reforzado el compromiso con la ciudadan\u00eda para Crecer M\u00e1s, Crecer Juntos y Crecer Parejo.<\/p>\n<p>\u201cLleg\u00f3 el momento de demostrar lo que hemos hecho en las colonias. Ustedes son mi principal motivo para que todas y todos salgamos adelante para dar la pelea este 2 de junio. M\u00e1s all\u00e1 de un partido pol\u00edtico, nuestro partido se llama la H\u201d, expres\u00f3 To\u00f1o Astiazar\u00e1n.<\/p>\n<p>Ante familias motivadas por construir el mejor Hermosillo de la historia se comprometi\u00f3 a crear el primer hospital p\u00fablico para mascotas, una Unidad Deportiva similar al C\u00e1rcamo para el poniente de la ciudad y la pavimentaci\u00f3n de la calle Heroico Colegio Militar, as\u00ed como la rehabilitaci\u00f3n de la Perimetral.<\/p>\n<p>\u201cTo\u00f1o no nos ha dejado desde que lleg\u00f3 la seguridad ha estado la Polic\u00eda Municipal aqu\u00ed dentro de nuestra colonia. Con el apoyo de todos ustedes vamos a tener esa comunidad que tanto hemos deseado. To\u00f1o dijo que nos va apoyar y lo va hacer&#8221;, subray\u00f3 Mireya Silva.<\/p>\n<p>El candidato del Partido Acci\u00f3n Nacional, Partido Revolucionario Institucional y Partido de la Revoluci\u00f3n Democr\u00e1tica fue acompa\u00f1ado por Isela Montes de Oca, candidata a diputada por el distrito 11; Zaira Fern\u00e1ndez por el distrito 06; Luis Estevan\u00e9 por el distrito 08, Alejandra L\u00f3pez Noriega por el 10 y Jorge \u201cEl Travieso\u201d Arce por el distrito 3 federal.<\/p>\n","protected":false},"excerpt":{"rendered":"<p>&nbsp; As\u00ed, dijo, garantizaremos que sigan los cambios iniciados hace tres a\u00f1os y que ning\u00fan hermosillense se quede atr\u00e1s Hermosillo, Sonora, abril 25 de 2024. \u2013 Para Hermosillo la mejor opci\u00f3n es votar el 2 de junio por crecer m\u00e1s, crecer parejo y crecer juntos, subray\u00f3 Antonio \u201cTo\u00f1o\u201d Astiazar\u00e1n, candidato a presidente municipal por un [&hellip;]<\/p>\n","protected":false},"author":1,"featured_media":20067,"comment_status":"open","ping_status":"open","sticky":false,"template":"","format":"standard","meta":{"footnotes":""},"categories":[159],"tags":[],"class_list":["post"],"yoast_head":" \n<title>Llama To\u00f1o Astiazar\u00e1n a votar el 2 de junio por crecer m\u00e1s, crecer parejo y crecer juntos - Periodista SoledadDurazo.com<\/title>\n<meta name=\"robots\" content=\"index, follow, max-snippet:-1, max-image-preview:large, max-video-preview:-1\" \/>\n<link rel=\"canonical\" href=\"https:\/\/soledaddurazo.com\/blog\/2024\/04\/26\/llama-tono-astiazaran-a-votar-el-2-de-junio-por-crecer-mas-crecer-parejo-y-crecer-juntos\/\" \/>\n<meta property=\"og:locale\" content=\"es_MX\" \/>\n<meta property=\"og:type\" content=\"article\" \/>\n<meta property=\"og:title\" content=\"Llama To\u00f1o Astiazar\u00e1n a votar el 2 de junio por crecer m\u00e1s, crecer parejo y crecer juntos\" \/>\n<meta property=\"og:description\" content=\"&nbsp; As\u00ed, dijo, garantizaremos que sigan los cambios iniciados hace tres a\u00f1os y que ning\u00fan hermosillense se quede atr\u00e1s Hermosillo, Sonora, abril 25 de 2024. \u2013 Para Hermosillo la mejor opci\u00f3n es votar el 2 de junio por crecer m\u00e1s, crecer parejo y crecer juntos, subray\u00f3 Antonio \u201cTo\u00f1o\u201d Astiazar\u00e1n, candidato a presidente municipal por un [&hellip;]\" \/>\n<meta property=\"og:url\" content=\"https:\/\/soledaddurazo.com\/blog\/2024\/04\/26\/llama-tono-astiazaran-a-votar-el-2-de-junio-por-crecer-mas-crecer-parejo-y-crecer-juntos\/\" \/>\n<meta property=\"og:site_name\" content=\"Periodista SoledadDurazo.com\" \/>\n<meta property=\"article:publisher\" content=\"https:\/\/www.facebook.com\/soledad.durazo.9\/\" \/>\n<meta property=\"article:published_time\" content=\"2024-04-26T23:25:14+00:00\" \/>\n<meta property=\"og:image\" content=\"https:\/\/soledaddurazo.com\/storage\/2024\/04\/ccac8053-29d5-474e-b5eb-4e96c644726a.jpg\" \/>\n\t<meta property=\"og:image:width\" content=\"1029\" \/>\n\t<meta property=\"og:image:height\" content=\"590\" \/>\n<meta name=\"twitter:card\" content=\"summary_large_image\" \/>\n<meta name=\"twitter:creator\" content=\"@SoledadDurazo\" \/>\n<meta name=\"twitter:site\" content=\"@SoledadDurazo\" \/>\n<meta name=\"twitter:label1\" content=\"Escrito por\" \/>\n\t<meta name=\"twitter:data1\" content=\"Redacci\u00f3n\" \/>\n\t<meta name=\"twitter:label2\" content=\"Tiempo de lectura\" \/>\n\t<meta name=\"twitter:data2\" content=\"2 minutos\" \/>\n<script type=\"application\/ld+json\" class=\"yoast-schema-graph\">{\"@context\":\"https:\/\/schema.org\",\"@graph\":[{\"@type\":\"Organization\",\"@id\":\"https:\/\/soledaddurazo.com\/#organization\",\"name\":\"Soledad Durazo\",\"url\":\"https:\/\/soledaddurazo.com\/\",\"sameAs\":[\"https:\/\/www.facebook.com\/soledad.durazo.9\/\",\"https:\/\/www.instagram.com\/soledaddurazo\",\"https:\/\/www.youtube.com\/channel\/UC9yGPw8-Vbl_B2XNkRwPS-w\",\"https:\/\/twitter.com\/SoledadDurazo\"],\"logo\":{\"@type\":\"ImageObject\",\"@id\":\"https:\/\/soledaddurazo.com\/#logo\",\"inLanguage\":\"es\",\"url\":\"https:\/\/soledaddurazo.com\/storage\/2021\/11\/nllp-720x375-1-2.png\",\"contentUrl\":\"https:\/\/soledaddurazo.com\/storage\/2021\/11\/nllp-720x375-1-2.png\",\"width\":720,\"height\":375,\"caption\":\"Soledad Durazo\"},\"image\":{\"@id\":\"https:\/\/soledaddurazo.com\/#logo\"}},{\"@type\":\"WebSite\",\"@id\":\"https:\/\/soledaddurazo.com\/#website\",\"url\":\"https:\/\/soledaddurazo.com\/\",\"name\":\"Periodista SoledadDurazo.com\",\"description\":\"Periodista sonorense. Directora de www.SoledadDurazo.com Columnista, conductora de radio y Tv. Catedr\\u00e1tica en la UNISON\",\"publisher\":{\"@id\":\"https:\/\/soledaddurazo.com\/#organization\"},\"potentialAction\":[{\"@type\":\"SearchAction\",\"target\":{\"@type\":\"EntryPoint\",\"urlTemplate\":\"https:\/\/soledaddurazo.com\/?s={search_term_string}\"},\"query-input\":\"required name=search_term_string\"}],\"inLanguage\":\"es\"},{\"@type\":\"ImageObject\",\"@id\":\"https:\/\/soledaddurazo.com\/blog\/2024\/04\/26\/llama-tono-astiazaran-a-votar-el-2-de-junio-por-crecer-mas-crecer-parejo-y-crecer-juntos\/#primaryimage\",\"inLanguage\":\"es\",\"url\":\"https:\/\/soledaddurazo.com\/storage\/2024\/04\/ccac8053-29d5-474e-b5eb-4e96c644726a.jpg\",\"contentUrl\":\"https:\/\/soledaddurazo.com\/storage\/2024\/04\/ccac8053-29d5-474e-b5eb-4e96c644726a.jpg\",\"width\":1029,\"height\":590},{\"@type\":\"WebPage\",\"@id\":\"https:\/\/soledaddurazo.com\/blog\/2024\/04\/26\/llama-tono-astiazaran-a-votar-el-2-de-junio-por-crecer-mas-crecer-parejo-y-crecer-juntos\/#webpage\",\"url\":\"https:\/\/soledaddurazo.com\/blog\/2024\/04\/26\/llama-tono-astiazaran-a-votar-el-2-de-junio-por-crecer-mas-crecer-parejo-y-crecer-juntos\/\",\"name\":\"Llama To\\u00f1o Astiazar\\u00e1n a votar el 2 de junio por crecer m\\u00e1s, crecer parejo y crecer juntos - Periodista SoledadDurazo.com\",\"isPartOf\":{\"@id\":\"https:\/\/soledaddurazo.com\/#website\"},\"primaryImageOfPage\":{\"@id\":\"https:\/\/soledaddurazo.com\/blog\/2024\/04\/26\/llama-tono-astiazaran-a-votar-el-2-de-junio-por-crecer-mas-crecer-parejo-y-crecer-juntos\/#primaryimage\"},\"datePublished\":\"2024-04-26T23:25:14+00:00\",\"dateModified\":\"2024-04-26T23:25:14+00:00\",\"breadcrumb\":{\"@id\":\"https:\/\/soledaddurazo.com\/blog\/2024\/04\/26\/llama-tono-astiazaran-a-votar-el-2-de-junio-por-crecer-mas-crecer-parejo-y-crecer-juntos\/#breadcrumb\"},\"inLanguage\":\"es\",\"potentialAction\":[{\"@type\":\"ReadAction\",\"target\":[\"https:\/\/soledaddurazo.com\/blog\/2024\/04\/26\/llama-tono-astiazaran-a-votar-el-2-de-junio-por-crecer-mas-crecer-parejo-y-crecer-juntos\/\"]}]},{\"@type\":\"BreadcrumbList\",\"@id\":\"https:\/\/soledaddurazo.com\/blog\/2024\/04\/26\/llama-tono-astiazaran-a-votar-el-2-de-junio-por-crecer-mas-crecer-parejo-y-crecer-juntos\/#breadcrumb\",\"itemListElement\":[{\"@type\":\"ListItem\",\"position\":1,\"name\":\"Home\",\"item\":\"https:\/\/soledaddurazo.com\/\"},{\"@type\":\"ListItem\",\"position\":2,\"name\":\"Llama To\\u00f1o Astiazar\\u00e1n a votar el 2 de junio por crecer m\\u00e1s, crecer parejo y crecer juntos\"}]},{\"@type\":\"Article\",\"@id\":\"https:\/\/soledaddurazo.com\/blog\/2024\/04\/26\/llama-tono-astiazaran-a-votar-el-2-de-junio-por-crecer-mas-crecer-parejo-y-crecer-juntos\/#article\",\"isPartOf\":{\"@id\":\"https:\/\/soledaddurazo.com\/blog\/2024\/04\/26\/llama-tono-astiazaran-a-votar-el-2-de-junio-por-crecer-mas-crecer-parejo-y-crecer-juntos\/#webpage\"},\"author\":{\"@id\":\"https:\/\/soledaddurazo.com\/#\/schema\/person\/822d8e13aa288585e6546f179853758b\"},\"headline\":\"Llama To\\u00f1o Astiazar\\u00e1n a votar el 2 de junio por crecer m\\u00e1s, crecer parejo y crecer juntos\",\"datePublished\":\"2024-04-26T23:25:14+00:00\",\"dateModified\":\"2024-04-26T23:25:14+00:00\",\"mainEntityOfPage\":{\"@id\":\"https:\/\/soledaddurazo.com\/blog\/2024\/04\/26\/llama-tono-astiazaran-a-votar-el-2-de-junio-por-crecer-mas-crecer-parejo-y-crecer-juntos\/#webpage\"},\"wordCount\":464,\"commentCount\":0,\"publisher\":{\"@id\":\"https:\/\/soledaddurazo.com\/#organization\"},\"image\":{\"@id\":\"https:\/\/soledaddurazo.com\/blog\/2024\/04\/26\/llama-tono-astiazaran-a-votar-el-2-de-junio-por-crecer-mas-crecer-parejo-y-crecer-juntos\/#primaryimage\"},\"thumbnailUrl\":\"https:\/\/soledaddurazo.com\/storage\/2024\/04\/ccac8053-29d5-474e-b5eb-4e96c644726a.jpg\",\"articleSection\":[\"Mi Sonora\"],\"inLanguage\":\"es\",\"potentialAction\":[{\"@type\":\"CommentAction\",\"name\":\"Comment\",\"target\":[\"https:\/\/soledaddurazo.com\/blog\/2024\/04\/26\/llama-tono-astiazaran-a-votar-el-2-de-junio-por-crecer-mas-crecer-parejo-y-crecer-juntos\/#respond\"]}]},{\"@type\":\"Person\",\"@id\":\"https:\/\/soledaddurazo.com\/#\/schema\/person\/822d8e13aa288585e6546f179853758b\",\"name\":\"Redacci\\u00f3n\",\"image\":{\"@type\":\"ImageObject\",\"@id\":\"https:\/\/soledaddurazo.com\/#personlogo\",\"inLanguage\":\"es\",\"url\":\"https:\/\/secure.gravatar.com\/avatar\/c4e193752f756fd61f04deebed3a3a20dc188d37edb53682d313ac57f2725d54?s=96&d=mm&r=g\",\"contentUrl\":\"https:\/\/secure.gravatar.com\/avatar\/c4e193752f756fd61f04deebed3a3a20dc188d37edb53682d313ac57f2725d54?s=96&d=mm&r=g\",\"caption\":\"Redacci\\u00f3n\"},\"sameAs\":[\"https:\/\/soledaddurazo.com\"]}]}<\/script>\n ","yoast_head_json":{"title":"Llama To\u00f1o Astiazar\u00e1n a votar el 2 de junio por crecer m\u00e1s, crecer parejo y crecer juntos - Periodista SoledadDurazo.com","robots":{"index":"index","follow":"follow","max-snippet":"max-snippet:-1","max-image-preview":"max-image-preview:large","max-video-preview":"max-video-preview:-1"},"canonical":"https:\/\/soledaddurazo.com\/blog\/2024\/04\/26\/llama-tono-astiazaran-a-votar-el-2-de-junio-por-crecer-mas-crecer-parejo-y-crecer-juntos\/","og_locale":"es_MX","og_type":"article","og_title":"Llama To\u00f1o Astiazar\u00e1n a votar el 2 de junio por crecer m\u00e1s, crecer parejo y crecer juntos","og_description":"&nbsp; As\u00ed, dijo, garantizaremos que sigan los cambios iniciados hace tres a\u00f1os y que ning\u00fan hermosillense se quede atr\u00e1s Hermosillo, Sonora, abril 25 de 2024. \u2013 Para Hermosillo la mejor opci\u00f3n es votar el 2 de junio por crecer m\u00e1s, crecer parejo y crecer juntos, subray\u00f3 Antonio \u201cTo\u00f1o\u201d Astiazar\u00e1n, candidato a presidente municipal por un [&hellip;]","og_url":"https:\/\/soledaddurazo.com\/blog\/2024\/04\/26\/llama-tono-astiazaran-a-votar-el-2-de-junio-por-crecer-mas-crecer-parejo-y-crecer-juntos\/","og_site_name":"Periodista SoledadDurazo.com","article_publisher":"https:\/\/www.facebook.com\/soledad.durazo.9\/","article_published_time":"2024-04-26T23:25:14+00:00","og_image":[{"width":1029,"height":590,"url":"https:\/\/soledaddurazo.com\/storage\/2024\/04\/ccac8053-29d5-474e-b5eb-4e96c644726a.jpg","type":"image\/jpeg"}],"twitter_card":"summary_large_image","twitter_creator":"@SoledadDurazo","twitter_site":"@SoledadDurazo","twitter_misc":{"Escrito por":"Redacci\u00f3n","Tiempo de lectura":"2 minutos"},"schema":{"@context":"https:\/\/schema.org","@graph":[{"@type":"Organization","@id":"https:\/\/soledaddurazo.com\/#organization","name":"Soledad Durazo","url":"https:\/\/soledaddurazo.com\/","sameAs":["https:\/\/www.facebook.com\/soledad.durazo.9\/","https:\/\/www.instagram.com\/soledaddurazo","https:\/\/www.youtube.com\/channel\/UC9yGPw8-Vbl_B2XNkRwPS-w","https:\/\/twitter.com\/SoledadDurazo"],"logo":{"@type":"ImageObject","@id":"https:\/\/soledaddurazo.com\/#logo","inLanguage":"es","url":"https:\/\/soledaddurazo.com\/storage\/2021\/11\/nllp-720x375-1-2.png","contentUrl":"https:\/\/soledaddurazo.com\/storage\/2021\/11\/nllp-720x375-1-2.png","width":720,"height":375,"caption":"Soledad Durazo"},"image":{"@id":"https:\/\/soledaddurazo.com\/#logo"}},{"@type":"WebSite","@id":"https:\/\/soledaddurazo.com\/#website","url":"https:\/\/soledaddurazo.com\/","name":"Periodista SoledadDurazo.com","description":"Periodista sonorense. Directora de www.SoledadDurazo.com Columnista, conductora de radio y Tv. Catedr\u00e1tica en la UNISON","publisher":{"@id":"https:\/\/soledaddurazo.com\/#organization"},"potentialAction":[{"@type":"SearchAction","target":{"@type":"EntryPoint","urlTemplate":"https:\/\/soledaddurazo.com\/?s={search_term_string}"},"query-input":"required name=search_term_string"}],"inLanguage":"es"},{"@type":"ImageObject","@id":"https:\/\/soledaddurazo.com\/blog\/2024\/04\/26\/llama-tono-astiazaran-a-votar-el-2-de-junio-por-crecer-mas-crecer-parejo-y-crecer-juntos\/#primaryimage","inLanguage":"es","url":"https:\/\/soledaddurazo.com\/storage\/2024\/04\/ccac8053-29d5-474e-b5eb-4e96c644726a.jpg","contentUrl":"https:\/\/soledaddurazo.com\/storage\/2024\/04\/ccac8053-29d5-474e-b5eb-4e96c644726a.jpg","width":1029,"height":590},{"@type":"WebPage","@id":"https:\/\/soledaddurazo.com\/blog\/2024\/04\/26\/llama-tono-astiazaran-a-votar-el-2-de-junio-por-crecer-mas-crecer-parejo-y-crecer-juntos\/#webpage","url":"https:\/\/soledaddurazo.com\/blog\/2024\/04\/26\/llama-tono-astiazaran-a-votar-el-2-de-junio-por-crecer-mas-crecer-parejo-y-crecer-juntos\/","name":"Llama To\u00f1o Astiazar\u00e1n a votar el 2 de junio por crecer m\u00e1s, crecer parejo y crecer juntos - Periodista SoledadDurazo.com","isPartOf":{"@id":"https:\/\/soledaddurazo.com\/#website"},"primaryImageOfPage":{"@id":"https:\/\/soledaddurazo.com\/blog\/2024\/04\/26\/llama-tono-astiazaran-a-votar-el-2-de-junio-por-crecer-mas-crecer-parejo-y-crecer-juntos\/#primaryimage"},"datePublished":"2024-04-26T23:25:14+00:00","dateModified":"2024-04-26T23:25:14+00:00","breadcrumb":{"@id":"https:\/\/soledaddurazo.com\/blog\/2024\/04\/26\/llama-tono-astiazaran-a-votar-el-2-de-junio-por-crecer-mas-crecer-parejo-y-crecer-juntos\/#breadcrumb"},"inLanguage":"es","potentialAction":[{"@type":"ReadAction","target":["https:\/\/soledaddurazo.com\/blog\/2024\/04\/26\/llama-tono-astiazaran-a-votar-el-2-de-junio-por-crecer-mas-crecer-parejo-y-crecer-juntos\/"]}]},{"@type":"BreadcrumbList","@id":"https:\/\/soledaddurazo.com\/blog\/2024\/04\/26\/llama-tono-astiazaran-a-votar-el-2-de-junio-por-crecer-mas-crecer-parejo-y-crecer-juntos\/#breadcrumb","itemListElement":[{"@type":"ListItem","position":1,"name":"Home","item":"https:\/\/soledaddurazo.com\/"},{"@type":"ListItem","position":2,"name":"Llama To\u00f1o Astiazar\u00e1n a votar el 2 de junio por crecer m\u00e1s, crecer parejo y crecer juntos"}]},{"@type":"Article","@id":"https:\/\/soledaddurazo.com\/blog\/2024\/04\/26\/llama-tono-astiazaran-a-votar-el-2-de-junio-por-crecer-mas-crecer-parejo-y-crecer-juntos\/#article","isPartOf":{"@id":"https:\/\/soledaddurazo.com\/blog\/2024\/04\/26\/llama-tono-astiazaran-a-votar-el-2-de-junio-por-crecer-mas-crecer-parejo-y-crecer-juntos\/#webpage"},"author":{"@id":"https:\/\/soledaddurazo.com\/#\/schema\/person\/822d8e13aa288585e6546f179853758b"},"headline":"Llama To\u00f1o Astiazar\u00e1n a votar el 2 de junio por crecer m\u00e1s, crecer parejo y crecer juntos","datePublished":"2024-04-26T23:25:14+00:00","dateModified":"2024-04-26T23:25:14+00:00","mainEntityOfPage":{"@id":"https:\/\/soledaddurazo.com\/blog\/2024\/04\/26\/llama-tono-astiazaran-a-votar-el-2-de-junio-por-crecer-mas-crecer-parejo-y-crecer-juntos\/#webpage"},"wordCount":464,"commentCount":0,"publisher":{"@id":"https:\/\/soledaddurazo.com\/#organization"},"image":{"@id":"https:\/\/soledaddurazo.com\/blog\/2024\/04\/26\/llama-tono-astiazaran-a-votar-el-2-de-junio-por-crecer-mas-crecer-parejo-y-crecer-juntos\/#primaryimage"},"thumbnailUrl":"https:\/\/soledaddurazo.com\/storage\/2024\/04\/ccac8053-29d5-474e-b5eb-4e96c644726a.jpg","articleSection":["Mi Sonora"],"inLanguage":"es","potentialAction":[{"@type":"CommentAction","name":"Comment","target":["https:\/\/soledaddurazo.com\/blog\/2024\/04\/26\/llama-tono-astiazaran-a-votar-el-2-de-junio-por-crecer-mas-crecer-parejo-y-crecer-juntos\/#respond"]}]},{"@type":"Person","@id":"https:\/\/soledaddurazo.com\/#\/schema\/person\/822d8e13aa288585e6546f179853758b","name":"Redacci\u00f3n","image":{"@type":"ImageObject","@id":"https:\/\/soledaddurazo.com\/#personlogo","inLanguage":"es","url":"https:\/\/secure.gravatar.com\/avatar\/c4e193752f756fd61f04deebed3a3a20dc188d37edb53682d313ac57f2725d54?s=96&d=mm&r=g","contentUrl":"https:\/\/secure.gravatar.com\/avatar\/c4e193752f756fd61f04deebed3a3a20dc188d37edb53682d313ac57f2725d54?s=96&d=mm&r=g","caption":"Redacci\u00f3n"},"sameAs":["https:\/\/soledaddurazo.com"]}]}},"_links":{"self":[{"href":"https:\/\/soledaddurazo.com\/api\/wp\/v2\/posts\/20066","targetHints":{"allow":["GET"]}}],"collection":[{"href":"https:\/\/soledaddurazo.com\/api\/wp\/v2\/posts"}],"about":[{"href":"https:\/\/soledaddurazo.com\/api\/wp\/v2\/types\/post"}],"author":[{"embeddable":true,"href":"https:\/\/soledaddurazo.com\/api\/wp\/v2\/users\/1"}],"replies":[{"embeddable":true,"href":"https:\/\/soledaddurazo.com\/api\/wp\/v2\/comments?post=20066"}],"version-history":[{"count":1,"href":"https:\/\/soledaddurazo.com\/api\/wp\/v2\/posts\/20066\/revisions"}],"predecessor-version":[{"id":20068,"href":"https:\/\/soledaddurazo.com\/api\/wp\/v2\/posts\/20066\/revisions\/20068"}],"wp:featuredmedia":[{"embeddable":true,"href":"https:\/\/soledaddurazo.com\/api\/wp\/v2\/media\/20067"}],"wp:attachment":[{"href":"https:\/\/soledaddurazo.com\/api\/wp\/v2\/media?parent=20066"}],"wp:term":[{"taxonomy":"category","embeddable":true,"href":"https:\/\/soledaddurazo.com\/api\/wp\/v2\/categories?post=20066"},{"taxonomy":"post_tag","embeddable":true,"href":"https:\/\/soledaddurazo.com\/api\/wp\/v2\/tags?post=20066"}],"curies":[{"name":"wp","href":"https:\/\/api.w.org\/{rel}","templated":true}]}}