{"id":20063,"date":"2024-04-26T16:09:17","date_gmt":"2024-04-26T23:09:17","guid":{"rendered":"https:\/\/soledaddurazo.com\/?p=20063"},"modified":"2024-04-26T16:09:17","modified_gmt":"2024-04-26T23:09:17","slug":"el-parque-de-la-vida-sera-un-monumento-memorial-en-honor-a-los-donadores","status":"publish","type":"post","link":"https:\/\/soledaddurazo.com\/blog\/2024\/04\/26\/el-parque-de-la-vida-sera-un-monumento-memorial-en-honor-a-los-donadores\/","title":{"rendered":"El parque de la Vida ser\u00e1 un Monumento Memorial en honor a los Donadores"},"content":{"rendered":"<div class=\"x1swvt13 x1pi30zi xyamay9\">\n<div>\n<div class=\"xjkvuk6\">\n<div class=\"x11i5rnm xat24cr x1mh8g0r x1vvkbs xtlvy1s\"><\/div>\n<\/div>\n<\/div>\n<\/div>\n<div class=\"x78zum5 xdt5ytf x1n2onr6 x1iyjqo2 x2lwn1j xw7yly9\">\n<div class=\"x1jx94hy x78zum5 xdt5ytf x1iyjqo2 x1ja2u2z x6ikm8r x10wlt62\">\n<div class=\"x8cjs6t x1ch86jh x80vd3b xckqwgs x13fuv20 x178xt8z xm81vs4 xso031l xy80clv x78zum5 x13a6bvl xdj266r xktsk01 xat24cr x1d52u69\">\n<div class=\"x6s0dn4 x78zum5 xdj266r x11i5rnm xat24cr x1mh8g0r xe0p6wg\">\n<div class=\"x1i10hfl xjbqb8w x1ejq31n xd10rxx x1sy0etr x17r0tee x972fbf xcfux6l x1qhh985 xm0m39n x9f619 x1ypdohk xt0psk2 xe8uvvx xdj266r x11i5rnm xat24cr x1mh8g0r xexx8yu x4uap5 x18d9i69 xkhd6sd x16tdsg8 x1hl2dhg xggy1nq x1o1ewxj x3x9cwd x1e5q0jg x13rtm0m x1n2onr6 x87ps6o x1lku1pv x1a2a7pz\" tabindex=\"0\" role=\"button\">\n<div class=\"x9f619 x1n2onr6 x1ja2u2z xt0psk2 xuxw1ft\">\n<p>El Dr. Ernesto Duarte Tagles, especialista en cirug\u00eda general y promotor de la Donaci\u00f3n de \u00d3rganos y trasplantes, platic\u00f3 con Soledad Durazo sobre el Parque de la Vida, el primer espacio de esta naturaleza que honrar\u00e1 a las personas que han sido Donadores y sus familias en el pa\u00eds.<\/p>\n<p>El Parque de la Vida, ser\u00e1 la parte visible de un concepto deportivo que proyecta el Ayuntamiento y estar\u00e1 ubicado en el espacio del antiguo basur\u00f3n, al norte de la ciudad de Hermosillo.<\/p>\n<p>El monumento constar\u00e1 de una plantaci\u00f3n de m\u00e1s de 400 \u00e1rboles que representar\u00e1 a un donante y cada uno llevar\u00e1 la placa con su nombre, como una forma de honrarlos a ellos y sus familias<\/p>\n<p>Para empezar, y hacer este proyecto una realidad, este mes ya se plantaron 140 \u00e1rboles, cien palos verdes y 50 Mapas y en la entrada el Monumentos representativo de la Donaci\u00f3n y el Trasplante. En el futuro, el parque \u00a0contar\u00e1 con andadores y estaciones con informaci\u00f3n para que la gente conozca el significado y la importancia de la donaci\u00f3n de \u00f3rganos.<\/p>\n<p>M\u00e1s detalles del Parque de la Vida v\u00e9alo en la entrevista completa\ud83d\udc47<\/p>\n<div class=\"lyte-wrapper fourthree\" style=\"width:420px;max-width:100%;margin:5px;\"><div class=\"lyMe\" id=\"WYL_Wz-lyxHq968\"><div id=\"lyte_Wz-lyxHq968\" data-src=\"\/\/i.ytimg.com\/vi\/Wz-lyxHq968\/hqdefault.jpg\" class=\"pL\"><div class=\"tC\"><div class=\"tT\"><\/div><\/div><div class=\"play\"><\/div><div class=\"ctrl\"><div class=\"Lctrl\"><\/div><div class=\"Rctrl\"><\/div><\/div><\/div><noscript><a href=\"https:\/\/youtu.be\/Wz-lyxHq968\"><img loading=\"lazy\" decoding=\"async\" src=\"https:\/\/i.ytimg.com\/vi\/Wz-lyxHq968\/0.jpg\" alt=\"\" width=\"420\" height=\"295\" \/><br \/>Ver este video en YouTube<\/a><\/noscript><\/div><\/div><div class=\"lL\" style=\"max-width:100%;width:420px;margin:5px;\"><\/div>\n<p>&nbsp;<\/p>\n<\/div>\n<\/div>\n<\/div>\n<\/div>\n<div class=\"x78zum5 xdt5ytf x6ikm8r x1odjw0f x1iyjqo2 x1pi30zi x1swvt13\">\n<div class=\"x78zum5 xdt5ytf\">\n<div class=\"x9f619 x1n2onr6 x1ja2u2z\">\n<div>\n<div class=\"x169t7cy x19f6ikt\">\n<div class=\"x1n2onr6\">\n<div class=\"x1n2onr6 x1swvt13 x1iorvi4 x78zum5 x1q0g3np x1a2a7pz\" tabindex=\"-1\" role=\"article\" aria-label=\"Comentario de Janelly Tappan hace un d\u00eda\">\n<div class=\"xqcrz7y x14yjl9h xudhj91 x18nykt9 xww2gxu x1lliihq x1w0mnb xr9ek0c x1n2onr6\">\n<div class=\"x1rg5ohu x1n2onr6 x3ajldb x1ja2u2z\"><\/div>\n<div class=\"x1ey2m1c xds687c x17qophe xg01cxk x47corl x10l6tqk x13vifvy x1ebt8du x19991ni x1dhq9h xzolkzo x12go9s9 x1rnf11y xprq8jg\" role=\"none\" data-visualcompletion=\"ignore\"><\/div>\n<\/div>\n<div class=\"x1r8uery x1iyjqo2 x6ikm8r x10wlt62 x1pi30zi\">\n<div>\n<div class=\"xv55zj0 x1vvkbs x1rg5ohu xxymvpz\">\n<div class=\"x3nfvp2 x1n2onr6 xxymvpz xh8yej3\">\n<div class=\"xdl72j9 x1iyjqo2 xs83m0k xeuugli xh8yej3\">\n<div class=\"xmjcpbm x1tlxs6b x1g8br2z x1gn5b1j x230xth x9f619 xzsf02u x1rg5ohu xdj266r x11i5rnm xat24cr x1mh8g0r x193iq5w x1mzt3pk x1n2onr6 xeaf4i8 x13faqbe\">\n<div class=\"x1y1aw1k xn6708d xwib8y2 x1ye3gou\">\n<div class=\"x1i10hfl xjbqb8w x1ejq31n xd10rxx x1sy0etr x17r0tee x972fbf xcfux6l x1qhh985 xm0m39n x9f619 x1ypdohk xt0psk2 xe8uvvx xdj266r x11i5rnm xat24cr x1mh8g0r xexx8yu x4uap5 x18d9i69 xkhd6sd x16tdsg8 x1hl2dhg xggy1nq x1a2a7pz x1heor9g xt0b8zv\" tabindex=\"0\" role=\"button\" aria-label=\"Identity Badges\"><\/div>\n<\/div>\n<\/div>\n<\/div>\n<\/div>\n<\/div>\n<\/div>\n<\/div>\n<\/div>\n<\/div>\n<\/div>\n<\/div>\n<\/div>\n<\/div>\n<\/div>\n<\/div>\n<\/div>\n","protected":false},"excerpt":{"rendered":"<p>El Dr. Ernesto Duarte Tagles, especialista en cirug\u00eda general y promotor de la Donaci\u00f3n de \u00d3rganos y trasplantes, platic\u00f3 con Soledad Durazo sobre el Parque de la Vida, el primer espacio de esta naturaleza que honrar\u00e1 a las personas que han sido Donadores y sus familias en el pa\u00eds. El Parque de la Vida, ser\u00e1 [&hellip;]<\/p>\n","protected":false},"author":1,"featured_media":20064,"comment_status":"open","ping_status":"open","sticky":false,"template":"","format":"standard","meta":{"footnotes":""},"categories":[153],"tags":[],"class_list":["post"],"yoast_head":" \n<title>El parque de la Vida ser\u00e1 un Monumento Memorial en honor a los Donadores - Periodista SoledadDurazo.com<\/title>\n<meta name=\"robots\" content=\"index, follow, max-snippet:-1, max-image-preview:large, max-video-preview:-1\" \/>\n<link rel=\"canonical\" href=\"https:\/\/soledaddurazo.com\/blog\/2024\/04\/26\/el-parque-de-la-vida-sera-un-monumento-memorial-en-honor-a-los-donadores\/\" \/>\n<meta property=\"og:locale\" content=\"es_MX\" \/>\n<meta property=\"og:type\" content=\"article\" \/>\n<meta property=\"og:title\" content=\"El parque de la Vida ser\u00e1 un Monumento Memorial en honor a los Donadores\" \/>\n<meta property=\"og:description\" content=\"El Dr. Ernesto Duarte Tagles, especialista en cirug\u00eda general y promotor de la Donaci\u00f3n de \u00d3rganos y trasplantes, platic\u00f3 con Soledad Durazo sobre el Parque de la Vida, el primer espacio de esta naturaleza que honrar\u00e1 a las personas que han sido Donadores y sus familias en el pa\u00eds. El Parque de la Vida, ser\u00e1 [&hellip;]\" \/>\n<meta property=\"og:url\" content=\"https:\/\/soledaddurazo.com\/blog\/2024\/04\/26\/el-parque-de-la-vida-sera-un-monumento-memorial-en-honor-a-los-donadores\/\" \/>\n<meta property=\"og:site_name\" content=\"Periodista SoledadDurazo.com\" \/>\n<meta property=\"article:publisher\" content=\"https:\/\/www.facebook.com\/soledad.durazo.9\/\" \/>\n<meta property=\"article:published_time\" content=\"2024-04-26T23:09:17+00:00\" \/>\n<meta property=\"og:image\" content=\"https:\/\/soledaddurazo.com\/storage\/2024\/04\/080008_1185832.jpg\" \/>\n\t<meta property=\"og:image:width\" content=\"825\" \/>\n\t<meta property=\"og:image:height\" content=\"464\" \/>\n<meta name=\"twitter:card\" content=\"summary_large_image\" \/>\n<meta name=\"twitter:creator\" content=\"@SoledadDurazo\" \/>\n<meta name=\"twitter:site\" content=\"@SoledadDurazo\" \/>\n<meta name=\"twitter:label1\" content=\"Escrito por\" \/>\n\t<meta name=\"twitter:data1\" content=\"Redacci\u00f3n\" \/>\n\t<meta name=\"twitter:label2\" content=\"Tiempo de lectura\" \/>\n\t<meta name=\"twitter:data2\" content=\"1 minuto\" \/>\n<script type=\"application\/ld+json\" class=\"yoast-schema-graph\">{\"@context\":\"https:\/\/schema.org\",\"@graph\":[{\"@type\":\"Organization\",\"@id\":\"https:\/\/soledaddurazo.com\/#organization\",\"name\":\"Soledad Durazo\",\"url\":\"https:\/\/soledaddurazo.com\/\",\"sameAs\":[\"https:\/\/www.facebook.com\/soledad.durazo.9\/\",\"https:\/\/www.instagram.com\/soledaddurazo\",\"https:\/\/www.youtube.com\/channel\/UC9yGPw8-Vbl_B2XNkRwPS-w\",\"https:\/\/twitter.com\/SoledadDurazo\"],\"logo\":{\"@type\":\"ImageObject\",\"@id\":\"https:\/\/soledaddurazo.com\/#logo\",\"inLanguage\":\"es\",\"url\":\"https:\/\/soledaddurazo.com\/storage\/2021\/11\/nllp-720x375-1-2.png\",\"contentUrl\":\"https:\/\/soledaddurazo.com\/storage\/2021\/11\/nllp-720x375-1-2.png\",\"width\":720,\"height\":375,\"caption\":\"Soledad Durazo\"},\"image\":{\"@id\":\"https:\/\/soledaddurazo.com\/#logo\"}},{\"@type\":\"WebSite\",\"@id\":\"https:\/\/soledaddurazo.com\/#website\",\"url\":\"https:\/\/soledaddurazo.com\/\",\"name\":\"Periodista SoledadDurazo.com\",\"description\":\"Periodista sonorense. Directora de www.SoledadDurazo.com Columnista, conductora de radio y Tv. Catedr\\u00e1tica en la UNISON\",\"publisher\":{\"@id\":\"https:\/\/soledaddurazo.com\/#organization\"},\"potentialAction\":[{\"@type\":\"SearchAction\",\"target\":{\"@type\":\"EntryPoint\",\"urlTemplate\":\"https:\/\/soledaddurazo.com\/?s={search_term_string}\"},\"query-input\":\"required name=search_term_string\"}],\"inLanguage\":\"es\"},{\"@type\":\"ImageObject\",\"@id\":\"https:\/\/soledaddurazo.com\/blog\/2024\/04\/26\/el-parque-de-la-vida-sera-un-monumento-memorial-en-honor-a-los-donadores\/#primaryimage\",\"inLanguage\":\"es\",\"url\":\"https:\/\/soledaddurazo.com\/storage\/2024\/04\/080008_1185832.jpg\",\"contentUrl\":\"https:\/\/soledaddurazo.com\/storage\/2024\/04\/080008_1185832.jpg\",\"width\":825,\"height\":464},{\"@type\":\"WebPage\",\"@id\":\"https:\/\/soledaddurazo.com\/blog\/2024\/04\/26\/el-parque-de-la-vida-sera-un-monumento-memorial-en-honor-a-los-donadores\/#webpage\",\"url\":\"https:\/\/soledaddurazo.com\/blog\/2024\/04\/26\/el-parque-de-la-vida-sera-un-monumento-memorial-en-honor-a-los-donadores\/\",\"name\":\"El parque de la Vida ser\\u00e1 un Monumento Memorial en honor a los Donadores - Periodista SoledadDurazo.com\",\"isPartOf\":{\"@id\":\"https:\/\/soledaddurazo.com\/#website\"},\"primaryImageOfPage\":{\"@id\":\"https:\/\/soledaddurazo.com\/blog\/2024\/04\/26\/el-parque-de-la-vida-sera-un-monumento-memorial-en-honor-a-los-donadores\/#primaryimage\"},\"datePublished\":\"2024-04-26T23:09:17+00:00\",\"dateModified\":\"2024-04-26T23:09:17+00:00\",\"breadcrumb\":{\"@id\":\"https:\/\/soledaddurazo.com\/blog\/2024\/04\/26\/el-parque-de-la-vida-sera-un-monumento-memorial-en-honor-a-los-donadores\/#breadcrumb\"},\"inLanguage\":\"es\",\"potentialAction\":[{\"@type\":\"ReadAction\",\"target\":[\"https:\/\/soledaddurazo.com\/blog\/2024\/04\/26\/el-parque-de-la-vida-sera-un-monumento-memorial-en-honor-a-los-donadores\/\"]}]},{\"@type\":\"BreadcrumbList\",\"@id\":\"https:\/\/soledaddurazo.com\/blog\/2024\/04\/26\/el-parque-de-la-vida-sera-un-monumento-memorial-en-honor-a-los-donadores\/#breadcrumb\",\"itemListElement\":[{\"@type\":\"ListItem\",\"position\":1,\"name\":\"Home\",\"item\":\"https:\/\/soledaddurazo.com\/\"},{\"@type\":\"ListItem\",\"position\":2,\"name\":\"El parque de la Vida ser\\u00e1 un Monumento Memorial en honor a los Donadores\"}]},{\"@type\":\"Article\",\"@id\":\"https:\/\/soledaddurazo.com\/blog\/2024\/04\/26\/el-parque-de-la-vida-sera-un-monumento-memorial-en-honor-a-los-donadores\/#article\",\"isPartOf\":{\"@id\":\"https:\/\/soledaddurazo.com\/blog\/2024\/04\/26\/el-parque-de-la-vida-sera-un-monumento-memorial-en-honor-a-los-donadores\/#webpage\"},\"author\":{\"@id\":\"https:\/\/soledaddurazo.com\/#\/schema\/person\/822d8e13aa288585e6546f179853758b\"},\"headline\":\"El parque de la Vida ser\\u00e1 un Monumento Memorial en honor a los Donadores\",\"datePublished\":\"2024-04-26T23:09:17+00:00\",\"dateModified\":\"2024-04-26T23:09:17+00:00\",\"mainEntityOfPage\":{\"@id\":\"https:\/\/soledaddurazo.com\/blog\/2024\/04\/26\/el-parque-de-la-vida-sera-un-monumento-memorial-en-honor-a-los-donadores\/#webpage\"},\"wordCount\":218,\"commentCount\":0,\"publisher\":{\"@id\":\"https:\/\/soledaddurazo.com\/#organization\"},\"image\":{\"@id\":\"https:\/\/soledaddurazo.com\/blog\/2024\/04\/26\/el-parque-de-la-vida-sera-un-monumento-memorial-en-honor-a-los-donadores\/#primaryimage\"},\"thumbnailUrl\":\"https:\/\/soledaddurazo.com\/storage\/2024\/04\/080008_1185832.jpg\",\"articleSection\":[\"principal\"],\"inLanguage\":\"es\",\"potentialAction\":[{\"@type\":\"CommentAction\",\"name\":\"Comment\",\"target\":[\"https:\/\/soledaddurazo.com\/blog\/2024\/04\/26\/el-parque-de-la-vida-sera-un-monumento-memorial-en-honor-a-los-donadores\/#respond\"]}]},{\"@type\":\"Person\",\"@id\":\"https:\/\/soledaddurazo.com\/#\/schema\/person\/822d8e13aa288585e6546f179853758b\",\"name\":\"Redacci\\u00f3n\",\"image\":{\"@type\":\"ImageObject\",\"@id\":\"https:\/\/soledaddurazo.com\/#personlogo\",\"inLanguage\":\"es\",\"url\":\"https:\/\/secure.gravatar.com\/avatar\/c4e193752f756fd61f04deebed3a3a20dc188d37edb53682d313ac57f2725d54?s=96&d=mm&r=g\",\"contentUrl\":\"https:\/\/secure.gravatar.com\/avatar\/c4e193752f756fd61f04deebed3a3a20dc188d37edb53682d313ac57f2725d54?s=96&d=mm&r=g\",\"caption\":\"Redacci\\u00f3n\"},\"sameAs\":[\"https:\/\/soledaddurazo.com\"]}]}<\/script>\n ","yoast_head_json":{"title":"El parque de la Vida ser\u00e1 un Monumento Memorial en honor a los Donadores - Periodista SoledadDurazo.com","robots":{"index":"index","follow":"follow","max-snippet":"max-snippet:-1","max-image-preview":"max-image-preview:large","max-video-preview":"max-video-preview:-1"},"canonical":"https:\/\/soledaddurazo.com\/blog\/2024\/04\/26\/el-parque-de-la-vida-sera-un-monumento-memorial-en-honor-a-los-donadores\/","og_locale":"es_MX","og_type":"article","og_title":"El parque de la Vida ser\u00e1 un Monumento Memorial en honor a los Donadores","og_description":"El Dr. Ernesto Duarte Tagles, especialista en cirug\u00eda general y promotor de la Donaci\u00f3n de \u00d3rganos y trasplantes, platic\u00f3 con Soledad Durazo sobre el Parque de la Vida, el primer espacio de esta naturaleza que honrar\u00e1 a las personas que han sido Donadores y sus familias en el pa\u00eds. El Parque de la Vida, ser\u00e1 [&hellip;]","og_url":"https:\/\/soledaddurazo.com\/blog\/2024\/04\/26\/el-parque-de-la-vida-sera-un-monumento-memorial-en-honor-a-los-donadores\/","og_site_name":"Periodista SoledadDurazo.com","article_publisher":"https:\/\/www.facebook.com\/soledad.durazo.9\/","article_published_time":"2024-04-26T23:09:17+00:00","og_image":[{"width":825,"height":464,"url":"https:\/\/soledaddurazo.com\/storage\/2024\/04\/080008_1185832.jpg","type":"image\/jpeg"}],"twitter_card":"summary_large_image","twitter_creator":"@SoledadDurazo","twitter_site":"@SoledadDurazo","twitter_misc":{"Escrito por":"Redacci\u00f3n","Tiempo de lectura":"1 minuto"},"schema":{"@context":"https:\/\/schema.org","@graph":[{"@type":"Organization","@id":"https:\/\/soledaddurazo.com\/#organization","name":"Soledad Durazo","url":"https:\/\/soledaddurazo.com\/","sameAs":["https:\/\/www.facebook.com\/soledad.durazo.9\/","https:\/\/www.instagram.com\/soledaddurazo","https:\/\/www.youtube.com\/channel\/UC9yGPw8-Vbl_B2XNkRwPS-w","https:\/\/twitter.com\/SoledadDurazo"],"logo":{"@type":"ImageObject","@id":"https:\/\/soledaddurazo.com\/#logo","inLanguage":"es","url":"https:\/\/soledaddurazo.com\/storage\/2021\/11\/nllp-720x375-1-2.png","contentUrl":"https:\/\/soledaddurazo.com\/storage\/2021\/11\/nllp-720x375-1-2.png","width":720,"height":375,"caption":"Soledad Durazo"},"image":{"@id":"https:\/\/soledaddurazo.com\/#logo"}},{"@type":"WebSite","@id":"https:\/\/soledaddurazo.com\/#website","url":"https:\/\/soledaddurazo.com\/","name":"Periodista SoledadDurazo.com","description":"Periodista sonorense. Directora de www.SoledadDurazo.com Columnista, conductora de radio y Tv. Catedr\u00e1tica en la UNISON","publisher":{"@id":"https:\/\/soledaddurazo.com\/#organization"},"potentialAction":[{"@type":"SearchAction","target":{"@type":"EntryPoint","urlTemplate":"https:\/\/soledaddurazo.com\/?s={search_term_string}"},"query-input":"required name=search_term_string"}],"inLanguage":"es"},{"@type":"ImageObject","@id":"https:\/\/soledaddurazo.com\/blog\/2024\/04\/26\/el-parque-de-la-vida-sera-un-monumento-memorial-en-honor-a-los-donadores\/#primaryimage","inLanguage":"es","url":"https:\/\/soledaddurazo.com\/storage\/2024\/04\/080008_1185832.jpg","contentUrl":"https:\/\/soledaddurazo.com\/storage\/2024\/04\/080008_1185832.jpg","width":825,"height":464},{"@type":"WebPage","@id":"https:\/\/soledaddurazo.com\/blog\/2024\/04\/26\/el-parque-de-la-vida-sera-un-monumento-memorial-en-honor-a-los-donadores\/#webpage","url":"https:\/\/soledaddurazo.com\/blog\/2024\/04\/26\/el-parque-de-la-vida-sera-un-monumento-memorial-en-honor-a-los-donadores\/","name":"El parque de la Vida ser\u00e1 un Monumento Memorial en honor a los Donadores - Periodista SoledadDurazo.com","isPartOf":{"@id":"https:\/\/soledaddurazo.com\/#website"},"primaryImageOfPage":{"@id":"https:\/\/soledaddurazo.com\/blog\/2024\/04\/26\/el-parque-de-la-vida-sera-un-monumento-memorial-en-honor-a-los-donadores\/#primaryimage"},"datePublished":"2024-04-26T23:09:17+00:00","dateModified":"2024-04-26T23:09:17+00:00","breadcrumb":{"@id":"https:\/\/soledaddurazo.com\/blog\/2024\/04\/26\/el-parque-de-la-vida-sera-un-monumento-memorial-en-honor-a-los-donadores\/#breadcrumb"},"inLanguage":"es","potentialAction":[{"@type":"ReadAction","target":["https:\/\/soledaddurazo.com\/blog\/2024\/04\/26\/el-parque-de-la-vida-sera-un-monumento-memorial-en-honor-a-los-donadores\/"]}]},{"@type":"BreadcrumbList","@id":"https:\/\/soledaddurazo.com\/blog\/2024\/04\/26\/el-parque-de-la-vida-sera-un-monumento-memorial-en-honor-a-los-donadores\/#breadcrumb","itemListElement":[{"@type":"ListItem","position":1,"name":"Home","item":"https:\/\/soledaddurazo.com\/"},{"@type":"ListItem","position":2,"name":"El parque de la Vida ser\u00e1 un Monumento Memorial en honor a los Donadores"}]},{"@type":"Article","@id":"https:\/\/soledaddurazo.com\/blog\/2024\/04\/26\/el-parque-de-la-vida-sera-un-monumento-memorial-en-honor-a-los-donadores\/#article","isPartOf":{"@id":"https:\/\/soledaddurazo.com\/blog\/2024\/04\/26\/el-parque-de-la-vida-sera-un-monumento-memorial-en-honor-a-los-donadores\/#webpage"},"author":{"@id":"https:\/\/soledaddurazo.com\/#\/schema\/person\/822d8e13aa288585e6546f179853758b"},"headline":"El parque de la Vida ser\u00e1 un Monumento Memorial en honor a los Donadores","datePublished":"2024-04-26T23:09:17+00:00","dateModified":"2024-04-26T23:09:17+00:00","mainEntityOfPage":{"@id":"https:\/\/soledaddurazo.com\/blog\/2024\/04\/26\/el-parque-de-la-vida-sera-un-monumento-memorial-en-honor-a-los-donadores\/#webpage"},"wordCount":218,"commentCount":0,"publisher":{"@id":"https:\/\/soledaddurazo.com\/#organization"},"image":{"@id":"https:\/\/soledaddurazo.com\/blog\/2024\/04\/26\/el-parque-de-la-vida-sera-un-monumento-memorial-en-honor-a-los-donadores\/#primaryimage"},"thumbnailUrl":"https:\/\/soledaddurazo.com\/storage\/2024\/04\/080008_1185832.jpg","articleSection":["principal"],"inLanguage":"es","potentialAction":[{"@type":"CommentAction","name":"Comment","target":["https:\/\/soledaddurazo.com\/blog\/2024\/04\/26\/el-parque-de-la-vida-sera-un-monumento-memorial-en-honor-a-los-donadores\/#respond"]}]},{"@type":"Person","@id":"https:\/\/soledaddurazo.com\/#\/schema\/person\/822d8e13aa288585e6546f179853758b","name":"Redacci\u00f3n","image":{"@type":"ImageObject","@id":"https:\/\/soledaddurazo.com\/#personlogo","inLanguage":"es","url":"https:\/\/secure.gravatar.com\/avatar\/c4e193752f756fd61f04deebed3a3a20dc188d37edb53682d313ac57f2725d54?s=96&d=mm&r=g","contentUrl":"https:\/\/secure.gravatar.com\/avatar\/c4e193752f756fd61f04deebed3a3a20dc188d37edb53682d313ac57f2725d54?s=96&d=mm&r=g","caption":"Redacci\u00f3n"},"sameAs":["https:\/\/soledaddurazo.com"]}]}},"_links":{"self":[{"href":"https:\/\/soledaddurazo.com\/api\/wp\/v2\/posts\/20063","targetHints":{"allow":["GET"]}}],"collection":[{"href":"https:\/\/soledaddurazo.com\/api\/wp\/v2\/posts"}],"about":[{"href":"https:\/\/soledaddurazo.com\/api\/wp\/v2\/types\/post"}],"author":[{"embeddable":true,"href":"https:\/\/soledaddurazo.com\/api\/wp\/v2\/users\/1"}],"replies":[{"embeddable":true,"href":"https:\/\/soledaddurazo.com\/api\/wp\/v2\/comments?post=20063"}],"version-history":[{"count":1,"href":"https:\/\/soledaddurazo.com\/api\/wp\/v2\/posts\/20063\/revisions"}],"predecessor-version":[{"id":20065,"href":"https:\/\/soledaddurazo.com\/api\/wp\/v2\/posts\/20063\/revisions\/20065"}],"wp:featuredmedia":[{"embeddable":true,"href":"https:\/\/soledaddurazo.com\/api\/wp\/v2\/media\/20064"}],"wp:attachment":[{"href":"https:\/\/soledaddurazo.com\/api\/wp\/v2\/media?parent=20063"}],"wp:term":[{"taxonomy":"category","embeddable":true,"href":"https:\/\/soledaddurazo.com\/api\/wp\/v2\/categories?post=20063"},{"taxonomy":"post_tag","embeddable":true,"href":"https:\/\/soledaddurazo.com\/api\/wp\/v2\/tags?post=20063"}],"curies":[{"name":"wp","href":"https:\/\/api.w.org\/{rel}","templated":true}]}}