{"id":19712,"date":"2024-02-27T00:03:25","date_gmt":"2024-02-27T07:03:25","guid":{"rendered":"https:\/\/soledaddurazo.com\/?p=19712"},"modified":"2024-03-08T14:17:25","modified_gmt":"2024-03-08T21:17:25","slug":"se-debe-tomar-la-presion-arterial-a-un-bebe-el-dr-manzo-explica-sobre-la-coartacion-de-aorta-en-los-pequenos","status":"publish","type":"post","link":"https:\/\/soledaddurazo.com\/blog\/2024\/02\/27\/se-debe-tomar-la-presion-arterial-a-un-bebe-el-dr-manzo-explica-sobre-la-coartacion-de-aorta-en-los-pequenos\/","title":{"rendered":"\u00bfSe debe tomar la presi\u00f3n arterial a un beb\u00e9? El Dr. Manzo explica sobre la Coartaci\u00f3n de aorta en los peque\u00f1os"},"content":{"rendered":"<ul>\n<li><em>Ni\u00f1os con este padecimiento deben estar vigilados toda su vida<\/em><\/li>\n<li><em>Caracter\u00edsticas f\u00edsicas de infantes con Coartaci\u00f3n de Aorta<\/em><\/li>\n<\/ul>\n<p>El doctor Marco Antonio Manzo, Cardi\u00f3logo Pediatra explica sobre el tema de\u00a0 Coartaci\u00f3n de Aorta en un infante beb\u00e9 y pre adolescentes, ya que es considerada la causa n\u00famero de insuficiencia cardiaca en un reci\u00e9n nacido e indispensable monitorear cuando ni\u00f1os y ni\u00f1as ya que presentan rasgos espec\u00edficos.<\/p>\n<p>En entrevista con Soledad Durazo en TVD Primera Plana, doctor acompa\u00f1a su tema con ejemplos ilustrados que puede alertar a padres y madres de familia.<\/p>\n<p>Aqu\u00ed la entrevista completa\ud83d\udc47<\/p>\n<div class=\"lyte-wrapper fourthree\" style=\"width:420px;max-width:100%;margin:5px;\"><div class=\"lyMe\" id=\"WYL_2DgjnZ-6g9I\"><div id=\"lyte_2DgjnZ-6g9I\" data-src=\"\/\/i.ytimg.com\/vi\/2DgjnZ-6g9I\/hqdefault.jpg\" class=\"pL\"><div class=\"tC\"><div class=\"tT\"><\/div><\/div><div class=\"play\"><\/div><div class=\"ctrl\"><div class=\"Lctrl\"><\/div><div class=\"Rctrl\"><\/div><\/div><\/div><noscript><a href=\"https:\/\/youtu.be\/2DgjnZ-6g9I\"><img loading=\"lazy\" decoding=\"async\" src=\"https:\/\/i.ytimg.com\/vi\/2DgjnZ-6g9I\/0.jpg\" alt=\"\" width=\"420\" height=\"295\" \/><br \/>Ver este video en YouTube<\/a><\/noscript><\/div><\/div><div class=\"lL\" style=\"max-width:100%;width:420px;margin:5px;\"><\/div>\n<p>&nbsp;<\/p>\n<p>&nbsp;<\/p>\n<p>&nbsp;<\/p>\n<p>&nbsp;<\/p>\n<p>&nbsp;<\/p>\n<p>&nbsp;<\/p>\n<p>&nbsp;<\/p>\n","protected":false},"excerpt":{"rendered":"<p>Ni\u00f1os con este padecimiento deben estar vigilados toda su vida Caracter\u00edsticas f\u00edsicas de infantes con Coartaci\u00f3n de Aorta El doctor Marco Antonio Manzo, Cardi\u00f3logo Pediatra explica sobre el tema de\u00a0 Coartaci\u00f3n de Aorta en un infante beb\u00e9 y pre adolescentes, ya que es considerada la causa n\u00famero de insuficiencia cardiaca en un reci\u00e9n nacido e [&hellip;]<\/p>\n","protected":false},"author":1,"featured_media":19713,"comment_status":"open","ping_status":"open","sticky":false,"template":"","format":"standard","meta":{"footnotes":""},"categories":[153],"tags":[],"class_list":["post"],"yoast_head":" \n<title>\u00bfSe debe tomar la presi\u00f3n arterial a un beb\u00e9? El Dr. Manzo explica sobre la Coartaci\u00f3n de aorta en los peque\u00f1os - Periodista SoledadDurazo.com<\/title>\n<meta name=\"robots\" content=\"index, follow, max-snippet:-1, max-image-preview:large, max-video-preview:-1\" \/>\n<link rel=\"canonical\" href=\"https:\/\/soledaddurazo.com\/blog\/2024\/02\/27\/se-debe-tomar-la-presion-arterial-a-un-bebe-el-dr-manzo-explica-sobre-la-coartacion-de-aorta-en-los-pequenos\/\" \/>\n<meta property=\"og:locale\" content=\"es_MX\" \/>\n<meta property=\"og:type\" content=\"article\" \/>\n<meta property=\"og:title\" content=\"\u00bfSe debe tomar la presi\u00f3n arterial a un beb\u00e9? El Dr. Manzo explica sobre la Coartaci\u00f3n de aorta en los peque\u00f1os\" \/>\n<meta property=\"og:description\" content=\"Ni\u00f1os con este padecimiento deben estar vigilados toda su vida Caracter\u00edsticas f\u00edsicas de infantes con Coartaci\u00f3n de Aorta El doctor Marco Antonio Manzo, Cardi\u00f3logo Pediatra explica sobre el tema de\u00a0 Coartaci\u00f3n de Aorta en un infante beb\u00e9 y pre adolescentes, ya que es considerada la causa n\u00famero de insuficiencia cardiaca en un reci\u00e9n nacido e [&hellip;]\" \/>\n<meta property=\"og:url\" content=\"https:\/\/soledaddurazo.com\/blog\/2024\/02\/27\/se-debe-tomar-la-presion-arterial-a-un-bebe-el-dr-manzo-explica-sobre-la-coartacion-de-aorta-en-los-pequenos\/\" \/>\n<meta property=\"og:site_name\" content=\"Periodista SoledadDurazo.com\" \/>\n<meta property=\"article:publisher\" content=\"https:\/\/www.facebook.com\/soledad.durazo.9\/\" \/>\n<meta property=\"article:published_time\" content=\"2024-02-27T07:03:25+00:00\" \/>\n<meta property=\"article:modified_time\" content=\"2024-03-08T21:17:25+00:00\" \/>\n<meta property=\"og:image\" content=\"https:\/\/soledaddurazo.com\/storage\/2024\/02\/91027_620.jpg\" \/>\n\t<meta property=\"og:image:width\" content=\"620\" \/>\n\t<meta property=\"og:image:height\" content=\"310\" \/>\n<meta name=\"twitter:card\" content=\"summary_large_image\" \/>\n<meta name=\"twitter:creator\" content=\"@SoledadDurazo\" \/>\n<meta name=\"twitter:site\" content=\"@SoledadDurazo\" \/>\n<meta name=\"twitter:label1\" content=\"Escrito por\" \/>\n\t<meta name=\"twitter:data1\" content=\"Redacci\u00f3n\" \/>\n\t<meta name=\"twitter:label2\" content=\"Tiempo de lectura\" \/>\n\t<meta name=\"twitter:data2\" content=\"1 minuto\" \/>\n<script type=\"application\/ld+json\" class=\"yoast-schema-graph\">{\"@context\":\"https:\/\/schema.org\",\"@graph\":[{\"@type\":\"Organization\",\"@id\":\"https:\/\/soledaddurazo.com\/#organization\",\"name\":\"Soledad Durazo\",\"url\":\"https:\/\/soledaddurazo.com\/\",\"sameAs\":[\"https:\/\/www.facebook.com\/soledad.durazo.9\/\",\"https:\/\/www.instagram.com\/soledaddurazo\",\"https:\/\/www.youtube.com\/channel\/UC9yGPw8-Vbl_B2XNkRwPS-w\",\"https:\/\/twitter.com\/SoledadDurazo\"],\"logo\":{\"@type\":\"ImageObject\",\"@id\":\"https:\/\/soledaddurazo.com\/#logo\",\"inLanguage\":\"es\",\"url\":\"https:\/\/soledaddurazo.com\/storage\/2021\/11\/nllp-720x375-1-2.png\",\"contentUrl\":\"https:\/\/soledaddurazo.com\/storage\/2021\/11\/nllp-720x375-1-2.png\",\"width\":720,\"height\":375,\"caption\":\"Soledad Durazo\"},\"image\":{\"@id\":\"https:\/\/soledaddurazo.com\/#logo\"}},{\"@type\":\"WebSite\",\"@id\":\"https:\/\/soledaddurazo.com\/#website\",\"url\":\"https:\/\/soledaddurazo.com\/\",\"name\":\"Periodista SoledadDurazo.com\",\"description\":\"Periodista sonorense. Directora de www.SoledadDurazo.com Columnista, conductora de radio y Tv. Catedr\\u00e1tica en la UNISON\",\"publisher\":{\"@id\":\"https:\/\/soledaddurazo.com\/#organization\"},\"potentialAction\":[{\"@type\":\"SearchAction\",\"target\":{\"@type\":\"EntryPoint\",\"urlTemplate\":\"https:\/\/soledaddurazo.com\/?s={search_term_string}\"},\"query-input\":\"required name=search_term_string\"}],\"inLanguage\":\"es\"},{\"@type\":\"ImageObject\",\"@id\":\"https:\/\/soledaddurazo.com\/blog\/2024\/02\/27\/se-debe-tomar-la-presion-arterial-a-un-bebe-el-dr-manzo-explica-sobre-la-coartacion-de-aorta-en-los-pequenos\/#primaryimage\",\"inLanguage\":\"es\",\"url\":\"https:\/\/soledaddurazo.com\/storage\/2024\/02\/91027_620.jpg\",\"contentUrl\":\"https:\/\/soledaddurazo.com\/storage\/2024\/02\/91027_620.jpg\",\"width\":620,\"height\":310},{\"@type\":\"WebPage\",\"@id\":\"https:\/\/soledaddurazo.com\/blog\/2024\/02\/27\/se-debe-tomar-la-presion-arterial-a-un-bebe-el-dr-manzo-explica-sobre-la-coartacion-de-aorta-en-los-pequenos\/#webpage\",\"url\":\"https:\/\/soledaddurazo.com\/blog\/2024\/02\/27\/se-debe-tomar-la-presion-arterial-a-un-bebe-el-dr-manzo-explica-sobre-la-coartacion-de-aorta-en-los-pequenos\/\",\"name\":\"\\u00bfSe debe tomar la presi\\u00f3n arterial a un beb\\u00e9? El Dr. Manzo explica sobre la Coartaci\\u00f3n de aorta en los peque\\u00f1os - Periodista SoledadDurazo.com\",\"isPartOf\":{\"@id\":\"https:\/\/soledaddurazo.com\/#website\"},\"primaryImageOfPage\":{\"@id\":\"https:\/\/soledaddurazo.com\/blog\/2024\/02\/27\/se-debe-tomar-la-presion-arterial-a-un-bebe-el-dr-manzo-explica-sobre-la-coartacion-de-aorta-en-los-pequenos\/#primaryimage\"},\"datePublished\":\"2024-02-27T07:03:25+00:00\",\"dateModified\":\"2024-03-08T21:17:25+00:00\",\"breadcrumb\":{\"@id\":\"https:\/\/soledaddurazo.com\/blog\/2024\/02\/27\/se-debe-tomar-la-presion-arterial-a-un-bebe-el-dr-manzo-explica-sobre-la-coartacion-de-aorta-en-los-pequenos\/#breadcrumb\"},\"inLanguage\":\"es\",\"potentialAction\":[{\"@type\":\"ReadAction\",\"target\":[\"https:\/\/soledaddurazo.com\/blog\/2024\/02\/27\/se-debe-tomar-la-presion-arterial-a-un-bebe-el-dr-manzo-explica-sobre-la-coartacion-de-aorta-en-los-pequenos\/\"]}]},{\"@type\":\"BreadcrumbList\",\"@id\":\"https:\/\/soledaddurazo.com\/blog\/2024\/02\/27\/se-debe-tomar-la-presion-arterial-a-un-bebe-el-dr-manzo-explica-sobre-la-coartacion-de-aorta-en-los-pequenos\/#breadcrumb\",\"itemListElement\":[{\"@type\":\"ListItem\",\"position\":1,\"name\":\"Home\",\"item\":\"https:\/\/soledaddurazo.com\/\"},{\"@type\":\"ListItem\",\"position\":2,\"name\":\"\\u00bfSe debe tomar la presi\\u00f3n arterial a un beb\\u00e9? El Dr. Manzo explica sobre la Coartaci\\u00f3n de aorta en los peque\\u00f1os\"}]},{\"@type\":\"Article\",\"@id\":\"https:\/\/soledaddurazo.com\/blog\/2024\/02\/27\/se-debe-tomar-la-presion-arterial-a-un-bebe-el-dr-manzo-explica-sobre-la-coartacion-de-aorta-en-los-pequenos\/#article\",\"isPartOf\":{\"@id\":\"https:\/\/soledaddurazo.com\/blog\/2024\/02\/27\/se-debe-tomar-la-presion-arterial-a-un-bebe-el-dr-manzo-explica-sobre-la-coartacion-de-aorta-en-los-pequenos\/#webpage\"},\"author\":{\"@id\":\"https:\/\/soledaddurazo.com\/#\/schema\/person\/822d8e13aa288585e6546f179853758b\"},\"headline\":\"\\u00bfSe debe tomar la presi\\u00f3n arterial a un beb\\u00e9? El Dr. Manzo explica sobre la Coartaci\\u00f3n de aorta en los peque\\u00f1os\",\"datePublished\":\"2024-02-27T07:03:25+00:00\",\"dateModified\":\"2024-03-08T21:17:25+00:00\",\"mainEntityOfPage\":{\"@id\":\"https:\/\/soledaddurazo.com\/blog\/2024\/02\/27\/se-debe-tomar-la-presion-arterial-a-un-bebe-el-dr-manzo-explica-sobre-la-coartacion-de-aorta-en-los-pequenos\/#webpage\"},\"wordCount\":144,\"commentCount\":0,\"publisher\":{\"@id\":\"https:\/\/soledaddurazo.com\/#organization\"},\"image\":{\"@id\":\"https:\/\/soledaddurazo.com\/blog\/2024\/02\/27\/se-debe-tomar-la-presion-arterial-a-un-bebe-el-dr-manzo-explica-sobre-la-coartacion-de-aorta-en-los-pequenos\/#primaryimage\"},\"thumbnailUrl\":\"https:\/\/soledaddurazo.com\/storage\/2024\/02\/91027_620.jpg\",\"articleSection\":[\"principal\"],\"inLanguage\":\"es\",\"potentialAction\":[{\"@type\":\"CommentAction\",\"name\":\"Comment\",\"target\":[\"https:\/\/soledaddurazo.com\/blog\/2024\/02\/27\/se-debe-tomar-la-presion-arterial-a-un-bebe-el-dr-manzo-explica-sobre-la-coartacion-de-aorta-en-los-pequenos\/#respond\"]}]},{\"@type\":\"Person\",\"@id\":\"https:\/\/soledaddurazo.com\/#\/schema\/person\/822d8e13aa288585e6546f179853758b\",\"name\":\"Redacci\\u00f3n\",\"image\":{\"@type\":\"ImageObject\",\"@id\":\"https:\/\/soledaddurazo.com\/#personlogo\",\"inLanguage\":\"es\",\"url\":\"https:\/\/secure.gravatar.com\/avatar\/c4e193752f756fd61f04deebed3a3a20dc188d37edb53682d313ac57f2725d54?s=96&d=mm&r=g\",\"contentUrl\":\"https:\/\/secure.gravatar.com\/avatar\/c4e193752f756fd61f04deebed3a3a20dc188d37edb53682d313ac57f2725d54?s=96&d=mm&r=g\",\"caption\":\"Redacci\\u00f3n\"},\"sameAs\":[\"https:\/\/soledaddurazo.com\"]}]}<\/script>\n ","yoast_head_json":{"title":"\u00bfSe debe tomar la presi\u00f3n arterial a un beb\u00e9? El Dr. Manzo explica sobre la Coartaci\u00f3n de aorta en los peque\u00f1os - Periodista SoledadDurazo.com","robots":{"index":"index","follow":"follow","max-snippet":"max-snippet:-1","max-image-preview":"max-image-preview:large","max-video-preview":"max-video-preview:-1"},"canonical":"https:\/\/soledaddurazo.com\/blog\/2024\/02\/27\/se-debe-tomar-la-presion-arterial-a-un-bebe-el-dr-manzo-explica-sobre-la-coartacion-de-aorta-en-los-pequenos\/","og_locale":"es_MX","og_type":"article","og_title":"\u00bfSe debe tomar la presi\u00f3n arterial a un beb\u00e9? El Dr. Manzo explica sobre la Coartaci\u00f3n de aorta en los peque\u00f1os","og_description":"Ni\u00f1os con este padecimiento deben estar vigilados toda su vida Caracter\u00edsticas f\u00edsicas de infantes con Coartaci\u00f3n de Aorta El doctor Marco Antonio Manzo, Cardi\u00f3logo Pediatra explica sobre el tema de\u00a0 Coartaci\u00f3n de Aorta en un infante beb\u00e9 y pre adolescentes, ya que es considerada la causa n\u00famero de insuficiencia cardiaca en un reci\u00e9n nacido e [&hellip;]","og_url":"https:\/\/soledaddurazo.com\/blog\/2024\/02\/27\/se-debe-tomar-la-presion-arterial-a-un-bebe-el-dr-manzo-explica-sobre-la-coartacion-de-aorta-en-los-pequenos\/","og_site_name":"Periodista SoledadDurazo.com","article_publisher":"https:\/\/www.facebook.com\/soledad.durazo.9\/","article_published_time":"2024-02-27T07:03:25+00:00","article_modified_time":"2024-03-08T21:17:25+00:00","og_image":[{"width":620,"height":310,"url":"https:\/\/soledaddurazo.com\/storage\/2024\/02\/91027_620.jpg","type":"image\/jpeg"}],"twitter_card":"summary_large_image","twitter_creator":"@SoledadDurazo","twitter_site":"@SoledadDurazo","twitter_misc":{"Escrito por":"Redacci\u00f3n","Tiempo de lectura":"1 minuto"},"schema":{"@context":"https:\/\/schema.org","@graph":[{"@type":"Organization","@id":"https:\/\/soledaddurazo.com\/#organization","name":"Soledad Durazo","url":"https:\/\/soledaddurazo.com\/","sameAs":["https:\/\/www.facebook.com\/soledad.durazo.9\/","https:\/\/www.instagram.com\/soledaddurazo","https:\/\/www.youtube.com\/channel\/UC9yGPw8-Vbl_B2XNkRwPS-w","https:\/\/twitter.com\/SoledadDurazo"],"logo":{"@type":"ImageObject","@id":"https:\/\/soledaddurazo.com\/#logo","inLanguage":"es","url":"https:\/\/soledaddurazo.com\/storage\/2021\/11\/nllp-720x375-1-2.png","contentUrl":"https:\/\/soledaddurazo.com\/storage\/2021\/11\/nllp-720x375-1-2.png","width":720,"height":375,"caption":"Soledad Durazo"},"image":{"@id":"https:\/\/soledaddurazo.com\/#logo"}},{"@type":"WebSite","@id":"https:\/\/soledaddurazo.com\/#website","url":"https:\/\/soledaddurazo.com\/","name":"Periodista SoledadDurazo.com","description":"Periodista sonorense. Directora de www.SoledadDurazo.com Columnista, conductora de radio y Tv. Catedr\u00e1tica en la UNISON","publisher":{"@id":"https:\/\/soledaddurazo.com\/#organization"},"potentialAction":[{"@type":"SearchAction","target":{"@type":"EntryPoint","urlTemplate":"https:\/\/soledaddurazo.com\/?s={search_term_string}"},"query-input":"required name=search_term_string"}],"inLanguage":"es"},{"@type":"ImageObject","@id":"https:\/\/soledaddurazo.com\/blog\/2024\/02\/27\/se-debe-tomar-la-presion-arterial-a-un-bebe-el-dr-manzo-explica-sobre-la-coartacion-de-aorta-en-los-pequenos\/#primaryimage","inLanguage":"es","url":"https:\/\/soledaddurazo.com\/storage\/2024\/02\/91027_620.jpg","contentUrl":"https:\/\/soledaddurazo.com\/storage\/2024\/02\/91027_620.jpg","width":620,"height":310},{"@type":"WebPage","@id":"https:\/\/soledaddurazo.com\/blog\/2024\/02\/27\/se-debe-tomar-la-presion-arterial-a-un-bebe-el-dr-manzo-explica-sobre-la-coartacion-de-aorta-en-los-pequenos\/#webpage","url":"https:\/\/soledaddurazo.com\/blog\/2024\/02\/27\/se-debe-tomar-la-presion-arterial-a-un-bebe-el-dr-manzo-explica-sobre-la-coartacion-de-aorta-en-los-pequenos\/","name":"\u00bfSe debe tomar la presi\u00f3n arterial a un beb\u00e9? El Dr. Manzo explica sobre la Coartaci\u00f3n de aorta en los peque\u00f1os - Periodista SoledadDurazo.com","isPartOf":{"@id":"https:\/\/soledaddurazo.com\/#website"},"primaryImageOfPage":{"@id":"https:\/\/soledaddurazo.com\/blog\/2024\/02\/27\/se-debe-tomar-la-presion-arterial-a-un-bebe-el-dr-manzo-explica-sobre-la-coartacion-de-aorta-en-los-pequenos\/#primaryimage"},"datePublished":"2024-02-27T07:03:25+00:00","dateModified":"2024-03-08T21:17:25+00:00","breadcrumb":{"@id":"https:\/\/soledaddurazo.com\/blog\/2024\/02\/27\/se-debe-tomar-la-presion-arterial-a-un-bebe-el-dr-manzo-explica-sobre-la-coartacion-de-aorta-en-los-pequenos\/#breadcrumb"},"inLanguage":"es","potentialAction":[{"@type":"ReadAction","target":["https:\/\/soledaddurazo.com\/blog\/2024\/02\/27\/se-debe-tomar-la-presion-arterial-a-un-bebe-el-dr-manzo-explica-sobre-la-coartacion-de-aorta-en-los-pequenos\/"]}]},{"@type":"BreadcrumbList","@id":"https:\/\/soledaddurazo.com\/blog\/2024\/02\/27\/se-debe-tomar-la-presion-arterial-a-un-bebe-el-dr-manzo-explica-sobre-la-coartacion-de-aorta-en-los-pequenos\/#breadcrumb","itemListElement":[{"@type":"ListItem","position":1,"name":"Home","item":"https:\/\/soledaddurazo.com\/"},{"@type":"ListItem","position":2,"name":"\u00bfSe debe tomar la presi\u00f3n arterial a un beb\u00e9? El Dr. Manzo explica sobre la Coartaci\u00f3n de aorta en los peque\u00f1os"}]},{"@type":"Article","@id":"https:\/\/soledaddurazo.com\/blog\/2024\/02\/27\/se-debe-tomar-la-presion-arterial-a-un-bebe-el-dr-manzo-explica-sobre-la-coartacion-de-aorta-en-los-pequenos\/#article","isPartOf":{"@id":"https:\/\/soledaddurazo.com\/blog\/2024\/02\/27\/se-debe-tomar-la-presion-arterial-a-un-bebe-el-dr-manzo-explica-sobre-la-coartacion-de-aorta-en-los-pequenos\/#webpage"},"author":{"@id":"https:\/\/soledaddurazo.com\/#\/schema\/person\/822d8e13aa288585e6546f179853758b"},"headline":"\u00bfSe debe tomar la presi\u00f3n arterial a un beb\u00e9? El Dr. Manzo explica sobre la Coartaci\u00f3n de aorta en los peque\u00f1os","datePublished":"2024-02-27T07:03:25+00:00","dateModified":"2024-03-08T21:17:25+00:00","mainEntityOfPage":{"@id":"https:\/\/soledaddurazo.com\/blog\/2024\/02\/27\/se-debe-tomar-la-presion-arterial-a-un-bebe-el-dr-manzo-explica-sobre-la-coartacion-de-aorta-en-los-pequenos\/#webpage"},"wordCount":144,"commentCount":0,"publisher":{"@id":"https:\/\/soledaddurazo.com\/#organization"},"image":{"@id":"https:\/\/soledaddurazo.com\/blog\/2024\/02\/27\/se-debe-tomar-la-presion-arterial-a-un-bebe-el-dr-manzo-explica-sobre-la-coartacion-de-aorta-en-los-pequenos\/#primaryimage"},"thumbnailUrl":"https:\/\/soledaddurazo.com\/storage\/2024\/02\/91027_620.jpg","articleSection":["principal"],"inLanguage":"es","potentialAction":[{"@type":"CommentAction","name":"Comment","target":["https:\/\/soledaddurazo.com\/blog\/2024\/02\/27\/se-debe-tomar-la-presion-arterial-a-un-bebe-el-dr-manzo-explica-sobre-la-coartacion-de-aorta-en-los-pequenos\/#respond"]}]},{"@type":"Person","@id":"https:\/\/soledaddurazo.com\/#\/schema\/person\/822d8e13aa288585e6546f179853758b","name":"Redacci\u00f3n","image":{"@type":"ImageObject","@id":"https:\/\/soledaddurazo.com\/#personlogo","inLanguage":"es","url":"https:\/\/secure.gravatar.com\/avatar\/c4e193752f756fd61f04deebed3a3a20dc188d37edb53682d313ac57f2725d54?s=96&d=mm&r=g","contentUrl":"https:\/\/secure.gravatar.com\/avatar\/c4e193752f756fd61f04deebed3a3a20dc188d37edb53682d313ac57f2725d54?s=96&d=mm&r=g","caption":"Redacci\u00f3n"},"sameAs":["https:\/\/soledaddurazo.com"]}]}},"_links":{"self":[{"href":"https:\/\/soledaddurazo.com\/api\/wp\/v2\/posts\/19712","targetHints":{"allow":["GET"]}}],"collection":[{"href":"https:\/\/soledaddurazo.com\/api\/wp\/v2\/posts"}],"about":[{"href":"https:\/\/soledaddurazo.com\/api\/wp\/v2\/types\/post"}],"author":[{"embeddable":true,"href":"https:\/\/soledaddurazo.com\/api\/wp\/v2\/users\/1"}],"replies":[{"embeddable":true,"href":"https:\/\/soledaddurazo.com\/api\/wp\/v2\/comments?post=19712"}],"version-history":[{"count":1,"href":"https:\/\/soledaddurazo.com\/api\/wp\/v2\/posts\/19712\/revisions"}],"predecessor-version":[{"id":19714,"href":"https:\/\/soledaddurazo.com\/api\/wp\/v2\/posts\/19712\/revisions\/19714"}],"wp:featuredmedia":[{"embeddable":true,"href":"https:\/\/soledaddurazo.com\/api\/wp\/v2\/media\/19713"}],"wp:attachment":[{"href":"https:\/\/soledaddurazo.com\/api\/wp\/v2\/media?parent=19712"}],"wp:term":[{"taxonomy":"category","embeddable":true,"href":"https:\/\/soledaddurazo.com\/api\/wp\/v2\/categories?post=19712"},{"taxonomy":"post_tag","embeddable":true,"href":"https:\/\/soledaddurazo.com\/api\/wp\/v2\/tags?post=19712"}],"curies":[{"name":"wp","href":"https:\/\/api.w.org\/{rel}","templated":true}]}}