{"id":19710,"date":"2024-02-26T23:23:46","date_gmt":"2024-02-27T06:23:46","guid":{"rendered":"https:\/\/soledaddurazo.com\/?p=19710"},"modified":"2024-02-26T23:23:47","modified_gmt":"2024-02-27T06:23:47","slug":"se-cumplio-su-deseo-diario-oira-misa","status":"publish","type":"post","link":"https:\/\/soledaddurazo.com\/blog\/2024\/02\/26\/se-cumplio-su-deseo-diario-oira-misa\/","title":{"rendered":"Se Cumpli\u00f3 Su Deseo, Diario Oir\u00e1 Misa"},"content":{"rendered":"<p><strong>A L F A\u00a0\u00a0 O M E G A <\/strong><\/p>\n<p><strong>Se Cumpli\u00f3 Su Deseo, Diario Oir\u00e1 Misa<\/strong><\/p>\n<p><strong><em>Do\u00f1a Jechu Nos Env\u00eda Sus Bendiciones<\/em><\/strong><\/p>\n<p><strong><em>Vivi\u00f3 a Plenitud, Siempre Con Amor<\/em><\/strong><\/p>\n<p><strong><em>Recuerdos y An\u00e9cdotas Inolvidables<\/em><\/strong><\/p>\n<p><strong>Por <\/strong>JORGE HERRERA VALENZUELA<\/p>\n<p><strong><em>A todos los que me favorecen leyendo los comentarios period\u00edsticos, les invito para cuidar el uso del agua, es necesario ahorrar el valioso l\u00edquido. Ni solo la falta de lluvias es causante de la sequ\u00eda, tambi\u00e9n lo es el nulo manteamiento gubernamental de las redes de distribuci\u00f3n.<\/em><\/strong><\/p>\n<p><strong>DESCANSA EN SU NICHO<\/strong><\/p>\n<p>La tarde del pasado viernes 16 de este febrero, la Familia Herrera Navas, parientes y amistades, presenciaron el momento en que la urna, con las cenizas de nuestra adorada <strong>Esther Lilia Navas Ruiz,<\/strong> era depositada en su nicho.<\/p>\n<p>Estrujante el momento de cerrar el nicho, donde descansa quien prodigo amor. Carism\u00e1tica conquist\u00f3 el cari\u00f1o de quienes la conocieron. Su sonrisa qued\u00f3 grabada en mi mente, en la de sus hijas, hijos, nietas, nietos, sobrinas y sobrinos. El bisnieto solo llegar\u00e1 a conocerla en la fotograf\u00eda impresa, cuando ella lo sostuvo en sus brazos.<\/p>\n<p>Ah\u00ed, en la Capilla de Santa Teresita del Ni\u00f1o Jes\u00fas, en la parroquia de Santa Rita de Casia, Colonia Villa de Cort\u00e9s, Ciudad de M\u00e9xico, estar\u00e1 descansando mi Gordita Linda.<\/p>\n<p>Toda una historia envuelve a este suceso.<\/p>\n<p>Hace a\u00f1os, Mane me dijo que iba a comprar un nicho en la Iglesia a la que asistimos, desde 1970, a misa de 9 de la ma\u00f1ana, diarias, una temporada de varios a\u00f1os. Despu\u00e9s a las dominicales. Ah\u00ed hicieron su Primera Comuni\u00f3n y fueron Confirmados varios de nuestros herederos de la tercera generaci\u00f3n.<\/p>\n<p>Abro un par\u00e9ntesis para comentarles que <strong>Mane<\/strong> es apocope de \u201cmam\u00e1 grande\u201d y recuerdo que quien primero lo pronunci\u00f3, al dirigirse a su abuelita, fue el primog\u00e9nito de los nietos, Jorge Luis.<\/p>\n<p>Contaba mi Gordita Linda que ella a su abuelita materna que se llam\u00f3 Ramona, sus nietos le dec\u00edan \u201cMamane\u201d, equivalente a Mam\u00e1 Grande\u00a0 \u201cy a m\u00ed, dec\u00eda, quiero que tambi\u00e9n me digan as\u00ed\u201d. Hay un personaje femenino en dos pel\u00edculas mexicanas que lo nombran Man\u00e9, as\u00ed con acento.<\/p>\n<p>Bien, la historia contin\u00faa.<\/p>\n<p>&#8211;Miren cuando yo me vaya, cuando Diosito me llame, les pido que me incineren y mis cenizas las lleven al nicho que compr\u00e9, les dijo a nuestras hijas Geor, Claudia y Trizia.<\/p>\n<p>&#8211;\u00bfPor qu\u00e9?, fue la pregunta obligada.<\/p>\n<p>&#8211;Porque Ustedes, no me van\u00a0 estar rezando, \u00bfverdad? Y ah\u00ed s\u00ed me rezar\u00e1n todos los d\u00edas.<\/p>\n<p>Y se cumpli\u00f3 su deseo, a las 18:30 horas del d\u00eda ya mencionado.<\/p>\n<p>Jorge, el primog\u00e9nito, tom\u00f3 en sus manos la urna y se aproxim\u00f3 al nicho. Llanto de todos, abrazados, vivimos dolorosos minutos. Antes fue oficiada una misa ordinaria en la\u00a0 parroquia. Colocaron unas flores naturales y unas de papel hechas por nuestra nieta Andy Herrera Sol\u00eds, la m\u00e1s peque\u00f1a.<\/p>\n<p>Mina, Gigi, Ethel, Vicky, sus amigas del grupo \u201cAves del Para\u00edso\u201d. Lourdes Granados la muy querida \u201cGorda\u201d (aunque est\u00e1 delgadita), el arquitecto Salvador \u00c1lvarez Espinosa, nuestro compa\u00f1ero de parrandas, Ricardo Cruz Ruiz en representaci\u00f3n de La Familia Gamos, Mayra y Lupita, amigos de la nieta Sof\u00eda, amigos de Geor y de Jorge, as\u00ed como de nuestro nieto \u00a0Ale (Jorge Alejandro). Muchos m\u00e1s, a quienes agradecemos su compa\u00f1\u00eda.<\/p>\n<p>Momentos inolvidables. Las hijas, los hijos, yo, nietos, nietas, no le dec\u00edamos adi\u00f3s ni nos est\u00e1bamos despidiendo de ella, por el contrario, sabemos que su esp\u00edritu, su alma, sus sonrisas, estar\u00e1n presentes \u201c<strong>siempre, por siempre y para siempre\u201d<\/strong>, frase con \u00a0que rubricaba las cartas que me escrib\u00eda cuando \u00e9ramos novios.<\/p>\n<p>En la parte posterior del sobre en rededor de la curvatura anotaba en may\u00fasculas <strong>SCUB, <\/strong>\u00a0siglas que se traduc\u00edan en: <strong>Sellada Con Un Beso.<\/strong><\/p>\n<p><strong>RECIBIMOS DIARIA BENDICI\u00d3N<\/strong><\/p>\n<p>Mi Gordita Linda desde joven estaba muy apegada a la Iglesia. Cat\u00f3lica por los cuatro costados. En Toluca, soltera, le gustaba ir a ver la clasificaci\u00f3n de las pel\u00edculas en exhibici\u00f3n, A para todos, ni\u00f1os, j\u00f3venes y adultos;\u00a0 terminaban con la\u00a0 letra C, \u201clas no aptas, las\u00a0 indecentes\u201d.<\/p>\n<p>Durante muchos a\u00f1os de la infancia de las dos hijas y los dos hijos (Trizia lleg\u00f3 hasta 1981, Jorge le lleva 20 a\u00f1os), mam\u00e1 llevaba a sus pollitas y pollitos a misa dominical. Los cuatro hicieron su primera comuni\u00f3n antes de cumplir los 12 a\u00f1os.<\/p>\n<p>La religi\u00f3n cat\u00f3lica siempre la hemos mantenido. Cuando naci\u00f3 Trizia Esther promet\u00ed ir con ella a la Bas\u00edlica de San Juan de los Lagos y lo cumpl\u00ed el 15 de agosto de 1981, pero no pudimos entrar porque estaba abarrotada, era la Fiesta Tradicional Anual de la Asunci\u00f3n de Mar\u00eda. Nos acompa\u00f1aron do\u00f1a Jose Barocio de Basulto y su hijo Mario, de la Familia encabezada por don H\u00e9ctor Basulto Mancilla.<\/p>\n<p>Siempre como costumbre, Mane cuando sal\u00edamos de casas nos santiguaba y daba la bendici\u00f3n. Si por cuestiones de trabajo, por viaje de placer, invariablemente recib\u00edamos la religiosa bendici\u00f3n y nos encomendaba a Dios Nuestro Se\u00f1or.<\/p>\n<p><strong>Do\u00f1a Jechu<\/strong>, como cari\u00f1osamente siempre Jorge le llam\u00f3 a su mamita, nos env\u00eda ahora sus bendiciones desde el lugar donde est\u00e1, en el reino celestial. Recibimos su sonrisa y el amor que siempre nos profes\u00f3.<\/p>\n<p><strong>FUIMOS \u201cNOTICIA\u201d EN TOLUCA<\/strong><\/p>\n<p>Por aquellos d\u00edas del 1960 en el diario \u201cEl Mundo\u201d se publicaba la columna <strong>Crinolina<\/strong>. Su autora firmaba como <strong>Marycel. <\/strong><\/p>\n<p>Todos los chismes de la sociedad toluque\u00f1a, de los pol\u00edticos locales, de los charros como Octavio Ch\u00e1vez, formaban parte de la le\u00edda columna.<\/p>\n<p>La presencia del reportero capitalino o sea yo, \u00a0que paseaba de \u201cmanita de torta\u201d, en los hist\u00f3ricos Portales, de la Se\u00f1orita Lilia Navas, tambi\u00e9n aparec\u00eda comentada. Era \u201cnoticia\u201d.<\/p>\n<p>Decenas de notitas de Marycel, me recuerdan mucho el breve noviazgo, del 13 de enero al 13 de diciembre de 1960. Hoy, lo hemos platicado la amiga entra\u00f1able y colega <strong>Gloria D\u00edaz Gonz\u00e1lez, Gloria Libi\u00e9n, <\/strong>a quien considero que despu\u00e9s de m\u00e1s siete d\u00e9cadas de ejercer el periodismo, es La Decana de Reporteros y Columnistas del Estado de M\u00e9xico.<\/p>\n<p>Gloria quer\u00eda mucho a Lilia. \u00a0En esa \u00e9poca mi novia laboraba en la Direcci\u00f3n General de Turismo, con el ingeniero H\u00e9ctor Medina Neri.<\/p>\n<p>El 2 de diciembre de 2022 Gloria y su servidor recibimos el Premio M\u00e9xico de Periodismo \u201cRicardo Flores Mag\u00f3n\u201d Por Trayectoria, en una ceremonia presidida por el colega y amigo Teodoro Renter\u00eda Arroyave, presidente del Colegio Nacional de Licenciados en Periodismo.<\/p>\n<p>Me sorprendi\u00f3, la noche del jueves pasado, recibir unas l\u00edneas de <strong>Marycel<\/strong>, s\u00ed, de de la firmante de la columna <strong>Crinolina<\/strong>, para recordarme de aquellos d\u00edas de hace 65 a\u00f1os. Lo agradezco con mucho cari\u00f1o, querida Gloria.<\/p>\n<p>\u201c<strong>En aquel tiempo, en que Toluca era una Ciudad peque\u00f1a, bonita<\/strong> <strong>y tranquila, all\u00ed te rob\u00f3 el coraz\u00f3n la bella Lilia Navas. Te cautiv\u00f3 su sonrisa y esa figura hermosa de mujer toluque\u00f1a<\/strong>, escribi\u00f3 mi amiga y colega para agregar:<\/p>\n<p><strong>Acarici\u00f3 tus sue\u00f1os con mirada azul y te flech\u00f3 irremediablemente hasta convertirse en eternos enamorados, rodeados de tan linda Familia<\/strong>\u201d.<\/p>\n<p><strong>VIAJES A PUEBLO GRANDE<\/strong><\/p>\n<p>En muchas ocasiones, cuando hac\u00edamos remembranzas de los d\u00edas toluque\u00f1os, Lilia mencionaba que con el permiso de su mami, Do\u00f1a Esthercita, viajaba al Distrito Federal acompa\u00f1ando a su amiga Gena Estrada y a invitaci\u00f3n del novio de Gena, Armando Monroy.<\/p>\n<p>\u201cAmando nos dec\u00eda, vamos a pueblo grande\u201d. Armando y Gena, como ya lo he comentado, fueron los primeros amigos de mi amada Gordita y apadrinaron el bautizo de Trizia Esther.<\/p>\n<p>Eran d\u00edas de disfrute. De salir de la bella Toluquita. De recorrer las entonces seguras y tranquilas calles de la Capital Mexicana. No faltaba que las dos amigas y vecinas entrar\u00e1n a las tiendas del Centro, El Palacio de Hierro, Liverpool, tal vez pasaban a la Catedral Metropolitana. Y luego, el regreso \u201cA Pueblo Chico\u201d. Lilia siempre dec\u00eda \u201cQu\u00e9 pueblo chico, no se\u00f1or, \u00a1Ciudad de Toluca!\u201d.<\/p>\n<p>A\u00f1os m\u00e1s tarde comenz\u00f3 una vida\u00a0 para los dos. Do\u00f1a Esthercita\u00a0 se quedaba en casa mientras nosotros atend\u00edamos invitaciones de mis colegas reporteros, de personas que iba conociendo en mi trabajo reporteril. Tuvimos la oportunidad de asistir a todos los centros nocturnos, cuyas variedades eran atractivas.<\/p>\n<p>Conocimos a artistas como Jos\u00e9 Jos\u00e9, cuando era cancionero en una \u201ccovachita\u201d del cabaret Los Globos; vimos el inicio de Lupita D\u00b4Alessio en uno de los bares del Se\u00f1orial en la Zona Rosa. Aplaudimos a Silvia Pinal, a la bella Elsa Aguirre, a Mar\u00eda Victoria, as\u00ed como a Carlos Lico, a Marco Antonio Mu\u00f1oz, al jovencito Luis Miguel. Alex Cardini era un anfitri\u00f3n excelente y nos invitaba a estar en la presentaci\u00f3n de las estrellas cubanas que contrataba. Claro, no daba gratis ni un vaso de agua.<\/p>\n<p>El d\u00eda en que debut\u00f3 Jos\u00e9 Jos\u00e9 en El Patio, don Vicente Miranda, el due\u00f1o, nos invit\u00f3 en mesa de pista y al t\u00e9rmino de la funci\u00f3n, mi Gordita se fotografi\u00f3 con el que ser\u00eda El Pr\u00edncipe de la Canci\u00f3n.<\/p>\n<p>Viajamos con los hijos por muchas partes de nuestra hermosa Rep\u00fablica. A Munich 72 fuimos antes de iniciarse las olimpiadas. Estuvimos en Espa\u00f1a cuando los caricaturistas mexicanos montaron una exposici\u00f3n en el Museo de Vacas. Conocimos Par\u00eds, se emocion\u00f3 hasta las l\u00e1grimas al estar, por primera vez, frente a las puertas de El Vaticano.<\/p>\n<p>Para festejar los quince a\u00f1os de Geor y adelantar el de Clau, las tres hicieron una excursi\u00f3n por 14 pa\u00edses y regresaron agotadas. Hubo dos o tres viajes a Noruega, donde vive nuestra sobrina Rosario, su esposo Per y su hija Yoalli. Conoci\u00f3 Dinamarca, Suecia, la tierra natal de Juan Pablo II. Conoci\u00f3 Hungr\u00eda. De Estados Unidos visit\u00f3, entre otros lugares, Nueva York, Nueva Orleans, Houston y San Antonio.<\/p>\n<p>Siempre sonriente. Siempre feliz. Gustaba recorrer museos, plazas y llor\u00f3 al recorrer los salones donde est\u00e1n fotograf\u00edas y biograf\u00edas de los ganadores del Premio Nobel. \u201cMe emocion\u00f3 saber de hombres y mujeres que hicieron tanto por la humanidad\u201d, coment\u00f3 al salir.<\/p>\n<p><strong>AN\u00c9CDOTAS\u00a0 INOLVIDABLES<\/strong><\/p>\n<p>En los 63 a\u00f1os y 8 d\u00edas de vida matrimonial hubo momentos que, por diversas circunstancias, formaron una parte del libro de an\u00e9cdotas y comentar\u00e9 sobre algunas de ellas.<\/p>\n<p>La primera no la compart\u00ed con mi Gordita Linda. Muy joven empez\u00f3 a trabajar y fue en las oficinas de la empresa constructora de don <strong>Pepe Oviedo Col\u00edn, <\/strong>un aut\u00e9ntico ranchero, hombre de campo que a principios de los a\u00f1os cincuenta se dedic\u00f3 a trabajos de mantenimiento de caminos en el Estado de M\u00e9xico.<\/p>\n<p>Bueno, don Pepe la llamaba \u201cLaila\u201d o \u201cLila\u201d, le dep\u00f3sito toda su confianza. Dos recuerdos, Lilia aprendi\u00f3 a manejar un veh\u00edculo, conduciendo un cami\u00f3n materialista y\u00a0 \u00a1vaya si sab\u00eda manejar! El segundo fue que en cierto d\u00eda, el ranchero le dijo: \u201cNi\u00f1a se le est\u00e1n pasando los a\u00f1os, \u00a1no se vaya a quedar!\u201d.<\/p>\n<p>Repito, don Pepe sencillo y amable. Lo conoc\u00ed en su rancho ubicado en Pedro Escobedo, Quer\u00e9taro. Tambi\u00e9n tuvo casas en Ixtapan de la Sal. Debo precisar que su patrimonio lo hizo sin trabajar para el gobierno estatal. Su hermano Salvador S\u00e1nchez Col\u00edn fue gobernador de la entidad. Atlacomulquenses, a\u00fan no exist\u00eda el grupo pol\u00edtico. El ingeniero agr\u00f3nomo, Salvador, es muy recordado en el Sur del territorio hoy conocido como mexiquense.<\/p>\n<p>A invitaci\u00f3n de <strong>Carlos Kulwisky, <\/strong>diplom\u00e1tico alem\u00e1n acreditado en M\u00e9xico, mi esposa y yo asistimos a una comida, en la residencia particular. Tambi\u00e9n estuvo mi amigo y compa\u00f1ero de La Prensa, don <strong>Fernando Marcos<\/strong> y el director de cine <strong>Alfredo B. Crevena<\/strong>.<\/p>\n<p>Exquisitos platillos preparados con ingredientes tra\u00eddos de Alemania y buenos vinos de mesa. <strong>\u00a0<\/strong>Carlos y su guapa esposa no olvidaron detalle para atendernos.<\/p>\n<p>Despu\u00e9s de los postres sigui\u00f3 la charla. En un momento, cuando camin\u00e1bamos por el jard\u00edn ocurri\u00f3 lo siguiente al llamar don Fernando a mi mujer.<\/p>\n<p>&#8211;Oiga se\u00f1ora, \u00e9ste (se\u00f1al\u00e1ndome a m\u00ed) \u00bfya la ha llevado a un motel?<\/p>\n<p>Lilia se puso de mil colores. Muda ve\u00eda a mi guas\u00f3n amigo, quien agreg\u00f3: \u201c\u00a1Es una broma!\u201d. Solt\u00f3 una carcajada y mi esposa simplemente sonri\u00f3. Pasado el tiempo, ella lo tom\u00f3 como broma ese chascarrillo y don Fernando\u00a0 entendi\u00f3 que no fue muy acertado.<\/p>\n<p>Con <strong>Manuel Buend\u00eda <\/strong>\u00a0y su esposa <strong>Lolita<\/strong> hab\u00eda un trato familiar. Fueron los padrinos en el bautizo de <strong>Claudia<\/strong>. Manuel dirig\u00eda el diario La Prensa y en una ocasi\u00f3n nos invit\u00f3 a cenar.<\/p>\n<p>Se form\u00f3 un cuarteto de matrimonios. <strong>Mario Alberto Santoscoy y Pilar, F\u00e9lix Fuentes y Licha<\/strong> para departir platicar, \u201cchismear\u201d. Los cuatro \u00e9ramos parte de la Redacci\u00f3n y las se\u00f1oras ya se conoc\u00edan, Mario y Pilar eran compadres del anfitri\u00f3n y Lolita, as\u00ed como F\u00e9lix y Licha eran nuestros compadres, padrinos de Georgina.<\/p>\n<p>Despu\u00e9s del primer brindis. De agradecer la invitaci\u00f3n, escuchamos a Manuel que muy propio, ceremonioso,\u00a0 solt\u00f3 una de sus acostumbradas bromas.<\/p>\n<p>&#8211;Se\u00f1oras, quiero decirles que estos pelafustanes, sus maridos, me echan la culpa de que llegan tarde a sus casas porque los retengo en la Redacci\u00f3n. A las ocho y media, los busco y ya no est\u00e1n.<\/p>\n<p>Sigui\u00f3 su risa, autofestej\u00e1ndose y recorriendo con la vista a nosotros. La verdad es que a Mario y a m\u00ed, si nos ped\u00eda que lo esper\u00e1ramos hasta \u201cel cierre\u201d, a eso de la una de la ma\u00f1ana. Por supuesto, no diario.<\/p>\n<p>Mi querido compadre F\u00e9lix y yo, por gracia de Dios, somos los supervivientes de ese grupo familiar.<\/p>\n<p><strong>jherrerav@live.com.mx<\/strong><\/p>\n<p>&nbsp;<\/p>\n<p>&nbsp;<\/p>\n<p>&nbsp;<\/p>\n<p><strong><em>\u00a0<\/em><\/strong><\/p>\n<p><strong>\u00a0<\/strong><\/p>\n","protected":false},"excerpt":{"rendered":"<p>A L F A\u00a0\u00a0 O M E G A Se Cumpli\u00f3 Su Deseo, Diario Oir\u00e1 Misa Do\u00f1a Jechu Nos Env\u00eda Sus Bendiciones Vivi\u00f3 a Plenitud, Siempre Con Amor Recuerdos y An\u00e9cdotas Inolvidables Por JORGE HERRERA VALENZUELA A todos los que me favorecen leyendo los comentarios period\u00edsticos, les invito para cuidar el uso del agua, es [&hellip;]<\/p>\n","protected":false},"author":1,"featured_media":17715,"comment_status":"open","ping_status":"open","sticky":false,"template":"","format":"standard","meta":{"footnotes":""},"categories":[172],"tags":[],"class_list":["post"],"yoast_head":" \n<title>Se Cumpli\u00f3 Su Deseo, Diario Oir\u00e1 Misa - Periodista SoledadDurazo.com<\/title>\n<meta name=\"robots\" content=\"index, follow, max-snippet:-1, max-image-preview:large, max-video-preview:-1\" \/>\n<link rel=\"canonical\" href=\"https:\/\/soledaddurazo.com\/blog\/2024\/02\/26\/se-cumplio-su-deseo-diario-oira-misa\/\" \/>\n<meta property=\"og:locale\" content=\"es_MX\" \/>\n<meta property=\"og:type\" content=\"article\" \/>\n<meta property=\"og:title\" content=\"Se Cumpli\u00f3 Su Deseo, Diario Oir\u00e1 Misa\" \/>\n<meta property=\"og:description\" content=\"A L F A\u00a0\u00a0 O M E G A Se Cumpli\u00f3 Su Deseo, Diario Oir\u00e1 Misa Do\u00f1a Jechu Nos Env\u00eda Sus Bendiciones Vivi\u00f3 a Plenitud, Siempre Con Amor Recuerdos y An\u00e9cdotas Inolvidables Por JORGE HERRERA VALENZUELA A todos los que me favorecen leyendo los comentarios period\u00edsticos, les invito para cuidar el uso del agua, es [&hellip;]\" \/>\n<meta property=\"og:url\" content=\"https:\/\/soledaddurazo.com\/blog\/2024\/02\/26\/se-cumplio-su-deseo-diario-oira-misa\/\" \/>\n<meta property=\"og:site_name\" content=\"Periodista SoledadDurazo.com\" \/>\n<meta property=\"article:publisher\" content=\"https:\/\/www.facebook.com\/soledad.durazo.9\/\" \/>\n<meta property=\"article:published_time\" content=\"2024-02-27T06:23:46+00:00\" \/>\n<meta property=\"article:modified_time\" content=\"2024-02-27T06:23:47+00:00\" \/>\n<meta property=\"og:image\" content=\"https:\/\/soledaddurazo.com\/storage\/2023\/05\/jorge-herrera.png\" \/>\n\t<meta property=\"og:image:width\" content=\"758\" \/>\n\t<meta property=\"og:image:height\" content=\"974\" \/>\n<meta name=\"twitter:card\" content=\"summary_large_image\" \/>\n<meta name=\"twitter:creator\" content=\"@SoledadDurazo\" \/>\n<meta name=\"twitter:site\" content=\"@SoledadDurazo\" \/>\n<meta name=\"twitter:label1\" content=\"Escrito por\" \/>\n\t<meta name=\"twitter:data1\" content=\"Redacci\u00f3n\" \/>\n\t<meta name=\"twitter:label2\" content=\"Tiempo de lectura\" \/>\n\t<meta name=\"twitter:data2\" content=\"10 minutos\" \/>\n<script type=\"application\/ld+json\" class=\"yoast-schema-graph\">{\"@context\":\"https:\/\/schema.org\",\"@graph\":[{\"@type\":\"Organization\",\"@id\":\"https:\/\/soledaddurazo.com\/#organization\",\"name\":\"Soledad Durazo\",\"url\":\"https:\/\/soledaddurazo.com\/\",\"sameAs\":[\"https:\/\/www.facebook.com\/soledad.durazo.9\/\",\"https:\/\/www.instagram.com\/soledaddurazo\",\"https:\/\/www.youtube.com\/channel\/UC9yGPw8-Vbl_B2XNkRwPS-w\",\"https:\/\/twitter.com\/SoledadDurazo\"],\"logo\":{\"@type\":\"ImageObject\",\"@id\":\"https:\/\/soledaddurazo.com\/#logo\",\"inLanguage\":\"es\",\"url\":\"https:\/\/soledaddurazo.com\/storage\/2021\/11\/nllp-720x375-1-2.png\",\"contentUrl\":\"https:\/\/soledaddurazo.com\/storage\/2021\/11\/nllp-720x375-1-2.png\",\"width\":720,\"height\":375,\"caption\":\"Soledad Durazo\"},\"image\":{\"@id\":\"https:\/\/soledaddurazo.com\/#logo\"}},{\"@type\":\"WebSite\",\"@id\":\"https:\/\/soledaddurazo.com\/#website\",\"url\":\"https:\/\/soledaddurazo.com\/\",\"name\":\"Periodista SoledadDurazo.com\",\"description\":\"Periodista sonorense. Directora de www.SoledadDurazo.com Columnista, conductora de radio y Tv. Catedr\\u00e1tica en la UNISON\",\"publisher\":{\"@id\":\"https:\/\/soledaddurazo.com\/#organization\"},\"potentialAction\":[{\"@type\":\"SearchAction\",\"target\":{\"@type\":\"EntryPoint\",\"urlTemplate\":\"https:\/\/soledaddurazo.com\/?s={search_term_string}\"},\"query-input\":\"required name=search_term_string\"}],\"inLanguage\":\"es\"},{\"@type\":\"ImageObject\",\"@id\":\"https:\/\/soledaddurazo.com\/blog\/2024\/02\/26\/se-cumplio-su-deseo-diario-oira-misa\/#primaryimage\",\"inLanguage\":\"es\",\"url\":\"https:\/\/soledaddurazo.com\/storage\/2023\/05\/jorge-herrera.png\",\"contentUrl\":\"https:\/\/soledaddurazo.com\/storage\/2023\/05\/jorge-herrera.png\",\"width\":758,\"height\":974},{\"@type\":\"WebPage\",\"@id\":\"https:\/\/soledaddurazo.com\/blog\/2024\/02\/26\/se-cumplio-su-deseo-diario-oira-misa\/#webpage\",\"url\":\"https:\/\/soledaddurazo.com\/blog\/2024\/02\/26\/se-cumplio-su-deseo-diario-oira-misa\/\",\"name\":\"Se Cumpli\\u00f3 Su Deseo, Diario Oir\\u00e1 Misa - Periodista SoledadDurazo.com\",\"isPartOf\":{\"@id\":\"https:\/\/soledaddurazo.com\/#website\"},\"primaryImageOfPage\":{\"@id\":\"https:\/\/soledaddurazo.com\/blog\/2024\/02\/26\/se-cumplio-su-deseo-diario-oira-misa\/#primaryimage\"},\"datePublished\":\"2024-02-27T06:23:46+00:00\",\"dateModified\":\"2024-02-27T06:23:47+00:00\",\"breadcrumb\":{\"@id\":\"https:\/\/soledaddurazo.com\/blog\/2024\/02\/26\/se-cumplio-su-deseo-diario-oira-misa\/#breadcrumb\"},\"inLanguage\":\"es\",\"potentialAction\":[{\"@type\":\"ReadAction\",\"target\":[\"https:\/\/soledaddurazo.com\/blog\/2024\/02\/26\/se-cumplio-su-deseo-diario-oira-misa\/\"]}]},{\"@type\":\"BreadcrumbList\",\"@id\":\"https:\/\/soledaddurazo.com\/blog\/2024\/02\/26\/se-cumplio-su-deseo-diario-oira-misa\/#breadcrumb\",\"itemListElement\":[{\"@type\":\"ListItem\",\"position\":1,\"name\":\"Home\",\"item\":\"https:\/\/soledaddurazo.com\/\"},{\"@type\":\"ListItem\",\"position\":2,\"name\":\"Se Cumpli\\u00f3 Su Deseo, Diario Oir\\u00e1 Misa\"}]},{\"@type\":\"Article\",\"@id\":\"https:\/\/soledaddurazo.com\/blog\/2024\/02\/26\/se-cumplio-su-deseo-diario-oira-misa\/#article\",\"isPartOf\":{\"@id\":\"https:\/\/soledaddurazo.com\/blog\/2024\/02\/26\/se-cumplio-su-deseo-diario-oira-misa\/#webpage\"},\"author\":{\"@id\":\"https:\/\/soledaddurazo.com\/#\/schema\/person\/822d8e13aa288585e6546f179853758b\"},\"headline\":\"Se Cumpli\\u00f3 Su Deseo, Diario Oir\\u00e1 Misa\",\"datePublished\":\"2024-02-27T06:23:46+00:00\",\"dateModified\":\"2024-02-27T06:23:47+00:00\",\"mainEntityOfPage\":{\"@id\":\"https:\/\/soledaddurazo.com\/blog\/2024\/02\/26\/se-cumplio-su-deseo-diario-oira-misa\/#webpage\"},\"wordCount\":2374,\"commentCount\":0,\"publisher\":{\"@id\":\"https:\/\/soledaddurazo.com\/#organization\"},\"image\":{\"@id\":\"https:\/\/soledaddurazo.com\/blog\/2024\/02\/26\/se-cumplio-su-deseo-diario-oira-misa\/#primaryimage\"},\"thumbnailUrl\":\"https:\/\/soledaddurazo.com\/storage\/2023\/05\/jorge-herrera.png\",\"articleSection\":[\"Jorge Herrera\"],\"inLanguage\":\"es\",\"potentialAction\":[{\"@type\":\"CommentAction\",\"name\":\"Comment\",\"target\":[\"https:\/\/soledaddurazo.com\/blog\/2024\/02\/26\/se-cumplio-su-deseo-diario-oira-misa\/#respond\"]}]},{\"@type\":\"Person\",\"@id\":\"https:\/\/soledaddurazo.com\/#\/schema\/person\/822d8e13aa288585e6546f179853758b\",\"name\":\"Redacci\\u00f3n\",\"image\":{\"@type\":\"ImageObject\",\"@id\":\"https:\/\/soledaddurazo.com\/#personlogo\",\"inLanguage\":\"es\",\"url\":\"https:\/\/secure.gravatar.com\/avatar\/c4e193752f756fd61f04deebed3a3a20dc188d37edb53682d313ac57f2725d54?s=96&d=mm&r=g\",\"contentUrl\":\"https:\/\/secure.gravatar.com\/avatar\/c4e193752f756fd61f04deebed3a3a20dc188d37edb53682d313ac57f2725d54?s=96&d=mm&r=g\",\"caption\":\"Redacci\\u00f3n\"},\"sameAs\":[\"https:\/\/soledaddurazo.com\"]}]}<\/script>\n ","yoast_head_json":{"title":"Se Cumpli\u00f3 Su Deseo, Diario Oir\u00e1 Misa - Periodista SoledadDurazo.com","robots":{"index":"index","follow":"follow","max-snippet":"max-snippet:-1","max-image-preview":"max-image-preview:large","max-video-preview":"max-video-preview:-1"},"canonical":"https:\/\/soledaddurazo.com\/blog\/2024\/02\/26\/se-cumplio-su-deseo-diario-oira-misa\/","og_locale":"es_MX","og_type":"article","og_title":"Se Cumpli\u00f3 Su Deseo, Diario Oir\u00e1 Misa","og_description":"A L F A\u00a0\u00a0 O M E G A Se Cumpli\u00f3 Su Deseo, Diario Oir\u00e1 Misa Do\u00f1a Jechu Nos Env\u00eda Sus Bendiciones Vivi\u00f3 a Plenitud, Siempre Con Amor Recuerdos y An\u00e9cdotas Inolvidables Por JORGE HERRERA VALENZUELA A todos los que me favorecen leyendo los comentarios period\u00edsticos, les invito para cuidar el uso del agua, es [&hellip;]","og_url":"https:\/\/soledaddurazo.com\/blog\/2024\/02\/26\/se-cumplio-su-deseo-diario-oira-misa\/","og_site_name":"Periodista SoledadDurazo.com","article_publisher":"https:\/\/www.facebook.com\/soledad.durazo.9\/","article_published_time":"2024-02-27T06:23:46+00:00","article_modified_time":"2024-02-27T06:23:47+00:00","og_image":[{"width":758,"height":974,"url":"https:\/\/soledaddurazo.com\/storage\/2023\/05\/jorge-herrera.png","type":"image\/png"}],"twitter_card":"summary_large_image","twitter_creator":"@SoledadDurazo","twitter_site":"@SoledadDurazo","twitter_misc":{"Escrito por":"Redacci\u00f3n","Tiempo de lectura":"10 minutos"},"schema":{"@context":"https:\/\/schema.org","@graph":[{"@type":"Organization","@id":"https:\/\/soledaddurazo.com\/#organization","name":"Soledad Durazo","url":"https:\/\/soledaddurazo.com\/","sameAs":["https:\/\/www.facebook.com\/soledad.durazo.9\/","https:\/\/www.instagram.com\/soledaddurazo","https:\/\/www.youtube.com\/channel\/UC9yGPw8-Vbl_B2XNkRwPS-w","https:\/\/twitter.com\/SoledadDurazo"],"logo":{"@type":"ImageObject","@id":"https:\/\/soledaddurazo.com\/#logo","inLanguage":"es","url":"https:\/\/soledaddurazo.com\/storage\/2021\/11\/nllp-720x375-1-2.png","contentUrl":"https:\/\/soledaddurazo.com\/storage\/2021\/11\/nllp-720x375-1-2.png","width":720,"height":375,"caption":"Soledad Durazo"},"image":{"@id":"https:\/\/soledaddurazo.com\/#logo"}},{"@type":"WebSite","@id":"https:\/\/soledaddurazo.com\/#website","url":"https:\/\/soledaddurazo.com\/","name":"Periodista SoledadDurazo.com","description":"Periodista sonorense. Directora de www.SoledadDurazo.com Columnista, conductora de radio y Tv. Catedr\u00e1tica en la UNISON","publisher":{"@id":"https:\/\/soledaddurazo.com\/#organization"},"potentialAction":[{"@type":"SearchAction","target":{"@type":"EntryPoint","urlTemplate":"https:\/\/soledaddurazo.com\/?s={search_term_string}"},"query-input":"required name=search_term_string"}],"inLanguage":"es"},{"@type":"ImageObject","@id":"https:\/\/soledaddurazo.com\/blog\/2024\/02\/26\/se-cumplio-su-deseo-diario-oira-misa\/#primaryimage","inLanguage":"es","url":"https:\/\/soledaddurazo.com\/storage\/2023\/05\/jorge-herrera.png","contentUrl":"https:\/\/soledaddurazo.com\/storage\/2023\/05\/jorge-herrera.png","width":758,"height":974},{"@type":"WebPage","@id":"https:\/\/soledaddurazo.com\/blog\/2024\/02\/26\/se-cumplio-su-deseo-diario-oira-misa\/#webpage","url":"https:\/\/soledaddurazo.com\/blog\/2024\/02\/26\/se-cumplio-su-deseo-diario-oira-misa\/","name":"Se Cumpli\u00f3 Su Deseo, Diario Oir\u00e1 Misa - Periodista SoledadDurazo.com","isPartOf":{"@id":"https:\/\/soledaddurazo.com\/#website"},"primaryImageOfPage":{"@id":"https:\/\/soledaddurazo.com\/blog\/2024\/02\/26\/se-cumplio-su-deseo-diario-oira-misa\/#primaryimage"},"datePublished":"2024-02-27T06:23:46+00:00","dateModified":"2024-02-27T06:23:47+00:00","breadcrumb":{"@id":"https:\/\/soledaddurazo.com\/blog\/2024\/02\/26\/se-cumplio-su-deseo-diario-oira-misa\/#breadcrumb"},"inLanguage":"es","potentialAction":[{"@type":"ReadAction","target":["https:\/\/soledaddurazo.com\/blog\/2024\/02\/26\/se-cumplio-su-deseo-diario-oira-misa\/"]}]},{"@type":"BreadcrumbList","@id":"https:\/\/soledaddurazo.com\/blog\/2024\/02\/26\/se-cumplio-su-deseo-diario-oira-misa\/#breadcrumb","itemListElement":[{"@type":"ListItem","position":1,"name":"Home","item":"https:\/\/soledaddurazo.com\/"},{"@type":"ListItem","position":2,"name":"Se Cumpli\u00f3 Su Deseo, Diario Oir\u00e1 Misa"}]},{"@type":"Article","@id":"https:\/\/soledaddurazo.com\/blog\/2024\/02\/26\/se-cumplio-su-deseo-diario-oira-misa\/#article","isPartOf":{"@id":"https:\/\/soledaddurazo.com\/blog\/2024\/02\/26\/se-cumplio-su-deseo-diario-oira-misa\/#webpage"},"author":{"@id":"https:\/\/soledaddurazo.com\/#\/schema\/person\/822d8e13aa288585e6546f179853758b"},"headline":"Se Cumpli\u00f3 Su Deseo, Diario Oir\u00e1 Misa","datePublished":"2024-02-27T06:23:46+00:00","dateModified":"2024-02-27T06:23:47+00:00","mainEntityOfPage":{"@id":"https:\/\/soledaddurazo.com\/blog\/2024\/02\/26\/se-cumplio-su-deseo-diario-oira-misa\/#webpage"},"wordCount":2374,"commentCount":0,"publisher":{"@id":"https:\/\/soledaddurazo.com\/#organization"},"image":{"@id":"https:\/\/soledaddurazo.com\/blog\/2024\/02\/26\/se-cumplio-su-deseo-diario-oira-misa\/#primaryimage"},"thumbnailUrl":"https:\/\/soledaddurazo.com\/storage\/2023\/05\/jorge-herrera.png","articleSection":["Jorge Herrera"],"inLanguage":"es","potentialAction":[{"@type":"CommentAction","name":"Comment","target":["https:\/\/soledaddurazo.com\/blog\/2024\/02\/26\/se-cumplio-su-deseo-diario-oira-misa\/#respond"]}]},{"@type":"Person","@id":"https:\/\/soledaddurazo.com\/#\/schema\/person\/822d8e13aa288585e6546f179853758b","name":"Redacci\u00f3n","image":{"@type":"ImageObject","@id":"https:\/\/soledaddurazo.com\/#personlogo","inLanguage":"es","url":"https:\/\/secure.gravatar.com\/avatar\/c4e193752f756fd61f04deebed3a3a20dc188d37edb53682d313ac57f2725d54?s=96&d=mm&r=g","contentUrl":"https:\/\/secure.gravatar.com\/avatar\/c4e193752f756fd61f04deebed3a3a20dc188d37edb53682d313ac57f2725d54?s=96&d=mm&r=g","caption":"Redacci\u00f3n"},"sameAs":["https:\/\/soledaddurazo.com"]}]}},"_links":{"self":[{"href":"https:\/\/soledaddurazo.com\/api\/wp\/v2\/posts\/19710","targetHints":{"allow":["GET"]}}],"collection":[{"href":"https:\/\/soledaddurazo.com\/api\/wp\/v2\/posts"}],"about":[{"href":"https:\/\/soledaddurazo.com\/api\/wp\/v2\/types\/post"}],"author":[{"embeddable":true,"href":"https:\/\/soledaddurazo.com\/api\/wp\/v2\/users\/1"}],"replies":[{"embeddable":true,"href":"https:\/\/soledaddurazo.com\/api\/wp\/v2\/comments?post=19710"}],"version-history":[{"count":1,"href":"https:\/\/soledaddurazo.com\/api\/wp\/v2\/posts\/19710\/revisions"}],"predecessor-version":[{"id":19711,"href":"https:\/\/soledaddurazo.com\/api\/wp\/v2\/posts\/19710\/revisions\/19711"}],"wp:featuredmedia":[{"embeddable":true,"href":"https:\/\/soledaddurazo.com\/api\/wp\/v2\/media\/17715"}],"wp:attachment":[{"href":"https:\/\/soledaddurazo.com\/api\/wp\/v2\/media?parent=19710"}],"wp:term":[{"taxonomy":"category","embeddable":true,"href":"https:\/\/soledaddurazo.com\/api\/wp\/v2\/categories?post=19710"},{"taxonomy":"post_tag","embeddable":true,"href":"https:\/\/soledaddurazo.com\/api\/wp\/v2\/tags?post=19710"}],"curies":[{"name":"wp","href":"https:\/\/api.w.org\/{rel}","templated":true}]}}