{"id":19707,"date":"2024-02-26T23:17:57","date_gmt":"2024-02-27T06:17:57","guid":{"rendered":"https:\/\/soledaddurazo.com\/?p=19707"},"modified":"2024-02-26T23:17:57","modified_gmt":"2024-02-27T06:17:57","slug":"se-consuma-otro-punto-mas-del-plan-de-justicia-yaqui","status":"publish","type":"post","link":"https:\/\/soledaddurazo.com\/blog\/2024\/02\/26\/se-consuma-otro-punto-mas-del-plan-de-justicia-yaqui\/","title":{"rendered":"Se consuma otro punto m\u00e1s del Plan de Justicia Yaqui"},"content":{"rendered":"<p><a href=\"https:\/\/soledaddurazo.com\/storage\/2024\/02\/fer-6.jpg\"><img loading=\"lazy\" decoding=\"async\" class=\"aligncenter size-full wp-image-19708\" src=\"https:\/\/soledaddurazo.com\/storage\/2024\/02\/fer-6.jpg\" alt=\"\" width=\"946\" height=\"573\" srcset=\"https:\/\/soledaddurazo.com\/storage\/2024\/02\/fer-6.jpg 946w, https:\/\/soledaddurazo.com\/storage\/2024\/02\/fer-6-300x182.jpg 300w, https:\/\/soledaddurazo.com\/storage\/2024\/02\/fer-6-768x465.jpg 768w, https:\/\/soledaddurazo.com\/storage\/2024\/02\/fer-6-600x363.jpg 600w, https:\/\/soledaddurazo.com\/storage\/2024\/02\/fer-6-750x454.jpg 750w\" sizes=\"auto, (max-width: 946px) 100vw, 946px\" \/><\/a><\/p>\n<p><strong>\u00a0<\/strong><\/p>\n<p>Una cruel realidad la que viv\u00edan comunidades de la tribu Yaqui, que en pleno siglo XXI, carec\u00edan del servicio de agua potable, da un giro ayer, gracias a las obras del Plan de Justicia Yaqui, impulsado por el Presidente Andr\u00e9s Manuel L\u00f3pez Obrador, fueron unas de las frases a manera de agradecimiento al Presidente, pronunciadas por el Gobernador Alfonso Durazo, para dimensionar la importancia de la obra h\u00eddrica inaugurada el d\u00eda de ayer.<\/p>\n<p>Lo cierto es que el Plan de Justicia Yaqui ha sido posible a la voluntad del Presidente L\u00f3pez Obrador que junto al Gobernador Alfonso Durazo, buscan saldar una a\u00f1eja deuda, satisfaciendo las hist\u00f3ricas demandas de la tribu, que incluye obras educativas, de salud, de servicios b\u00e1sicos y de reparto agrario.<\/p>\n<p>Ayer en la cortina de la presa \u00c1lvaro Obreg\u00f3n, en una visita m\u00e1s del Presidente L\u00f3pez Obrador a Sonora, ante autoridades de la etnia, el Presidente Municipal de Cajeme, Javier Lamarque y la Presidenta Municipal de Guaymas, Karla C\u00f3rdoba, se puso en funcionamiento el acueducto que dotar\u00e1 del servicio de agua potable a 40 mil habitantes de poco m\u00e1s de 50 comunidades ind\u00edgenas de la tribu Yaqui.<\/p>\n<p>La toma del acueducto bombear\u00e1 200 litros por segundo, desde la Presa \u00c1lvaro Obreg\u00f3n a una planta potabilizadora y tanque de regulaci\u00f3n, el agua bajar\u00e1 por gravedad hacia las comunidades ind\u00edgenas, se construyeron 166 kil\u00f3metros de acueducto y 75 kil\u00f3metros de tuber\u00eda para distribuir en cada uno de los domicilios en las comunidades, el volumen del agua extra\u00edda, ser\u00e1 de aproximadamente el 0.5% del total del embalse de la presa que se encuentra a menos del 23% de su capacidad y se garantiza el abasto de este servicio para los pr\u00f3ximos 30 a\u00f1os a esas comunidades.<\/p>\n<p>El Presidente de la Rep\u00fablica, dijo que su gobierno no deja de atender a todos los mexicanos, pero lo que lo inspira a trabajar y por justicia, es darle m\u00e1s a los que menos tienen, porque no puede haber trato igualitario entre desiguales.<\/p>\n<p>Prometi\u00f3 regresar L\u00f3pez Obrador, otra vez a Sonora, despu\u00e9s de las elecciones, ya que la veda electoral llegue a su fin y cuando este cerca de jubilarse.<\/p>\n<p>Nombr\u00f3 de manera honorifica. al Gobernador Alfonso Durazo, como encargado de que se cumplan los puntos establecidos en los planes de justicia para las etnias del estado.<\/p>\n<p><strong>NO M\u00c1S VENTA DE MENORES DE EDAD, PROPONE NATALIA RIVERA<\/strong><\/p>\n<p>Inspirada en muchos casos de ni\u00f1as de origen ind\u00edgena que viven en el Poblado Miguel Alem\u00e1n de la Costa de Hermosillo, la Diputada Natalia Rivera Grijalva, present\u00f3 una iniciativa en el Congreso del Estado para reformar el C\u00f3digo Penal del Estado y aumentar las penas de c\u00e1rcel a personas que vendan menores de edad.<\/p>\n<p>En los valles agr\u00edcolas del estado, especialmente en la Costa de Hermosillo, desde hace muchos a\u00f1os se da el fen\u00f3meno de la llegada masiva de miembros de la etnia Triqui, que han formado una comunidad importante en esta regi\u00f3n del estado. Es parte de los usos y costumbres de ese grupo ind\u00edgena, la compra de ni\u00f1as, a cambio de cantidades de dinero y hasta por bebidas alcoh\u00f3licas.<\/p>\n<p>La reforma de la Diputada Natalia Rivera, propone hacer a un lado estos usos y costumbres de grupos ind\u00edgenas, elevando las penas de c\u00e1rcel que en la actualidad alcanza penas de 3 a 9 a\u00f1os a penas de 6 a 15 a\u00f1os, elevando el rango de protecci\u00f3n a todos los menores de 18 a\u00f1os de edad.<\/p>\n<p>Natalia Rivera es una pol\u00edtica que ha demostrado su profesionalismo y seriedad en cada una de sus acciones, me sigue sorprendiendo por la cantidad de iniciativas que presenta en el Congreso del Estado y por el alto nivel de impacto que tienen en nuestra sociedad.<\/p>\n<p><strong>HAY CABALLO CON FUTURO EN LA COLORADA<\/strong><\/p>\n<p>El que est\u00e1 rindiendo buenas cuentas es el Presidente Municipal de La Colorada, Marcos \u201cEl Caballo\u201d Platt, que no ha decepcionado al buen prestigio de gente trabajadora que por muchos a\u00f1os han acompa\u00f1ado a su familia, todo un referente en la actividad ganadera en el estado.<\/p>\n<p>Con la inquietud de incursionar en el servicio p\u00fablico, para hacer algo por su pueblo, Marcos Platt con los colores del PRI, acab\u00f3 un cacicazgo pol\u00edtico en La Colorada de 15 a\u00f1os y ha sabido responder a las expectativas de los habitantes de ese colorido municipio, enclavado al pie de la sierra sonorense, que est\u00e1 a unos cuantos minutos de la capital del estado.<\/p>\n<p>Con gestiones con el Gobierno del Estado, la iniciativa privada y recursos propios, el joven Marcos Platt, ha logrado cristalizar la remodelaci\u00f3n de la plaza p\u00fablica de La Colorada, construir un mirador panor\u00e1mico al tajo de la mina que extrae oro, trazar una pista para la pr\u00e1ctica del senderismo, la instalaci\u00f3n de m\u00e1s de 300 luminarias en la cabecera municipal y Tecoripa y la construcci\u00f3n del Centro de Urgencias M\u00e9dicas, que inaugurar\u00e1 el Gobernador Alfonso Durazo en las pr\u00f3ximas semanas, gracias al esfuerzo del Secretario de Salud Jos\u00e9 Alom+ia, que viene impulsando con fuerza este modelo de atenci\u00f3n m\u00e9dica, que lleva a ciertos municipios rurales atenci\u00f3n de m\u00e9dicos especialistas, para atender casos urgentes que eviten que los hospitales de los grandes centros urbanos se llenen.<\/p>\n<p>Hoy por hoy, La Colorada se consolida como un bonito pueblo de nuestro estado donde se respira aire puro, mucha tranquilidad y seguridad, donde se puede practicar senderismo, disfrutar la gastronom\u00eda regional, conocer un poco de su historia minera en el Museo Regional, practicar el ciclismo en las pistas construidas en los ranchos de los alrededores y pasar un rato con la familia en el paseo llamado \u201cEl Represo\u201d, que cuenta con una zona arbolada, con bancas y asadores.<\/p>\n<p>\u201cEl Caballo\u201d Platt de La Colorada, es un Caballo con futuro, gracias a una gesti\u00f3n de gobierno eficiente y est\u00e1 listo para galopar en terrenos m\u00e1s altos de la pol\u00edtica, tiene el respaldo de los ganaderos del estado, pronto habr\u00e1 se\u00f1ales en el Distrito local XVIII.<\/p>\n<p><strong>RETAZOS INTERESANTES<\/strong><\/p>\n<p>1.- El Doctor Enrique Claussen dej\u00f3 la consulta m\u00e9dica que daba en una farmacia Walgreens en la ciudad de Phoenix y la colaboraci\u00f3n que realizaba con la organizaci\u00f3n M\u00e9dicos sin Fronteras, para participar en la arena electoral, ahora con la bandera del Partido Movimiento Ciudadano, competir\u00e1 por la Diputaci\u00f3n Federal del Distrito V. Esos de Movimiento Ciudadano andan bien apurados impulsando la nueva pol\u00edtica. Por cierto, el doctor Claussen que nos acompa\u00f1\u00f3 durante los 50 meses de emergencia sanitaria \u00bfYa solucionar\u00eda sus problemas legales?<\/p>\n<p>2.- La difusi\u00f3n del n\u00famero de tel\u00e9fono de la jefa de la corresponsal\u00eda del New York Times en M\u00e9xico, Natalie Kitroeff de parte del Presidente L\u00f3pez Obrador y dar por respuesta al cuestionamiento de que revelar datos personales de la reportera no pon\u00eda en riesgo su integridad f\u00edsica con un \u201cNo es para tanto, que cambie su n\u00famero\u201d desat\u00f3 una ola de filtraciones de n\u00fameros telef\u00f3nicos de funcionarios del Gobierno Federal y de Morena, acompa\u00f1ados de llamadas y mensajes ofensivos. Hasta el n\u00famero telef\u00f3nico de Andr\u00e9s L\u00f3pez Beltr\u00e1n, hijo del Presidente, se filtr\u00f3. Sigue polariz\u00e1ndose la arena pol\u00edtica, ahora con actos fuera de la Ley desde luego reprobables. \u00bfCabr\u00eda aqu\u00ed aquel dicho \u201cel que se lleva se aguanta? \u00bfUsted qu\u00e9 opina?<\/p>\n<p>3.- Dijo el Presidente L\u00f3pez Obrador que est\u00e1 seguro de que contin\u00fae la Cuarta Transformaci\u00f3n, que se siga ayudando a la gente humilde y que no se abandone lo que se inici\u00f3, as\u00ed lo escucha de la gente, durante los recorridos que realiza por el pa\u00eds.<\/p>\n<p>Para los amigos de todo el sur de Sonora, los invito a escuchar, SONORA EN RED NOTICIAS, en su nuevo horario a las 6 de la tarde, espacio que comparto con mi amigo Arturo Chapo Soto, por el 93.3 del cuadrante de F.M. informativo que tambi\u00e9n puede ser visto, por la se\u00f1al del canal 14 de Estrella Tucson TV, en todo el sur de Arizona.<\/p>\n<p>Podemos interactuar a trav\u00e9s de mi cuenta de Twitter @feroropeza20 o en mi correo electr\u00f3nico <a href=\"mailto:luiso@hmo.megared.net.mx\">luiso@hmo.megared.net.mx<\/a><\/p>\n<p>&nbsp;<\/p>\n","protected":false},"excerpt":{"rendered":"<p>\u00a0 Una cruel realidad la que viv\u00edan comunidades de la tribu Yaqui, que en pleno siglo XXI, carec\u00edan del servicio de agua potable, da un giro ayer, gracias a las obras del Plan de Justicia Yaqui, impulsado por el Presidente Andr\u00e9s Manuel L\u00f3pez Obrador, fueron unas de las frases a manera de agradecimiento al Presidente, [&hellip;]<\/p>\n","protected":false},"author":1,"featured_media":18539,"comment_status":"open","ping_status":"open","sticky":false,"template":"","format":"standard","meta":{"footnotes":""},"categories":[173],"tags":[],"class_list":["post"],"yoast_head":" \n<title>Se consuma otro punto m\u00e1s del Plan de Justicia Yaqui - Periodista SoledadDurazo.com<\/title>\n<meta name=\"robots\" content=\"index, follow, max-snippet:-1, max-image-preview:large, max-video-preview:-1\" \/>\n<link rel=\"canonical\" href=\"https:\/\/soledaddurazo.com\/blog\/2024\/02\/26\/se-consuma-otro-punto-mas-del-plan-de-justicia-yaqui\/\" \/>\n<meta property=\"og:locale\" content=\"es_MX\" \/>\n<meta property=\"og:type\" content=\"article\" \/>\n<meta property=\"og:title\" content=\"Se consuma otro punto m\u00e1s del Plan de Justicia Yaqui\" \/>\n<meta property=\"og:description\" content=\"\u00a0 Una cruel realidad la que viv\u00edan comunidades de la tribu Yaqui, que en pleno siglo XXI, carec\u00edan del servicio de agua potable, da un giro ayer, gracias a las obras del Plan de Justicia Yaqui, impulsado por el Presidente Andr\u00e9s Manuel L\u00f3pez Obrador, fueron unas de las frases a manera de agradecimiento al Presidente, [&hellip;]\" \/>\n<meta property=\"og:url\" content=\"https:\/\/soledaddurazo.com\/blog\/2024\/02\/26\/se-consuma-otro-punto-mas-del-plan-de-justicia-yaqui\/\" \/>\n<meta property=\"og:site_name\" content=\"Periodista SoledadDurazo.com\" \/>\n<meta property=\"article:publisher\" content=\"https:\/\/www.facebook.com\/soledad.durazo.9\/\" \/>\n<meta property=\"article:published_time\" content=\"2024-02-27T06:17:57+00:00\" \/>\n<meta property=\"og:image\" content=\"https:\/\/soledaddurazo.com\/storage\/2023\/09\/9a-GRAFICO-FERNANDO-OROPEZA.jpeg\" \/>\n\t<meta property=\"og:image:width\" content=\"1092\" \/>\n\t<meta property=\"og:image:height\" content=\"983\" \/>\n<meta name=\"twitter:card\" content=\"summary_large_image\" \/>\n<meta name=\"twitter:creator\" content=\"@SoledadDurazo\" \/>\n<meta name=\"twitter:site\" content=\"@SoledadDurazo\" \/>\n<meta name=\"twitter:label1\" content=\"Escrito por\" \/>\n\t<meta name=\"twitter:data1\" content=\"Redacci\u00f3n\" \/>\n\t<meta name=\"twitter:label2\" content=\"Tiempo de lectura\" \/>\n\t<meta name=\"twitter:data2\" content=\"6 minutos\" \/>\n<script type=\"application\/ld+json\" class=\"yoast-schema-graph\">{\"@context\":\"https:\/\/schema.org\",\"@graph\":[{\"@type\":\"Organization\",\"@id\":\"https:\/\/soledaddurazo.com\/#organization\",\"name\":\"Soledad Durazo\",\"url\":\"https:\/\/soledaddurazo.com\/\",\"sameAs\":[\"https:\/\/www.facebook.com\/soledad.durazo.9\/\",\"https:\/\/www.instagram.com\/soledaddurazo\",\"https:\/\/www.youtube.com\/channel\/UC9yGPw8-Vbl_B2XNkRwPS-w\",\"https:\/\/twitter.com\/SoledadDurazo\"],\"logo\":{\"@type\":\"ImageObject\",\"@id\":\"https:\/\/soledaddurazo.com\/#logo\",\"inLanguage\":\"es\",\"url\":\"https:\/\/soledaddurazo.com\/storage\/2021\/11\/nllp-720x375-1-2.png\",\"contentUrl\":\"https:\/\/soledaddurazo.com\/storage\/2021\/11\/nllp-720x375-1-2.png\",\"width\":720,\"height\":375,\"caption\":\"Soledad Durazo\"},\"image\":{\"@id\":\"https:\/\/soledaddurazo.com\/#logo\"}},{\"@type\":\"WebSite\",\"@id\":\"https:\/\/soledaddurazo.com\/#website\",\"url\":\"https:\/\/soledaddurazo.com\/\",\"name\":\"Periodista SoledadDurazo.com\",\"description\":\"Periodista sonorense. Directora de www.SoledadDurazo.com Columnista, conductora de radio y Tv. Catedr\\u00e1tica en la UNISON\",\"publisher\":{\"@id\":\"https:\/\/soledaddurazo.com\/#organization\"},\"potentialAction\":[{\"@type\":\"SearchAction\",\"target\":{\"@type\":\"EntryPoint\",\"urlTemplate\":\"https:\/\/soledaddurazo.com\/?s={search_term_string}\"},\"query-input\":\"required name=search_term_string\"}],\"inLanguage\":\"es\"},{\"@type\":\"ImageObject\",\"@id\":\"https:\/\/soledaddurazo.com\/blog\/2024\/02\/26\/se-consuma-otro-punto-mas-del-plan-de-justicia-yaqui\/#primaryimage\",\"inLanguage\":\"es\",\"url\":\"https:\/\/soledaddurazo.com\/storage\/2023\/09\/9a-GRAFICO-FERNANDO-OROPEZA.jpeg\",\"contentUrl\":\"https:\/\/soledaddurazo.com\/storage\/2023\/09\/9a-GRAFICO-FERNANDO-OROPEZA.jpeg\",\"width\":1092,\"height\":983},{\"@type\":\"WebPage\",\"@id\":\"https:\/\/soledaddurazo.com\/blog\/2024\/02\/26\/se-consuma-otro-punto-mas-del-plan-de-justicia-yaqui\/#webpage\",\"url\":\"https:\/\/soledaddurazo.com\/blog\/2024\/02\/26\/se-consuma-otro-punto-mas-del-plan-de-justicia-yaqui\/\",\"name\":\"Se consuma otro punto m\\u00e1s del Plan de Justicia Yaqui - Periodista SoledadDurazo.com\",\"isPartOf\":{\"@id\":\"https:\/\/soledaddurazo.com\/#website\"},\"primaryImageOfPage\":{\"@id\":\"https:\/\/soledaddurazo.com\/blog\/2024\/02\/26\/se-consuma-otro-punto-mas-del-plan-de-justicia-yaqui\/#primaryimage\"},\"datePublished\":\"2024-02-27T06:17:57+00:00\",\"dateModified\":\"2024-02-27T06:17:57+00:00\",\"breadcrumb\":{\"@id\":\"https:\/\/soledaddurazo.com\/blog\/2024\/02\/26\/se-consuma-otro-punto-mas-del-plan-de-justicia-yaqui\/#breadcrumb\"},\"inLanguage\":\"es\",\"potentialAction\":[{\"@type\":\"ReadAction\",\"target\":[\"https:\/\/soledaddurazo.com\/blog\/2024\/02\/26\/se-consuma-otro-punto-mas-del-plan-de-justicia-yaqui\/\"]}]},{\"@type\":\"BreadcrumbList\",\"@id\":\"https:\/\/soledaddurazo.com\/blog\/2024\/02\/26\/se-consuma-otro-punto-mas-del-plan-de-justicia-yaqui\/#breadcrumb\",\"itemListElement\":[{\"@type\":\"ListItem\",\"position\":1,\"name\":\"Home\",\"item\":\"https:\/\/soledaddurazo.com\/\"},{\"@type\":\"ListItem\",\"position\":2,\"name\":\"Se consuma otro punto m\\u00e1s del Plan de Justicia Yaqui\"}]},{\"@type\":\"Article\",\"@id\":\"https:\/\/soledaddurazo.com\/blog\/2024\/02\/26\/se-consuma-otro-punto-mas-del-plan-de-justicia-yaqui\/#article\",\"isPartOf\":{\"@id\":\"https:\/\/soledaddurazo.com\/blog\/2024\/02\/26\/se-consuma-otro-punto-mas-del-plan-de-justicia-yaqui\/#webpage\"},\"author\":{\"@id\":\"https:\/\/soledaddurazo.com\/#\/schema\/person\/822d8e13aa288585e6546f179853758b\"},\"headline\":\"Se consuma otro punto m\\u00e1s del Plan de Justicia Yaqui\",\"datePublished\":\"2024-02-27T06:17:57+00:00\",\"dateModified\":\"2024-02-27T06:17:57+00:00\",\"mainEntityOfPage\":{\"@id\":\"https:\/\/soledaddurazo.com\/blog\/2024\/02\/26\/se-consuma-otro-punto-mas-del-plan-de-justicia-yaqui\/#webpage\"},\"wordCount\":1422,\"commentCount\":0,\"publisher\":{\"@id\":\"https:\/\/soledaddurazo.com\/#organization\"},\"image\":{\"@id\":\"https:\/\/soledaddurazo.com\/blog\/2024\/02\/26\/se-consuma-otro-punto-mas-del-plan-de-justicia-yaqui\/#primaryimage\"},\"thumbnailUrl\":\"https:\/\/soledaddurazo.com\/storage\/2023\/09\/9a-GRAFICO-FERNANDO-OROPEZA.jpeg\",\"articleSection\":[\"Fernando Oropeza\"],\"inLanguage\":\"es\",\"potentialAction\":[{\"@type\":\"CommentAction\",\"name\":\"Comment\",\"target\":[\"https:\/\/soledaddurazo.com\/blog\/2024\/02\/26\/se-consuma-otro-punto-mas-del-plan-de-justicia-yaqui\/#respond\"]}]},{\"@type\":\"Person\",\"@id\":\"https:\/\/soledaddurazo.com\/#\/schema\/person\/822d8e13aa288585e6546f179853758b\",\"name\":\"Redacci\\u00f3n\",\"image\":{\"@type\":\"ImageObject\",\"@id\":\"https:\/\/soledaddurazo.com\/#personlogo\",\"inLanguage\":\"es\",\"url\":\"https:\/\/secure.gravatar.com\/avatar\/c4e193752f756fd61f04deebed3a3a20dc188d37edb53682d313ac57f2725d54?s=96&d=mm&r=g\",\"contentUrl\":\"https:\/\/secure.gravatar.com\/avatar\/c4e193752f756fd61f04deebed3a3a20dc188d37edb53682d313ac57f2725d54?s=96&d=mm&r=g\",\"caption\":\"Redacci\\u00f3n\"},\"sameAs\":[\"https:\/\/soledaddurazo.com\"]}]}<\/script>\n ","yoast_head_json":{"title":"Se consuma otro punto m\u00e1s del Plan de Justicia Yaqui - Periodista SoledadDurazo.com","robots":{"index":"index","follow":"follow","max-snippet":"max-snippet:-1","max-image-preview":"max-image-preview:large","max-video-preview":"max-video-preview:-1"},"canonical":"https:\/\/soledaddurazo.com\/blog\/2024\/02\/26\/se-consuma-otro-punto-mas-del-plan-de-justicia-yaqui\/","og_locale":"es_MX","og_type":"article","og_title":"Se consuma otro punto m\u00e1s del Plan de Justicia Yaqui","og_description":"\u00a0 Una cruel realidad la que viv\u00edan comunidades de la tribu Yaqui, que en pleno siglo XXI, carec\u00edan del servicio de agua potable, da un giro ayer, gracias a las obras del Plan de Justicia Yaqui, impulsado por el Presidente Andr\u00e9s Manuel L\u00f3pez Obrador, fueron unas de las frases a manera de agradecimiento al Presidente, [&hellip;]","og_url":"https:\/\/soledaddurazo.com\/blog\/2024\/02\/26\/se-consuma-otro-punto-mas-del-plan-de-justicia-yaqui\/","og_site_name":"Periodista SoledadDurazo.com","article_publisher":"https:\/\/www.facebook.com\/soledad.durazo.9\/","article_published_time":"2024-02-27T06:17:57+00:00","og_image":[{"width":1092,"height":983,"url":"https:\/\/soledaddurazo.com\/storage\/2023\/09\/9a-GRAFICO-FERNANDO-OROPEZA.jpeg","type":"image\/jpeg"}],"twitter_card":"summary_large_image","twitter_creator":"@SoledadDurazo","twitter_site":"@SoledadDurazo","twitter_misc":{"Escrito por":"Redacci\u00f3n","Tiempo de lectura":"6 minutos"},"schema":{"@context":"https:\/\/schema.org","@graph":[{"@type":"Organization","@id":"https:\/\/soledaddurazo.com\/#organization","name":"Soledad Durazo","url":"https:\/\/soledaddurazo.com\/","sameAs":["https:\/\/www.facebook.com\/soledad.durazo.9\/","https:\/\/www.instagram.com\/soledaddurazo","https:\/\/www.youtube.com\/channel\/UC9yGPw8-Vbl_B2XNkRwPS-w","https:\/\/twitter.com\/SoledadDurazo"],"logo":{"@type":"ImageObject","@id":"https:\/\/soledaddurazo.com\/#logo","inLanguage":"es","url":"https:\/\/soledaddurazo.com\/storage\/2021\/11\/nllp-720x375-1-2.png","contentUrl":"https:\/\/soledaddurazo.com\/storage\/2021\/11\/nllp-720x375-1-2.png","width":720,"height":375,"caption":"Soledad Durazo"},"image":{"@id":"https:\/\/soledaddurazo.com\/#logo"}},{"@type":"WebSite","@id":"https:\/\/soledaddurazo.com\/#website","url":"https:\/\/soledaddurazo.com\/","name":"Periodista SoledadDurazo.com","description":"Periodista sonorense. Directora de www.SoledadDurazo.com Columnista, conductora de radio y Tv. Catedr\u00e1tica en la UNISON","publisher":{"@id":"https:\/\/soledaddurazo.com\/#organization"},"potentialAction":[{"@type":"SearchAction","target":{"@type":"EntryPoint","urlTemplate":"https:\/\/soledaddurazo.com\/?s={search_term_string}"},"query-input":"required name=search_term_string"}],"inLanguage":"es"},{"@type":"ImageObject","@id":"https:\/\/soledaddurazo.com\/blog\/2024\/02\/26\/se-consuma-otro-punto-mas-del-plan-de-justicia-yaqui\/#primaryimage","inLanguage":"es","url":"https:\/\/soledaddurazo.com\/storage\/2023\/09\/9a-GRAFICO-FERNANDO-OROPEZA.jpeg","contentUrl":"https:\/\/soledaddurazo.com\/storage\/2023\/09\/9a-GRAFICO-FERNANDO-OROPEZA.jpeg","width":1092,"height":983},{"@type":"WebPage","@id":"https:\/\/soledaddurazo.com\/blog\/2024\/02\/26\/se-consuma-otro-punto-mas-del-plan-de-justicia-yaqui\/#webpage","url":"https:\/\/soledaddurazo.com\/blog\/2024\/02\/26\/se-consuma-otro-punto-mas-del-plan-de-justicia-yaqui\/","name":"Se consuma otro punto m\u00e1s del Plan de Justicia Yaqui - Periodista SoledadDurazo.com","isPartOf":{"@id":"https:\/\/soledaddurazo.com\/#website"},"primaryImageOfPage":{"@id":"https:\/\/soledaddurazo.com\/blog\/2024\/02\/26\/se-consuma-otro-punto-mas-del-plan-de-justicia-yaqui\/#primaryimage"},"datePublished":"2024-02-27T06:17:57+00:00","dateModified":"2024-02-27T06:17:57+00:00","breadcrumb":{"@id":"https:\/\/soledaddurazo.com\/blog\/2024\/02\/26\/se-consuma-otro-punto-mas-del-plan-de-justicia-yaqui\/#breadcrumb"},"inLanguage":"es","potentialAction":[{"@type":"ReadAction","target":["https:\/\/soledaddurazo.com\/blog\/2024\/02\/26\/se-consuma-otro-punto-mas-del-plan-de-justicia-yaqui\/"]}]},{"@type":"BreadcrumbList","@id":"https:\/\/soledaddurazo.com\/blog\/2024\/02\/26\/se-consuma-otro-punto-mas-del-plan-de-justicia-yaqui\/#breadcrumb","itemListElement":[{"@type":"ListItem","position":1,"name":"Home","item":"https:\/\/soledaddurazo.com\/"},{"@type":"ListItem","position":2,"name":"Se consuma otro punto m\u00e1s del Plan de Justicia Yaqui"}]},{"@type":"Article","@id":"https:\/\/soledaddurazo.com\/blog\/2024\/02\/26\/se-consuma-otro-punto-mas-del-plan-de-justicia-yaqui\/#article","isPartOf":{"@id":"https:\/\/soledaddurazo.com\/blog\/2024\/02\/26\/se-consuma-otro-punto-mas-del-plan-de-justicia-yaqui\/#webpage"},"author":{"@id":"https:\/\/soledaddurazo.com\/#\/schema\/person\/822d8e13aa288585e6546f179853758b"},"headline":"Se consuma otro punto m\u00e1s del Plan de Justicia Yaqui","datePublished":"2024-02-27T06:17:57+00:00","dateModified":"2024-02-27T06:17:57+00:00","mainEntityOfPage":{"@id":"https:\/\/soledaddurazo.com\/blog\/2024\/02\/26\/se-consuma-otro-punto-mas-del-plan-de-justicia-yaqui\/#webpage"},"wordCount":1422,"commentCount":0,"publisher":{"@id":"https:\/\/soledaddurazo.com\/#organization"},"image":{"@id":"https:\/\/soledaddurazo.com\/blog\/2024\/02\/26\/se-consuma-otro-punto-mas-del-plan-de-justicia-yaqui\/#primaryimage"},"thumbnailUrl":"https:\/\/soledaddurazo.com\/storage\/2023\/09\/9a-GRAFICO-FERNANDO-OROPEZA.jpeg","articleSection":["Fernando Oropeza"],"inLanguage":"es","potentialAction":[{"@type":"CommentAction","name":"Comment","target":["https:\/\/soledaddurazo.com\/blog\/2024\/02\/26\/se-consuma-otro-punto-mas-del-plan-de-justicia-yaqui\/#respond"]}]},{"@type":"Person","@id":"https:\/\/soledaddurazo.com\/#\/schema\/person\/822d8e13aa288585e6546f179853758b","name":"Redacci\u00f3n","image":{"@type":"ImageObject","@id":"https:\/\/soledaddurazo.com\/#personlogo","inLanguage":"es","url":"https:\/\/secure.gravatar.com\/avatar\/c4e193752f756fd61f04deebed3a3a20dc188d37edb53682d313ac57f2725d54?s=96&d=mm&r=g","contentUrl":"https:\/\/secure.gravatar.com\/avatar\/c4e193752f756fd61f04deebed3a3a20dc188d37edb53682d313ac57f2725d54?s=96&d=mm&r=g","caption":"Redacci\u00f3n"},"sameAs":["https:\/\/soledaddurazo.com"]}]}},"_links":{"self":[{"href":"https:\/\/soledaddurazo.com\/api\/wp\/v2\/posts\/19707","targetHints":{"allow":["GET"]}}],"collection":[{"href":"https:\/\/soledaddurazo.com\/api\/wp\/v2\/posts"}],"about":[{"href":"https:\/\/soledaddurazo.com\/api\/wp\/v2\/types\/post"}],"author":[{"embeddable":true,"href":"https:\/\/soledaddurazo.com\/api\/wp\/v2\/users\/1"}],"replies":[{"embeddable":true,"href":"https:\/\/soledaddurazo.com\/api\/wp\/v2\/comments?post=19707"}],"version-history":[{"count":1,"href":"https:\/\/soledaddurazo.com\/api\/wp\/v2\/posts\/19707\/revisions"}],"predecessor-version":[{"id":19709,"href":"https:\/\/soledaddurazo.com\/api\/wp\/v2\/posts\/19707\/revisions\/19709"}],"wp:featuredmedia":[{"embeddable":true,"href":"https:\/\/soledaddurazo.com\/api\/wp\/v2\/media\/18539"}],"wp:attachment":[{"href":"https:\/\/soledaddurazo.com\/api\/wp\/v2\/media?parent=19707"}],"wp:term":[{"taxonomy":"category","embeddable":true,"href":"https:\/\/soledaddurazo.com\/api\/wp\/v2\/categories?post=19707"},{"taxonomy":"post_tag","embeddable":true,"href":"https:\/\/soledaddurazo.com\/api\/wp\/v2\/tags?post=19707"}],"curies":[{"name":"wp","href":"https:\/\/api.w.org\/{rel}","templated":true}]}}