{"id":19702,"date":"2024-02-22T22:18:37","date_gmt":"2024-02-23T05:18:37","guid":{"rendered":"https:\/\/soledaddurazo.com\/?p=19702"},"modified":"2024-02-22T22:18:37","modified_gmt":"2024-02-23T05:18:37","slug":"reconocen-compromiso-comunitario-de-grupo-mexico","status":"publish","type":"post","link":"https:\/\/soledaddurazo.com\/blog\/2024\/02\/22\/reconocen-compromiso-comunitario-de-grupo-mexico\/","title":{"rendered":"Reconocen compromiso comunitario de Grupo M\u00e9xico"},"content":{"rendered":"<p>Por segundo a\u00f1o consecutivo, los programas de desarrollo comunitario de Grupo M\u00e9xico han recibido el reconocimiento Empresas Excepcionales, distinci\u00f3n que entregan el Consejo Coordinador Empresarial, el Consejo de la Comunicaci\u00f3n y el Instituto para el Fomento a la Calidad.<\/p>\n<p>Este evento anual celebra las pr\u00e1cticas empresariales sobresalientes que tienen incidencia positiva en las comunidades de M\u00e9xico.<\/p>\n<p>Con el reconocimiento por realizar una pr\u00e1ctica excepcional que contribuye a los Objetivos de Desarrollo Sostenible de la Organizaci\u00f3n de las Naciones Unidas, Grupo M\u00e9xico destac\u00f3 por su compromiso con el desarrollo educativo a trav\u00e9s de su programa de Centros Educativos en comunidades mineras de Charcas, San Luis Potos\u00ed; Cananea, Nacozari y Esqueda, Sonora.<\/p>\n<p><a href=\"https:\/\/soledaddurazo.com\/storage\/2024\/02\/326aa574-cdb6-4237-bc05-f89bf878e9df.jpg\"><img loading=\"lazy\" decoding=\"async\" class=\"aligncenter size-full wp-image-19704\" src=\"https:\/\/soledaddurazo.com\/storage\/2024\/02\/326aa574-cdb6-4237-bc05-f89bf878e9df.jpg\" alt=\"\" width=\"1600\" height=\"1067\" srcset=\"https:\/\/soledaddurazo.com\/storage\/2024\/02\/326aa574-cdb6-4237-bc05-f89bf878e9df.jpg 1600w, https:\/\/soledaddurazo.com\/storage\/2024\/02\/326aa574-cdb6-4237-bc05-f89bf878e9df-300x200.jpg 300w, https:\/\/soledaddurazo.com\/storage\/2024\/02\/326aa574-cdb6-4237-bc05-f89bf878e9df-1024x683.jpg 1024w, https:\/\/soledaddurazo.com\/storage\/2024\/02\/326aa574-cdb6-4237-bc05-f89bf878e9df-768x512.jpg 768w, https:\/\/soledaddurazo.com\/storage\/2024\/02\/326aa574-cdb6-4237-bc05-f89bf878e9df-1536x1024.jpg 1536w, https:\/\/soledaddurazo.com\/storage\/2024\/02\/326aa574-cdb6-4237-bc05-f89bf878e9df-600x400.jpg 600w, https:\/\/soledaddurazo.com\/storage\/2024\/02\/326aa574-cdb6-4237-bc05-f89bf878e9df-750x500.jpg 750w, https:\/\/soledaddurazo.com\/storage\/2024\/02\/326aa574-cdb6-4237-bc05-f89bf878e9df-1140x760.jpg 1140w\" sizes=\"auto, (max-width: 1600px) 100vw, 1600px\" \/><\/a><\/p>\n<p>Asimismo, el desarrollo del programa Capital Semilla, en la Divisi\u00f3n de Infraestructura de Grupo M\u00e9xico, fue reconocido por impulsar proyectos productivos con responsabilidad social en las regiones de Oaxaca, Nuevo Le\u00f3n, Campeche y Guanajuato.<\/p>\n<p>La selecci\u00f3n de los ganadores fue realizada por un consejo de premiaci\u00f3n, conformado por representantes del Consejo Coordinador Empresarial, el Consejo Mexicano de Negocios, el Consejo de la Comunicaci\u00f3n y el Instituto para el Fomento a la Calidad, quienes garantizaron un proceso de evaluaci\u00f3n transparente y objetivo.<\/p>\n<p>&#8220;Empresas Excepcionales es un s\u00edmbolo que representa el poder de la colaboraci\u00f3n: las Empresas Excepcionales evidencian que el \u00e9xito colectivo nace del compromiso, la inclusi\u00f3n y el empoderamiento de cada miembro del equipo\u201d, expres\u00f3 Ren\u00e9 Freudenberg Zezatti, presidente del Consejo Directivo del Instituto para el Fomento a la Calidad.<\/p>\n<p>&nbsp;<\/p>\n<p><strong>Los programas reconocidos en estos dos a\u00f1os<\/strong><\/p>\n<ul>\n<li>Centros Educativos<\/li>\n<li>Capital Semilla<\/li>\n<li>Casa Grande M\u00f3vil<\/li>\n<li>Servicio de Atenci\u00f3n Comunitaria<\/li>\n<li>Orquestas y Coros Juveniles<\/li>\n<li>Taller Ambulante de Cine Documental<\/li>\n<\/ul>\n","protected":false},"excerpt":{"rendered":"<p>Por segundo a\u00f1o consecutivo, los programas de desarrollo comunitario de Grupo M\u00e9xico han recibido el reconocimiento Empresas Excepcionales, distinci\u00f3n que entregan el Consejo Coordinador Empresarial, el Consejo de la Comunicaci\u00f3n y el Instituto para el Fomento a la Calidad. Este evento anual celebra las pr\u00e1cticas empresariales sobresalientes que tienen incidencia positiva en las comunidades de [&hellip;]<\/p>\n","protected":false},"author":1,"featured_media":19703,"comment_status":"open","ping_status":"open","sticky":false,"template":"","format":"standard","meta":{"footnotes":""},"categories":[159],"tags":[],"class_list":["post"],"yoast_head":" \n<title>Reconocen compromiso comunitario de Grupo M\u00e9xico - Periodista SoledadDurazo.com<\/title>\n<meta name=\"robots\" content=\"index, follow, max-snippet:-1, max-image-preview:large, max-video-preview:-1\" \/>\n<link rel=\"canonical\" href=\"https:\/\/soledaddurazo.com\/blog\/2024\/02\/22\/reconocen-compromiso-comunitario-de-grupo-mexico\/\" \/>\n<meta property=\"og:locale\" content=\"es_MX\" \/>\n<meta property=\"og:type\" content=\"article\" \/>\n<meta property=\"og:title\" content=\"Reconocen compromiso comunitario de Grupo M\u00e9xico\" \/>\n<meta property=\"og:description\" content=\"Por segundo a\u00f1o consecutivo, los programas de desarrollo comunitario de Grupo M\u00e9xico han recibido el reconocimiento Empresas Excepcionales, distinci\u00f3n que entregan el Consejo Coordinador Empresarial, el Consejo de la Comunicaci\u00f3n y el Instituto para el Fomento a la Calidad. Este evento anual celebra las pr\u00e1cticas empresariales sobresalientes que tienen incidencia positiva en las comunidades de [&hellip;]\" \/>\n<meta property=\"og:url\" content=\"https:\/\/soledaddurazo.com\/blog\/2024\/02\/22\/reconocen-compromiso-comunitario-de-grupo-mexico\/\" \/>\n<meta property=\"og:site_name\" content=\"Periodista SoledadDurazo.com\" \/>\n<meta property=\"article:publisher\" content=\"https:\/\/www.facebook.com\/soledad.durazo.9\/\" \/>\n<meta property=\"article:published_time\" content=\"2024-02-23T05:18:37+00:00\" \/>\n<meta property=\"og:image\" content=\"https:\/\/soledaddurazo.com\/storage\/2024\/02\/aaa5f57b-d641-4b86-a992-cbda756cdfb1.jpg\" \/>\n\t<meta property=\"og:image:width\" content=\"1600\" \/>\n\t<meta property=\"og:image:height\" content=\"1041\" \/>\n<meta name=\"twitter:card\" content=\"summary_large_image\" \/>\n<meta name=\"twitter:creator\" content=\"@SoledadDurazo\" \/>\n<meta name=\"twitter:site\" content=\"@SoledadDurazo\" \/>\n<meta name=\"twitter:label1\" content=\"Escrito por\" \/>\n\t<meta name=\"twitter:data1\" content=\"Redacci\u00f3n\" \/>\n\t<meta name=\"twitter:label2\" content=\"Tiempo de lectura\" \/>\n\t<meta name=\"twitter:data2\" content=\"2 minutos\" \/>\n<script type=\"application\/ld+json\" class=\"yoast-schema-graph\">{\"@context\":\"https:\/\/schema.org\",\"@graph\":[{\"@type\":\"Organization\",\"@id\":\"https:\/\/soledaddurazo.com\/#organization\",\"name\":\"Soledad Durazo\",\"url\":\"https:\/\/soledaddurazo.com\/\",\"sameAs\":[\"https:\/\/www.facebook.com\/soledad.durazo.9\/\",\"https:\/\/www.instagram.com\/soledaddurazo\",\"https:\/\/www.youtube.com\/channel\/UC9yGPw8-Vbl_B2XNkRwPS-w\",\"https:\/\/twitter.com\/SoledadDurazo\"],\"logo\":{\"@type\":\"ImageObject\",\"@id\":\"https:\/\/soledaddurazo.com\/#logo\",\"inLanguage\":\"es\",\"url\":\"https:\/\/soledaddurazo.com\/storage\/2021\/11\/nllp-720x375-1-2.png\",\"contentUrl\":\"https:\/\/soledaddurazo.com\/storage\/2021\/11\/nllp-720x375-1-2.png\",\"width\":720,\"height\":375,\"caption\":\"Soledad Durazo\"},\"image\":{\"@id\":\"https:\/\/soledaddurazo.com\/#logo\"}},{\"@type\":\"WebSite\",\"@id\":\"https:\/\/soledaddurazo.com\/#website\",\"url\":\"https:\/\/soledaddurazo.com\/\",\"name\":\"Periodista SoledadDurazo.com\",\"description\":\"Periodista sonorense. Directora de www.SoledadDurazo.com Columnista, conductora de radio y Tv. Catedr\\u00e1tica en la UNISON\",\"publisher\":{\"@id\":\"https:\/\/soledaddurazo.com\/#organization\"},\"potentialAction\":[{\"@type\":\"SearchAction\",\"target\":{\"@type\":\"EntryPoint\",\"urlTemplate\":\"https:\/\/soledaddurazo.com\/?s={search_term_string}\"},\"query-input\":\"required name=search_term_string\"}],\"inLanguage\":\"es\"},{\"@type\":\"ImageObject\",\"@id\":\"https:\/\/soledaddurazo.com\/blog\/2024\/02\/22\/reconocen-compromiso-comunitario-de-grupo-mexico\/#primaryimage\",\"inLanguage\":\"es\",\"url\":\"https:\/\/soledaddurazo.com\/storage\/2024\/02\/aaa5f57b-d641-4b86-a992-cbda756cdfb1.jpg\",\"contentUrl\":\"https:\/\/soledaddurazo.com\/storage\/2024\/02\/aaa5f57b-d641-4b86-a992-cbda756cdfb1.jpg\",\"width\":1600,\"height\":1041},{\"@type\":\"WebPage\",\"@id\":\"https:\/\/soledaddurazo.com\/blog\/2024\/02\/22\/reconocen-compromiso-comunitario-de-grupo-mexico\/#webpage\",\"url\":\"https:\/\/soledaddurazo.com\/blog\/2024\/02\/22\/reconocen-compromiso-comunitario-de-grupo-mexico\/\",\"name\":\"Reconocen compromiso comunitario de Grupo M\\u00e9xico - Periodista SoledadDurazo.com\",\"isPartOf\":{\"@id\":\"https:\/\/soledaddurazo.com\/#website\"},\"primaryImageOfPage\":{\"@id\":\"https:\/\/soledaddurazo.com\/blog\/2024\/02\/22\/reconocen-compromiso-comunitario-de-grupo-mexico\/#primaryimage\"},\"datePublished\":\"2024-02-23T05:18:37+00:00\",\"dateModified\":\"2024-02-23T05:18:37+00:00\",\"breadcrumb\":{\"@id\":\"https:\/\/soledaddurazo.com\/blog\/2024\/02\/22\/reconocen-compromiso-comunitario-de-grupo-mexico\/#breadcrumb\"},\"inLanguage\":\"es\",\"potentialAction\":[{\"@type\":\"ReadAction\",\"target\":[\"https:\/\/soledaddurazo.com\/blog\/2024\/02\/22\/reconocen-compromiso-comunitario-de-grupo-mexico\/\"]}]},{\"@type\":\"BreadcrumbList\",\"@id\":\"https:\/\/soledaddurazo.com\/blog\/2024\/02\/22\/reconocen-compromiso-comunitario-de-grupo-mexico\/#breadcrumb\",\"itemListElement\":[{\"@type\":\"ListItem\",\"position\":1,\"name\":\"Home\",\"item\":\"https:\/\/soledaddurazo.com\/\"},{\"@type\":\"ListItem\",\"position\":2,\"name\":\"Reconocen compromiso comunitario de Grupo M\\u00e9xico\"}]},{\"@type\":\"Article\",\"@id\":\"https:\/\/soledaddurazo.com\/blog\/2024\/02\/22\/reconocen-compromiso-comunitario-de-grupo-mexico\/#article\",\"isPartOf\":{\"@id\":\"https:\/\/soledaddurazo.com\/blog\/2024\/02\/22\/reconocen-compromiso-comunitario-de-grupo-mexico\/#webpage\"},\"author\":{\"@id\":\"https:\/\/soledaddurazo.com\/#\/schema\/person\/822d8e13aa288585e6546f179853758b\"},\"headline\":\"Reconocen compromiso comunitario de Grupo M\\u00e9xico\",\"datePublished\":\"2024-02-23T05:18:37+00:00\",\"dateModified\":\"2024-02-23T05:18:37+00:00\",\"mainEntityOfPage\":{\"@id\":\"https:\/\/soledaddurazo.com\/blog\/2024\/02\/22\/reconocen-compromiso-comunitario-de-grupo-mexico\/#webpage\"},\"wordCount\":298,\"commentCount\":0,\"publisher\":{\"@id\":\"https:\/\/soledaddurazo.com\/#organization\"},\"image\":{\"@id\":\"https:\/\/soledaddurazo.com\/blog\/2024\/02\/22\/reconocen-compromiso-comunitario-de-grupo-mexico\/#primaryimage\"},\"thumbnailUrl\":\"https:\/\/soledaddurazo.com\/storage\/2024\/02\/aaa5f57b-d641-4b86-a992-cbda756cdfb1.jpg\",\"articleSection\":[\"Mi Sonora\"],\"inLanguage\":\"es\",\"potentialAction\":[{\"@type\":\"CommentAction\",\"name\":\"Comment\",\"target\":[\"https:\/\/soledaddurazo.com\/blog\/2024\/02\/22\/reconocen-compromiso-comunitario-de-grupo-mexico\/#respond\"]}]},{\"@type\":\"Person\",\"@id\":\"https:\/\/soledaddurazo.com\/#\/schema\/person\/822d8e13aa288585e6546f179853758b\",\"name\":\"Redacci\\u00f3n\",\"image\":{\"@type\":\"ImageObject\",\"@id\":\"https:\/\/soledaddurazo.com\/#personlogo\",\"inLanguage\":\"es\",\"url\":\"https:\/\/secure.gravatar.com\/avatar\/c4e193752f756fd61f04deebed3a3a20dc188d37edb53682d313ac57f2725d54?s=96&d=mm&r=g\",\"contentUrl\":\"https:\/\/secure.gravatar.com\/avatar\/c4e193752f756fd61f04deebed3a3a20dc188d37edb53682d313ac57f2725d54?s=96&d=mm&r=g\",\"caption\":\"Redacci\\u00f3n\"},\"sameAs\":[\"https:\/\/soledaddurazo.com\"]}]}<\/script>\n ","yoast_head_json":{"title":"Reconocen compromiso comunitario de Grupo M\u00e9xico - Periodista SoledadDurazo.com","robots":{"index":"index","follow":"follow","max-snippet":"max-snippet:-1","max-image-preview":"max-image-preview:large","max-video-preview":"max-video-preview:-1"},"canonical":"https:\/\/soledaddurazo.com\/blog\/2024\/02\/22\/reconocen-compromiso-comunitario-de-grupo-mexico\/","og_locale":"es_MX","og_type":"article","og_title":"Reconocen compromiso comunitario de Grupo M\u00e9xico","og_description":"Por segundo a\u00f1o consecutivo, los programas de desarrollo comunitario de Grupo M\u00e9xico han recibido el reconocimiento Empresas Excepcionales, distinci\u00f3n que entregan el Consejo Coordinador Empresarial, el Consejo de la Comunicaci\u00f3n y el Instituto para el Fomento a la Calidad. Este evento anual celebra las pr\u00e1cticas empresariales sobresalientes que tienen incidencia positiva en las comunidades de [&hellip;]","og_url":"https:\/\/soledaddurazo.com\/blog\/2024\/02\/22\/reconocen-compromiso-comunitario-de-grupo-mexico\/","og_site_name":"Periodista SoledadDurazo.com","article_publisher":"https:\/\/www.facebook.com\/soledad.durazo.9\/","article_published_time":"2024-02-23T05:18:37+00:00","og_image":[{"width":1600,"height":1041,"url":"https:\/\/soledaddurazo.com\/storage\/2024\/02\/aaa5f57b-d641-4b86-a992-cbda756cdfb1.jpg","type":"image\/jpeg"}],"twitter_card":"summary_large_image","twitter_creator":"@SoledadDurazo","twitter_site":"@SoledadDurazo","twitter_misc":{"Escrito por":"Redacci\u00f3n","Tiempo de lectura":"2 minutos"},"schema":{"@context":"https:\/\/schema.org","@graph":[{"@type":"Organization","@id":"https:\/\/soledaddurazo.com\/#organization","name":"Soledad Durazo","url":"https:\/\/soledaddurazo.com\/","sameAs":["https:\/\/www.facebook.com\/soledad.durazo.9\/","https:\/\/www.instagram.com\/soledaddurazo","https:\/\/www.youtube.com\/channel\/UC9yGPw8-Vbl_B2XNkRwPS-w","https:\/\/twitter.com\/SoledadDurazo"],"logo":{"@type":"ImageObject","@id":"https:\/\/soledaddurazo.com\/#logo","inLanguage":"es","url":"https:\/\/soledaddurazo.com\/storage\/2021\/11\/nllp-720x375-1-2.png","contentUrl":"https:\/\/soledaddurazo.com\/storage\/2021\/11\/nllp-720x375-1-2.png","width":720,"height":375,"caption":"Soledad Durazo"},"image":{"@id":"https:\/\/soledaddurazo.com\/#logo"}},{"@type":"WebSite","@id":"https:\/\/soledaddurazo.com\/#website","url":"https:\/\/soledaddurazo.com\/","name":"Periodista SoledadDurazo.com","description":"Periodista sonorense. Directora de www.SoledadDurazo.com Columnista, conductora de radio y Tv. Catedr\u00e1tica en la UNISON","publisher":{"@id":"https:\/\/soledaddurazo.com\/#organization"},"potentialAction":[{"@type":"SearchAction","target":{"@type":"EntryPoint","urlTemplate":"https:\/\/soledaddurazo.com\/?s={search_term_string}"},"query-input":"required name=search_term_string"}],"inLanguage":"es"},{"@type":"ImageObject","@id":"https:\/\/soledaddurazo.com\/blog\/2024\/02\/22\/reconocen-compromiso-comunitario-de-grupo-mexico\/#primaryimage","inLanguage":"es","url":"https:\/\/soledaddurazo.com\/storage\/2024\/02\/aaa5f57b-d641-4b86-a992-cbda756cdfb1.jpg","contentUrl":"https:\/\/soledaddurazo.com\/storage\/2024\/02\/aaa5f57b-d641-4b86-a992-cbda756cdfb1.jpg","width":1600,"height":1041},{"@type":"WebPage","@id":"https:\/\/soledaddurazo.com\/blog\/2024\/02\/22\/reconocen-compromiso-comunitario-de-grupo-mexico\/#webpage","url":"https:\/\/soledaddurazo.com\/blog\/2024\/02\/22\/reconocen-compromiso-comunitario-de-grupo-mexico\/","name":"Reconocen compromiso comunitario de Grupo M\u00e9xico - Periodista SoledadDurazo.com","isPartOf":{"@id":"https:\/\/soledaddurazo.com\/#website"},"primaryImageOfPage":{"@id":"https:\/\/soledaddurazo.com\/blog\/2024\/02\/22\/reconocen-compromiso-comunitario-de-grupo-mexico\/#primaryimage"},"datePublished":"2024-02-23T05:18:37+00:00","dateModified":"2024-02-23T05:18:37+00:00","breadcrumb":{"@id":"https:\/\/soledaddurazo.com\/blog\/2024\/02\/22\/reconocen-compromiso-comunitario-de-grupo-mexico\/#breadcrumb"},"inLanguage":"es","potentialAction":[{"@type":"ReadAction","target":["https:\/\/soledaddurazo.com\/blog\/2024\/02\/22\/reconocen-compromiso-comunitario-de-grupo-mexico\/"]}]},{"@type":"BreadcrumbList","@id":"https:\/\/soledaddurazo.com\/blog\/2024\/02\/22\/reconocen-compromiso-comunitario-de-grupo-mexico\/#breadcrumb","itemListElement":[{"@type":"ListItem","position":1,"name":"Home","item":"https:\/\/soledaddurazo.com\/"},{"@type":"ListItem","position":2,"name":"Reconocen compromiso comunitario de Grupo M\u00e9xico"}]},{"@type":"Article","@id":"https:\/\/soledaddurazo.com\/blog\/2024\/02\/22\/reconocen-compromiso-comunitario-de-grupo-mexico\/#article","isPartOf":{"@id":"https:\/\/soledaddurazo.com\/blog\/2024\/02\/22\/reconocen-compromiso-comunitario-de-grupo-mexico\/#webpage"},"author":{"@id":"https:\/\/soledaddurazo.com\/#\/schema\/person\/822d8e13aa288585e6546f179853758b"},"headline":"Reconocen compromiso comunitario de Grupo M\u00e9xico","datePublished":"2024-02-23T05:18:37+00:00","dateModified":"2024-02-23T05:18:37+00:00","mainEntityOfPage":{"@id":"https:\/\/soledaddurazo.com\/blog\/2024\/02\/22\/reconocen-compromiso-comunitario-de-grupo-mexico\/#webpage"},"wordCount":298,"commentCount":0,"publisher":{"@id":"https:\/\/soledaddurazo.com\/#organization"},"image":{"@id":"https:\/\/soledaddurazo.com\/blog\/2024\/02\/22\/reconocen-compromiso-comunitario-de-grupo-mexico\/#primaryimage"},"thumbnailUrl":"https:\/\/soledaddurazo.com\/storage\/2024\/02\/aaa5f57b-d641-4b86-a992-cbda756cdfb1.jpg","articleSection":["Mi Sonora"],"inLanguage":"es","potentialAction":[{"@type":"CommentAction","name":"Comment","target":["https:\/\/soledaddurazo.com\/blog\/2024\/02\/22\/reconocen-compromiso-comunitario-de-grupo-mexico\/#respond"]}]},{"@type":"Person","@id":"https:\/\/soledaddurazo.com\/#\/schema\/person\/822d8e13aa288585e6546f179853758b","name":"Redacci\u00f3n","image":{"@type":"ImageObject","@id":"https:\/\/soledaddurazo.com\/#personlogo","inLanguage":"es","url":"https:\/\/secure.gravatar.com\/avatar\/c4e193752f756fd61f04deebed3a3a20dc188d37edb53682d313ac57f2725d54?s=96&d=mm&r=g","contentUrl":"https:\/\/secure.gravatar.com\/avatar\/c4e193752f756fd61f04deebed3a3a20dc188d37edb53682d313ac57f2725d54?s=96&d=mm&r=g","caption":"Redacci\u00f3n"},"sameAs":["https:\/\/soledaddurazo.com"]}]}},"_links":{"self":[{"href":"https:\/\/soledaddurazo.com\/api\/wp\/v2\/posts\/19702","targetHints":{"allow":["GET"]}}],"collection":[{"href":"https:\/\/soledaddurazo.com\/api\/wp\/v2\/posts"}],"about":[{"href":"https:\/\/soledaddurazo.com\/api\/wp\/v2\/types\/post"}],"author":[{"embeddable":true,"href":"https:\/\/soledaddurazo.com\/api\/wp\/v2\/users\/1"}],"replies":[{"embeddable":true,"href":"https:\/\/soledaddurazo.com\/api\/wp\/v2\/comments?post=19702"}],"version-history":[{"count":1,"href":"https:\/\/soledaddurazo.com\/api\/wp\/v2\/posts\/19702\/revisions"}],"predecessor-version":[{"id":19705,"href":"https:\/\/soledaddurazo.com\/api\/wp\/v2\/posts\/19702\/revisions\/19705"}],"wp:featuredmedia":[{"embeddable":true,"href":"https:\/\/soledaddurazo.com\/api\/wp\/v2\/media\/19703"}],"wp:attachment":[{"href":"https:\/\/soledaddurazo.com\/api\/wp\/v2\/media?parent=19702"}],"wp:term":[{"taxonomy":"category","embeddable":true,"href":"https:\/\/soledaddurazo.com\/api\/wp\/v2\/categories?post=19702"},{"taxonomy":"post_tag","embeddable":true,"href":"https:\/\/soledaddurazo.com\/api\/wp\/v2\/tags?post=19702"}],"curies":[{"name":"wp","href":"https:\/\/api.w.org\/{rel}","templated":true}]}}