{"id":19673,"date":"2024-02-19T17:44:43","date_gmt":"2024-02-20T00:44:43","guid":{"rendered":"https:\/\/soledaddurazo.com\/?p=19673"},"modified":"2024-02-19T17:44:43","modified_gmt":"2024-02-20T00:44:43","slug":"levante-la-mano-el-joven-que-no-usa-internet-todo-los-dias-nadie-la-levanto","status":"publish","type":"post","link":"https:\/\/soledaddurazo.com\/blog\/2024\/02\/19\/levante-la-mano-el-joven-que-no-usa-internet-todo-los-dias-nadie-la-levanto\/","title":{"rendered":"Levante la mano el joven que no usa internet todo los d\u00edas\u2026 nadie la levant\u00f3"},"content":{"rendered":"<p>Una invitaci\u00f3n a asumir la responsabilidad de lo que ven en internet, el tiempo que le dedican y el contenido que consumen, hizo Michelle Lucero Barr\u00f3n a los j\u00f3venes asistentes Congreso AVANT 2024, organizado por el Instituto Vanguardia de esta ciudad capital.<\/p>\n<p>La Directora de la Fundaci\u00f3n Nueva Generaci\u00f3n Sonora particip\u00f3 en el panel El Poder de la Palabra, donde se dirigi\u00f3 a los estudiantes de preparatoria, para compartir la informaci\u00f3n sobre el Ciberacoso que es una realidad en el mundo y donde M\u00e9xico no est\u00e1 exento de ello.<\/p>\n<p>Lucero Barr\u00f3n, record\u00f3 que son las y los j\u00f3venes de hoy son quienes representan la generaci\u00f3n pionera del mundo Digital, sin embargo no alcanzan a saber con exactitud las implicaciones del uso de las Redes Sociales y el impacto que pueden causar en la salud mental de los individuos.<\/p>\n<p>\u00bfCu\u00e1ntos de ustedes no revisan el internet diario? pregunt\u00f3 la panelista. Nadie levant\u00f3 la mano.<br \/>\nDeben saber, dijo Michelle Lucero a los presentes, que el internet es un segundo \u201cmundo\u201d donde ellos viven todos los d\u00edas, pero tambi\u00e9n est\u00e1 el primero que es el real, donde ciertamente hay problemas, pero son los mismos que est\u00e1n dentro de las Redes Sociales.<\/p>\n<p>\u201cEn Internet tambi\u00e9n existen problemas como el ciberacoso, la violencia sexual, el bullying y contenidos negativos y de violencia emocional\u201d, explic\u00f3.<\/p>\n<p>Qu\u00e9 contenidos veo, qu\u00e9 contenidos comparto.<\/p>\n<p>La panelista hizo \u00e9nfasis que en internet existe un algoritmo que cambia constante a lo que vivimos en ese momento. Recordemos, les dijo a los j\u00f3venes, que todo lo que vemos influye en quienes somos y es cuando afecta nuestra salud mental.<\/p>\n<p>\u201cSi consumismos contenidos que no nos aportan que no nos llevan a un rumbo positivo y a quedarse con un buen sentimiento de poco a poco se van almacenando m\u00e1s informaci\u00f3n que configura lo que pensamos de nosotros mismos y de lo que hay en nuestro alrededor\u201d.<\/p>\n<p>De esa manera Michelle Lucero exhort\u00f3 a los j\u00f3venes a usar el internet con responsabilidad, mantenerse atentos en los contenidos, tomar solo aquello que deje algo de beneficio a sus vidas.<\/p>\n","protected":false},"excerpt":{"rendered":"<p>Una invitaci\u00f3n a asumir la responsabilidad de lo que ven en internet, el tiempo que le dedican y el contenido que consumen, hizo Michelle Lucero Barr\u00f3n a los j\u00f3venes asistentes Congreso AVANT 2024, organizado por el Instituto Vanguardia de esta ciudad capital. La Directora de la Fundaci\u00f3n Nueva Generaci\u00f3n Sonora particip\u00f3 en el panel El [&hellip;]<\/p>\n","protected":false},"author":1,"featured_media":19674,"comment_status":"open","ping_status":"open","sticky":false,"template":"","format":"standard","meta":{"footnotes":""},"categories":[159],"tags":[],"class_list":["post"],"yoast_head":" \n<title>Levante la mano el joven que no usa internet todo los d\u00edas\u2026 nadie la levant\u00f3 - Periodista SoledadDurazo.com<\/title>\n<meta name=\"robots\" content=\"index, follow, max-snippet:-1, max-image-preview:large, max-video-preview:-1\" \/>\n<link rel=\"canonical\" href=\"https:\/\/soledaddurazo.com\/blog\/2024\/02\/19\/levante-la-mano-el-joven-que-no-usa-internet-todo-los-dias-nadie-la-levanto\/\" \/>\n<meta property=\"og:locale\" content=\"es_MX\" \/>\n<meta property=\"og:type\" content=\"article\" \/>\n<meta property=\"og:title\" content=\"Levante la mano el joven que no usa internet todo los d\u00edas\u2026 nadie la levant\u00f3\" \/>\n<meta property=\"og:description\" content=\"Una invitaci\u00f3n a asumir la responsabilidad de lo que ven en internet, el tiempo que le dedican y el contenido que consumen, hizo Michelle Lucero Barr\u00f3n a los j\u00f3venes asistentes Congreso AVANT 2024, organizado por el Instituto Vanguardia de esta ciudad capital. La Directora de la Fundaci\u00f3n Nueva Generaci\u00f3n Sonora particip\u00f3 en el panel El [&hellip;]\" \/>\n<meta property=\"og:url\" content=\"https:\/\/soledaddurazo.com\/blog\/2024\/02\/19\/levante-la-mano-el-joven-que-no-usa-internet-todo-los-dias-nadie-la-levanto\/\" \/>\n<meta property=\"og:site_name\" content=\"Periodista SoledadDurazo.com\" \/>\n<meta property=\"article:publisher\" content=\"https:\/\/www.facebook.com\/soledad.durazo.9\/\" \/>\n<meta property=\"article:published_time\" content=\"2024-02-20T00:44:43+00:00\" \/>\n<meta property=\"og:image\" content=\"https:\/\/soledaddurazo.com\/storage\/2024\/02\/2a9b202f-7872-40b0-80dd-c153aa4e0b45.jpg\" \/>\n\t<meta property=\"og:image:width\" content=\"963\" \/>\n\t<meta property=\"og:image:height\" content=\"1280\" \/>\n<meta name=\"twitter:card\" content=\"summary_large_image\" \/>\n<meta name=\"twitter:creator\" content=\"@SoledadDurazo\" \/>\n<meta name=\"twitter:site\" content=\"@SoledadDurazo\" \/>\n<meta name=\"twitter:label1\" content=\"Escrito por\" \/>\n\t<meta name=\"twitter:data1\" content=\"Redacci\u00f3n\" \/>\n\t<meta name=\"twitter:label2\" content=\"Tiempo de lectura\" \/>\n\t<meta name=\"twitter:data2\" content=\"2 minutos\" \/>\n<script type=\"application\/ld+json\" class=\"yoast-schema-graph\">{\"@context\":\"https:\/\/schema.org\",\"@graph\":[{\"@type\":\"Organization\",\"@id\":\"https:\/\/soledaddurazo.com\/#organization\",\"name\":\"Soledad Durazo\",\"url\":\"https:\/\/soledaddurazo.com\/\",\"sameAs\":[\"https:\/\/www.facebook.com\/soledad.durazo.9\/\",\"https:\/\/www.instagram.com\/soledaddurazo\",\"https:\/\/www.youtube.com\/channel\/UC9yGPw8-Vbl_B2XNkRwPS-w\",\"https:\/\/twitter.com\/SoledadDurazo\"],\"logo\":{\"@type\":\"ImageObject\",\"@id\":\"https:\/\/soledaddurazo.com\/#logo\",\"inLanguage\":\"es\",\"url\":\"https:\/\/soledaddurazo.com\/storage\/2021\/11\/nllp-720x375-1-2.png\",\"contentUrl\":\"https:\/\/soledaddurazo.com\/storage\/2021\/11\/nllp-720x375-1-2.png\",\"width\":720,\"height\":375,\"caption\":\"Soledad Durazo\"},\"image\":{\"@id\":\"https:\/\/soledaddurazo.com\/#logo\"}},{\"@type\":\"WebSite\",\"@id\":\"https:\/\/soledaddurazo.com\/#website\",\"url\":\"https:\/\/soledaddurazo.com\/\",\"name\":\"Periodista SoledadDurazo.com\",\"description\":\"Periodista sonorense. Directora de www.SoledadDurazo.com Columnista, conductora de radio y Tv. Catedr\\u00e1tica en la UNISON\",\"publisher\":{\"@id\":\"https:\/\/soledaddurazo.com\/#organization\"},\"potentialAction\":[{\"@type\":\"SearchAction\",\"target\":{\"@type\":\"EntryPoint\",\"urlTemplate\":\"https:\/\/soledaddurazo.com\/?s={search_term_string}\"},\"query-input\":\"required name=search_term_string\"}],\"inLanguage\":\"es\"},{\"@type\":\"ImageObject\",\"@id\":\"https:\/\/soledaddurazo.com\/blog\/2024\/02\/19\/levante-la-mano-el-joven-que-no-usa-internet-todo-los-dias-nadie-la-levanto\/#primaryimage\",\"inLanguage\":\"es\",\"url\":\"https:\/\/soledaddurazo.com\/storage\/2024\/02\/2a9b202f-7872-40b0-80dd-c153aa4e0b45.jpg\",\"contentUrl\":\"https:\/\/soledaddurazo.com\/storage\/2024\/02\/2a9b202f-7872-40b0-80dd-c153aa4e0b45.jpg\",\"width\":963,\"height\":1280},{\"@type\":\"WebPage\",\"@id\":\"https:\/\/soledaddurazo.com\/blog\/2024\/02\/19\/levante-la-mano-el-joven-que-no-usa-internet-todo-los-dias-nadie-la-levanto\/#webpage\",\"url\":\"https:\/\/soledaddurazo.com\/blog\/2024\/02\/19\/levante-la-mano-el-joven-que-no-usa-internet-todo-los-dias-nadie-la-levanto\/\",\"name\":\"Levante la mano el joven que no usa internet todo los d\\u00edas\\u2026 nadie la levant\\u00f3 - Periodista SoledadDurazo.com\",\"isPartOf\":{\"@id\":\"https:\/\/soledaddurazo.com\/#website\"},\"primaryImageOfPage\":{\"@id\":\"https:\/\/soledaddurazo.com\/blog\/2024\/02\/19\/levante-la-mano-el-joven-que-no-usa-internet-todo-los-dias-nadie-la-levanto\/#primaryimage\"},\"datePublished\":\"2024-02-20T00:44:43+00:00\",\"dateModified\":\"2024-02-20T00:44:43+00:00\",\"breadcrumb\":{\"@id\":\"https:\/\/soledaddurazo.com\/blog\/2024\/02\/19\/levante-la-mano-el-joven-que-no-usa-internet-todo-los-dias-nadie-la-levanto\/#breadcrumb\"},\"inLanguage\":\"es\",\"potentialAction\":[{\"@type\":\"ReadAction\",\"target\":[\"https:\/\/soledaddurazo.com\/blog\/2024\/02\/19\/levante-la-mano-el-joven-que-no-usa-internet-todo-los-dias-nadie-la-levanto\/\"]}]},{\"@type\":\"BreadcrumbList\",\"@id\":\"https:\/\/soledaddurazo.com\/blog\/2024\/02\/19\/levante-la-mano-el-joven-que-no-usa-internet-todo-los-dias-nadie-la-levanto\/#breadcrumb\",\"itemListElement\":[{\"@type\":\"ListItem\",\"position\":1,\"name\":\"Home\",\"item\":\"https:\/\/soledaddurazo.com\/\"},{\"@type\":\"ListItem\",\"position\":2,\"name\":\"Levante la mano el joven que no usa internet todo los d\\u00edas\\u2026 nadie la levant\\u00f3\"}]},{\"@type\":\"Article\",\"@id\":\"https:\/\/soledaddurazo.com\/blog\/2024\/02\/19\/levante-la-mano-el-joven-que-no-usa-internet-todo-los-dias-nadie-la-levanto\/#article\",\"isPartOf\":{\"@id\":\"https:\/\/soledaddurazo.com\/blog\/2024\/02\/19\/levante-la-mano-el-joven-que-no-usa-internet-todo-los-dias-nadie-la-levanto\/#webpage\"},\"author\":{\"@id\":\"https:\/\/soledaddurazo.com\/#\/schema\/person\/822d8e13aa288585e6546f179853758b\"},\"headline\":\"Levante la mano el joven que no usa internet todo los d\\u00edas\\u2026 nadie la levant\\u00f3\",\"datePublished\":\"2024-02-20T00:44:43+00:00\",\"dateModified\":\"2024-02-20T00:44:43+00:00\",\"mainEntityOfPage\":{\"@id\":\"https:\/\/soledaddurazo.com\/blog\/2024\/02\/19\/levante-la-mano-el-joven-que-no-usa-internet-todo-los-dias-nadie-la-levanto\/#webpage\"},\"wordCount\":379,\"commentCount\":0,\"publisher\":{\"@id\":\"https:\/\/soledaddurazo.com\/#organization\"},\"image\":{\"@id\":\"https:\/\/soledaddurazo.com\/blog\/2024\/02\/19\/levante-la-mano-el-joven-que-no-usa-internet-todo-los-dias-nadie-la-levanto\/#primaryimage\"},\"thumbnailUrl\":\"https:\/\/soledaddurazo.com\/storage\/2024\/02\/2a9b202f-7872-40b0-80dd-c153aa4e0b45.jpg\",\"articleSection\":[\"Mi Sonora\"],\"inLanguage\":\"es\",\"potentialAction\":[{\"@type\":\"CommentAction\",\"name\":\"Comment\",\"target\":[\"https:\/\/soledaddurazo.com\/blog\/2024\/02\/19\/levante-la-mano-el-joven-que-no-usa-internet-todo-los-dias-nadie-la-levanto\/#respond\"]}]},{\"@type\":\"Person\",\"@id\":\"https:\/\/soledaddurazo.com\/#\/schema\/person\/822d8e13aa288585e6546f179853758b\",\"name\":\"Redacci\\u00f3n\",\"image\":{\"@type\":\"ImageObject\",\"@id\":\"https:\/\/soledaddurazo.com\/#personlogo\",\"inLanguage\":\"es\",\"url\":\"https:\/\/secure.gravatar.com\/avatar\/c4e193752f756fd61f04deebed3a3a20dc188d37edb53682d313ac57f2725d54?s=96&d=mm&r=g\",\"contentUrl\":\"https:\/\/secure.gravatar.com\/avatar\/c4e193752f756fd61f04deebed3a3a20dc188d37edb53682d313ac57f2725d54?s=96&d=mm&r=g\",\"caption\":\"Redacci\\u00f3n\"},\"sameAs\":[\"https:\/\/soledaddurazo.com\"]}]}<\/script>\n ","yoast_head_json":{"title":"Levante la mano el joven que no usa internet todo los d\u00edas\u2026 nadie la levant\u00f3 - Periodista SoledadDurazo.com","robots":{"index":"index","follow":"follow","max-snippet":"max-snippet:-1","max-image-preview":"max-image-preview:large","max-video-preview":"max-video-preview:-1"},"canonical":"https:\/\/soledaddurazo.com\/blog\/2024\/02\/19\/levante-la-mano-el-joven-que-no-usa-internet-todo-los-dias-nadie-la-levanto\/","og_locale":"es_MX","og_type":"article","og_title":"Levante la mano el joven que no usa internet todo los d\u00edas\u2026 nadie la levant\u00f3","og_description":"Una invitaci\u00f3n a asumir la responsabilidad de lo que ven en internet, el tiempo que le dedican y el contenido que consumen, hizo Michelle Lucero Barr\u00f3n a los j\u00f3venes asistentes Congreso AVANT 2024, organizado por el Instituto Vanguardia de esta ciudad capital. La Directora de la Fundaci\u00f3n Nueva Generaci\u00f3n Sonora particip\u00f3 en el panel El [&hellip;]","og_url":"https:\/\/soledaddurazo.com\/blog\/2024\/02\/19\/levante-la-mano-el-joven-que-no-usa-internet-todo-los-dias-nadie-la-levanto\/","og_site_name":"Periodista SoledadDurazo.com","article_publisher":"https:\/\/www.facebook.com\/soledad.durazo.9\/","article_published_time":"2024-02-20T00:44:43+00:00","og_image":[{"width":963,"height":1280,"url":"https:\/\/soledaddurazo.com\/storage\/2024\/02\/2a9b202f-7872-40b0-80dd-c153aa4e0b45.jpg","type":"image\/jpeg"}],"twitter_card":"summary_large_image","twitter_creator":"@SoledadDurazo","twitter_site":"@SoledadDurazo","twitter_misc":{"Escrito por":"Redacci\u00f3n","Tiempo de lectura":"2 minutos"},"schema":{"@context":"https:\/\/schema.org","@graph":[{"@type":"Organization","@id":"https:\/\/soledaddurazo.com\/#organization","name":"Soledad Durazo","url":"https:\/\/soledaddurazo.com\/","sameAs":["https:\/\/www.facebook.com\/soledad.durazo.9\/","https:\/\/www.instagram.com\/soledaddurazo","https:\/\/www.youtube.com\/channel\/UC9yGPw8-Vbl_B2XNkRwPS-w","https:\/\/twitter.com\/SoledadDurazo"],"logo":{"@type":"ImageObject","@id":"https:\/\/soledaddurazo.com\/#logo","inLanguage":"es","url":"https:\/\/soledaddurazo.com\/storage\/2021\/11\/nllp-720x375-1-2.png","contentUrl":"https:\/\/soledaddurazo.com\/storage\/2021\/11\/nllp-720x375-1-2.png","width":720,"height":375,"caption":"Soledad Durazo"},"image":{"@id":"https:\/\/soledaddurazo.com\/#logo"}},{"@type":"WebSite","@id":"https:\/\/soledaddurazo.com\/#website","url":"https:\/\/soledaddurazo.com\/","name":"Periodista SoledadDurazo.com","description":"Periodista sonorense. Directora de www.SoledadDurazo.com Columnista, conductora de radio y Tv. Catedr\u00e1tica en la UNISON","publisher":{"@id":"https:\/\/soledaddurazo.com\/#organization"},"potentialAction":[{"@type":"SearchAction","target":{"@type":"EntryPoint","urlTemplate":"https:\/\/soledaddurazo.com\/?s={search_term_string}"},"query-input":"required name=search_term_string"}],"inLanguage":"es"},{"@type":"ImageObject","@id":"https:\/\/soledaddurazo.com\/blog\/2024\/02\/19\/levante-la-mano-el-joven-que-no-usa-internet-todo-los-dias-nadie-la-levanto\/#primaryimage","inLanguage":"es","url":"https:\/\/soledaddurazo.com\/storage\/2024\/02\/2a9b202f-7872-40b0-80dd-c153aa4e0b45.jpg","contentUrl":"https:\/\/soledaddurazo.com\/storage\/2024\/02\/2a9b202f-7872-40b0-80dd-c153aa4e0b45.jpg","width":963,"height":1280},{"@type":"WebPage","@id":"https:\/\/soledaddurazo.com\/blog\/2024\/02\/19\/levante-la-mano-el-joven-que-no-usa-internet-todo-los-dias-nadie-la-levanto\/#webpage","url":"https:\/\/soledaddurazo.com\/blog\/2024\/02\/19\/levante-la-mano-el-joven-que-no-usa-internet-todo-los-dias-nadie-la-levanto\/","name":"Levante la mano el joven que no usa internet todo los d\u00edas\u2026 nadie la levant\u00f3 - Periodista SoledadDurazo.com","isPartOf":{"@id":"https:\/\/soledaddurazo.com\/#website"},"primaryImageOfPage":{"@id":"https:\/\/soledaddurazo.com\/blog\/2024\/02\/19\/levante-la-mano-el-joven-que-no-usa-internet-todo-los-dias-nadie-la-levanto\/#primaryimage"},"datePublished":"2024-02-20T00:44:43+00:00","dateModified":"2024-02-20T00:44:43+00:00","breadcrumb":{"@id":"https:\/\/soledaddurazo.com\/blog\/2024\/02\/19\/levante-la-mano-el-joven-que-no-usa-internet-todo-los-dias-nadie-la-levanto\/#breadcrumb"},"inLanguage":"es","potentialAction":[{"@type":"ReadAction","target":["https:\/\/soledaddurazo.com\/blog\/2024\/02\/19\/levante-la-mano-el-joven-que-no-usa-internet-todo-los-dias-nadie-la-levanto\/"]}]},{"@type":"BreadcrumbList","@id":"https:\/\/soledaddurazo.com\/blog\/2024\/02\/19\/levante-la-mano-el-joven-que-no-usa-internet-todo-los-dias-nadie-la-levanto\/#breadcrumb","itemListElement":[{"@type":"ListItem","position":1,"name":"Home","item":"https:\/\/soledaddurazo.com\/"},{"@type":"ListItem","position":2,"name":"Levante la mano el joven que no usa internet todo los d\u00edas\u2026 nadie la levant\u00f3"}]},{"@type":"Article","@id":"https:\/\/soledaddurazo.com\/blog\/2024\/02\/19\/levante-la-mano-el-joven-que-no-usa-internet-todo-los-dias-nadie-la-levanto\/#article","isPartOf":{"@id":"https:\/\/soledaddurazo.com\/blog\/2024\/02\/19\/levante-la-mano-el-joven-que-no-usa-internet-todo-los-dias-nadie-la-levanto\/#webpage"},"author":{"@id":"https:\/\/soledaddurazo.com\/#\/schema\/person\/822d8e13aa288585e6546f179853758b"},"headline":"Levante la mano el joven que no usa internet todo los d\u00edas\u2026 nadie la levant\u00f3","datePublished":"2024-02-20T00:44:43+00:00","dateModified":"2024-02-20T00:44:43+00:00","mainEntityOfPage":{"@id":"https:\/\/soledaddurazo.com\/blog\/2024\/02\/19\/levante-la-mano-el-joven-que-no-usa-internet-todo-los-dias-nadie-la-levanto\/#webpage"},"wordCount":379,"commentCount":0,"publisher":{"@id":"https:\/\/soledaddurazo.com\/#organization"},"image":{"@id":"https:\/\/soledaddurazo.com\/blog\/2024\/02\/19\/levante-la-mano-el-joven-que-no-usa-internet-todo-los-dias-nadie-la-levanto\/#primaryimage"},"thumbnailUrl":"https:\/\/soledaddurazo.com\/storage\/2024\/02\/2a9b202f-7872-40b0-80dd-c153aa4e0b45.jpg","articleSection":["Mi Sonora"],"inLanguage":"es","potentialAction":[{"@type":"CommentAction","name":"Comment","target":["https:\/\/soledaddurazo.com\/blog\/2024\/02\/19\/levante-la-mano-el-joven-que-no-usa-internet-todo-los-dias-nadie-la-levanto\/#respond"]}]},{"@type":"Person","@id":"https:\/\/soledaddurazo.com\/#\/schema\/person\/822d8e13aa288585e6546f179853758b","name":"Redacci\u00f3n","image":{"@type":"ImageObject","@id":"https:\/\/soledaddurazo.com\/#personlogo","inLanguage":"es","url":"https:\/\/secure.gravatar.com\/avatar\/c4e193752f756fd61f04deebed3a3a20dc188d37edb53682d313ac57f2725d54?s=96&d=mm&r=g","contentUrl":"https:\/\/secure.gravatar.com\/avatar\/c4e193752f756fd61f04deebed3a3a20dc188d37edb53682d313ac57f2725d54?s=96&d=mm&r=g","caption":"Redacci\u00f3n"},"sameAs":["https:\/\/soledaddurazo.com"]}]}},"_links":{"self":[{"href":"https:\/\/soledaddurazo.com\/api\/wp\/v2\/posts\/19673","targetHints":{"allow":["GET"]}}],"collection":[{"href":"https:\/\/soledaddurazo.com\/api\/wp\/v2\/posts"}],"about":[{"href":"https:\/\/soledaddurazo.com\/api\/wp\/v2\/types\/post"}],"author":[{"embeddable":true,"href":"https:\/\/soledaddurazo.com\/api\/wp\/v2\/users\/1"}],"replies":[{"embeddable":true,"href":"https:\/\/soledaddurazo.com\/api\/wp\/v2\/comments?post=19673"}],"version-history":[{"count":1,"href":"https:\/\/soledaddurazo.com\/api\/wp\/v2\/posts\/19673\/revisions"}],"predecessor-version":[{"id":19675,"href":"https:\/\/soledaddurazo.com\/api\/wp\/v2\/posts\/19673\/revisions\/19675"}],"wp:featuredmedia":[{"embeddable":true,"href":"https:\/\/soledaddurazo.com\/api\/wp\/v2\/media\/19674"}],"wp:attachment":[{"href":"https:\/\/soledaddurazo.com\/api\/wp\/v2\/media?parent=19673"}],"wp:term":[{"taxonomy":"category","embeddable":true,"href":"https:\/\/soledaddurazo.com\/api\/wp\/v2\/categories?post=19673"},{"taxonomy":"post_tag","embeddable":true,"href":"https:\/\/soledaddurazo.com\/api\/wp\/v2\/tags?post=19673"}],"curies":[{"name":"wp","href":"https:\/\/api.w.org\/{rel}","templated":true}]}}