{"id":19663,"date":"2024-02-19T07:58:57","date_gmt":"2024-02-19T14:58:57","guid":{"rendered":"https:\/\/soledaddurazo.com\/?p=19663"},"modified":"2024-02-19T07:58:57","modified_gmt":"2024-02-19T14:58:57","slug":"y-llenaron-el-zocalo","status":"publish","type":"post","link":"https:\/\/soledaddurazo.com\/blog\/2024\/02\/19\/y-llenaron-el-zocalo\/","title":{"rendered":"Y llenaron el Z\u00f3calo"},"content":{"rendered":"<p><a href=\"https:\/\/soledaddurazo.com\/storage\/2024\/02\/FER-4.jpg\"><img loading=\"lazy\" decoding=\"async\" class=\"aligncenter  wp-image-19664\" src=\"https:\/\/soledaddurazo.com\/storage\/2024\/02\/FER-4.jpg\" alt=\"\" width=\"650\" height=\"487\" srcset=\"https:\/\/soledaddurazo.com\/storage\/2024\/02\/FER-4.jpg 1280w, https:\/\/soledaddurazo.com\/storage\/2024\/02\/FER-4-300x225.jpg 300w, https:\/\/soledaddurazo.com\/storage\/2024\/02\/FER-4-1024x768.jpg 1024w, https:\/\/soledaddurazo.com\/storage\/2024\/02\/FER-4-768x576.jpg 768w, https:\/\/soledaddurazo.com\/storage\/2024\/02\/FER-4-600x450.jpg 600w, https:\/\/soledaddurazo.com\/storage\/2024\/02\/FER-4-750x563.jpg 750w, https:\/\/soledaddurazo.com\/storage\/2024\/02\/FER-4-1140x855.jpg 1140w\" sizes=\"auto, (max-width: 650px) 100vw, 650px\" \/><\/a><\/p>\n<p><strong>\u00a0<\/strong><\/p>\n<p>La escena del coraz\u00f3n pol\u00edtico de M\u00e9xico, repleta de personas congregadas para manifestar la defensa de nuestra democracia y gritar consignas convertidas en un coro monumental \u201cnuestra democracia no se toca\u201d y \u201cvoto libre\u201d, era algo inimaginable en nuestras mentes hace tan solo tres a\u00f1os atr\u00e1s.<\/p>\n<p>La plancha del z\u00f3calo en la CDMX, se desbord\u00f3 de manifestantes, fueron organizaciones de la sociedad civil opositoras al gobierno del Presidente Andr\u00e9s Manuel L\u00f3pez Obrador las que convocaron a esta marcha, que se replic\u00f3 en ciudades del pa\u00eds y hasta en el extranjero. Ciudadanos comunes y corrientes acudieron a esta marcha, aunque tambi\u00e9n se dejaron ver pol\u00edticos de oposici\u00f3n, que no aguantaron las ganas de aprovechar esta expresi\u00f3n social para aparecer.<\/p>\n<p>A lo largo de su sexenio, no fue raro escuchar al Presidente L\u00f3pez Obrador en sus conferencias de prensa, retar de manera ir\u00f3nica a una oposici\u00f3n, que luc\u00eda desarticulada, sin liderazgos visibles, sin capacidad para pronunciar una cr\u00edtica contra el gobierno que hiciera eco en la opini\u00f3n p\u00fablica o que aspirara a crear un equilibrio del poder desde la C\u00e1mara de Diputados o el Senado, a tomar las calles y la plaza p\u00fablica.<\/p>\n<p>Ayer, nuevamente miles de personas respondieron a ese reto presidencial y acudieron voluntariamente a manifestarse, a pesar de que el Gobierno de la CDMX, minimizo la asistencia a 90 mil personas, pero las im\u00e1genes, demuestran una mayor cantidad de asistentes.<\/p>\n<p>El centro neur\u00e1lgico de la pol\u00edtica nacional, ayer domingo qued\u00f3 dividido a la mitad, por un lado, la clase pol\u00edtica de la Cuarta Transformaci\u00f3n, lleg\u00f3 de todas las entidades para presenciar el registro ante el INE de la candidata a la Presidencia de la Rep\u00fablica, Claudia Sheinbaum.<\/p>\n<p>Por otro lado, miles de personas que no est\u00e1n de acuerdo con las pol\u00edticas del Presidente de la Rep\u00fablica, salieron a tomar la plaza p\u00fablica, abarrotando un basti\u00f3n ic\u00f3nico para la Cuarta Transformaci\u00f3n, gritando a las puertas de Palacio Nacional consignas contra sus iniciativas de reformas constitucionales.<\/p>\n<p>Las alarmas deben de estar encendidas en Palacio Nacional, la oposici\u00f3n no est\u00e1 derrotada y se presta para competirle al tsunami electoral de la Cuarta Transformaci\u00f3n, que ya mostr\u00f3 no ser tan invencible como en el 2018 y a eso se le agrega el factor es que el Gobierno del Presidente L\u00f3pez Obrador, est\u00e1 siendo atacado sobre su principal autoproclamada virtud, la honestidad. \u00bfEsto es una muestra de que la oposici\u00f3n puede ganar la elecci\u00f3n presidencial? No lo creo, pero si da una muestra de que Morena y aliados no tendr\u00e1n un d\u00eda de campo como se ha dicho.<\/p>\n<p>Lo que preocupa es que la polarizaci\u00f3n en el pa\u00eds sigue creciendo, los conservadores contra liberales, los de la derecha contra los de la izquierda, estamos entrando a los terrenos pantanosos del desbordamiento de pasiones y corriendo el riesgo de que la realidad nos propine un severo golpe.<\/p>\n<p>Apostarle al despertar del M\u00e9xico bronco, no es el escenario ideal para un pa\u00eds como el nuestro. En fin.<\/p>\n<p><strong>SONORA PRINCIPAL PRODUCTOR DE ENERG\u00cdA SOLAR<\/strong><\/p>\n<p>En temas m\u00e1s locales, relativos a las buenas noticias para la econom\u00eda sonorense, nuestra entidad se consolida como el principal productor de energ\u00eda solar en el pa\u00eds con la inauguraci\u00f3n del Parque Solar Akin, de ENGINE M\u00e9xico en Puerto Libertad a cargo del Gobernador Alfonso Durazo.<\/p>\n<p>Este parque fotovoltaico tuvo una inversi\u00f3n de 112 millones de d\u00f3lares para instalar 390 mil paneles solares, en una superficie de 266 hect\u00e1reas, fue posible a una inversi\u00f3n p\u00fablico privada con Comisi\u00f3n Federal de Electricidad.<\/p>\n<p>Se encuentra localizado cerca de donde se construye la planta de licuefacci\u00f3n de gas natural y forma parte del Plan Sonora de Energ\u00eda, la punta de lanza para la proyecci\u00f3n econ\u00f3mica del estado, planteada por el Gobernador Alfonso Durazo.<\/p>\n<p>La Comisi\u00f3n Nacional Reguladora de Energ\u00eda en Estados Unidos, autoriz\u00f3 la semana pasada, la construcci\u00f3n del gasoducto transfronterizo desde Texas, hasta Puerto Libertad, donde se construir\u00e1 la planta para licuar gas natural para exportar a mercados asi\u00e1ticos v\u00eda mar\u00edtima, esta planta tendr\u00e1 una inversi\u00f3n de 15 mil millones de d\u00f3lares que generar\u00e1 en el mediano plazo, alrededor de 13 mil empleos directos.<\/p>\n<p><strong>ERNESTO G\u00c1NDARA VS JACOBO MENDOZA<\/strong><\/p>\n<p>La definici\u00f3n de las coaliciones pol\u00edticas en las distintas candidaturas, deja un interesante duelo en el Distrito V Federal, Ernesto G\u00e1ndara contra Jacobo Mendoza.<\/p>\n<p>Conversando con el aspirante a la Diputaci\u00f3n Federal por el V Distrito por el PRI, PAN y PRD, Ernesto G\u00e1ndara en la Mesa Kiosco Mayor, nos pasaba el dato, de que, en su trayectoria pol\u00edtica como aspirante a distintos cargos de elecci\u00f3n popular, nunca ha perdido el Distrito V, que tiene 343 mil electores inscritos en el padr\u00f3n y medio mill\u00f3n de habitantes. Ernesto G\u00e1ndara reitera ser un pol\u00edtico de propuestas y no de confrontaciones, que respeta mucho a Jacobo Mendoza, el aspirante por la coalici\u00f3n Morena, PT y Verde Ecologista.<\/p>\n<p>Por otro lado, Jacobo Mendoza es de los Diputados de Morena, que desde su primer d\u00eda como representante popular, abri\u00f3 casa de enlace legislativo, donde semana con semana, realiza actividades de inter\u00e9s para su comunidad, adem\u00e1s de realizar recorridos a las colonias de su distrito. Coincido con varios colegas, que tanto Ernesto G\u00e1ndara como Jacobo Mendoza, tienen un perfil parecidos, son pol\u00edticos de propuestas.<\/p>\n<p>Veremos en el Distrito V, una campa\u00f1a de propuesta y no de ataques, eso creo que lo debemos de agradecer.<\/p>\n<p><strong>RETAZOS INTERESANTES<\/strong><\/p>\n<p>1.- C\u00e9lida L\u00f3pez como cabeza de f\u00f3rmula y Omar del Valle Colosio, fueron registrados como aspirantes al Senado de la Rep\u00fablica por el Partido Verde Ecologista de M\u00e9xico en Sonora.<\/p>\n<p>2.- Los aspirantes a Diputados Federales de la Cuarta Transformaci\u00f3n tambi\u00e9n fueron a formalizar su aspiraci\u00f3n como candidatos ante el Instituto Nacional Electoral. Los m\u00e1s fotografiados fueron Ram\u00f3n Flores, que va por el Distrito IV Jes\u00fas Alfonso Monta\u00f1o que va por el Distrito II; Jacobo Mendoza por el V y Alma Higuera, por el Distrito VII.<\/p>\n<p>Para los amigos de todo el sur de Sonora, los invito a escuchar, SONORA EN RED NOTICIAS, en su nuevo horario a las 6 de la tarde, espacio que comparto con mi amigo Arturo Chapo Soto, por el 93.3 del cuadrante de F.M. informativo que tambi\u00e9n puede ser visto, por la se\u00f1al del canal 14 de Estrella Tucson TV, en todo el sur de Arizona.<\/p>\n<p>Podemos interactuar a trav\u00e9s de mi cuenta de Twitter @feroropeza20 o en mi correo electr\u00f3nico <a href=\"mailto:luiso@hmo.megared.net.mx\">luiso@hmo.megared.net.mx<\/a><\/p>\n<p>&nbsp;<\/p>\n<p><strong>\u00a0<\/strong><\/p>\n","protected":false},"excerpt":{"rendered":"<p>\u00a0 La escena del coraz\u00f3n pol\u00edtico de M\u00e9xico, repleta de personas congregadas para manifestar la defensa de nuestra democracia y gritar consignas convertidas en un coro monumental \u201cnuestra democracia no se toca\u201d y \u201cvoto libre\u201d, era algo inimaginable en nuestras mentes hace tan solo tres a\u00f1os atr\u00e1s. La plancha del z\u00f3calo en la CDMX, se [&hellip;]<\/p>\n","protected":false},"author":1,"featured_media":18539,"comment_status":"open","ping_status":"open","sticky":false,"template":"","format":"standard","meta":{"footnotes":""},"categories":[173],"tags":[],"class_list":["post"],"yoast_head":" \n<title>Y llenaron el Z\u00f3calo - Periodista SoledadDurazo.com<\/title>\n<meta name=\"robots\" content=\"index, follow, max-snippet:-1, max-image-preview:large, max-video-preview:-1\" \/>\n<link rel=\"canonical\" href=\"https:\/\/soledaddurazo.com\/blog\/2024\/02\/19\/y-llenaron-el-zocalo\/\" \/>\n<meta property=\"og:locale\" content=\"es_MX\" \/>\n<meta property=\"og:type\" content=\"article\" \/>\n<meta property=\"og:title\" content=\"Y llenaron el Z\u00f3calo\" \/>\n<meta property=\"og:description\" content=\"\u00a0 La escena del coraz\u00f3n pol\u00edtico de M\u00e9xico, repleta de personas congregadas para manifestar la defensa de nuestra democracia y gritar consignas convertidas en un coro monumental \u201cnuestra democracia no se toca\u201d y \u201cvoto libre\u201d, era algo inimaginable en nuestras mentes hace tan solo tres a\u00f1os atr\u00e1s. La plancha del z\u00f3calo en la CDMX, se [&hellip;]\" \/>\n<meta property=\"og:url\" content=\"https:\/\/soledaddurazo.com\/blog\/2024\/02\/19\/y-llenaron-el-zocalo\/\" \/>\n<meta property=\"og:site_name\" content=\"Periodista SoledadDurazo.com\" \/>\n<meta property=\"article:publisher\" content=\"https:\/\/www.facebook.com\/soledad.durazo.9\/\" \/>\n<meta property=\"article:published_time\" content=\"2024-02-19T14:58:57+00:00\" \/>\n<meta property=\"og:image\" content=\"https:\/\/soledaddurazo.com\/storage\/2023\/09\/9a-GRAFICO-FERNANDO-OROPEZA.jpeg\" \/>\n\t<meta property=\"og:image:width\" content=\"1092\" \/>\n\t<meta property=\"og:image:height\" content=\"983\" \/>\n<meta name=\"twitter:card\" content=\"summary_large_image\" \/>\n<meta name=\"twitter:creator\" content=\"@SoledadDurazo\" \/>\n<meta name=\"twitter:site\" content=\"@SoledadDurazo\" \/>\n<meta name=\"twitter:label1\" content=\"Escrito por\" \/>\n\t<meta name=\"twitter:data1\" content=\"Redacci\u00f3n\" \/>\n\t<meta name=\"twitter:label2\" content=\"Tiempo de lectura\" \/>\n\t<meta name=\"twitter:data2\" content=\"5 minutos\" \/>\n<script type=\"application\/ld+json\" class=\"yoast-schema-graph\">{\"@context\":\"https:\/\/schema.org\",\"@graph\":[{\"@type\":\"Organization\",\"@id\":\"https:\/\/soledaddurazo.com\/#organization\",\"name\":\"Soledad Durazo\",\"url\":\"https:\/\/soledaddurazo.com\/\",\"sameAs\":[\"https:\/\/www.facebook.com\/soledad.durazo.9\/\",\"https:\/\/www.instagram.com\/soledaddurazo\",\"https:\/\/www.youtube.com\/channel\/UC9yGPw8-Vbl_B2XNkRwPS-w\",\"https:\/\/twitter.com\/SoledadDurazo\"],\"logo\":{\"@type\":\"ImageObject\",\"@id\":\"https:\/\/soledaddurazo.com\/#logo\",\"inLanguage\":\"es\",\"url\":\"https:\/\/soledaddurazo.com\/storage\/2021\/11\/nllp-720x375-1-2.png\",\"contentUrl\":\"https:\/\/soledaddurazo.com\/storage\/2021\/11\/nllp-720x375-1-2.png\",\"width\":720,\"height\":375,\"caption\":\"Soledad Durazo\"},\"image\":{\"@id\":\"https:\/\/soledaddurazo.com\/#logo\"}},{\"@type\":\"WebSite\",\"@id\":\"https:\/\/soledaddurazo.com\/#website\",\"url\":\"https:\/\/soledaddurazo.com\/\",\"name\":\"Periodista SoledadDurazo.com\",\"description\":\"Periodista sonorense. Directora de www.SoledadDurazo.com Columnista, conductora de radio y Tv. Catedr\\u00e1tica en la UNISON\",\"publisher\":{\"@id\":\"https:\/\/soledaddurazo.com\/#organization\"},\"potentialAction\":[{\"@type\":\"SearchAction\",\"target\":{\"@type\":\"EntryPoint\",\"urlTemplate\":\"https:\/\/soledaddurazo.com\/?s={search_term_string}\"},\"query-input\":\"required name=search_term_string\"}],\"inLanguage\":\"es\"},{\"@type\":\"ImageObject\",\"@id\":\"https:\/\/soledaddurazo.com\/blog\/2024\/02\/19\/y-llenaron-el-zocalo\/#primaryimage\",\"inLanguage\":\"es\",\"url\":\"https:\/\/soledaddurazo.com\/storage\/2023\/09\/9a-GRAFICO-FERNANDO-OROPEZA.jpeg\",\"contentUrl\":\"https:\/\/soledaddurazo.com\/storage\/2023\/09\/9a-GRAFICO-FERNANDO-OROPEZA.jpeg\",\"width\":1092,\"height\":983},{\"@type\":\"WebPage\",\"@id\":\"https:\/\/soledaddurazo.com\/blog\/2024\/02\/19\/y-llenaron-el-zocalo\/#webpage\",\"url\":\"https:\/\/soledaddurazo.com\/blog\/2024\/02\/19\/y-llenaron-el-zocalo\/\",\"name\":\"Y llenaron el Z\\u00f3calo - Periodista SoledadDurazo.com\",\"isPartOf\":{\"@id\":\"https:\/\/soledaddurazo.com\/#website\"},\"primaryImageOfPage\":{\"@id\":\"https:\/\/soledaddurazo.com\/blog\/2024\/02\/19\/y-llenaron-el-zocalo\/#primaryimage\"},\"datePublished\":\"2024-02-19T14:58:57+00:00\",\"dateModified\":\"2024-02-19T14:58:57+00:00\",\"breadcrumb\":{\"@id\":\"https:\/\/soledaddurazo.com\/blog\/2024\/02\/19\/y-llenaron-el-zocalo\/#breadcrumb\"},\"inLanguage\":\"es\",\"potentialAction\":[{\"@type\":\"ReadAction\",\"target\":[\"https:\/\/soledaddurazo.com\/blog\/2024\/02\/19\/y-llenaron-el-zocalo\/\"]}]},{\"@type\":\"BreadcrumbList\",\"@id\":\"https:\/\/soledaddurazo.com\/blog\/2024\/02\/19\/y-llenaron-el-zocalo\/#breadcrumb\",\"itemListElement\":[{\"@type\":\"ListItem\",\"position\":1,\"name\":\"Home\",\"item\":\"https:\/\/soledaddurazo.com\/\"},{\"@type\":\"ListItem\",\"position\":2,\"name\":\"Y llenaron el Z\\u00f3calo\"}]},{\"@type\":\"Article\",\"@id\":\"https:\/\/soledaddurazo.com\/blog\/2024\/02\/19\/y-llenaron-el-zocalo\/#article\",\"isPartOf\":{\"@id\":\"https:\/\/soledaddurazo.com\/blog\/2024\/02\/19\/y-llenaron-el-zocalo\/#webpage\"},\"author\":{\"@id\":\"https:\/\/soledaddurazo.com\/#\/schema\/person\/822d8e13aa288585e6546f179853758b\"},\"headline\":\"Y llenaron el Z\\u00f3calo\",\"datePublished\":\"2024-02-19T14:58:57+00:00\",\"dateModified\":\"2024-02-19T14:58:57+00:00\",\"mainEntityOfPage\":{\"@id\":\"https:\/\/soledaddurazo.com\/blog\/2024\/02\/19\/y-llenaron-el-zocalo\/#webpage\"},\"wordCount\":1158,\"commentCount\":0,\"publisher\":{\"@id\":\"https:\/\/soledaddurazo.com\/#organization\"},\"image\":{\"@id\":\"https:\/\/soledaddurazo.com\/blog\/2024\/02\/19\/y-llenaron-el-zocalo\/#primaryimage\"},\"thumbnailUrl\":\"https:\/\/soledaddurazo.com\/storage\/2023\/09\/9a-GRAFICO-FERNANDO-OROPEZA.jpeg\",\"articleSection\":[\"Fernando Oropeza\"],\"inLanguage\":\"es\",\"potentialAction\":[{\"@type\":\"CommentAction\",\"name\":\"Comment\",\"target\":[\"https:\/\/soledaddurazo.com\/blog\/2024\/02\/19\/y-llenaron-el-zocalo\/#respond\"]}]},{\"@type\":\"Person\",\"@id\":\"https:\/\/soledaddurazo.com\/#\/schema\/person\/822d8e13aa288585e6546f179853758b\",\"name\":\"Redacci\\u00f3n\",\"image\":{\"@type\":\"ImageObject\",\"@id\":\"https:\/\/soledaddurazo.com\/#personlogo\",\"inLanguage\":\"es\",\"url\":\"https:\/\/secure.gravatar.com\/avatar\/c4e193752f756fd61f04deebed3a3a20dc188d37edb53682d313ac57f2725d54?s=96&d=mm&r=g\",\"contentUrl\":\"https:\/\/secure.gravatar.com\/avatar\/c4e193752f756fd61f04deebed3a3a20dc188d37edb53682d313ac57f2725d54?s=96&d=mm&r=g\",\"caption\":\"Redacci\\u00f3n\"},\"sameAs\":[\"https:\/\/soledaddurazo.com\"]}]}<\/script>\n ","yoast_head_json":{"title":"Y llenaron el Z\u00f3calo - Periodista SoledadDurazo.com","robots":{"index":"index","follow":"follow","max-snippet":"max-snippet:-1","max-image-preview":"max-image-preview:large","max-video-preview":"max-video-preview:-1"},"canonical":"https:\/\/soledaddurazo.com\/blog\/2024\/02\/19\/y-llenaron-el-zocalo\/","og_locale":"es_MX","og_type":"article","og_title":"Y llenaron el Z\u00f3calo","og_description":"\u00a0 La escena del coraz\u00f3n pol\u00edtico de M\u00e9xico, repleta de personas congregadas para manifestar la defensa de nuestra democracia y gritar consignas convertidas en un coro monumental \u201cnuestra democracia no se toca\u201d y \u201cvoto libre\u201d, era algo inimaginable en nuestras mentes hace tan solo tres a\u00f1os atr\u00e1s. La plancha del z\u00f3calo en la CDMX, se [&hellip;]","og_url":"https:\/\/soledaddurazo.com\/blog\/2024\/02\/19\/y-llenaron-el-zocalo\/","og_site_name":"Periodista SoledadDurazo.com","article_publisher":"https:\/\/www.facebook.com\/soledad.durazo.9\/","article_published_time":"2024-02-19T14:58:57+00:00","og_image":[{"width":1092,"height":983,"url":"https:\/\/soledaddurazo.com\/storage\/2023\/09\/9a-GRAFICO-FERNANDO-OROPEZA.jpeg","type":"image\/jpeg"}],"twitter_card":"summary_large_image","twitter_creator":"@SoledadDurazo","twitter_site":"@SoledadDurazo","twitter_misc":{"Escrito por":"Redacci\u00f3n","Tiempo de lectura":"5 minutos"},"schema":{"@context":"https:\/\/schema.org","@graph":[{"@type":"Organization","@id":"https:\/\/soledaddurazo.com\/#organization","name":"Soledad Durazo","url":"https:\/\/soledaddurazo.com\/","sameAs":["https:\/\/www.facebook.com\/soledad.durazo.9\/","https:\/\/www.instagram.com\/soledaddurazo","https:\/\/www.youtube.com\/channel\/UC9yGPw8-Vbl_B2XNkRwPS-w","https:\/\/twitter.com\/SoledadDurazo"],"logo":{"@type":"ImageObject","@id":"https:\/\/soledaddurazo.com\/#logo","inLanguage":"es","url":"https:\/\/soledaddurazo.com\/storage\/2021\/11\/nllp-720x375-1-2.png","contentUrl":"https:\/\/soledaddurazo.com\/storage\/2021\/11\/nllp-720x375-1-2.png","width":720,"height":375,"caption":"Soledad Durazo"},"image":{"@id":"https:\/\/soledaddurazo.com\/#logo"}},{"@type":"WebSite","@id":"https:\/\/soledaddurazo.com\/#website","url":"https:\/\/soledaddurazo.com\/","name":"Periodista SoledadDurazo.com","description":"Periodista sonorense. Directora de www.SoledadDurazo.com Columnista, conductora de radio y Tv. Catedr\u00e1tica en la UNISON","publisher":{"@id":"https:\/\/soledaddurazo.com\/#organization"},"potentialAction":[{"@type":"SearchAction","target":{"@type":"EntryPoint","urlTemplate":"https:\/\/soledaddurazo.com\/?s={search_term_string}"},"query-input":"required name=search_term_string"}],"inLanguage":"es"},{"@type":"ImageObject","@id":"https:\/\/soledaddurazo.com\/blog\/2024\/02\/19\/y-llenaron-el-zocalo\/#primaryimage","inLanguage":"es","url":"https:\/\/soledaddurazo.com\/storage\/2023\/09\/9a-GRAFICO-FERNANDO-OROPEZA.jpeg","contentUrl":"https:\/\/soledaddurazo.com\/storage\/2023\/09\/9a-GRAFICO-FERNANDO-OROPEZA.jpeg","width":1092,"height":983},{"@type":"WebPage","@id":"https:\/\/soledaddurazo.com\/blog\/2024\/02\/19\/y-llenaron-el-zocalo\/#webpage","url":"https:\/\/soledaddurazo.com\/blog\/2024\/02\/19\/y-llenaron-el-zocalo\/","name":"Y llenaron el Z\u00f3calo - Periodista SoledadDurazo.com","isPartOf":{"@id":"https:\/\/soledaddurazo.com\/#website"},"primaryImageOfPage":{"@id":"https:\/\/soledaddurazo.com\/blog\/2024\/02\/19\/y-llenaron-el-zocalo\/#primaryimage"},"datePublished":"2024-02-19T14:58:57+00:00","dateModified":"2024-02-19T14:58:57+00:00","breadcrumb":{"@id":"https:\/\/soledaddurazo.com\/blog\/2024\/02\/19\/y-llenaron-el-zocalo\/#breadcrumb"},"inLanguage":"es","potentialAction":[{"@type":"ReadAction","target":["https:\/\/soledaddurazo.com\/blog\/2024\/02\/19\/y-llenaron-el-zocalo\/"]}]},{"@type":"BreadcrumbList","@id":"https:\/\/soledaddurazo.com\/blog\/2024\/02\/19\/y-llenaron-el-zocalo\/#breadcrumb","itemListElement":[{"@type":"ListItem","position":1,"name":"Home","item":"https:\/\/soledaddurazo.com\/"},{"@type":"ListItem","position":2,"name":"Y llenaron el Z\u00f3calo"}]},{"@type":"Article","@id":"https:\/\/soledaddurazo.com\/blog\/2024\/02\/19\/y-llenaron-el-zocalo\/#article","isPartOf":{"@id":"https:\/\/soledaddurazo.com\/blog\/2024\/02\/19\/y-llenaron-el-zocalo\/#webpage"},"author":{"@id":"https:\/\/soledaddurazo.com\/#\/schema\/person\/822d8e13aa288585e6546f179853758b"},"headline":"Y llenaron el Z\u00f3calo","datePublished":"2024-02-19T14:58:57+00:00","dateModified":"2024-02-19T14:58:57+00:00","mainEntityOfPage":{"@id":"https:\/\/soledaddurazo.com\/blog\/2024\/02\/19\/y-llenaron-el-zocalo\/#webpage"},"wordCount":1158,"commentCount":0,"publisher":{"@id":"https:\/\/soledaddurazo.com\/#organization"},"image":{"@id":"https:\/\/soledaddurazo.com\/blog\/2024\/02\/19\/y-llenaron-el-zocalo\/#primaryimage"},"thumbnailUrl":"https:\/\/soledaddurazo.com\/storage\/2023\/09\/9a-GRAFICO-FERNANDO-OROPEZA.jpeg","articleSection":["Fernando Oropeza"],"inLanguage":"es","potentialAction":[{"@type":"CommentAction","name":"Comment","target":["https:\/\/soledaddurazo.com\/blog\/2024\/02\/19\/y-llenaron-el-zocalo\/#respond"]}]},{"@type":"Person","@id":"https:\/\/soledaddurazo.com\/#\/schema\/person\/822d8e13aa288585e6546f179853758b","name":"Redacci\u00f3n","image":{"@type":"ImageObject","@id":"https:\/\/soledaddurazo.com\/#personlogo","inLanguage":"es","url":"https:\/\/secure.gravatar.com\/avatar\/c4e193752f756fd61f04deebed3a3a20dc188d37edb53682d313ac57f2725d54?s=96&d=mm&r=g","contentUrl":"https:\/\/secure.gravatar.com\/avatar\/c4e193752f756fd61f04deebed3a3a20dc188d37edb53682d313ac57f2725d54?s=96&d=mm&r=g","caption":"Redacci\u00f3n"},"sameAs":["https:\/\/soledaddurazo.com"]}]}},"_links":{"self":[{"href":"https:\/\/soledaddurazo.com\/api\/wp\/v2\/posts\/19663","targetHints":{"allow":["GET"]}}],"collection":[{"href":"https:\/\/soledaddurazo.com\/api\/wp\/v2\/posts"}],"about":[{"href":"https:\/\/soledaddurazo.com\/api\/wp\/v2\/types\/post"}],"author":[{"embeddable":true,"href":"https:\/\/soledaddurazo.com\/api\/wp\/v2\/users\/1"}],"replies":[{"embeddable":true,"href":"https:\/\/soledaddurazo.com\/api\/wp\/v2\/comments?post=19663"}],"version-history":[{"count":1,"href":"https:\/\/soledaddurazo.com\/api\/wp\/v2\/posts\/19663\/revisions"}],"predecessor-version":[{"id":19665,"href":"https:\/\/soledaddurazo.com\/api\/wp\/v2\/posts\/19663\/revisions\/19665"}],"wp:featuredmedia":[{"embeddable":true,"href":"https:\/\/soledaddurazo.com\/api\/wp\/v2\/media\/18539"}],"wp:attachment":[{"href":"https:\/\/soledaddurazo.com\/api\/wp\/v2\/media?parent=19663"}],"wp:term":[{"taxonomy":"category","embeddable":true,"href":"https:\/\/soledaddurazo.com\/api\/wp\/v2\/categories?post=19663"},{"taxonomy":"post_tag","embeddable":true,"href":"https:\/\/soledaddurazo.com\/api\/wp\/v2\/tags?post=19663"}],"curies":[{"name":"wp","href":"https:\/\/api.w.org\/{rel}","templated":true}]}}