{"id":19620,"date":"2024-02-08T16:31:05","date_gmt":"2024-02-08T23:31:05","guid":{"rendered":"https:\/\/soledaddurazo.com\/?p=19620"},"modified":"2024-02-08T16:31:05","modified_gmt":"2024-02-08T23:31:05","slug":"hagamos-de-hermosillo-un-jardin-nativo","status":"publish","type":"post","link":"https:\/\/soledaddurazo.com\/blog\/2024\/02\/08\/hagamos-de-hermosillo-un-jardin-nativo\/","title":{"rendered":"Hagamos de Hermosillo un jard\u00edn Nativo"},"content":{"rendered":"<p>El Vivero Municipal de Hermosillo abrir\u00e1 sus puertas este viernes 9 de febrero de las 9:00 a las 16:00 horas a todas las ciudadanas y ciudadanos con inter\u00e9s en llevarse un arbolito para plantarlo en sus hogares o \u00e1reas cercanas.<\/p>\n<p>Mar\u00eda Amparo Fontanot, directora de Parques y Jardines y Rams\u00e9s Rodr\u00edguez, especialista en reproducci\u00f3n de plantas nativas del Vivero Municipal, invitaron a la poblaci\u00f3n en general a esta primera jornada de Yo Planto Nativo del 2024.<\/p>\n<p>La cita es en la avenida Morelia, esquina con calle De la Palma, en la colonia Casa Blanca, donde quienes acudan podr\u00e1n elegir alguno de los alrededor de 500 ejemplares que estar\u00e1n disponibles, para lo cual recomendaron registrarse previamente a trav\u00e9s del enlace https:\/\/vivero-municipal-hmo.idloom.events\/yo-planto-nativo-vivero.<\/p>\n<p>El registro electr\u00f3nico favorece que las ciudadanas y ciudadanos reciban su arbolito de forma r\u00e1pida y ordenada y tambi\u00e9n posibilita el contacto para fines de seguimiento y asesor\u00eda en caso necesario, explicaron.<\/p>\n<p>Este viernes 9 de febrero estar\u00e1n disponibles especies ya conocidas como el palo verde, palo fierro y mezquite y otras de reciente producci\u00f3n en el vivero que ser\u00e1n el Mimbre, Palo Colorado y Tabebuia, detall\u00f3 Rams\u00e9s Ram\u00edrez.<\/p>\n<p>Ambos funcionarios hicieron notar que para el Gobierno Municipal que encabeza To\u00f1o Astiazar\u00e1n es muy importante que la forestaci\u00f3n en espacios tanto p\u00fablicos como privados sea con \u00e1rboles nativos ya que requieren poca agua y m\u00ednimo mantenimiento para sobrevivir y crecer.<\/p>\n","protected":false},"excerpt":{"rendered":"<p>El Vivero Municipal de Hermosillo abrir\u00e1 sus puertas este viernes 9 de febrero de las 9:00 a las 16:00 horas a todas las ciudadanas y ciudadanos con inter\u00e9s en llevarse un arbolito para plantarlo en sus hogares o \u00e1reas cercanas. Mar\u00eda Amparo Fontanot, directora de Parques y Jardines y Rams\u00e9s Rodr\u00edguez, especialista en reproducci\u00f3n de [&hellip;]<\/p>\n","protected":false},"author":1,"featured_media":19621,"comment_status":"open","ping_status":"open","sticky":false,"template":"","format":"standard","meta":{"footnotes":""},"categories":[159],"tags":[],"class_list":["post"],"yoast_head":" \n<title>Hagamos de Hermosillo un jard\u00edn Nativo - Periodista SoledadDurazo.com<\/title>\n<meta name=\"robots\" content=\"index, follow, max-snippet:-1, max-image-preview:large, max-video-preview:-1\" \/>\n<link rel=\"canonical\" href=\"https:\/\/soledaddurazo.com\/blog\/2024\/02\/08\/hagamos-de-hermosillo-un-jardin-nativo\/\" \/>\n<meta property=\"og:locale\" content=\"es_MX\" \/>\n<meta property=\"og:type\" content=\"article\" \/>\n<meta property=\"og:title\" content=\"Hagamos de Hermosillo un jard\u00edn Nativo\" \/>\n<meta property=\"og:description\" content=\"El Vivero Municipal de Hermosillo abrir\u00e1 sus puertas este viernes 9 de febrero de las 9:00 a las 16:00 horas a todas las ciudadanas y ciudadanos con inter\u00e9s en llevarse un arbolito para plantarlo en sus hogares o \u00e1reas cercanas. Mar\u00eda Amparo Fontanot, directora de Parques y Jardines y Rams\u00e9s Rodr\u00edguez, especialista en reproducci\u00f3n de [&hellip;]\" \/>\n<meta property=\"og:url\" content=\"https:\/\/soledaddurazo.com\/blog\/2024\/02\/08\/hagamos-de-hermosillo-un-jardin-nativo\/\" \/>\n<meta property=\"og:site_name\" content=\"Periodista SoledadDurazo.com\" \/>\n<meta property=\"article:publisher\" content=\"https:\/\/www.facebook.com\/soledad.durazo.9\/\" \/>\n<meta property=\"article:published_time\" content=\"2024-02-08T23:31:05+00:00\" \/>\n<meta property=\"og:image\" content=\"https:\/\/soledaddurazo.com\/storage\/2024\/02\/arboles-08082018ej-05-focus-0-0-1300-866.jpg\" \/>\n\t<meta property=\"og:image:width\" content=\"729\" \/>\n\t<meta property=\"og:image:height\" content=\"408\" \/>\n<meta name=\"twitter:card\" content=\"summary_large_image\" \/>\n<meta name=\"twitter:creator\" content=\"@SoledadDurazo\" \/>\n<meta name=\"twitter:site\" content=\"@SoledadDurazo\" \/>\n<meta name=\"twitter:label1\" content=\"Escrito por\" \/>\n\t<meta name=\"twitter:data1\" content=\"Redacci\u00f3n\" \/>\n\t<meta name=\"twitter:label2\" content=\"Tiempo de lectura\" \/>\n\t<meta name=\"twitter:data2\" content=\"2 minutos\" \/>\n<script type=\"application\/ld+json\" class=\"yoast-schema-graph\">{\"@context\":\"https:\/\/schema.org\",\"@graph\":[{\"@type\":\"Organization\",\"@id\":\"https:\/\/soledaddurazo.com\/#organization\",\"name\":\"Soledad Durazo\",\"url\":\"https:\/\/soledaddurazo.com\/\",\"sameAs\":[\"https:\/\/www.facebook.com\/soledad.durazo.9\/\",\"https:\/\/www.instagram.com\/soledaddurazo\",\"https:\/\/www.youtube.com\/channel\/UC9yGPw8-Vbl_B2XNkRwPS-w\",\"https:\/\/twitter.com\/SoledadDurazo\"],\"logo\":{\"@type\":\"ImageObject\",\"@id\":\"https:\/\/soledaddurazo.com\/#logo\",\"inLanguage\":\"es\",\"url\":\"https:\/\/soledaddurazo.com\/storage\/2021\/11\/nllp-720x375-1-2.png\",\"contentUrl\":\"https:\/\/soledaddurazo.com\/storage\/2021\/11\/nllp-720x375-1-2.png\",\"width\":720,\"height\":375,\"caption\":\"Soledad Durazo\"},\"image\":{\"@id\":\"https:\/\/soledaddurazo.com\/#logo\"}},{\"@type\":\"WebSite\",\"@id\":\"https:\/\/soledaddurazo.com\/#website\",\"url\":\"https:\/\/soledaddurazo.com\/\",\"name\":\"Periodista SoledadDurazo.com\",\"description\":\"Periodista sonorense. Directora de www.SoledadDurazo.com Columnista, conductora de radio y Tv. Catedr\\u00e1tica en la UNISON\",\"publisher\":{\"@id\":\"https:\/\/soledaddurazo.com\/#organization\"},\"potentialAction\":[{\"@type\":\"SearchAction\",\"target\":{\"@type\":\"EntryPoint\",\"urlTemplate\":\"https:\/\/soledaddurazo.com\/?s={search_term_string}\"},\"query-input\":\"required name=search_term_string\"}],\"inLanguage\":\"es\"},{\"@type\":\"ImageObject\",\"@id\":\"https:\/\/soledaddurazo.com\/blog\/2024\/02\/08\/hagamos-de-hermosillo-un-jardin-nativo\/#primaryimage\",\"inLanguage\":\"es\",\"url\":\"https:\/\/soledaddurazo.com\/storage\/2024\/02\/arboles-08082018ej-05-focus-0-0-1300-866.jpg\",\"contentUrl\":\"https:\/\/soledaddurazo.com\/storage\/2024\/02\/arboles-08082018ej-05-focus-0-0-1300-866.jpg\",\"width\":729,\"height\":408},{\"@type\":\"WebPage\",\"@id\":\"https:\/\/soledaddurazo.com\/blog\/2024\/02\/08\/hagamos-de-hermosillo-un-jardin-nativo\/#webpage\",\"url\":\"https:\/\/soledaddurazo.com\/blog\/2024\/02\/08\/hagamos-de-hermosillo-un-jardin-nativo\/\",\"name\":\"Hagamos de Hermosillo un jard\\u00edn Nativo - Periodista SoledadDurazo.com\",\"isPartOf\":{\"@id\":\"https:\/\/soledaddurazo.com\/#website\"},\"primaryImageOfPage\":{\"@id\":\"https:\/\/soledaddurazo.com\/blog\/2024\/02\/08\/hagamos-de-hermosillo-un-jardin-nativo\/#primaryimage\"},\"datePublished\":\"2024-02-08T23:31:05+00:00\",\"dateModified\":\"2024-02-08T23:31:05+00:00\",\"breadcrumb\":{\"@id\":\"https:\/\/soledaddurazo.com\/blog\/2024\/02\/08\/hagamos-de-hermosillo-un-jardin-nativo\/#breadcrumb\"},\"inLanguage\":\"es\",\"potentialAction\":[{\"@type\":\"ReadAction\",\"target\":[\"https:\/\/soledaddurazo.com\/blog\/2024\/02\/08\/hagamos-de-hermosillo-un-jardin-nativo\/\"]}]},{\"@type\":\"BreadcrumbList\",\"@id\":\"https:\/\/soledaddurazo.com\/blog\/2024\/02\/08\/hagamos-de-hermosillo-un-jardin-nativo\/#breadcrumb\",\"itemListElement\":[{\"@type\":\"ListItem\",\"position\":1,\"name\":\"Home\",\"item\":\"https:\/\/soledaddurazo.com\/\"},{\"@type\":\"ListItem\",\"position\":2,\"name\":\"Hagamos de Hermosillo un jard\\u00edn Nativo\"}]},{\"@type\":\"Article\",\"@id\":\"https:\/\/soledaddurazo.com\/blog\/2024\/02\/08\/hagamos-de-hermosillo-un-jardin-nativo\/#article\",\"isPartOf\":{\"@id\":\"https:\/\/soledaddurazo.com\/blog\/2024\/02\/08\/hagamos-de-hermosillo-un-jardin-nativo\/#webpage\"},\"author\":{\"@id\":\"https:\/\/soledaddurazo.com\/#\/schema\/person\/822d8e13aa288585e6546f179853758b\"},\"headline\":\"Hagamos de Hermosillo un jard\\u00edn Nativo\",\"datePublished\":\"2024-02-08T23:31:05+00:00\",\"dateModified\":\"2024-02-08T23:31:05+00:00\",\"mainEntityOfPage\":{\"@id\":\"https:\/\/soledaddurazo.com\/blog\/2024\/02\/08\/hagamos-de-hermosillo-un-jardin-nativo\/#webpage\"},\"wordCount\":258,\"commentCount\":0,\"publisher\":{\"@id\":\"https:\/\/soledaddurazo.com\/#organization\"},\"image\":{\"@id\":\"https:\/\/soledaddurazo.com\/blog\/2024\/02\/08\/hagamos-de-hermosillo-un-jardin-nativo\/#primaryimage\"},\"thumbnailUrl\":\"https:\/\/soledaddurazo.com\/storage\/2024\/02\/arboles-08082018ej-05-focus-0-0-1300-866.jpg\",\"articleSection\":[\"Mi Sonora\"],\"inLanguage\":\"es\",\"potentialAction\":[{\"@type\":\"CommentAction\",\"name\":\"Comment\",\"target\":[\"https:\/\/soledaddurazo.com\/blog\/2024\/02\/08\/hagamos-de-hermosillo-un-jardin-nativo\/#respond\"]}]},{\"@type\":\"Person\",\"@id\":\"https:\/\/soledaddurazo.com\/#\/schema\/person\/822d8e13aa288585e6546f179853758b\",\"name\":\"Redacci\\u00f3n\",\"image\":{\"@type\":\"ImageObject\",\"@id\":\"https:\/\/soledaddurazo.com\/#personlogo\",\"inLanguage\":\"es\",\"url\":\"https:\/\/secure.gravatar.com\/avatar\/c4e193752f756fd61f04deebed3a3a20dc188d37edb53682d313ac57f2725d54?s=96&d=mm&r=g\",\"contentUrl\":\"https:\/\/secure.gravatar.com\/avatar\/c4e193752f756fd61f04deebed3a3a20dc188d37edb53682d313ac57f2725d54?s=96&d=mm&r=g\",\"caption\":\"Redacci\\u00f3n\"},\"sameAs\":[\"https:\/\/soledaddurazo.com\"]}]}<\/script>\n ","yoast_head_json":{"title":"Hagamos de Hermosillo un jard\u00edn Nativo - Periodista SoledadDurazo.com","robots":{"index":"index","follow":"follow","max-snippet":"max-snippet:-1","max-image-preview":"max-image-preview:large","max-video-preview":"max-video-preview:-1"},"canonical":"https:\/\/soledaddurazo.com\/blog\/2024\/02\/08\/hagamos-de-hermosillo-un-jardin-nativo\/","og_locale":"es_MX","og_type":"article","og_title":"Hagamos de Hermosillo un jard\u00edn Nativo","og_description":"El Vivero Municipal de Hermosillo abrir\u00e1 sus puertas este viernes 9 de febrero de las 9:00 a las 16:00 horas a todas las ciudadanas y ciudadanos con inter\u00e9s en llevarse un arbolito para plantarlo en sus hogares o \u00e1reas cercanas. Mar\u00eda Amparo Fontanot, directora de Parques y Jardines y Rams\u00e9s Rodr\u00edguez, especialista en reproducci\u00f3n de [&hellip;]","og_url":"https:\/\/soledaddurazo.com\/blog\/2024\/02\/08\/hagamos-de-hermosillo-un-jardin-nativo\/","og_site_name":"Periodista SoledadDurazo.com","article_publisher":"https:\/\/www.facebook.com\/soledad.durazo.9\/","article_published_time":"2024-02-08T23:31:05+00:00","og_image":[{"width":729,"height":408,"url":"https:\/\/soledaddurazo.com\/storage\/2024\/02\/arboles-08082018ej-05-focus-0-0-1300-866.jpg","type":"image\/jpeg"}],"twitter_card":"summary_large_image","twitter_creator":"@SoledadDurazo","twitter_site":"@SoledadDurazo","twitter_misc":{"Escrito por":"Redacci\u00f3n","Tiempo de lectura":"2 minutos"},"schema":{"@context":"https:\/\/schema.org","@graph":[{"@type":"Organization","@id":"https:\/\/soledaddurazo.com\/#organization","name":"Soledad Durazo","url":"https:\/\/soledaddurazo.com\/","sameAs":["https:\/\/www.facebook.com\/soledad.durazo.9\/","https:\/\/www.instagram.com\/soledaddurazo","https:\/\/www.youtube.com\/channel\/UC9yGPw8-Vbl_B2XNkRwPS-w","https:\/\/twitter.com\/SoledadDurazo"],"logo":{"@type":"ImageObject","@id":"https:\/\/soledaddurazo.com\/#logo","inLanguage":"es","url":"https:\/\/soledaddurazo.com\/storage\/2021\/11\/nllp-720x375-1-2.png","contentUrl":"https:\/\/soledaddurazo.com\/storage\/2021\/11\/nllp-720x375-1-2.png","width":720,"height":375,"caption":"Soledad Durazo"},"image":{"@id":"https:\/\/soledaddurazo.com\/#logo"}},{"@type":"WebSite","@id":"https:\/\/soledaddurazo.com\/#website","url":"https:\/\/soledaddurazo.com\/","name":"Periodista SoledadDurazo.com","description":"Periodista sonorense. Directora de www.SoledadDurazo.com Columnista, conductora de radio y Tv. Catedr\u00e1tica en la UNISON","publisher":{"@id":"https:\/\/soledaddurazo.com\/#organization"},"potentialAction":[{"@type":"SearchAction","target":{"@type":"EntryPoint","urlTemplate":"https:\/\/soledaddurazo.com\/?s={search_term_string}"},"query-input":"required name=search_term_string"}],"inLanguage":"es"},{"@type":"ImageObject","@id":"https:\/\/soledaddurazo.com\/blog\/2024\/02\/08\/hagamos-de-hermosillo-un-jardin-nativo\/#primaryimage","inLanguage":"es","url":"https:\/\/soledaddurazo.com\/storage\/2024\/02\/arboles-08082018ej-05-focus-0-0-1300-866.jpg","contentUrl":"https:\/\/soledaddurazo.com\/storage\/2024\/02\/arboles-08082018ej-05-focus-0-0-1300-866.jpg","width":729,"height":408},{"@type":"WebPage","@id":"https:\/\/soledaddurazo.com\/blog\/2024\/02\/08\/hagamos-de-hermosillo-un-jardin-nativo\/#webpage","url":"https:\/\/soledaddurazo.com\/blog\/2024\/02\/08\/hagamos-de-hermosillo-un-jardin-nativo\/","name":"Hagamos de Hermosillo un jard\u00edn Nativo - Periodista SoledadDurazo.com","isPartOf":{"@id":"https:\/\/soledaddurazo.com\/#website"},"primaryImageOfPage":{"@id":"https:\/\/soledaddurazo.com\/blog\/2024\/02\/08\/hagamos-de-hermosillo-un-jardin-nativo\/#primaryimage"},"datePublished":"2024-02-08T23:31:05+00:00","dateModified":"2024-02-08T23:31:05+00:00","breadcrumb":{"@id":"https:\/\/soledaddurazo.com\/blog\/2024\/02\/08\/hagamos-de-hermosillo-un-jardin-nativo\/#breadcrumb"},"inLanguage":"es","potentialAction":[{"@type":"ReadAction","target":["https:\/\/soledaddurazo.com\/blog\/2024\/02\/08\/hagamos-de-hermosillo-un-jardin-nativo\/"]}]},{"@type":"BreadcrumbList","@id":"https:\/\/soledaddurazo.com\/blog\/2024\/02\/08\/hagamos-de-hermosillo-un-jardin-nativo\/#breadcrumb","itemListElement":[{"@type":"ListItem","position":1,"name":"Home","item":"https:\/\/soledaddurazo.com\/"},{"@type":"ListItem","position":2,"name":"Hagamos de Hermosillo un jard\u00edn Nativo"}]},{"@type":"Article","@id":"https:\/\/soledaddurazo.com\/blog\/2024\/02\/08\/hagamos-de-hermosillo-un-jardin-nativo\/#article","isPartOf":{"@id":"https:\/\/soledaddurazo.com\/blog\/2024\/02\/08\/hagamos-de-hermosillo-un-jardin-nativo\/#webpage"},"author":{"@id":"https:\/\/soledaddurazo.com\/#\/schema\/person\/822d8e13aa288585e6546f179853758b"},"headline":"Hagamos de Hermosillo un jard\u00edn Nativo","datePublished":"2024-02-08T23:31:05+00:00","dateModified":"2024-02-08T23:31:05+00:00","mainEntityOfPage":{"@id":"https:\/\/soledaddurazo.com\/blog\/2024\/02\/08\/hagamos-de-hermosillo-un-jardin-nativo\/#webpage"},"wordCount":258,"commentCount":0,"publisher":{"@id":"https:\/\/soledaddurazo.com\/#organization"},"image":{"@id":"https:\/\/soledaddurazo.com\/blog\/2024\/02\/08\/hagamos-de-hermosillo-un-jardin-nativo\/#primaryimage"},"thumbnailUrl":"https:\/\/soledaddurazo.com\/storage\/2024\/02\/arboles-08082018ej-05-focus-0-0-1300-866.jpg","articleSection":["Mi Sonora"],"inLanguage":"es","potentialAction":[{"@type":"CommentAction","name":"Comment","target":["https:\/\/soledaddurazo.com\/blog\/2024\/02\/08\/hagamos-de-hermosillo-un-jardin-nativo\/#respond"]}]},{"@type":"Person","@id":"https:\/\/soledaddurazo.com\/#\/schema\/person\/822d8e13aa288585e6546f179853758b","name":"Redacci\u00f3n","image":{"@type":"ImageObject","@id":"https:\/\/soledaddurazo.com\/#personlogo","inLanguage":"es","url":"https:\/\/secure.gravatar.com\/avatar\/c4e193752f756fd61f04deebed3a3a20dc188d37edb53682d313ac57f2725d54?s=96&d=mm&r=g","contentUrl":"https:\/\/secure.gravatar.com\/avatar\/c4e193752f756fd61f04deebed3a3a20dc188d37edb53682d313ac57f2725d54?s=96&d=mm&r=g","caption":"Redacci\u00f3n"},"sameAs":["https:\/\/soledaddurazo.com"]}]}},"_links":{"self":[{"href":"https:\/\/soledaddurazo.com\/api\/wp\/v2\/posts\/19620","targetHints":{"allow":["GET"]}}],"collection":[{"href":"https:\/\/soledaddurazo.com\/api\/wp\/v2\/posts"}],"about":[{"href":"https:\/\/soledaddurazo.com\/api\/wp\/v2\/types\/post"}],"author":[{"embeddable":true,"href":"https:\/\/soledaddurazo.com\/api\/wp\/v2\/users\/1"}],"replies":[{"embeddable":true,"href":"https:\/\/soledaddurazo.com\/api\/wp\/v2\/comments?post=19620"}],"version-history":[{"count":1,"href":"https:\/\/soledaddurazo.com\/api\/wp\/v2\/posts\/19620\/revisions"}],"predecessor-version":[{"id":19622,"href":"https:\/\/soledaddurazo.com\/api\/wp\/v2\/posts\/19620\/revisions\/19622"}],"wp:featuredmedia":[{"embeddable":true,"href":"https:\/\/soledaddurazo.com\/api\/wp\/v2\/media\/19621"}],"wp:attachment":[{"href":"https:\/\/soledaddurazo.com\/api\/wp\/v2\/media?parent=19620"}],"wp:term":[{"taxonomy":"category","embeddable":true,"href":"https:\/\/soledaddurazo.com\/api\/wp\/v2\/categories?post=19620"},{"taxonomy":"post_tag","embeddable":true,"href":"https:\/\/soledaddurazo.com\/api\/wp\/v2\/tags?post=19620"}],"curies":[{"name":"wp","href":"https:\/\/api.w.org\/{rel}","templated":true}]}}