{"id":19610,"date":"2024-02-08T07:53:15","date_gmt":"2024-02-08T14:53:15","guid":{"rendered":"https:\/\/soledaddurazo.com\/?p=19610"},"modified":"2024-02-08T07:58:41","modified_gmt":"2024-02-08T14:58:41","slug":"alto-el-indice-de-productividad-legislativo-de-natalia-rivera","status":"publish","type":"post","link":"https:\/\/soledaddurazo.com\/blog\/2024\/02\/08\/alto-el-indice-de-productividad-legislativo-de-natalia-rivera\/","title":{"rendered":"Alto el \u00edndice de Productividad Legislativo de Natalia Rivera"},"content":{"rendered":"<p><a href=\"https:\/\/soledaddurazo.com\/storage\/2024\/02\/Screenshot_2024-02-08-07-55-38-476_com.microsoft.office.officehubrow.jpg\"><img loading=\"lazy\" decoding=\"async\" class=\"aligncenter size-full wp-image-19613\" src=\"https:\/\/soledaddurazo.com\/storage\/2024\/02\/Screenshot_2024-02-08-07-55-38-476_com.microsoft.office.officehubrow.jpg\" alt=\"\" width=\"971\" height=\"996\" srcset=\"https:\/\/soledaddurazo.com\/storage\/2024\/02\/Screenshot_2024-02-08-07-55-38-476_com.microsoft.office.officehubrow.jpg 971w, https:\/\/soledaddurazo.com\/storage\/2024\/02\/Screenshot_2024-02-08-07-55-38-476_com.microsoft.office.officehubrow-292x300.jpg 292w, https:\/\/soledaddurazo.com\/storage\/2024\/02\/Screenshot_2024-02-08-07-55-38-476_com.microsoft.office.officehubrow-768x788.jpg 768w, https:\/\/soledaddurazo.com\/storage\/2024\/02\/Screenshot_2024-02-08-07-55-38-476_com.microsoft.office.officehubrow-600x615.jpg 600w, https:\/\/soledaddurazo.com\/storage\/2024\/02\/Screenshot_2024-02-08-07-55-38-476_com.microsoft.office.officehubrow-750x769.jpg 750w\" sizes=\"auto, (max-width: 971px) 100vw, 971px\" \/><\/a><\/p>\n<p>Despu\u00e9s de que M\u00e9xico padeciera en 2023, el a\u00f1o m\u00e1s seco, con el menor volumen de precipitaciones pluviales desde que se toman mediciones en la Comisi\u00f3n Nacional del Agua, la sequ\u00eda es otro problema que deber\u00e1n de enfrentar los estados y la federaci\u00f3n en los meses por venir, pues los embalses de presas, r\u00edos y otras fuentes de suministro del vital l\u00edquido, han disminuido considerablemente.<\/p>\n<p>El desabasto ha llegado a la zona metropolitana del Valle de M\u00e9xico que cuenta con m\u00e1s de 22 millones de habitantes, en la CDMX, diez Alcald\u00edas presentan cortes programados en el servicio de agua y las protestas han llegado hasta las calles de la capital del pa\u00eds, a nuestros hermanos chilangos les est\u00e1n aplicando tandeos, definitivamente abrir la llave y que no salga agua, altera la vida diaria del ser humano. Si no llueve considerablemente, las reservas de agua disponible, alcanzan hasta la primera quincena del mes de junio, la situaci\u00f3n es verdaderamente grave.<\/p>\n<p>Desde hace m\u00e1s de cuatro d\u00e9cadas, Hermosillo viene padeciendo repetidas crisis del agua, vivimos en el desierto y la soluci\u00f3n definitiva para este problema, construir una planta desalinizadora, se ha detenido por cuestiones pol\u00edticas.<\/p>\n<p>Las reciente lluvias en\u00a0 todo el estado y las nevadas en la sierra, prometen una buena temporada de aguas, eso alivia un poco la situaci\u00f3n para Hermosillo. Arrancando el a\u00f1o, Renato Ulloa, Director de Agua de Hermosillo, descartaba desabasto de agua para el verano, el Gobierno del Estado realiz\u00f3 obras en el Acueducto Independencia, para extraer agua aun cuando el embalse de la presa El Novillo, no rebase un d\u00edgito. Renato Ulloa reconoci\u00f3 su preocupaci\u00f3n, por el embalse casi en cero de la presa El Molinito, que aporta el 30% del agua que consumimos los hermosillenses.<\/p>\n<p>A pesar de que somos animales del desierto, la comunidad cient\u00edfica, ni los empresarios organizados y desorganizados, ni los tres \u00f3rdenes de gobierno, han demostrado inter\u00e9s por abordar en conjunto, la problem\u00e1tica del abasto de agua en Hermosillo.<\/p>\n<p>Desde luego que los tres \u00f3rdenes de gobierno juegan un papel protag\u00f3nico en la soluci\u00f3n del problema, como catalizador en este proceso para amalgamar esfuerzos desde amplios sectores de la sociedad.<\/p>\n<p>Hermosillo es una ciudad con pocas fuentes de agua potable, al igual que muchas otras ciudades del estado, a esto hay que sumar que se desperdicia, como si sobrara.<\/p>\n<p>Desde el Congreso del Estado, la Diputada Natalia Rivera, sigue demostrando su compromiso social sobre esta problem\u00e1tica, en el mes de diciembre pasado, present\u00f3 una iniciativa para reformar la Ley de Vivienda y la Ley de Aguas del Estado, para promover la implementaci\u00f3n de sistemas de reciclaje de aguas grises en los hogares del estado, que garanticen ahorro en el consumo y garantice un segundo uso en el riego de \u00e1reas verdes, jardines, tan escasos en los \u00faltimos a\u00f1os en nuestra ciudad, adem\u00e1s de utilizarla para diversas labores de limpieza.<\/p>\n<p>Al retomar el trabajo legislativo los Diputados del Congreso del Estado en el segundo periodo ordinario del tercer a\u00f1o de la actual legislatura, Natalia Rivera comienza con el pie derecho refrendando su etiqueta de legisladora con un elevado nivel de productividad, esto lo hace presentando iniciativas con un enfoque social muy especial, que nos representa a muchos ciudadanos de a pie.<\/p>\n<p>\u00bfQui\u00e9n no ha lidiado con la monserga de gastar un dineral en pago de estacionamientos y se ha sentido ultrajado por abusivos comerciantes que hacen su agosto todo el a\u00f1o, solapados por autoridades permisivas?<\/p>\n<p>Natalia Rivera busca con la iniciativa presentada, poner un alto a los abusos en cobros por estacionarse en zonas comerciales, lugares de recreaci\u00f3n, edificios p\u00fablicos y privados, hacer realidad los estacionamientos gratuitos y, apoyar la econom\u00eda del ya muy bolseado ciudadano.<\/p>\n<p>Esta iniciativa tiene muchos beneficios por el lado que se le aborde, ser\u00e1 llevada en Parlamento Abierto a distintos sectores de la sociedad. Seguiremos informando.<\/p>\n<p><strong>NO METER\u00c1N AL BORREGO G\u00c1NDARA AL CALLEJ\u00d3N DE LOS GUAMAZOS <\/strong><\/p>\n<p>Muy crecido y muy correteado esta el candidato a Diputado Federal por el V Distrito, de la coalici\u00f3n Fuerza y Coraz\u00f3n X M\u00e9xico, Ernesto \u201cEl Borrego\u201d G\u00e1ndara, como para caer en el juego declarativo que lo meta al callej\u00f3n de los guamazos, descalificando y agraviando al contendiente, sobre todo cuando es una dama. \u00a0Yo vengo a escuchar a la gente, a realizar propuestas, a un electorado compuesto por 326 mil personas registradas en el padr\u00f3n electoral.<\/p>\n<p>As\u00ed a boca de jarro, fueron sus primeras respuestas durante su comparecencia ante los periodistas de la Mesa de Colectivo de Reporteros Sonorenses A.C.<\/p>\n<p>Al ser cuestionado sobre su renuncia a su militancia partidista en el proceso anterior, Ernesto G\u00e1ndara contest\u00f3 que eso obedeci\u00f3 a una coyuntura especial de aquel proceso, pero que en realidad nunca se fue del PRI y que piensa seguir por muchos a\u00f1os m\u00e1s en ese instituto pol\u00edtico.<\/p>\n<p>Ernesto G\u00e1ndara conf\u00eda en su buena imagen le puede significar el triunfo en el Distrito V, no desaprovech\u00f3 un momento para dejar claro que hay unidad en la coalici\u00f3n, neg\u00f3 cualquier roce o disgusto con Manlio Fabio Beltrones, reconociendo que su figura arropar\u00e1 al resto de los candidatos, no escatim\u00f3 en pronunciar buenos adjetivos para el trabajo de Antonio Astiazar\u00e1n en el Ayuntamiento de Hermosillo y desminti\u00f3 algunas declaraciones de la aspirante a la Presidencia Municipal de Hermosillo, Mar\u00eda Dolores del R\u00edo, sobre su desempe\u00f1o en Palacio.<\/p>\n<p>Ahora que Mar\u00eda Dolores del R\u00edo quiere aventarle la culpa de la crisis del agua en Hermosillo, Ernesto G\u00e1ndara le record\u00f3 que recibi\u00f3 el Gobierno Municipal aplicando tandeos, que casaron una gran molestia a los hermosillenses y fue gracias a un trabajo llevado a cabo con especialistas, que se pudo normalizar el abasto de agua, gracias a que se abrieron nuevos pozos, se rehabilit\u00f3 parte importante de la red y se construy\u00f3 el Acueducto \u201cEl Molinito\u201d que hasta la fecha, abastece el 30% del agua que se consume en Hermosillo.<\/p>\n<p>Son los primeros tiros de calentamiento y Ernesto G\u00e1ndara con toda la experiencia ganada en la brega electoral, sabe que hoy m\u00e1s que nunca, la prioridad es cuidad las casillas en el d\u00eda \u201cD\u201d, mientras tanto, permanece a la expectativa de la designaci\u00f3n de candidatos locales para diputaciones y Presidencias Municipales ya para redondear la oferta pol\u00edtica de la coalici\u00f3n, Fuerza y Coraz\u00f3n X M\u00e9xico.<\/p>\n<p><strong>TAMBI\u00c9N EN CAJEME SE GENERAN EMPLEOS<\/strong><\/p>\n<p>Las buenas noticias siguen llegando para la econom\u00eda sonorense, datos aportados por el IMSS indican que se registraron 665 mil 301 empleos en el mes de enero, lo que significa 9 mil 391 m\u00e1s que el mes de diciembre, solo treinta d\u00edas antes, mejor noticia es que si se compara la cifra de enero de 2024, con la de 2023, existe un aumento de 16 mil empleos m\u00e1s.<\/p>\n<p>El martes, el Gobernador Alfonso Durazo realiz\u00f3 una gira por Cajeme, dio el banderazo de una importante obra vial que agilizar\u00e1 la movilidad para el acceso a la planta de autopartes Kyungshin, que iniciar\u00e1 producci\u00f3n en el mes de abril y que crear\u00e1 300 fuentes de empleo directo y otras 5 mil fuentes indirectas de empleo, posicionando a Sonora en el tercer lugar a nivel nacional en generaci\u00f3n de empleos en el Pa\u00eds y el mejor en la frontera norte de M\u00e9xico.<\/p>\n<p>En la arena ITSON. El Gobernador hizo entrega de recursos de 5 mil 397 becas, este programa ha servido como puntal para contener la deserci\u00f3n escolar, el INEGI inform\u00f3 que Sonora tiene la m\u00e1s alta de absorci\u00f3n de estudiantes a nivel superior con 112.4, por arriba del promedio nacional que es de 75.6 y que por primera vez desde 2010, se rompe la tendencia creciente de deserci\u00f3n escolar. Entre los factores que influyen para disminuir la deserci\u00f3n escolar en la entidad, contamos al programa de becas al que cada a\u00f1o se le siguen asignando m\u00e1s recursos, hasta llegar a los mil 200 millones de pesos al final de este sexenio.<\/p>\n<p><strong>RETAZOS INTERESANTES<\/strong><\/p>\n<p>1.- La opci\u00f3n del Gobernador Alfonso Durazo, fue un t\u00e9cnico y no un pol\u00edtico para ocupar el puesto vacante de Secretario de Seguridad P\u00fablica. V\u00edctor Hugo Enr\u00edquez Garc\u00eda, es un polic\u00eda de carrera que se desempe\u00f1\u00f3 en la Coordinaci\u00f3n Nacional Antisecuestro de la Secretar\u00eda de Seguridad P\u00fablica del Gobierno Federal y fue miembro de la Divisi\u00f3n de Investigaci\u00f3n de la Polic\u00eda Federal. Tambi\u00e9n se desempe\u00f1\u00f3 como Director General Adjunto de Operaciones en Asuntos Internos, Director de Operaciones en la Coordinaci\u00f3n Estatal Sonora y Director de Operaciones Aeroportuarias. Victor Hugo Enr\u00edquez es un hombre muy preparado, es abogado, Doctor en Administraci\u00f3n P\u00fablica, tiene dos maestr\u00edas, una en inteligencia estrat\u00e9gica y otra en Ciencias Penales.<\/p>\n<p>2.- La doctora Claudia Sheinbaum Pardo, aspirante presidencial de la Coalici\u00f3n Juntos Seguiremos Haciendo Historia, estar\u00e1 de visita este pr\u00f3ximo s\u00e1bado en Hermosillo. En Morena se hab\u00eda dicho que hoy jueves saldr\u00edan las listas de aspirantes a Diputaciones Federales y muy probablemente las Diputaciones Locales. Creo que no ser\u00e1 as\u00ed, la Doctora Sheinbaum anda afinando los detalles del arranque de su campa\u00f1a y no creo que ande de humos para aguantar reclamos de militantes de Morena por los resultados de las encuestas que definieron candidaturas. Se menciona que ya est\u00e1n llegando avisos, a todos aquellos que las encuestas no les favoreci\u00f3 para convertirse en candidatos. Risas grabadas.<\/p>\n<p>Para los amigos de todo el sur de Sonora, los invito a escuchar, SONORA EN RED NOTICIAS, en su nuevo horario a las 6 de la tarde, espacio que comparto con mi amigo Arturo Chapo Soto, por el 93.3 del cuadrante de F.M. informativo que tambi\u00e9n puede ser visto, por la se\u00f1al del canal 14 de Estrella Tucson TV, en todo el sur de Arizona.<\/p>\n<p>Podemos interactuar a trav\u00e9s de mi cuenta de Twitter @feroropeza20 o en mi correo electr\u00f3nico <a href=\"mailto:luiso@hmo.megared.net.mx\">luiso@hmo.megared.net.mx<\/a><\/p>\n<p>&nbsp;<\/p>\n","protected":false},"excerpt":{"rendered":"<p>Despu\u00e9s de que M\u00e9xico padeciera en 2023, el a\u00f1o m\u00e1s seco, con el menor volumen de precipitaciones pluviales desde que se toman mediciones en la Comisi\u00f3n Nacional del Agua, la sequ\u00eda es otro problema que deber\u00e1n de enfrentar los estados y la federaci\u00f3n en los meses por venir, pues los embalses de presas, r\u00edos y [&hellip;]<\/p>\n","protected":false},"author":1,"featured_media":18539,"comment_status":"open","ping_status":"open","sticky":false,"template":"","format":"standard","meta":{"footnotes":""},"categories":[173],"tags":[],"class_list":["post"],"yoast_head":" \n<title>Alto el \u00edndice de Productividad Legislativo de Natalia Rivera - Periodista SoledadDurazo.com<\/title>\n<meta name=\"robots\" content=\"index, follow, max-snippet:-1, max-image-preview:large, max-video-preview:-1\" \/>\n<link rel=\"canonical\" href=\"https:\/\/soledaddurazo.com\/blog\/2024\/02\/08\/alto-el-indice-de-productividad-legislativo-de-natalia-rivera\/\" \/>\n<meta property=\"og:locale\" content=\"es_MX\" \/>\n<meta property=\"og:type\" content=\"article\" \/>\n<meta property=\"og:title\" content=\"Alto el \u00edndice de Productividad Legislativo de Natalia Rivera\" \/>\n<meta property=\"og:description\" content=\"Despu\u00e9s de que M\u00e9xico padeciera en 2023, el a\u00f1o m\u00e1s seco, con el menor volumen de precipitaciones pluviales desde que se toman mediciones en la Comisi\u00f3n Nacional del Agua, la sequ\u00eda es otro problema que deber\u00e1n de enfrentar los estados y la federaci\u00f3n en los meses por venir, pues los embalses de presas, r\u00edos y [&hellip;]\" \/>\n<meta property=\"og:url\" content=\"https:\/\/soledaddurazo.com\/blog\/2024\/02\/08\/alto-el-indice-de-productividad-legislativo-de-natalia-rivera\/\" \/>\n<meta property=\"og:site_name\" content=\"Periodista SoledadDurazo.com\" \/>\n<meta property=\"article:publisher\" content=\"https:\/\/www.facebook.com\/soledad.durazo.9\/\" \/>\n<meta property=\"article:published_time\" content=\"2024-02-08T14:53:15+00:00\" \/>\n<meta property=\"article:modified_time\" content=\"2024-02-08T14:58:41+00:00\" \/>\n<meta property=\"og:image\" content=\"https:\/\/soledaddurazo.com\/storage\/2023\/09\/9a-GRAFICO-FERNANDO-OROPEZA.jpeg\" \/>\n\t<meta property=\"og:image:width\" content=\"1092\" \/>\n\t<meta property=\"og:image:height\" content=\"983\" \/>\n<meta name=\"twitter:card\" content=\"summary_large_image\" \/>\n<meta name=\"twitter:creator\" content=\"@SoledadDurazo\" \/>\n<meta name=\"twitter:site\" content=\"@SoledadDurazo\" \/>\n<meta name=\"twitter:label1\" content=\"Escrito por\" \/>\n\t<meta name=\"twitter:data1\" content=\"Redacci\u00f3n\" \/>\n\t<meta name=\"twitter:label2\" content=\"Tiempo de lectura\" \/>\n\t<meta name=\"twitter:data2\" content=\"8 minutos\" \/>\n<script type=\"application\/ld+json\" class=\"yoast-schema-graph\">{\"@context\":\"https:\/\/schema.org\",\"@graph\":[{\"@type\":\"Organization\",\"@id\":\"https:\/\/soledaddurazo.com\/#organization\",\"name\":\"Soledad Durazo\",\"url\":\"https:\/\/soledaddurazo.com\/\",\"sameAs\":[\"https:\/\/www.facebook.com\/soledad.durazo.9\/\",\"https:\/\/www.instagram.com\/soledaddurazo\",\"https:\/\/www.youtube.com\/channel\/UC9yGPw8-Vbl_B2XNkRwPS-w\",\"https:\/\/twitter.com\/SoledadDurazo\"],\"logo\":{\"@type\":\"ImageObject\",\"@id\":\"https:\/\/soledaddurazo.com\/#logo\",\"inLanguage\":\"es\",\"url\":\"https:\/\/soledaddurazo.com\/storage\/2021\/11\/nllp-720x375-1-2.png\",\"contentUrl\":\"https:\/\/soledaddurazo.com\/storage\/2021\/11\/nllp-720x375-1-2.png\",\"width\":720,\"height\":375,\"caption\":\"Soledad Durazo\"},\"image\":{\"@id\":\"https:\/\/soledaddurazo.com\/#logo\"}},{\"@type\":\"WebSite\",\"@id\":\"https:\/\/soledaddurazo.com\/#website\",\"url\":\"https:\/\/soledaddurazo.com\/\",\"name\":\"Periodista SoledadDurazo.com\",\"description\":\"Periodista sonorense. Directora de www.SoledadDurazo.com Columnista, conductora de radio y Tv. Catedr\\u00e1tica en la UNISON\",\"publisher\":{\"@id\":\"https:\/\/soledaddurazo.com\/#organization\"},\"potentialAction\":[{\"@type\":\"SearchAction\",\"target\":{\"@type\":\"EntryPoint\",\"urlTemplate\":\"https:\/\/soledaddurazo.com\/?s={search_term_string}\"},\"query-input\":\"required name=search_term_string\"}],\"inLanguage\":\"es\"},{\"@type\":\"ImageObject\",\"@id\":\"https:\/\/soledaddurazo.com\/blog\/2024\/02\/08\/alto-el-indice-de-productividad-legislativo-de-natalia-rivera\/#primaryimage\",\"inLanguage\":\"es\",\"url\":\"https:\/\/soledaddurazo.com\/storage\/2023\/09\/9a-GRAFICO-FERNANDO-OROPEZA.jpeg\",\"contentUrl\":\"https:\/\/soledaddurazo.com\/storage\/2023\/09\/9a-GRAFICO-FERNANDO-OROPEZA.jpeg\",\"width\":1092,\"height\":983},{\"@type\":\"WebPage\",\"@id\":\"https:\/\/soledaddurazo.com\/blog\/2024\/02\/08\/alto-el-indice-de-productividad-legislativo-de-natalia-rivera\/#webpage\",\"url\":\"https:\/\/soledaddurazo.com\/blog\/2024\/02\/08\/alto-el-indice-de-productividad-legislativo-de-natalia-rivera\/\",\"name\":\"Alto el \\u00edndice de Productividad Legislativo de Natalia Rivera - Periodista SoledadDurazo.com\",\"isPartOf\":{\"@id\":\"https:\/\/soledaddurazo.com\/#website\"},\"primaryImageOfPage\":{\"@id\":\"https:\/\/soledaddurazo.com\/blog\/2024\/02\/08\/alto-el-indice-de-productividad-legislativo-de-natalia-rivera\/#primaryimage\"},\"datePublished\":\"2024-02-08T14:53:15+00:00\",\"dateModified\":\"2024-02-08T14:58:41+00:00\",\"breadcrumb\":{\"@id\":\"https:\/\/soledaddurazo.com\/blog\/2024\/02\/08\/alto-el-indice-de-productividad-legislativo-de-natalia-rivera\/#breadcrumb\"},\"inLanguage\":\"es\",\"potentialAction\":[{\"@type\":\"ReadAction\",\"target\":[\"https:\/\/soledaddurazo.com\/blog\/2024\/02\/08\/alto-el-indice-de-productividad-legislativo-de-natalia-rivera\/\"]}]},{\"@type\":\"BreadcrumbList\",\"@id\":\"https:\/\/soledaddurazo.com\/blog\/2024\/02\/08\/alto-el-indice-de-productividad-legislativo-de-natalia-rivera\/#breadcrumb\",\"itemListElement\":[{\"@type\":\"ListItem\",\"position\":1,\"name\":\"Home\",\"item\":\"https:\/\/soledaddurazo.com\/\"},{\"@type\":\"ListItem\",\"position\":2,\"name\":\"Alto el \\u00edndice de Productividad Legislativo de Natalia Rivera\"}]},{\"@type\":\"Article\",\"@id\":\"https:\/\/soledaddurazo.com\/blog\/2024\/02\/08\/alto-el-indice-de-productividad-legislativo-de-natalia-rivera\/#article\",\"isPartOf\":{\"@id\":\"https:\/\/soledaddurazo.com\/blog\/2024\/02\/08\/alto-el-indice-de-productividad-legislativo-de-natalia-rivera\/#webpage\"},\"author\":{\"@id\":\"https:\/\/soledaddurazo.com\/#\/schema\/person\/822d8e13aa288585e6546f179853758b\"},\"headline\":\"Alto el \\u00edndice de Productividad Legislativo de Natalia Rivera\",\"datePublished\":\"2024-02-08T14:53:15+00:00\",\"dateModified\":\"2024-02-08T14:58:41+00:00\",\"mainEntityOfPage\":{\"@id\":\"https:\/\/soledaddurazo.com\/blog\/2024\/02\/08\/alto-el-indice-de-productividad-legislativo-de-natalia-rivera\/#webpage\"},\"wordCount\":1718,\"commentCount\":0,\"publisher\":{\"@id\":\"https:\/\/soledaddurazo.com\/#organization\"},\"image\":{\"@id\":\"https:\/\/soledaddurazo.com\/blog\/2024\/02\/08\/alto-el-indice-de-productividad-legislativo-de-natalia-rivera\/#primaryimage\"},\"thumbnailUrl\":\"https:\/\/soledaddurazo.com\/storage\/2023\/09\/9a-GRAFICO-FERNANDO-OROPEZA.jpeg\",\"articleSection\":[\"Fernando Oropeza\"],\"inLanguage\":\"es\",\"potentialAction\":[{\"@type\":\"CommentAction\",\"name\":\"Comment\",\"target\":[\"https:\/\/soledaddurazo.com\/blog\/2024\/02\/08\/alto-el-indice-de-productividad-legislativo-de-natalia-rivera\/#respond\"]}]},{\"@type\":\"Person\",\"@id\":\"https:\/\/soledaddurazo.com\/#\/schema\/person\/822d8e13aa288585e6546f179853758b\",\"name\":\"Redacci\\u00f3n\",\"image\":{\"@type\":\"ImageObject\",\"@id\":\"https:\/\/soledaddurazo.com\/#personlogo\",\"inLanguage\":\"es\",\"url\":\"https:\/\/secure.gravatar.com\/avatar\/c4e193752f756fd61f04deebed3a3a20dc188d37edb53682d313ac57f2725d54?s=96&d=mm&r=g\",\"contentUrl\":\"https:\/\/secure.gravatar.com\/avatar\/c4e193752f756fd61f04deebed3a3a20dc188d37edb53682d313ac57f2725d54?s=96&d=mm&r=g\",\"caption\":\"Redacci\\u00f3n\"},\"sameAs\":[\"https:\/\/soledaddurazo.com\"]}]}<\/script>\n ","yoast_head_json":{"title":"Alto el \u00edndice de Productividad Legislativo de Natalia Rivera - Periodista SoledadDurazo.com","robots":{"index":"index","follow":"follow","max-snippet":"max-snippet:-1","max-image-preview":"max-image-preview:large","max-video-preview":"max-video-preview:-1"},"canonical":"https:\/\/soledaddurazo.com\/blog\/2024\/02\/08\/alto-el-indice-de-productividad-legislativo-de-natalia-rivera\/","og_locale":"es_MX","og_type":"article","og_title":"Alto el \u00edndice de Productividad Legislativo de Natalia Rivera","og_description":"Despu\u00e9s de que M\u00e9xico padeciera en 2023, el a\u00f1o m\u00e1s seco, con el menor volumen de precipitaciones pluviales desde que se toman mediciones en la Comisi\u00f3n Nacional del Agua, la sequ\u00eda es otro problema que deber\u00e1n de enfrentar los estados y la federaci\u00f3n en los meses por venir, pues los embalses de presas, r\u00edos y [&hellip;]","og_url":"https:\/\/soledaddurazo.com\/blog\/2024\/02\/08\/alto-el-indice-de-productividad-legislativo-de-natalia-rivera\/","og_site_name":"Periodista SoledadDurazo.com","article_publisher":"https:\/\/www.facebook.com\/soledad.durazo.9\/","article_published_time":"2024-02-08T14:53:15+00:00","article_modified_time":"2024-02-08T14:58:41+00:00","og_image":[{"width":1092,"height":983,"url":"https:\/\/soledaddurazo.com\/storage\/2023\/09\/9a-GRAFICO-FERNANDO-OROPEZA.jpeg","type":"image\/jpeg"}],"twitter_card":"summary_large_image","twitter_creator":"@SoledadDurazo","twitter_site":"@SoledadDurazo","twitter_misc":{"Escrito por":"Redacci\u00f3n","Tiempo de lectura":"8 minutos"},"schema":{"@context":"https:\/\/schema.org","@graph":[{"@type":"Organization","@id":"https:\/\/soledaddurazo.com\/#organization","name":"Soledad Durazo","url":"https:\/\/soledaddurazo.com\/","sameAs":["https:\/\/www.facebook.com\/soledad.durazo.9\/","https:\/\/www.instagram.com\/soledaddurazo","https:\/\/www.youtube.com\/channel\/UC9yGPw8-Vbl_B2XNkRwPS-w","https:\/\/twitter.com\/SoledadDurazo"],"logo":{"@type":"ImageObject","@id":"https:\/\/soledaddurazo.com\/#logo","inLanguage":"es","url":"https:\/\/soledaddurazo.com\/storage\/2021\/11\/nllp-720x375-1-2.png","contentUrl":"https:\/\/soledaddurazo.com\/storage\/2021\/11\/nllp-720x375-1-2.png","width":720,"height":375,"caption":"Soledad Durazo"},"image":{"@id":"https:\/\/soledaddurazo.com\/#logo"}},{"@type":"WebSite","@id":"https:\/\/soledaddurazo.com\/#website","url":"https:\/\/soledaddurazo.com\/","name":"Periodista SoledadDurazo.com","description":"Periodista sonorense. Directora de www.SoledadDurazo.com Columnista, conductora de radio y Tv. Catedr\u00e1tica en la UNISON","publisher":{"@id":"https:\/\/soledaddurazo.com\/#organization"},"potentialAction":[{"@type":"SearchAction","target":{"@type":"EntryPoint","urlTemplate":"https:\/\/soledaddurazo.com\/?s={search_term_string}"},"query-input":"required name=search_term_string"}],"inLanguage":"es"},{"@type":"ImageObject","@id":"https:\/\/soledaddurazo.com\/blog\/2024\/02\/08\/alto-el-indice-de-productividad-legislativo-de-natalia-rivera\/#primaryimage","inLanguage":"es","url":"https:\/\/soledaddurazo.com\/storage\/2023\/09\/9a-GRAFICO-FERNANDO-OROPEZA.jpeg","contentUrl":"https:\/\/soledaddurazo.com\/storage\/2023\/09\/9a-GRAFICO-FERNANDO-OROPEZA.jpeg","width":1092,"height":983},{"@type":"WebPage","@id":"https:\/\/soledaddurazo.com\/blog\/2024\/02\/08\/alto-el-indice-de-productividad-legislativo-de-natalia-rivera\/#webpage","url":"https:\/\/soledaddurazo.com\/blog\/2024\/02\/08\/alto-el-indice-de-productividad-legislativo-de-natalia-rivera\/","name":"Alto el \u00edndice de Productividad Legislativo de Natalia Rivera - Periodista SoledadDurazo.com","isPartOf":{"@id":"https:\/\/soledaddurazo.com\/#website"},"primaryImageOfPage":{"@id":"https:\/\/soledaddurazo.com\/blog\/2024\/02\/08\/alto-el-indice-de-productividad-legislativo-de-natalia-rivera\/#primaryimage"},"datePublished":"2024-02-08T14:53:15+00:00","dateModified":"2024-02-08T14:58:41+00:00","breadcrumb":{"@id":"https:\/\/soledaddurazo.com\/blog\/2024\/02\/08\/alto-el-indice-de-productividad-legislativo-de-natalia-rivera\/#breadcrumb"},"inLanguage":"es","potentialAction":[{"@type":"ReadAction","target":["https:\/\/soledaddurazo.com\/blog\/2024\/02\/08\/alto-el-indice-de-productividad-legislativo-de-natalia-rivera\/"]}]},{"@type":"BreadcrumbList","@id":"https:\/\/soledaddurazo.com\/blog\/2024\/02\/08\/alto-el-indice-de-productividad-legislativo-de-natalia-rivera\/#breadcrumb","itemListElement":[{"@type":"ListItem","position":1,"name":"Home","item":"https:\/\/soledaddurazo.com\/"},{"@type":"ListItem","position":2,"name":"Alto el \u00edndice de Productividad Legislativo de Natalia Rivera"}]},{"@type":"Article","@id":"https:\/\/soledaddurazo.com\/blog\/2024\/02\/08\/alto-el-indice-de-productividad-legislativo-de-natalia-rivera\/#article","isPartOf":{"@id":"https:\/\/soledaddurazo.com\/blog\/2024\/02\/08\/alto-el-indice-de-productividad-legislativo-de-natalia-rivera\/#webpage"},"author":{"@id":"https:\/\/soledaddurazo.com\/#\/schema\/person\/822d8e13aa288585e6546f179853758b"},"headline":"Alto el \u00edndice de Productividad Legislativo de Natalia Rivera","datePublished":"2024-02-08T14:53:15+00:00","dateModified":"2024-02-08T14:58:41+00:00","mainEntityOfPage":{"@id":"https:\/\/soledaddurazo.com\/blog\/2024\/02\/08\/alto-el-indice-de-productividad-legislativo-de-natalia-rivera\/#webpage"},"wordCount":1718,"commentCount":0,"publisher":{"@id":"https:\/\/soledaddurazo.com\/#organization"},"image":{"@id":"https:\/\/soledaddurazo.com\/blog\/2024\/02\/08\/alto-el-indice-de-productividad-legislativo-de-natalia-rivera\/#primaryimage"},"thumbnailUrl":"https:\/\/soledaddurazo.com\/storage\/2023\/09\/9a-GRAFICO-FERNANDO-OROPEZA.jpeg","articleSection":["Fernando Oropeza"],"inLanguage":"es","potentialAction":[{"@type":"CommentAction","name":"Comment","target":["https:\/\/soledaddurazo.com\/blog\/2024\/02\/08\/alto-el-indice-de-productividad-legislativo-de-natalia-rivera\/#respond"]}]},{"@type":"Person","@id":"https:\/\/soledaddurazo.com\/#\/schema\/person\/822d8e13aa288585e6546f179853758b","name":"Redacci\u00f3n","image":{"@type":"ImageObject","@id":"https:\/\/soledaddurazo.com\/#personlogo","inLanguage":"es","url":"https:\/\/secure.gravatar.com\/avatar\/c4e193752f756fd61f04deebed3a3a20dc188d37edb53682d313ac57f2725d54?s=96&d=mm&r=g","contentUrl":"https:\/\/secure.gravatar.com\/avatar\/c4e193752f756fd61f04deebed3a3a20dc188d37edb53682d313ac57f2725d54?s=96&d=mm&r=g","caption":"Redacci\u00f3n"},"sameAs":["https:\/\/soledaddurazo.com"]}]}},"_links":{"self":[{"href":"https:\/\/soledaddurazo.com\/api\/wp\/v2\/posts\/19610","targetHints":{"allow":["GET"]}}],"collection":[{"href":"https:\/\/soledaddurazo.com\/api\/wp\/v2\/posts"}],"about":[{"href":"https:\/\/soledaddurazo.com\/api\/wp\/v2\/types\/post"}],"author":[{"embeddable":true,"href":"https:\/\/soledaddurazo.com\/api\/wp\/v2\/users\/1"}],"replies":[{"embeddable":true,"href":"https:\/\/soledaddurazo.com\/api\/wp\/v2\/comments?post=19610"}],"version-history":[{"count":3,"href":"https:\/\/soledaddurazo.com\/api\/wp\/v2\/posts\/19610\/revisions"}],"predecessor-version":[{"id":19615,"href":"https:\/\/soledaddurazo.com\/api\/wp\/v2\/posts\/19610\/revisions\/19615"}],"wp:featuredmedia":[{"embeddable":true,"href":"https:\/\/soledaddurazo.com\/api\/wp\/v2\/media\/18539"}],"wp:attachment":[{"href":"https:\/\/soledaddurazo.com\/api\/wp\/v2\/media?parent=19610"}],"wp:term":[{"taxonomy":"category","embeddable":true,"href":"https:\/\/soledaddurazo.com\/api\/wp\/v2\/categories?post=19610"},{"taxonomy":"post_tag","embeddable":true,"href":"https:\/\/soledaddurazo.com\/api\/wp\/v2\/tags?post=19610"}],"curies":[{"name":"wp","href":"https:\/\/api.w.org\/{rel}","templated":true}]}}