{"id":19033,"date":"2023-11-07T16:41:55","date_gmt":"2023-11-07T23:41:55","guid":{"rendered":"https:\/\/soledaddurazo.com\/?p=19033"},"modified":"2023-11-10T20:29:09","modified_gmt":"2023-11-11T03:29:09","slug":"adolfo-salazar-no-se-registra-se-queda-colaborando-con-alfonso-durazo","status":"publish","type":"post","link":"https:\/\/soledaddurazo.com\/blog\/2023\/11\/07\/adolfo-salazar-no-se-registra-se-queda-colaborando-con-alfonso-durazo\/","title":{"rendered":"Adolfo Salazar no se registra, se queda colaborando con Alfonso Durazo"},"content":{"rendered":"<p>Aunque en los hechos, los tiempos electorales se han precipitado con un proceso de sucesi\u00f3n presidencial adelantado y con candidatos ya designados, los tiempos que marca la Ley para los procesos preelectorales apenas comienzan.<\/p>\n<p>En Morena, se public\u00f3 la convocatoria para el registro de los aspirantes a cualquiera de las 7 Diputaciones Federales disponibles y la f\u00f3rmula de 2 aspirantes al Senado de la Rep\u00fablica.<\/p>\n<p>Aqu\u00ed en Sonora, como era de esperarse, una larga lista de aspirantes, present\u00f3 su registro en l\u00ednea, en la plataforma habilitada por la Comisi\u00f3n Nacional de Elecciones de Morena.<\/p>\n<p>Extraoficialmente se sabe que por las mujeres destaca el registro de la Secretaria de Desarrollo Social, Wendy Brise\u00f1o, la Jefa de la Oficina del Ejecutivo Estatal, C\u00e9lida L\u00f3pez; la Directora del DIF Sonora, Lorenia Valles; la Maestra Petra Santos Ortiz; la Diputada del PES, Paloma Ter\u00e1n.<\/p>\n<p>Por los varones, el s\u00faper Delegado del Bienestar, Jorge Taddei; el dirigente estatal de Morena; Heriberto Aguilar; el Secretario de Infraestructura Luis del Valle Colosio;<\/p>\n<p>El Delegado Nacional en Sonora, del Partido del Trabajo, Ram\u00f3n Flores, levant\u00f3 la mano, apunt\u00e1ndose tambi\u00e9n como aspirante al Senado.<\/p>\n<p>Para culminar la lista, por el Partido Verde, el Subsecretario de Innovaci\u00f3n y Desarrollo Tur\u00edstico del Gobierno del Estado, Luis Mario Aguilar, tambi\u00e9n levanta la mano. Asegurando que el Verde Ecologista, va solo en esta carrera, es decir, sin aliarse a Morena y al PT.<\/p>\n<p>Disipada la polvareda provocada por el alboroto de los aspirantes a las candidaturas, la \u00fanica sorpresa en este proceso es la ausencia del Secretario de Gobierno, Adolfo Salazar Razo. En una breve conversaci\u00f3n que sostuve el jueves por la noche con el funcionario estatal, me coment\u00f3 que seguir\u00e1 colaborando en la responsabilidad que actualmente tiene, hasta que el Gobernador Alfonso Durazo disponga lo contrario. Me asegur\u00f3 que no le obsesiona un puesto de elecci\u00f3n popular, por el momento est\u00e1 concentrado en sacar adelante la responsabilidad que le encomend\u00f3 el titular del Poder Ejecutivo, como Secretario de Gobierno y atento ante cualquier eventualidad.<\/p>\n<p>Creo que la decisi\u00f3n del Secretario de Gobierno, Adolfo Salazar Razo, debe tomarse muy en cuenta, no hay que olvidar las versiones que llegan desde la Ciudad de M\u00e9xico, que colocan en un futuro pr\u00f3ximo al Gobernador Durazo, en una importante posici\u00f3n, en el eventual Gabinete de la doctora Claudia Sheinbaum.<\/p>\n<p>En este caso, el n\u00famero 2 en el Gobierno del Estado, podr\u00eda ascender a la parte principal del organigrama, no queda apuntado para la de 3, ni para la de 6, pero si para una de 4.<\/p>\n<p><strong>X\u00d3CHITL G\u00c1LVEZ EN HERMOSILLO<\/strong><\/p>\n<p>En la tienda de enfrente, la del Frente Amplio, hoy habr\u00e1 mucha actividad, con la visita que hace a la entidad, la Senadora X\u00f3chitl G\u00e1lvez, que, entre otras cosas, deber\u00e1 acordar la posible lista de candidatos a los distintos puestos de elecci\u00f3n popular. Ayer domingo, fue recibida por simpatizantes en el Aeropuerto Ignacio L. Pesqueira.<\/p>\n<p>La temperatura por la definici\u00f3n de candidaturas en los partidos que conforman el Frente Amplio, va en aumento, s\u00f3lo como rumor se escucha en el PRI como posibles candidatos al Senado, el nombre del actual dirigente estatal, 2 expresidentes estatales, un ex Presidente Nacional, la actual Senadora, un empresario del sur del estado, y una joven ex Diputada local.<\/p>\n<p>El apellido Beltrones vuelve a sonar fuerte en el PRI, de Manlio Fabio Beltrones se ha dicho mucho, le atribuyen infinidad de milagros, de estar en todas las intrigas y cuchupos del poder pol\u00edtico, incluso, m\u00edticas leyendas urbanas como el don de la omnipresencia. Pero una cosa es cierta, en los \u00faltimos a\u00f1os, ning\u00fan otro pol\u00edtico sonorense, ha realizado m\u00e1s obra p\u00fablica, como Gobernador, solo para enumerar unas cuantas, la transformaci\u00f3n del Vado del R\u00edo; la modernizaci\u00f3n de la calle Colosio, del boulevard Solidaridad; del boulevard Progreso y \u00a0la modernizaci\u00f3n de buena parte de la red sanitaria en Cajeme.<\/p>\n<p>En su papel de Senador y Diputado Federal, se le recuerda gestionando recursos para obras como la modernizaci\u00f3n del boulevard Kino, la obra del Camino del Seri y la modernizaci\u00f3n de la carretera federal 15.<\/p>\n<p>Por el lado del PAN, se escucha el nombre del actual dirigente estatal; un ex Gobernador; dos ex Presidentes estatales, uno de ellos ex Secretario estatal tambi\u00e9n; la actual Diputada local; la actual Secretaria General; la Senadora conversa y un l\u00edder empresarial que fue funcionario federal de alto nivel con Vicente Fox.<\/p>\n<p>Por el lado del Partido del Sol Azteca, por lo pronto, el nombre que se oye, es el de Jes\u00fas Zambrano.<\/p>\n<p><strong>PRD PRESENTAR\u00c1 SU POL\u00cdTICA DE ALIANZAS<\/strong><\/p>\n<p>A prop\u00f3sito del PRD, su dirigente Joel Ram\u00edrez anda recorriendo el estado junto a Gildardo Real del PAN y Rogelio D\u00edaz Brown del PRI, en agenda de acompa\u00f1amiento mutuo, mandando el mensaje de que se encuentra fortalecida la alianza tripartita.<\/p>\n<p>En estos tiempos de definiciones, la fortaleza de la alianza ser\u00e1 puesta a prueba, tambi\u00e9n la habilidad negociadora del dirigente del Sol Azteca, para defender el porcentaje de candidaturas que le corresponden a su partido, Joel Ram\u00edrez asegura que el PRD no est\u00e1 muerto y en el trabajo que realizan por los municipios del estado, hay acercamientos con liderazgos, activistas y empresarios que le han manifestado querer participar en la elecci\u00f3n con las siglas del Frente Amplio.<\/p>\n<p>Por cierto, en los pr\u00f3ximos d\u00edas, Joel Ram\u00edrez estar\u00e1 dando a conocer la pol\u00edtica de alianzas del PRD.\u00a0 asegura que d\u00eda con d\u00eda, la gente se est\u00e1 dando cuenta de los malos gobiernos de Morena, el ejemplo est\u00e1 en Guerrero. El Frente Amplio que encabeza X\u00f3chitl G\u00e1lvez, est\u00e1 levantando la emoci\u00f3n de muchos ciudadanos que quieren que el pa\u00eds recupere el rumbo.<\/p>\n<p>Considera que el gran reto para los partidos que integran el frente amplio, es generar las condiciones para acordar candidaturas que den espacio a ind\u00edgenas, mujeres, personas discapacitadas, a j\u00f3venes., los errores cometidos en el proceso electoral anterior, sirven de experiencia para no volverlos a cometer, este proceso ser\u00e1 distinto y queremos llegar m\u00e1s fortalecidos.<\/p>\n<p><strong>REUNI\u00d3N DE GOBERNADORES DE REGI\u00d3N MAR DE CORT\u00c9S<\/strong><\/p>\n<p>Fuera de la grilla partidista, en temas relativos a la gobernabilidad, el Gobernador Alfonso Durazo, encabez\u00f3 las mesas de trabajo de la Reuni\u00f3n de la coordinaci\u00f3n para la seguridad en la regi\u00f3n del Mar de Cort\u00e9s, con la presencia de la Gobernadora de Baja California, y sus hom\u00f3logos de Baja California Sur, Sinaloa y Nayarit.<\/p>\n<p>Fue la s\u00e9ptima reuni\u00f3n que sostuvieron los mandatarios de la regi\u00f3n del Mar de Cort\u00e9s, en las que se trabaj\u00f3 en reforzar programas y acciones de seguridad en la regi\u00f3n, reconocieron las iniciativas propuestas por el Gobernador sonorense, que desde hace dos a\u00f1os ha promovido una mejor coordinaci\u00f3n con las distintas corporaciones de seguridad de los tres \u00f3rdenes de gobierno.<\/p>\n<p>En lo que respecta a la seguridad del estado, se \u201ccalent\u00f3\u201d por unos d\u00edas el norte de la entidad, por la actividad de grupos criminales que tuvieron enfrentamientos armados con corporaciones de seguridad. Se \u00a0organiz\u00f3 una mesa de seguridad en Santa Ana y se pusieron en marcha distintos operativos correctivos.<\/p>\n<p>No se puede acusar al Gobierno de Alfonso Durazo de no atacar la actividad delictiva en el norte del estado, se han realizado infinidad de operativos, con detenciones de cientos de presuntos integrantes del crimen organizado y desorganizado; tambi\u00e9n se han incautado veh\u00edculos; aeronaves; casas con toneladas de droga y arsenales enteros. Pero los delincuentes se multiplican como la maleza, en la tarea de seguridad no se permite descanso ni distracciones.<\/p>\n<p>LENGUAS VESPERTINAS est\u00e1 de regreso en la programaci\u00f3n del 99.1 F. M. de To\u00f1o, de lunes a viernes a las 17:00 horas, el se\u00f1or Arturo Chapo Soto y ac\u00e1 su mu\u00f1eco de peluche, en vivo y en directo, sin jaula ni red de protecci\u00f3n, le llevaremos lo m\u00e1s relevante del comenta pol\u00edtico.<\/p>\n<p>LENGUAS VESPERTINAS, d\u00f3nde el comentario pol\u00edtico no es sorpresa, es una realidad, con Arturo Soto y Fernando Oropeza.<\/p>\n<p>Para los amigos de todo el sur de Sonora, los invito a escuchar, SONORA EN RED NOTICIAS, en su nuevo horario a las 6 de la tarde, espacio que comparto con mi amigo Arturo Chapo Soto, por el 93.3 del cuadrante de F.M. informativo que tambi\u00e9n puede ser visto, por la se\u00f1al del canal 14 de Estrella Tucson TV, en todo el sur de Arizona.<\/p>\n<p>Podemos interactuar a trav\u00e9s de mi cuenta de Twitter @feroropeza20 o en mi correo electr\u00f3nico luiso@hmo.megared.net.mx<\/p>\n<p>&nbsp;<\/p>\n<p><strong>\u00a0<\/strong><\/p>\n<p><strong>\u00a0<\/strong><\/p>\n","protected":false},"excerpt":{"rendered":"<p>Aunque en los hechos, los tiempos electorales se han precipitado con un proceso de sucesi\u00f3n presidencial adelantado y con candidatos ya designados, los tiempos que marca la Ley para los procesos preelectorales apenas comienzan. En Morena, se public\u00f3 la convocatoria para el registro de los aspirantes a cualquiera de las 7 Diputaciones Federales disponibles y [&hellip;]<\/p>\n","protected":false},"author":1,"featured_media":17729,"comment_status":"open","ping_status":"open","sticky":false,"template":"","format":"standard","meta":{"footnotes":""},"categories":[173],"tags":[],"class_list":["post"],"yoast_head":" \n<title>Adolfo Salazar no se registra, se queda colaborando con Alfonso Durazo - Periodista SoledadDurazo.com<\/title>\n<meta name=\"robots\" content=\"index, follow, max-snippet:-1, max-image-preview:large, max-video-preview:-1\" \/>\n<link rel=\"canonical\" href=\"https:\/\/soledaddurazo.com\/blog\/2023\/11\/07\/adolfo-salazar-no-se-registra-se-queda-colaborando-con-alfonso-durazo\/\" \/>\n<meta property=\"og:locale\" content=\"es_MX\" \/>\n<meta property=\"og:type\" content=\"article\" \/>\n<meta property=\"og:title\" content=\"Adolfo Salazar no se registra, se queda colaborando con Alfonso Durazo\" \/>\n<meta property=\"og:description\" content=\"Aunque en los hechos, los tiempos electorales se han precipitado con un proceso de sucesi\u00f3n presidencial adelantado y con candidatos ya designados, los tiempos que marca la Ley para los procesos preelectorales apenas comienzan. En Morena, se public\u00f3 la convocatoria para el registro de los aspirantes a cualquiera de las 7 Diputaciones Federales disponibles y [&hellip;]\" \/>\n<meta property=\"og:url\" content=\"https:\/\/soledaddurazo.com\/blog\/2023\/11\/07\/adolfo-salazar-no-se-registra-se-queda-colaborando-con-alfonso-durazo\/\" \/>\n<meta property=\"og:site_name\" content=\"Periodista SoledadDurazo.com\" \/>\n<meta property=\"article:publisher\" content=\"https:\/\/www.facebook.com\/soledad.durazo.9\/\" \/>\n<meta property=\"article:published_time\" content=\"2023-11-07T23:41:55+00:00\" \/>\n<meta property=\"article:modified_time\" content=\"2023-11-11T03:29:09+00:00\" \/>\n<meta property=\"og:image\" content=\"https:\/\/soledaddurazo.com\/storage\/2023\/05\/9a-GRAFICO-FERNANDO-OROPEZA.jpeg\" \/>\n\t<meta property=\"og:image:width\" content=\"1092\" \/>\n\t<meta property=\"og:image:height\" content=\"983\" \/>\n<meta name=\"twitter:card\" content=\"summary_large_image\" \/>\n<meta name=\"twitter:creator\" content=\"@SoledadDurazo\" \/>\n<meta name=\"twitter:site\" content=\"@SoledadDurazo\" \/>\n<meta name=\"twitter:label1\" content=\"Escrito por\" \/>\n\t<meta name=\"twitter:data1\" content=\"Redacci\u00f3n\" \/>\n\t<meta name=\"twitter:label2\" content=\"Tiempo de lectura\" \/>\n\t<meta name=\"twitter:data2\" content=\"7 minutos\" \/>\n<script type=\"application\/ld+json\" class=\"yoast-schema-graph\">{\"@context\":\"https:\/\/schema.org\",\"@graph\":[{\"@type\":\"Organization\",\"@id\":\"https:\/\/soledaddurazo.com\/#organization\",\"name\":\"Soledad Durazo\",\"url\":\"https:\/\/soledaddurazo.com\/\",\"sameAs\":[\"https:\/\/www.facebook.com\/soledad.durazo.9\/\",\"https:\/\/www.instagram.com\/soledaddurazo\",\"https:\/\/www.youtube.com\/channel\/UC9yGPw8-Vbl_B2XNkRwPS-w\",\"https:\/\/twitter.com\/SoledadDurazo\"],\"logo\":{\"@type\":\"ImageObject\",\"@id\":\"https:\/\/soledaddurazo.com\/#logo\",\"inLanguage\":\"es\",\"url\":\"https:\/\/soledaddurazo.com\/storage\/2021\/11\/nllp-720x375-1-2.png\",\"contentUrl\":\"https:\/\/soledaddurazo.com\/storage\/2021\/11\/nllp-720x375-1-2.png\",\"width\":720,\"height\":375,\"caption\":\"Soledad Durazo\"},\"image\":{\"@id\":\"https:\/\/soledaddurazo.com\/#logo\"}},{\"@type\":\"WebSite\",\"@id\":\"https:\/\/soledaddurazo.com\/#website\",\"url\":\"https:\/\/soledaddurazo.com\/\",\"name\":\"Periodista SoledadDurazo.com\",\"description\":\"Periodista sonorense. Directora de www.SoledadDurazo.com Columnista, conductora de radio y Tv. Catedr\\u00e1tica en la UNISON\",\"publisher\":{\"@id\":\"https:\/\/soledaddurazo.com\/#organization\"},\"potentialAction\":[{\"@type\":\"SearchAction\",\"target\":{\"@type\":\"EntryPoint\",\"urlTemplate\":\"https:\/\/soledaddurazo.com\/?s={search_term_string}\"},\"query-input\":\"required name=search_term_string\"}],\"inLanguage\":\"es\"},{\"@type\":\"ImageObject\",\"@id\":\"https:\/\/soledaddurazo.com\/blog\/2023\/11\/07\/adolfo-salazar-no-se-registra-se-queda-colaborando-con-alfonso-durazo\/#primaryimage\",\"inLanguage\":\"es\",\"url\":\"https:\/\/soledaddurazo.com\/storage\/2023\/05\/9a-GRAFICO-FERNANDO-OROPEZA.jpeg\",\"contentUrl\":\"https:\/\/soledaddurazo.com\/storage\/2023\/05\/9a-GRAFICO-FERNANDO-OROPEZA.jpeg\",\"width\":1092,\"height\":983},{\"@type\":\"WebPage\",\"@id\":\"https:\/\/soledaddurazo.com\/blog\/2023\/11\/07\/adolfo-salazar-no-se-registra-se-queda-colaborando-con-alfonso-durazo\/#webpage\",\"url\":\"https:\/\/soledaddurazo.com\/blog\/2023\/11\/07\/adolfo-salazar-no-se-registra-se-queda-colaborando-con-alfonso-durazo\/\",\"name\":\"Adolfo Salazar no se registra, se queda colaborando con Alfonso Durazo - Periodista SoledadDurazo.com\",\"isPartOf\":{\"@id\":\"https:\/\/soledaddurazo.com\/#website\"},\"primaryImageOfPage\":{\"@id\":\"https:\/\/soledaddurazo.com\/blog\/2023\/11\/07\/adolfo-salazar-no-se-registra-se-queda-colaborando-con-alfonso-durazo\/#primaryimage\"},\"datePublished\":\"2023-11-07T23:41:55+00:00\",\"dateModified\":\"2023-11-11T03:29:09+00:00\",\"breadcrumb\":{\"@id\":\"https:\/\/soledaddurazo.com\/blog\/2023\/11\/07\/adolfo-salazar-no-se-registra-se-queda-colaborando-con-alfonso-durazo\/#breadcrumb\"},\"inLanguage\":\"es\",\"potentialAction\":[{\"@type\":\"ReadAction\",\"target\":[\"https:\/\/soledaddurazo.com\/blog\/2023\/11\/07\/adolfo-salazar-no-se-registra-se-queda-colaborando-con-alfonso-durazo\/\"]}]},{\"@type\":\"BreadcrumbList\",\"@id\":\"https:\/\/soledaddurazo.com\/blog\/2023\/11\/07\/adolfo-salazar-no-se-registra-se-queda-colaborando-con-alfonso-durazo\/#breadcrumb\",\"itemListElement\":[{\"@type\":\"ListItem\",\"position\":1,\"name\":\"Home\",\"item\":\"https:\/\/soledaddurazo.com\/\"},{\"@type\":\"ListItem\",\"position\":2,\"name\":\"Adolfo Salazar no se registra, se queda colaborando con Alfonso Durazo\"}]},{\"@type\":\"Article\",\"@id\":\"https:\/\/soledaddurazo.com\/blog\/2023\/11\/07\/adolfo-salazar-no-se-registra-se-queda-colaborando-con-alfonso-durazo\/#article\",\"isPartOf\":{\"@id\":\"https:\/\/soledaddurazo.com\/blog\/2023\/11\/07\/adolfo-salazar-no-se-registra-se-queda-colaborando-con-alfonso-durazo\/#webpage\"},\"author\":{\"@id\":\"https:\/\/soledaddurazo.com\/#\/schema\/person\/822d8e13aa288585e6546f179853758b\"},\"headline\":\"Adolfo Salazar no se registra, se queda colaborando con Alfonso Durazo\",\"datePublished\":\"2023-11-07T23:41:55+00:00\",\"dateModified\":\"2023-11-11T03:29:09+00:00\",\"mainEntityOfPage\":{\"@id\":\"https:\/\/soledaddurazo.com\/blog\/2023\/11\/07\/adolfo-salazar-no-se-registra-se-queda-colaborando-con-alfonso-durazo\/#webpage\"},\"wordCount\":1483,\"commentCount\":0,\"publisher\":{\"@id\":\"https:\/\/soledaddurazo.com\/#organization\"},\"image\":{\"@id\":\"https:\/\/soledaddurazo.com\/blog\/2023\/11\/07\/adolfo-salazar-no-se-registra-se-queda-colaborando-con-alfonso-durazo\/#primaryimage\"},\"thumbnailUrl\":\"https:\/\/soledaddurazo.com\/storage\/2023\/05\/9a-GRAFICO-FERNANDO-OROPEZA.jpeg\",\"articleSection\":[\"Fernando Oropeza\"],\"inLanguage\":\"es\",\"potentialAction\":[{\"@type\":\"CommentAction\",\"name\":\"Comment\",\"target\":[\"https:\/\/soledaddurazo.com\/blog\/2023\/11\/07\/adolfo-salazar-no-se-registra-se-queda-colaborando-con-alfonso-durazo\/#respond\"]}]},{\"@type\":\"Person\",\"@id\":\"https:\/\/soledaddurazo.com\/#\/schema\/person\/822d8e13aa288585e6546f179853758b\",\"name\":\"Redacci\\u00f3n\",\"image\":{\"@type\":\"ImageObject\",\"@id\":\"https:\/\/soledaddurazo.com\/#personlogo\",\"inLanguage\":\"es\",\"url\":\"https:\/\/secure.gravatar.com\/avatar\/c4e193752f756fd61f04deebed3a3a20dc188d37edb53682d313ac57f2725d54?s=96&d=mm&r=g\",\"contentUrl\":\"https:\/\/secure.gravatar.com\/avatar\/c4e193752f756fd61f04deebed3a3a20dc188d37edb53682d313ac57f2725d54?s=96&d=mm&r=g\",\"caption\":\"Redacci\\u00f3n\"},\"sameAs\":[\"https:\/\/soledaddurazo.com\"]}]}<\/script>\n ","yoast_head_json":{"title":"Adolfo Salazar no se registra, se queda colaborando con Alfonso Durazo - Periodista SoledadDurazo.com","robots":{"index":"index","follow":"follow","max-snippet":"max-snippet:-1","max-image-preview":"max-image-preview:large","max-video-preview":"max-video-preview:-1"},"canonical":"https:\/\/soledaddurazo.com\/blog\/2023\/11\/07\/adolfo-salazar-no-se-registra-se-queda-colaborando-con-alfonso-durazo\/","og_locale":"es_MX","og_type":"article","og_title":"Adolfo Salazar no se registra, se queda colaborando con Alfonso Durazo","og_description":"Aunque en los hechos, los tiempos electorales se han precipitado con un proceso de sucesi\u00f3n presidencial adelantado y con candidatos ya designados, los tiempos que marca la Ley para los procesos preelectorales apenas comienzan. En Morena, se public\u00f3 la convocatoria para el registro de los aspirantes a cualquiera de las 7 Diputaciones Federales disponibles y [&hellip;]","og_url":"https:\/\/soledaddurazo.com\/blog\/2023\/11\/07\/adolfo-salazar-no-se-registra-se-queda-colaborando-con-alfonso-durazo\/","og_site_name":"Periodista SoledadDurazo.com","article_publisher":"https:\/\/www.facebook.com\/soledad.durazo.9\/","article_published_time":"2023-11-07T23:41:55+00:00","article_modified_time":"2023-11-11T03:29:09+00:00","og_image":[{"width":1092,"height":983,"url":"https:\/\/soledaddurazo.com\/storage\/2023\/05\/9a-GRAFICO-FERNANDO-OROPEZA.jpeg","type":"image\/jpeg"}],"twitter_card":"summary_large_image","twitter_creator":"@SoledadDurazo","twitter_site":"@SoledadDurazo","twitter_misc":{"Escrito por":"Redacci\u00f3n","Tiempo de lectura":"7 minutos"},"schema":{"@context":"https:\/\/schema.org","@graph":[{"@type":"Organization","@id":"https:\/\/soledaddurazo.com\/#organization","name":"Soledad Durazo","url":"https:\/\/soledaddurazo.com\/","sameAs":["https:\/\/www.facebook.com\/soledad.durazo.9\/","https:\/\/www.instagram.com\/soledaddurazo","https:\/\/www.youtube.com\/channel\/UC9yGPw8-Vbl_B2XNkRwPS-w","https:\/\/twitter.com\/SoledadDurazo"],"logo":{"@type":"ImageObject","@id":"https:\/\/soledaddurazo.com\/#logo","inLanguage":"es","url":"https:\/\/soledaddurazo.com\/storage\/2021\/11\/nllp-720x375-1-2.png","contentUrl":"https:\/\/soledaddurazo.com\/storage\/2021\/11\/nllp-720x375-1-2.png","width":720,"height":375,"caption":"Soledad Durazo"},"image":{"@id":"https:\/\/soledaddurazo.com\/#logo"}},{"@type":"WebSite","@id":"https:\/\/soledaddurazo.com\/#website","url":"https:\/\/soledaddurazo.com\/","name":"Periodista SoledadDurazo.com","description":"Periodista sonorense. Directora de www.SoledadDurazo.com Columnista, conductora de radio y Tv. Catedr\u00e1tica en la UNISON","publisher":{"@id":"https:\/\/soledaddurazo.com\/#organization"},"potentialAction":[{"@type":"SearchAction","target":{"@type":"EntryPoint","urlTemplate":"https:\/\/soledaddurazo.com\/?s={search_term_string}"},"query-input":"required name=search_term_string"}],"inLanguage":"es"},{"@type":"ImageObject","@id":"https:\/\/soledaddurazo.com\/blog\/2023\/11\/07\/adolfo-salazar-no-se-registra-se-queda-colaborando-con-alfonso-durazo\/#primaryimage","inLanguage":"es","url":"https:\/\/soledaddurazo.com\/storage\/2023\/05\/9a-GRAFICO-FERNANDO-OROPEZA.jpeg","contentUrl":"https:\/\/soledaddurazo.com\/storage\/2023\/05\/9a-GRAFICO-FERNANDO-OROPEZA.jpeg","width":1092,"height":983},{"@type":"WebPage","@id":"https:\/\/soledaddurazo.com\/blog\/2023\/11\/07\/adolfo-salazar-no-se-registra-se-queda-colaborando-con-alfonso-durazo\/#webpage","url":"https:\/\/soledaddurazo.com\/blog\/2023\/11\/07\/adolfo-salazar-no-se-registra-se-queda-colaborando-con-alfonso-durazo\/","name":"Adolfo Salazar no se registra, se queda colaborando con Alfonso Durazo - Periodista SoledadDurazo.com","isPartOf":{"@id":"https:\/\/soledaddurazo.com\/#website"},"primaryImageOfPage":{"@id":"https:\/\/soledaddurazo.com\/blog\/2023\/11\/07\/adolfo-salazar-no-se-registra-se-queda-colaborando-con-alfonso-durazo\/#primaryimage"},"datePublished":"2023-11-07T23:41:55+00:00","dateModified":"2023-11-11T03:29:09+00:00","breadcrumb":{"@id":"https:\/\/soledaddurazo.com\/blog\/2023\/11\/07\/adolfo-salazar-no-se-registra-se-queda-colaborando-con-alfonso-durazo\/#breadcrumb"},"inLanguage":"es","potentialAction":[{"@type":"ReadAction","target":["https:\/\/soledaddurazo.com\/blog\/2023\/11\/07\/adolfo-salazar-no-se-registra-se-queda-colaborando-con-alfonso-durazo\/"]}]},{"@type":"BreadcrumbList","@id":"https:\/\/soledaddurazo.com\/blog\/2023\/11\/07\/adolfo-salazar-no-se-registra-se-queda-colaborando-con-alfonso-durazo\/#breadcrumb","itemListElement":[{"@type":"ListItem","position":1,"name":"Home","item":"https:\/\/soledaddurazo.com\/"},{"@type":"ListItem","position":2,"name":"Adolfo Salazar no se registra, se queda colaborando con Alfonso Durazo"}]},{"@type":"Article","@id":"https:\/\/soledaddurazo.com\/blog\/2023\/11\/07\/adolfo-salazar-no-se-registra-se-queda-colaborando-con-alfonso-durazo\/#article","isPartOf":{"@id":"https:\/\/soledaddurazo.com\/blog\/2023\/11\/07\/adolfo-salazar-no-se-registra-se-queda-colaborando-con-alfonso-durazo\/#webpage"},"author":{"@id":"https:\/\/soledaddurazo.com\/#\/schema\/person\/822d8e13aa288585e6546f179853758b"},"headline":"Adolfo Salazar no se registra, se queda colaborando con Alfonso Durazo","datePublished":"2023-11-07T23:41:55+00:00","dateModified":"2023-11-11T03:29:09+00:00","mainEntityOfPage":{"@id":"https:\/\/soledaddurazo.com\/blog\/2023\/11\/07\/adolfo-salazar-no-se-registra-se-queda-colaborando-con-alfonso-durazo\/#webpage"},"wordCount":1483,"commentCount":0,"publisher":{"@id":"https:\/\/soledaddurazo.com\/#organization"},"image":{"@id":"https:\/\/soledaddurazo.com\/blog\/2023\/11\/07\/adolfo-salazar-no-se-registra-se-queda-colaborando-con-alfonso-durazo\/#primaryimage"},"thumbnailUrl":"https:\/\/soledaddurazo.com\/storage\/2023\/05\/9a-GRAFICO-FERNANDO-OROPEZA.jpeg","articleSection":["Fernando Oropeza"],"inLanguage":"es","potentialAction":[{"@type":"CommentAction","name":"Comment","target":["https:\/\/soledaddurazo.com\/blog\/2023\/11\/07\/adolfo-salazar-no-se-registra-se-queda-colaborando-con-alfonso-durazo\/#respond"]}]},{"@type":"Person","@id":"https:\/\/soledaddurazo.com\/#\/schema\/person\/822d8e13aa288585e6546f179853758b","name":"Redacci\u00f3n","image":{"@type":"ImageObject","@id":"https:\/\/soledaddurazo.com\/#personlogo","inLanguage":"es","url":"https:\/\/secure.gravatar.com\/avatar\/c4e193752f756fd61f04deebed3a3a20dc188d37edb53682d313ac57f2725d54?s=96&d=mm&r=g","contentUrl":"https:\/\/secure.gravatar.com\/avatar\/c4e193752f756fd61f04deebed3a3a20dc188d37edb53682d313ac57f2725d54?s=96&d=mm&r=g","caption":"Redacci\u00f3n"},"sameAs":["https:\/\/soledaddurazo.com"]}]}},"_links":{"self":[{"href":"https:\/\/soledaddurazo.com\/api\/wp\/v2\/posts\/19033","targetHints":{"allow":["GET"]}}],"collection":[{"href":"https:\/\/soledaddurazo.com\/api\/wp\/v2\/posts"}],"about":[{"href":"https:\/\/soledaddurazo.com\/api\/wp\/v2\/types\/post"}],"author":[{"embeddable":true,"href":"https:\/\/soledaddurazo.com\/api\/wp\/v2\/users\/1"}],"replies":[{"embeddable":true,"href":"https:\/\/soledaddurazo.com\/api\/wp\/v2\/comments?post=19033"}],"version-history":[{"count":1,"href":"https:\/\/soledaddurazo.com\/api\/wp\/v2\/posts\/19033\/revisions"}],"predecessor-version":[{"id":19034,"href":"https:\/\/soledaddurazo.com\/api\/wp\/v2\/posts\/19033\/revisions\/19034"}],"wp:featuredmedia":[{"embeddable":true,"href":"https:\/\/soledaddurazo.com\/api\/wp\/v2\/media\/17729"}],"wp:attachment":[{"href":"https:\/\/soledaddurazo.com\/api\/wp\/v2\/media?parent=19033"}],"wp:term":[{"taxonomy":"category","embeddable":true,"href":"https:\/\/soledaddurazo.com\/api\/wp\/v2\/categories?post=19033"},{"taxonomy":"post_tag","embeddable":true,"href":"https:\/\/soledaddurazo.com\/api\/wp\/v2\/tags?post=19033"}],"curies":[{"name":"wp","href":"https:\/\/api.w.org\/{rel}","templated":true}]}}