{"id":19029,"date":"2023-11-07T16:21:05","date_gmt":"2023-11-07T23:21:05","guid":{"rendered":"https:\/\/soledaddurazo.com\/?p=19029"},"modified":"2023-11-07T16:37:00","modified_gmt":"2023-11-07T23:37:00","slug":"cafe-con-o-sin-azucar","status":"publish","type":"post","link":"https:\/\/soledaddurazo.com\/blog\/2023\/11\/07\/cafe-con-o-sin-azucar\/","title":{"rendered":"Caf\u00e9 con o sin az\u00facar"},"content":{"rendered":"<p>Son muchas las opiniones que giran en torno al tomar caf\u00e9 sin az\u00facar y al a\u00f1adido de endulzantes naturales o artificiales. En una encuesta realizada en Caracas, 9 de cada 10 personas que consumen caf\u00e9 habitualmente suelen utilizar az\u00facar, marcando una tendencia clara hacia la adici\u00f3n de endulzantes.<\/p>\n<p>Por lo general en el \u00e1mbito gastron\u00f3mico la utilizaci\u00f3n del az\u00facar y sal es aplicada como potenciador del sabor, sin embargo, cuando el az\u00facar es empleado en el caf\u00e9 se obtiene el resultado contrario.<\/p>\n<p>El consumidor de caf\u00e9 que suele tomarlo con az\u00facar por lo general no busca potenciar su sabor, sino, \u201cenmascarar\u201d su sabor amargo. El \u00e1cido qu\u00edmico y cafeico son sustancias presentes en el caf\u00e9, las cuales producen su sabor amargo natural y dependiendo del origen, cosecha y proceso de producci\u00f3n puede estar presente en mayor o menor medida.<\/p>\n<p><a href=\"https:\/\/soledaddurazo.com\/storage\/2023\/11\/f768x1-619957_620084_15.jpg\"><img loading=\"lazy\" decoding=\"async\" class=\"aligncenter size-full wp-image-19027\" src=\"https:\/\/soledaddurazo.com\/storage\/2023\/11\/f768x1-619957_620084_15.jpg\" alt=\"\" width=\"768\" height=\"511\" srcset=\"https:\/\/soledaddurazo.com\/storage\/2023\/11\/f768x1-619957_620084_15.jpg 768w, https:\/\/soledaddurazo.com\/storage\/2023\/11\/f768x1-619957_620084_15-300x200.jpg 300w, https:\/\/soledaddurazo.com\/storage\/2023\/11\/f768x1-619957_620084_15-600x399.jpg 600w, https:\/\/soledaddurazo.com\/storage\/2023\/11\/f768x1-619957_620084_15-750x499.jpg 750w\" sizes=\"auto, (max-width: 768px) 100vw, 768px\" \/><\/a><\/p>\n<h2>Beneficios de tomar caf\u00e9 sin az\u00facar<\/h2>\n<p>A pesar de lo placentero que puede ser disfrutar de un caf\u00e9 \u201ccon dos de az\u00facar\u201d, al a\u00f1adir endulzantes adem\u00e1s de modificar su sabor original nos estamos perdiendo de una serie de beneficios que aporta tomar el caf\u00e9 de forma natural.<\/p>\n<p>Diversos estudios cient\u00edficos sugieren que consumir caf\u00e9 sin az\u00facar puede aportar varios beneficios a nuestro cuerpo:<\/p>\n<ul>\n<li>Ayuda a prevenir enfermedades asociadas al h\u00edgado.<\/li>\n<li>Previene el c\u00e1ncer gracias a la presencia del \u00e1cido cafeico.<\/li>\n<li>Aporta una cantidad importante de antioxidantes.<\/li>\n<li>Previene la tendencia a padecer diabetes.<\/li>\n<li>Facilita la funci\u00f3n digestiva.<\/li>\n<li>Favorece la funci\u00f3n cardiovascular.<\/li>\n<li>Disminuye la aparici\u00f3n de celulitis en la piel.<\/li>\n<li>Regulariza la funci\u00f3n metab\u00f3lica y contribuye a la p\u00e9rdida de peso.<\/li>\n<\/ul>\n<h2>\u00bfY c\u00f3mo se debe tomar el caf\u00e9?<\/h2>\n<p>Algo que se debe tomar en cuenta es que tomar caf\u00e9 es una experiencia placentera para todo el que lo disfruta, por lo tanto, la adici\u00f3n de edulcorantes va en funci\u00f3n de los gustos particulares. Lo recomendable, es que, si queremos disfrutar de los beneficios que este aporta, es mejor tomar caf\u00e9 sin az\u00facar o endulzarlo en menor medida.<\/p>\n<p>Tambi\u00e9n es importante saber que disfrutar de un buen caf\u00e9 sin az\u00facar permite reconocer su aroma y sabor aut\u00e9ntico, y entrena nuestro paladar para reconocer las mejores cosechas.<\/p>\n<p><strong>Fuente: caracasquierecafe.com<\/strong><\/p>\n","protected":false},"excerpt":{"rendered":"<p>Son muchas las opiniones que giran en torno al tomar caf\u00e9 sin az\u00facar y al a\u00f1adido de endulzantes naturales o artificiales. En una encuesta realizada en Caracas, 9 de cada 10 personas que consumen caf\u00e9 habitualmente suelen utilizar az\u00facar, marcando una tendencia clara hacia la adici\u00f3n de endulzantes. Por lo general en el \u00e1mbito gastron\u00f3mico [&hellip;]<\/p>\n","protected":false},"author":1,"featured_media":19026,"comment_status":"open","ping_status":"open","sticky":false,"template":"","format":"standard","meta":{"footnotes":""},"categories":[153],"tags":[],"class_list":["post"],"yoast_head":" \n<title>Caf\u00e9 con o sin az\u00facar - Periodista SoledadDurazo.com<\/title>\n<meta name=\"robots\" content=\"index, follow, max-snippet:-1, max-image-preview:large, max-video-preview:-1\" \/>\n<link rel=\"canonical\" href=\"https:\/\/soledaddurazo.com\/blog\/2023\/11\/07\/cafe-con-o-sin-azucar\/\" \/>\n<meta property=\"og:locale\" content=\"es_MX\" \/>\n<meta property=\"og:type\" content=\"article\" \/>\n<meta property=\"og:title\" content=\"Caf\u00e9 con o sin az\u00facar\" \/>\n<meta property=\"og:description\" content=\"Son muchas las opiniones que giran en torno al tomar caf\u00e9 sin az\u00facar y al a\u00f1adido de endulzantes naturales o artificiales. En una encuesta realizada en Caracas, 9 de cada 10 personas que consumen caf\u00e9 habitualmente suelen utilizar az\u00facar, marcando una tendencia clara hacia la adici\u00f3n de endulzantes. Por lo general en el \u00e1mbito gastron\u00f3mico [&hellip;]\" \/>\n<meta property=\"og:url\" content=\"https:\/\/soledaddurazo.com\/blog\/2023\/11\/07\/cafe-con-o-sin-azucar\/\" \/>\n<meta property=\"og:site_name\" content=\"Periodista SoledadDurazo.com\" \/>\n<meta property=\"article:publisher\" content=\"https:\/\/www.facebook.com\/soledad.durazo.9\/\" \/>\n<meta property=\"article:published_time\" content=\"2023-11-07T23:21:05+00:00\" \/>\n<meta property=\"article:modified_time\" content=\"2023-11-07T23:37:00+00:00\" \/>\n<meta property=\"og:image\" content=\"https:\/\/soledaddurazo.com\/storage\/2023\/11\/una-taza-blanca-de-cafe-recogiendo-la-bebida-de-una-maquina-62139ccaa5c40.jpg\" \/>\n\t<meta property=\"og:image:width\" content=\"1200\" \/>\n\t<meta property=\"og:image:height\" content=\"800\" \/>\n<meta name=\"twitter:card\" content=\"summary_large_image\" \/>\n<meta name=\"twitter:creator\" content=\"@SoledadDurazo\" \/>\n<meta name=\"twitter:site\" content=\"@SoledadDurazo\" \/>\n<meta name=\"twitter:label1\" content=\"Escrito por\" \/>\n\t<meta name=\"twitter:data1\" content=\"Redacci\u00f3n\" \/>\n\t<meta name=\"twitter:label2\" content=\"Tiempo de lectura\" \/>\n\t<meta name=\"twitter:data2\" content=\"2 minutos\" \/>\n<script type=\"application\/ld+json\" class=\"yoast-schema-graph\">{\"@context\":\"https:\/\/schema.org\",\"@graph\":[{\"@type\":\"Organization\",\"@id\":\"https:\/\/soledaddurazo.com\/#organization\",\"name\":\"Soledad Durazo\",\"url\":\"https:\/\/soledaddurazo.com\/\",\"sameAs\":[\"https:\/\/www.facebook.com\/soledad.durazo.9\/\",\"https:\/\/www.instagram.com\/soledaddurazo\",\"https:\/\/www.youtube.com\/channel\/UC9yGPw8-Vbl_B2XNkRwPS-w\",\"https:\/\/twitter.com\/SoledadDurazo\"],\"logo\":{\"@type\":\"ImageObject\",\"@id\":\"https:\/\/soledaddurazo.com\/#logo\",\"inLanguage\":\"es\",\"url\":\"https:\/\/soledaddurazo.com\/storage\/2021\/11\/nllp-720x375-1-2.png\",\"contentUrl\":\"https:\/\/soledaddurazo.com\/storage\/2021\/11\/nllp-720x375-1-2.png\",\"width\":720,\"height\":375,\"caption\":\"Soledad Durazo\"},\"image\":{\"@id\":\"https:\/\/soledaddurazo.com\/#logo\"}},{\"@type\":\"WebSite\",\"@id\":\"https:\/\/soledaddurazo.com\/#website\",\"url\":\"https:\/\/soledaddurazo.com\/\",\"name\":\"Periodista SoledadDurazo.com\",\"description\":\"Periodista sonorense. Directora de www.SoledadDurazo.com Columnista, conductora de radio y Tv. Catedr\\u00e1tica en la UNISON\",\"publisher\":{\"@id\":\"https:\/\/soledaddurazo.com\/#organization\"},\"potentialAction\":[{\"@type\":\"SearchAction\",\"target\":{\"@type\":\"EntryPoint\",\"urlTemplate\":\"https:\/\/soledaddurazo.com\/?s={search_term_string}\"},\"query-input\":\"required name=search_term_string\"}],\"inLanguage\":\"es\"},{\"@type\":\"ImageObject\",\"@id\":\"https:\/\/soledaddurazo.com\/blog\/2023\/11\/07\/cafe-con-o-sin-azucar\/#primaryimage\",\"inLanguage\":\"es\",\"url\":\"https:\/\/soledaddurazo.com\/storage\/2023\/11\/una-taza-blanca-de-cafe-recogiendo-la-bebida-de-una-maquina-62139ccaa5c40.jpg\",\"contentUrl\":\"https:\/\/soledaddurazo.com\/storage\/2023\/11\/una-taza-blanca-de-cafe-recogiendo-la-bebida-de-una-maquina-62139ccaa5c40.jpg\",\"width\":1200,\"height\":800},{\"@type\":\"WebPage\",\"@id\":\"https:\/\/soledaddurazo.com\/blog\/2023\/11\/07\/cafe-con-o-sin-azucar\/#webpage\",\"url\":\"https:\/\/soledaddurazo.com\/blog\/2023\/11\/07\/cafe-con-o-sin-azucar\/\",\"name\":\"Caf\\u00e9 con o sin az\\u00facar - Periodista SoledadDurazo.com\",\"isPartOf\":{\"@id\":\"https:\/\/soledaddurazo.com\/#website\"},\"primaryImageOfPage\":{\"@id\":\"https:\/\/soledaddurazo.com\/blog\/2023\/11\/07\/cafe-con-o-sin-azucar\/#primaryimage\"},\"datePublished\":\"2023-11-07T23:21:05+00:00\",\"dateModified\":\"2023-11-07T23:37:00+00:00\",\"breadcrumb\":{\"@id\":\"https:\/\/soledaddurazo.com\/blog\/2023\/11\/07\/cafe-con-o-sin-azucar\/#breadcrumb\"},\"inLanguage\":\"es\",\"potentialAction\":[{\"@type\":\"ReadAction\",\"target\":[\"https:\/\/soledaddurazo.com\/blog\/2023\/11\/07\/cafe-con-o-sin-azucar\/\"]}]},{\"@type\":\"BreadcrumbList\",\"@id\":\"https:\/\/soledaddurazo.com\/blog\/2023\/11\/07\/cafe-con-o-sin-azucar\/#breadcrumb\",\"itemListElement\":[{\"@type\":\"ListItem\",\"position\":1,\"name\":\"Home\",\"item\":\"https:\/\/soledaddurazo.com\/\"},{\"@type\":\"ListItem\",\"position\":2,\"name\":\"Caf\\u00e9 con o sin az\\u00facar\"}]},{\"@type\":\"Article\",\"@id\":\"https:\/\/soledaddurazo.com\/blog\/2023\/11\/07\/cafe-con-o-sin-azucar\/#article\",\"isPartOf\":{\"@id\":\"https:\/\/soledaddurazo.com\/blog\/2023\/11\/07\/cafe-con-o-sin-azucar\/#webpage\"},\"author\":{\"@id\":\"https:\/\/soledaddurazo.com\/#\/schema\/person\/822d8e13aa288585e6546f179853758b\"},\"headline\":\"Caf\\u00e9 con o sin az\\u00facar\",\"datePublished\":\"2023-11-07T23:21:05+00:00\",\"dateModified\":\"2023-11-07T23:37:00+00:00\",\"mainEntityOfPage\":{\"@id\":\"https:\/\/soledaddurazo.com\/blog\/2023\/11\/07\/cafe-con-o-sin-azucar\/#webpage\"},\"wordCount\":391,\"commentCount\":0,\"publisher\":{\"@id\":\"https:\/\/soledaddurazo.com\/#organization\"},\"image\":{\"@id\":\"https:\/\/soledaddurazo.com\/blog\/2023\/11\/07\/cafe-con-o-sin-azucar\/#primaryimage\"},\"thumbnailUrl\":\"https:\/\/soledaddurazo.com\/storage\/2023\/11\/una-taza-blanca-de-cafe-recogiendo-la-bebida-de-una-maquina-62139ccaa5c40.jpg\",\"articleSection\":[\"principal\"],\"inLanguage\":\"es\",\"potentialAction\":[{\"@type\":\"CommentAction\",\"name\":\"Comment\",\"target\":[\"https:\/\/soledaddurazo.com\/blog\/2023\/11\/07\/cafe-con-o-sin-azucar\/#respond\"]}]},{\"@type\":\"Person\",\"@id\":\"https:\/\/soledaddurazo.com\/#\/schema\/person\/822d8e13aa288585e6546f179853758b\",\"name\":\"Redacci\\u00f3n\",\"image\":{\"@type\":\"ImageObject\",\"@id\":\"https:\/\/soledaddurazo.com\/#personlogo\",\"inLanguage\":\"es\",\"url\":\"https:\/\/secure.gravatar.com\/avatar\/c4e193752f756fd61f04deebed3a3a20dc188d37edb53682d313ac57f2725d54?s=96&d=mm&r=g\",\"contentUrl\":\"https:\/\/secure.gravatar.com\/avatar\/c4e193752f756fd61f04deebed3a3a20dc188d37edb53682d313ac57f2725d54?s=96&d=mm&r=g\",\"caption\":\"Redacci\\u00f3n\"},\"sameAs\":[\"https:\/\/soledaddurazo.com\"]}]}<\/script>\n ","yoast_head_json":{"title":"Caf\u00e9 con o sin az\u00facar - Periodista SoledadDurazo.com","robots":{"index":"index","follow":"follow","max-snippet":"max-snippet:-1","max-image-preview":"max-image-preview:large","max-video-preview":"max-video-preview:-1"},"canonical":"https:\/\/soledaddurazo.com\/blog\/2023\/11\/07\/cafe-con-o-sin-azucar\/","og_locale":"es_MX","og_type":"article","og_title":"Caf\u00e9 con o sin az\u00facar","og_description":"Son muchas las opiniones que giran en torno al tomar caf\u00e9 sin az\u00facar y al a\u00f1adido de endulzantes naturales o artificiales. En una encuesta realizada en Caracas, 9 de cada 10 personas que consumen caf\u00e9 habitualmente suelen utilizar az\u00facar, marcando una tendencia clara hacia la adici\u00f3n de endulzantes. Por lo general en el \u00e1mbito gastron\u00f3mico [&hellip;]","og_url":"https:\/\/soledaddurazo.com\/blog\/2023\/11\/07\/cafe-con-o-sin-azucar\/","og_site_name":"Periodista SoledadDurazo.com","article_publisher":"https:\/\/www.facebook.com\/soledad.durazo.9\/","article_published_time":"2023-11-07T23:21:05+00:00","article_modified_time":"2023-11-07T23:37:00+00:00","og_image":[{"width":1200,"height":800,"url":"https:\/\/soledaddurazo.com\/storage\/2023\/11\/una-taza-blanca-de-cafe-recogiendo-la-bebida-de-una-maquina-62139ccaa5c40.jpg","type":"image\/jpeg"}],"twitter_card":"summary_large_image","twitter_creator":"@SoledadDurazo","twitter_site":"@SoledadDurazo","twitter_misc":{"Escrito por":"Redacci\u00f3n","Tiempo de lectura":"2 minutos"},"schema":{"@context":"https:\/\/schema.org","@graph":[{"@type":"Organization","@id":"https:\/\/soledaddurazo.com\/#organization","name":"Soledad Durazo","url":"https:\/\/soledaddurazo.com\/","sameAs":["https:\/\/www.facebook.com\/soledad.durazo.9\/","https:\/\/www.instagram.com\/soledaddurazo","https:\/\/www.youtube.com\/channel\/UC9yGPw8-Vbl_B2XNkRwPS-w","https:\/\/twitter.com\/SoledadDurazo"],"logo":{"@type":"ImageObject","@id":"https:\/\/soledaddurazo.com\/#logo","inLanguage":"es","url":"https:\/\/soledaddurazo.com\/storage\/2021\/11\/nllp-720x375-1-2.png","contentUrl":"https:\/\/soledaddurazo.com\/storage\/2021\/11\/nllp-720x375-1-2.png","width":720,"height":375,"caption":"Soledad Durazo"},"image":{"@id":"https:\/\/soledaddurazo.com\/#logo"}},{"@type":"WebSite","@id":"https:\/\/soledaddurazo.com\/#website","url":"https:\/\/soledaddurazo.com\/","name":"Periodista SoledadDurazo.com","description":"Periodista sonorense. Directora de www.SoledadDurazo.com Columnista, conductora de radio y Tv. Catedr\u00e1tica en la UNISON","publisher":{"@id":"https:\/\/soledaddurazo.com\/#organization"},"potentialAction":[{"@type":"SearchAction","target":{"@type":"EntryPoint","urlTemplate":"https:\/\/soledaddurazo.com\/?s={search_term_string}"},"query-input":"required name=search_term_string"}],"inLanguage":"es"},{"@type":"ImageObject","@id":"https:\/\/soledaddurazo.com\/blog\/2023\/11\/07\/cafe-con-o-sin-azucar\/#primaryimage","inLanguage":"es","url":"https:\/\/soledaddurazo.com\/storage\/2023\/11\/una-taza-blanca-de-cafe-recogiendo-la-bebida-de-una-maquina-62139ccaa5c40.jpg","contentUrl":"https:\/\/soledaddurazo.com\/storage\/2023\/11\/una-taza-blanca-de-cafe-recogiendo-la-bebida-de-una-maquina-62139ccaa5c40.jpg","width":1200,"height":800},{"@type":"WebPage","@id":"https:\/\/soledaddurazo.com\/blog\/2023\/11\/07\/cafe-con-o-sin-azucar\/#webpage","url":"https:\/\/soledaddurazo.com\/blog\/2023\/11\/07\/cafe-con-o-sin-azucar\/","name":"Caf\u00e9 con o sin az\u00facar - Periodista SoledadDurazo.com","isPartOf":{"@id":"https:\/\/soledaddurazo.com\/#website"},"primaryImageOfPage":{"@id":"https:\/\/soledaddurazo.com\/blog\/2023\/11\/07\/cafe-con-o-sin-azucar\/#primaryimage"},"datePublished":"2023-11-07T23:21:05+00:00","dateModified":"2023-11-07T23:37:00+00:00","breadcrumb":{"@id":"https:\/\/soledaddurazo.com\/blog\/2023\/11\/07\/cafe-con-o-sin-azucar\/#breadcrumb"},"inLanguage":"es","potentialAction":[{"@type":"ReadAction","target":["https:\/\/soledaddurazo.com\/blog\/2023\/11\/07\/cafe-con-o-sin-azucar\/"]}]},{"@type":"BreadcrumbList","@id":"https:\/\/soledaddurazo.com\/blog\/2023\/11\/07\/cafe-con-o-sin-azucar\/#breadcrumb","itemListElement":[{"@type":"ListItem","position":1,"name":"Home","item":"https:\/\/soledaddurazo.com\/"},{"@type":"ListItem","position":2,"name":"Caf\u00e9 con o sin az\u00facar"}]},{"@type":"Article","@id":"https:\/\/soledaddurazo.com\/blog\/2023\/11\/07\/cafe-con-o-sin-azucar\/#article","isPartOf":{"@id":"https:\/\/soledaddurazo.com\/blog\/2023\/11\/07\/cafe-con-o-sin-azucar\/#webpage"},"author":{"@id":"https:\/\/soledaddurazo.com\/#\/schema\/person\/822d8e13aa288585e6546f179853758b"},"headline":"Caf\u00e9 con o sin az\u00facar","datePublished":"2023-11-07T23:21:05+00:00","dateModified":"2023-11-07T23:37:00+00:00","mainEntityOfPage":{"@id":"https:\/\/soledaddurazo.com\/blog\/2023\/11\/07\/cafe-con-o-sin-azucar\/#webpage"},"wordCount":391,"commentCount":0,"publisher":{"@id":"https:\/\/soledaddurazo.com\/#organization"},"image":{"@id":"https:\/\/soledaddurazo.com\/blog\/2023\/11\/07\/cafe-con-o-sin-azucar\/#primaryimage"},"thumbnailUrl":"https:\/\/soledaddurazo.com\/storage\/2023\/11\/una-taza-blanca-de-cafe-recogiendo-la-bebida-de-una-maquina-62139ccaa5c40.jpg","articleSection":["principal"],"inLanguage":"es","potentialAction":[{"@type":"CommentAction","name":"Comment","target":["https:\/\/soledaddurazo.com\/blog\/2023\/11\/07\/cafe-con-o-sin-azucar\/#respond"]}]},{"@type":"Person","@id":"https:\/\/soledaddurazo.com\/#\/schema\/person\/822d8e13aa288585e6546f179853758b","name":"Redacci\u00f3n","image":{"@type":"ImageObject","@id":"https:\/\/soledaddurazo.com\/#personlogo","inLanguage":"es","url":"https:\/\/secure.gravatar.com\/avatar\/c4e193752f756fd61f04deebed3a3a20dc188d37edb53682d313ac57f2725d54?s=96&d=mm&r=g","contentUrl":"https:\/\/secure.gravatar.com\/avatar\/c4e193752f756fd61f04deebed3a3a20dc188d37edb53682d313ac57f2725d54?s=96&d=mm&r=g","caption":"Redacci\u00f3n"},"sameAs":["https:\/\/soledaddurazo.com"]}]}},"_links":{"self":[{"href":"https:\/\/soledaddurazo.com\/api\/wp\/v2\/posts\/19029","targetHints":{"allow":["GET"]}}],"collection":[{"href":"https:\/\/soledaddurazo.com\/api\/wp\/v2\/posts"}],"about":[{"href":"https:\/\/soledaddurazo.com\/api\/wp\/v2\/types\/post"}],"author":[{"embeddable":true,"href":"https:\/\/soledaddurazo.com\/api\/wp\/v2\/users\/1"}],"replies":[{"embeddable":true,"href":"https:\/\/soledaddurazo.com\/api\/wp\/v2\/comments?post=19029"}],"version-history":[{"count":2,"href":"https:\/\/soledaddurazo.com\/api\/wp\/v2\/posts\/19029\/revisions"}],"predecessor-version":[{"id":19032,"href":"https:\/\/soledaddurazo.com\/api\/wp\/v2\/posts\/19029\/revisions\/19032"}],"wp:featuredmedia":[{"embeddable":true,"href":"https:\/\/soledaddurazo.com\/api\/wp\/v2\/media\/19026"}],"wp:attachment":[{"href":"https:\/\/soledaddurazo.com\/api\/wp\/v2\/media?parent=19029"}],"wp:term":[{"taxonomy":"category","embeddable":true,"href":"https:\/\/soledaddurazo.com\/api\/wp\/v2\/categories?post=19029"},{"taxonomy":"post_tag","embeddable":true,"href":"https:\/\/soledaddurazo.com\/api\/wp\/v2\/tags?post=19029"}],"curies":[{"name":"wp","href":"https:\/\/api.w.org\/{rel}","templated":true}]}}