{"id":19020,"date":"2023-11-07T16:01:02","date_gmt":"2023-11-07T23:01:02","guid":{"rendered":"https:\/\/soledaddurazo.com\/?p=19020"},"modified":"2023-11-07T16:33:05","modified_gmt":"2023-11-07T23:33:05","slug":"papa-antes-que-mama-las-primeras-palabras-del-bebe","status":"publish","type":"post","link":"https:\/\/soledaddurazo.com\/blog\/2023\/11\/07\/papa-antes-que-mama-las-primeras-palabras-del-bebe\/","title":{"rendered":"Pap\u00e1 antes que Mam\u00e1. Las primeras palabras del beb\u00e9"},"content":{"rendered":"<p>Se trata de algo que genera decepci\u00f3n y frustraci\u00f3n en muchas mujeres, sobre todo posterior a una <a href=\"https:\/\/www.guiainfantil.com\/salud\/embarazo\/desarrollo\/noveno_mes_de_embarazo.htm\">gestaci\u00f3n de 9 meses<\/a>\u00a0con todas las implicaciones metab\u00f3licas, emocionales y f\u00edsicas que el\u00a0<a href=\"https:\/\/www.guiainfantil.com\/salud\/embarazo\/indice.htm\">embarazo<\/a>\u00a0implica, pero debo informarles de que el hecho de que\u00a0<strong>el ni\u00f1o diga antes pap\u00e1 que mam\u00e1<\/strong>\u00a0no es porque sienta mayor preferencia por la figura masculina y menos por la femenina, es por un evento asociado a su desarrollo que a continuaci\u00f3n paso a explicarte en profundidad.<\/p>\n<p><strong>Cu\u00e1ndo y c\u00f3mo comienzan los beb\u00e9s a hablar<\/strong><\/p>\n<p>&nbsp;<\/p>\n<p>El proceso de ganancia de lenguaje expresivo oral espont\u00e1neo en los lactantes se va dando en conjunto con diversos hitos del desarrollo vinculados al componente motor, entre otros; y es por ello que todo beb\u00e9 debe\u00a0<a href=\"https:\/\/www.guiainfantil.com\/educacion\/desarrollo\/bebealnino.htm\">pasar por unas etapas\u00a0<\/a>que nos hablan tambi\u00e9n de su desarrollo neurol\u00f3gico.<\/p>\n<p>F\u00edjense, uno de los principales componentes evidenciados en el desarrollo motor es cuando\u00a0<a href=\"https:\/\/www.guiainfantil.com\/1508\/el-control-de-la-cabeza-de-los-bebes.html\">sostienen su cabeza,<\/a>\u00a0luego en sus cunas o camitas pasan a buscar rotar o rolar. Una vez logrado este paso, comienzan a sentarse (sedestaci\u00f3n) y, en este paso entre el rolar y el sentarse, que suele darse alrededor de los 4-6 meses de edad, el beb\u00e9 desarrolla lo que se denomina fase oral.<\/p>\n<p>Y es en esta fase, descrita principalmente por Sigmund Freud, reconocido psicoanalista, cuando comienzan los lactantes a llevar sus manos y los objetos que tengan\u00a0<a href=\"https:\/\/www.guiainfantil.com\/blog\/673\/mi-bebe-se-lleva-todo-a-la-boca-que-hago.html\">al alcance a su boca.<\/a>\u00a0Esto lo ejecutan para inspeccionar los materiales con sus labios, ya que obtienen como resultado satisfacci\u00f3n y alegr\u00eda.<\/p>\n<p>Al ser un acto que les da placer, buscan constantemente unir sus labios, ya sea a un elemento inanimado o animado (porque incluso lo hacen con\u00a0sus mascotas o mejillas de sus familiares cercanos) o simplemente buscan unirlos entre s\u00ed.<\/p>\n<p><strong>\u00bfPor qu\u00e9 los beb\u00e9s dicen pap\u00e1 antes que mam\u00e1?<\/strong><\/p>\n<p>La letra \/p\/ es por definici\u00f3n un fonema de articulaci\u00f3n bilabial, es decir, se emite con la uni\u00f3n de los 2 labios, sin la vibraci\u00f3n de las\u00a0<a href=\"https:\/\/www.guiainfantil.com\/articulos\/salud\/trastornos\/nodulos-en-las-cuerdas-vocales-de-los-ninos\/\">cuerdas vocales<\/a>. Si a esto le unimos un ni\u00f1o que se encuentra en fase oral y que de forma constante y placentera va a contactar sus labios, m\u00e1s un fonema que solo necesita este \u00f3rgano fonoarticulatorio, la emisi\u00f3n de la \/p\/ es mucho m\u00e1s f\u00e1cil y unida a la salida de aire contenido en la cavidad oral que puede semejar la \/a\/ sale el tan ansiado pa-pa.<\/p>\n<p>Ahora, \u00bfqu\u00e9 sucede con la letra \/m\/? Aqu\u00ed el asunto cambia, ya que amerita el uso de otras estructuras fonoarticulatorias, haciendo\u00a0<a href=\"https:\/\/www.guiainfantil.com\/1042\/dislalia-infantil.html\">su pronunciaci\u00f3n<\/a>\u00a0un proceso poco m\u00e1s complejo. A pesar de ser un fonema bilabial, requiere la vibraci\u00f3n de cuerdas vocales y la activaci\u00f3n de las cavidades de resonancia (far\u00edngea, oral y nasal) y, es por esto, que es un tanto m\u00e1s dif\u00edcil decir ma-ma que pa-pa.<\/p>\n<p>No obstante, es importante acotar que este primer estadio del\u00a0<a href=\"https:\/\/www.guiainfantil.com\/blog\/303\/las-primeras-palabras-de-los-bebes-mama-papa-agua.html\">desarrollo expresivo oral\u00a0<\/a>no es tan espont\u00e1neo como se piensa, es decir,\u00a0<strong>cuando pronuncian pa-pa o ma-ma generalmente\u00a0no es para dirigirse de forma directa a su progenitor o progenitora<\/strong>\u00a0o porque sientan m\u00e1s afinidad hacia uno que hacia el otro, lo hacen de forma indistinta, tanto as\u00ed que pueden decirle a cualquier mujer ma-ma y a cualquier hombre pa-pa hasta que avanzan en sus estadios madurativos.<\/p>\n<p>Un elemento que comienza a hacerse diferenciador es la reacci\u00f3n del adulto ante la\u00a0<a href=\"https:\/\/www.guiainfantil.com\/articulos\/bebes\/primeras-palabras\/7-juegos-divertidos-para-ayudar-a-hablar-a-tu-bebe\/\">emisi\u00f3n de las s\u00edlabas.\u00a0<\/a>Progresivamente los ni\u00f1os se van dando cuenta que al decir ma-ma o pa-pa generan emoci\u00f3n en sus cuidadores, lo cual les permite ir canalizando paso a paso el impacto que genera y que m\u00e1s adelante dar\u00e1 satisfacci\u00f3n a sus necesidades.<\/p>\n<p>Como toda etapa es algo circunstancial y ef\u00edmero. Cuando el lenguaje expresivo oral se hace cada vez m\u00e1s espont\u00e1neo y comienzan a decir mam\u00e1 o pap\u00e1 a cada rato para pedir cosas o\u00a0<a href=\"https:\/\/www.guiainfantil.com\/blog\/familia\/hermanos\/la-importancia-de-los-hermanos-desde-la-infancia-a-la-vejez\/\">acusar al hermano o hermana<\/a>\u00a0a altos niveles de intensidad vocal, muchos padres se preguntan si de verdad ansiaban tanto la pronunciaci\u00f3n de esta palabra.<\/p>\n<p><strong>Etapas y desarrollo del beb\u00e9 mes a mes<\/strong><\/p>\n<ul>\n<li><\/li>\n<\/ul>\n<p><a href=\"https:\/\/www.guiainfantil.com\/educacion\/desarrollo\/cuatro_meses.htm\">Desarrollo del Beb\u00e9 de 4 meses<\/a>.\u00a0\u00bfTu beb\u00e9 tiene cuatro meses? \u00a1Seguro que est\u00e1 para com\u00e9rselo! Conoce las etapas de desarrollo f\u00edsico, emocional y psicol\u00f3gico de los primeros 4 meses del beb\u00e9, tambi\u00e9n, c\u00f3mo estimular a tu beb\u00e9 a esta edad y c\u00f3mo tiene que ser su alimentaci\u00f3n y cuidados del beb\u00e9 en este periodo de su vida.<\/p>\n<p><a href=\"https:\/\/www.guiainfantil.com\/educacion\/desarrollo\/cinco_meses.htm\">C\u00f3mo crece y qu\u00e9 aprende un Beb\u00e9 de 5 meses<\/a>.\u00a0Conozca las etapas de desarrollo mental y f\u00edsico en los los beb\u00e9s de cinco meses y, tambi\u00e9n, como estimular a los beb\u00e9s de 5 meses y acompa\u00f1ar su evoluci\u00f3n mes a mes. Por \u00faltimo, te explicamos c\u00f3mo es y qu\u00e9 puede hacer un beb\u00e9 de cinco meses de vida.<\/p>\n<p><a href=\"https:\/\/www.guiainfantil.com\/educacion\/desarrollo\/seis_meses.htm\">Qu\u00e9 puede hacer un Beb\u00e9 de seis meses<\/a>.\u00a0\u00a1Y tu beb\u00e9 cumplir\u00e1 en breve los seis meses de vida, un momento de su vida crucial y muy importante! Conozca las etapas de desarrollo mental y f\u00edsico en los primeros seis meses de vida del beb\u00e9. C\u00f3mo estimular a los beb\u00e9s de seis meses y acompa\u00f1ar su desarrollo mes a mes. Alimentaci\u00f3n y cuidados del beb\u00e9 de seis meses.<\/p>\n<p><a href=\"https:\/\/www.guiainfantil.com\/educacion\/desarrollo\/siete_meses.htm\">Crecimiento de un beb\u00e9 de 7 meses<\/a>.\u00a0Descubra las etapas de desarrollo mental y f\u00edsico en los primeros siete meses del beb\u00e9. C\u00f3mo estimular a los beb\u00e9s mes a mes. C\u00f3mo son y qu\u00e9 pueden hacer los beb\u00e9s en su s\u00e9ptimo mes de vida. As\u00ed es el beb\u00e9 a los 7 meses, te contamos qu\u00e9 ha aprendido y cu\u00e1les son sus habilidades.<\/p>\n<p><a href=\"https:\/\/www.guiainfantil.com\/educacion\/desarrollo\/ocho_meses.htm\">C\u00f3mo crece y se desarrolla un beb\u00e9 de 8 meses<\/a>.\u00a0Conozca las etapas de desarrollo mental y f\u00edsico del beb\u00e9 de ocho meses. C\u00f3mo estimular a los beb\u00e9s de 8 meses y acompa\u00f1ar su evoluci\u00f3n mes a mes. C\u00f3mo son y qu\u00e9 pueden hacer los beb\u00e9s en su octavo mes de vida. Descubre de qu\u00e9 son capaces los beb\u00e9s de 8 meses de edad y c\u00f3mo puedes estimularlo.<\/p>\n<p>&nbsp;<\/p>\n<p><a href=\"https:\/\/www.guiainfantil.com\/educacion\/aprendizaje\/desarrollo-de-las-habilidades-en-ninos-de-un-ano-aprendizaje-a-los-12-meses\/\">Habilidades de un beb\u00e9 de 12 meses<\/a>.\u00a0Si tu beb\u00e9 ha cumplido un a\u00f1o de edad o est\u00e1 punto de hacerlo, seguramente te hagas la siguiente pregunta: \u00bfqu\u00e9 aprende un ni\u00f1o a partir de un a\u00f1o? Te contamos c\u00f3mo es el desarrollo de las habilidades en ni\u00f1os de un a\u00f1o y c\u00f3mo se realiza el aprendizaje en ni\u00f1os de doce meses.<\/p>\n<p><a href=\"https:\/\/www.guiainfantil.com\/articulos\/bebes\/desarrollo\/bebe-de-trece-meses-desarrollo-del-bebe\/\">Crecimiento del beb\u00e9 de 13 meses<\/a>.\u00a0\u00bfTu beb\u00e9 est\u00e1 a punto de cumplir los trece meses de edad? Te contamos c\u00f3mo es su desarrollo en ese momento de su vida, qu\u00e9 hace o qu\u00e9 se espera que pueda hacer o c\u00f3mo se comporta. Adem\u00e1s, nos adentraremos en c\u00f3mo habla y c\u00f3mo se alimenta un beb\u00e9 de trece meses.<\/p>\n<p><a href=\"https:\/\/www.guiainfantil.com\/articulos\/bebes\/desarrollo\/bebe-de-catorce-meses-desarrollo-del-bebe-mes-a-mes\/\">Desarrollo de un beb\u00e9 de 14 meses<\/a>.\u00a0\u00bfC\u00f3mo es el desarrollo de un beb\u00e9 de catorce meses? \u00bfC\u00f3mo se supone que tiene que ser su evoluci\u00f3n de crecimiento? \u00bfQu\u00e9 puede hacer, qu\u00e9 comer o c\u00f3m podemos estimular a un beb\u00e9 de un a\u00f1o y dos meses? \u00bfY sobre su lenguaje y coordinaci\u00f3n? \u00a1Aqu\u00ed te lo contamos todo!<\/p>\n<p><a href=\"https:\/\/www.guiainfantil.com\/articulos\/bebes\/desarrollo\/el-bebe-de-15-meses-desarrollo-del-bebe-mes-a-mes\/\">Qu\u00e9 puede hacer un beb\u00e9 de 15 meses<\/a>.\u00a0\u00bfC\u00f3mo son los beb\u00e9s de 15 meses? \u00bfC\u00f3mo es su desarrollo desde el punto de vista del lenguaje y del desarrollo cognitivo y motor? Adem\u00e1s te contamos cu\u00e1les pueden ser sus pautas alimentarias y, por supuesto, te damos ideas para jugar con el y favorecer la estimulaci\u00f3n.<\/p>\n<p>&nbsp;<\/p>\n<p><a href=\"https:\/\/www.guiainfantil.com\/articulos\/bebes\/desarrollo\/bebe-de-19-meses-desarrollo-del-bebe-mes-a-mes\/\">Beb\u00e9 de 19 meses<\/a>.\u00a0\u00bfC\u00f3mo son los beb\u00e9s de 19 meses? \u00bfC\u00f3mo es su desarrollo en el este momento de su vida? Te contamos cu\u00e1les son los cambios y la evoluci\u00f3n del beb\u00e9 en decimonoveno mes de vida y hablamos tambi\u00e9n de la alimentaci\u00f3n y de los cuidados que requiere a esta edad.<\/p>\n<p><a href=\"https:\/\/www.guiainfantil.com\/articulos\/bebes\/desarrollo\/bebe-de-20-meses-desarrollo-del-bebe-mes-a-mes\/\">Beb\u00e9 de 20 meses<\/a>.\u00a0\u00bfTu beb\u00e9 ha cumplido ya los 20 meses de edad? \u00a1Enhorabuena! \u00a1C\u00f3mo pasa el tiempo! Te contamos c\u00f3mo es el desarrollo del beb\u00e9 mes a mes. Cambios y evoluci\u00f3n del beb\u00e9 en su vig\u00e9simo mes de vida. Cambios f\u00edsicos, alimentaci\u00f3n y cuidados del beb\u00e9 de veinte meses.<\/p>\n<p><a href=\"https:\/\/www.guiainfantil.com\/articulos\/bebes\/desarrollo\/bebe-de-21-meses-desarrollo-del-bebe-mes-a-mes\/\">Beb\u00e9 de 21 meses<\/a>.\u00a0Seguimos con nuestros art\u00edculos de desarrollo del beb\u00e9 mes a mes y, en esta ocasi\u00f3n, te hablamos del beb\u00e9 de 21 meses y c\u00f3mo es su crecimiento y evoluci\u00f3n del beb\u00e9 en el mes veintiuno de vida. Alimentaci\u00f3n, cuidados y habilidades del beb\u00e9 de veinti\u00fan meses. \u00a1Todo lo que siempre has querido saber!<\/p>\n<p>&nbsp;<\/p>\n<p><strong>Fuente: guiainfantil.com<\/strong><\/p>\n<p>&nbsp;<\/p>\n","protected":false},"excerpt":{"rendered":"<p>Se trata de algo que genera decepci\u00f3n y frustraci\u00f3n en muchas mujeres, sobre todo posterior a una gestaci\u00f3n de 9 meses\u00a0con todas las implicaciones metab\u00f3licas, emocionales y f\u00edsicas que el\u00a0embarazo\u00a0implica, pero debo informarles de que el hecho de que\u00a0el ni\u00f1o diga antes pap\u00e1 que mam\u00e1\u00a0no es porque sienta mayor preferencia por la figura masculina y [&hellip;]<\/p>\n","protected":false},"author":1,"featured_media":19021,"comment_status":"open","ping_status":"open","sticky":false,"template":"","format":"standard","meta":{"footnotes":""},"categories":[153],"tags":[],"class_list":["post"],"yoast_head":" \n<title>Pap\u00e1 antes que Mam\u00e1. Las primeras palabras del beb\u00e9 - Periodista SoledadDurazo.com<\/title>\n<meta name=\"robots\" content=\"index, follow, max-snippet:-1, max-image-preview:large, max-video-preview:-1\" \/>\n<link rel=\"canonical\" href=\"https:\/\/soledaddurazo.com\/blog\/2023\/11\/07\/papa-antes-que-mama-las-primeras-palabras-del-bebe\/\" \/>\n<meta property=\"og:locale\" content=\"es_MX\" \/>\n<meta property=\"og:type\" content=\"article\" \/>\n<meta property=\"og:title\" content=\"Pap\u00e1 antes que Mam\u00e1. Las primeras palabras del beb\u00e9\" \/>\n<meta property=\"og:description\" content=\"Se trata de algo que genera decepci\u00f3n y frustraci\u00f3n en muchas mujeres, sobre todo posterior a una gestaci\u00f3n de 9 meses\u00a0con todas las implicaciones metab\u00f3licas, emocionales y f\u00edsicas que el\u00a0embarazo\u00a0implica, pero debo informarles de que el hecho de que\u00a0el ni\u00f1o diga antes pap\u00e1 que mam\u00e1\u00a0no es porque sienta mayor preferencia por la figura masculina y [&hellip;]\" \/>\n<meta property=\"og:url\" content=\"https:\/\/soledaddurazo.com\/blog\/2023\/11\/07\/papa-antes-que-mama-las-primeras-palabras-del-bebe\/\" \/>\n<meta property=\"og:site_name\" content=\"Periodista SoledadDurazo.com\" \/>\n<meta property=\"article:publisher\" content=\"https:\/\/www.facebook.com\/soledad.durazo.9\/\" \/>\n<meta property=\"article:published_time\" content=\"2023-11-07T23:01:02+00:00\" \/>\n<meta property=\"article:modified_time\" content=\"2023-11-07T23:33:05+00:00\" \/>\n<meta property=\"og:image\" content=\"https:\/\/soledaddurazo.com\/storage\/2023\/11\/estimular-el-lenguaje-del.jpg\" \/>\n\t<meta property=\"og:image:width\" content=\"920\" \/>\n\t<meta property=\"og:image:height\" content=\"420\" \/>\n<meta name=\"twitter:card\" content=\"summary_large_image\" \/>\n<meta name=\"twitter:creator\" content=\"@SoledadDurazo\" \/>\n<meta name=\"twitter:site\" content=\"@SoledadDurazo\" \/>\n<meta name=\"twitter:label1\" content=\"Escrito por\" \/>\n\t<meta name=\"twitter:data1\" content=\"Redacci\u00f3n\" \/>\n\t<meta name=\"twitter:label2\" content=\"Tiempo de lectura\" \/>\n\t<meta name=\"twitter:data2\" content=\"7 minutos\" \/>\n<script type=\"application\/ld+json\" class=\"yoast-schema-graph\">{\"@context\":\"https:\/\/schema.org\",\"@graph\":[{\"@type\":\"Organization\",\"@id\":\"https:\/\/soledaddurazo.com\/#organization\",\"name\":\"Soledad Durazo\",\"url\":\"https:\/\/soledaddurazo.com\/\",\"sameAs\":[\"https:\/\/www.facebook.com\/soledad.durazo.9\/\",\"https:\/\/www.instagram.com\/soledaddurazo\",\"https:\/\/www.youtube.com\/channel\/UC9yGPw8-Vbl_B2XNkRwPS-w\",\"https:\/\/twitter.com\/SoledadDurazo\"],\"logo\":{\"@type\":\"ImageObject\",\"@id\":\"https:\/\/soledaddurazo.com\/#logo\",\"inLanguage\":\"es\",\"url\":\"https:\/\/soledaddurazo.com\/storage\/2021\/11\/nllp-720x375-1-2.png\",\"contentUrl\":\"https:\/\/soledaddurazo.com\/storage\/2021\/11\/nllp-720x375-1-2.png\",\"width\":720,\"height\":375,\"caption\":\"Soledad Durazo\"},\"image\":{\"@id\":\"https:\/\/soledaddurazo.com\/#logo\"}},{\"@type\":\"WebSite\",\"@id\":\"https:\/\/soledaddurazo.com\/#website\",\"url\":\"https:\/\/soledaddurazo.com\/\",\"name\":\"Periodista SoledadDurazo.com\",\"description\":\"Periodista sonorense. Directora de www.SoledadDurazo.com Columnista, conductora de radio y Tv. Catedr\\u00e1tica en la UNISON\",\"publisher\":{\"@id\":\"https:\/\/soledaddurazo.com\/#organization\"},\"potentialAction\":[{\"@type\":\"SearchAction\",\"target\":{\"@type\":\"EntryPoint\",\"urlTemplate\":\"https:\/\/soledaddurazo.com\/?s={search_term_string}\"},\"query-input\":\"required name=search_term_string\"}],\"inLanguage\":\"es\"},{\"@type\":\"ImageObject\",\"@id\":\"https:\/\/soledaddurazo.com\/blog\/2023\/11\/07\/papa-antes-que-mama-las-primeras-palabras-del-bebe\/#primaryimage\",\"inLanguage\":\"es\",\"url\":\"https:\/\/soledaddurazo.com\/storage\/2023\/11\/estimular-el-lenguaje-del.jpg\",\"contentUrl\":\"https:\/\/soledaddurazo.com\/storage\/2023\/11\/estimular-el-lenguaje-del.jpg\",\"width\":920,\"height\":420},{\"@type\":\"WebPage\",\"@id\":\"https:\/\/soledaddurazo.com\/blog\/2023\/11\/07\/papa-antes-que-mama-las-primeras-palabras-del-bebe\/#webpage\",\"url\":\"https:\/\/soledaddurazo.com\/blog\/2023\/11\/07\/papa-antes-que-mama-las-primeras-palabras-del-bebe\/\",\"name\":\"Pap\\u00e1 antes que Mam\\u00e1. Las primeras palabras del beb\\u00e9 - Periodista SoledadDurazo.com\",\"isPartOf\":{\"@id\":\"https:\/\/soledaddurazo.com\/#website\"},\"primaryImageOfPage\":{\"@id\":\"https:\/\/soledaddurazo.com\/blog\/2023\/11\/07\/papa-antes-que-mama-las-primeras-palabras-del-bebe\/#primaryimage\"},\"datePublished\":\"2023-11-07T23:01:02+00:00\",\"dateModified\":\"2023-11-07T23:33:05+00:00\",\"breadcrumb\":{\"@id\":\"https:\/\/soledaddurazo.com\/blog\/2023\/11\/07\/papa-antes-que-mama-las-primeras-palabras-del-bebe\/#breadcrumb\"},\"inLanguage\":\"es\",\"potentialAction\":[{\"@type\":\"ReadAction\",\"target\":[\"https:\/\/soledaddurazo.com\/blog\/2023\/11\/07\/papa-antes-que-mama-las-primeras-palabras-del-bebe\/\"]}]},{\"@type\":\"BreadcrumbList\",\"@id\":\"https:\/\/soledaddurazo.com\/blog\/2023\/11\/07\/papa-antes-que-mama-las-primeras-palabras-del-bebe\/#breadcrumb\",\"itemListElement\":[{\"@type\":\"ListItem\",\"position\":1,\"name\":\"Home\",\"item\":\"https:\/\/soledaddurazo.com\/\"},{\"@type\":\"ListItem\",\"position\":2,\"name\":\"Pap\\u00e1 antes que Mam\\u00e1. Las primeras palabras del beb\\u00e9\"}]},{\"@type\":\"Article\",\"@id\":\"https:\/\/soledaddurazo.com\/blog\/2023\/11\/07\/papa-antes-que-mama-las-primeras-palabras-del-bebe\/#article\",\"isPartOf\":{\"@id\":\"https:\/\/soledaddurazo.com\/blog\/2023\/11\/07\/papa-antes-que-mama-las-primeras-palabras-del-bebe\/#webpage\"},\"author\":{\"@id\":\"https:\/\/soledaddurazo.com\/#\/schema\/person\/822d8e13aa288585e6546f179853758b\"},\"headline\":\"Pap\\u00e1 antes que Mam\\u00e1. Las primeras palabras del beb\\u00e9\",\"datePublished\":\"2023-11-07T23:01:02+00:00\",\"dateModified\":\"2023-11-07T23:33:05+00:00\",\"mainEntityOfPage\":{\"@id\":\"https:\/\/soledaddurazo.com\/blog\/2023\/11\/07\/papa-antes-que-mama-las-primeras-palabras-del-bebe\/#webpage\"},\"wordCount\":1491,\"commentCount\":0,\"publisher\":{\"@id\":\"https:\/\/soledaddurazo.com\/#organization\"},\"image\":{\"@id\":\"https:\/\/soledaddurazo.com\/blog\/2023\/11\/07\/papa-antes-que-mama-las-primeras-palabras-del-bebe\/#primaryimage\"},\"thumbnailUrl\":\"https:\/\/soledaddurazo.com\/storage\/2023\/11\/estimular-el-lenguaje-del.jpg\",\"articleSection\":[\"principal\"],\"inLanguage\":\"es\",\"potentialAction\":[{\"@type\":\"CommentAction\",\"name\":\"Comment\",\"target\":[\"https:\/\/soledaddurazo.com\/blog\/2023\/11\/07\/papa-antes-que-mama-las-primeras-palabras-del-bebe\/#respond\"]}]},{\"@type\":\"Person\",\"@id\":\"https:\/\/soledaddurazo.com\/#\/schema\/person\/822d8e13aa288585e6546f179853758b\",\"name\":\"Redacci\\u00f3n\",\"image\":{\"@type\":\"ImageObject\",\"@id\":\"https:\/\/soledaddurazo.com\/#personlogo\",\"inLanguage\":\"es\",\"url\":\"https:\/\/secure.gravatar.com\/avatar\/c4e193752f756fd61f04deebed3a3a20dc188d37edb53682d313ac57f2725d54?s=96&d=mm&r=g\",\"contentUrl\":\"https:\/\/secure.gravatar.com\/avatar\/c4e193752f756fd61f04deebed3a3a20dc188d37edb53682d313ac57f2725d54?s=96&d=mm&r=g\",\"caption\":\"Redacci\\u00f3n\"},\"sameAs\":[\"https:\/\/soledaddurazo.com\"]}]}<\/script>\n ","yoast_head_json":{"title":"Pap\u00e1 antes que Mam\u00e1. Las primeras palabras del beb\u00e9 - Periodista SoledadDurazo.com","robots":{"index":"index","follow":"follow","max-snippet":"max-snippet:-1","max-image-preview":"max-image-preview:large","max-video-preview":"max-video-preview:-1"},"canonical":"https:\/\/soledaddurazo.com\/blog\/2023\/11\/07\/papa-antes-que-mama-las-primeras-palabras-del-bebe\/","og_locale":"es_MX","og_type":"article","og_title":"Pap\u00e1 antes que Mam\u00e1. Las primeras palabras del beb\u00e9","og_description":"Se trata de algo que genera decepci\u00f3n y frustraci\u00f3n en muchas mujeres, sobre todo posterior a una gestaci\u00f3n de 9 meses\u00a0con todas las implicaciones metab\u00f3licas, emocionales y f\u00edsicas que el\u00a0embarazo\u00a0implica, pero debo informarles de que el hecho de que\u00a0el ni\u00f1o diga antes pap\u00e1 que mam\u00e1\u00a0no es porque sienta mayor preferencia por la figura masculina y [&hellip;]","og_url":"https:\/\/soledaddurazo.com\/blog\/2023\/11\/07\/papa-antes-que-mama-las-primeras-palabras-del-bebe\/","og_site_name":"Periodista SoledadDurazo.com","article_publisher":"https:\/\/www.facebook.com\/soledad.durazo.9\/","article_published_time":"2023-11-07T23:01:02+00:00","article_modified_time":"2023-11-07T23:33:05+00:00","og_image":[{"width":920,"height":420,"url":"https:\/\/soledaddurazo.com\/storage\/2023\/11\/estimular-el-lenguaje-del.jpg","type":"image\/jpeg"}],"twitter_card":"summary_large_image","twitter_creator":"@SoledadDurazo","twitter_site":"@SoledadDurazo","twitter_misc":{"Escrito por":"Redacci\u00f3n","Tiempo de lectura":"7 minutos"},"schema":{"@context":"https:\/\/schema.org","@graph":[{"@type":"Organization","@id":"https:\/\/soledaddurazo.com\/#organization","name":"Soledad Durazo","url":"https:\/\/soledaddurazo.com\/","sameAs":["https:\/\/www.facebook.com\/soledad.durazo.9\/","https:\/\/www.instagram.com\/soledaddurazo","https:\/\/www.youtube.com\/channel\/UC9yGPw8-Vbl_B2XNkRwPS-w","https:\/\/twitter.com\/SoledadDurazo"],"logo":{"@type":"ImageObject","@id":"https:\/\/soledaddurazo.com\/#logo","inLanguage":"es","url":"https:\/\/soledaddurazo.com\/storage\/2021\/11\/nllp-720x375-1-2.png","contentUrl":"https:\/\/soledaddurazo.com\/storage\/2021\/11\/nllp-720x375-1-2.png","width":720,"height":375,"caption":"Soledad Durazo"},"image":{"@id":"https:\/\/soledaddurazo.com\/#logo"}},{"@type":"WebSite","@id":"https:\/\/soledaddurazo.com\/#website","url":"https:\/\/soledaddurazo.com\/","name":"Periodista SoledadDurazo.com","description":"Periodista sonorense. Directora de www.SoledadDurazo.com Columnista, conductora de radio y Tv. Catedr\u00e1tica en la UNISON","publisher":{"@id":"https:\/\/soledaddurazo.com\/#organization"},"potentialAction":[{"@type":"SearchAction","target":{"@type":"EntryPoint","urlTemplate":"https:\/\/soledaddurazo.com\/?s={search_term_string}"},"query-input":"required name=search_term_string"}],"inLanguage":"es"},{"@type":"ImageObject","@id":"https:\/\/soledaddurazo.com\/blog\/2023\/11\/07\/papa-antes-que-mama-las-primeras-palabras-del-bebe\/#primaryimage","inLanguage":"es","url":"https:\/\/soledaddurazo.com\/storage\/2023\/11\/estimular-el-lenguaje-del.jpg","contentUrl":"https:\/\/soledaddurazo.com\/storage\/2023\/11\/estimular-el-lenguaje-del.jpg","width":920,"height":420},{"@type":"WebPage","@id":"https:\/\/soledaddurazo.com\/blog\/2023\/11\/07\/papa-antes-que-mama-las-primeras-palabras-del-bebe\/#webpage","url":"https:\/\/soledaddurazo.com\/blog\/2023\/11\/07\/papa-antes-que-mama-las-primeras-palabras-del-bebe\/","name":"Pap\u00e1 antes que Mam\u00e1. Las primeras palabras del beb\u00e9 - Periodista SoledadDurazo.com","isPartOf":{"@id":"https:\/\/soledaddurazo.com\/#website"},"primaryImageOfPage":{"@id":"https:\/\/soledaddurazo.com\/blog\/2023\/11\/07\/papa-antes-que-mama-las-primeras-palabras-del-bebe\/#primaryimage"},"datePublished":"2023-11-07T23:01:02+00:00","dateModified":"2023-11-07T23:33:05+00:00","breadcrumb":{"@id":"https:\/\/soledaddurazo.com\/blog\/2023\/11\/07\/papa-antes-que-mama-las-primeras-palabras-del-bebe\/#breadcrumb"},"inLanguage":"es","potentialAction":[{"@type":"ReadAction","target":["https:\/\/soledaddurazo.com\/blog\/2023\/11\/07\/papa-antes-que-mama-las-primeras-palabras-del-bebe\/"]}]},{"@type":"BreadcrumbList","@id":"https:\/\/soledaddurazo.com\/blog\/2023\/11\/07\/papa-antes-que-mama-las-primeras-palabras-del-bebe\/#breadcrumb","itemListElement":[{"@type":"ListItem","position":1,"name":"Home","item":"https:\/\/soledaddurazo.com\/"},{"@type":"ListItem","position":2,"name":"Pap\u00e1 antes que Mam\u00e1. Las primeras palabras del beb\u00e9"}]},{"@type":"Article","@id":"https:\/\/soledaddurazo.com\/blog\/2023\/11\/07\/papa-antes-que-mama-las-primeras-palabras-del-bebe\/#article","isPartOf":{"@id":"https:\/\/soledaddurazo.com\/blog\/2023\/11\/07\/papa-antes-que-mama-las-primeras-palabras-del-bebe\/#webpage"},"author":{"@id":"https:\/\/soledaddurazo.com\/#\/schema\/person\/822d8e13aa288585e6546f179853758b"},"headline":"Pap\u00e1 antes que Mam\u00e1. Las primeras palabras del beb\u00e9","datePublished":"2023-11-07T23:01:02+00:00","dateModified":"2023-11-07T23:33:05+00:00","mainEntityOfPage":{"@id":"https:\/\/soledaddurazo.com\/blog\/2023\/11\/07\/papa-antes-que-mama-las-primeras-palabras-del-bebe\/#webpage"},"wordCount":1491,"commentCount":0,"publisher":{"@id":"https:\/\/soledaddurazo.com\/#organization"},"image":{"@id":"https:\/\/soledaddurazo.com\/blog\/2023\/11\/07\/papa-antes-que-mama-las-primeras-palabras-del-bebe\/#primaryimage"},"thumbnailUrl":"https:\/\/soledaddurazo.com\/storage\/2023\/11\/estimular-el-lenguaje-del.jpg","articleSection":["principal"],"inLanguage":"es","potentialAction":[{"@type":"CommentAction","name":"Comment","target":["https:\/\/soledaddurazo.com\/blog\/2023\/11\/07\/papa-antes-que-mama-las-primeras-palabras-del-bebe\/#respond"]}]},{"@type":"Person","@id":"https:\/\/soledaddurazo.com\/#\/schema\/person\/822d8e13aa288585e6546f179853758b","name":"Redacci\u00f3n","image":{"@type":"ImageObject","@id":"https:\/\/soledaddurazo.com\/#personlogo","inLanguage":"es","url":"https:\/\/secure.gravatar.com\/avatar\/c4e193752f756fd61f04deebed3a3a20dc188d37edb53682d313ac57f2725d54?s=96&d=mm&r=g","contentUrl":"https:\/\/secure.gravatar.com\/avatar\/c4e193752f756fd61f04deebed3a3a20dc188d37edb53682d313ac57f2725d54?s=96&d=mm&r=g","caption":"Redacci\u00f3n"},"sameAs":["https:\/\/soledaddurazo.com"]}]}},"_links":{"self":[{"href":"https:\/\/soledaddurazo.com\/api\/wp\/v2\/posts\/19020","targetHints":{"allow":["GET"]}}],"collection":[{"href":"https:\/\/soledaddurazo.com\/api\/wp\/v2\/posts"}],"about":[{"href":"https:\/\/soledaddurazo.com\/api\/wp\/v2\/types\/post"}],"author":[{"embeddable":true,"href":"https:\/\/soledaddurazo.com\/api\/wp\/v2\/users\/1"}],"replies":[{"embeddable":true,"href":"https:\/\/soledaddurazo.com\/api\/wp\/v2\/comments?post=19020"}],"version-history":[{"count":3,"href":"https:\/\/soledaddurazo.com\/api\/wp\/v2\/posts\/19020\/revisions"}],"predecessor-version":[{"id":19024,"href":"https:\/\/soledaddurazo.com\/api\/wp\/v2\/posts\/19020\/revisions\/19024"}],"wp:featuredmedia":[{"embeddable":true,"href":"https:\/\/soledaddurazo.com\/api\/wp\/v2\/media\/19021"}],"wp:attachment":[{"href":"https:\/\/soledaddurazo.com\/api\/wp\/v2\/media?parent=19020"}],"wp:term":[{"taxonomy":"category","embeddable":true,"href":"https:\/\/soledaddurazo.com\/api\/wp\/v2\/categories?post=19020"},{"taxonomy":"post_tag","embeddable":true,"href":"https:\/\/soledaddurazo.com\/api\/wp\/v2\/tags?post=19020"}],"curies":[{"name":"wp","href":"https:\/\/api.w.org\/{rel}","templated":true}]}}