{"id":19002,"date":"2023-11-06T08:30:10","date_gmt":"2023-11-06T15:30:10","guid":{"rendered":"https:\/\/soledaddurazo.com\/?p=19002"},"modified":"2023-11-07T16:28:04","modified_gmt":"2023-11-07T23:28:04","slug":"casi-un-ano-de-retraso-y-con-opacidad-las-nuevas-oficinas-de-relaciones-exteriores-en-hermosillo","status":"publish","type":"post","link":"https:\/\/soledaddurazo.com\/blog\/2023\/11\/06\/casi-un-ano-de-retraso-y-con-opacidad-las-nuevas-oficinas-de-relaciones-exteriores-en-hermosillo\/","title":{"rendered":"Casi un a\u00f1o de retraso y con opacidad las nuevas oficinas de Relaciones Exteriores en Hermosillo"},"content":{"rendered":"<p>El 7 de junio del 2022 el gobernador de Sonora, Alfonso Durazo, anunci\u00f3 la apertura en Hermosillo de una nueva oficina de la Secretar\u00eda de Relaciones Exteriores, ubicada en Galer\u00edas Mall, que entrar\u00eda en funci\u00f3n a mediados de diciembre de dicho a\u00f1o; al d\u00eda de hoy, casi un a\u00f1o despu\u00e9s de la fecha prometida, a\u00fan no funcionan.<\/p>\n<p>Estas oficinas tienen como objetivo atender m\u00e1s de 2 mil citas al d\u00eda con un horario extendido de lunes a domingo de 8 am a 8 pm.<\/p>\n<p>\u00bfQu\u00e9 ha pasado con estas oficinas?<\/p>\n<p>Gerardo Ponce de leon: Se solicit\u00f3 v\u00eda transparencia informaci\u00f3n sobre los presupuestos utilizados en la construcci\u00f3n de estas instalaciones, as\u00ed como una explicaci\u00f3n de los retrasos y si ha habido cambios en la direcci\u00f3n o gesti\u00f3n del proyecto. A lo que contestaron que NO EXISTE INFORMACI\u00d3N.<\/p>\n<p>Cuando se realizaron estas preguntas a la Secretar\u00eda de Relaciones Exteriores, las remitieron a la Direcci\u00f3n General de Oficinas de Pasaportes (DGOP), a la Direcci\u00f3n General de Programaci\u00f3n, Organizaci\u00f3n y Presupuesto (DGPOP) y a la Direcci\u00f3n General de Bienes Inmuebles y Recursos Materiales (DGBIRM), NADIE PUDO DAR RESPUESTA.<\/p>\n<p>&nbsp;<\/p>\n<p><a href=\"https:\/\/soledaddurazo.com\/storage\/2023\/11\/WhatsApp-Image-2023-11-06-at-08.20.41.jpeg\"><img loading=\"lazy\" decoding=\"async\" class=\"aligncenter size-full wp-image-19003\" src=\"https:\/\/soledaddurazo.com\/storage\/2023\/11\/WhatsApp-Image-2023-11-06-at-08.20.41.jpeg\" alt=\"\" width=\"1018\" height=\"407\" srcset=\"https:\/\/soledaddurazo.com\/storage\/2023\/11\/WhatsApp-Image-2023-11-06-at-08.20.41.jpeg 1018w, https:\/\/soledaddurazo.com\/storage\/2023\/11\/WhatsApp-Image-2023-11-06-at-08.20.41-300x120.jpeg 300w, https:\/\/soledaddurazo.com\/storage\/2023\/11\/WhatsApp-Image-2023-11-06-at-08.20.41-768x307.jpeg 768w, https:\/\/soledaddurazo.com\/storage\/2023\/11\/WhatsApp-Image-2023-11-06-at-08.20.41-600x240.jpeg 600w, https:\/\/soledaddurazo.com\/storage\/2023\/11\/WhatsApp-Image-2023-11-06-at-08.20.41-750x300.jpeg 750w\" sizes=\"auto, (max-width: 1018px) 100vw, 1018px\" \/><\/a><\/p>\n<p><a href=\"https:\/\/soledaddurazo.com\/storage\/2023\/11\/WhatsApp-Image-2023-11-06-at-08.20.42.jpeg\"><img loading=\"lazy\" decoding=\"async\" class=\"aligncenter size-full wp-image-19004\" src=\"https:\/\/soledaddurazo.com\/storage\/2023\/11\/WhatsApp-Image-2023-11-06-at-08.20.42.jpeg\" alt=\"\" width=\"960\" height=\"332\" srcset=\"https:\/\/soledaddurazo.com\/storage\/2023\/11\/WhatsApp-Image-2023-11-06-at-08.20.42.jpeg 960w, https:\/\/soledaddurazo.com\/storage\/2023\/11\/WhatsApp-Image-2023-11-06-at-08.20.42-300x104.jpeg 300w, https:\/\/soledaddurazo.com\/storage\/2023\/11\/WhatsApp-Image-2023-11-06-at-08.20.42-768x266.jpeg 768w, https:\/\/soledaddurazo.com\/storage\/2023\/11\/WhatsApp-Image-2023-11-06-at-08.20.42-600x208.jpeg 600w, https:\/\/soledaddurazo.com\/storage\/2023\/11\/WhatsApp-Image-2023-11-06-at-08.20.42-750x259.jpeg 750w\" sizes=\"auto, (max-width: 960px) 100vw, 960px\" \/><\/a><\/p>\n<p>El \u00fanico argumento proporcionado provino de la Direcci\u00f3n General de Oficinas de Pasaportes, la cual explic\u00f3 que los pagos por alquiler y mantenimiento de edificios se realizan una vez que los servicios han sido prestados y se cuente con un contrato legal que respalde dichos pagos.<\/p>\n<p>\u00bfQu\u00e9 sigue? \u00bfCu\u00e1ndo entrar\u00e1n en funcionamiento estas oficinas? \u00bfQu\u00e9 empresa estar\u00e1 a cargo de esta obra p\u00fablica?<\/p>\n<p>Muchas preguntas pendientes, y pocas, si no es que nulas respuestas solicitadas v\u00eda transparencia.<\/p>\n","protected":false},"excerpt":{"rendered":"<p>El 7 de junio del 2022 el gobernador de Sonora, Alfonso Durazo, anunci\u00f3 la apertura en Hermosillo de una nueva oficina de la Secretar\u00eda de Relaciones Exteriores, ubicada en Galer\u00edas Mall, que entrar\u00eda en funci\u00f3n a mediados de diciembre de dicho a\u00f1o; al d\u00eda de hoy, casi un a\u00f1o despu\u00e9s de la fecha prometida, a\u00fan [&hellip;]<\/p>\n","protected":false},"author":1,"featured_media":19005,"comment_status":"open","ping_status":"open","sticky":false,"template":"","format":"standard","meta":{"footnotes":""},"categories":[159],"tags":[],"class_list":["post"],"yoast_head":" \n<title>Casi un a\u00f1o de retraso y con opacidad las nuevas oficinas de Relaciones Exteriores en Hermosillo - Periodista SoledadDurazo.com<\/title>\n<meta name=\"robots\" content=\"index, follow, max-snippet:-1, max-image-preview:large, max-video-preview:-1\" \/>\n<link rel=\"canonical\" href=\"https:\/\/soledaddurazo.com\/blog\/2023\/11\/06\/casi-un-ano-de-retraso-y-con-opacidad-las-nuevas-oficinas-de-relaciones-exteriores-en-hermosillo\/\" \/>\n<meta property=\"og:locale\" content=\"es_MX\" \/>\n<meta property=\"og:type\" content=\"article\" \/>\n<meta property=\"og:title\" content=\"Casi un a\u00f1o de retraso y con opacidad las nuevas oficinas de Relaciones Exteriores en Hermosillo\" \/>\n<meta property=\"og:description\" content=\"El 7 de junio del 2022 el gobernador de Sonora, Alfonso Durazo, anunci\u00f3 la apertura en Hermosillo de una nueva oficina de la Secretar\u00eda de Relaciones Exteriores, ubicada en Galer\u00edas Mall, que entrar\u00eda en funci\u00f3n a mediados de diciembre de dicho a\u00f1o; al d\u00eda de hoy, casi un a\u00f1o despu\u00e9s de la fecha prometida, a\u00fan [&hellip;]\" \/>\n<meta property=\"og:url\" content=\"https:\/\/soledaddurazo.com\/blog\/2023\/11\/06\/casi-un-ano-de-retraso-y-con-opacidad-las-nuevas-oficinas-de-relaciones-exteriores-en-hermosillo\/\" \/>\n<meta property=\"og:site_name\" content=\"Periodista SoledadDurazo.com\" \/>\n<meta property=\"article:publisher\" content=\"https:\/\/www.facebook.com\/soledad.durazo.9\/\" \/>\n<meta property=\"article:published_time\" content=\"2023-11-06T15:30:10+00:00\" \/>\n<meta property=\"article:modified_time\" content=\"2023-11-07T23:28:04+00:00\" \/>\n<meta property=\"og:image\" content=\"https:\/\/soledaddurazo.com\/storage\/2023\/11\/WhatsApp-Image-2023-11-06-at-08.20.41-1.jpeg\" \/>\n\t<meta property=\"og:image:width\" content=\"1600\" \/>\n\t<meta property=\"og:image:height\" content=\"1200\" \/>\n<meta name=\"twitter:card\" content=\"summary_large_image\" \/>\n<meta name=\"twitter:creator\" content=\"@SoledadDurazo\" \/>\n<meta name=\"twitter:site\" content=\"@SoledadDurazo\" \/>\n<meta name=\"twitter:label1\" content=\"Escrito por\" \/>\n\t<meta name=\"twitter:data1\" content=\"Redacci\u00f3n\" \/>\n\t<meta name=\"twitter:label2\" content=\"Tiempo de lectura\" \/>\n\t<meta name=\"twitter:data2\" content=\"2 minutos\" \/>\n<script type=\"application\/ld+json\" class=\"yoast-schema-graph\">{\"@context\":\"https:\/\/schema.org\",\"@graph\":[{\"@type\":\"Organization\",\"@id\":\"https:\/\/soledaddurazo.com\/#organization\",\"name\":\"Soledad Durazo\",\"url\":\"https:\/\/soledaddurazo.com\/\",\"sameAs\":[\"https:\/\/www.facebook.com\/soledad.durazo.9\/\",\"https:\/\/www.instagram.com\/soledaddurazo\",\"https:\/\/www.youtube.com\/channel\/UC9yGPw8-Vbl_B2XNkRwPS-w\",\"https:\/\/twitter.com\/SoledadDurazo\"],\"logo\":{\"@type\":\"ImageObject\",\"@id\":\"https:\/\/soledaddurazo.com\/#logo\",\"inLanguage\":\"es\",\"url\":\"https:\/\/soledaddurazo.com\/storage\/2021\/11\/nllp-720x375-1-2.png\",\"contentUrl\":\"https:\/\/soledaddurazo.com\/storage\/2021\/11\/nllp-720x375-1-2.png\",\"width\":720,\"height\":375,\"caption\":\"Soledad Durazo\"},\"image\":{\"@id\":\"https:\/\/soledaddurazo.com\/#logo\"}},{\"@type\":\"WebSite\",\"@id\":\"https:\/\/soledaddurazo.com\/#website\",\"url\":\"https:\/\/soledaddurazo.com\/\",\"name\":\"Periodista SoledadDurazo.com\",\"description\":\"Periodista sonorense. Directora de www.SoledadDurazo.com Columnista, conductora de radio y Tv. Catedr\\u00e1tica en la UNISON\",\"publisher\":{\"@id\":\"https:\/\/soledaddurazo.com\/#organization\"},\"potentialAction\":[{\"@type\":\"SearchAction\",\"target\":{\"@type\":\"EntryPoint\",\"urlTemplate\":\"https:\/\/soledaddurazo.com\/?s={search_term_string}\"},\"query-input\":\"required name=search_term_string\"}],\"inLanguage\":\"es\"},{\"@type\":\"ImageObject\",\"@id\":\"https:\/\/soledaddurazo.com\/blog\/2023\/11\/06\/casi-un-ano-de-retraso-y-con-opacidad-las-nuevas-oficinas-de-relaciones-exteriores-en-hermosillo\/#primaryimage\",\"inLanguage\":\"es\",\"url\":\"https:\/\/soledaddurazo.com\/storage\/2023\/11\/WhatsApp-Image-2023-11-06-at-08.20.41-1.jpeg\",\"contentUrl\":\"https:\/\/soledaddurazo.com\/storage\/2023\/11\/WhatsApp-Image-2023-11-06-at-08.20.41-1.jpeg\",\"width\":1600,\"height\":1200},{\"@type\":\"WebPage\",\"@id\":\"https:\/\/soledaddurazo.com\/blog\/2023\/11\/06\/casi-un-ano-de-retraso-y-con-opacidad-las-nuevas-oficinas-de-relaciones-exteriores-en-hermosillo\/#webpage\",\"url\":\"https:\/\/soledaddurazo.com\/blog\/2023\/11\/06\/casi-un-ano-de-retraso-y-con-opacidad-las-nuevas-oficinas-de-relaciones-exteriores-en-hermosillo\/\",\"name\":\"Casi un a\\u00f1o de retraso y con opacidad las nuevas oficinas de Relaciones Exteriores en Hermosillo - Periodista SoledadDurazo.com\",\"isPartOf\":{\"@id\":\"https:\/\/soledaddurazo.com\/#website\"},\"primaryImageOfPage\":{\"@id\":\"https:\/\/soledaddurazo.com\/blog\/2023\/11\/06\/casi-un-ano-de-retraso-y-con-opacidad-las-nuevas-oficinas-de-relaciones-exteriores-en-hermosillo\/#primaryimage\"},\"datePublished\":\"2023-11-06T15:30:10+00:00\",\"dateModified\":\"2023-11-07T23:28:04+00:00\",\"breadcrumb\":{\"@id\":\"https:\/\/soledaddurazo.com\/blog\/2023\/11\/06\/casi-un-ano-de-retraso-y-con-opacidad-las-nuevas-oficinas-de-relaciones-exteriores-en-hermosillo\/#breadcrumb\"},\"inLanguage\":\"es\",\"potentialAction\":[{\"@type\":\"ReadAction\",\"target\":[\"https:\/\/soledaddurazo.com\/blog\/2023\/11\/06\/casi-un-ano-de-retraso-y-con-opacidad-las-nuevas-oficinas-de-relaciones-exteriores-en-hermosillo\/\"]}]},{\"@type\":\"BreadcrumbList\",\"@id\":\"https:\/\/soledaddurazo.com\/blog\/2023\/11\/06\/casi-un-ano-de-retraso-y-con-opacidad-las-nuevas-oficinas-de-relaciones-exteriores-en-hermosillo\/#breadcrumb\",\"itemListElement\":[{\"@type\":\"ListItem\",\"position\":1,\"name\":\"Home\",\"item\":\"https:\/\/soledaddurazo.com\/\"},{\"@type\":\"ListItem\",\"position\":2,\"name\":\"Casi un a\\u00f1o de retraso y con opacidad las nuevas oficinas de Relaciones Exteriores en Hermosillo\"}]},{\"@type\":\"Article\",\"@id\":\"https:\/\/soledaddurazo.com\/blog\/2023\/11\/06\/casi-un-ano-de-retraso-y-con-opacidad-las-nuevas-oficinas-de-relaciones-exteriores-en-hermosillo\/#article\",\"isPartOf\":{\"@id\":\"https:\/\/soledaddurazo.com\/blog\/2023\/11\/06\/casi-un-ano-de-retraso-y-con-opacidad-las-nuevas-oficinas-de-relaciones-exteriores-en-hermosillo\/#webpage\"},\"author\":{\"@id\":\"https:\/\/soledaddurazo.com\/#\/schema\/person\/822d8e13aa288585e6546f179853758b\"},\"headline\":\"Casi un a\\u00f1o de retraso y con opacidad las nuevas oficinas de Relaciones Exteriores en Hermosillo\",\"datePublished\":\"2023-11-06T15:30:10+00:00\",\"dateModified\":\"2023-11-07T23:28:04+00:00\",\"mainEntityOfPage\":{\"@id\":\"https:\/\/soledaddurazo.com\/blog\/2023\/11\/06\/casi-un-ano-de-retraso-y-con-opacidad-las-nuevas-oficinas-de-relaciones-exteriores-en-hermosillo\/#webpage\"},\"wordCount\":303,\"commentCount\":0,\"publisher\":{\"@id\":\"https:\/\/soledaddurazo.com\/#organization\"},\"image\":{\"@id\":\"https:\/\/soledaddurazo.com\/blog\/2023\/11\/06\/casi-un-ano-de-retraso-y-con-opacidad-las-nuevas-oficinas-de-relaciones-exteriores-en-hermosillo\/#primaryimage\"},\"thumbnailUrl\":\"https:\/\/soledaddurazo.com\/storage\/2023\/11\/WhatsApp-Image-2023-11-06-at-08.20.41-1.jpeg\",\"articleSection\":[\"Mi Sonora\"],\"inLanguage\":\"es\",\"potentialAction\":[{\"@type\":\"CommentAction\",\"name\":\"Comment\",\"target\":[\"https:\/\/soledaddurazo.com\/blog\/2023\/11\/06\/casi-un-ano-de-retraso-y-con-opacidad-las-nuevas-oficinas-de-relaciones-exteriores-en-hermosillo\/#respond\"]}]},{\"@type\":\"Person\",\"@id\":\"https:\/\/soledaddurazo.com\/#\/schema\/person\/822d8e13aa288585e6546f179853758b\",\"name\":\"Redacci\\u00f3n\",\"image\":{\"@type\":\"ImageObject\",\"@id\":\"https:\/\/soledaddurazo.com\/#personlogo\",\"inLanguage\":\"es\",\"url\":\"https:\/\/secure.gravatar.com\/avatar\/c4e193752f756fd61f04deebed3a3a20dc188d37edb53682d313ac57f2725d54?s=96&d=mm&r=g\",\"contentUrl\":\"https:\/\/secure.gravatar.com\/avatar\/c4e193752f756fd61f04deebed3a3a20dc188d37edb53682d313ac57f2725d54?s=96&d=mm&r=g\",\"caption\":\"Redacci\\u00f3n\"},\"sameAs\":[\"https:\/\/soledaddurazo.com\"]}]}<\/script>\n ","yoast_head_json":{"title":"Casi un a\u00f1o de retraso y con opacidad las nuevas oficinas de Relaciones Exteriores en Hermosillo - Periodista SoledadDurazo.com","robots":{"index":"index","follow":"follow","max-snippet":"max-snippet:-1","max-image-preview":"max-image-preview:large","max-video-preview":"max-video-preview:-1"},"canonical":"https:\/\/soledaddurazo.com\/blog\/2023\/11\/06\/casi-un-ano-de-retraso-y-con-opacidad-las-nuevas-oficinas-de-relaciones-exteriores-en-hermosillo\/","og_locale":"es_MX","og_type":"article","og_title":"Casi un a\u00f1o de retraso y con opacidad las nuevas oficinas de Relaciones Exteriores en Hermosillo","og_description":"El 7 de junio del 2022 el gobernador de Sonora, Alfonso Durazo, anunci\u00f3 la apertura en Hermosillo de una nueva oficina de la Secretar\u00eda de Relaciones Exteriores, ubicada en Galer\u00edas Mall, que entrar\u00eda en funci\u00f3n a mediados de diciembre de dicho a\u00f1o; al d\u00eda de hoy, casi un a\u00f1o despu\u00e9s de la fecha prometida, a\u00fan [&hellip;]","og_url":"https:\/\/soledaddurazo.com\/blog\/2023\/11\/06\/casi-un-ano-de-retraso-y-con-opacidad-las-nuevas-oficinas-de-relaciones-exteriores-en-hermosillo\/","og_site_name":"Periodista SoledadDurazo.com","article_publisher":"https:\/\/www.facebook.com\/soledad.durazo.9\/","article_published_time":"2023-11-06T15:30:10+00:00","article_modified_time":"2023-11-07T23:28:04+00:00","og_image":[{"width":1600,"height":1200,"url":"https:\/\/soledaddurazo.com\/storage\/2023\/11\/WhatsApp-Image-2023-11-06-at-08.20.41-1.jpeg","type":"image\/jpeg"}],"twitter_card":"summary_large_image","twitter_creator":"@SoledadDurazo","twitter_site":"@SoledadDurazo","twitter_misc":{"Escrito por":"Redacci\u00f3n","Tiempo de lectura":"2 minutos"},"schema":{"@context":"https:\/\/schema.org","@graph":[{"@type":"Organization","@id":"https:\/\/soledaddurazo.com\/#organization","name":"Soledad Durazo","url":"https:\/\/soledaddurazo.com\/","sameAs":["https:\/\/www.facebook.com\/soledad.durazo.9\/","https:\/\/www.instagram.com\/soledaddurazo","https:\/\/www.youtube.com\/channel\/UC9yGPw8-Vbl_B2XNkRwPS-w","https:\/\/twitter.com\/SoledadDurazo"],"logo":{"@type":"ImageObject","@id":"https:\/\/soledaddurazo.com\/#logo","inLanguage":"es","url":"https:\/\/soledaddurazo.com\/storage\/2021\/11\/nllp-720x375-1-2.png","contentUrl":"https:\/\/soledaddurazo.com\/storage\/2021\/11\/nllp-720x375-1-2.png","width":720,"height":375,"caption":"Soledad Durazo"},"image":{"@id":"https:\/\/soledaddurazo.com\/#logo"}},{"@type":"WebSite","@id":"https:\/\/soledaddurazo.com\/#website","url":"https:\/\/soledaddurazo.com\/","name":"Periodista SoledadDurazo.com","description":"Periodista sonorense. Directora de www.SoledadDurazo.com Columnista, conductora de radio y Tv. Catedr\u00e1tica en la UNISON","publisher":{"@id":"https:\/\/soledaddurazo.com\/#organization"},"potentialAction":[{"@type":"SearchAction","target":{"@type":"EntryPoint","urlTemplate":"https:\/\/soledaddurazo.com\/?s={search_term_string}"},"query-input":"required name=search_term_string"}],"inLanguage":"es"},{"@type":"ImageObject","@id":"https:\/\/soledaddurazo.com\/blog\/2023\/11\/06\/casi-un-ano-de-retraso-y-con-opacidad-las-nuevas-oficinas-de-relaciones-exteriores-en-hermosillo\/#primaryimage","inLanguage":"es","url":"https:\/\/soledaddurazo.com\/storage\/2023\/11\/WhatsApp-Image-2023-11-06-at-08.20.41-1.jpeg","contentUrl":"https:\/\/soledaddurazo.com\/storage\/2023\/11\/WhatsApp-Image-2023-11-06-at-08.20.41-1.jpeg","width":1600,"height":1200},{"@type":"WebPage","@id":"https:\/\/soledaddurazo.com\/blog\/2023\/11\/06\/casi-un-ano-de-retraso-y-con-opacidad-las-nuevas-oficinas-de-relaciones-exteriores-en-hermosillo\/#webpage","url":"https:\/\/soledaddurazo.com\/blog\/2023\/11\/06\/casi-un-ano-de-retraso-y-con-opacidad-las-nuevas-oficinas-de-relaciones-exteriores-en-hermosillo\/","name":"Casi un a\u00f1o de retraso y con opacidad las nuevas oficinas de Relaciones Exteriores en Hermosillo - Periodista SoledadDurazo.com","isPartOf":{"@id":"https:\/\/soledaddurazo.com\/#website"},"primaryImageOfPage":{"@id":"https:\/\/soledaddurazo.com\/blog\/2023\/11\/06\/casi-un-ano-de-retraso-y-con-opacidad-las-nuevas-oficinas-de-relaciones-exteriores-en-hermosillo\/#primaryimage"},"datePublished":"2023-11-06T15:30:10+00:00","dateModified":"2023-11-07T23:28:04+00:00","breadcrumb":{"@id":"https:\/\/soledaddurazo.com\/blog\/2023\/11\/06\/casi-un-ano-de-retraso-y-con-opacidad-las-nuevas-oficinas-de-relaciones-exteriores-en-hermosillo\/#breadcrumb"},"inLanguage":"es","potentialAction":[{"@type":"ReadAction","target":["https:\/\/soledaddurazo.com\/blog\/2023\/11\/06\/casi-un-ano-de-retraso-y-con-opacidad-las-nuevas-oficinas-de-relaciones-exteriores-en-hermosillo\/"]}]},{"@type":"BreadcrumbList","@id":"https:\/\/soledaddurazo.com\/blog\/2023\/11\/06\/casi-un-ano-de-retraso-y-con-opacidad-las-nuevas-oficinas-de-relaciones-exteriores-en-hermosillo\/#breadcrumb","itemListElement":[{"@type":"ListItem","position":1,"name":"Home","item":"https:\/\/soledaddurazo.com\/"},{"@type":"ListItem","position":2,"name":"Casi un a\u00f1o de retraso y con opacidad las nuevas oficinas de Relaciones Exteriores en Hermosillo"}]},{"@type":"Article","@id":"https:\/\/soledaddurazo.com\/blog\/2023\/11\/06\/casi-un-ano-de-retraso-y-con-opacidad-las-nuevas-oficinas-de-relaciones-exteriores-en-hermosillo\/#article","isPartOf":{"@id":"https:\/\/soledaddurazo.com\/blog\/2023\/11\/06\/casi-un-ano-de-retraso-y-con-opacidad-las-nuevas-oficinas-de-relaciones-exteriores-en-hermosillo\/#webpage"},"author":{"@id":"https:\/\/soledaddurazo.com\/#\/schema\/person\/822d8e13aa288585e6546f179853758b"},"headline":"Casi un a\u00f1o de retraso y con opacidad las nuevas oficinas de Relaciones Exteriores en Hermosillo","datePublished":"2023-11-06T15:30:10+00:00","dateModified":"2023-11-07T23:28:04+00:00","mainEntityOfPage":{"@id":"https:\/\/soledaddurazo.com\/blog\/2023\/11\/06\/casi-un-ano-de-retraso-y-con-opacidad-las-nuevas-oficinas-de-relaciones-exteriores-en-hermosillo\/#webpage"},"wordCount":303,"commentCount":0,"publisher":{"@id":"https:\/\/soledaddurazo.com\/#organization"},"image":{"@id":"https:\/\/soledaddurazo.com\/blog\/2023\/11\/06\/casi-un-ano-de-retraso-y-con-opacidad-las-nuevas-oficinas-de-relaciones-exteriores-en-hermosillo\/#primaryimage"},"thumbnailUrl":"https:\/\/soledaddurazo.com\/storage\/2023\/11\/WhatsApp-Image-2023-11-06-at-08.20.41-1.jpeg","articleSection":["Mi Sonora"],"inLanguage":"es","potentialAction":[{"@type":"CommentAction","name":"Comment","target":["https:\/\/soledaddurazo.com\/blog\/2023\/11\/06\/casi-un-ano-de-retraso-y-con-opacidad-las-nuevas-oficinas-de-relaciones-exteriores-en-hermosillo\/#respond"]}]},{"@type":"Person","@id":"https:\/\/soledaddurazo.com\/#\/schema\/person\/822d8e13aa288585e6546f179853758b","name":"Redacci\u00f3n","image":{"@type":"ImageObject","@id":"https:\/\/soledaddurazo.com\/#personlogo","inLanguage":"es","url":"https:\/\/secure.gravatar.com\/avatar\/c4e193752f756fd61f04deebed3a3a20dc188d37edb53682d313ac57f2725d54?s=96&d=mm&r=g","contentUrl":"https:\/\/secure.gravatar.com\/avatar\/c4e193752f756fd61f04deebed3a3a20dc188d37edb53682d313ac57f2725d54?s=96&d=mm&r=g","caption":"Redacci\u00f3n"},"sameAs":["https:\/\/soledaddurazo.com"]}]}},"_links":{"self":[{"href":"https:\/\/soledaddurazo.com\/api\/wp\/v2\/posts\/19002","targetHints":{"allow":["GET"]}}],"collection":[{"href":"https:\/\/soledaddurazo.com\/api\/wp\/v2\/posts"}],"about":[{"href":"https:\/\/soledaddurazo.com\/api\/wp\/v2\/types\/post"}],"author":[{"embeddable":true,"href":"https:\/\/soledaddurazo.com\/api\/wp\/v2\/users\/1"}],"replies":[{"embeddable":true,"href":"https:\/\/soledaddurazo.com\/api\/wp\/v2\/comments?post=19002"}],"version-history":[{"count":2,"href":"https:\/\/soledaddurazo.com\/api\/wp\/v2\/posts\/19002\/revisions"}],"predecessor-version":[{"id":19007,"href":"https:\/\/soledaddurazo.com\/api\/wp\/v2\/posts\/19002\/revisions\/19007"}],"wp:featuredmedia":[{"embeddable":true,"href":"https:\/\/soledaddurazo.com\/api\/wp\/v2\/media\/19005"}],"wp:attachment":[{"href":"https:\/\/soledaddurazo.com\/api\/wp\/v2\/media?parent=19002"}],"wp:term":[{"taxonomy":"category","embeddable":true,"href":"https:\/\/soledaddurazo.com\/api\/wp\/v2\/categories?post=19002"},{"taxonomy":"post_tag","embeddable":true,"href":"https:\/\/soledaddurazo.com\/api\/wp\/v2\/tags?post=19002"}],"curies":[{"name":"wp","href":"https:\/\/api.w.org\/{rel}","templated":true}]}}