{"id":18991,"date":"2023-11-01T23:04:32","date_gmt":"2023-11-02T06:04:32","guid":{"rendered":"https:\/\/soledaddurazo.com\/?p=18991"},"modified":"2023-11-07T16:32:15","modified_gmt":"2023-11-07T23:32:15","slug":"lo-que-no-sabias-de-la-catrina","status":"publish","type":"post","link":"https:\/\/soledaddurazo.com\/blog\/2023\/11\/01\/lo-que-no-sabias-de-la-catrina\/","title":{"rendered":"Lo que no sab\u00edas de La Catrina"},"content":{"rendered":"<p>La Catrina es un personaje del folclor mexicano que se ha popularizado mucho en todo el mundo, especialmente como disfraz. Sin embargo, este personaje se toma mucho a la ligera, pues si se le preguntara a la mayor\u00eda de personas que usan su disfraz, se limitar\u00edan a decir que es \u201cLa muerte mexicana\u201d.<\/p>\n<p><strong>La Catrina\u00a0<\/strong>representa mucho m\u00e1s que eso para M\u00e9xico, por tanto, aqu\u00ed te van 10 datos curiosos que de seguro no sab\u00edas sobre ella.<\/p>\n<p><a href=\"https:\/\/soledaddurazo.com\/storage\/2023\/11\/PRIMERA-APARICIO\u0301N-DE-LA-CATRINA-1024x571-1.jpg\"><img loading=\"lazy\" decoding=\"async\" class=\"aligncenter size-full wp-image-18994\" src=\"https:\/\/soledaddurazo.com\/storage\/2023\/11\/PRIMERA-APARICIO\u0301N-DE-LA-CATRINA-1024x571-1.jpg\" alt=\"\" width=\"1024\" height=\"571\" srcset=\"https:\/\/soledaddurazo.com\/storage\/2023\/11\/PRIMERA-APARICIO\u0301N-DE-LA-CATRINA-1024x571-1.jpg 1024w, https:\/\/soledaddurazo.com\/storage\/2023\/11\/PRIMERA-APARICIO\u0301N-DE-LA-CATRINA-1024x571-1-300x167.jpg 300w, https:\/\/soledaddurazo.com\/storage\/2023\/11\/PRIMERA-APARICIO\u0301N-DE-LA-CATRINA-1024x571-1-768x428.jpg 768w, https:\/\/soledaddurazo.com\/storage\/2023\/11\/PRIMERA-APARICIO\u0301N-DE-LA-CATRINA-1024x571-1-600x335.jpg 600w, https:\/\/soledaddurazo.com\/storage\/2023\/11\/PRIMERA-APARICIO\u0301N-DE-LA-CATRINA-1024x571-1-750x418.jpg 750w\" sizes=\"auto, (max-width: 1024px) 100vw, 1024px\" \/><\/a><\/p>\n<div>1. Su nombre inicial era &#8216;La calavera garbancera&#8217;.<\/div>\n<div><\/div>\n<div>2. La figura fue creada por Jos\u00e9 Guadalupe Posada y bautizada por el muralista Diego Rivera.<\/div>\n<div><\/div>\n<div>3. Las garbanceras\/os eran los ind\u00edgenas\u00a0que dejaron de vender ma\u00edz para vender garbanzos pretendiendo ser europeos y renegando as\u00ed de su propia raza, herencia y cultura.<\/div>\n<div><\/div>\n<div>4. Por lo tanto, la catrina representa una cr\u00edtica a muchos mexicanos pobres, que quieren aparentar un estilo de vida europeo que no les corresponde. Esto se hace notar por el hecho de que la calavera no tiene ropa sino \u00fanicamente el sombrero &#8220;&#8230;en los huesos per son sombrero franc\u00e9s con sus plumas de avestruz&#8221;.<\/div>\n<div><\/div>\n<div>5. Diego Rivera fue quien le dio su atuendo caracter\u00edstico, con su estola de plumas, al plasmarla en su mural &#8216;Sue\u00f1o de una tarde dominical en la Alameda Central&#8217;, donde la calavera aparece con su creador, Jos\u00e9 Guadalupe Posada y una versi\u00f3n infantil de Rivera y con Frida Kahlo.<\/div>\n<div><a href=\"https:\/\/soledaddurazo.com\/storage\/2023\/11\/8819-IMG_BG_ACT-recorrido-museo-mural.jpg\"><img loading=\"lazy\" decoding=\"async\" class=\"aligncenter size-full wp-image-18995\" src=\"https:\/\/soledaddurazo.com\/storage\/2023\/11\/8819-IMG_BG_ACT-recorrido-museo-mural.jpg\" alt=\"\" width=\"1920\" height=\"870\" srcset=\"https:\/\/soledaddurazo.com\/storage\/2023\/11\/8819-IMG_BG_ACT-recorrido-museo-mural.jpg 1920w, https:\/\/soledaddurazo.com\/storage\/2023\/11\/8819-IMG_BG_ACT-recorrido-museo-mural-300x136.jpg 300w, https:\/\/soledaddurazo.com\/storage\/2023\/11\/8819-IMG_BG_ACT-recorrido-museo-mural-1024x464.jpg 1024w, https:\/\/soledaddurazo.com\/storage\/2023\/11\/8819-IMG_BG_ACT-recorrido-museo-mural-768x348.jpg 768w, https:\/\/soledaddurazo.com\/storage\/2023\/11\/8819-IMG_BG_ACT-recorrido-museo-mural-1536x696.jpg 1536w, https:\/\/soledaddurazo.com\/storage\/2023\/11\/8819-IMG_BG_ACT-recorrido-museo-mural-600x272.jpg 600w, https:\/\/soledaddurazo.com\/storage\/2023\/11\/8819-IMG_BG_ACT-recorrido-museo-mural-750x340.jpg 750w, https:\/\/soledaddurazo.com\/storage\/2023\/11\/8819-IMG_BG_ACT-recorrido-museo-mural-1140x517.jpg 1140w\" sizes=\"auto, (max-width: 1920px) 100vw, 1920px\" \/><\/a><\/div>\n<div><\/div>\n<div>\n<div>\n<div>6. Fue precisamente Diego Rivera quien la llam\u00f3 Catrina, nombre con el que se populariz\u00f3 posteriormente, convirti\u00e9ndola as\u00ed en un personaje popular mexicano.<\/div>\n<div><\/div>\n<div>7. En el siglo XIX el nombre tambi\u00e9n hacia alusi\u00f3n a\u00a0la alta sociedad afrancesada de aquella \u00e9poca. De ah\u00ed que a las personas\u00a0bien vestidas hoy se les conoce como como catrines o catrinas.<\/div>\n<div><\/div>\n<div>8. Aunque su imagen se asocian mucho con el D\u00eda de Muertos, la catrina hace referencia a muchas situaciones sociales de finales del siglo XIX y principios del XX, un tono sat\u00edrico del que no se salvaron ni Porfirio D\u00edaz ni Emiliano Zapata.<\/div>\n<div><\/div>\n<div>9. En 2010 la Catrina cumpli\u00f3 100 a\u00f1os de haber sido creada por Jos\u00e9 Guadalupe Posada, por lo cual se hizo un cortometraje alusivo al centenario de esta, que se llama La Catrina en trajinera.<\/div>\n<div><\/div>\n<div>\n<div>10.\u00a0En 2010 tambi\u00e9n, durante la final nacional de Nuestra Belleza M\u00e9xico 2010 el traje t\u00edpico ganador fue el de la Catrina, un llamativo traje de color fucsia, portado por Tiar\u00e9 Oliva, representante del Estado de Sinaloa.<\/div>\n<\/div>\n<\/div>\n<\/div>\n","protected":false},"excerpt":{"rendered":"<p>La Catrina es un personaje del folclor mexicano que se ha popularizado mucho en todo el mundo, especialmente como disfraz. Sin embargo, este personaje se toma mucho a la ligera, pues si se le preguntara a la mayor\u00eda de personas que usan su disfraz, se limitar\u00edan a decir que es \u201cLa muerte mexicana\u201d. La Catrina\u00a0representa [&hellip;]<\/p>\n","protected":false},"author":1,"featured_media":18993,"comment_status":"open","ping_status":"open","sticky":false,"template":"","format":"standard","meta":{"footnotes":""},"categories":[153],"tags":[],"class_list":["post"],"yoast_head":" \n<title>Lo que no sab\u00edas de La Catrina - Periodista SoledadDurazo.com<\/title>\n<meta name=\"robots\" content=\"index, follow, max-snippet:-1, max-image-preview:large, max-video-preview:-1\" \/>\n<link rel=\"canonical\" href=\"https:\/\/soledaddurazo.com\/blog\/2023\/11\/01\/lo-que-no-sabias-de-la-catrina\/\" \/>\n<meta property=\"og:locale\" content=\"es_MX\" \/>\n<meta property=\"og:type\" content=\"article\" \/>\n<meta property=\"og:title\" content=\"Lo que no sab\u00edas de La Catrina\" \/>\n<meta property=\"og:description\" content=\"La Catrina es un personaje del folclor mexicano que se ha popularizado mucho en todo el mundo, especialmente como disfraz. Sin embargo, este personaje se toma mucho a la ligera, pues si se le preguntara a la mayor\u00eda de personas que usan su disfraz, se limitar\u00edan a decir que es \u201cLa muerte mexicana\u201d. La Catrina\u00a0representa [&hellip;]\" \/>\n<meta property=\"og:url\" content=\"https:\/\/soledaddurazo.com\/blog\/2023\/11\/01\/lo-que-no-sabias-de-la-catrina\/\" \/>\n<meta property=\"og:site_name\" content=\"Periodista SoledadDurazo.com\" \/>\n<meta property=\"article:publisher\" content=\"https:\/\/www.facebook.com\/soledad.durazo.9\/\" \/>\n<meta property=\"article:published_time\" content=\"2023-11-02T06:04:32+00:00\" \/>\n<meta property=\"article:modified_time\" content=\"2023-11-07T23:32:15+00:00\" \/>\n<meta property=\"og:image\" content=\"https:\/\/soledaddurazo.com\/storage\/2023\/11\/d11f1c8f-7bc1-4d46-8776-2e2b9b3609b3.jpg\" \/>\n\t<meta property=\"og:image:width\" content=\"1600\" \/>\n\t<meta property=\"og:image:height\" content=\"900\" \/>\n<meta name=\"twitter:card\" content=\"summary_large_image\" \/>\n<meta name=\"twitter:creator\" content=\"@SoledadDurazo\" \/>\n<meta name=\"twitter:site\" content=\"@SoledadDurazo\" \/>\n<meta name=\"twitter:label1\" content=\"Escrito por\" \/>\n\t<meta name=\"twitter:data1\" content=\"Redacci\u00f3n\" \/>\n\t<meta name=\"twitter:label2\" content=\"Tiempo de lectura\" \/>\n\t<meta name=\"twitter:data2\" content=\"3 minutos\" \/>\n<script type=\"application\/ld+json\" class=\"yoast-schema-graph\">{\"@context\":\"https:\/\/schema.org\",\"@graph\":[{\"@type\":\"Organization\",\"@id\":\"https:\/\/soledaddurazo.com\/#organization\",\"name\":\"Soledad Durazo\",\"url\":\"https:\/\/soledaddurazo.com\/\",\"sameAs\":[\"https:\/\/www.facebook.com\/soledad.durazo.9\/\",\"https:\/\/www.instagram.com\/soledaddurazo\",\"https:\/\/www.youtube.com\/channel\/UC9yGPw8-Vbl_B2XNkRwPS-w\",\"https:\/\/twitter.com\/SoledadDurazo\"],\"logo\":{\"@type\":\"ImageObject\",\"@id\":\"https:\/\/soledaddurazo.com\/#logo\",\"inLanguage\":\"es\",\"url\":\"https:\/\/soledaddurazo.com\/storage\/2021\/11\/nllp-720x375-1-2.png\",\"contentUrl\":\"https:\/\/soledaddurazo.com\/storage\/2021\/11\/nllp-720x375-1-2.png\",\"width\":720,\"height\":375,\"caption\":\"Soledad Durazo\"},\"image\":{\"@id\":\"https:\/\/soledaddurazo.com\/#logo\"}},{\"@type\":\"WebSite\",\"@id\":\"https:\/\/soledaddurazo.com\/#website\",\"url\":\"https:\/\/soledaddurazo.com\/\",\"name\":\"Periodista SoledadDurazo.com\",\"description\":\"Periodista sonorense. Directora de www.SoledadDurazo.com Columnista, conductora de radio y Tv. Catedr\\u00e1tica en la UNISON\",\"publisher\":{\"@id\":\"https:\/\/soledaddurazo.com\/#organization\"},\"potentialAction\":[{\"@type\":\"SearchAction\",\"target\":{\"@type\":\"EntryPoint\",\"urlTemplate\":\"https:\/\/soledaddurazo.com\/?s={search_term_string}\"},\"query-input\":\"required name=search_term_string\"}],\"inLanguage\":\"es\"},{\"@type\":\"ImageObject\",\"@id\":\"https:\/\/soledaddurazo.com\/blog\/2023\/11\/01\/lo-que-no-sabias-de-la-catrina\/#primaryimage\",\"inLanguage\":\"es\",\"url\":\"https:\/\/soledaddurazo.com\/storage\/2023\/11\/d11f1c8f-7bc1-4d46-8776-2e2b9b3609b3.jpg\",\"contentUrl\":\"https:\/\/soledaddurazo.com\/storage\/2023\/11\/d11f1c8f-7bc1-4d46-8776-2e2b9b3609b3.jpg\",\"width\":1600,\"height\":900},{\"@type\":\"WebPage\",\"@id\":\"https:\/\/soledaddurazo.com\/blog\/2023\/11\/01\/lo-que-no-sabias-de-la-catrina\/#webpage\",\"url\":\"https:\/\/soledaddurazo.com\/blog\/2023\/11\/01\/lo-que-no-sabias-de-la-catrina\/\",\"name\":\"Lo que no sab\\u00edas de La Catrina - Periodista SoledadDurazo.com\",\"isPartOf\":{\"@id\":\"https:\/\/soledaddurazo.com\/#website\"},\"primaryImageOfPage\":{\"@id\":\"https:\/\/soledaddurazo.com\/blog\/2023\/11\/01\/lo-que-no-sabias-de-la-catrina\/#primaryimage\"},\"datePublished\":\"2023-11-02T06:04:32+00:00\",\"dateModified\":\"2023-11-07T23:32:15+00:00\",\"breadcrumb\":{\"@id\":\"https:\/\/soledaddurazo.com\/blog\/2023\/11\/01\/lo-que-no-sabias-de-la-catrina\/#breadcrumb\"},\"inLanguage\":\"es\",\"potentialAction\":[{\"@type\":\"ReadAction\",\"target\":[\"https:\/\/soledaddurazo.com\/blog\/2023\/11\/01\/lo-que-no-sabias-de-la-catrina\/\"]}]},{\"@type\":\"BreadcrumbList\",\"@id\":\"https:\/\/soledaddurazo.com\/blog\/2023\/11\/01\/lo-que-no-sabias-de-la-catrina\/#breadcrumb\",\"itemListElement\":[{\"@type\":\"ListItem\",\"position\":1,\"name\":\"Home\",\"item\":\"https:\/\/soledaddurazo.com\/\"},{\"@type\":\"ListItem\",\"position\":2,\"name\":\"Lo que no sab\\u00edas de La Catrina\"}]},{\"@type\":\"Article\",\"@id\":\"https:\/\/soledaddurazo.com\/blog\/2023\/11\/01\/lo-que-no-sabias-de-la-catrina\/#article\",\"isPartOf\":{\"@id\":\"https:\/\/soledaddurazo.com\/blog\/2023\/11\/01\/lo-que-no-sabias-de-la-catrina\/#webpage\"},\"author\":{\"@id\":\"https:\/\/soledaddurazo.com\/#\/schema\/person\/822d8e13aa288585e6546f179853758b\"},\"headline\":\"Lo que no sab\\u00edas de La Catrina\",\"datePublished\":\"2023-11-02T06:04:32+00:00\",\"dateModified\":\"2023-11-07T23:32:15+00:00\",\"mainEntityOfPage\":{\"@id\":\"https:\/\/soledaddurazo.com\/blog\/2023\/11\/01\/lo-que-no-sabias-de-la-catrina\/#webpage\"},\"wordCount\":421,\"commentCount\":0,\"publisher\":{\"@id\":\"https:\/\/soledaddurazo.com\/#organization\"},\"image\":{\"@id\":\"https:\/\/soledaddurazo.com\/blog\/2023\/11\/01\/lo-que-no-sabias-de-la-catrina\/#primaryimage\"},\"thumbnailUrl\":\"https:\/\/soledaddurazo.com\/storage\/2023\/11\/d11f1c8f-7bc1-4d46-8776-2e2b9b3609b3.jpg\",\"articleSection\":[\"principal\"],\"inLanguage\":\"es\",\"potentialAction\":[{\"@type\":\"CommentAction\",\"name\":\"Comment\",\"target\":[\"https:\/\/soledaddurazo.com\/blog\/2023\/11\/01\/lo-que-no-sabias-de-la-catrina\/#respond\"]}]},{\"@type\":\"Person\",\"@id\":\"https:\/\/soledaddurazo.com\/#\/schema\/person\/822d8e13aa288585e6546f179853758b\",\"name\":\"Redacci\\u00f3n\",\"image\":{\"@type\":\"ImageObject\",\"@id\":\"https:\/\/soledaddurazo.com\/#personlogo\",\"inLanguage\":\"es\",\"url\":\"https:\/\/secure.gravatar.com\/avatar\/c4e193752f756fd61f04deebed3a3a20dc188d37edb53682d313ac57f2725d54?s=96&d=mm&r=g\",\"contentUrl\":\"https:\/\/secure.gravatar.com\/avatar\/c4e193752f756fd61f04deebed3a3a20dc188d37edb53682d313ac57f2725d54?s=96&d=mm&r=g\",\"caption\":\"Redacci\\u00f3n\"},\"sameAs\":[\"https:\/\/soledaddurazo.com\"]}]}<\/script>\n ","yoast_head_json":{"title":"Lo que no sab\u00edas de La Catrina - Periodista SoledadDurazo.com","robots":{"index":"index","follow":"follow","max-snippet":"max-snippet:-1","max-image-preview":"max-image-preview:large","max-video-preview":"max-video-preview:-1"},"canonical":"https:\/\/soledaddurazo.com\/blog\/2023\/11\/01\/lo-que-no-sabias-de-la-catrina\/","og_locale":"es_MX","og_type":"article","og_title":"Lo que no sab\u00edas de La Catrina","og_description":"La Catrina es un personaje del folclor mexicano que se ha popularizado mucho en todo el mundo, especialmente como disfraz. Sin embargo, este personaje se toma mucho a la ligera, pues si se le preguntara a la mayor\u00eda de personas que usan su disfraz, se limitar\u00edan a decir que es \u201cLa muerte mexicana\u201d. La Catrina\u00a0representa [&hellip;]","og_url":"https:\/\/soledaddurazo.com\/blog\/2023\/11\/01\/lo-que-no-sabias-de-la-catrina\/","og_site_name":"Periodista SoledadDurazo.com","article_publisher":"https:\/\/www.facebook.com\/soledad.durazo.9\/","article_published_time":"2023-11-02T06:04:32+00:00","article_modified_time":"2023-11-07T23:32:15+00:00","og_image":[{"width":1600,"height":900,"url":"https:\/\/soledaddurazo.com\/storage\/2023\/11\/d11f1c8f-7bc1-4d46-8776-2e2b9b3609b3.jpg","type":"image\/jpeg"}],"twitter_card":"summary_large_image","twitter_creator":"@SoledadDurazo","twitter_site":"@SoledadDurazo","twitter_misc":{"Escrito por":"Redacci\u00f3n","Tiempo de lectura":"3 minutos"},"schema":{"@context":"https:\/\/schema.org","@graph":[{"@type":"Organization","@id":"https:\/\/soledaddurazo.com\/#organization","name":"Soledad Durazo","url":"https:\/\/soledaddurazo.com\/","sameAs":["https:\/\/www.facebook.com\/soledad.durazo.9\/","https:\/\/www.instagram.com\/soledaddurazo","https:\/\/www.youtube.com\/channel\/UC9yGPw8-Vbl_B2XNkRwPS-w","https:\/\/twitter.com\/SoledadDurazo"],"logo":{"@type":"ImageObject","@id":"https:\/\/soledaddurazo.com\/#logo","inLanguage":"es","url":"https:\/\/soledaddurazo.com\/storage\/2021\/11\/nllp-720x375-1-2.png","contentUrl":"https:\/\/soledaddurazo.com\/storage\/2021\/11\/nllp-720x375-1-2.png","width":720,"height":375,"caption":"Soledad Durazo"},"image":{"@id":"https:\/\/soledaddurazo.com\/#logo"}},{"@type":"WebSite","@id":"https:\/\/soledaddurazo.com\/#website","url":"https:\/\/soledaddurazo.com\/","name":"Periodista SoledadDurazo.com","description":"Periodista sonorense. Directora de www.SoledadDurazo.com Columnista, conductora de radio y Tv. Catedr\u00e1tica en la UNISON","publisher":{"@id":"https:\/\/soledaddurazo.com\/#organization"},"potentialAction":[{"@type":"SearchAction","target":{"@type":"EntryPoint","urlTemplate":"https:\/\/soledaddurazo.com\/?s={search_term_string}"},"query-input":"required name=search_term_string"}],"inLanguage":"es"},{"@type":"ImageObject","@id":"https:\/\/soledaddurazo.com\/blog\/2023\/11\/01\/lo-que-no-sabias-de-la-catrina\/#primaryimage","inLanguage":"es","url":"https:\/\/soledaddurazo.com\/storage\/2023\/11\/d11f1c8f-7bc1-4d46-8776-2e2b9b3609b3.jpg","contentUrl":"https:\/\/soledaddurazo.com\/storage\/2023\/11\/d11f1c8f-7bc1-4d46-8776-2e2b9b3609b3.jpg","width":1600,"height":900},{"@type":"WebPage","@id":"https:\/\/soledaddurazo.com\/blog\/2023\/11\/01\/lo-que-no-sabias-de-la-catrina\/#webpage","url":"https:\/\/soledaddurazo.com\/blog\/2023\/11\/01\/lo-que-no-sabias-de-la-catrina\/","name":"Lo que no sab\u00edas de La Catrina - Periodista SoledadDurazo.com","isPartOf":{"@id":"https:\/\/soledaddurazo.com\/#website"},"primaryImageOfPage":{"@id":"https:\/\/soledaddurazo.com\/blog\/2023\/11\/01\/lo-que-no-sabias-de-la-catrina\/#primaryimage"},"datePublished":"2023-11-02T06:04:32+00:00","dateModified":"2023-11-07T23:32:15+00:00","breadcrumb":{"@id":"https:\/\/soledaddurazo.com\/blog\/2023\/11\/01\/lo-que-no-sabias-de-la-catrina\/#breadcrumb"},"inLanguage":"es","potentialAction":[{"@type":"ReadAction","target":["https:\/\/soledaddurazo.com\/blog\/2023\/11\/01\/lo-que-no-sabias-de-la-catrina\/"]}]},{"@type":"BreadcrumbList","@id":"https:\/\/soledaddurazo.com\/blog\/2023\/11\/01\/lo-que-no-sabias-de-la-catrina\/#breadcrumb","itemListElement":[{"@type":"ListItem","position":1,"name":"Home","item":"https:\/\/soledaddurazo.com\/"},{"@type":"ListItem","position":2,"name":"Lo que no sab\u00edas de La Catrina"}]},{"@type":"Article","@id":"https:\/\/soledaddurazo.com\/blog\/2023\/11\/01\/lo-que-no-sabias-de-la-catrina\/#article","isPartOf":{"@id":"https:\/\/soledaddurazo.com\/blog\/2023\/11\/01\/lo-que-no-sabias-de-la-catrina\/#webpage"},"author":{"@id":"https:\/\/soledaddurazo.com\/#\/schema\/person\/822d8e13aa288585e6546f179853758b"},"headline":"Lo que no sab\u00edas de La Catrina","datePublished":"2023-11-02T06:04:32+00:00","dateModified":"2023-11-07T23:32:15+00:00","mainEntityOfPage":{"@id":"https:\/\/soledaddurazo.com\/blog\/2023\/11\/01\/lo-que-no-sabias-de-la-catrina\/#webpage"},"wordCount":421,"commentCount":0,"publisher":{"@id":"https:\/\/soledaddurazo.com\/#organization"},"image":{"@id":"https:\/\/soledaddurazo.com\/blog\/2023\/11\/01\/lo-que-no-sabias-de-la-catrina\/#primaryimage"},"thumbnailUrl":"https:\/\/soledaddurazo.com\/storage\/2023\/11\/d11f1c8f-7bc1-4d46-8776-2e2b9b3609b3.jpg","articleSection":["principal"],"inLanguage":"es","potentialAction":[{"@type":"CommentAction","name":"Comment","target":["https:\/\/soledaddurazo.com\/blog\/2023\/11\/01\/lo-que-no-sabias-de-la-catrina\/#respond"]}]},{"@type":"Person","@id":"https:\/\/soledaddurazo.com\/#\/schema\/person\/822d8e13aa288585e6546f179853758b","name":"Redacci\u00f3n","image":{"@type":"ImageObject","@id":"https:\/\/soledaddurazo.com\/#personlogo","inLanguage":"es","url":"https:\/\/secure.gravatar.com\/avatar\/c4e193752f756fd61f04deebed3a3a20dc188d37edb53682d313ac57f2725d54?s=96&d=mm&r=g","contentUrl":"https:\/\/secure.gravatar.com\/avatar\/c4e193752f756fd61f04deebed3a3a20dc188d37edb53682d313ac57f2725d54?s=96&d=mm&r=g","caption":"Redacci\u00f3n"},"sameAs":["https:\/\/soledaddurazo.com"]}]}},"_links":{"self":[{"href":"https:\/\/soledaddurazo.com\/api\/wp\/v2\/posts\/18991","targetHints":{"allow":["GET"]}}],"collection":[{"href":"https:\/\/soledaddurazo.com\/api\/wp\/v2\/posts"}],"about":[{"href":"https:\/\/soledaddurazo.com\/api\/wp\/v2\/types\/post"}],"author":[{"embeddable":true,"href":"https:\/\/soledaddurazo.com\/api\/wp\/v2\/users\/1"}],"replies":[{"embeddable":true,"href":"https:\/\/soledaddurazo.com\/api\/wp\/v2\/comments?post=18991"}],"version-history":[{"count":1,"href":"https:\/\/soledaddurazo.com\/api\/wp\/v2\/posts\/18991\/revisions"}],"predecessor-version":[{"id":18996,"href":"https:\/\/soledaddurazo.com\/api\/wp\/v2\/posts\/18991\/revisions\/18996"}],"wp:featuredmedia":[{"embeddable":true,"href":"https:\/\/soledaddurazo.com\/api\/wp\/v2\/media\/18993"}],"wp:attachment":[{"href":"https:\/\/soledaddurazo.com\/api\/wp\/v2\/media?parent=18991"}],"wp:term":[{"taxonomy":"category","embeddable":true,"href":"https:\/\/soledaddurazo.com\/api\/wp\/v2\/categories?post=18991"},{"taxonomy":"post_tag","embeddable":true,"href":"https:\/\/soledaddurazo.com\/api\/wp\/v2\/tags?post=18991"}],"curies":[{"name":"wp","href":"https:\/\/api.w.org\/{rel}","templated":true}]}}