{"id":18710,"date":"2023-09-29T15:27:22","date_gmt":"2023-09-29T22:27:22","guid":{"rendered":"https:\/\/soledaddurazo.com\/?p=18710"},"modified":"2023-10-05T22:36:42","modified_gmt":"2023-10-06T05:36:42","slug":"desde-hermosillo-se-lanza-la-proclama-nacional-sobre-la-enfermedad-cardiovascular-aterosclerosis-en-mexico","status":"publish","type":"post","link":"https:\/\/soledaddurazo.com\/blog\/2023\/09\/29\/desde-hermosillo-se-lanza-la-proclama-nacional-sobre-la-enfermedad-cardiovascular-aterosclerosis-en-mexico\/","title":{"rendered":"Desde Hermosillo se lanza la Proclama Nacional sobre la Enfermedad Cardiovascular Aterosclerosis en M\u00e9xico"},"content":{"rendered":"<p>Un llamado de Auxilio para iniciar un cambio en nuestros h\u00e1bitos alimenticios y de vida que nos prevenga de ser parte de las estad\u00edsticas por Enfermedades Cardiovasculares o mortalidad, realizaron en Proclama M\u00e9dicos Cardi\u00f3logos Mexicanos, reunidos en la Ciudad de Hermosillo, durante la celebraci\u00f3n de D\u00eda Mundial del Coraz\u00f3n.<\/p>\n<p>Ante el muy alto riesgo de enfermedades del coraz\u00f3n que constituyen una amenaza por los eventos vasculares catastr\u00f3ficos que pueden registrar entre la poblaci\u00f3n mexicana en el corto y mediano plazo, diversas organizaciones medicas lanzan una proclama <strong><u>POR UNA MENOR MORTALIDAD Y DISCAPACIDAD CARDIOVASCULAR EN M\u00c9XICO <\/u><\/strong>que es en s\u00ed, un grito de alerta.<\/p>\n<p>La Proclama se dio a conocer en conferencia de prensa, el Dr. Jos\u00e9 Manuel Enciso, Presidente de la Asociaci\u00f3n Mexicana para la Prevenci\u00f3n de Aterosclerosis y sus Complicaciones AC, en conjunto con el Colegio de Cardi\u00f3logos de Sonora representado por la Dra. Edith Ruiz Gast\u00e9lum, y en el marco del d\u00eda del coraz\u00f3n (que se celebra el 29 de septiembre) y como parte del Congreso Nacional de Cardiolog\u00eda que tiene lugar en Hermosillo, Sonora diez asociaciones m\u00e9dicas alertan que <strong>la prevenci\u00f3n de las enfermedades cardiovasculares (ECV) es un asunto toral para el bienestar y la seguridad nacionales.<\/strong><\/p>\n<p><a href=\"https:\/\/soledaddurazo.com\/storage\/2023\/09\/24dc98b6-6cb7-410d-93c3-17d99882818b-1.jpg\"><img loading=\"lazy\" decoding=\"async\" class=\"aligncenter size-full wp-image-18716\" src=\"https:\/\/soledaddurazo.com\/storage\/2023\/09\/24dc98b6-6cb7-410d-93c3-17d99882818b-1.jpg\" alt=\"\" width=\"1600\" height=\"1201\" srcset=\"https:\/\/soledaddurazo.com\/storage\/2023\/09\/24dc98b6-6cb7-410d-93c3-17d99882818b-1.jpg 1600w, https:\/\/soledaddurazo.com\/storage\/2023\/09\/24dc98b6-6cb7-410d-93c3-17d99882818b-1-300x225.jpg 300w, https:\/\/soledaddurazo.com\/storage\/2023\/09\/24dc98b6-6cb7-410d-93c3-17d99882818b-1-1024x769.jpg 1024w, https:\/\/soledaddurazo.com\/storage\/2023\/09\/24dc98b6-6cb7-410d-93c3-17d99882818b-1-768x576.jpg 768w, https:\/\/soledaddurazo.com\/storage\/2023\/09\/24dc98b6-6cb7-410d-93c3-17d99882818b-1-1536x1153.jpg 1536w, https:\/\/soledaddurazo.com\/storage\/2023\/09\/24dc98b6-6cb7-410d-93c3-17d99882818b-1-600x450.jpg 600w, https:\/\/soledaddurazo.com\/storage\/2023\/09\/24dc98b6-6cb7-410d-93c3-17d99882818b-1-750x563.jpg 750w, https:\/\/soledaddurazo.com\/storage\/2023\/09\/24dc98b6-6cb7-410d-93c3-17d99882818b-1-1140x856.jpg 1140w\" sizes=\"auto, (max-width: 1600px) 100vw, 1600px\" \/><\/a><\/p>\n<p>La carga de enfermedad se refleja en los a\u00f1os de vida perdidos por la discapacidad, la enfermedad y la muerte prematura (AVADs o DALYs en ingl\u00e9s). M\u00e9xico es uno de los pa\u00edses con los AVADs por ECV m\u00e1s considerables, no s\u00f3lo en nuestra regi\u00f3n, sino mundialmente, con una tasa de 5,984.11 por 100,000 habitantes (OMS 2019), 65% m\u00e1s elevada que en Colombia, 67% m\u00e1s que en Chile, 74% m\u00e1s que en Argentina, 73% m\u00e1s que en Costa Rica, 15% m\u00e1s que en Brasil, 75% m\u00e1s que en Francia y 92% m\u00e1s que en Dinamarca.<\/p>\n<p>Las asociaciones firmantes de esta proclama hacen \u00e9nfasis en la necesidad de asegurar el acceso equitativo a servicios m\u00e9dicos de calidad de una poblaci\u00f3n de cerca de 130 millones de personas, afectada por un ascenso de la incidencia y prevalencia de enfermedades cardiovasculares y metab\u00f3licos, cuya consecuencia final com\u00fan es la aterosclerosis.<\/p>\n<p>Destacan tambi\u00e9n que aun se est\u00e1 lejos de lograr el prop\u00f3sito de optimizaci\u00f3n de costo\/efectividad en la oferta de servicios de salud, que garantice la universalidad, la equidad, la accesibilidad y la calidad de los servicios m\u00e9dicos asistenciales y preventivos en nuestro pa\u00eds.<\/p>\n<p>Mientras que en otras regiones del mundo la incidencia y mortalidad de las ECVs va en declive, como lo muestran los datos recientes de pa\u00edses desarrollados (Europa, Norteam\u00e9rica y algunos de Asia) e incluso de algunos pa\u00edses latinoamericanos como Argentina, <strong>en M\u00e9xico se va en sentido opuesto <\/strong>y \u2013por ejemplo- ocupa el quinto lugar entre los 10 pa\u00edses con mayor n\u00famero de personas con Diabetes Mellitus (DM) en el mundo. Se estima que en 2045 el pa\u00eds escalar\u00e1 al cuarto lugar, con 21.8 millones de pacientes con DM.<\/p>\n<p><strong>Por otro lado, la Hipertensi\u00f3n arterial sist\u00e9mica<\/strong>(HAS) es la m\u00e1s frecuente e importante, siendo responsable directa de cerca del 30% de las muertes cardiovasculares.<\/p>\n<p>Tampoco se debe perder de vista que en M\u00e9xico la obesidad aument\u00f3 21.4% en el periodo que va de 2006 a 2022<\/p>\n<p><strong>Esta perfil dislipid\u00e9mico de nuestra poblaci\u00f3n anticipa un incremento substancial de casos fatales y no fatales de ECV, <\/strong>advierten los especialistas.<\/p>\n<p>En este contexto, para los organismos firmantes, \u00a0<strong>resulta incomprensible<\/strong> el hecho de que la inversi\u00f3n del gobierno para resolver los problemas de salud no corresponda a la magnitud del problema, pues lo asignado para ello en el presupuesto federal, expresado como porcentaje del PIB, <strong>es notoriamente insuficiente y por desgracia, decreciente<\/strong>.\u00a0 El gasto p\u00fablico en salud en 2022 alcanz\u00f3 el 2.91% del PIB, que representa una ca\u00edda de 0.14 puntos respecto a 2021, cuando el gasto fue el 3.05%. Este gasto es uno de los m\u00e1s bajos de todos los pa\u00edses de la OCDE y hacen un llamado a los tomadores de decisiones presupuestales para que consideren esta URGENTE necesidad.<\/p>\n<p>&nbsp;<\/p>\n","protected":false},"excerpt":{"rendered":"<p>Un llamado de Auxilio para iniciar un cambio en nuestros h\u00e1bitos alimenticios y de vida que nos prevenga de ser parte de las estad\u00edsticas por Enfermedades Cardiovasculares o mortalidad, realizaron en Proclama M\u00e9dicos Cardi\u00f3logos Mexicanos, reunidos en la Ciudad de Hermosillo, durante la celebraci\u00f3n de D\u00eda Mundial del Coraz\u00f3n. Ante el muy alto riesgo de [&hellip;]<\/p>\n","protected":false},"author":1,"featured_media":18754,"comment_status":"open","ping_status":"open","sticky":false,"template":"","format":"standard","meta":{"footnotes":""},"categories":[153],"tags":[],"class_list":["post"],"yoast_head":" \n<title>Desde Hermosillo se lanza la Proclama Nacional sobre la Enfermedad Cardiovascular Aterosclerosis en M\u00e9xico - Periodista SoledadDurazo.com<\/title>\n<meta name=\"robots\" content=\"index, follow, max-snippet:-1, max-image-preview:large, max-video-preview:-1\" \/>\n<link rel=\"canonical\" href=\"https:\/\/soledaddurazo.com\/blog\/2023\/09\/29\/desde-hermosillo-se-lanza-la-proclama-nacional-sobre-la-enfermedad-cardiovascular-aterosclerosis-en-mexico\/\" \/>\n<meta property=\"og:locale\" content=\"es_MX\" \/>\n<meta property=\"og:type\" content=\"article\" \/>\n<meta property=\"og:title\" content=\"Desde Hermosillo se lanza la Proclama Nacional sobre la Enfermedad Cardiovascular Aterosclerosis en M\u00e9xico\" \/>\n<meta property=\"og:description\" content=\"Un llamado de Auxilio para iniciar un cambio en nuestros h\u00e1bitos alimenticios y de vida que nos prevenga de ser parte de las estad\u00edsticas por Enfermedades Cardiovasculares o mortalidad, realizaron en Proclama M\u00e9dicos Cardi\u00f3logos Mexicanos, reunidos en la Ciudad de Hermosillo, durante la celebraci\u00f3n de D\u00eda Mundial del Coraz\u00f3n. Ante el muy alto riesgo de [&hellip;]\" \/>\n<meta property=\"og:url\" content=\"https:\/\/soledaddurazo.com\/blog\/2023\/09\/29\/desde-hermosillo-se-lanza-la-proclama-nacional-sobre-la-enfermedad-cardiovascular-aterosclerosis-en-mexico\/\" \/>\n<meta property=\"og:site_name\" content=\"Periodista SoledadDurazo.com\" \/>\n<meta property=\"article:publisher\" content=\"https:\/\/www.facebook.com\/soledad.durazo.9\/\" \/>\n<meta property=\"article:published_time\" content=\"2023-09-29T22:27:22+00:00\" \/>\n<meta property=\"article:modified_time\" content=\"2023-10-06T05:36:42+00:00\" \/>\n<meta property=\"og:image\" content=\"https:\/\/soledaddurazo.com\/storage\/2023\/09\/3d64fb9c-0903-496d-ba3c-4806d51e58a7.jpg\" \/>\n\t<meta property=\"og:image:width\" content=\"882\" \/>\n\t<meta property=\"og:image:height\" content=\"588\" \/>\n<meta name=\"twitter:card\" content=\"summary_large_image\" \/>\n<meta name=\"twitter:creator\" content=\"@SoledadDurazo\" \/>\n<meta name=\"twitter:site\" content=\"@SoledadDurazo\" \/>\n<meta name=\"twitter:label1\" content=\"Escrito por\" \/>\n\t<meta name=\"twitter:data1\" content=\"Redacci\u00f3n\" \/>\n\t<meta name=\"twitter:label2\" content=\"Tiempo de lectura\" \/>\n\t<meta name=\"twitter:data2\" content=\"4 minutos\" \/>\n<script type=\"application\/ld+json\" class=\"yoast-schema-graph\">{\"@context\":\"https:\/\/schema.org\",\"@graph\":[{\"@type\":\"Organization\",\"@id\":\"https:\/\/soledaddurazo.com\/#organization\",\"name\":\"Soledad Durazo\",\"url\":\"https:\/\/soledaddurazo.com\/\",\"sameAs\":[\"https:\/\/www.facebook.com\/soledad.durazo.9\/\",\"https:\/\/www.instagram.com\/soledaddurazo\",\"https:\/\/www.youtube.com\/channel\/UC9yGPw8-Vbl_B2XNkRwPS-w\",\"https:\/\/twitter.com\/SoledadDurazo\"],\"logo\":{\"@type\":\"ImageObject\",\"@id\":\"https:\/\/soledaddurazo.com\/#logo\",\"inLanguage\":\"es\",\"url\":\"https:\/\/soledaddurazo.com\/storage\/2021\/11\/nllp-720x375-1-2.png\",\"contentUrl\":\"https:\/\/soledaddurazo.com\/storage\/2021\/11\/nllp-720x375-1-2.png\",\"width\":720,\"height\":375,\"caption\":\"Soledad Durazo\"},\"image\":{\"@id\":\"https:\/\/soledaddurazo.com\/#logo\"}},{\"@type\":\"WebSite\",\"@id\":\"https:\/\/soledaddurazo.com\/#website\",\"url\":\"https:\/\/soledaddurazo.com\/\",\"name\":\"Periodista SoledadDurazo.com\",\"description\":\"Periodista sonorense. Directora de www.SoledadDurazo.com Columnista, conductora de radio y Tv. Catedr\\u00e1tica en la UNISON\",\"publisher\":{\"@id\":\"https:\/\/soledaddurazo.com\/#organization\"},\"potentialAction\":[{\"@type\":\"SearchAction\",\"target\":{\"@type\":\"EntryPoint\",\"urlTemplate\":\"https:\/\/soledaddurazo.com\/?s={search_term_string}\"},\"query-input\":\"required name=search_term_string\"}],\"inLanguage\":\"es\"},{\"@type\":\"ImageObject\",\"@id\":\"https:\/\/soledaddurazo.com\/blog\/2023\/09\/29\/desde-hermosillo-se-lanza-la-proclama-nacional-sobre-la-enfermedad-cardiovascular-aterosclerosis-en-mexico\/#primaryimage\",\"inLanguage\":\"es\",\"url\":\"https:\/\/soledaddurazo.com\/storage\/2023\/09\/3d64fb9c-0903-496d-ba3c-4806d51e58a7.jpg\",\"contentUrl\":\"https:\/\/soledaddurazo.com\/storage\/2023\/09\/3d64fb9c-0903-496d-ba3c-4806d51e58a7.jpg\",\"width\":882,\"height\":588},{\"@type\":\"WebPage\",\"@id\":\"https:\/\/soledaddurazo.com\/blog\/2023\/09\/29\/desde-hermosillo-se-lanza-la-proclama-nacional-sobre-la-enfermedad-cardiovascular-aterosclerosis-en-mexico\/#webpage\",\"url\":\"https:\/\/soledaddurazo.com\/blog\/2023\/09\/29\/desde-hermosillo-se-lanza-la-proclama-nacional-sobre-la-enfermedad-cardiovascular-aterosclerosis-en-mexico\/\",\"name\":\"Desde Hermosillo se lanza la Proclama Nacional sobre la Enfermedad Cardiovascular Aterosclerosis en M\\u00e9xico - Periodista SoledadDurazo.com\",\"isPartOf\":{\"@id\":\"https:\/\/soledaddurazo.com\/#website\"},\"primaryImageOfPage\":{\"@id\":\"https:\/\/soledaddurazo.com\/blog\/2023\/09\/29\/desde-hermosillo-se-lanza-la-proclama-nacional-sobre-la-enfermedad-cardiovascular-aterosclerosis-en-mexico\/#primaryimage\"},\"datePublished\":\"2023-09-29T22:27:22+00:00\",\"dateModified\":\"2023-10-06T05:36:42+00:00\",\"breadcrumb\":{\"@id\":\"https:\/\/soledaddurazo.com\/blog\/2023\/09\/29\/desde-hermosillo-se-lanza-la-proclama-nacional-sobre-la-enfermedad-cardiovascular-aterosclerosis-en-mexico\/#breadcrumb\"},\"inLanguage\":\"es\",\"potentialAction\":[{\"@type\":\"ReadAction\",\"target\":[\"https:\/\/soledaddurazo.com\/blog\/2023\/09\/29\/desde-hermosillo-se-lanza-la-proclama-nacional-sobre-la-enfermedad-cardiovascular-aterosclerosis-en-mexico\/\"]}]},{\"@type\":\"BreadcrumbList\",\"@id\":\"https:\/\/soledaddurazo.com\/blog\/2023\/09\/29\/desde-hermosillo-se-lanza-la-proclama-nacional-sobre-la-enfermedad-cardiovascular-aterosclerosis-en-mexico\/#breadcrumb\",\"itemListElement\":[{\"@type\":\"ListItem\",\"position\":1,\"name\":\"Home\",\"item\":\"https:\/\/soledaddurazo.com\/\"},{\"@type\":\"ListItem\",\"position\":2,\"name\":\"Desde Hermosillo se lanza la Proclama Nacional sobre la Enfermedad Cardiovascular Aterosclerosis en M\\u00e9xico\"}]},{\"@type\":\"Article\",\"@id\":\"https:\/\/soledaddurazo.com\/blog\/2023\/09\/29\/desde-hermosillo-se-lanza-la-proclama-nacional-sobre-la-enfermedad-cardiovascular-aterosclerosis-en-mexico\/#article\",\"isPartOf\":{\"@id\":\"https:\/\/soledaddurazo.com\/blog\/2023\/09\/29\/desde-hermosillo-se-lanza-la-proclama-nacional-sobre-la-enfermedad-cardiovascular-aterosclerosis-en-mexico\/#webpage\"},\"author\":{\"@id\":\"https:\/\/soledaddurazo.com\/#\/schema\/person\/822d8e13aa288585e6546f179853758b\"},\"headline\":\"Desde Hermosillo se lanza la Proclama Nacional sobre la Enfermedad Cardiovascular Aterosclerosis en M\\u00e9xico\",\"datePublished\":\"2023-09-29T22:27:22+00:00\",\"dateModified\":\"2023-10-06T05:36:42+00:00\",\"mainEntityOfPage\":{\"@id\":\"https:\/\/soledaddurazo.com\/blog\/2023\/09\/29\/desde-hermosillo-se-lanza-la-proclama-nacional-sobre-la-enfermedad-cardiovascular-aterosclerosis-en-mexico\/#webpage\"},\"wordCount\":709,\"commentCount\":0,\"publisher\":{\"@id\":\"https:\/\/soledaddurazo.com\/#organization\"},\"image\":{\"@id\":\"https:\/\/soledaddurazo.com\/blog\/2023\/09\/29\/desde-hermosillo-se-lanza-la-proclama-nacional-sobre-la-enfermedad-cardiovascular-aterosclerosis-en-mexico\/#primaryimage\"},\"thumbnailUrl\":\"https:\/\/soledaddurazo.com\/storage\/2023\/09\/3d64fb9c-0903-496d-ba3c-4806d51e58a7.jpg\",\"articleSection\":[\"principal\"],\"inLanguage\":\"es\",\"potentialAction\":[{\"@type\":\"CommentAction\",\"name\":\"Comment\",\"target\":[\"https:\/\/soledaddurazo.com\/blog\/2023\/09\/29\/desde-hermosillo-se-lanza-la-proclama-nacional-sobre-la-enfermedad-cardiovascular-aterosclerosis-en-mexico\/#respond\"]}]},{\"@type\":\"Person\",\"@id\":\"https:\/\/soledaddurazo.com\/#\/schema\/person\/822d8e13aa288585e6546f179853758b\",\"name\":\"Redacci\\u00f3n\",\"image\":{\"@type\":\"ImageObject\",\"@id\":\"https:\/\/soledaddurazo.com\/#personlogo\",\"inLanguage\":\"es\",\"url\":\"https:\/\/secure.gravatar.com\/avatar\/c4e193752f756fd61f04deebed3a3a20dc188d37edb53682d313ac57f2725d54?s=96&d=mm&r=g\",\"contentUrl\":\"https:\/\/secure.gravatar.com\/avatar\/c4e193752f756fd61f04deebed3a3a20dc188d37edb53682d313ac57f2725d54?s=96&d=mm&r=g\",\"caption\":\"Redacci\\u00f3n\"},\"sameAs\":[\"https:\/\/soledaddurazo.com\"]}]}<\/script>\n ","yoast_head_json":{"title":"Desde Hermosillo se lanza la Proclama Nacional sobre la Enfermedad Cardiovascular Aterosclerosis en M\u00e9xico - Periodista SoledadDurazo.com","robots":{"index":"index","follow":"follow","max-snippet":"max-snippet:-1","max-image-preview":"max-image-preview:large","max-video-preview":"max-video-preview:-1"},"canonical":"https:\/\/soledaddurazo.com\/blog\/2023\/09\/29\/desde-hermosillo-se-lanza-la-proclama-nacional-sobre-la-enfermedad-cardiovascular-aterosclerosis-en-mexico\/","og_locale":"es_MX","og_type":"article","og_title":"Desde Hermosillo se lanza la Proclama Nacional sobre la Enfermedad Cardiovascular Aterosclerosis en M\u00e9xico","og_description":"Un llamado de Auxilio para iniciar un cambio en nuestros h\u00e1bitos alimenticios y de vida que nos prevenga de ser parte de las estad\u00edsticas por Enfermedades Cardiovasculares o mortalidad, realizaron en Proclama M\u00e9dicos Cardi\u00f3logos Mexicanos, reunidos en la Ciudad de Hermosillo, durante la celebraci\u00f3n de D\u00eda Mundial del Coraz\u00f3n. Ante el muy alto riesgo de [&hellip;]","og_url":"https:\/\/soledaddurazo.com\/blog\/2023\/09\/29\/desde-hermosillo-se-lanza-la-proclama-nacional-sobre-la-enfermedad-cardiovascular-aterosclerosis-en-mexico\/","og_site_name":"Periodista SoledadDurazo.com","article_publisher":"https:\/\/www.facebook.com\/soledad.durazo.9\/","article_published_time":"2023-09-29T22:27:22+00:00","article_modified_time":"2023-10-06T05:36:42+00:00","og_image":[{"width":882,"height":588,"url":"https:\/\/soledaddurazo.com\/storage\/2023\/09\/3d64fb9c-0903-496d-ba3c-4806d51e58a7.jpg","type":"image\/jpeg"}],"twitter_card":"summary_large_image","twitter_creator":"@SoledadDurazo","twitter_site":"@SoledadDurazo","twitter_misc":{"Escrito por":"Redacci\u00f3n","Tiempo de lectura":"4 minutos"},"schema":{"@context":"https:\/\/schema.org","@graph":[{"@type":"Organization","@id":"https:\/\/soledaddurazo.com\/#organization","name":"Soledad Durazo","url":"https:\/\/soledaddurazo.com\/","sameAs":["https:\/\/www.facebook.com\/soledad.durazo.9\/","https:\/\/www.instagram.com\/soledaddurazo","https:\/\/www.youtube.com\/channel\/UC9yGPw8-Vbl_B2XNkRwPS-w","https:\/\/twitter.com\/SoledadDurazo"],"logo":{"@type":"ImageObject","@id":"https:\/\/soledaddurazo.com\/#logo","inLanguage":"es","url":"https:\/\/soledaddurazo.com\/storage\/2021\/11\/nllp-720x375-1-2.png","contentUrl":"https:\/\/soledaddurazo.com\/storage\/2021\/11\/nllp-720x375-1-2.png","width":720,"height":375,"caption":"Soledad Durazo"},"image":{"@id":"https:\/\/soledaddurazo.com\/#logo"}},{"@type":"WebSite","@id":"https:\/\/soledaddurazo.com\/#website","url":"https:\/\/soledaddurazo.com\/","name":"Periodista SoledadDurazo.com","description":"Periodista sonorense. Directora de www.SoledadDurazo.com Columnista, conductora de radio y Tv. Catedr\u00e1tica en la UNISON","publisher":{"@id":"https:\/\/soledaddurazo.com\/#organization"},"potentialAction":[{"@type":"SearchAction","target":{"@type":"EntryPoint","urlTemplate":"https:\/\/soledaddurazo.com\/?s={search_term_string}"},"query-input":"required name=search_term_string"}],"inLanguage":"es"},{"@type":"ImageObject","@id":"https:\/\/soledaddurazo.com\/blog\/2023\/09\/29\/desde-hermosillo-se-lanza-la-proclama-nacional-sobre-la-enfermedad-cardiovascular-aterosclerosis-en-mexico\/#primaryimage","inLanguage":"es","url":"https:\/\/soledaddurazo.com\/storage\/2023\/09\/3d64fb9c-0903-496d-ba3c-4806d51e58a7.jpg","contentUrl":"https:\/\/soledaddurazo.com\/storage\/2023\/09\/3d64fb9c-0903-496d-ba3c-4806d51e58a7.jpg","width":882,"height":588},{"@type":"WebPage","@id":"https:\/\/soledaddurazo.com\/blog\/2023\/09\/29\/desde-hermosillo-se-lanza-la-proclama-nacional-sobre-la-enfermedad-cardiovascular-aterosclerosis-en-mexico\/#webpage","url":"https:\/\/soledaddurazo.com\/blog\/2023\/09\/29\/desde-hermosillo-se-lanza-la-proclama-nacional-sobre-la-enfermedad-cardiovascular-aterosclerosis-en-mexico\/","name":"Desde Hermosillo se lanza la Proclama Nacional sobre la Enfermedad Cardiovascular Aterosclerosis en M\u00e9xico - Periodista SoledadDurazo.com","isPartOf":{"@id":"https:\/\/soledaddurazo.com\/#website"},"primaryImageOfPage":{"@id":"https:\/\/soledaddurazo.com\/blog\/2023\/09\/29\/desde-hermosillo-se-lanza-la-proclama-nacional-sobre-la-enfermedad-cardiovascular-aterosclerosis-en-mexico\/#primaryimage"},"datePublished":"2023-09-29T22:27:22+00:00","dateModified":"2023-10-06T05:36:42+00:00","breadcrumb":{"@id":"https:\/\/soledaddurazo.com\/blog\/2023\/09\/29\/desde-hermosillo-se-lanza-la-proclama-nacional-sobre-la-enfermedad-cardiovascular-aterosclerosis-en-mexico\/#breadcrumb"},"inLanguage":"es","potentialAction":[{"@type":"ReadAction","target":["https:\/\/soledaddurazo.com\/blog\/2023\/09\/29\/desde-hermosillo-se-lanza-la-proclama-nacional-sobre-la-enfermedad-cardiovascular-aterosclerosis-en-mexico\/"]}]},{"@type":"BreadcrumbList","@id":"https:\/\/soledaddurazo.com\/blog\/2023\/09\/29\/desde-hermosillo-se-lanza-la-proclama-nacional-sobre-la-enfermedad-cardiovascular-aterosclerosis-en-mexico\/#breadcrumb","itemListElement":[{"@type":"ListItem","position":1,"name":"Home","item":"https:\/\/soledaddurazo.com\/"},{"@type":"ListItem","position":2,"name":"Desde Hermosillo se lanza la Proclama Nacional sobre la Enfermedad Cardiovascular Aterosclerosis en M\u00e9xico"}]},{"@type":"Article","@id":"https:\/\/soledaddurazo.com\/blog\/2023\/09\/29\/desde-hermosillo-se-lanza-la-proclama-nacional-sobre-la-enfermedad-cardiovascular-aterosclerosis-en-mexico\/#article","isPartOf":{"@id":"https:\/\/soledaddurazo.com\/blog\/2023\/09\/29\/desde-hermosillo-se-lanza-la-proclama-nacional-sobre-la-enfermedad-cardiovascular-aterosclerosis-en-mexico\/#webpage"},"author":{"@id":"https:\/\/soledaddurazo.com\/#\/schema\/person\/822d8e13aa288585e6546f179853758b"},"headline":"Desde Hermosillo se lanza la Proclama Nacional sobre la Enfermedad Cardiovascular Aterosclerosis en M\u00e9xico","datePublished":"2023-09-29T22:27:22+00:00","dateModified":"2023-10-06T05:36:42+00:00","mainEntityOfPage":{"@id":"https:\/\/soledaddurazo.com\/blog\/2023\/09\/29\/desde-hermosillo-se-lanza-la-proclama-nacional-sobre-la-enfermedad-cardiovascular-aterosclerosis-en-mexico\/#webpage"},"wordCount":709,"commentCount":0,"publisher":{"@id":"https:\/\/soledaddurazo.com\/#organization"},"image":{"@id":"https:\/\/soledaddurazo.com\/blog\/2023\/09\/29\/desde-hermosillo-se-lanza-la-proclama-nacional-sobre-la-enfermedad-cardiovascular-aterosclerosis-en-mexico\/#primaryimage"},"thumbnailUrl":"https:\/\/soledaddurazo.com\/storage\/2023\/09\/3d64fb9c-0903-496d-ba3c-4806d51e58a7.jpg","articleSection":["principal"],"inLanguage":"es","potentialAction":[{"@type":"CommentAction","name":"Comment","target":["https:\/\/soledaddurazo.com\/blog\/2023\/09\/29\/desde-hermosillo-se-lanza-la-proclama-nacional-sobre-la-enfermedad-cardiovascular-aterosclerosis-en-mexico\/#respond"]}]},{"@type":"Person","@id":"https:\/\/soledaddurazo.com\/#\/schema\/person\/822d8e13aa288585e6546f179853758b","name":"Redacci\u00f3n","image":{"@type":"ImageObject","@id":"https:\/\/soledaddurazo.com\/#personlogo","inLanguage":"es","url":"https:\/\/secure.gravatar.com\/avatar\/c4e193752f756fd61f04deebed3a3a20dc188d37edb53682d313ac57f2725d54?s=96&d=mm&r=g","contentUrl":"https:\/\/secure.gravatar.com\/avatar\/c4e193752f756fd61f04deebed3a3a20dc188d37edb53682d313ac57f2725d54?s=96&d=mm&r=g","caption":"Redacci\u00f3n"},"sameAs":["https:\/\/soledaddurazo.com"]}]}},"_links":{"self":[{"href":"https:\/\/soledaddurazo.com\/api\/wp\/v2\/posts\/18710","targetHints":{"allow":["GET"]}}],"collection":[{"href":"https:\/\/soledaddurazo.com\/api\/wp\/v2\/posts"}],"about":[{"href":"https:\/\/soledaddurazo.com\/api\/wp\/v2\/types\/post"}],"author":[{"embeddable":true,"href":"https:\/\/soledaddurazo.com\/api\/wp\/v2\/users\/1"}],"replies":[{"embeddable":true,"href":"https:\/\/soledaddurazo.com\/api\/wp\/v2\/comments?post=18710"}],"version-history":[{"count":3,"href":"https:\/\/soledaddurazo.com\/api\/wp\/v2\/posts\/18710\/revisions"}],"predecessor-version":[{"id":18717,"href":"https:\/\/soledaddurazo.com\/api\/wp\/v2\/posts\/18710\/revisions\/18717"}],"wp:featuredmedia":[{"embeddable":true,"href":"https:\/\/soledaddurazo.com\/api\/wp\/v2\/media\/18754"}],"wp:attachment":[{"href":"https:\/\/soledaddurazo.com\/api\/wp\/v2\/media?parent=18710"}],"wp:term":[{"taxonomy":"category","embeddable":true,"href":"https:\/\/soledaddurazo.com\/api\/wp\/v2\/categories?post=18710"},{"taxonomy":"post_tag","embeddable":true,"href":"https:\/\/soledaddurazo.com\/api\/wp\/v2\/tags?post=18710"}],"curies":[{"name":"wp","href":"https:\/\/api.w.org\/{rel}","templated":true}]}}