{"id":18687,"date":"2023-09-27T10:55:14","date_gmt":"2023-09-27T17:55:14","guid":{"rendered":"https:\/\/soledaddurazo.com\/?p=18687"},"modified":"2023-09-27T11:22:38","modified_gmt":"2023-09-27T18:22:38","slug":"orden-y-responsabilidad-en-el-isssteson","status":"publish","type":"post","link":"https:\/\/soledaddurazo.com\/blog\/2023\/09\/27\/orden-y-responsabilidad-en-el-isssteson\/","title":{"rendered":"Orden y responsabilidad en el ISSSTESON"},"content":{"rendered":"<p><a href=\"https:\/\/soledaddurazo.com\/storage\/2023\/09\/fer-4.jpg\"><img loading=\"lazy\" decoding=\"async\" class=\"aligncenter size-full wp-image-18688\" src=\"https:\/\/soledaddurazo.com\/storage\/2023\/09\/fer-4.jpg\" alt=\"\" width=\"556\" height=\"673\" srcset=\"https:\/\/soledaddurazo.com\/storage\/2023\/09\/fer-4.jpg 556w, https:\/\/soledaddurazo.com\/storage\/2023\/09\/fer-4-248x300.jpg 248w\" sizes=\"auto, (max-width: 556px) 100vw, 556px\" \/><\/a><\/p>\n<p><strong>\u00a0<\/strong><\/p>\n<p>Con poco m\u00e1s de diez meses de arribar a la Direcci\u00f3n General del ISSSTESON, Froyl\u00e1n G\u00e1mez Gamboa, sostuvo una charla con los integrantes del Colectivo de Reporteros Sonorenses.<\/p>\n<p>El orden y una responsabilidad muy clara en las finanzas del instituto, ha sido la prioridad en la gesti\u00f3n de Froyl\u00e1n G\u00e1mez al frente del ISSSTESON, el reto es may\u00fasculo, gracias a esa prioridad, ha sido posible constituir un fondo de vivienda, como se marca en la Ley 38, para este fondo fueron destinados 200 millones de pesos, despu\u00e9s de 20 a\u00f1os de no hacerlo, se constituy\u00f3 una Comisi\u00f3n Ejecutiva del Fondo de la Vivienda, para dar m\u00e1s certidumbre al otorgamiento de esta prestaci\u00f3n, ya que ser\u00e1 la instancia encargada de aprobar, supervisar y dispersar los cr\u00e9ditos a la derechohabiencia.<\/p>\n<p>Recuperar el abasto de medicamentos, tambi\u00e9n ha sido todo un reto en el ISSSTESON, se\u00f1al\u00f3 G\u00e1mez Gamboa, se recibi\u00f3 la actual administraci\u00f3n con un 20% de abasto, gracias a las compras consolidadas de medicamento y material de salud, realizadas junto a la Secretar\u00eda de Salud, ha sido posible tener un abasto del 90% y un 97% del surtimiento de recetas.<\/p>\n<p>La utilizaci\u00f3n de la tecnolog\u00eda ha sido importante, se abri\u00f3 un call center de medicamentos, para cuando alg\u00fan medicamento de una receta no se puede surtir, el instituto mantiene contacto con el derechohabiente para informarle la fecha en que le ser\u00e1 surtido en cualquiera de sus 92 farmacias.<\/p>\n<p>Se implement\u00f3 la aplicaci\u00f3n telef\u00f3nica \u201cmiisssteson\u201d para que el derechohabiente agende su cita m\u00e9dica, cita en laboratorios, los CIAS de Navojoa, Cajeme, Guaymas y centro en Hermosillo, ofrecen consultas m\u00e9dicas los fines de semana, para quitarle presi\u00f3n a la consulta de urgencias en el Hospital Ignacio Ch\u00e1vez. Los tiempos de atenci\u00f3n en consulta externa de m\u00e9dicos especialistas, se redujo, con el mismo presupuesto se mejor\u00f3 la atenci\u00f3n, sobre todo en cardiolog\u00eda y medicina interna.<\/p>\n<p>El rezago de casi tres mil pensiones encontrado y recibido por la actual administraci\u00f3n, con un proceso que duraba hasta cuatro a\u00f1os en tramitarse, se ha resuelto en un 40% y para el a\u00f1o 2025 se espera que ese tr\u00e1mite se realice en los tres meses que marca la Ley.<\/p>\n<p>En los planes a mediano plazo, ya corren los tr\u00e1mites de desincorporaci\u00f3n de terrenos al poniente de la ciudad, cerca del estadio Fernando Valenzuela, para construir un nuevo hospital del ISSSTESON, el Hospital Ignacio Ch\u00e1vez, desde hace tiempo, resulta insuficiente para atender a la derechohabiencia. Es una promesa del Gobernador Alfonso Durazo, que deber\u00e1 de cumplirse para el final de su administraci\u00f3n, asegur\u00f3 el joven economista Froyl\u00e1n G\u00e1mez Gamboa.<\/p>\n<p>Sobre una reforma de gran calado a la Ley 38 del ISSSTESON, Froyl\u00e1n G\u00e1mez la considera innecesaria y que solo se requiere una actualizaci\u00f3n de la Ley.<\/p>\n<p><strong>GOBERNADOR DURAZO DE GIRA POR TAIW\u00c1N<\/strong><\/p>\n<p>Taiw\u00e1n es una de las econom\u00edas de vanguardia en el continente asi\u00e1tico, gracias a las pol\u00edticas de inversi\u00f3n en desarrollo tecnol\u00f3gico y en capital humano que su gobierno se ha preocupado por instrumentar, ha sido posible su ingreso al primer mundo.<\/p>\n<p>El Gobernador Alfonso Durazo parti\u00f3 al continente asi\u00e1tico en la b\u00fasqueda de atraer inversiones para el estado, el objetivo de esta misi\u00f3n de promoci\u00f3n, es buscar un acercamiento con empresas desarrolladoras de tecnolog\u00eda, de electromovilidad y de energ\u00eda limpia. En su primer d\u00eda de trabajo, el Gobernador sostuvo una reuni\u00f3n con directivos de una empresa de auto partes.<\/p>\n<p>El desarrollo del recurso humano, tambi\u00e9n es parte importante del Plan Sonora de Energ\u00eda que promociona el Gobierno del Estado, la calidad de la mano de obra sonorense es reconocida a nivel internacional, tambi\u00e9n la calidad y capacidad de los ingenieros que egresan de los tecnol\u00f3gicos y universidades del sistema educativo sonorense.<\/p>\n<p>La especializaci\u00f3n de la mano de obra sonorense, para fortalecer su status de primera calidad, tambi\u00e9n es una prioridad en la agenda del mandatario sonorense.<\/p>\n<p>En su segundo d\u00eda de actividades por Taiw\u00e1n, el Gobernador Alfonso Durazo, concret\u00f3 un acuerdo para que 30 estudiantes universitarios puedan ir de intercambio a la Universidad de Tsinghua, la Universidad de Tsinghua en Taiw\u00e1n es una gran instituci\u00f3n que est\u00e1 a la vanguardia en cuestiones de innovaci\u00f3n tecnol\u00f3gica.<\/p>\n<p><strong>RETAZOS INTERESANTES <\/strong><\/p>\n<p>1.- Froyl\u00e1n G\u00e1mez Gamboa Director del ISSSTESON, confirm\u00f3 se realiza una investigaci\u00f3n de expedientes de todo el personal del instituto, despu\u00e9s de que se detectaran certificados de estudio ap\u00f3crifos, que le permiten al personal obtener aumentos de categor\u00eda y de nivel salarial. Sin especificar n\u00famero, dijo que son varios los casos judicializados y los responsables deber\u00e1n de devolver los recursos que obtuvieron ilegalmente, como ya sucedi\u00f3 con un trabajador de Guaymas.<\/p>\n<p>2.- \u201cNo tengo ning\u00fan problema con \u00e9l, respeto sus opiniones, pero ya hay muchos cambios en el ISSSTESON desde que dej\u00f3 su puesto hace diez meses\u201d dijo Froyl\u00e1n G\u00e1mez Gamboa, en relaci\u00f3n a las publicaciones en redes sociales de su antecesor Jes\u00fas Manuel Acu\u00f1a M\u00e9ndez. \u00a1 Bloqueo al tacleador !<\/p>\n<p>3.- Por no presentar conforme a la Ley, en tiempo y forma sus reportes financieros, el Instituto Estatal Electoral y de Participaci\u00f3n Ciudadana, mult\u00f3 con 500 UMAS, a la organizaci\u00f3n pol\u00edtica Vamos. Solo falta que el l\u00e9pero vocero de esa organizaci\u00f3n pol\u00edtica, Aldo Castro, salga a darnos clase de \u00e9tica pol\u00edtica y de decencia.<\/p>\n<p>LENGUAS VESPERTINAS est\u00e1 de regreso en la programaci\u00f3n del 99.1 F. M. de To\u00f1o, de lunes a viernes a las 17:00 horas, el se\u00f1or Arturo Chapo Soto y ac\u00e1 su mu\u00f1eco de peluche, en vivo y en directo, sin jaula ni red de protecci\u00f3n, le llevaremos lo m\u00e1s relevante del comenta pol\u00edtico.<\/p>\n<p>LENGUAS VESPERTINAS, d\u00f3nde el comentario pol\u00edtico no es sorpresa, es una realidad, con Arturo Soto y Fernando Oropeza.<\/p>\n<p>Para los amigos de todo el sur de Sonora, los invito a escuchar, SONORA EN RED NOTICIAS, en su nuevo horario a las 6 de la tarde, espacio que comparto con mi amigo Arturo Chapo Soto, por el 93.3 del cuadrante de F.M. informativo que tambi\u00e9n puede ser visto, por la se\u00f1al del canal 14 de Estrella Tucson TV, en todo el sur de Arizona.<\/p>\n<p>Podemos interactuar a trav\u00e9s de mi cuenta de Twitter @feroropeza20 o en mi correo electr\u00f3nico luiso@hmo.megared.net.mx<\/p>\n<p>&nbsp;<\/p>\n","protected":false},"excerpt":{"rendered":"<p>\u00a0 Con poco m\u00e1s de diez meses de arribar a la Direcci\u00f3n General del ISSSTESON, Froyl\u00e1n G\u00e1mez Gamboa, sostuvo una charla con los integrantes del Colectivo de Reporteros Sonorenses. El orden y una responsabilidad muy clara en las finanzas del instituto, ha sido la prioridad en la gesti\u00f3n de Froyl\u00e1n G\u00e1mez al frente del ISSSTESON, [&hellip;]<\/p>\n","protected":false},"author":1,"featured_media":18539,"comment_status":"open","ping_status":"open","sticky":false,"template":"","format":"standard","meta":{"footnotes":""},"categories":[173],"tags":[],"class_list":["post"],"yoast_head":" \n<title>Orden y responsabilidad en el ISSSTESON - Periodista SoledadDurazo.com<\/title>\n<meta name=\"robots\" content=\"index, follow, max-snippet:-1, max-image-preview:large, max-video-preview:-1\" \/>\n<link rel=\"canonical\" href=\"https:\/\/soledaddurazo.com\/blog\/2023\/09\/27\/orden-y-responsabilidad-en-el-isssteson\/\" \/>\n<meta property=\"og:locale\" content=\"es_MX\" \/>\n<meta property=\"og:type\" content=\"article\" \/>\n<meta property=\"og:title\" content=\"Orden y responsabilidad en el ISSSTESON\" \/>\n<meta property=\"og:description\" content=\"\u00a0 Con poco m\u00e1s de diez meses de arribar a la Direcci\u00f3n General del ISSSTESON, Froyl\u00e1n G\u00e1mez Gamboa, sostuvo una charla con los integrantes del Colectivo de Reporteros Sonorenses. El orden y una responsabilidad muy clara en las finanzas del instituto, ha sido la prioridad en la gesti\u00f3n de Froyl\u00e1n G\u00e1mez al frente del ISSSTESON, [&hellip;]\" \/>\n<meta property=\"og:url\" content=\"https:\/\/soledaddurazo.com\/blog\/2023\/09\/27\/orden-y-responsabilidad-en-el-isssteson\/\" \/>\n<meta property=\"og:site_name\" content=\"Periodista SoledadDurazo.com\" \/>\n<meta property=\"article:publisher\" content=\"https:\/\/www.facebook.com\/soledad.durazo.9\/\" \/>\n<meta property=\"article:published_time\" content=\"2023-09-27T17:55:14+00:00\" \/>\n<meta property=\"article:modified_time\" content=\"2023-09-27T18:22:38+00:00\" \/>\n<meta property=\"og:image\" content=\"https:\/\/soledaddurazo.com\/storage\/2023\/09\/9a-GRAFICO-FERNANDO-OROPEZA.jpeg\" \/>\n\t<meta property=\"og:image:width\" content=\"1092\" \/>\n\t<meta property=\"og:image:height\" content=\"983\" \/>\n<meta name=\"twitter:card\" content=\"summary_large_image\" \/>\n<meta name=\"twitter:creator\" content=\"@SoledadDurazo\" \/>\n<meta name=\"twitter:site\" content=\"@SoledadDurazo\" \/>\n<meta name=\"twitter:label1\" content=\"Escrito por\" \/>\n\t<meta name=\"twitter:data1\" content=\"Redacci\u00f3n\" \/>\n\t<meta name=\"twitter:label2\" content=\"Tiempo de lectura\" \/>\n\t<meta name=\"twitter:data2\" content=\"5 minutos\" \/>\n<script type=\"application\/ld+json\" class=\"yoast-schema-graph\">{\"@context\":\"https:\/\/schema.org\",\"@graph\":[{\"@type\":\"Organization\",\"@id\":\"https:\/\/soledaddurazo.com\/#organization\",\"name\":\"Soledad Durazo\",\"url\":\"https:\/\/soledaddurazo.com\/\",\"sameAs\":[\"https:\/\/www.facebook.com\/soledad.durazo.9\/\",\"https:\/\/www.instagram.com\/soledaddurazo\",\"https:\/\/www.youtube.com\/channel\/UC9yGPw8-Vbl_B2XNkRwPS-w\",\"https:\/\/twitter.com\/SoledadDurazo\"],\"logo\":{\"@type\":\"ImageObject\",\"@id\":\"https:\/\/soledaddurazo.com\/#logo\",\"inLanguage\":\"es\",\"url\":\"https:\/\/soledaddurazo.com\/storage\/2021\/11\/nllp-720x375-1-2.png\",\"contentUrl\":\"https:\/\/soledaddurazo.com\/storage\/2021\/11\/nllp-720x375-1-2.png\",\"width\":720,\"height\":375,\"caption\":\"Soledad Durazo\"},\"image\":{\"@id\":\"https:\/\/soledaddurazo.com\/#logo\"}},{\"@type\":\"WebSite\",\"@id\":\"https:\/\/soledaddurazo.com\/#website\",\"url\":\"https:\/\/soledaddurazo.com\/\",\"name\":\"Periodista SoledadDurazo.com\",\"description\":\"Periodista sonorense. Directora de www.SoledadDurazo.com Columnista, conductora de radio y Tv. Catedr\\u00e1tica en la UNISON\",\"publisher\":{\"@id\":\"https:\/\/soledaddurazo.com\/#organization\"},\"potentialAction\":[{\"@type\":\"SearchAction\",\"target\":{\"@type\":\"EntryPoint\",\"urlTemplate\":\"https:\/\/soledaddurazo.com\/?s={search_term_string}\"},\"query-input\":\"required name=search_term_string\"}],\"inLanguage\":\"es\"},{\"@type\":\"ImageObject\",\"@id\":\"https:\/\/soledaddurazo.com\/blog\/2023\/09\/27\/orden-y-responsabilidad-en-el-isssteson\/#primaryimage\",\"inLanguage\":\"es\",\"url\":\"https:\/\/soledaddurazo.com\/storage\/2023\/09\/9a-GRAFICO-FERNANDO-OROPEZA.jpeg\",\"contentUrl\":\"https:\/\/soledaddurazo.com\/storage\/2023\/09\/9a-GRAFICO-FERNANDO-OROPEZA.jpeg\",\"width\":1092,\"height\":983},{\"@type\":\"WebPage\",\"@id\":\"https:\/\/soledaddurazo.com\/blog\/2023\/09\/27\/orden-y-responsabilidad-en-el-isssteson\/#webpage\",\"url\":\"https:\/\/soledaddurazo.com\/blog\/2023\/09\/27\/orden-y-responsabilidad-en-el-isssteson\/\",\"name\":\"Orden y responsabilidad en el ISSSTESON - Periodista SoledadDurazo.com\",\"isPartOf\":{\"@id\":\"https:\/\/soledaddurazo.com\/#website\"},\"primaryImageOfPage\":{\"@id\":\"https:\/\/soledaddurazo.com\/blog\/2023\/09\/27\/orden-y-responsabilidad-en-el-isssteson\/#primaryimage\"},\"datePublished\":\"2023-09-27T17:55:14+00:00\",\"dateModified\":\"2023-09-27T18:22:38+00:00\",\"breadcrumb\":{\"@id\":\"https:\/\/soledaddurazo.com\/blog\/2023\/09\/27\/orden-y-responsabilidad-en-el-isssteson\/#breadcrumb\"},\"inLanguage\":\"es\",\"potentialAction\":[{\"@type\":\"ReadAction\",\"target\":[\"https:\/\/soledaddurazo.com\/blog\/2023\/09\/27\/orden-y-responsabilidad-en-el-isssteson\/\"]}]},{\"@type\":\"BreadcrumbList\",\"@id\":\"https:\/\/soledaddurazo.com\/blog\/2023\/09\/27\/orden-y-responsabilidad-en-el-isssteson\/#breadcrumb\",\"itemListElement\":[{\"@type\":\"ListItem\",\"position\":1,\"name\":\"Home\",\"item\":\"https:\/\/soledaddurazo.com\/\"},{\"@type\":\"ListItem\",\"position\":2,\"name\":\"Orden y responsabilidad en el ISSSTESON\"}]},{\"@type\":\"Article\",\"@id\":\"https:\/\/soledaddurazo.com\/blog\/2023\/09\/27\/orden-y-responsabilidad-en-el-isssteson\/#article\",\"isPartOf\":{\"@id\":\"https:\/\/soledaddurazo.com\/blog\/2023\/09\/27\/orden-y-responsabilidad-en-el-isssteson\/#webpage\"},\"author\":{\"@id\":\"https:\/\/soledaddurazo.com\/#\/schema\/person\/822d8e13aa288585e6546f179853758b\"},\"headline\":\"Orden y responsabilidad en el ISSSTESON\",\"datePublished\":\"2023-09-27T17:55:14+00:00\",\"dateModified\":\"2023-09-27T18:22:38+00:00\",\"mainEntityOfPage\":{\"@id\":\"https:\/\/soledaddurazo.com\/blog\/2023\/09\/27\/orden-y-responsabilidad-en-el-isssteson\/#webpage\"},\"wordCount\":1115,\"commentCount\":0,\"publisher\":{\"@id\":\"https:\/\/soledaddurazo.com\/#organization\"},\"image\":{\"@id\":\"https:\/\/soledaddurazo.com\/blog\/2023\/09\/27\/orden-y-responsabilidad-en-el-isssteson\/#primaryimage\"},\"thumbnailUrl\":\"https:\/\/soledaddurazo.com\/storage\/2023\/09\/9a-GRAFICO-FERNANDO-OROPEZA.jpeg\",\"articleSection\":[\"Fernando Oropeza\"],\"inLanguage\":\"es\",\"potentialAction\":[{\"@type\":\"CommentAction\",\"name\":\"Comment\",\"target\":[\"https:\/\/soledaddurazo.com\/blog\/2023\/09\/27\/orden-y-responsabilidad-en-el-isssteson\/#respond\"]}]},{\"@type\":\"Person\",\"@id\":\"https:\/\/soledaddurazo.com\/#\/schema\/person\/822d8e13aa288585e6546f179853758b\",\"name\":\"Redacci\\u00f3n\",\"image\":{\"@type\":\"ImageObject\",\"@id\":\"https:\/\/soledaddurazo.com\/#personlogo\",\"inLanguage\":\"es\",\"url\":\"https:\/\/secure.gravatar.com\/avatar\/c4e193752f756fd61f04deebed3a3a20dc188d37edb53682d313ac57f2725d54?s=96&d=mm&r=g\",\"contentUrl\":\"https:\/\/secure.gravatar.com\/avatar\/c4e193752f756fd61f04deebed3a3a20dc188d37edb53682d313ac57f2725d54?s=96&d=mm&r=g\",\"caption\":\"Redacci\\u00f3n\"},\"sameAs\":[\"https:\/\/soledaddurazo.com\"]}]}<\/script>\n ","yoast_head_json":{"title":"Orden y responsabilidad en el ISSSTESON - Periodista SoledadDurazo.com","robots":{"index":"index","follow":"follow","max-snippet":"max-snippet:-1","max-image-preview":"max-image-preview:large","max-video-preview":"max-video-preview:-1"},"canonical":"https:\/\/soledaddurazo.com\/blog\/2023\/09\/27\/orden-y-responsabilidad-en-el-isssteson\/","og_locale":"es_MX","og_type":"article","og_title":"Orden y responsabilidad en el ISSSTESON","og_description":"\u00a0 Con poco m\u00e1s de diez meses de arribar a la Direcci\u00f3n General del ISSSTESON, Froyl\u00e1n G\u00e1mez Gamboa, sostuvo una charla con los integrantes del Colectivo de Reporteros Sonorenses. El orden y una responsabilidad muy clara en las finanzas del instituto, ha sido la prioridad en la gesti\u00f3n de Froyl\u00e1n G\u00e1mez al frente del ISSSTESON, [&hellip;]","og_url":"https:\/\/soledaddurazo.com\/blog\/2023\/09\/27\/orden-y-responsabilidad-en-el-isssteson\/","og_site_name":"Periodista SoledadDurazo.com","article_publisher":"https:\/\/www.facebook.com\/soledad.durazo.9\/","article_published_time":"2023-09-27T17:55:14+00:00","article_modified_time":"2023-09-27T18:22:38+00:00","og_image":[{"width":1092,"height":983,"url":"https:\/\/soledaddurazo.com\/storage\/2023\/09\/9a-GRAFICO-FERNANDO-OROPEZA.jpeg","type":"image\/jpeg"}],"twitter_card":"summary_large_image","twitter_creator":"@SoledadDurazo","twitter_site":"@SoledadDurazo","twitter_misc":{"Escrito por":"Redacci\u00f3n","Tiempo de lectura":"5 minutos"},"schema":{"@context":"https:\/\/schema.org","@graph":[{"@type":"Organization","@id":"https:\/\/soledaddurazo.com\/#organization","name":"Soledad Durazo","url":"https:\/\/soledaddurazo.com\/","sameAs":["https:\/\/www.facebook.com\/soledad.durazo.9\/","https:\/\/www.instagram.com\/soledaddurazo","https:\/\/www.youtube.com\/channel\/UC9yGPw8-Vbl_B2XNkRwPS-w","https:\/\/twitter.com\/SoledadDurazo"],"logo":{"@type":"ImageObject","@id":"https:\/\/soledaddurazo.com\/#logo","inLanguage":"es","url":"https:\/\/soledaddurazo.com\/storage\/2021\/11\/nllp-720x375-1-2.png","contentUrl":"https:\/\/soledaddurazo.com\/storage\/2021\/11\/nllp-720x375-1-2.png","width":720,"height":375,"caption":"Soledad Durazo"},"image":{"@id":"https:\/\/soledaddurazo.com\/#logo"}},{"@type":"WebSite","@id":"https:\/\/soledaddurazo.com\/#website","url":"https:\/\/soledaddurazo.com\/","name":"Periodista SoledadDurazo.com","description":"Periodista sonorense. Directora de www.SoledadDurazo.com Columnista, conductora de radio y Tv. Catedr\u00e1tica en la UNISON","publisher":{"@id":"https:\/\/soledaddurazo.com\/#organization"},"potentialAction":[{"@type":"SearchAction","target":{"@type":"EntryPoint","urlTemplate":"https:\/\/soledaddurazo.com\/?s={search_term_string}"},"query-input":"required name=search_term_string"}],"inLanguage":"es"},{"@type":"ImageObject","@id":"https:\/\/soledaddurazo.com\/blog\/2023\/09\/27\/orden-y-responsabilidad-en-el-isssteson\/#primaryimage","inLanguage":"es","url":"https:\/\/soledaddurazo.com\/storage\/2023\/09\/9a-GRAFICO-FERNANDO-OROPEZA.jpeg","contentUrl":"https:\/\/soledaddurazo.com\/storage\/2023\/09\/9a-GRAFICO-FERNANDO-OROPEZA.jpeg","width":1092,"height":983},{"@type":"WebPage","@id":"https:\/\/soledaddurazo.com\/blog\/2023\/09\/27\/orden-y-responsabilidad-en-el-isssteson\/#webpage","url":"https:\/\/soledaddurazo.com\/blog\/2023\/09\/27\/orden-y-responsabilidad-en-el-isssteson\/","name":"Orden y responsabilidad en el ISSSTESON - Periodista SoledadDurazo.com","isPartOf":{"@id":"https:\/\/soledaddurazo.com\/#website"},"primaryImageOfPage":{"@id":"https:\/\/soledaddurazo.com\/blog\/2023\/09\/27\/orden-y-responsabilidad-en-el-isssteson\/#primaryimage"},"datePublished":"2023-09-27T17:55:14+00:00","dateModified":"2023-09-27T18:22:38+00:00","breadcrumb":{"@id":"https:\/\/soledaddurazo.com\/blog\/2023\/09\/27\/orden-y-responsabilidad-en-el-isssteson\/#breadcrumb"},"inLanguage":"es","potentialAction":[{"@type":"ReadAction","target":["https:\/\/soledaddurazo.com\/blog\/2023\/09\/27\/orden-y-responsabilidad-en-el-isssteson\/"]}]},{"@type":"BreadcrumbList","@id":"https:\/\/soledaddurazo.com\/blog\/2023\/09\/27\/orden-y-responsabilidad-en-el-isssteson\/#breadcrumb","itemListElement":[{"@type":"ListItem","position":1,"name":"Home","item":"https:\/\/soledaddurazo.com\/"},{"@type":"ListItem","position":2,"name":"Orden y responsabilidad en el ISSSTESON"}]},{"@type":"Article","@id":"https:\/\/soledaddurazo.com\/blog\/2023\/09\/27\/orden-y-responsabilidad-en-el-isssteson\/#article","isPartOf":{"@id":"https:\/\/soledaddurazo.com\/blog\/2023\/09\/27\/orden-y-responsabilidad-en-el-isssteson\/#webpage"},"author":{"@id":"https:\/\/soledaddurazo.com\/#\/schema\/person\/822d8e13aa288585e6546f179853758b"},"headline":"Orden y responsabilidad en el ISSSTESON","datePublished":"2023-09-27T17:55:14+00:00","dateModified":"2023-09-27T18:22:38+00:00","mainEntityOfPage":{"@id":"https:\/\/soledaddurazo.com\/blog\/2023\/09\/27\/orden-y-responsabilidad-en-el-isssteson\/#webpage"},"wordCount":1115,"commentCount":0,"publisher":{"@id":"https:\/\/soledaddurazo.com\/#organization"},"image":{"@id":"https:\/\/soledaddurazo.com\/blog\/2023\/09\/27\/orden-y-responsabilidad-en-el-isssteson\/#primaryimage"},"thumbnailUrl":"https:\/\/soledaddurazo.com\/storage\/2023\/09\/9a-GRAFICO-FERNANDO-OROPEZA.jpeg","articleSection":["Fernando Oropeza"],"inLanguage":"es","potentialAction":[{"@type":"CommentAction","name":"Comment","target":["https:\/\/soledaddurazo.com\/blog\/2023\/09\/27\/orden-y-responsabilidad-en-el-isssteson\/#respond"]}]},{"@type":"Person","@id":"https:\/\/soledaddurazo.com\/#\/schema\/person\/822d8e13aa288585e6546f179853758b","name":"Redacci\u00f3n","image":{"@type":"ImageObject","@id":"https:\/\/soledaddurazo.com\/#personlogo","inLanguage":"es","url":"https:\/\/secure.gravatar.com\/avatar\/c4e193752f756fd61f04deebed3a3a20dc188d37edb53682d313ac57f2725d54?s=96&d=mm&r=g","contentUrl":"https:\/\/secure.gravatar.com\/avatar\/c4e193752f756fd61f04deebed3a3a20dc188d37edb53682d313ac57f2725d54?s=96&d=mm&r=g","caption":"Redacci\u00f3n"},"sameAs":["https:\/\/soledaddurazo.com"]}]}},"_links":{"self":[{"href":"https:\/\/soledaddurazo.com\/api\/wp\/v2\/posts\/18687","targetHints":{"allow":["GET"]}}],"collection":[{"href":"https:\/\/soledaddurazo.com\/api\/wp\/v2\/posts"}],"about":[{"href":"https:\/\/soledaddurazo.com\/api\/wp\/v2\/types\/post"}],"author":[{"embeddable":true,"href":"https:\/\/soledaddurazo.com\/api\/wp\/v2\/users\/1"}],"replies":[{"embeddable":true,"href":"https:\/\/soledaddurazo.com\/api\/wp\/v2\/comments?post=18687"}],"version-history":[{"count":1,"href":"https:\/\/soledaddurazo.com\/api\/wp\/v2\/posts\/18687\/revisions"}],"predecessor-version":[{"id":18689,"href":"https:\/\/soledaddurazo.com\/api\/wp\/v2\/posts\/18687\/revisions\/18689"}],"wp:featuredmedia":[{"embeddable":true,"href":"https:\/\/soledaddurazo.com\/api\/wp\/v2\/media\/18539"}],"wp:attachment":[{"href":"https:\/\/soledaddurazo.com\/api\/wp\/v2\/media?parent=18687"}],"wp:term":[{"taxonomy":"category","embeddable":true,"href":"https:\/\/soledaddurazo.com\/api\/wp\/v2\/categories?post=18687"},{"taxonomy":"post_tag","embeddable":true,"href":"https:\/\/soledaddurazo.com\/api\/wp\/v2\/tags?post=18687"}],"curies":[{"name":"wp","href":"https:\/\/api.w.org\/{rel}","templated":true}]}}