{"id":18676,"date":"2023-09-25T08:24:13","date_gmt":"2023-09-25T15:24:13","guid":{"rendered":"https:\/\/soledaddurazo.com\/?p=18676"},"modified":"2023-10-05T20:10:56","modified_gmt":"2023-10-06T03:10:56","slug":"morena-busca-adhesiones-de-otros-partidos","status":"publish","type":"post","link":"https:\/\/soledaddurazo.com\/blog\/2023\/09\/25\/morena-busca-adhesiones-de-otros-partidos\/","title":{"rendered":"Morena busca adhesiones de otros partidos"},"content":{"rendered":"<p><a href=\"https:\/\/soledaddurazo.com\/storage\/2023\/09\/fer-3.jpg\"><img loading=\"lazy\" decoding=\"async\" class=\"aligncenter size-full wp-image-18677\" src=\"https:\/\/soledaddurazo.com\/storage\/2023\/09\/fer-3.jpg\" alt=\"\" width=\"803\" height=\"466\" srcset=\"https:\/\/soledaddurazo.com\/storage\/2023\/09\/fer-3.jpg 803w, https:\/\/soledaddurazo.com\/storage\/2023\/09\/fer-3-300x174.jpg 300w, https:\/\/soledaddurazo.com\/storage\/2023\/09\/fer-3-768x446.jpg 768w, https:\/\/soledaddurazo.com\/storage\/2023\/09\/fer-3-600x348.jpg 600w, https:\/\/soledaddurazo.com\/storage\/2023\/09\/fer-3-750x435.jpg 750w\" sizes=\"auto, (max-width: 803px) 100vw, 803px\" \/><\/a><\/p>\n<p><strong>\u00a0<\/strong><\/p>\n<p>La Coordinadora Nacional de los Comit\u00e9s de Defensa de la Cuarta Transformaci\u00f3n y virtual candidata a la Presidencia de la Republica, por el Partido Movimiento de Regeneraci\u00f3n Nacional, Claudia Sheinbaum Pardo, realiza un recorrido por las principales ciudades del pa\u00eds, promoviendo la unidad de su partido, en compa\u00f1\u00eda del Dirigente Nacional, Mario Delgado y su vocero, Gerardo Fern\u00e1ndez Noro\u00f1a.<\/p>\n<p>La gira por las entidades del pa\u00eds, se le conoce como \u201cLa Esperanza Nos Une\u201d, haciendo a un lado los problemas de log\u00edstica u organizaci\u00f3n del evento en la Arena Sonora que fueron muy evidentes, \u00a0ya se advierte la primera estrategia de campa\u00f1a de la ex Jefa de Gobierno de la CDMX.<\/p>\n<p>El pasado viernes, toc\u00f3 a Hermosillo, recibir a la doctora Sheinbaum Pardo, fue en el Auditorio C\u00edvico del Estado en donde se celebr\u00f3 el primer evento de la jornada, para tomar protesta a los Comit\u00e9s de Defensa de la Cuarta Transformaci\u00f3n.<\/p>\n<p>Posteriormente, en la Arena Sonora, que fue insuficiente para recibir a los miles de asistentes que quisieron entrar al recinto deportivo, se realiz\u00f3 un evento en donde no solo fue posible ver a la clase pol\u00edtica de Morena, tambi\u00e9n a militantes de otros partidos pol\u00edticos.<\/p>\n<p>Muchas caras conocidas en el pasado pol\u00edtico de Sonora, tan criticado en la actualidad, fueron vistas en el evento en que se firm\u00f3 el acuerdo \u201cUnidad para la Transformaci\u00f3n\u201d, signado por una centena de empresarios; pol\u00edticos; y miembros de la sociedad civil, muchos de los firmantes como las Diputadas Karina Z\u00e1rate, Elly Salllard y Alma Higuera, su ingreso a Morena se dio desde hace varios meses atr\u00e1s, no fue sorpresa escuchar su nombre, el evento del viernes fue mero acto protocolario.<\/p>\n<p>En este proceso que apenas comienza, Morena y la doctora Sheinbaum Pardo, muestran su primera carta del juego estrat\u00e9gico, es claro que la operaci\u00f3n aritm\u00e9tica es sumar, sin importar los riesgos que se corran, ni las contradicciones en las que se pueda incurrir, al abrir la puerta a todo el espectro pol\u00edtico.<\/p>\n<p>La militancia fundadora de Morena en Sonora, no hizo gestos ante la apertura que est\u00e1 demostrando la Coordinadora Nacional de los Comit\u00e9s de Defensa de la Cuarta Transformaci\u00f3n, hacia otros actores pol\u00edticos, pero en otras entidades como Sinaloa, ya hubo las primeras resistencias, la militancia no aprueba del todo el chapulineo a Morena, la peor ser\u00eda que lleguen desplazando a los que primero llegaron.<\/p>\n<p><strong>GOBERNADOR DURAZO DE GIRA POR TAIW\u00c1N <\/strong><\/p>\n<p>El Gobernador Alfonso Durazo parti\u00f3 rumbo al continente asi\u00e1tico, espec\u00edficamente a Taiw\u00e1n, con el Plan Sonora de Energ\u00edas bajo el brazo, con el objetivo de promover los programas que derivan de este plan y propiciar \u00a0la llegada de nuevas inversiones a nuestra entidad, que se facilitan con la pol\u00edtica de relocalizaci\u00f3n de empresas que dej\u00f3 como saldo la pandemia, adem\u00e1s de las ventajas competitivas que ofrece nuestra entidad, que incluyen las reservas de litio y cobre, minerales esenciales para la industria de fabricaci\u00f3n de semiconductores.<\/p>\n<p>Se espera que sea una semana de buenas noticias, el Plan Sonora de Energ\u00eda, ha sido presentado a la representaci\u00f3n diplom\u00e1tica acreditada en nuestro pa\u00eds; en Europa; Asia; Canad\u00e1; Estados Unidos; Egipto y ahora Taiw\u00e1n.<\/p>\n<p><strong>RETAZOS INTERESANTES<\/strong><\/p>\n<p>1.- Como que hay cierto aire de burla, en la respuesta gr\u00e1fica de desde su cuenta de redes sociales da, Jes\u00fas Manuel Acu\u00f1a, ex Director General de ISSSTESON, a la informaci\u00f3n que proporciona Secretar\u00eda de Salud, sobre el abasto del 90% de los medicamentos en ISSSTESON, gracias a la inversi\u00f3n de 442 millones de pesos para compras consolidadas. Ya comenz\u00f3 la temporada de la NFL y el fullback de la Cuarta Transformaci\u00f3n, se qued\u00f3 con las ganas de taclear a la corrupci\u00f3n.<\/p>\n<p>2.-\u00a0 El empresario Gerardo Pozos, apunta para ser el dirigente municipal del Partido Sonorense, instituto que hace su debut en este proceso electoral. Gerardo Pozos trae la encomienda de captar a todos aquellos que no se sienten representados por un partido pol\u00edtico. Veremos lo que trae en la bola.<\/p>\n<p>3.- Los fines de semana se desata la violencia en nuestro estado, con mayor frecuencia, me anim\u00f3 a mencionar lo anterior, sin la revisi\u00f3n estad\u00edstica, por pura percepci\u00f3n, ya que, en los \u00faltimos meses, la nota policiaca aumenta los fines de semana. Ayer en San Luis R\u00edo Colorado, las balas del fuego cruzado, segaron la vida del colega periodista Jes\u00fas Guti\u00e9rrez Vergara, en un atentado contra un Jefe Policiaco. Otro periodista m\u00e1s que muere en M\u00e9xico y la gobernabilidad se tambalea en San Luis R\u00edo Colorado a causa de la violencia.<\/p>\n<p>LENGUAS VESPERTINAS est\u00e1 de regreso en la programaci\u00f3n del 99.1 F. M. de To\u00f1o, de lunes a viernes a las 17:00 horas, el se\u00f1or Arturo Chapo Soto y ac\u00e1 su mu\u00f1eco de peluche, en vivo y en directo, sin jaula ni red de protecci\u00f3n, le llevaremos lo m\u00e1s relevante del comenta pol\u00edtico.<\/p>\n<p>LENGUAS VESPERTINAS, d\u00f3nde el comentario pol\u00edtico no es sorpresa, es una realidad, con Arturo Soto y Fernando Oropeza.<\/p>\n<p>Para los amigos de todo el sur de Sonora, los invito a escuchar, SONORA EN RED NOTICIAS, en su nuevo horario a las 6 de la tarde, espacio que comparto con mi amigo Arturo Chapo Soto, por el 93.3 del cuadrante de F.M. informativo que tambi\u00e9n puede ser visto, por la se\u00f1al del canal 14 de Estrella Tucson TV, en todo el sur de Arizona.<\/p>\n<p>Podemos interactuar a trav\u00e9s de mi cuenta de Twitter @feroropeza20 o en mi correo electr\u00f3nico <a href=\"mailto:luiso@hmo.megared.net.mx\">luiso@hmo.megared.net.mx<\/a><\/p>\n<p>&nbsp;<\/p>\n","protected":false},"excerpt":{"rendered":"<p>\u00a0 La Coordinadora Nacional de los Comit\u00e9s de Defensa de la Cuarta Transformaci\u00f3n y virtual candidata a la Presidencia de la Republica, por el Partido Movimiento de Regeneraci\u00f3n Nacional, Claudia Sheinbaum Pardo, realiza un recorrido por las principales ciudades del pa\u00eds, promoviendo la unidad de su partido, en compa\u00f1\u00eda del Dirigente Nacional, Mario Delgado y [&hellip;]<\/p>\n","protected":false},"author":1,"featured_media":18539,"comment_status":"open","ping_status":"open","sticky":false,"template":"","format":"standard","meta":{"footnotes":""},"categories":[173],"tags":[],"class_list":["post"],"yoast_head":" \n<title>Morena busca adhesiones de otros partidos - Periodista SoledadDurazo.com<\/title>\n<meta name=\"robots\" content=\"index, follow, max-snippet:-1, max-image-preview:large, max-video-preview:-1\" \/>\n<link rel=\"canonical\" href=\"https:\/\/soledaddurazo.com\/blog\/2023\/09\/25\/morena-busca-adhesiones-de-otros-partidos\/\" \/>\n<meta property=\"og:locale\" content=\"es_MX\" \/>\n<meta property=\"og:type\" content=\"article\" \/>\n<meta property=\"og:title\" content=\"Morena busca adhesiones de otros partidos\" \/>\n<meta property=\"og:description\" content=\"\u00a0 La Coordinadora Nacional de los Comit\u00e9s de Defensa de la Cuarta Transformaci\u00f3n y virtual candidata a la Presidencia de la Republica, por el Partido Movimiento de Regeneraci\u00f3n Nacional, Claudia Sheinbaum Pardo, realiza un recorrido por las principales ciudades del pa\u00eds, promoviendo la unidad de su partido, en compa\u00f1\u00eda del Dirigente Nacional, Mario Delgado y [&hellip;]\" \/>\n<meta property=\"og:url\" content=\"https:\/\/soledaddurazo.com\/blog\/2023\/09\/25\/morena-busca-adhesiones-de-otros-partidos\/\" \/>\n<meta property=\"og:site_name\" content=\"Periodista SoledadDurazo.com\" \/>\n<meta property=\"article:publisher\" content=\"https:\/\/www.facebook.com\/soledad.durazo.9\/\" \/>\n<meta property=\"article:published_time\" content=\"2023-09-25T15:24:13+00:00\" \/>\n<meta property=\"article:modified_time\" content=\"2023-10-06T03:10:56+00:00\" \/>\n<meta property=\"og:image\" content=\"https:\/\/soledaddurazo.com\/storage\/2023\/09\/9a-GRAFICO-FERNANDO-OROPEZA.jpeg\" \/>\n\t<meta property=\"og:image:width\" content=\"1092\" \/>\n\t<meta property=\"og:image:height\" content=\"983\" \/>\n<meta name=\"twitter:card\" content=\"summary_large_image\" \/>\n<meta name=\"twitter:creator\" content=\"@SoledadDurazo\" \/>\n<meta name=\"twitter:site\" content=\"@SoledadDurazo\" \/>\n<meta name=\"twitter:label1\" content=\"Escrito por\" \/>\n\t<meta name=\"twitter:data1\" content=\"Redacci\u00f3n\" \/>\n\t<meta name=\"twitter:label2\" content=\"Tiempo de lectura\" \/>\n\t<meta name=\"twitter:data2\" content=\"5 minutos\" \/>\n<script type=\"application\/ld+json\" class=\"yoast-schema-graph\">{\"@context\":\"https:\/\/schema.org\",\"@graph\":[{\"@type\":\"Organization\",\"@id\":\"https:\/\/soledaddurazo.com\/#organization\",\"name\":\"Soledad Durazo\",\"url\":\"https:\/\/soledaddurazo.com\/\",\"sameAs\":[\"https:\/\/www.facebook.com\/soledad.durazo.9\/\",\"https:\/\/www.instagram.com\/soledaddurazo\",\"https:\/\/www.youtube.com\/channel\/UC9yGPw8-Vbl_B2XNkRwPS-w\",\"https:\/\/twitter.com\/SoledadDurazo\"],\"logo\":{\"@type\":\"ImageObject\",\"@id\":\"https:\/\/soledaddurazo.com\/#logo\",\"inLanguage\":\"es\",\"url\":\"https:\/\/soledaddurazo.com\/storage\/2021\/11\/nllp-720x375-1-2.png\",\"contentUrl\":\"https:\/\/soledaddurazo.com\/storage\/2021\/11\/nllp-720x375-1-2.png\",\"width\":720,\"height\":375,\"caption\":\"Soledad Durazo\"},\"image\":{\"@id\":\"https:\/\/soledaddurazo.com\/#logo\"}},{\"@type\":\"WebSite\",\"@id\":\"https:\/\/soledaddurazo.com\/#website\",\"url\":\"https:\/\/soledaddurazo.com\/\",\"name\":\"Periodista SoledadDurazo.com\",\"description\":\"Periodista sonorense. Directora de www.SoledadDurazo.com Columnista, conductora de radio y Tv. Catedr\\u00e1tica en la UNISON\",\"publisher\":{\"@id\":\"https:\/\/soledaddurazo.com\/#organization\"},\"potentialAction\":[{\"@type\":\"SearchAction\",\"target\":{\"@type\":\"EntryPoint\",\"urlTemplate\":\"https:\/\/soledaddurazo.com\/?s={search_term_string}\"},\"query-input\":\"required name=search_term_string\"}],\"inLanguage\":\"es\"},{\"@type\":\"ImageObject\",\"@id\":\"https:\/\/soledaddurazo.com\/blog\/2023\/09\/25\/morena-busca-adhesiones-de-otros-partidos\/#primaryimage\",\"inLanguage\":\"es\",\"url\":\"https:\/\/soledaddurazo.com\/storage\/2023\/09\/9a-GRAFICO-FERNANDO-OROPEZA.jpeg\",\"contentUrl\":\"https:\/\/soledaddurazo.com\/storage\/2023\/09\/9a-GRAFICO-FERNANDO-OROPEZA.jpeg\",\"width\":1092,\"height\":983},{\"@type\":\"WebPage\",\"@id\":\"https:\/\/soledaddurazo.com\/blog\/2023\/09\/25\/morena-busca-adhesiones-de-otros-partidos\/#webpage\",\"url\":\"https:\/\/soledaddurazo.com\/blog\/2023\/09\/25\/morena-busca-adhesiones-de-otros-partidos\/\",\"name\":\"Morena busca adhesiones de otros partidos - Periodista SoledadDurazo.com\",\"isPartOf\":{\"@id\":\"https:\/\/soledaddurazo.com\/#website\"},\"primaryImageOfPage\":{\"@id\":\"https:\/\/soledaddurazo.com\/blog\/2023\/09\/25\/morena-busca-adhesiones-de-otros-partidos\/#primaryimage\"},\"datePublished\":\"2023-09-25T15:24:13+00:00\",\"dateModified\":\"2023-10-06T03:10:56+00:00\",\"breadcrumb\":{\"@id\":\"https:\/\/soledaddurazo.com\/blog\/2023\/09\/25\/morena-busca-adhesiones-de-otros-partidos\/#breadcrumb\"},\"inLanguage\":\"es\",\"potentialAction\":[{\"@type\":\"ReadAction\",\"target\":[\"https:\/\/soledaddurazo.com\/blog\/2023\/09\/25\/morena-busca-adhesiones-de-otros-partidos\/\"]}]},{\"@type\":\"BreadcrumbList\",\"@id\":\"https:\/\/soledaddurazo.com\/blog\/2023\/09\/25\/morena-busca-adhesiones-de-otros-partidos\/#breadcrumb\",\"itemListElement\":[{\"@type\":\"ListItem\",\"position\":1,\"name\":\"Home\",\"item\":\"https:\/\/soledaddurazo.com\/\"},{\"@type\":\"ListItem\",\"position\":2,\"name\":\"Morena busca adhesiones de otros partidos\"}]},{\"@type\":\"Article\",\"@id\":\"https:\/\/soledaddurazo.com\/blog\/2023\/09\/25\/morena-busca-adhesiones-de-otros-partidos\/#article\",\"isPartOf\":{\"@id\":\"https:\/\/soledaddurazo.com\/blog\/2023\/09\/25\/morena-busca-adhesiones-de-otros-partidos\/#webpage\"},\"author\":{\"@id\":\"https:\/\/soledaddurazo.com\/#\/schema\/person\/822d8e13aa288585e6546f179853758b\"},\"headline\":\"Morena busca adhesiones de otros partidos\",\"datePublished\":\"2023-09-25T15:24:13+00:00\",\"dateModified\":\"2023-10-06T03:10:56+00:00\",\"mainEntityOfPage\":{\"@id\":\"https:\/\/soledaddurazo.com\/blog\/2023\/09\/25\/morena-busca-adhesiones-de-otros-partidos\/#webpage\"},\"wordCount\":975,\"commentCount\":0,\"publisher\":{\"@id\":\"https:\/\/soledaddurazo.com\/#organization\"},\"image\":{\"@id\":\"https:\/\/soledaddurazo.com\/blog\/2023\/09\/25\/morena-busca-adhesiones-de-otros-partidos\/#primaryimage\"},\"thumbnailUrl\":\"https:\/\/soledaddurazo.com\/storage\/2023\/09\/9a-GRAFICO-FERNANDO-OROPEZA.jpeg\",\"articleSection\":[\"Fernando Oropeza\"],\"inLanguage\":\"es\",\"potentialAction\":[{\"@type\":\"CommentAction\",\"name\":\"Comment\",\"target\":[\"https:\/\/soledaddurazo.com\/blog\/2023\/09\/25\/morena-busca-adhesiones-de-otros-partidos\/#respond\"]}]},{\"@type\":\"Person\",\"@id\":\"https:\/\/soledaddurazo.com\/#\/schema\/person\/822d8e13aa288585e6546f179853758b\",\"name\":\"Redacci\\u00f3n\",\"image\":{\"@type\":\"ImageObject\",\"@id\":\"https:\/\/soledaddurazo.com\/#personlogo\",\"inLanguage\":\"es\",\"url\":\"https:\/\/secure.gravatar.com\/avatar\/c4e193752f756fd61f04deebed3a3a20dc188d37edb53682d313ac57f2725d54?s=96&d=mm&r=g\",\"contentUrl\":\"https:\/\/secure.gravatar.com\/avatar\/c4e193752f756fd61f04deebed3a3a20dc188d37edb53682d313ac57f2725d54?s=96&d=mm&r=g\",\"caption\":\"Redacci\\u00f3n\"},\"sameAs\":[\"https:\/\/soledaddurazo.com\"]}]}<\/script>\n ","yoast_head_json":{"title":"Morena busca adhesiones de otros partidos - Periodista SoledadDurazo.com","robots":{"index":"index","follow":"follow","max-snippet":"max-snippet:-1","max-image-preview":"max-image-preview:large","max-video-preview":"max-video-preview:-1"},"canonical":"https:\/\/soledaddurazo.com\/blog\/2023\/09\/25\/morena-busca-adhesiones-de-otros-partidos\/","og_locale":"es_MX","og_type":"article","og_title":"Morena busca adhesiones de otros partidos","og_description":"\u00a0 La Coordinadora Nacional de los Comit\u00e9s de Defensa de la Cuarta Transformaci\u00f3n y virtual candidata a la Presidencia de la Republica, por el Partido Movimiento de Regeneraci\u00f3n Nacional, Claudia Sheinbaum Pardo, realiza un recorrido por las principales ciudades del pa\u00eds, promoviendo la unidad de su partido, en compa\u00f1\u00eda del Dirigente Nacional, Mario Delgado y [&hellip;]","og_url":"https:\/\/soledaddurazo.com\/blog\/2023\/09\/25\/morena-busca-adhesiones-de-otros-partidos\/","og_site_name":"Periodista SoledadDurazo.com","article_publisher":"https:\/\/www.facebook.com\/soledad.durazo.9\/","article_published_time":"2023-09-25T15:24:13+00:00","article_modified_time":"2023-10-06T03:10:56+00:00","og_image":[{"width":1092,"height":983,"url":"https:\/\/soledaddurazo.com\/storage\/2023\/09\/9a-GRAFICO-FERNANDO-OROPEZA.jpeg","type":"image\/jpeg"}],"twitter_card":"summary_large_image","twitter_creator":"@SoledadDurazo","twitter_site":"@SoledadDurazo","twitter_misc":{"Escrito por":"Redacci\u00f3n","Tiempo de lectura":"5 minutos"},"schema":{"@context":"https:\/\/schema.org","@graph":[{"@type":"Organization","@id":"https:\/\/soledaddurazo.com\/#organization","name":"Soledad Durazo","url":"https:\/\/soledaddurazo.com\/","sameAs":["https:\/\/www.facebook.com\/soledad.durazo.9\/","https:\/\/www.instagram.com\/soledaddurazo","https:\/\/www.youtube.com\/channel\/UC9yGPw8-Vbl_B2XNkRwPS-w","https:\/\/twitter.com\/SoledadDurazo"],"logo":{"@type":"ImageObject","@id":"https:\/\/soledaddurazo.com\/#logo","inLanguage":"es","url":"https:\/\/soledaddurazo.com\/storage\/2021\/11\/nllp-720x375-1-2.png","contentUrl":"https:\/\/soledaddurazo.com\/storage\/2021\/11\/nllp-720x375-1-2.png","width":720,"height":375,"caption":"Soledad Durazo"},"image":{"@id":"https:\/\/soledaddurazo.com\/#logo"}},{"@type":"WebSite","@id":"https:\/\/soledaddurazo.com\/#website","url":"https:\/\/soledaddurazo.com\/","name":"Periodista SoledadDurazo.com","description":"Periodista sonorense. Directora de www.SoledadDurazo.com Columnista, conductora de radio y Tv. Catedr\u00e1tica en la UNISON","publisher":{"@id":"https:\/\/soledaddurazo.com\/#organization"},"potentialAction":[{"@type":"SearchAction","target":{"@type":"EntryPoint","urlTemplate":"https:\/\/soledaddurazo.com\/?s={search_term_string}"},"query-input":"required name=search_term_string"}],"inLanguage":"es"},{"@type":"ImageObject","@id":"https:\/\/soledaddurazo.com\/blog\/2023\/09\/25\/morena-busca-adhesiones-de-otros-partidos\/#primaryimage","inLanguage":"es","url":"https:\/\/soledaddurazo.com\/storage\/2023\/09\/9a-GRAFICO-FERNANDO-OROPEZA.jpeg","contentUrl":"https:\/\/soledaddurazo.com\/storage\/2023\/09\/9a-GRAFICO-FERNANDO-OROPEZA.jpeg","width":1092,"height":983},{"@type":"WebPage","@id":"https:\/\/soledaddurazo.com\/blog\/2023\/09\/25\/morena-busca-adhesiones-de-otros-partidos\/#webpage","url":"https:\/\/soledaddurazo.com\/blog\/2023\/09\/25\/morena-busca-adhesiones-de-otros-partidos\/","name":"Morena busca adhesiones de otros partidos - Periodista SoledadDurazo.com","isPartOf":{"@id":"https:\/\/soledaddurazo.com\/#website"},"primaryImageOfPage":{"@id":"https:\/\/soledaddurazo.com\/blog\/2023\/09\/25\/morena-busca-adhesiones-de-otros-partidos\/#primaryimage"},"datePublished":"2023-09-25T15:24:13+00:00","dateModified":"2023-10-06T03:10:56+00:00","breadcrumb":{"@id":"https:\/\/soledaddurazo.com\/blog\/2023\/09\/25\/morena-busca-adhesiones-de-otros-partidos\/#breadcrumb"},"inLanguage":"es","potentialAction":[{"@type":"ReadAction","target":["https:\/\/soledaddurazo.com\/blog\/2023\/09\/25\/morena-busca-adhesiones-de-otros-partidos\/"]}]},{"@type":"BreadcrumbList","@id":"https:\/\/soledaddurazo.com\/blog\/2023\/09\/25\/morena-busca-adhesiones-de-otros-partidos\/#breadcrumb","itemListElement":[{"@type":"ListItem","position":1,"name":"Home","item":"https:\/\/soledaddurazo.com\/"},{"@type":"ListItem","position":2,"name":"Morena busca adhesiones de otros partidos"}]},{"@type":"Article","@id":"https:\/\/soledaddurazo.com\/blog\/2023\/09\/25\/morena-busca-adhesiones-de-otros-partidos\/#article","isPartOf":{"@id":"https:\/\/soledaddurazo.com\/blog\/2023\/09\/25\/morena-busca-adhesiones-de-otros-partidos\/#webpage"},"author":{"@id":"https:\/\/soledaddurazo.com\/#\/schema\/person\/822d8e13aa288585e6546f179853758b"},"headline":"Morena busca adhesiones de otros partidos","datePublished":"2023-09-25T15:24:13+00:00","dateModified":"2023-10-06T03:10:56+00:00","mainEntityOfPage":{"@id":"https:\/\/soledaddurazo.com\/blog\/2023\/09\/25\/morena-busca-adhesiones-de-otros-partidos\/#webpage"},"wordCount":975,"commentCount":0,"publisher":{"@id":"https:\/\/soledaddurazo.com\/#organization"},"image":{"@id":"https:\/\/soledaddurazo.com\/blog\/2023\/09\/25\/morena-busca-adhesiones-de-otros-partidos\/#primaryimage"},"thumbnailUrl":"https:\/\/soledaddurazo.com\/storage\/2023\/09\/9a-GRAFICO-FERNANDO-OROPEZA.jpeg","articleSection":["Fernando Oropeza"],"inLanguage":"es","potentialAction":[{"@type":"CommentAction","name":"Comment","target":["https:\/\/soledaddurazo.com\/blog\/2023\/09\/25\/morena-busca-adhesiones-de-otros-partidos\/#respond"]}]},{"@type":"Person","@id":"https:\/\/soledaddurazo.com\/#\/schema\/person\/822d8e13aa288585e6546f179853758b","name":"Redacci\u00f3n","image":{"@type":"ImageObject","@id":"https:\/\/soledaddurazo.com\/#personlogo","inLanguage":"es","url":"https:\/\/secure.gravatar.com\/avatar\/c4e193752f756fd61f04deebed3a3a20dc188d37edb53682d313ac57f2725d54?s=96&d=mm&r=g","contentUrl":"https:\/\/secure.gravatar.com\/avatar\/c4e193752f756fd61f04deebed3a3a20dc188d37edb53682d313ac57f2725d54?s=96&d=mm&r=g","caption":"Redacci\u00f3n"},"sameAs":["https:\/\/soledaddurazo.com"]}]}},"_links":{"self":[{"href":"https:\/\/soledaddurazo.com\/api\/wp\/v2\/posts\/18676","targetHints":{"allow":["GET"]}}],"collection":[{"href":"https:\/\/soledaddurazo.com\/api\/wp\/v2\/posts"}],"about":[{"href":"https:\/\/soledaddurazo.com\/api\/wp\/v2\/types\/post"}],"author":[{"embeddable":true,"href":"https:\/\/soledaddurazo.com\/api\/wp\/v2\/users\/1"}],"replies":[{"embeddable":true,"href":"https:\/\/soledaddurazo.com\/api\/wp\/v2\/comments?post=18676"}],"version-history":[{"count":1,"href":"https:\/\/soledaddurazo.com\/api\/wp\/v2\/posts\/18676\/revisions"}],"predecessor-version":[{"id":18678,"href":"https:\/\/soledaddurazo.com\/api\/wp\/v2\/posts\/18676\/revisions\/18678"}],"wp:featuredmedia":[{"embeddable":true,"href":"https:\/\/soledaddurazo.com\/api\/wp\/v2\/media\/18539"}],"wp:attachment":[{"href":"https:\/\/soledaddurazo.com\/api\/wp\/v2\/media?parent=18676"}],"wp:term":[{"taxonomy":"category","embeddable":true,"href":"https:\/\/soledaddurazo.com\/api\/wp\/v2\/categories?post=18676"},{"taxonomy":"post_tag","embeddable":true,"href":"https:\/\/soledaddurazo.com\/api\/wp\/v2\/tags?post=18676"}],"curies":[{"name":"wp","href":"https:\/\/api.w.org\/{rel}","templated":true}]}}