{"id":18673,"date":"2023-09-22T11:16:52","date_gmt":"2023-09-22T18:16:52","guid":{"rendered":"https:\/\/soledaddurazo.com\/?p=18673"},"modified":"2023-09-22T11:17:45","modified_gmt":"2023-09-22T18:17:45","slug":"pais-de-cinicos","status":"publish","type":"post","link":"https:\/\/soledaddurazo.com\/blog\/2023\/09\/22\/pais-de-cinicos\/","title":{"rendered":"Pa\u00eds de c\u00ednicos"},"content":{"rendered":"<p><a href=\"https:\/\/soledaddurazo.com\/storage\/2023\/09\/fer-1.png\"><img loading=\"lazy\" decoding=\"async\" class=\"aligncenter size-full wp-image-18674\" src=\"https:\/\/soledaddurazo.com\/storage\/2023\/09\/fer-1.png\" alt=\"\" width=\"1080\" height=\"1080\" srcset=\"https:\/\/soledaddurazo.com\/storage\/2023\/09\/fer-1.png 1080w, https:\/\/soledaddurazo.com\/storage\/2023\/09\/fer-1-300x300.png 300w, https:\/\/soledaddurazo.com\/storage\/2023\/09\/fer-1-1024x1024.png 1024w, https:\/\/soledaddurazo.com\/storage\/2023\/09\/fer-1-150x150.png 150w, https:\/\/soledaddurazo.com\/storage\/2023\/09\/fer-1-768x768.png 768w, https:\/\/soledaddurazo.com\/storage\/2023\/09\/fer-1-600x600.png 600w, https:\/\/soledaddurazo.com\/storage\/2023\/09\/fer-1-100x100.png 100w, https:\/\/soledaddurazo.com\/storage\/2023\/09\/fer-1-75x75.png 75w, https:\/\/soledaddurazo.com\/storage\/2023\/09\/fer-1-750x750.png 750w\" sizes=\"auto, (max-width: 1080px) 100vw, 1080px\" \/><\/a><\/p>\n<p><strong>\u00a0<\/strong><\/p>\n<p>El autoproclamado \u201c\u00daltimo Presidente de la Revoluci\u00f3n\u201d nos advirti\u00f3 hace m\u00e1s de cuarenta a\u00f1os, que lo peor que le podr\u00eda pasar a M\u00e9xico, es convertirse en un pa\u00eds de c\u00ednicos. Desde luego que Jos\u00e9 L\u00f3pez Portillo se refer\u00eda al cinismo de los protagonistas de la vida p\u00fablica.<\/p>\n<p>Ir\u00f3nicamente este hombre que gobern\u00f3 M\u00e9xico sobresale como quiz\u00e1s el mayor de los c\u00ednicos en la historia de nuestro sistema pol\u00edtico.<\/p>\n<p>No obstante, la alternancia en el poder en nuestra incipiente democracia, alcanzada a inicios de este siglo, los protagonistas de la vida p\u00fablica, siguen cometiendo il\u00edcitos desde el poder y demuestran una gran dosis de cinismo al cometerlos. Expresiones de corrupci\u00f3n como el nepotismo, influyentismo, omisiones en sus atribuciones, siguen presentes en la vida p\u00fablica de nuestro pa\u00eds.<\/p>\n<p>A manera ilustrativa, para ejemplificar el caso de algunos c\u00ednicos aqu\u00ed a nivel local, comentar\u00e9 una historia que me ocurri\u00f3 esta misma semana, el lunes pasado, al hacer la siguiente publicaci\u00f3n desde mi cuenta de redes sociales:<\/p>\n<p><em>\u201cFlash, flash informativo: Ma\u00f1ana la Sala Guadalajara del Tribunal Electoral del Poder Judicial de la Federaci\u00f3n le dar\u00e1 palo a la impugnaci\u00f3n interpuesta por la organizaci\u00f3n pol\u00edtica, Vamos, para convertirse en partido pol\u00edtico. Ni con el Magistrado del Supremo Tribunal de Justicia de Jalisco que contrataron pudieron sacar adelante la impugnaci\u00f3n\u201d<\/em><\/p>\n<p>El vocero de la organizaci\u00f3n a que hago referencia, un tal Aldo Castro, respondi\u00f3 a mi publicaci\u00f3n con insultos y ataques a mi persona<\/p>\n<p><em>\u201cLo que es cuando la gente por unos pesos cree que es periodista, para eso se requieren valores, principios y \u00e9tica y publica babosadas que su patr\u00f3n le ordena<\/em>\u201d<\/p>\n<p><em>\u201cEs otro tema que cualquier pasquinero ni siquiera tiene capacidad de documentar, Vamos y Norberto Barraza, igual que miles de personas decentes trabajamos, no cobramos, para obedecer \u00f3rdenes del patr\u00f3n jajaja chayoteros\u201d <\/em><\/p>\n<p>El mi\u00e9rcoles por la tarde, se confirm\u00f3 la primicia que desde el d\u00eda lunes hab\u00eda dado. El TEPJF, no le dio la raz\u00f3n a la organizaci\u00f3n Vamos y confirm\u00f3 la sentencia del Tribunal Estatal Electoral para negarle el registro como partido pol\u00edtico local.<\/p>\n<p>El tema de los c\u00ednicos viene al caso por lo siguiente, el se\u00f1or Aldo Castro, se autodefine como gente decente, pero hace algunos a\u00f1os, protagoniz\u00f3 un esc\u00e1ndalo en los c\u00edrculos de las familias ricas de Hermosillo, involucrando a la Iglesia Cat\u00f3lica. Era ministro y daba la comuni\u00f3n a domicilio a distinguidas se\u00f1oras, se gan\u00f3 su confianza, para despu\u00e9s solicitar fuertes cantidades de dinero a nombre de varios sacerdotes, el Padre Genaro Huerta, el Padre Luis Enrique Sinohui, QEPD, entre otros. La agarraron en la movida y le retiraron sus funciones eclesi\u00e1sticas.<\/p>\n<p>Se debe ser muy l\u00e9pero y tener una elevada dosis de cinismo, para traicionar al alt\u00edsimo de esa manera, con la biblia bajo un brazo y con el otro pidiendo dinero a nombre de la Santa Iglesia Apost\u00f3lica y Romana, para qued\u00e1rselo, eso se llama robar.<\/p>\n<p>Seg\u00fan me cuentan, no solo al terreno eclesi\u00e1stico llev\u00f3 su mala costumbre de apropiarse de lo ajeno el se\u00f1or Aldo Castro, pas\u00f3 alg\u00fan tiempo bajo la sombra, acusado de desfalcar la empresa que administraba. \u00a1Qu\u00e9 vocero tan decente!<\/p>\n<p>Ya hay mucho l\u00e9pero y c\u00ednico en los partidos pol\u00edticos, afortunadamente nos libramos de uno m\u00e1s que quiso engrosar la lista.<\/p>\n<p>Demostraron tener muy delicado el cutis los dirigentes de Vamos, no les gusta que les digan sus verdades \u00a1No la amuelen! Ya hay mucho l\u00e9pero en los partidos pol\u00edticos y todav\u00eda quieren endilgarnos a los sonorenses, individuos de la cala\u00f1a de su vocero \u00a1No sean corrientes!<\/p>\n<p>Ahora solo les queda comprarse una funeraria, para que sigan llorando por los rincones y sigan haci\u00e9ndose las v\u00edctimas, porque partido, no tendr\u00e1n, por lo pronto. \u00a1Qu\u00e9 barbaridad!<\/p>\n<p><strong>OTRO C\u00cdNICO QUIERE VOLVER A LA POL\u00cdTICA EN NAVOJOA<\/strong><\/p>\n<p>Siguiendo con el tema de los c\u00ednicos, le cuento de uno, pero en grado superlativo, all\u00e1 en la otrora Perla del Mayo, el ex Presidente Municipal, Alberto Natanael Guerrero, mejor conocido con el remoquete de \u201cEl Pitillo\u201d, amenaza, da se\u00f1ales, declara, querer volver a participar en el pr\u00f3ximo proceso electoral, apostando a la mala memoria de los navojoenses, ahora desde el Partido Movimiento Ciudadano.<\/p>\n<p>Recordado por haber llegado con una mano por enfrente y la otra por atr\u00e1s al Ayuntamiento de Navojoa, para convertirse en tres a\u00f1os, en un millonario ganadero, con ranchos, terrenos y ostentosas residencias.<\/p>\n<p>Recordado tambi\u00e9n por ser el responsable de empe\u00f1ar el futuro financiero del Ayuntamiento de Navojoa por los pr\u00f3ximos treinta a\u00f1os, construy\u00f3 un parque infantil, como su principal obra de gobierno, la inaugur\u00f3 pocos d\u00edas antes de dejar la Presidencia Municipal, el chistecito, cost\u00f3 casi 150 millones, m\u00e1s otros 155 millones de pesos que se deben pagar solo de intereses.<\/p>\n<p>Alberto \u201cEl Pitillo\u201d Guerrero reapareci\u00f3 en Navojoa, pretendiendo aportar soluciones a la problem\u00e1tica presente, ac\u00e1 entre nos, le platico estimado lector, \u00a0\u00a0\u00a0\u00a0 que una buena soluci\u00f3n a los problemas de Navojoa, ser\u00eda que devolviera las entradas que se llev\u00f3.<\/p>\n<p><strong>GESTI\u00d3N HIST\u00d3RICA DE DURAZO CON CFE<\/strong><\/p>\n<p>Toda aquella persona que no pueda pagar su recibo de luz, podr\u00e1 acercarse directamente, sin avales y sin intermediarios, a las oficinas de la CFE, para acordar un convenio de pagos, es uno de los acuerdos a los que lleg\u00f3 el Gobernador Alfonso Durazo con Comisi\u00f3n Federal de Electricidad.<\/p>\n<p>La exitosa gesti\u00f3n impactar\u00e1 positivamente en la econom\u00eda de los usuarios de CFE. Los apoyos conseguidos por el Gobernador, no solo ser\u00e1n para verano, tambi\u00e9n para invierno, el Gobierno del Estado, aportar\u00e1 el 25% del subsidio y el otro la CFE,<\/p>\n<p>Se sabe que los municipios que tendr\u00e1n subsidio de invierno en diciembre, enero y febrero, por las bajas temperaturas que se presentan en esa \u00e9poca del a\u00f1o, ser\u00e1n determinados por la Comisi\u00f3n Nacional del Agua. Se est\u00e1 determinando en un estudio que se levanta, el n\u00famero de familias que m\u00e1s necesitan este apoyo del gobierno.<\/p>\n<p><strong>SYLVANA BELTRONES PROPONE \u00a0<\/strong><\/p>\n<p>La Senadora Sylvana Beltrones reconoci\u00f3 la gesti\u00f3n que el Gobernador Alfonso Durazo realiz\u00f3 con los directivos de Comisi\u00f3n Federal de Electricidad, para aumentar el monto del subsidio a las tarifas el\u00e9ctricas que se aplicar\u00e1 para el a\u00f1o entrante, pero mostr\u00f3 su preocupaci\u00f3n, porque para lo que resta no hay soluciones y el ciudadano tendr\u00e1 que apoquinar de su bolsillo los cobros sin subsidio.<\/p>\n<p>Y es que la CFE anunci\u00f3 que el pr\u00f3ximo recibo en el mes de septiembre, vendr\u00e1 m\u00e1s elevado y los sonorenses deber\u00e1n seguir pagando tarifa sin subsidio lo que resta del a\u00f1o.<\/p>\n<p>La Senadora se\u00f1al\u00f3 que no hay una soluci\u00f3n definitiva, a largo plazo y cada a\u00f1o se tiene que negociar con el gobierno en turno. propuso que una parte de la energ\u00eda barata que produce la planta fotovoltaica en Puerto Pe\u00f1asco, sea para beneficio de los sonorenses, otro camino ser\u00eda que los Diputados Federales sonorenses, promovieran en la C\u00e1mara de Diputados, reconducir el presupuesto del Gobierno Federal, para destinar recursos para subsidiar las tarifas de este a\u00f1o.<\/p>\n<p>Otra alternativa, ser\u00eda, obtener recursos de lo que antes era el Fondo de Emergencias, que, en sus reglas de operaci\u00f3n, contempla declarar emergencias por ola de calor, estos recursos ser\u00edan utilizados para pagar subsidio a las tarifas en lo que resta del a\u00f1o.<\/p>\n<p><strong>CLAUDIA SHEINBAUM EN SONORA<\/strong><\/p>\n<p>El ingeniero Heriberto Aguilar Castillo, nuevo dirigente de Morena, ya super\u00f3 el n\u00famero de conferencias de prensa ofrecidas por su antecesora, Rayito Gayt\u00e1n.<\/p>\n<p>Ayer ofreci\u00f3 su primera conferencia de prensa para anunciar la visita de la doctora Claudia Sheinbaum, virtual candidata de Morena a la Presidencia de la Rep\u00fablica. Estar\u00e1 tomando protesta a los Comit\u00e9s Locales de la Defensa de la Transformaci\u00f3n, en un evento matutino en la Arena Sonora.<\/p>\n<p>M\u00e1s tarde, a eso de las 15:00 horas, ser\u00e1 el evento masivo, la invitaci\u00f3n es abierta para todo el p\u00fablico.<\/p>\n<p>El dirigente de Morena, anda muy activo en medios de comunicaci\u00f3n, informando todas las actividades de su partido. Muy diferente a la anterior dirigente, que mantuvo un perfil medi\u00e1tico, completamente gris, no se preocup\u00f3 por informar. Hasta los boletines de prensa, enviaba sin foto.<\/p>\n<p>LENGUAS VESPERTINAS est\u00e1 de regreso en la programaci\u00f3n del 99.1 F. M. de To\u00f1o, de lunes a viernes a las 17:00 horas, el se\u00f1or Arturo Chapo Soto y ac\u00e1 su mu\u00f1eco de peluche, en vivo y en directo, sin jaula ni red de protecci\u00f3n, le llevaremos lo m\u00e1s relevante del comenta pol\u00edtico.<\/p>\n<p>LENGUAS VESPERTINAS, d\u00f3nde el comentario pol\u00edtico no es sorpresa, es una realidad, con Arturo Soto y Fernando Oropeza.<\/p>\n<p>Para los amigos de todo el sur de Sonora, los invito a escuchar, SONORA EN RED NOTICIAS, en su nuevo horario a las 6 de la tarde, espacio que comparto con mi amigo Arturo Chapo Soto, por el 93.3 del cuadrante de F.M. informativo que tambi\u00e9n puede ser visto, por la se\u00f1al del canal 14 de Estrella Tucson TV, en todo el sur de Arizona.<\/p>\n<p>Podemos interactuar a trav\u00e9s de mi cuenta de Twitter @feroropeza20 o en mi correo electr\u00f3nico <a href=\"mailto:luiso@hmo.megared.net.mx\">luiso@hmo.megared.net.mx<\/a><\/p>\n<p>&nbsp;<\/p>\n<p>&nbsp;<\/p>\n<p><strong>\u00a0<\/strong><\/p>\n","protected":false},"excerpt":{"rendered":"<p>\u00a0 El autoproclamado \u201c\u00daltimo Presidente de la Revoluci\u00f3n\u201d nos advirti\u00f3 hace m\u00e1s de cuarenta a\u00f1os, que lo peor que le podr\u00eda pasar a M\u00e9xico, es convertirse en un pa\u00eds de c\u00ednicos. Desde luego que Jos\u00e9 L\u00f3pez Portillo se refer\u00eda al cinismo de los protagonistas de la vida p\u00fablica. Ir\u00f3nicamente este hombre que gobern\u00f3 M\u00e9xico sobresale [&hellip;]<\/p>\n","protected":false},"author":1,"featured_media":17729,"comment_status":"open","ping_status":"open","sticky":false,"template":"","format":"standard","meta":{"footnotes":""},"categories":[173],"tags":[],"class_list":["post"],"yoast_head":" \n<title>Pa\u00eds de c\u00ednicos - Periodista SoledadDurazo.com<\/title>\n<meta name=\"robots\" content=\"index, follow, max-snippet:-1, max-image-preview:large, max-video-preview:-1\" \/>\n<link rel=\"canonical\" href=\"https:\/\/soledaddurazo.com\/blog\/2023\/09\/22\/pais-de-cinicos\/\" \/>\n<meta property=\"og:locale\" content=\"es_MX\" \/>\n<meta property=\"og:type\" content=\"article\" \/>\n<meta property=\"og:title\" content=\"Pa\u00eds de c\u00ednicos\" \/>\n<meta property=\"og:description\" content=\"\u00a0 El autoproclamado \u201c\u00daltimo Presidente de la Revoluci\u00f3n\u201d nos advirti\u00f3 hace m\u00e1s de cuarenta a\u00f1os, que lo peor que le podr\u00eda pasar a M\u00e9xico, es convertirse en un pa\u00eds de c\u00ednicos. Desde luego que Jos\u00e9 L\u00f3pez Portillo se refer\u00eda al cinismo de los protagonistas de la vida p\u00fablica. Ir\u00f3nicamente este hombre que gobern\u00f3 M\u00e9xico sobresale [&hellip;]\" \/>\n<meta property=\"og:url\" content=\"https:\/\/soledaddurazo.com\/blog\/2023\/09\/22\/pais-de-cinicos\/\" \/>\n<meta property=\"og:site_name\" content=\"Periodista SoledadDurazo.com\" \/>\n<meta property=\"article:publisher\" content=\"https:\/\/www.facebook.com\/soledad.durazo.9\/\" \/>\n<meta property=\"article:published_time\" content=\"2023-09-22T18:16:52+00:00\" \/>\n<meta property=\"article:modified_time\" content=\"2023-09-22T18:17:45+00:00\" \/>\n<meta property=\"og:image\" content=\"https:\/\/soledaddurazo.com\/storage\/2023\/05\/9a-GRAFICO-FERNANDO-OROPEZA.jpeg\" \/>\n\t<meta property=\"og:image:width\" content=\"1092\" \/>\n\t<meta property=\"og:image:height\" content=\"983\" \/>\n<meta name=\"twitter:card\" content=\"summary_large_image\" \/>\n<meta name=\"twitter:creator\" content=\"@SoledadDurazo\" \/>\n<meta name=\"twitter:site\" content=\"@SoledadDurazo\" \/>\n<meta name=\"twitter:label1\" content=\"Escrito por\" \/>\n\t<meta name=\"twitter:data1\" content=\"Redacci\u00f3n\" \/>\n\t<meta name=\"twitter:label2\" content=\"Tiempo de lectura\" \/>\n\t<meta name=\"twitter:data2\" content=\"7 minutos\" \/>\n<script type=\"application\/ld+json\" class=\"yoast-schema-graph\">{\"@context\":\"https:\/\/schema.org\",\"@graph\":[{\"@type\":\"Organization\",\"@id\":\"https:\/\/soledaddurazo.com\/#organization\",\"name\":\"Soledad Durazo\",\"url\":\"https:\/\/soledaddurazo.com\/\",\"sameAs\":[\"https:\/\/www.facebook.com\/soledad.durazo.9\/\",\"https:\/\/www.instagram.com\/soledaddurazo\",\"https:\/\/www.youtube.com\/channel\/UC9yGPw8-Vbl_B2XNkRwPS-w\",\"https:\/\/twitter.com\/SoledadDurazo\"],\"logo\":{\"@type\":\"ImageObject\",\"@id\":\"https:\/\/soledaddurazo.com\/#logo\",\"inLanguage\":\"es\",\"url\":\"https:\/\/soledaddurazo.com\/storage\/2021\/11\/nllp-720x375-1-2.png\",\"contentUrl\":\"https:\/\/soledaddurazo.com\/storage\/2021\/11\/nllp-720x375-1-2.png\",\"width\":720,\"height\":375,\"caption\":\"Soledad Durazo\"},\"image\":{\"@id\":\"https:\/\/soledaddurazo.com\/#logo\"}},{\"@type\":\"WebSite\",\"@id\":\"https:\/\/soledaddurazo.com\/#website\",\"url\":\"https:\/\/soledaddurazo.com\/\",\"name\":\"Periodista SoledadDurazo.com\",\"description\":\"Periodista sonorense. Directora de www.SoledadDurazo.com Columnista, conductora de radio y Tv. Catedr\\u00e1tica en la UNISON\",\"publisher\":{\"@id\":\"https:\/\/soledaddurazo.com\/#organization\"},\"potentialAction\":[{\"@type\":\"SearchAction\",\"target\":{\"@type\":\"EntryPoint\",\"urlTemplate\":\"https:\/\/soledaddurazo.com\/?s={search_term_string}\"},\"query-input\":\"required name=search_term_string\"}],\"inLanguage\":\"es\"},{\"@type\":\"ImageObject\",\"@id\":\"https:\/\/soledaddurazo.com\/blog\/2023\/09\/22\/pais-de-cinicos\/#primaryimage\",\"inLanguage\":\"es\",\"url\":\"https:\/\/soledaddurazo.com\/storage\/2023\/05\/9a-GRAFICO-FERNANDO-OROPEZA.jpeg\",\"contentUrl\":\"https:\/\/soledaddurazo.com\/storage\/2023\/05\/9a-GRAFICO-FERNANDO-OROPEZA.jpeg\",\"width\":1092,\"height\":983},{\"@type\":\"WebPage\",\"@id\":\"https:\/\/soledaddurazo.com\/blog\/2023\/09\/22\/pais-de-cinicos\/#webpage\",\"url\":\"https:\/\/soledaddurazo.com\/blog\/2023\/09\/22\/pais-de-cinicos\/\",\"name\":\"Pa\\u00eds de c\\u00ednicos - Periodista SoledadDurazo.com\",\"isPartOf\":{\"@id\":\"https:\/\/soledaddurazo.com\/#website\"},\"primaryImageOfPage\":{\"@id\":\"https:\/\/soledaddurazo.com\/blog\/2023\/09\/22\/pais-de-cinicos\/#primaryimage\"},\"datePublished\":\"2023-09-22T18:16:52+00:00\",\"dateModified\":\"2023-09-22T18:17:45+00:00\",\"breadcrumb\":{\"@id\":\"https:\/\/soledaddurazo.com\/blog\/2023\/09\/22\/pais-de-cinicos\/#breadcrumb\"},\"inLanguage\":\"es\",\"potentialAction\":[{\"@type\":\"ReadAction\",\"target\":[\"https:\/\/soledaddurazo.com\/blog\/2023\/09\/22\/pais-de-cinicos\/\"]}]},{\"@type\":\"BreadcrumbList\",\"@id\":\"https:\/\/soledaddurazo.com\/blog\/2023\/09\/22\/pais-de-cinicos\/#breadcrumb\",\"itemListElement\":[{\"@type\":\"ListItem\",\"position\":1,\"name\":\"Home\",\"item\":\"https:\/\/soledaddurazo.com\/\"},{\"@type\":\"ListItem\",\"position\":2,\"name\":\"Pa\\u00eds de c\\u00ednicos\"}]},{\"@type\":\"Article\",\"@id\":\"https:\/\/soledaddurazo.com\/blog\/2023\/09\/22\/pais-de-cinicos\/#article\",\"isPartOf\":{\"@id\":\"https:\/\/soledaddurazo.com\/blog\/2023\/09\/22\/pais-de-cinicos\/#webpage\"},\"author\":{\"@id\":\"https:\/\/soledaddurazo.com\/#\/schema\/person\/822d8e13aa288585e6546f179853758b\"},\"headline\":\"Pa\\u00eds de c\\u00ednicos\",\"datePublished\":\"2023-09-22T18:16:52+00:00\",\"dateModified\":\"2023-09-22T18:17:45+00:00\",\"mainEntityOfPage\":{\"@id\":\"https:\/\/soledaddurazo.com\/blog\/2023\/09\/22\/pais-de-cinicos\/#webpage\"},\"wordCount\":1616,\"commentCount\":0,\"publisher\":{\"@id\":\"https:\/\/soledaddurazo.com\/#organization\"},\"image\":{\"@id\":\"https:\/\/soledaddurazo.com\/blog\/2023\/09\/22\/pais-de-cinicos\/#primaryimage\"},\"thumbnailUrl\":\"https:\/\/soledaddurazo.com\/storage\/2023\/05\/9a-GRAFICO-FERNANDO-OROPEZA.jpeg\",\"articleSection\":[\"Fernando Oropeza\"],\"inLanguage\":\"es\",\"potentialAction\":[{\"@type\":\"CommentAction\",\"name\":\"Comment\",\"target\":[\"https:\/\/soledaddurazo.com\/blog\/2023\/09\/22\/pais-de-cinicos\/#respond\"]}]},{\"@type\":\"Person\",\"@id\":\"https:\/\/soledaddurazo.com\/#\/schema\/person\/822d8e13aa288585e6546f179853758b\",\"name\":\"Redacci\\u00f3n\",\"image\":{\"@type\":\"ImageObject\",\"@id\":\"https:\/\/soledaddurazo.com\/#personlogo\",\"inLanguage\":\"es\",\"url\":\"https:\/\/secure.gravatar.com\/avatar\/c4e193752f756fd61f04deebed3a3a20dc188d37edb53682d313ac57f2725d54?s=96&d=mm&r=g\",\"contentUrl\":\"https:\/\/secure.gravatar.com\/avatar\/c4e193752f756fd61f04deebed3a3a20dc188d37edb53682d313ac57f2725d54?s=96&d=mm&r=g\",\"caption\":\"Redacci\\u00f3n\"},\"sameAs\":[\"https:\/\/soledaddurazo.com\"]}]}<\/script>\n ","yoast_head_json":{"title":"Pa\u00eds de c\u00ednicos - Periodista SoledadDurazo.com","robots":{"index":"index","follow":"follow","max-snippet":"max-snippet:-1","max-image-preview":"max-image-preview:large","max-video-preview":"max-video-preview:-1"},"canonical":"https:\/\/soledaddurazo.com\/blog\/2023\/09\/22\/pais-de-cinicos\/","og_locale":"es_MX","og_type":"article","og_title":"Pa\u00eds de c\u00ednicos","og_description":"\u00a0 El autoproclamado \u201c\u00daltimo Presidente de la Revoluci\u00f3n\u201d nos advirti\u00f3 hace m\u00e1s de cuarenta a\u00f1os, que lo peor que le podr\u00eda pasar a M\u00e9xico, es convertirse en un pa\u00eds de c\u00ednicos. Desde luego que Jos\u00e9 L\u00f3pez Portillo se refer\u00eda al cinismo de los protagonistas de la vida p\u00fablica. Ir\u00f3nicamente este hombre que gobern\u00f3 M\u00e9xico sobresale [&hellip;]","og_url":"https:\/\/soledaddurazo.com\/blog\/2023\/09\/22\/pais-de-cinicos\/","og_site_name":"Periodista SoledadDurazo.com","article_publisher":"https:\/\/www.facebook.com\/soledad.durazo.9\/","article_published_time":"2023-09-22T18:16:52+00:00","article_modified_time":"2023-09-22T18:17:45+00:00","og_image":[{"width":1092,"height":983,"url":"https:\/\/soledaddurazo.com\/storage\/2023\/05\/9a-GRAFICO-FERNANDO-OROPEZA.jpeg","type":"image\/jpeg"}],"twitter_card":"summary_large_image","twitter_creator":"@SoledadDurazo","twitter_site":"@SoledadDurazo","twitter_misc":{"Escrito por":"Redacci\u00f3n","Tiempo de lectura":"7 minutos"},"schema":{"@context":"https:\/\/schema.org","@graph":[{"@type":"Organization","@id":"https:\/\/soledaddurazo.com\/#organization","name":"Soledad Durazo","url":"https:\/\/soledaddurazo.com\/","sameAs":["https:\/\/www.facebook.com\/soledad.durazo.9\/","https:\/\/www.instagram.com\/soledaddurazo","https:\/\/www.youtube.com\/channel\/UC9yGPw8-Vbl_B2XNkRwPS-w","https:\/\/twitter.com\/SoledadDurazo"],"logo":{"@type":"ImageObject","@id":"https:\/\/soledaddurazo.com\/#logo","inLanguage":"es","url":"https:\/\/soledaddurazo.com\/storage\/2021\/11\/nllp-720x375-1-2.png","contentUrl":"https:\/\/soledaddurazo.com\/storage\/2021\/11\/nllp-720x375-1-2.png","width":720,"height":375,"caption":"Soledad Durazo"},"image":{"@id":"https:\/\/soledaddurazo.com\/#logo"}},{"@type":"WebSite","@id":"https:\/\/soledaddurazo.com\/#website","url":"https:\/\/soledaddurazo.com\/","name":"Periodista SoledadDurazo.com","description":"Periodista sonorense. Directora de www.SoledadDurazo.com Columnista, conductora de radio y Tv. Catedr\u00e1tica en la UNISON","publisher":{"@id":"https:\/\/soledaddurazo.com\/#organization"},"potentialAction":[{"@type":"SearchAction","target":{"@type":"EntryPoint","urlTemplate":"https:\/\/soledaddurazo.com\/?s={search_term_string}"},"query-input":"required name=search_term_string"}],"inLanguage":"es"},{"@type":"ImageObject","@id":"https:\/\/soledaddurazo.com\/blog\/2023\/09\/22\/pais-de-cinicos\/#primaryimage","inLanguage":"es","url":"https:\/\/soledaddurazo.com\/storage\/2023\/05\/9a-GRAFICO-FERNANDO-OROPEZA.jpeg","contentUrl":"https:\/\/soledaddurazo.com\/storage\/2023\/05\/9a-GRAFICO-FERNANDO-OROPEZA.jpeg","width":1092,"height":983},{"@type":"WebPage","@id":"https:\/\/soledaddurazo.com\/blog\/2023\/09\/22\/pais-de-cinicos\/#webpage","url":"https:\/\/soledaddurazo.com\/blog\/2023\/09\/22\/pais-de-cinicos\/","name":"Pa\u00eds de c\u00ednicos - Periodista SoledadDurazo.com","isPartOf":{"@id":"https:\/\/soledaddurazo.com\/#website"},"primaryImageOfPage":{"@id":"https:\/\/soledaddurazo.com\/blog\/2023\/09\/22\/pais-de-cinicos\/#primaryimage"},"datePublished":"2023-09-22T18:16:52+00:00","dateModified":"2023-09-22T18:17:45+00:00","breadcrumb":{"@id":"https:\/\/soledaddurazo.com\/blog\/2023\/09\/22\/pais-de-cinicos\/#breadcrumb"},"inLanguage":"es","potentialAction":[{"@type":"ReadAction","target":["https:\/\/soledaddurazo.com\/blog\/2023\/09\/22\/pais-de-cinicos\/"]}]},{"@type":"BreadcrumbList","@id":"https:\/\/soledaddurazo.com\/blog\/2023\/09\/22\/pais-de-cinicos\/#breadcrumb","itemListElement":[{"@type":"ListItem","position":1,"name":"Home","item":"https:\/\/soledaddurazo.com\/"},{"@type":"ListItem","position":2,"name":"Pa\u00eds de c\u00ednicos"}]},{"@type":"Article","@id":"https:\/\/soledaddurazo.com\/blog\/2023\/09\/22\/pais-de-cinicos\/#article","isPartOf":{"@id":"https:\/\/soledaddurazo.com\/blog\/2023\/09\/22\/pais-de-cinicos\/#webpage"},"author":{"@id":"https:\/\/soledaddurazo.com\/#\/schema\/person\/822d8e13aa288585e6546f179853758b"},"headline":"Pa\u00eds de c\u00ednicos","datePublished":"2023-09-22T18:16:52+00:00","dateModified":"2023-09-22T18:17:45+00:00","mainEntityOfPage":{"@id":"https:\/\/soledaddurazo.com\/blog\/2023\/09\/22\/pais-de-cinicos\/#webpage"},"wordCount":1616,"commentCount":0,"publisher":{"@id":"https:\/\/soledaddurazo.com\/#organization"},"image":{"@id":"https:\/\/soledaddurazo.com\/blog\/2023\/09\/22\/pais-de-cinicos\/#primaryimage"},"thumbnailUrl":"https:\/\/soledaddurazo.com\/storage\/2023\/05\/9a-GRAFICO-FERNANDO-OROPEZA.jpeg","articleSection":["Fernando Oropeza"],"inLanguage":"es","potentialAction":[{"@type":"CommentAction","name":"Comment","target":["https:\/\/soledaddurazo.com\/blog\/2023\/09\/22\/pais-de-cinicos\/#respond"]}]},{"@type":"Person","@id":"https:\/\/soledaddurazo.com\/#\/schema\/person\/822d8e13aa288585e6546f179853758b","name":"Redacci\u00f3n","image":{"@type":"ImageObject","@id":"https:\/\/soledaddurazo.com\/#personlogo","inLanguage":"es","url":"https:\/\/secure.gravatar.com\/avatar\/c4e193752f756fd61f04deebed3a3a20dc188d37edb53682d313ac57f2725d54?s=96&d=mm&r=g","contentUrl":"https:\/\/secure.gravatar.com\/avatar\/c4e193752f756fd61f04deebed3a3a20dc188d37edb53682d313ac57f2725d54?s=96&d=mm&r=g","caption":"Redacci\u00f3n"},"sameAs":["https:\/\/soledaddurazo.com"]}]}},"_links":{"self":[{"href":"https:\/\/soledaddurazo.com\/api\/wp\/v2\/posts\/18673","targetHints":{"allow":["GET"]}}],"collection":[{"href":"https:\/\/soledaddurazo.com\/api\/wp\/v2\/posts"}],"about":[{"href":"https:\/\/soledaddurazo.com\/api\/wp\/v2\/types\/post"}],"author":[{"embeddable":true,"href":"https:\/\/soledaddurazo.com\/api\/wp\/v2\/users\/1"}],"replies":[{"embeddable":true,"href":"https:\/\/soledaddurazo.com\/api\/wp\/v2\/comments?post=18673"}],"version-history":[{"count":1,"href":"https:\/\/soledaddurazo.com\/api\/wp\/v2\/posts\/18673\/revisions"}],"predecessor-version":[{"id":18675,"href":"https:\/\/soledaddurazo.com\/api\/wp\/v2\/posts\/18673\/revisions\/18675"}],"wp:featuredmedia":[{"embeddable":true,"href":"https:\/\/soledaddurazo.com\/api\/wp\/v2\/media\/17729"}],"wp:attachment":[{"href":"https:\/\/soledaddurazo.com\/api\/wp\/v2\/media?parent=18673"}],"wp:term":[{"taxonomy":"category","embeddable":true,"href":"https:\/\/soledaddurazo.com\/api\/wp\/v2\/categories?post=18673"},{"taxonomy":"post_tag","embeddable":true,"href":"https:\/\/soledaddurazo.com\/api\/wp\/v2\/tags?post=18673"}],"curies":[{"name":"wp","href":"https:\/\/api.w.org\/{rel}","templated":true}]}}