{"id":18313,"date":"2023-08-03T19:19:01","date_gmt":"2023-08-04T02:19:01","guid":{"rendered":"https:\/\/soledaddurazo.com\/?p=18313"},"modified":"2023-08-03T19:19:01","modified_gmt":"2023-08-04T02:19:01","slug":"la-batalla-de-los-libros-de-texto","status":"publish","type":"post","link":"https:\/\/soledaddurazo.com\/blog\/2023\/08\/03\/la-batalla-de-los-libros-de-texto\/","title":{"rendered":"La Batalla de los Libros (de Texto)"},"content":{"rendered":"<p>Casi todos conocemos al escritor Jonathan Swift gracias a las diferentes versiones de su famosa historia \u201cLos Viajes de Gulliver\u201d. Sin embargo, quiz\u00e1 deber\u00edamos hojear su historia \u201cLa Batalla de los Libros\u201d. En ella, Swift nos cuenta que los libros de una biblioteca empiezan a pelear para ver qui\u00e9n deb\u00eda estar en los estantes m\u00e1s altos. Por un lado, estaban los libros de cultura cl\u00e1sica y en el otro estaban las obras de los autores de poes\u00eda y ciencia moderna.<\/p>\n<p>Ahora estamos presenciando una nueva batalla, la que rodea a la publicaci\u00f3n, impresi\u00f3n y distribuci\u00f3n de los nuevos libros de texto. Aqu\u00ed la batalla ha sido a base de declaraciones, conferencias, redes sociales, desplegados y art\u00edculos period\u00edsticos, pero parece mantener la estructura de Swift, los viejos libros contra los que fueron elaborados en el marco de la Nueva Escuela Mexicana.<\/p>\n<p>Para el p\u00fablico quiz\u00e1 sea un poco dif\u00edcil entender a qu\u00e9 bando deber\u00edan apoyar o cu\u00e1l es la verdad sobre la calidad de los libros de texto. A continuaci\u00f3n, propongo algunas orientaciones para comprender qu\u00e9 sucede en el campo de batalla.<\/p>\n<p>Lo primero es comprender que ahora los libros de texto fueron elaborados por docentes y trabajadores de la educaci\u00f3n que fueron invitados a participar en talleres para elaborar los libros. Fue un ejercicio muy valioso el organizado por la Secretar\u00eda de Educaci\u00f3n P\u00fablica (SEP). Sin embargo, algunos maestros han alegado que criticar a los libros es denigrar su trabajo y profesi\u00f3n. Completamente falso, un an\u00e1lisis serio es necesario.<\/p>\n<p>Los nuevos libros no est\u00e1n dise\u00f1ados por materias porque la idea era tener un aprendizaje integral basado en proyectos. Esto no es desconocido para el sistema educativo mexicano y no es una mala idea en s\u00ed misma. El problema es que, al juntar todas las lecciones de cada asignatura en un solo libro, las versiones que conocemos para cada grado s\u00f3lo cuentan con algunas c\u00e1psulas de diferentes disciplinas. El caso m\u00e1s preocupante es el de las matem\u00e1ticas. En breve, al querer integrar todos los contenidos, se dejaron de lado contenidos espec\u00edficos esenciales. Existe un serio debate sobre la idoneidad de este modelo y sobre la coherencia entre los aprendizajes de cada nivel.<\/p>\n<p>Otra cr\u00edtica es el de los numerosos errores que han sido identificados y comentados en redes. Es necesario aclarar que en los libros de texto se encuentran apartados valiosos y bien hechos, pero no es posible que en la p\u00e1gina siguiente se presente otra c\u00e1psula de calidad muy inferior en contenido y dise\u00f1o. Lo que sucede es que no han sido dados a conocer al p\u00fablico los dict\u00e1menes o los resultados de los comit\u00e9s de evaluaci\u00f3n para aceptar las propuestas recibidas, as\u00ed que no conocemos los criterios utilizados para la edici\u00f3n del material. La SEP tampoco ha presentado de forma oficial y p\u00fablica los libros. Hay que pedirlos o descargarlos en grupos de WhatsApp integrados por docentes\u00a0 \u00a0La falta de transparencia de la SEP ha sido pasmosa.<\/p>\n<p>Es esta opacidad lo que motiv\u00f3 a las acciones legales. De acuerdo con la Ley General de Educaci\u00f3n, la SEP deb\u00eda primero publicar los planes de estudio de educaci\u00f3n b\u00e1sica y luego elaborar y publicar los libros de texto. Esto no ocurri\u00f3 as\u00ed. Primero aparecieron los libros y los planes de estudio a\u00fan no son publicados. Esto fue el abono perfecto para que amparos promovidos por organizaciones como Educaci\u00f3n con Rumbo o la Uni\u00f3n Nacional de Padres de Familia prosperaran. La SEP est\u00e1 obligada a seguir los procedimientos legales y, al no hacerlo, los tribunales han encontrado razones para suspender la distribuci\u00f3n de los libros hasta que no se pasen por el proceso de revisi\u00f3n contemplado en la ley. \u00a0Hasta ahora, las autoridades federales se resisten a acatar la decisi\u00f3n y la pugna legal continua.<\/p>\n<p>Y aqu\u00ed es donde caemos en la batalla pol\u00edtica. El gobierno federal, los legisladores y los gobernadores afiliados a MORENA han defendido a ultranza la distribuci\u00f3n de los libros y han descalificado por sistema a cualquier cr\u00edtico como \u201cconservador\u201d o \u201cneoliberal\u201d. Por otra parte, adversarios pol\u00edticos del gobierno han hablado de comunismo y adoctrinamiento. Algunos gobiernos estatales han detenido la distribuci\u00f3n y la Coordinadora Nacional de los Trabajadores de la Educaci\u00f3n (CNTE) en Oaxaca declar\u00f3 que no usar\u00edan los libros.\u00a0 La batalla pol\u00edtica est\u00e1 subiendo de estridencia.<\/p>\n<p>Y lo esencial queda de lado. M\u00e9xico es un pa\u00eds con una larga historia de rezago educativo y deficiencia de aprendizajes. Hemos tenido logros, como ampliar la cobertura de educaci\u00f3n primaria, pero seguimos sin ofrecer la garant\u00eda de que los estudiantes cuenten con los aprendizajes m\u00ednimos necesarios en lectoescritura, ciencias y matem\u00e1ticas. La pandemia y el excesivamente largo cierre de escuelas s\u00f3lo agrav\u00f3 la situaci\u00f3n y a\u00fan no existe una estrategia de la SEP para remediarla. La batalla de los libros continuar\u00e1 en la arena pedag\u00f3gica, en la de los medios, en la de los juzgados y en la de la pol\u00edtica. Para lo que parece que no hay tiempo es para la educaci\u00f3n de calidad que tantas veces se ha prometido y que sigue sin cumplirse a cabalidad. Esperemos que la batalla de los libros de texto no sea una reyerta m\u00e1s en el sistema educativo nacional y que se alcancen los aprendizajes que los ni\u00f1os y j\u00f3venes mexicanos merecen.<\/p>\n<p>&nbsp;<\/p>\n<p>&nbsp;<\/p>\n<p>&nbsp;<\/p>\n","protected":false},"excerpt":{"rendered":"<p>Casi todos conocemos al escritor Jonathan Swift gracias a las diferentes versiones de su famosa historia \u201cLos Viajes de Gulliver\u201d. Sin embargo, quiz\u00e1 deber\u00edamos hojear su historia \u201cLa Batalla de los Libros\u201d. En ella, Swift nos cuenta que los libros de una biblioteca empiezan a pelear para ver qui\u00e9n deb\u00eda estar en los estantes m\u00e1s [&hellip;]<\/p>\n","protected":false},"author":1,"featured_media":18314,"comment_status":"open","ping_status":"open","sticky":false,"template":"","format":"standard","meta":{"footnotes":""},"categories":[159],"tags":[],"class_list":["post"],"yoast_head":" \n<title>La Batalla de los Libros (de Texto) - Periodista SoledadDurazo.com<\/title>\n<meta name=\"robots\" content=\"index, follow, max-snippet:-1, max-image-preview:large, max-video-preview:-1\" \/>\n<link rel=\"canonical\" href=\"https:\/\/soledaddurazo.com\/blog\/2023\/08\/03\/la-batalla-de-los-libros-de-texto\/\" \/>\n<meta property=\"og:locale\" content=\"es_MX\" \/>\n<meta property=\"og:type\" content=\"article\" \/>\n<meta property=\"og:title\" content=\"La Batalla de los Libros (de Texto)\" \/>\n<meta property=\"og:description\" content=\"Casi todos conocemos al escritor Jonathan Swift gracias a las diferentes versiones de su famosa historia \u201cLos Viajes de Gulliver\u201d. Sin embargo, quiz\u00e1 deber\u00edamos hojear su historia \u201cLa Batalla de los Libros\u201d. En ella, Swift nos cuenta que los libros de una biblioteca empiezan a pelear para ver qui\u00e9n deb\u00eda estar en los estantes m\u00e1s [&hellip;]\" \/>\n<meta property=\"og:url\" content=\"https:\/\/soledaddurazo.com\/blog\/2023\/08\/03\/la-batalla-de-los-libros-de-texto\/\" \/>\n<meta property=\"og:site_name\" content=\"Periodista SoledadDurazo.com\" \/>\n<meta property=\"article:publisher\" content=\"https:\/\/www.facebook.com\/soledad.durazo.9\/\" \/>\n<meta property=\"article:published_time\" content=\"2023-08-04T02:19:01+00:00\" \/>\n<meta property=\"og:image\" content=\"https:\/\/soledaddurazo.com\/storage\/2023\/08\/16910249767921.jpg\" \/>\n\t<meta property=\"og:image:width\" content=\"828\" \/>\n\t<meta property=\"og:image:height\" content=\"552\" \/>\n<meta name=\"twitter:card\" content=\"summary_large_image\" \/>\n<meta name=\"twitter:creator\" content=\"@SoledadDurazo\" \/>\n<meta name=\"twitter:site\" content=\"@SoledadDurazo\" \/>\n<meta name=\"twitter:label1\" content=\"Escrito por\" \/>\n\t<meta name=\"twitter:data1\" content=\"Redacci\u00f3n\" \/>\n\t<meta name=\"twitter:label2\" content=\"Tiempo de lectura\" \/>\n\t<meta name=\"twitter:data2\" content=\"4 minutos\" \/>\n<script type=\"application\/ld+json\" class=\"yoast-schema-graph\">{\"@context\":\"https:\/\/schema.org\",\"@graph\":[{\"@type\":\"Organization\",\"@id\":\"https:\/\/soledaddurazo.com\/#organization\",\"name\":\"Soledad Durazo\",\"url\":\"https:\/\/soledaddurazo.com\/\",\"sameAs\":[\"https:\/\/www.facebook.com\/soledad.durazo.9\/\",\"https:\/\/www.instagram.com\/soledaddurazo\",\"https:\/\/www.youtube.com\/channel\/UC9yGPw8-Vbl_B2XNkRwPS-w\",\"https:\/\/twitter.com\/SoledadDurazo\"],\"logo\":{\"@type\":\"ImageObject\",\"@id\":\"https:\/\/soledaddurazo.com\/#logo\",\"inLanguage\":\"es\",\"url\":\"https:\/\/soledaddurazo.com\/storage\/2021\/11\/nllp-720x375-1-2.png\",\"contentUrl\":\"https:\/\/soledaddurazo.com\/storage\/2021\/11\/nllp-720x375-1-2.png\",\"width\":720,\"height\":375,\"caption\":\"Soledad Durazo\"},\"image\":{\"@id\":\"https:\/\/soledaddurazo.com\/#logo\"}},{\"@type\":\"WebSite\",\"@id\":\"https:\/\/soledaddurazo.com\/#website\",\"url\":\"https:\/\/soledaddurazo.com\/\",\"name\":\"Periodista SoledadDurazo.com\",\"description\":\"Periodista sonorense. Directora de www.SoledadDurazo.com Columnista, conductora de radio y Tv. Catedr\\u00e1tica en la UNISON\",\"publisher\":{\"@id\":\"https:\/\/soledaddurazo.com\/#organization\"},\"potentialAction\":[{\"@type\":\"SearchAction\",\"target\":{\"@type\":\"EntryPoint\",\"urlTemplate\":\"https:\/\/soledaddurazo.com\/?s={search_term_string}\"},\"query-input\":\"required name=search_term_string\"}],\"inLanguage\":\"es\"},{\"@type\":\"ImageObject\",\"@id\":\"https:\/\/soledaddurazo.com\/blog\/2023\/08\/03\/la-batalla-de-los-libros-de-texto\/#primaryimage\",\"inLanguage\":\"es\",\"url\":\"https:\/\/soledaddurazo.com\/storage\/2023\/08\/16910249767921.jpg\",\"contentUrl\":\"https:\/\/soledaddurazo.com\/storage\/2023\/08\/16910249767921.jpg\",\"width\":828,\"height\":552},{\"@type\":\"WebPage\",\"@id\":\"https:\/\/soledaddurazo.com\/blog\/2023\/08\/03\/la-batalla-de-los-libros-de-texto\/#webpage\",\"url\":\"https:\/\/soledaddurazo.com\/blog\/2023\/08\/03\/la-batalla-de-los-libros-de-texto\/\",\"name\":\"La Batalla de los Libros (de Texto) - Periodista SoledadDurazo.com\",\"isPartOf\":{\"@id\":\"https:\/\/soledaddurazo.com\/#website\"},\"primaryImageOfPage\":{\"@id\":\"https:\/\/soledaddurazo.com\/blog\/2023\/08\/03\/la-batalla-de-los-libros-de-texto\/#primaryimage\"},\"datePublished\":\"2023-08-04T02:19:01+00:00\",\"dateModified\":\"2023-08-04T02:19:01+00:00\",\"breadcrumb\":{\"@id\":\"https:\/\/soledaddurazo.com\/blog\/2023\/08\/03\/la-batalla-de-los-libros-de-texto\/#breadcrumb\"},\"inLanguage\":\"es\",\"potentialAction\":[{\"@type\":\"ReadAction\",\"target\":[\"https:\/\/soledaddurazo.com\/blog\/2023\/08\/03\/la-batalla-de-los-libros-de-texto\/\"]}]},{\"@type\":\"BreadcrumbList\",\"@id\":\"https:\/\/soledaddurazo.com\/blog\/2023\/08\/03\/la-batalla-de-los-libros-de-texto\/#breadcrumb\",\"itemListElement\":[{\"@type\":\"ListItem\",\"position\":1,\"name\":\"Home\",\"item\":\"https:\/\/soledaddurazo.com\/\"},{\"@type\":\"ListItem\",\"position\":2,\"name\":\"La Batalla de los Libros (de Texto)\"}]},{\"@type\":\"Article\",\"@id\":\"https:\/\/soledaddurazo.com\/blog\/2023\/08\/03\/la-batalla-de-los-libros-de-texto\/#article\",\"isPartOf\":{\"@id\":\"https:\/\/soledaddurazo.com\/blog\/2023\/08\/03\/la-batalla-de-los-libros-de-texto\/#webpage\"},\"author\":{\"@id\":\"https:\/\/soledaddurazo.com\/#\/schema\/person\/822d8e13aa288585e6546f179853758b\"},\"headline\":\"La Batalla de los Libros (de Texto)\",\"datePublished\":\"2023-08-04T02:19:01+00:00\",\"dateModified\":\"2023-08-04T02:19:01+00:00\",\"mainEntityOfPage\":{\"@id\":\"https:\/\/soledaddurazo.com\/blog\/2023\/08\/03\/la-batalla-de-los-libros-de-texto\/#webpage\"},\"wordCount\":953,\"commentCount\":0,\"publisher\":{\"@id\":\"https:\/\/soledaddurazo.com\/#organization\"},\"image\":{\"@id\":\"https:\/\/soledaddurazo.com\/blog\/2023\/08\/03\/la-batalla-de-los-libros-de-texto\/#primaryimage\"},\"thumbnailUrl\":\"https:\/\/soledaddurazo.com\/storage\/2023\/08\/16910249767921.jpg\",\"articleSection\":[\"Mi Sonora\"],\"inLanguage\":\"es\",\"potentialAction\":[{\"@type\":\"CommentAction\",\"name\":\"Comment\",\"target\":[\"https:\/\/soledaddurazo.com\/blog\/2023\/08\/03\/la-batalla-de-los-libros-de-texto\/#respond\"]}]},{\"@type\":\"Person\",\"@id\":\"https:\/\/soledaddurazo.com\/#\/schema\/person\/822d8e13aa288585e6546f179853758b\",\"name\":\"Redacci\\u00f3n\",\"image\":{\"@type\":\"ImageObject\",\"@id\":\"https:\/\/soledaddurazo.com\/#personlogo\",\"inLanguage\":\"es\",\"url\":\"https:\/\/secure.gravatar.com\/avatar\/c4e193752f756fd61f04deebed3a3a20dc188d37edb53682d313ac57f2725d54?s=96&d=mm&r=g\",\"contentUrl\":\"https:\/\/secure.gravatar.com\/avatar\/c4e193752f756fd61f04deebed3a3a20dc188d37edb53682d313ac57f2725d54?s=96&d=mm&r=g\",\"caption\":\"Redacci\\u00f3n\"},\"sameAs\":[\"https:\/\/soledaddurazo.com\"]}]}<\/script>\n ","yoast_head_json":{"title":"La Batalla de los Libros (de Texto) - Periodista SoledadDurazo.com","robots":{"index":"index","follow":"follow","max-snippet":"max-snippet:-1","max-image-preview":"max-image-preview:large","max-video-preview":"max-video-preview:-1"},"canonical":"https:\/\/soledaddurazo.com\/blog\/2023\/08\/03\/la-batalla-de-los-libros-de-texto\/","og_locale":"es_MX","og_type":"article","og_title":"La Batalla de los Libros (de Texto)","og_description":"Casi todos conocemos al escritor Jonathan Swift gracias a las diferentes versiones de su famosa historia \u201cLos Viajes de Gulliver\u201d. Sin embargo, quiz\u00e1 deber\u00edamos hojear su historia \u201cLa Batalla de los Libros\u201d. En ella, Swift nos cuenta que los libros de una biblioteca empiezan a pelear para ver qui\u00e9n deb\u00eda estar en los estantes m\u00e1s [&hellip;]","og_url":"https:\/\/soledaddurazo.com\/blog\/2023\/08\/03\/la-batalla-de-los-libros-de-texto\/","og_site_name":"Periodista SoledadDurazo.com","article_publisher":"https:\/\/www.facebook.com\/soledad.durazo.9\/","article_published_time":"2023-08-04T02:19:01+00:00","og_image":[{"width":828,"height":552,"url":"https:\/\/soledaddurazo.com\/storage\/2023\/08\/16910249767921.jpg","type":"image\/jpeg"}],"twitter_card":"summary_large_image","twitter_creator":"@SoledadDurazo","twitter_site":"@SoledadDurazo","twitter_misc":{"Escrito por":"Redacci\u00f3n","Tiempo de lectura":"4 minutos"},"schema":{"@context":"https:\/\/schema.org","@graph":[{"@type":"Organization","@id":"https:\/\/soledaddurazo.com\/#organization","name":"Soledad Durazo","url":"https:\/\/soledaddurazo.com\/","sameAs":["https:\/\/www.facebook.com\/soledad.durazo.9\/","https:\/\/www.instagram.com\/soledaddurazo","https:\/\/www.youtube.com\/channel\/UC9yGPw8-Vbl_B2XNkRwPS-w","https:\/\/twitter.com\/SoledadDurazo"],"logo":{"@type":"ImageObject","@id":"https:\/\/soledaddurazo.com\/#logo","inLanguage":"es","url":"https:\/\/soledaddurazo.com\/storage\/2021\/11\/nllp-720x375-1-2.png","contentUrl":"https:\/\/soledaddurazo.com\/storage\/2021\/11\/nllp-720x375-1-2.png","width":720,"height":375,"caption":"Soledad Durazo"},"image":{"@id":"https:\/\/soledaddurazo.com\/#logo"}},{"@type":"WebSite","@id":"https:\/\/soledaddurazo.com\/#website","url":"https:\/\/soledaddurazo.com\/","name":"Periodista SoledadDurazo.com","description":"Periodista sonorense. Directora de www.SoledadDurazo.com Columnista, conductora de radio y Tv. Catedr\u00e1tica en la UNISON","publisher":{"@id":"https:\/\/soledaddurazo.com\/#organization"},"potentialAction":[{"@type":"SearchAction","target":{"@type":"EntryPoint","urlTemplate":"https:\/\/soledaddurazo.com\/?s={search_term_string}"},"query-input":"required name=search_term_string"}],"inLanguage":"es"},{"@type":"ImageObject","@id":"https:\/\/soledaddurazo.com\/blog\/2023\/08\/03\/la-batalla-de-los-libros-de-texto\/#primaryimage","inLanguage":"es","url":"https:\/\/soledaddurazo.com\/storage\/2023\/08\/16910249767921.jpg","contentUrl":"https:\/\/soledaddurazo.com\/storage\/2023\/08\/16910249767921.jpg","width":828,"height":552},{"@type":"WebPage","@id":"https:\/\/soledaddurazo.com\/blog\/2023\/08\/03\/la-batalla-de-los-libros-de-texto\/#webpage","url":"https:\/\/soledaddurazo.com\/blog\/2023\/08\/03\/la-batalla-de-los-libros-de-texto\/","name":"La Batalla de los Libros (de Texto) - Periodista SoledadDurazo.com","isPartOf":{"@id":"https:\/\/soledaddurazo.com\/#website"},"primaryImageOfPage":{"@id":"https:\/\/soledaddurazo.com\/blog\/2023\/08\/03\/la-batalla-de-los-libros-de-texto\/#primaryimage"},"datePublished":"2023-08-04T02:19:01+00:00","dateModified":"2023-08-04T02:19:01+00:00","breadcrumb":{"@id":"https:\/\/soledaddurazo.com\/blog\/2023\/08\/03\/la-batalla-de-los-libros-de-texto\/#breadcrumb"},"inLanguage":"es","potentialAction":[{"@type":"ReadAction","target":["https:\/\/soledaddurazo.com\/blog\/2023\/08\/03\/la-batalla-de-los-libros-de-texto\/"]}]},{"@type":"BreadcrumbList","@id":"https:\/\/soledaddurazo.com\/blog\/2023\/08\/03\/la-batalla-de-los-libros-de-texto\/#breadcrumb","itemListElement":[{"@type":"ListItem","position":1,"name":"Home","item":"https:\/\/soledaddurazo.com\/"},{"@type":"ListItem","position":2,"name":"La Batalla de los Libros (de Texto)"}]},{"@type":"Article","@id":"https:\/\/soledaddurazo.com\/blog\/2023\/08\/03\/la-batalla-de-los-libros-de-texto\/#article","isPartOf":{"@id":"https:\/\/soledaddurazo.com\/blog\/2023\/08\/03\/la-batalla-de-los-libros-de-texto\/#webpage"},"author":{"@id":"https:\/\/soledaddurazo.com\/#\/schema\/person\/822d8e13aa288585e6546f179853758b"},"headline":"La Batalla de los Libros (de Texto)","datePublished":"2023-08-04T02:19:01+00:00","dateModified":"2023-08-04T02:19:01+00:00","mainEntityOfPage":{"@id":"https:\/\/soledaddurazo.com\/blog\/2023\/08\/03\/la-batalla-de-los-libros-de-texto\/#webpage"},"wordCount":953,"commentCount":0,"publisher":{"@id":"https:\/\/soledaddurazo.com\/#organization"},"image":{"@id":"https:\/\/soledaddurazo.com\/blog\/2023\/08\/03\/la-batalla-de-los-libros-de-texto\/#primaryimage"},"thumbnailUrl":"https:\/\/soledaddurazo.com\/storage\/2023\/08\/16910249767921.jpg","articleSection":["Mi Sonora"],"inLanguage":"es","potentialAction":[{"@type":"CommentAction","name":"Comment","target":["https:\/\/soledaddurazo.com\/blog\/2023\/08\/03\/la-batalla-de-los-libros-de-texto\/#respond"]}]},{"@type":"Person","@id":"https:\/\/soledaddurazo.com\/#\/schema\/person\/822d8e13aa288585e6546f179853758b","name":"Redacci\u00f3n","image":{"@type":"ImageObject","@id":"https:\/\/soledaddurazo.com\/#personlogo","inLanguage":"es","url":"https:\/\/secure.gravatar.com\/avatar\/c4e193752f756fd61f04deebed3a3a20dc188d37edb53682d313ac57f2725d54?s=96&d=mm&r=g","contentUrl":"https:\/\/secure.gravatar.com\/avatar\/c4e193752f756fd61f04deebed3a3a20dc188d37edb53682d313ac57f2725d54?s=96&d=mm&r=g","caption":"Redacci\u00f3n"},"sameAs":["https:\/\/soledaddurazo.com"]}]}},"_links":{"self":[{"href":"https:\/\/soledaddurazo.com\/api\/wp\/v2\/posts\/18313","targetHints":{"allow":["GET"]}}],"collection":[{"href":"https:\/\/soledaddurazo.com\/api\/wp\/v2\/posts"}],"about":[{"href":"https:\/\/soledaddurazo.com\/api\/wp\/v2\/types\/post"}],"author":[{"embeddable":true,"href":"https:\/\/soledaddurazo.com\/api\/wp\/v2\/users\/1"}],"replies":[{"embeddable":true,"href":"https:\/\/soledaddurazo.com\/api\/wp\/v2\/comments?post=18313"}],"version-history":[{"count":1,"href":"https:\/\/soledaddurazo.com\/api\/wp\/v2\/posts\/18313\/revisions"}],"predecessor-version":[{"id":18315,"href":"https:\/\/soledaddurazo.com\/api\/wp\/v2\/posts\/18313\/revisions\/18315"}],"wp:featuredmedia":[{"embeddable":true,"href":"https:\/\/soledaddurazo.com\/api\/wp\/v2\/media\/18314"}],"wp:attachment":[{"href":"https:\/\/soledaddurazo.com\/api\/wp\/v2\/media?parent=18313"}],"wp:term":[{"taxonomy":"category","embeddable":true,"href":"https:\/\/soledaddurazo.com\/api\/wp\/v2\/categories?post=18313"},{"taxonomy":"post_tag","embeddable":true,"href":"https:\/\/soledaddurazo.com\/api\/wp\/v2\/tags?post=18313"}],"curies":[{"name":"wp","href":"https:\/\/api.w.org\/{rel}","templated":true}]}}