{"id":17789,"date":"2023-05-31T09:55:45","date_gmt":"2023-05-31T16:55:45","guid":{"rendered":"https:\/\/soledaddurazo.com\/?p=17789"},"modified":"2023-07-04T13:14:55","modified_gmt":"2023-07-04T20:14:55","slug":"instituto-angel-de-la-guarda-un-referente-de-la-educacion-especial-en-sonora","status":"publish","type":"post","link":"https:\/\/soledaddurazo.com\/blog\/2023\/05\/31\/instituto-angel-de-la-guarda-un-referente-de-la-educacion-especial-en-sonora\/","title":{"rendered":"Instituto \u00c1ngel de la Guarda, un referente de la Educaci\u00f3n Especial en Sonora"},"content":{"rendered":"<p>Con m\u00e1s de 50 a\u00f1os de vida institucional, el instituto educativo \u00c1ngel de la Guarda I.A.P., sigue brindando apoyo a los estudiantes que cuentan con alguna necesidad especial asociada con alg\u00fan tipo de discapacidad.<\/p>\n<p>Fundado en el a\u00f1o de 1968, el Instituto \u00c1ngel de la Guarda actualmente ofrece atenci\u00f3n a 116 alumnos, de preescolar, primaria y secundaria, con problemas de lenguaje; de conducta; con trastornos de d\u00e9ficit de atenci\u00f3n, con o sin hiperactividad; problemas neuromotores; con los distintos niveles de espectro autista; con s\u00edndrome de down y con algunos otros trastornos que no son muy conocidos.<\/p>\n<p>Tambi\u00e9n cuenta con un programa de desarrollo de habilidades para la vida independiente, para aquellos j\u00f3venes mayores de 15 a\u00f1os, que, por sus condiciones, no pueden estudiar la preparatoria al ritmo de las escuelas oficiales, pero requieren seguir desarrollando conocimientos conforme a sus posibilidades, fortalecer sus habilidades para la vida diaria independiente y sus habilidades de socializaci\u00f3n.<\/p>\n<p>El Instituto \u00c1ngel de la Guarda, cuenta con maestros en educaci\u00f3n especial y psic\u00f3logos, que ofrecen una atenci\u00f3n personalizada a los ocho alumnos que hay en cada grupo, con un programa basado en las necesidades de cada alumno, aunado al programa oficial de la Secretar\u00eda de Educaci\u00f3n y Cultura.<\/p>\n<p>La Directora Mar\u00eda del Rosario G\u00f3mez L\u00f3pez, con m\u00e1s de 30 a\u00f1os de trabajo en la instituci\u00f3n, explica que las terapias de lenguaje, de terapia de psicomotricidad, de integraci\u00f3n sensorial, van incluidas a manera de plus en los programas de trabajo, si los alumnos lo requieren.<\/p>\n<p>El Instituto \u00c1ngel de la Guarda, cuenta con todas las instalaciones para realizar diversas actividades, canchas deportivas, gimnasio, salones, \u00e1rea de cocina, donde los alumnos practican su independencia y tareas comunes que deben realizar en su casa.<\/p>\n<p>Las inscripciones se encuentran abiertas todo el a\u00f1o, como es una instituci\u00f3n sin fines de lucro, el Instituto \u00c1ngel de la Guarda recibe cualquier donaci\u00f3n que pueda contribuir para su mantenimiento y operaci\u00f3n, se encuentra ubicado en las calles Israel Gonz\u00e1lez esquina con Aburto, en la colonia Bugambilia.<\/p>\n<p>&nbsp;<\/p>\n<p>&nbsp;<\/p>\n<p>&nbsp;<\/p>\n<p>&nbsp;<\/p>\n<p>&nbsp;<\/p>\n<p>&nbsp;<\/p>\n<p>&nbsp;<\/p>\n<p>&nbsp;<\/p>\n","protected":false},"excerpt":{"rendered":"<p>Con m\u00e1s de 50 a\u00f1os de vida institucional, el instituto educativo \u00c1ngel de la Guarda I.A.P., sigue brindando apoyo a los estudiantes que cuentan con alguna necesidad especial asociada con alg\u00fan tipo de discapacidad. Fundado en el a\u00f1o de 1968, el Instituto \u00c1ngel de la Guarda actualmente ofrece atenci\u00f3n a 116 alumnos, de preescolar, primaria [&hellip;]<\/p>\n","protected":false},"author":1,"featured_media":17790,"comment_status":"open","ping_status":"open","sticky":false,"template":"","format":"standard","meta":{"footnotes":""},"categories":[153],"tags":[],"class_list":["post"],"yoast_head":" \n<title>Instituto \u00c1ngel de la Guarda, un referente de la Educaci\u00f3n Especial en Sonora - Periodista SoledadDurazo.com<\/title>\n<meta name=\"robots\" content=\"index, follow, max-snippet:-1, max-image-preview:large, max-video-preview:-1\" \/>\n<link rel=\"canonical\" href=\"https:\/\/soledaddurazo.com\/blog\/2023\/05\/31\/instituto-angel-de-la-guarda-un-referente-de-la-educacion-especial-en-sonora\/\" \/>\n<meta property=\"og:locale\" content=\"es_MX\" \/>\n<meta property=\"og:type\" content=\"article\" \/>\n<meta property=\"og:title\" content=\"Instituto \u00c1ngel de la Guarda, un referente de la Educaci\u00f3n Especial en Sonora\" \/>\n<meta property=\"og:description\" content=\"Con m\u00e1s de 50 a\u00f1os de vida institucional, el instituto educativo \u00c1ngel de la Guarda I.A.P., sigue brindando apoyo a los estudiantes que cuentan con alguna necesidad especial asociada con alg\u00fan tipo de discapacidad. Fundado en el a\u00f1o de 1968, el Instituto \u00c1ngel de la Guarda actualmente ofrece atenci\u00f3n a 116 alumnos, de preescolar, primaria [&hellip;]\" \/>\n<meta property=\"og:url\" content=\"https:\/\/soledaddurazo.com\/blog\/2023\/05\/31\/instituto-angel-de-la-guarda-un-referente-de-la-educacion-especial-en-sonora\/\" \/>\n<meta property=\"og:site_name\" content=\"Periodista SoledadDurazo.com\" \/>\n<meta property=\"article:publisher\" content=\"https:\/\/www.facebook.com\/soledad.durazo.9\/\" \/>\n<meta property=\"article:published_time\" content=\"2023-05-31T16:55:45+00:00\" \/>\n<meta property=\"article:modified_time\" content=\"2023-07-04T20:14:55+00:00\" \/>\n<meta property=\"og:image\" content=\"https:\/\/soledaddurazo.com\/storage\/2023\/05\/beb2f535-e94d-42dd-a23f-ff14f79a27dc.jpg\" \/>\n\t<meta property=\"og:image:width\" content=\"1599\" \/>\n\t<meta property=\"og:image:height\" content=\"899\" \/>\n<meta name=\"twitter:card\" content=\"summary_large_image\" \/>\n<meta name=\"twitter:creator\" content=\"@SoledadDurazo\" \/>\n<meta name=\"twitter:site\" content=\"@SoledadDurazo\" \/>\n<meta name=\"twitter:label1\" content=\"Escrito por\" \/>\n\t<meta name=\"twitter:data1\" content=\"Redacci\u00f3n\" \/>\n\t<meta name=\"twitter:label2\" content=\"Tiempo de lectura\" \/>\n\t<meta name=\"twitter:data2\" content=\"2 minutos\" \/>\n<script type=\"application\/ld+json\" class=\"yoast-schema-graph\">{\"@context\":\"https:\/\/schema.org\",\"@graph\":[{\"@type\":\"Organization\",\"@id\":\"https:\/\/soledaddurazo.com\/#organization\",\"name\":\"Soledad Durazo\",\"url\":\"https:\/\/soledaddurazo.com\/\",\"sameAs\":[\"https:\/\/www.facebook.com\/soledad.durazo.9\/\",\"https:\/\/www.instagram.com\/soledaddurazo\",\"https:\/\/www.youtube.com\/channel\/UC9yGPw8-Vbl_B2XNkRwPS-w\",\"https:\/\/twitter.com\/SoledadDurazo\"],\"logo\":{\"@type\":\"ImageObject\",\"@id\":\"https:\/\/soledaddurazo.com\/#logo\",\"inLanguage\":\"es\",\"url\":\"https:\/\/soledaddurazo.com\/storage\/2021\/11\/nllp-720x375-1-2.png\",\"contentUrl\":\"https:\/\/soledaddurazo.com\/storage\/2021\/11\/nllp-720x375-1-2.png\",\"width\":720,\"height\":375,\"caption\":\"Soledad Durazo\"},\"image\":{\"@id\":\"https:\/\/soledaddurazo.com\/#logo\"}},{\"@type\":\"WebSite\",\"@id\":\"https:\/\/soledaddurazo.com\/#website\",\"url\":\"https:\/\/soledaddurazo.com\/\",\"name\":\"Periodista SoledadDurazo.com\",\"description\":\"Periodista sonorense. Directora de www.SoledadDurazo.com Columnista, conductora de radio y Tv. Catedr\\u00e1tica en la UNISON\",\"publisher\":{\"@id\":\"https:\/\/soledaddurazo.com\/#organization\"},\"potentialAction\":[{\"@type\":\"SearchAction\",\"target\":{\"@type\":\"EntryPoint\",\"urlTemplate\":\"https:\/\/soledaddurazo.com\/?s={search_term_string}\"},\"query-input\":\"required name=search_term_string\"}],\"inLanguage\":\"es\"},{\"@type\":\"ImageObject\",\"@id\":\"https:\/\/soledaddurazo.com\/blog\/2023\/05\/31\/instituto-angel-de-la-guarda-un-referente-de-la-educacion-especial-en-sonora\/#primaryimage\",\"inLanguage\":\"es\",\"url\":\"https:\/\/soledaddurazo.com\/storage\/2023\/05\/beb2f535-e94d-42dd-a23f-ff14f79a27dc.jpg\",\"contentUrl\":\"https:\/\/soledaddurazo.com\/storage\/2023\/05\/beb2f535-e94d-42dd-a23f-ff14f79a27dc.jpg\",\"width\":1599,\"height\":899},{\"@type\":\"WebPage\",\"@id\":\"https:\/\/soledaddurazo.com\/blog\/2023\/05\/31\/instituto-angel-de-la-guarda-un-referente-de-la-educacion-especial-en-sonora\/#webpage\",\"url\":\"https:\/\/soledaddurazo.com\/blog\/2023\/05\/31\/instituto-angel-de-la-guarda-un-referente-de-la-educacion-especial-en-sonora\/\",\"name\":\"Instituto \\u00c1ngel de la Guarda, un referente de la Educaci\\u00f3n Especial en Sonora - Periodista SoledadDurazo.com\",\"isPartOf\":{\"@id\":\"https:\/\/soledaddurazo.com\/#website\"},\"primaryImageOfPage\":{\"@id\":\"https:\/\/soledaddurazo.com\/blog\/2023\/05\/31\/instituto-angel-de-la-guarda-un-referente-de-la-educacion-especial-en-sonora\/#primaryimage\"},\"datePublished\":\"2023-05-31T16:55:45+00:00\",\"dateModified\":\"2023-07-04T20:14:55+00:00\",\"breadcrumb\":{\"@id\":\"https:\/\/soledaddurazo.com\/blog\/2023\/05\/31\/instituto-angel-de-la-guarda-un-referente-de-la-educacion-especial-en-sonora\/#breadcrumb\"},\"inLanguage\":\"es\",\"potentialAction\":[{\"@type\":\"ReadAction\",\"target\":[\"https:\/\/soledaddurazo.com\/blog\/2023\/05\/31\/instituto-angel-de-la-guarda-un-referente-de-la-educacion-especial-en-sonora\/\"]}]},{\"@type\":\"BreadcrumbList\",\"@id\":\"https:\/\/soledaddurazo.com\/blog\/2023\/05\/31\/instituto-angel-de-la-guarda-un-referente-de-la-educacion-especial-en-sonora\/#breadcrumb\",\"itemListElement\":[{\"@type\":\"ListItem\",\"position\":1,\"name\":\"Home\",\"item\":\"https:\/\/soledaddurazo.com\/\"},{\"@type\":\"ListItem\",\"position\":2,\"name\":\"Instituto \\u00c1ngel de la Guarda, un referente de la Educaci\\u00f3n Especial en Sonora\"}]},{\"@type\":\"Article\",\"@id\":\"https:\/\/soledaddurazo.com\/blog\/2023\/05\/31\/instituto-angel-de-la-guarda-un-referente-de-la-educacion-especial-en-sonora\/#article\",\"isPartOf\":{\"@id\":\"https:\/\/soledaddurazo.com\/blog\/2023\/05\/31\/instituto-angel-de-la-guarda-un-referente-de-la-educacion-especial-en-sonora\/#webpage\"},\"author\":{\"@id\":\"https:\/\/soledaddurazo.com\/#\/schema\/person\/822d8e13aa288585e6546f179853758b\"},\"headline\":\"Instituto \\u00c1ngel de la Guarda, un referente de la Educaci\\u00f3n Especial en Sonora\",\"datePublished\":\"2023-05-31T16:55:45+00:00\",\"dateModified\":\"2023-07-04T20:14:55+00:00\",\"mainEntityOfPage\":{\"@id\":\"https:\/\/soledaddurazo.com\/blog\/2023\/05\/31\/instituto-angel-de-la-guarda-un-referente-de-la-educacion-especial-en-sonora\/#webpage\"},\"wordCount\":381,\"commentCount\":0,\"publisher\":{\"@id\":\"https:\/\/soledaddurazo.com\/#organization\"},\"image\":{\"@id\":\"https:\/\/soledaddurazo.com\/blog\/2023\/05\/31\/instituto-angel-de-la-guarda-un-referente-de-la-educacion-especial-en-sonora\/#primaryimage\"},\"thumbnailUrl\":\"https:\/\/soledaddurazo.com\/storage\/2023\/05\/beb2f535-e94d-42dd-a23f-ff14f79a27dc.jpg\",\"articleSection\":[\"principal\"],\"inLanguage\":\"es\",\"potentialAction\":[{\"@type\":\"CommentAction\",\"name\":\"Comment\",\"target\":[\"https:\/\/soledaddurazo.com\/blog\/2023\/05\/31\/instituto-angel-de-la-guarda-un-referente-de-la-educacion-especial-en-sonora\/#respond\"]}]},{\"@type\":\"Person\",\"@id\":\"https:\/\/soledaddurazo.com\/#\/schema\/person\/822d8e13aa288585e6546f179853758b\",\"name\":\"Redacci\\u00f3n\",\"image\":{\"@type\":\"ImageObject\",\"@id\":\"https:\/\/soledaddurazo.com\/#personlogo\",\"inLanguage\":\"es\",\"url\":\"https:\/\/secure.gravatar.com\/avatar\/c4e193752f756fd61f04deebed3a3a20dc188d37edb53682d313ac57f2725d54?s=96&d=mm&r=g\",\"contentUrl\":\"https:\/\/secure.gravatar.com\/avatar\/c4e193752f756fd61f04deebed3a3a20dc188d37edb53682d313ac57f2725d54?s=96&d=mm&r=g\",\"caption\":\"Redacci\\u00f3n\"},\"sameAs\":[\"https:\/\/soledaddurazo.com\"]}]}<\/script>\n ","yoast_head_json":{"title":"Instituto \u00c1ngel de la Guarda, un referente de la Educaci\u00f3n Especial en Sonora - Periodista SoledadDurazo.com","robots":{"index":"index","follow":"follow","max-snippet":"max-snippet:-1","max-image-preview":"max-image-preview:large","max-video-preview":"max-video-preview:-1"},"canonical":"https:\/\/soledaddurazo.com\/blog\/2023\/05\/31\/instituto-angel-de-la-guarda-un-referente-de-la-educacion-especial-en-sonora\/","og_locale":"es_MX","og_type":"article","og_title":"Instituto \u00c1ngel de la Guarda, un referente de la Educaci\u00f3n Especial en Sonora","og_description":"Con m\u00e1s de 50 a\u00f1os de vida institucional, el instituto educativo \u00c1ngel de la Guarda I.A.P., sigue brindando apoyo a los estudiantes que cuentan con alguna necesidad especial asociada con alg\u00fan tipo de discapacidad. Fundado en el a\u00f1o de 1968, el Instituto \u00c1ngel de la Guarda actualmente ofrece atenci\u00f3n a 116 alumnos, de preescolar, primaria [&hellip;]","og_url":"https:\/\/soledaddurazo.com\/blog\/2023\/05\/31\/instituto-angel-de-la-guarda-un-referente-de-la-educacion-especial-en-sonora\/","og_site_name":"Periodista SoledadDurazo.com","article_publisher":"https:\/\/www.facebook.com\/soledad.durazo.9\/","article_published_time":"2023-05-31T16:55:45+00:00","article_modified_time":"2023-07-04T20:14:55+00:00","og_image":[{"width":1599,"height":899,"url":"https:\/\/soledaddurazo.com\/storage\/2023\/05\/beb2f535-e94d-42dd-a23f-ff14f79a27dc.jpg","type":"image\/jpeg"}],"twitter_card":"summary_large_image","twitter_creator":"@SoledadDurazo","twitter_site":"@SoledadDurazo","twitter_misc":{"Escrito por":"Redacci\u00f3n","Tiempo de lectura":"2 minutos"},"schema":{"@context":"https:\/\/schema.org","@graph":[{"@type":"Organization","@id":"https:\/\/soledaddurazo.com\/#organization","name":"Soledad Durazo","url":"https:\/\/soledaddurazo.com\/","sameAs":["https:\/\/www.facebook.com\/soledad.durazo.9\/","https:\/\/www.instagram.com\/soledaddurazo","https:\/\/www.youtube.com\/channel\/UC9yGPw8-Vbl_B2XNkRwPS-w","https:\/\/twitter.com\/SoledadDurazo"],"logo":{"@type":"ImageObject","@id":"https:\/\/soledaddurazo.com\/#logo","inLanguage":"es","url":"https:\/\/soledaddurazo.com\/storage\/2021\/11\/nllp-720x375-1-2.png","contentUrl":"https:\/\/soledaddurazo.com\/storage\/2021\/11\/nllp-720x375-1-2.png","width":720,"height":375,"caption":"Soledad Durazo"},"image":{"@id":"https:\/\/soledaddurazo.com\/#logo"}},{"@type":"WebSite","@id":"https:\/\/soledaddurazo.com\/#website","url":"https:\/\/soledaddurazo.com\/","name":"Periodista SoledadDurazo.com","description":"Periodista sonorense. Directora de www.SoledadDurazo.com Columnista, conductora de radio y Tv. Catedr\u00e1tica en la UNISON","publisher":{"@id":"https:\/\/soledaddurazo.com\/#organization"},"potentialAction":[{"@type":"SearchAction","target":{"@type":"EntryPoint","urlTemplate":"https:\/\/soledaddurazo.com\/?s={search_term_string}"},"query-input":"required name=search_term_string"}],"inLanguage":"es"},{"@type":"ImageObject","@id":"https:\/\/soledaddurazo.com\/blog\/2023\/05\/31\/instituto-angel-de-la-guarda-un-referente-de-la-educacion-especial-en-sonora\/#primaryimage","inLanguage":"es","url":"https:\/\/soledaddurazo.com\/storage\/2023\/05\/beb2f535-e94d-42dd-a23f-ff14f79a27dc.jpg","contentUrl":"https:\/\/soledaddurazo.com\/storage\/2023\/05\/beb2f535-e94d-42dd-a23f-ff14f79a27dc.jpg","width":1599,"height":899},{"@type":"WebPage","@id":"https:\/\/soledaddurazo.com\/blog\/2023\/05\/31\/instituto-angel-de-la-guarda-un-referente-de-la-educacion-especial-en-sonora\/#webpage","url":"https:\/\/soledaddurazo.com\/blog\/2023\/05\/31\/instituto-angel-de-la-guarda-un-referente-de-la-educacion-especial-en-sonora\/","name":"Instituto \u00c1ngel de la Guarda, un referente de la Educaci\u00f3n Especial en Sonora - Periodista SoledadDurazo.com","isPartOf":{"@id":"https:\/\/soledaddurazo.com\/#website"},"primaryImageOfPage":{"@id":"https:\/\/soledaddurazo.com\/blog\/2023\/05\/31\/instituto-angel-de-la-guarda-un-referente-de-la-educacion-especial-en-sonora\/#primaryimage"},"datePublished":"2023-05-31T16:55:45+00:00","dateModified":"2023-07-04T20:14:55+00:00","breadcrumb":{"@id":"https:\/\/soledaddurazo.com\/blog\/2023\/05\/31\/instituto-angel-de-la-guarda-un-referente-de-la-educacion-especial-en-sonora\/#breadcrumb"},"inLanguage":"es","potentialAction":[{"@type":"ReadAction","target":["https:\/\/soledaddurazo.com\/blog\/2023\/05\/31\/instituto-angel-de-la-guarda-un-referente-de-la-educacion-especial-en-sonora\/"]}]},{"@type":"BreadcrumbList","@id":"https:\/\/soledaddurazo.com\/blog\/2023\/05\/31\/instituto-angel-de-la-guarda-un-referente-de-la-educacion-especial-en-sonora\/#breadcrumb","itemListElement":[{"@type":"ListItem","position":1,"name":"Home","item":"https:\/\/soledaddurazo.com\/"},{"@type":"ListItem","position":2,"name":"Instituto \u00c1ngel de la Guarda, un referente de la Educaci\u00f3n Especial en Sonora"}]},{"@type":"Article","@id":"https:\/\/soledaddurazo.com\/blog\/2023\/05\/31\/instituto-angel-de-la-guarda-un-referente-de-la-educacion-especial-en-sonora\/#article","isPartOf":{"@id":"https:\/\/soledaddurazo.com\/blog\/2023\/05\/31\/instituto-angel-de-la-guarda-un-referente-de-la-educacion-especial-en-sonora\/#webpage"},"author":{"@id":"https:\/\/soledaddurazo.com\/#\/schema\/person\/822d8e13aa288585e6546f179853758b"},"headline":"Instituto \u00c1ngel de la Guarda, un referente de la Educaci\u00f3n Especial en Sonora","datePublished":"2023-05-31T16:55:45+00:00","dateModified":"2023-07-04T20:14:55+00:00","mainEntityOfPage":{"@id":"https:\/\/soledaddurazo.com\/blog\/2023\/05\/31\/instituto-angel-de-la-guarda-un-referente-de-la-educacion-especial-en-sonora\/#webpage"},"wordCount":381,"commentCount":0,"publisher":{"@id":"https:\/\/soledaddurazo.com\/#organization"},"image":{"@id":"https:\/\/soledaddurazo.com\/blog\/2023\/05\/31\/instituto-angel-de-la-guarda-un-referente-de-la-educacion-especial-en-sonora\/#primaryimage"},"thumbnailUrl":"https:\/\/soledaddurazo.com\/storage\/2023\/05\/beb2f535-e94d-42dd-a23f-ff14f79a27dc.jpg","articleSection":["principal"],"inLanguage":"es","potentialAction":[{"@type":"CommentAction","name":"Comment","target":["https:\/\/soledaddurazo.com\/blog\/2023\/05\/31\/instituto-angel-de-la-guarda-un-referente-de-la-educacion-especial-en-sonora\/#respond"]}]},{"@type":"Person","@id":"https:\/\/soledaddurazo.com\/#\/schema\/person\/822d8e13aa288585e6546f179853758b","name":"Redacci\u00f3n","image":{"@type":"ImageObject","@id":"https:\/\/soledaddurazo.com\/#personlogo","inLanguage":"es","url":"https:\/\/secure.gravatar.com\/avatar\/c4e193752f756fd61f04deebed3a3a20dc188d37edb53682d313ac57f2725d54?s=96&d=mm&r=g","contentUrl":"https:\/\/secure.gravatar.com\/avatar\/c4e193752f756fd61f04deebed3a3a20dc188d37edb53682d313ac57f2725d54?s=96&d=mm&r=g","caption":"Redacci\u00f3n"},"sameAs":["https:\/\/soledaddurazo.com"]}]}},"_links":{"self":[{"href":"https:\/\/soledaddurazo.com\/api\/wp\/v2\/posts\/17789","targetHints":{"allow":["GET"]}}],"collection":[{"href":"https:\/\/soledaddurazo.com\/api\/wp\/v2\/posts"}],"about":[{"href":"https:\/\/soledaddurazo.com\/api\/wp\/v2\/types\/post"}],"author":[{"embeddable":true,"href":"https:\/\/soledaddurazo.com\/api\/wp\/v2\/users\/1"}],"replies":[{"embeddable":true,"href":"https:\/\/soledaddurazo.com\/api\/wp\/v2\/comments?post=17789"}],"version-history":[{"count":1,"href":"https:\/\/soledaddurazo.com\/api\/wp\/v2\/posts\/17789\/revisions"}],"predecessor-version":[{"id":17791,"href":"https:\/\/soledaddurazo.com\/api\/wp\/v2\/posts\/17789\/revisions\/17791"}],"wp:featuredmedia":[{"embeddable":true,"href":"https:\/\/soledaddurazo.com\/api\/wp\/v2\/media\/17790"}],"wp:attachment":[{"href":"https:\/\/soledaddurazo.com\/api\/wp\/v2\/media?parent=17789"}],"wp:term":[{"taxonomy":"category","embeddable":true,"href":"https:\/\/soledaddurazo.com\/api\/wp\/v2\/categories?post=17789"},{"taxonomy":"post_tag","embeddable":true,"href":"https:\/\/soledaddurazo.com\/api\/wp\/v2\/tags?post=17789"}],"curies":[{"name":"wp","href":"https:\/\/api.w.org\/{rel}","templated":true}]}}