{"id":17137,"date":"2023-03-21T02:30:23","date_gmt":"2023-03-21T09:30:23","guid":{"rendered":"https:\/\/soledaddurazo.com\/?p=17137"},"modified":"2023-03-21T02:30:23","modified_gmt":"2023-03-21T09:30:23","slug":"la-doble-moral","status":"publish","type":"post","link":"https:\/\/soledaddurazo.com\/blog\/2023\/03\/21\/la-doble-moral\/","title":{"rendered":"La doble moral"},"content":{"rendered":"<p>La prolongada ola de reclamos procedentes de sectores de la clase pol\u00edtica norteamericana, que exigen a la Casa Blanca el env\u00edo de tropas del ej\u00e9rcito a suelo mexicano, ante la incapacidad del Gobierno de M\u00e9xico, para detener el flujo de drogas de dise\u00f1o, que cruza por la frontera y que tiene inundadas las calles de sus ciudades, ocasionando m\u00e1s de cien mil muertes por a\u00f1o, tiene algo o mucho de doble moral.<\/p>\n<p><img loading=\"lazy\" decoding=\"async\" class=\"aligncenter size-full wp-image-17138\" src=\"https:\/\/soledaddurazo.com\/storage\/2023\/03\/33.jpg\" alt=\"\" width=\"980\" height=\"617\" srcset=\"https:\/\/soledaddurazo.com\/storage\/2023\/03\/33.jpg 980w, https:\/\/soledaddurazo.com\/storage\/2023\/03\/33-300x189.jpg 300w, https:\/\/soledaddurazo.com\/storage\/2023\/03\/33-768x484.jpg 768w, https:\/\/soledaddurazo.com\/storage\/2023\/03\/33-600x378.jpg 600w, https:\/\/soledaddurazo.com\/storage\/2023\/03\/33-750x472.jpg 750w\" sizes=\"auto, (max-width: 980px) 100vw, 980px\" \/><\/p>\n<p>Para entender la naturaleza de esta ola de reclamos, se le debe agregar el ingrediente de un proceso electoral. Un grupo importante de legisladores republicanos, 21 Procuradores estatales y el Gobernador de Texas, George Abbott, han presionado al gobierno del Presidente Joe Biden, a tomar una posici\u00f3n m\u00e1s fuerte con respecto a la pol\u00edtica de la lucha contra las drogas que mantiene con M\u00e9xico.<\/p>\n<p>El fen\u00f3meno del tr\u00e1fico de drogas es muy complejo, pero no se entiende la manera en que miles de toneladas de droga cruzan diariamente hacia los Estados Unidos, sin la complicidad de alguna autoridad, para hacerla llegar a las distintas ciudades, es ah\u00ed donde comienza la doble moral con la que se observa este problema.<\/p>\n<p>Es como si al llegar a la frontera, a los paquetes de droga, les salieran patitas o alitas, para de forma aut\u00f3noma, llegar a los centros de distribuci\u00f3n. Curiosamente, en los Estados Unidos, pocas veces se da la noticia de la detenci\u00f3n de narcotraficantes, siempre son de la mafia italiana, personas afroamericanas o de bandas mexicanas, anglosajones, nunca salen en las noticias.<\/p>\n<p>Parte de esa doble moral, consiste en hacerse que la virgen les habla, ante los d\u00e9biles controles que existen para la venta de armas en las armer\u00edas de Arizona, California, Nuevo M\u00e9xico y Texas, cuyas armas llenan los arsenales de los C\u00e1rteles en M\u00e9xico.<\/p>\n<p>Por las v\u00edas diplom\u00e1ticas correspondientes, M\u00e9xico ya reclam\u00f3 la facilidad con la que llega todo el cat\u00e1logo de las armas m\u00e1s modernas del vecino pa\u00eds a nuestro territorio, pero la vocaci\u00f3n de andar de metiche, queriendo ser el polic\u00eda del mundo, que los Estados Unidos mantiene desde siglos atr\u00e1s, por ser la potencia mundial, ah\u00ed queda.<\/p>\n<p>La Secretar\u00eda de la Defensa Nacional, levanta la mano, afirma haber cumplido con los compromisos internacionales firmados para el combate al fentanilo en el Plan Bicentenario, la segunda parte del Plan M\u00e9rida. \u00a0\u00bfHabr\u00e1 un nuevo acuerdo bilateral en puerta?<\/p>\n<p><strong>EL PROGRAMA DE BECAS M\u00c1S GRANDE EN LA HISTORIA<\/strong><\/p>\n<p>Las becas escolares, como parte de una pol\u00edtica educativa integral, contribuyen a evitar la deserci\u00f3n escolar, tienen un impacto social trascendente para impulsar la cultura del esfuerzo y la excelencia acad\u00e9mica.<\/p>\n<p>El Gobierno que encabeza Alfonso Durazo, ha marcado desde su inicio, como una prioridad, una inversi\u00f3n p\u00fablica hist\u00f3rica para el programa de becas estudiantiles.<\/p>\n<p>Es as\u00ed que el Programa Becas Sonora de Oportunidades, cuenta en este 2023 con un presupuesto superior a los 612 millones de pesos, el mayor presupuesto jam\u00e1s asignado en la materia, supera casi un 30% a los 474 millones de su primer a\u00f1o de operaciones en el 2022.<\/p>\n<p>Esta semana se abri\u00f3 la convocatoria para la beca Tierra de Oportunidades, beneficiar\u00e1 a casi 50 mil alumnos de educaci\u00f3n primaria y secundaria, la plataforma <a href=\"http:\/\/www.becasycredito.gob.mx\">www.becasycredito.gob.mx<\/a> se encuentra \u00a0disponible para el registro hasta el d\u00eda 14 de marzo.<\/p>\n<p><strong>INICIATIVA DE GRAN CALADO DE NATALIA RIVERA <\/strong><\/p>\n<p>Ser una profesional de la Administraci\u00f3n P\u00fablica con amplia experiencia, que le permite tener el conocimiento del funcionamiento de los tres \u00f3rdenes de gobierno, le ha servido como un respaldo adicional a su desempe\u00f1o legislativo a la Diputada Natalia Rivera.<\/p>\n<p>No en balde hemos visto en la actual legislatura aprobarse la figura de Parlamento Abierto y la legislaci\u00f3n para eficientar y profesionalizar los \u00f3rganos de administraci\u00f3n del Poder Legislativo.<\/p>\n<p>Ahora la Diputada Natalia Rivera est\u00e1 proponiendo aprobar la Ley de Adquisiciones, Arrendamientos y Servicios del Estado de Sonora, la cual establece lineamientos para las adquisiciones que realizan los tres Poderes del Estado y sus organismos aut\u00f3nomos, as\u00ed como mecanismos de transparencia de f\u00e1cil acceso para el ciudadano que quiera saber en qu\u00e9 y c\u00f3mo gasta el gobierno.<\/p>\n<p>Esta iniciativa de Ley que consta de 104 art\u00edculos, propicia la competitividad entre proveedores y aleja la posibilidad del influyentismo y corrupci\u00f3n. Cuenta con un apartado para apoyar las minipymes y castigo a los servidores p\u00fablicos que abusen en el procedimiento de adquisici\u00f3n de bienes o servicios.<\/p>\n<p>Es una iniciativa de gran calado que retoma las recomendaciones de organismos internacionales y es respaldada por Transparencia Mexicana, el Instituto Mexicano para la Competitividad, M\u00e9xico Eval\u00faa y el Comit\u00e9 de Participaci\u00f3n Ciudadana del Sistema Nacional Anticorrupci\u00f3n, para colocar a nuestro estado en la vanguardia de los gobiernos que presumen de ser modernos.<\/p>\n<p><strong>150 MILLONES ADEUDA NAVOJOA AL ISSSTESON<\/strong><\/p>\n<p>Pasan las semanas y sigue saliendo a flote la suciedad en el Ayuntamiento de Navojoa.<\/p>\n<p>Si los navojoenses pensaban que la administraci\u00f3n de la maestra Rosario Quintero como Presidenta Municipal, hab\u00eda sido un desastre por la corrupci\u00f3n y opacidad que le caracteriz\u00f3, d\u00e9jeme decirle que result\u00f3 una ni\u00f1a de pecho, comparada con la breve administraci\u00f3n del fallecido Mario \u201cMayito\u201d Mart\u00ednez.<\/p>\n<p>El Ayuntamiento de Navojoa durante la administraci\u00f3n de Mario \u201cMayito\u201d Mart\u00ednez, no report\u00f3 ning\u00fan pago de cuotas al ISSSTESON, esto fue descubierto en la primera revisi\u00f3n realizada por el Presidente Municipal El\u00edas Retes, se detectaron 90 millones de faltante.<\/p>\n<p>Eso fue en la primera revisi\u00f3n, para ya adentr\u00e1ndose en las cuentas y con m\u00e1s calma, surgi\u00f3 otro faltante de 60 millones, para totalizar 150 millones el desfalco, que hay solamente en pagos al ISSSTESON. 150 millones que nadie sabe a d\u00f3nde fueron a parar.<\/p>\n<p>El problema es que ya hay muchos empleados que han cumplido su tiempo laboral para jubilarse y no lo pueden hacer, simplemente porque no est\u00e1n sus cuotas de ISSSTESON debidamente actualizadas, esos empleados est\u00e1n en espera que el Ayuntamiento de Navojoa solucione el problema, pagando.<\/p>\n<p>Por cierto, los reacomodos ocasionados con la llegada del Presidente Municipal Jorge El\u00edas Retes, ha desatado otra lucha de poder sorda al interior del Ayuntamiento de Navojoa, que traspas\u00f3 las gruesas paredes del Ayuntamiento y llegan a la capital del estado. Las noticias vuelan<\/p>\n<p>Lenguas viperinas traen de encargo a la Sindico, Griselda Soto, para demeritar el gran esfuerzo de superaci\u00f3n personal que ha realizado al terminar sus estudios de secundaria y preparatoria.<\/p>\n<p>Ahora le inventaron que se meti\u00f3 a estudiar derecho en una Universidad que est\u00e1 frente al Ayuntamiento y que la secretaria que mandaba a tomar clases en su lugar, ya no quiere acudir a clases, desde que la corri\u00f3 de su puesto el nuevo Presidente Municipal Jorge El\u00edas Retes.<\/p>\n<p>No se vale que con esas intrigas quieran manchar un esfuerzo aut\u00e9ntico y muy v\u00e1lido, de superaci\u00f3n personal. No sean as\u00ed.<\/p>\n<p><strong>ULISES RUIZ Y EL DESPERTAR DE LA CLASE MEDIA<\/strong><\/p>\n<p>El ex Gobernador de Oaxaca y ex priista, Ulises Ruiz, aspirante a la candidatura presidencial por la v\u00eda independiente, estuvo en Sonora como parte de su recorrido que realiza por las principales ciudades del pa\u00eds.<\/p>\n<p>Propone un gran acuerdo entre todos los candidatos independientes a gobernador, al Senado, a las Alcald\u00edas y Diputaciones, para intercambiar sus seguidores para alcanzar el registro de ciudadanos necesarios para la candidatura, los candidatos independientes a la Presidencia de la Rep\u00fablica, necesitan registrar al 1% del padr\u00f3n electoral a nivel nacional.<\/p>\n<p>Ulises Ruiz asegura que la clase media ya le quit\u00f3 su respaldo al Presidente de la Rep\u00fablica Andr\u00e9s Manuel L\u00f3pez Obrador, que mantiene un voto duro de m\u00e1s o menos 15 millones de votantes, que son los beneficiarios de los programas sociales, asegura que en movilizar a la clase media es la clave para ganar con una gran alianza electoral.<\/p>\n<p><strong>INCENTIVAN A POLIC\u00cdAS MUNICIPALES<\/strong><\/p>\n<p>Una parte de lo que anteriormente se pagaba en combustible y en mantenimiento de las patrullas en talleres mec\u00e1nicos, ahora se utiliz\u00f3 para otorgar un est\u00edmulo a aquellos polic\u00edas municipales de Hermosillo con un buen desempe\u00f1o y a aquellos que han cuidado la patrulla que conducen diariamente.<\/p>\n<p>Con esta nueva pol\u00edtica de asignar a los polic\u00edas la unidad que manejan diariamente, para propiciar el cuidado de la misma, el Ayuntamiento de Hermosillo proporcion\u00f3 por primera vez este incentivo a los elementos que cuiden mejor las unidades el\u00e9ctricas conforme a la bit\u00e1cora diaria.<\/p>\n<p>El Presidente Municipal Antonio Astiazar\u00e1n fue el encargado de entrgar el incentivo econ\u00f3mico a nueve agentes destacados por su desempe\u00f1o durante enero y febrero, los 124 que laboran en la zona 6 San Bosco, por superar su efectividad en el primer bimestre y 100 mujeres y hombres polic\u00edas a cargo de las 50 patrullas el\u00e9ctricas encontradas en mejores condiciones.<\/p>\n<p>Por cierto, el Ayuntamiento de Hermosillo trae el acelerador a fondo el bacheo por la ciudad, con las brigadas que trabajan los tres turnos, los siete d\u00edas de la semana, son muchas obras que se realizan en la ciudad, que ocasionan algunas molestias a los automovilistas y transe\u00fantes, pero las molestias ser\u00e1n pasajeras, las obras ya se est\u00e1n realizando y eso es una buena noticia.<\/p>\n<p>De lunes a viernes en punto de las 18:00 horas, no se pierda LENGUAS VESPERTINAS, espacio de informaci\u00f3n y an\u00e1lisis que comparto junto a mis colegas Arturo \u201cChapo\u201d Soto y Juan Antonio P\u00e9rez, por el 105.9 F.M.<\/p>\n<p>Los invito a escuchar, SONORA EN RED NOTICIAS, en su nuevo horario a las 6 de la tarde, para cerrar la jornada informativa diaria, a trav\u00e9s de la se\u00f1al del 93.3 del cuadrante de F.M. en Guaymas y Empalme y por la se\u00f1al del canal 14 de Estrella de la ciudad de Tucson, Arizona.<\/p>\n<p>Podemos interactuar a trav\u00e9s de mi cuenta de Twitter @feroropeza20 o en mi correo electr\u00f3nico <a href=\"mailto:luiso@hmo.megared.net.mx\">luiso@hmo.megared.net.mx<\/a><\/p>\n<p>&nbsp;<\/p>\n<p>&nbsp;<\/p>\n","protected":false},"excerpt":{"rendered":"<p>La prolongada ola de reclamos procedentes de sectores de la clase pol\u00edtica norteamericana, que exigen a la Casa Blanca el env\u00edo de tropas del ej\u00e9rcito a suelo mexicano, ante la incapacidad del Gobierno de M\u00e9xico, para detener el flujo de drogas de dise\u00f1o, que cruza por la frontera y que tiene inundadas las calles de [&hellip;]<\/p>\n","protected":false},"author":1,"featured_media":16720,"comment_status":"open","ping_status":"open","sticky":false,"template":"","format":"standard","meta":{"footnotes":""},"categories":[173],"tags":[],"class_list":["post"],"yoast_head":" \n<title>La doble moral - Periodista SoledadDurazo.com<\/title>\n<meta name=\"robots\" content=\"index, follow, max-snippet:-1, max-image-preview:large, max-video-preview:-1\" \/>\n<link rel=\"canonical\" href=\"https:\/\/soledaddurazo.com\/blog\/2023\/03\/21\/la-doble-moral\/\" \/>\n<meta property=\"og:locale\" content=\"es_MX\" \/>\n<meta property=\"og:type\" content=\"article\" \/>\n<meta property=\"og:title\" content=\"La doble moral\" \/>\n<meta property=\"og:description\" content=\"La prolongada ola de reclamos procedentes de sectores de la clase pol\u00edtica norteamericana, que exigen a la Casa Blanca el env\u00edo de tropas del ej\u00e9rcito a suelo mexicano, ante la incapacidad del Gobierno de M\u00e9xico, para detener el flujo de drogas de dise\u00f1o, que cruza por la frontera y que tiene inundadas las calles de [&hellip;]\" \/>\n<meta property=\"og:url\" content=\"https:\/\/soledaddurazo.com\/blog\/2023\/03\/21\/la-doble-moral\/\" \/>\n<meta property=\"og:site_name\" content=\"Periodista SoledadDurazo.com\" \/>\n<meta property=\"article:publisher\" content=\"https:\/\/www.facebook.com\/soledad.durazo.9\/\" \/>\n<meta property=\"article:published_time\" content=\"2023-03-21T09:30:23+00:00\" \/>\n<meta property=\"og:image\" content=\"https:\/\/soledaddurazo.com\/storage\/2023\/02\/5A446D09-778E-4A49-BEB9-D08CE2EC44E0.jpeg\" \/>\n\t<meta property=\"og:image:width\" content=\"750\" \/>\n\t<meta property=\"og:image:height\" content=\"375\" \/>\n<meta name=\"twitter:card\" content=\"summary_large_image\" \/>\n<meta name=\"twitter:creator\" content=\"@SoledadDurazo\" \/>\n<meta name=\"twitter:site\" content=\"@SoledadDurazo\" \/>\n<meta name=\"twitter:label1\" content=\"Escrito por\" \/>\n\t<meta name=\"twitter:data1\" content=\"Redacci\u00f3n\" \/>\n\t<meta name=\"twitter:label2\" content=\"Tiempo de lectura\" \/>\n\t<meta name=\"twitter:data2\" content=\"8 minutos\" \/>\n<script type=\"application\/ld+json\" class=\"yoast-schema-graph\">{\"@context\":\"https:\/\/schema.org\",\"@graph\":[{\"@type\":\"Organization\",\"@id\":\"https:\/\/soledaddurazo.com\/#organization\",\"name\":\"Soledad Durazo\",\"url\":\"https:\/\/soledaddurazo.com\/\",\"sameAs\":[\"https:\/\/www.facebook.com\/soledad.durazo.9\/\",\"https:\/\/www.instagram.com\/soledaddurazo\",\"https:\/\/www.youtube.com\/channel\/UC9yGPw8-Vbl_B2XNkRwPS-w\",\"https:\/\/twitter.com\/SoledadDurazo\"],\"logo\":{\"@type\":\"ImageObject\",\"@id\":\"https:\/\/soledaddurazo.com\/#logo\",\"inLanguage\":\"es\",\"url\":\"https:\/\/soledaddurazo.com\/storage\/2021\/11\/nllp-720x375-1-2.png\",\"contentUrl\":\"https:\/\/soledaddurazo.com\/storage\/2021\/11\/nllp-720x375-1-2.png\",\"width\":720,\"height\":375,\"caption\":\"Soledad Durazo\"},\"image\":{\"@id\":\"https:\/\/soledaddurazo.com\/#logo\"}},{\"@type\":\"WebSite\",\"@id\":\"https:\/\/soledaddurazo.com\/#website\",\"url\":\"https:\/\/soledaddurazo.com\/\",\"name\":\"Periodista SoledadDurazo.com\",\"description\":\"Periodista sonorense. Directora de www.SoledadDurazo.com Columnista, conductora de radio y Tv. Catedr\\u00e1tica en la UNISON\",\"publisher\":{\"@id\":\"https:\/\/soledaddurazo.com\/#organization\"},\"potentialAction\":[{\"@type\":\"SearchAction\",\"target\":{\"@type\":\"EntryPoint\",\"urlTemplate\":\"https:\/\/soledaddurazo.com\/?s={search_term_string}\"},\"query-input\":\"required name=search_term_string\"}],\"inLanguage\":\"es\"},{\"@type\":\"ImageObject\",\"@id\":\"https:\/\/soledaddurazo.com\/blog\/2023\/03\/21\/la-doble-moral\/#primaryimage\",\"inLanguage\":\"es\",\"url\":\"https:\/\/soledaddurazo.com\/storage\/2023\/02\/5A446D09-778E-4A49-BEB9-D08CE2EC44E0.jpeg\",\"contentUrl\":\"https:\/\/soledaddurazo.com\/storage\/2023\/02\/5A446D09-778E-4A49-BEB9-D08CE2EC44E0.jpeg\",\"width\":750,\"height\":375},{\"@type\":\"WebPage\",\"@id\":\"https:\/\/soledaddurazo.com\/blog\/2023\/03\/21\/la-doble-moral\/#webpage\",\"url\":\"https:\/\/soledaddurazo.com\/blog\/2023\/03\/21\/la-doble-moral\/\",\"name\":\"La doble moral - Periodista SoledadDurazo.com\",\"isPartOf\":{\"@id\":\"https:\/\/soledaddurazo.com\/#website\"},\"primaryImageOfPage\":{\"@id\":\"https:\/\/soledaddurazo.com\/blog\/2023\/03\/21\/la-doble-moral\/#primaryimage\"},\"datePublished\":\"2023-03-21T09:30:23+00:00\",\"dateModified\":\"2023-03-21T09:30:23+00:00\",\"breadcrumb\":{\"@id\":\"https:\/\/soledaddurazo.com\/blog\/2023\/03\/21\/la-doble-moral\/#breadcrumb\"},\"inLanguage\":\"es\",\"potentialAction\":[{\"@type\":\"ReadAction\",\"target\":[\"https:\/\/soledaddurazo.com\/blog\/2023\/03\/21\/la-doble-moral\/\"]}]},{\"@type\":\"BreadcrumbList\",\"@id\":\"https:\/\/soledaddurazo.com\/blog\/2023\/03\/21\/la-doble-moral\/#breadcrumb\",\"itemListElement\":[{\"@type\":\"ListItem\",\"position\":1,\"name\":\"Home\",\"item\":\"https:\/\/soledaddurazo.com\/\"},{\"@type\":\"ListItem\",\"position\":2,\"name\":\"La doble moral\"}]},{\"@type\":\"Article\",\"@id\":\"https:\/\/soledaddurazo.com\/blog\/2023\/03\/21\/la-doble-moral\/#article\",\"isPartOf\":{\"@id\":\"https:\/\/soledaddurazo.com\/blog\/2023\/03\/21\/la-doble-moral\/#webpage\"},\"author\":{\"@id\":\"https:\/\/soledaddurazo.com\/#\/schema\/person\/822d8e13aa288585e6546f179853758b\"},\"headline\":\"La doble moral\",\"datePublished\":\"2023-03-21T09:30:23+00:00\",\"dateModified\":\"2023-03-21T09:30:23+00:00\",\"mainEntityOfPage\":{\"@id\":\"https:\/\/soledaddurazo.com\/blog\/2023\/03\/21\/la-doble-moral\/#webpage\"},\"wordCount\":1703,\"commentCount\":0,\"publisher\":{\"@id\":\"https:\/\/soledaddurazo.com\/#organization\"},\"image\":{\"@id\":\"https:\/\/soledaddurazo.com\/blog\/2023\/03\/21\/la-doble-moral\/#primaryimage\"},\"thumbnailUrl\":\"https:\/\/soledaddurazo.com\/storage\/2023\/02\/5A446D09-778E-4A49-BEB9-D08CE2EC44E0.jpeg\",\"articleSection\":[\"Fernando Oropeza\"],\"inLanguage\":\"es\",\"potentialAction\":[{\"@type\":\"CommentAction\",\"name\":\"Comment\",\"target\":[\"https:\/\/soledaddurazo.com\/blog\/2023\/03\/21\/la-doble-moral\/#respond\"]}]},{\"@type\":\"Person\",\"@id\":\"https:\/\/soledaddurazo.com\/#\/schema\/person\/822d8e13aa288585e6546f179853758b\",\"name\":\"Redacci\\u00f3n\",\"image\":{\"@type\":\"ImageObject\",\"@id\":\"https:\/\/soledaddurazo.com\/#personlogo\",\"inLanguage\":\"es\",\"url\":\"https:\/\/secure.gravatar.com\/avatar\/c4e193752f756fd61f04deebed3a3a20dc188d37edb53682d313ac57f2725d54?s=96&d=mm&r=g\",\"contentUrl\":\"https:\/\/secure.gravatar.com\/avatar\/c4e193752f756fd61f04deebed3a3a20dc188d37edb53682d313ac57f2725d54?s=96&d=mm&r=g\",\"caption\":\"Redacci\\u00f3n\"},\"sameAs\":[\"https:\/\/soledaddurazo.com\"]}]}<\/script>\n ","yoast_head_json":{"title":"La doble moral - Periodista SoledadDurazo.com","robots":{"index":"index","follow":"follow","max-snippet":"max-snippet:-1","max-image-preview":"max-image-preview:large","max-video-preview":"max-video-preview:-1"},"canonical":"https:\/\/soledaddurazo.com\/blog\/2023\/03\/21\/la-doble-moral\/","og_locale":"es_MX","og_type":"article","og_title":"La doble moral","og_description":"La prolongada ola de reclamos procedentes de sectores de la clase pol\u00edtica norteamericana, que exigen a la Casa Blanca el env\u00edo de tropas del ej\u00e9rcito a suelo mexicano, ante la incapacidad del Gobierno de M\u00e9xico, para detener el flujo de drogas de dise\u00f1o, que cruza por la frontera y que tiene inundadas las calles de [&hellip;]","og_url":"https:\/\/soledaddurazo.com\/blog\/2023\/03\/21\/la-doble-moral\/","og_site_name":"Periodista SoledadDurazo.com","article_publisher":"https:\/\/www.facebook.com\/soledad.durazo.9\/","article_published_time":"2023-03-21T09:30:23+00:00","og_image":[{"width":750,"height":375,"url":"https:\/\/soledaddurazo.com\/storage\/2023\/02\/5A446D09-778E-4A49-BEB9-D08CE2EC44E0.jpeg","type":"image\/jpeg"}],"twitter_card":"summary_large_image","twitter_creator":"@SoledadDurazo","twitter_site":"@SoledadDurazo","twitter_misc":{"Escrito por":"Redacci\u00f3n","Tiempo de lectura":"8 minutos"},"schema":{"@context":"https:\/\/schema.org","@graph":[{"@type":"Organization","@id":"https:\/\/soledaddurazo.com\/#organization","name":"Soledad Durazo","url":"https:\/\/soledaddurazo.com\/","sameAs":["https:\/\/www.facebook.com\/soledad.durazo.9\/","https:\/\/www.instagram.com\/soledaddurazo","https:\/\/www.youtube.com\/channel\/UC9yGPw8-Vbl_B2XNkRwPS-w","https:\/\/twitter.com\/SoledadDurazo"],"logo":{"@type":"ImageObject","@id":"https:\/\/soledaddurazo.com\/#logo","inLanguage":"es","url":"https:\/\/soledaddurazo.com\/storage\/2021\/11\/nllp-720x375-1-2.png","contentUrl":"https:\/\/soledaddurazo.com\/storage\/2021\/11\/nllp-720x375-1-2.png","width":720,"height":375,"caption":"Soledad Durazo"},"image":{"@id":"https:\/\/soledaddurazo.com\/#logo"}},{"@type":"WebSite","@id":"https:\/\/soledaddurazo.com\/#website","url":"https:\/\/soledaddurazo.com\/","name":"Periodista SoledadDurazo.com","description":"Periodista sonorense. Directora de www.SoledadDurazo.com Columnista, conductora de radio y Tv. Catedr\u00e1tica en la UNISON","publisher":{"@id":"https:\/\/soledaddurazo.com\/#organization"},"potentialAction":[{"@type":"SearchAction","target":{"@type":"EntryPoint","urlTemplate":"https:\/\/soledaddurazo.com\/?s={search_term_string}"},"query-input":"required name=search_term_string"}],"inLanguage":"es"},{"@type":"ImageObject","@id":"https:\/\/soledaddurazo.com\/blog\/2023\/03\/21\/la-doble-moral\/#primaryimage","inLanguage":"es","url":"https:\/\/soledaddurazo.com\/storage\/2023\/02\/5A446D09-778E-4A49-BEB9-D08CE2EC44E0.jpeg","contentUrl":"https:\/\/soledaddurazo.com\/storage\/2023\/02\/5A446D09-778E-4A49-BEB9-D08CE2EC44E0.jpeg","width":750,"height":375},{"@type":"WebPage","@id":"https:\/\/soledaddurazo.com\/blog\/2023\/03\/21\/la-doble-moral\/#webpage","url":"https:\/\/soledaddurazo.com\/blog\/2023\/03\/21\/la-doble-moral\/","name":"La doble moral - Periodista SoledadDurazo.com","isPartOf":{"@id":"https:\/\/soledaddurazo.com\/#website"},"primaryImageOfPage":{"@id":"https:\/\/soledaddurazo.com\/blog\/2023\/03\/21\/la-doble-moral\/#primaryimage"},"datePublished":"2023-03-21T09:30:23+00:00","dateModified":"2023-03-21T09:30:23+00:00","breadcrumb":{"@id":"https:\/\/soledaddurazo.com\/blog\/2023\/03\/21\/la-doble-moral\/#breadcrumb"},"inLanguage":"es","potentialAction":[{"@type":"ReadAction","target":["https:\/\/soledaddurazo.com\/blog\/2023\/03\/21\/la-doble-moral\/"]}]},{"@type":"BreadcrumbList","@id":"https:\/\/soledaddurazo.com\/blog\/2023\/03\/21\/la-doble-moral\/#breadcrumb","itemListElement":[{"@type":"ListItem","position":1,"name":"Home","item":"https:\/\/soledaddurazo.com\/"},{"@type":"ListItem","position":2,"name":"La doble moral"}]},{"@type":"Article","@id":"https:\/\/soledaddurazo.com\/blog\/2023\/03\/21\/la-doble-moral\/#article","isPartOf":{"@id":"https:\/\/soledaddurazo.com\/blog\/2023\/03\/21\/la-doble-moral\/#webpage"},"author":{"@id":"https:\/\/soledaddurazo.com\/#\/schema\/person\/822d8e13aa288585e6546f179853758b"},"headline":"La doble moral","datePublished":"2023-03-21T09:30:23+00:00","dateModified":"2023-03-21T09:30:23+00:00","mainEntityOfPage":{"@id":"https:\/\/soledaddurazo.com\/blog\/2023\/03\/21\/la-doble-moral\/#webpage"},"wordCount":1703,"commentCount":0,"publisher":{"@id":"https:\/\/soledaddurazo.com\/#organization"},"image":{"@id":"https:\/\/soledaddurazo.com\/blog\/2023\/03\/21\/la-doble-moral\/#primaryimage"},"thumbnailUrl":"https:\/\/soledaddurazo.com\/storage\/2023\/02\/5A446D09-778E-4A49-BEB9-D08CE2EC44E0.jpeg","articleSection":["Fernando Oropeza"],"inLanguage":"es","potentialAction":[{"@type":"CommentAction","name":"Comment","target":["https:\/\/soledaddurazo.com\/blog\/2023\/03\/21\/la-doble-moral\/#respond"]}]},{"@type":"Person","@id":"https:\/\/soledaddurazo.com\/#\/schema\/person\/822d8e13aa288585e6546f179853758b","name":"Redacci\u00f3n","image":{"@type":"ImageObject","@id":"https:\/\/soledaddurazo.com\/#personlogo","inLanguage":"es","url":"https:\/\/secure.gravatar.com\/avatar\/c4e193752f756fd61f04deebed3a3a20dc188d37edb53682d313ac57f2725d54?s=96&d=mm&r=g","contentUrl":"https:\/\/secure.gravatar.com\/avatar\/c4e193752f756fd61f04deebed3a3a20dc188d37edb53682d313ac57f2725d54?s=96&d=mm&r=g","caption":"Redacci\u00f3n"},"sameAs":["https:\/\/soledaddurazo.com"]}]}},"_links":{"self":[{"href":"https:\/\/soledaddurazo.com\/api\/wp\/v2\/posts\/17137","targetHints":{"allow":["GET"]}}],"collection":[{"href":"https:\/\/soledaddurazo.com\/api\/wp\/v2\/posts"}],"about":[{"href":"https:\/\/soledaddurazo.com\/api\/wp\/v2\/types\/post"}],"author":[{"embeddable":true,"href":"https:\/\/soledaddurazo.com\/api\/wp\/v2\/users\/1"}],"replies":[{"embeddable":true,"href":"https:\/\/soledaddurazo.com\/api\/wp\/v2\/comments?post=17137"}],"version-history":[{"count":1,"href":"https:\/\/soledaddurazo.com\/api\/wp\/v2\/posts\/17137\/revisions"}],"predecessor-version":[{"id":17139,"href":"https:\/\/soledaddurazo.com\/api\/wp\/v2\/posts\/17137\/revisions\/17139"}],"wp:featuredmedia":[{"embeddable":true,"href":"https:\/\/soledaddurazo.com\/api\/wp\/v2\/media\/16720"}],"wp:attachment":[{"href":"https:\/\/soledaddurazo.com\/api\/wp\/v2\/media?parent=17137"}],"wp:term":[{"taxonomy":"category","embeddable":true,"href":"https:\/\/soledaddurazo.com\/api\/wp\/v2\/categories?post=17137"},{"taxonomy":"post_tag","embeddable":true,"href":"https:\/\/soledaddurazo.com\/api\/wp\/v2\/tags?post=17137"}],"curies":[{"name":"wp","href":"https:\/\/api.w.org\/{rel}","templated":true}]}}