{"id":17127,"date":"2023-03-21T01:50:14","date_gmt":"2023-03-21T08:50:14","guid":{"rendered":"https:\/\/soledaddurazo.com\/?p=17127"},"modified":"2023-03-21T01:50:14","modified_gmt":"2023-03-21T08:50:14","slug":"las-palabras-mas-largas-del-espanol-y-otras-curiosidades","status":"publish","type":"post","link":"https:\/\/soledaddurazo.com\/blog\/2023\/03\/21\/las-palabras-mas-largas-del-espanol-y-otras-curiosidades\/","title":{"rendered":"Las palabras m\u00e1s largas del Espa\u00f1ol y otras curiosidades"},"content":{"rendered":"<p>Aqu\u00ed siempre estamos: que si el ingl\u00e9s esto, que si el franc\u00e9s aquello, ahora que si un poco de alem\u00e1n\u2026 Pero tenemos a nuestro idioma muy olvidado y eso, pues no puede ser la verdad.<\/p>\n<p>Por eso hoy hemos decidido\u00a0<strong>hablar un poquito m\u00e1s de nuestra lengua y contaros curiosidades\u00a0del espa\u00f1ol,<\/strong>\u00a0porque nunca est\u00e1 de m\u00e1s; que a veces nos pasamos de listos con los conocimientos sobre otro idioma, mientras no seguimos alimentando el conocimiento del nuestro propio (vaya rega\u00f1ina os he soltado, eh? es que la gripe est\u00e1 haciendo estragos, y hay falta de sue\u00f1o).<\/p>\n<p>Pero bueno, no vamos a enrollarnos m\u00e1s y pasemos a descubrir que misterios nos esconde este idioma tan loable, lo hable quien lo hable (como bien dice Luis Piedrahita).<\/p>\n<p><img loading=\"lazy\" decoding=\"async\" class=\"aligncenter size-full wp-image-17129\" src=\"https:\/\/soledaddurazo.com\/storage\/2023\/03\/163b5d4b51f9586667580476a3ec66f1.jpg\" alt=\"\" width=\"520\" height=\"315\" srcset=\"https:\/\/soledaddurazo.com\/storage\/2023\/03\/163b5d4b51f9586667580476a3ec66f1.jpg 520w, https:\/\/soledaddurazo.com\/storage\/2023\/03\/163b5d4b51f9586667580476a3ec66f1-300x182.jpg 300w\" sizes=\"auto, (max-width: 520px) 100vw, 520px\" \/><\/p>\n<ol>\n<li>La \u00fanica palabra que contiene\u00a0cinco erres es:\u00a0<strong>ferrocarrilero<\/strong>.<\/li>\n<li>Las palabras\u00a0<strong>ecuatorianos<\/strong>\u00a0y\u00a0<strong>aeron\u00e1uticos<\/strong>\u00a0poseen las mismas letras, pero en diferente orden. A esto se le llama anagrama.<\/li>\n<li><strong><span class=\"sumo_twilighter_highlighted twilighter-3ba8a552\">Mil<\/span><\/strong><span class=\"sumo_twilighter_highlighted twilighter-3ba8a552\">\u00a0es el \u00fanico n\u00famero que no tiene ni O ni E.<\/span><\/li>\n<li>El\u00a0<strong>espa\u00f1ol<\/strong>, es idioma oficial\/coexistente en pa\u00edses de los 5 continentes. \u00a1Qu\u00e9 ah\u00ed es nada! Podemos presumir que en cada continente, en al menos un pa\u00eds, se habla espa\u00f1ol. En Europa es bien sencillo saber qu\u00e9 pa\u00eds lo abandera. Pero en \u00c1frica es oficial en dos pa\u00edses, Marruecos y Guinea Ecuatorial. En la zona de Asia, tenemos a Filipinas. Y si nos trasladamos a Ocean\u00eda, podremos hablar espa\u00f1ol en la Isla de Pascua.<\/li>\n<li>Nuestro idioma\u00a0<strong>tiene aproximadamente unas 300.000 palabras<\/strong>\u00a0o conceptos diferentes. Aunque en la RAE solo recogen 88.000<\/li>\n<li>Un espa\u00f1ol, usa de media unas 300 palabras. Una persona culta, aumenta la cantidad de palabras, llegando a las 500 diarias. Un periodista o escritor, puede llegar a utilizar 3000.<\/li>\n<li>El espa\u00f1ol se lleva la medalla de oro al idioma m\u00e1s r\u00e1pido de hablar. Y es que se miden seg\u00fan el n\u00famero de s\u00edlabas que se pueden llegar a decir en un segundo por un hablante medio.<\/li>\n<li>Miguel de Cervantes lleg\u00f3 a utilizar entorno a unas 8000 palabras diferentes en su obra (El Quijote).<\/li>\n<li>En los a\u00f1os 974-978 (a\u00fan se discute sobre la fecha exacta), un monje del Monasterio de San Justo y<strong>\u00a0San Pastor en La Rozuela (Le\u00f3n), fue el autor del primer texto escrito en espa\u00f1ol<\/strong>. La curiosidad del texto es que no se trataba del escribano del Monasterio, que contase la vida de los monjes, sino que hizo \u00abuna lista de\u00a0gastos de la cocina\u00bb, por decirlo de alguna forma resumida. El texto fue denominado Nodicia de Kesos, y es que ah\u00ed enumeraba, c\u00f3mo se hab\u00edan ido gastando los quesos de aquel monasterio.<\/li>\n<li>El vocablo\u00a0<strong>cinco<\/strong>\u00a0tiene a su vez cinco letras, coincidencia que no se registra en ning\u00fan otro n\u00famero.<\/li>\n<li>En\u00a0<strong>aristocr\u00e1ticos<\/strong>, cada letra aparece dos veces.<\/li>\n<li><span class=\"sumo_twilighter_highlighted twilighter-3ddc4789\">La palabra\u00a0<\/span><strong><span class=\"sumo_twilighter_highlighted twilighter-3ddc4789\">o\u00eda<\/span><\/strong><span class=\"sumo_twilighter_highlighted twilighter-3ddc4789\">\u00a0tiene tres s\u00edlabas en tres letras.<\/span><\/li>\n<li>En 1994, se decidi\u00f3 que la letras CH y LL, ya no eran bienvenidas en nuestro alfabeto. As\u00ed que pasaron a la historia, aunque m\u00e1s de uno de la \u00e9poca de la EGB (y nuestros mayores), a\u00fan las siguen recordando a la hora de deletrear.<\/li>\n<li>El vocablo<strong>\u00a0reconocer<\/strong>\u00a0se lee lo mismo de izquierda a derecha que viceversa.<\/li>\n<li>Las palabras m\u00e1s largas sin letras repetidas son\u00a0<strong>Calumbrientos (13), Centrifugados (13) y Vislumbr\u00e1ndote (14).<\/strong><\/li>\n<li>Pero en cambio la palabra m\u00e1s larga recogida por la RAE es\u00a0<b>Electroencefalografista,\u00a0<\/b>esta palabra contiene 23 letras.<\/li>\n<li>La \u00fanica palabra que contiene dos veces cada una de las cinco vocales es\u00a0<strong>guineoecuatorial<\/strong>.<\/li>\n<li>En el t\u00e9rmino\u00a0<strong>centrifugados<\/strong>\u00a0todas las letras son diferentes y ninguna se repite.<\/li>\n<li>Hay cuatro palabras que tienen cuatro consonantes seguidas:\u00a0<strong>transplantar, substraer, abstraer, abstracto<\/strong>.<\/li>\n<li>El t\u00e9rmino<strong>\u00a0estuve<\/strong>\u00a0contiene cuatro letras consecutivas por orden alfab\u00e9tico: stuv.<\/li>\n<li>Algunas de las palabras m\u00e1s raras que contiene el castellano son:\u00a0<strong>amover, barbi\u00e1n, jipiar, orate, vagido<\/strong>\u2026 \u00bfalguien sabe sus significados sin preguntarle a San Google?<\/li>\n<li>Casi m\u00e1s de 4000 palabras nos vienen heredadas por el tiempo de dominaci\u00f3n \u00e1rabe, eso representa un 8% de nuestro vocabulario actual.<\/li>\n<li>El t\u00e9rmino \u00abNoche Toledana\u00bb, no deja de ser sorprendente cu\u00e1l es la historia que hay detr\u00e1s.\u00a0Se remonta al a\u00f1o 812, cuando gobernaba en Toledo un cruel joven que respond\u00eda al nombre de\u00a0<strong>Jusuf-ben-Amru<\/strong>. El mot\u00edn del pueblo provoc\u00f3 que este fuese decapitado, pero su padre,\u00a0<strong>Amru<\/strong>, se veng\u00f3 ampliamente haciendo lo propio con\u00a0<strong>las cabezas de los nobles de la ciudad<\/strong>, que hab\u00edan sido invitados a un banquete por el guerrero. (No s\u00e9 porqu\u00e9, pero me ha venido a la cabeza Juego de Tronos\u2026)<\/li>\n<li>Tenemos una palabra que podemos pronunciar, pero no escribir \u00bfcurioso, eh?\u00a0Es el singular del imperativo \u2018salirse\u2019, que, si lo escribi\u00e9semos (\u2018salle\u2019), leer\u00edamos [s\u00e1.lle], y no [sal.le], debido al d\u00edgrafo \u2018ll\u2019.<\/li>\n<\/ol>\n<p>Fuente: iogranada.com<\/p>\n","protected":false},"excerpt":{"rendered":"<p>Aqu\u00ed siempre estamos: que si el ingl\u00e9s esto, que si el franc\u00e9s aquello, ahora que si un poco de alem\u00e1n\u2026 Pero tenemos a nuestro idioma muy olvidado y eso, pues no puede ser la verdad. Por eso hoy hemos decidido\u00a0hablar un poquito m\u00e1s de nuestra lengua y contaros curiosidades\u00a0del espa\u00f1ol,\u00a0porque nunca est\u00e1 de m\u00e1s; que [&hellip;]<\/p>\n","protected":false},"author":1,"featured_media":17128,"comment_status":"open","ping_status":"open","sticky":false,"template":"","format":"standard","meta":{"footnotes":""},"categories":[153],"tags":[],"class_list":["post"],"yoast_head":" \n<title>Las palabras m\u00e1s largas del Espa\u00f1ol y otras curiosidades - Periodista SoledadDurazo.com<\/title>\n<meta name=\"robots\" content=\"index, follow, max-snippet:-1, max-image-preview:large, max-video-preview:-1\" \/>\n<link rel=\"canonical\" href=\"https:\/\/soledaddurazo.com\/blog\/2023\/03\/21\/las-palabras-mas-largas-del-espanol-y-otras-curiosidades\/\" \/>\n<meta property=\"og:locale\" content=\"es_MX\" \/>\n<meta property=\"og:type\" content=\"article\" \/>\n<meta property=\"og:title\" content=\"Las palabras m\u00e1s largas del Espa\u00f1ol y otras curiosidades\" \/>\n<meta property=\"og:description\" content=\"Aqu\u00ed siempre estamos: que si el ingl\u00e9s esto, que si el franc\u00e9s aquello, ahora que si un poco de alem\u00e1n\u2026 Pero tenemos a nuestro idioma muy olvidado y eso, pues no puede ser la verdad. Por eso hoy hemos decidido\u00a0hablar un poquito m\u00e1s de nuestra lengua y contaros curiosidades\u00a0del espa\u00f1ol,\u00a0porque nunca est\u00e1 de m\u00e1s; que [&hellip;]\" \/>\n<meta property=\"og:url\" content=\"https:\/\/soledaddurazo.com\/blog\/2023\/03\/21\/las-palabras-mas-largas-del-espanol-y-otras-curiosidades\/\" \/>\n<meta property=\"og:site_name\" content=\"Periodista SoledadDurazo.com\" \/>\n<meta property=\"article:publisher\" content=\"https:\/\/www.facebook.com\/soledad.durazo.9\/\" \/>\n<meta property=\"article:published_time\" content=\"2023-03-21T08:50:14+00:00\" \/>\n<meta property=\"og:image\" content=\"https:\/\/soledaddurazo.com\/storage\/2023\/03\/R.jpg\" \/>\n\t<meta property=\"og:image:width\" content=\"750\" \/>\n\t<meta property=\"og:image:height\" content=\"387\" \/>\n<meta name=\"twitter:card\" content=\"summary_large_image\" \/>\n<meta name=\"twitter:creator\" content=\"@SoledadDurazo\" \/>\n<meta name=\"twitter:site\" content=\"@SoledadDurazo\" \/>\n<meta name=\"twitter:label1\" content=\"Escrito por\" \/>\n\t<meta name=\"twitter:data1\" content=\"Redacci\u00f3n\" \/>\n\t<meta name=\"twitter:label2\" content=\"Tiempo de lectura\" \/>\n\t<meta name=\"twitter:data2\" content=\"4 minutos\" \/>\n<script type=\"application\/ld+json\" class=\"yoast-schema-graph\">{\"@context\":\"https:\/\/schema.org\",\"@graph\":[{\"@type\":\"Organization\",\"@id\":\"https:\/\/soledaddurazo.com\/#organization\",\"name\":\"Soledad Durazo\",\"url\":\"https:\/\/soledaddurazo.com\/\",\"sameAs\":[\"https:\/\/www.facebook.com\/soledad.durazo.9\/\",\"https:\/\/www.instagram.com\/soledaddurazo\",\"https:\/\/www.youtube.com\/channel\/UC9yGPw8-Vbl_B2XNkRwPS-w\",\"https:\/\/twitter.com\/SoledadDurazo\"],\"logo\":{\"@type\":\"ImageObject\",\"@id\":\"https:\/\/soledaddurazo.com\/#logo\",\"inLanguage\":\"es\",\"url\":\"https:\/\/soledaddurazo.com\/storage\/2021\/11\/nllp-720x375-1-2.png\",\"contentUrl\":\"https:\/\/soledaddurazo.com\/storage\/2021\/11\/nllp-720x375-1-2.png\",\"width\":720,\"height\":375,\"caption\":\"Soledad Durazo\"},\"image\":{\"@id\":\"https:\/\/soledaddurazo.com\/#logo\"}},{\"@type\":\"WebSite\",\"@id\":\"https:\/\/soledaddurazo.com\/#website\",\"url\":\"https:\/\/soledaddurazo.com\/\",\"name\":\"Periodista SoledadDurazo.com\",\"description\":\"Periodista sonorense. Directora de www.SoledadDurazo.com Columnista, conductora de radio y Tv. Catedr\\u00e1tica en la UNISON\",\"publisher\":{\"@id\":\"https:\/\/soledaddurazo.com\/#organization\"},\"potentialAction\":[{\"@type\":\"SearchAction\",\"target\":{\"@type\":\"EntryPoint\",\"urlTemplate\":\"https:\/\/soledaddurazo.com\/?s={search_term_string}\"},\"query-input\":\"required name=search_term_string\"}],\"inLanguage\":\"es\"},{\"@type\":\"ImageObject\",\"@id\":\"https:\/\/soledaddurazo.com\/blog\/2023\/03\/21\/las-palabras-mas-largas-del-espanol-y-otras-curiosidades\/#primaryimage\",\"inLanguage\":\"es\",\"url\":\"https:\/\/soledaddurazo.com\/storage\/2023\/03\/R.jpg\",\"contentUrl\":\"https:\/\/soledaddurazo.com\/storage\/2023\/03\/R.jpg\",\"width\":750,\"height\":387},{\"@type\":\"WebPage\",\"@id\":\"https:\/\/soledaddurazo.com\/blog\/2023\/03\/21\/las-palabras-mas-largas-del-espanol-y-otras-curiosidades\/#webpage\",\"url\":\"https:\/\/soledaddurazo.com\/blog\/2023\/03\/21\/las-palabras-mas-largas-del-espanol-y-otras-curiosidades\/\",\"name\":\"Las palabras m\\u00e1s largas del Espa\\u00f1ol y otras curiosidades - Periodista SoledadDurazo.com\",\"isPartOf\":{\"@id\":\"https:\/\/soledaddurazo.com\/#website\"},\"primaryImageOfPage\":{\"@id\":\"https:\/\/soledaddurazo.com\/blog\/2023\/03\/21\/las-palabras-mas-largas-del-espanol-y-otras-curiosidades\/#primaryimage\"},\"datePublished\":\"2023-03-21T08:50:14+00:00\",\"dateModified\":\"2023-03-21T08:50:14+00:00\",\"breadcrumb\":{\"@id\":\"https:\/\/soledaddurazo.com\/blog\/2023\/03\/21\/las-palabras-mas-largas-del-espanol-y-otras-curiosidades\/#breadcrumb\"},\"inLanguage\":\"es\",\"potentialAction\":[{\"@type\":\"ReadAction\",\"target\":[\"https:\/\/soledaddurazo.com\/blog\/2023\/03\/21\/las-palabras-mas-largas-del-espanol-y-otras-curiosidades\/\"]}]},{\"@type\":\"BreadcrumbList\",\"@id\":\"https:\/\/soledaddurazo.com\/blog\/2023\/03\/21\/las-palabras-mas-largas-del-espanol-y-otras-curiosidades\/#breadcrumb\",\"itemListElement\":[{\"@type\":\"ListItem\",\"position\":1,\"name\":\"Home\",\"item\":\"https:\/\/soledaddurazo.com\/\"},{\"@type\":\"ListItem\",\"position\":2,\"name\":\"Las palabras m\\u00e1s largas del Espa\\u00f1ol y otras curiosidades\"}]},{\"@type\":\"Article\",\"@id\":\"https:\/\/soledaddurazo.com\/blog\/2023\/03\/21\/las-palabras-mas-largas-del-espanol-y-otras-curiosidades\/#article\",\"isPartOf\":{\"@id\":\"https:\/\/soledaddurazo.com\/blog\/2023\/03\/21\/las-palabras-mas-largas-del-espanol-y-otras-curiosidades\/#webpage\"},\"author\":{\"@id\":\"https:\/\/soledaddurazo.com\/#\/schema\/person\/822d8e13aa288585e6546f179853758b\"},\"headline\":\"Las palabras m\\u00e1s largas del Espa\\u00f1ol y otras curiosidades\",\"datePublished\":\"2023-03-21T08:50:14+00:00\",\"dateModified\":\"2023-03-21T08:50:14+00:00\",\"mainEntityOfPage\":{\"@id\":\"https:\/\/soledaddurazo.com\/blog\/2023\/03\/21\/las-palabras-mas-largas-del-espanol-y-otras-curiosidades\/#webpage\"},\"wordCount\":832,\"commentCount\":0,\"publisher\":{\"@id\":\"https:\/\/soledaddurazo.com\/#organization\"},\"image\":{\"@id\":\"https:\/\/soledaddurazo.com\/blog\/2023\/03\/21\/las-palabras-mas-largas-del-espanol-y-otras-curiosidades\/#primaryimage\"},\"thumbnailUrl\":\"https:\/\/soledaddurazo.com\/storage\/2023\/03\/R.jpg\",\"articleSection\":[\"principal\"],\"inLanguage\":\"es\",\"potentialAction\":[{\"@type\":\"CommentAction\",\"name\":\"Comment\",\"target\":[\"https:\/\/soledaddurazo.com\/blog\/2023\/03\/21\/las-palabras-mas-largas-del-espanol-y-otras-curiosidades\/#respond\"]}]},{\"@type\":\"Person\",\"@id\":\"https:\/\/soledaddurazo.com\/#\/schema\/person\/822d8e13aa288585e6546f179853758b\",\"name\":\"Redacci\\u00f3n\",\"image\":{\"@type\":\"ImageObject\",\"@id\":\"https:\/\/soledaddurazo.com\/#personlogo\",\"inLanguage\":\"es\",\"url\":\"https:\/\/secure.gravatar.com\/avatar\/c4e193752f756fd61f04deebed3a3a20dc188d37edb53682d313ac57f2725d54?s=96&d=mm&r=g\",\"contentUrl\":\"https:\/\/secure.gravatar.com\/avatar\/c4e193752f756fd61f04deebed3a3a20dc188d37edb53682d313ac57f2725d54?s=96&d=mm&r=g\",\"caption\":\"Redacci\\u00f3n\"},\"sameAs\":[\"https:\/\/soledaddurazo.com\"]}]}<\/script>\n ","yoast_head_json":{"title":"Las palabras m\u00e1s largas del Espa\u00f1ol y otras curiosidades - Periodista SoledadDurazo.com","robots":{"index":"index","follow":"follow","max-snippet":"max-snippet:-1","max-image-preview":"max-image-preview:large","max-video-preview":"max-video-preview:-1"},"canonical":"https:\/\/soledaddurazo.com\/blog\/2023\/03\/21\/las-palabras-mas-largas-del-espanol-y-otras-curiosidades\/","og_locale":"es_MX","og_type":"article","og_title":"Las palabras m\u00e1s largas del Espa\u00f1ol y otras curiosidades","og_description":"Aqu\u00ed siempre estamos: que si el ingl\u00e9s esto, que si el franc\u00e9s aquello, ahora que si un poco de alem\u00e1n\u2026 Pero tenemos a nuestro idioma muy olvidado y eso, pues no puede ser la verdad. Por eso hoy hemos decidido\u00a0hablar un poquito m\u00e1s de nuestra lengua y contaros curiosidades\u00a0del espa\u00f1ol,\u00a0porque nunca est\u00e1 de m\u00e1s; que [&hellip;]","og_url":"https:\/\/soledaddurazo.com\/blog\/2023\/03\/21\/las-palabras-mas-largas-del-espanol-y-otras-curiosidades\/","og_site_name":"Periodista SoledadDurazo.com","article_publisher":"https:\/\/www.facebook.com\/soledad.durazo.9\/","article_published_time":"2023-03-21T08:50:14+00:00","og_image":[{"width":750,"height":387,"url":"https:\/\/soledaddurazo.com\/storage\/2023\/03\/R.jpg","type":"image\/jpeg"}],"twitter_card":"summary_large_image","twitter_creator":"@SoledadDurazo","twitter_site":"@SoledadDurazo","twitter_misc":{"Escrito por":"Redacci\u00f3n","Tiempo de lectura":"4 minutos"},"schema":{"@context":"https:\/\/schema.org","@graph":[{"@type":"Organization","@id":"https:\/\/soledaddurazo.com\/#organization","name":"Soledad Durazo","url":"https:\/\/soledaddurazo.com\/","sameAs":["https:\/\/www.facebook.com\/soledad.durazo.9\/","https:\/\/www.instagram.com\/soledaddurazo","https:\/\/www.youtube.com\/channel\/UC9yGPw8-Vbl_B2XNkRwPS-w","https:\/\/twitter.com\/SoledadDurazo"],"logo":{"@type":"ImageObject","@id":"https:\/\/soledaddurazo.com\/#logo","inLanguage":"es","url":"https:\/\/soledaddurazo.com\/storage\/2021\/11\/nllp-720x375-1-2.png","contentUrl":"https:\/\/soledaddurazo.com\/storage\/2021\/11\/nllp-720x375-1-2.png","width":720,"height":375,"caption":"Soledad Durazo"},"image":{"@id":"https:\/\/soledaddurazo.com\/#logo"}},{"@type":"WebSite","@id":"https:\/\/soledaddurazo.com\/#website","url":"https:\/\/soledaddurazo.com\/","name":"Periodista SoledadDurazo.com","description":"Periodista sonorense. Directora de www.SoledadDurazo.com Columnista, conductora de radio y Tv. Catedr\u00e1tica en la UNISON","publisher":{"@id":"https:\/\/soledaddurazo.com\/#organization"},"potentialAction":[{"@type":"SearchAction","target":{"@type":"EntryPoint","urlTemplate":"https:\/\/soledaddurazo.com\/?s={search_term_string}"},"query-input":"required name=search_term_string"}],"inLanguage":"es"},{"@type":"ImageObject","@id":"https:\/\/soledaddurazo.com\/blog\/2023\/03\/21\/las-palabras-mas-largas-del-espanol-y-otras-curiosidades\/#primaryimage","inLanguage":"es","url":"https:\/\/soledaddurazo.com\/storage\/2023\/03\/R.jpg","contentUrl":"https:\/\/soledaddurazo.com\/storage\/2023\/03\/R.jpg","width":750,"height":387},{"@type":"WebPage","@id":"https:\/\/soledaddurazo.com\/blog\/2023\/03\/21\/las-palabras-mas-largas-del-espanol-y-otras-curiosidades\/#webpage","url":"https:\/\/soledaddurazo.com\/blog\/2023\/03\/21\/las-palabras-mas-largas-del-espanol-y-otras-curiosidades\/","name":"Las palabras m\u00e1s largas del Espa\u00f1ol y otras curiosidades - Periodista SoledadDurazo.com","isPartOf":{"@id":"https:\/\/soledaddurazo.com\/#website"},"primaryImageOfPage":{"@id":"https:\/\/soledaddurazo.com\/blog\/2023\/03\/21\/las-palabras-mas-largas-del-espanol-y-otras-curiosidades\/#primaryimage"},"datePublished":"2023-03-21T08:50:14+00:00","dateModified":"2023-03-21T08:50:14+00:00","breadcrumb":{"@id":"https:\/\/soledaddurazo.com\/blog\/2023\/03\/21\/las-palabras-mas-largas-del-espanol-y-otras-curiosidades\/#breadcrumb"},"inLanguage":"es","potentialAction":[{"@type":"ReadAction","target":["https:\/\/soledaddurazo.com\/blog\/2023\/03\/21\/las-palabras-mas-largas-del-espanol-y-otras-curiosidades\/"]}]},{"@type":"BreadcrumbList","@id":"https:\/\/soledaddurazo.com\/blog\/2023\/03\/21\/las-palabras-mas-largas-del-espanol-y-otras-curiosidades\/#breadcrumb","itemListElement":[{"@type":"ListItem","position":1,"name":"Home","item":"https:\/\/soledaddurazo.com\/"},{"@type":"ListItem","position":2,"name":"Las palabras m\u00e1s largas del Espa\u00f1ol y otras curiosidades"}]},{"@type":"Article","@id":"https:\/\/soledaddurazo.com\/blog\/2023\/03\/21\/las-palabras-mas-largas-del-espanol-y-otras-curiosidades\/#article","isPartOf":{"@id":"https:\/\/soledaddurazo.com\/blog\/2023\/03\/21\/las-palabras-mas-largas-del-espanol-y-otras-curiosidades\/#webpage"},"author":{"@id":"https:\/\/soledaddurazo.com\/#\/schema\/person\/822d8e13aa288585e6546f179853758b"},"headline":"Las palabras m\u00e1s largas del Espa\u00f1ol y otras curiosidades","datePublished":"2023-03-21T08:50:14+00:00","dateModified":"2023-03-21T08:50:14+00:00","mainEntityOfPage":{"@id":"https:\/\/soledaddurazo.com\/blog\/2023\/03\/21\/las-palabras-mas-largas-del-espanol-y-otras-curiosidades\/#webpage"},"wordCount":832,"commentCount":0,"publisher":{"@id":"https:\/\/soledaddurazo.com\/#organization"},"image":{"@id":"https:\/\/soledaddurazo.com\/blog\/2023\/03\/21\/las-palabras-mas-largas-del-espanol-y-otras-curiosidades\/#primaryimage"},"thumbnailUrl":"https:\/\/soledaddurazo.com\/storage\/2023\/03\/R.jpg","articleSection":["principal"],"inLanguage":"es","potentialAction":[{"@type":"CommentAction","name":"Comment","target":["https:\/\/soledaddurazo.com\/blog\/2023\/03\/21\/las-palabras-mas-largas-del-espanol-y-otras-curiosidades\/#respond"]}]},{"@type":"Person","@id":"https:\/\/soledaddurazo.com\/#\/schema\/person\/822d8e13aa288585e6546f179853758b","name":"Redacci\u00f3n","image":{"@type":"ImageObject","@id":"https:\/\/soledaddurazo.com\/#personlogo","inLanguage":"es","url":"https:\/\/secure.gravatar.com\/avatar\/c4e193752f756fd61f04deebed3a3a20dc188d37edb53682d313ac57f2725d54?s=96&d=mm&r=g","contentUrl":"https:\/\/secure.gravatar.com\/avatar\/c4e193752f756fd61f04deebed3a3a20dc188d37edb53682d313ac57f2725d54?s=96&d=mm&r=g","caption":"Redacci\u00f3n"},"sameAs":["https:\/\/soledaddurazo.com"]}]}},"_links":{"self":[{"href":"https:\/\/soledaddurazo.com\/api\/wp\/v2\/posts\/17127","targetHints":{"allow":["GET"]}}],"collection":[{"href":"https:\/\/soledaddurazo.com\/api\/wp\/v2\/posts"}],"about":[{"href":"https:\/\/soledaddurazo.com\/api\/wp\/v2\/types\/post"}],"author":[{"embeddable":true,"href":"https:\/\/soledaddurazo.com\/api\/wp\/v2\/users\/1"}],"replies":[{"embeddable":true,"href":"https:\/\/soledaddurazo.com\/api\/wp\/v2\/comments?post=17127"}],"version-history":[{"count":1,"href":"https:\/\/soledaddurazo.com\/api\/wp\/v2\/posts\/17127\/revisions"}],"predecessor-version":[{"id":17130,"href":"https:\/\/soledaddurazo.com\/api\/wp\/v2\/posts\/17127\/revisions\/17130"}],"wp:featuredmedia":[{"embeddable":true,"href":"https:\/\/soledaddurazo.com\/api\/wp\/v2\/media\/17128"}],"wp:attachment":[{"href":"https:\/\/soledaddurazo.com\/api\/wp\/v2\/media?parent=17127"}],"wp:term":[{"taxonomy":"category","embeddable":true,"href":"https:\/\/soledaddurazo.com\/api\/wp\/v2\/categories?post=17127"},{"taxonomy":"post_tag","embeddable":true,"href":"https:\/\/soledaddurazo.com\/api\/wp\/v2\/tags?post=17127"}],"curies":[{"name":"wp","href":"https:\/\/api.w.org\/{rel}","templated":true}]}}