{"id":17123,"date":"2023-03-21T01:28:52","date_gmt":"2023-03-21T08:28:52","guid":{"rendered":"https:\/\/soledaddurazo.com\/?p=17123"},"modified":"2023-03-21T01:28:52","modified_gmt":"2023-03-21T08:28:52","slug":"evita-la-alergia-de-primavera","status":"publish","type":"post","link":"https:\/\/soledaddurazo.com\/blog\/2023\/03\/21\/evita-la-alergia-de-primavera\/","title":{"rendered":"Evita la Alergia de Primavera"},"content":{"rendered":"<p>Para muchas personas el comienzo de la primavera es algo muy positivo por el clima m\u00e1s c\u00e1lido, los d\u00edas con m\u00e1s horas de luz y el poder disfrutar m\u00e1s fuera de la casa. Sin embargo, hay un grupo grande para el que esta estaci\u00f3n del a\u00f1o es sin\u00f3nimo de sufrimiento por los s\u00edntomas de la\u00a0<a href=\"https:\/\/www.clinicauandes.cl\/medicos-y-especialidades\/diccionario-medico\/detalle-glosario\/rinitis-alergica\">rinitis al\u00e9rgica<\/a>, enfermedad que corresponde a la inflamaci\u00f3n de la mucosa nasal debido a una reacci\u00f3n al\u00e9rgica o de hipersensibilidad a ant\u00edgenos ambientales.<\/p>\n<p>\u00bfPor qu\u00e9 en primavera? Por la polinizaci\u00f3n de \u00e1rboles, pastos y malezas, lo que a muchos les provoca estornudos continuos, congesti\u00f3n nasal y picaz\u00f3n de garganta, ojos, o\u00eddos y paladar, entre otros.<\/p>\n<p>Para que las personas que sufren de rinitis al\u00e9rgica puedan sobrevivir a estos meses, la\u00a0<a href=\"https:\/\/www.clinicauandes.cl\/profesionales\/perfil\/dra.-maria-elisa-pereira\">Dra. Mar\u00eda Elisa Pereira<\/a>, inmun\u00f3loga del\u00a0<a href=\"https:\/\/www.clinicauandes.cl\/centros-y-programas\/programas-medicos\/alergias\">Programa de Alergias<\/a>\u00a0de Cl\u00ednica Universidad de los Andes, explica que lo principal es intentar evitar el contacto con los al\u00e9rgenos y, para esto, es fundamental empezar el tratamiento semanas antes del comienzo de la primavera.<\/p>\n<p>Para esto, hay que identificar, mediante an\u00e1lisis de laboratorio u otro estudio, a qu\u00e9 se est\u00e1 sensibilizado y evitar el contacto directo con esa sustancia. Por ejemplo, quienes reaccionan al pasto, no exponerse a este cuando est\u00e1 reci\u00e9n cortado. Asimismo, si se le tiene alergia o se est\u00e1 sensibilizado a los p\u00f3lenes de ciertos \u00e1rboles, evitar estar cerca de ellos, sobre todo cuando hay viento.<\/p>\n<h2>\u00bfQu\u00e9 puedo hacer para evitar las alergias?<\/h2>\n<p><img loading=\"lazy\" decoding=\"async\" class=\"aligncenter  wp-image-17125\" src=\"https:\/\/soledaddurazo.com\/storage\/2023\/03\/Sintomas-y-tratamiento-alergia-primaveral.jpg\" alt=\"\" width=\"598\" height=\"399\" srcset=\"https:\/\/soledaddurazo.com\/storage\/2023\/03\/Sintomas-y-tratamiento-alergia-primaveral.jpg 1000w, https:\/\/soledaddurazo.com\/storage\/2023\/03\/Sintomas-y-tratamiento-alergia-primaveral-300x200.jpg 300w, https:\/\/soledaddurazo.com\/storage\/2023\/03\/Sintomas-y-tratamiento-alergia-primaveral-768x512.jpg 768w, https:\/\/soledaddurazo.com\/storage\/2023\/03\/Sintomas-y-tratamiento-alergia-primaveral-600x400.jpg 600w, https:\/\/soledaddurazo.com\/storage\/2023\/03\/Sintomas-y-tratamiento-alergia-primaveral-750x500.jpg 750w\" sizes=\"auto, (max-width: 598px) 100vw, 598px\" \/><\/p>\n<p>Pero, adem\u00e1s, hay algunos h\u00e1bitos que se pueden adoptar en el d\u00eda a d\u00eda, como:<\/p>\n<ul>\n<li>Ventilar las casas a primera hora de la ma\u00f1ana, cuando hay menos al\u00e9rgenos circulando, y que sea por un periodo corto.<\/li>\n<li>Utilizar el aire acondicionado en el auto en lugar de andar con las ventanas abiertas.<\/li>\n<li>No secar la ropa al aire libre en d\u00edas de mayor polinizaci\u00f3n, ya que el polen se introduce en las fibras de la ropa h\u00fameda. O sacudirla fuerte antes de guardarla.<\/li>\n<li>Utilizar anteojos de sol al estar al aire libre, los que funcionan como una barrera f\u00edsica y, as\u00ed, se evita sufrir conjuntivitis al\u00e9rgica.<\/li>\n<li>No exponerse a part\u00edculas irritantes, como el humo del tabaco, el que puede desencadenar una reacci\u00f3n al\u00e9rgica.<\/li>\n<\/ul>\n<p>Adem\u00e1s de la indicaci\u00f3n de evitar el contacto con los al\u00e9rgenos, el tratamiento m\u00e9dico para las personas con rinitis al\u00e9rgica consiste el uso de medicamentos para controlar los s\u00edntomas, como antihistam\u00ednicos o corticoides inhalados. Tambi\u00e9n es posible aplicar la\u00a0<a href=\"https:\/\/www.clinicauandes.cl\/noticia\/inmunoterapia-una-solucion-efectiva-para-combatir-las-alergias-respiratorias\">inmunoterapia alergeno espec\u00edfica<\/a>, terapia en que se administra v\u00eda subcut\u00e1nea o lingual un componente alerg\u00e9nico por tres a cinco a\u00f1os, logrando la disminuci\u00f3n de s\u00edntomas a largo plazo.<\/p>\n<p>Si se tiene s\u00edntomas de alergia, es recomendable consultar a un inmun\u00f3logo lo antes posible para comenzar el tratamiento.<\/p>\n<p>Fuente: clinicauandes.cl<\/p>\n","protected":false},"excerpt":{"rendered":"<p>Para muchas personas el comienzo de la primavera es algo muy positivo por el clima m\u00e1s c\u00e1lido, los d\u00edas con m\u00e1s horas de luz y el poder disfrutar m\u00e1s fuera de la casa. Sin embargo, hay un grupo grande para el que esta estaci\u00f3n del a\u00f1o es sin\u00f3nimo de sufrimiento por los s\u00edntomas de la\u00a0rinitis [&hellip;]<\/p>\n","protected":false},"author":1,"featured_media":17124,"comment_status":"open","ping_status":"open","sticky":false,"template":"","format":"standard","meta":{"footnotes":""},"categories":[153],"tags":[],"class_list":["post"],"yoast_head":" \n<title>Evita la Alergia de Primavera - Periodista SoledadDurazo.com<\/title>\n<meta name=\"robots\" content=\"index, follow, max-snippet:-1, max-image-preview:large, max-video-preview:-1\" \/>\n<link rel=\"canonical\" href=\"https:\/\/soledaddurazo.com\/blog\/2023\/03\/21\/evita-la-alergia-de-primavera\/\" \/>\n<meta property=\"og:locale\" content=\"es_MX\" \/>\n<meta property=\"og:type\" content=\"article\" \/>\n<meta property=\"og:title\" content=\"Evita la Alergia de Primavera\" \/>\n<meta property=\"og:description\" content=\"Para muchas personas el comienzo de la primavera es algo muy positivo por el clima m\u00e1s c\u00e1lido, los d\u00edas con m\u00e1s horas de luz y el poder disfrutar m\u00e1s fuera de la casa. Sin embargo, hay un grupo grande para el que esta estaci\u00f3n del a\u00f1o es sin\u00f3nimo de sufrimiento por los s\u00edntomas de la\u00a0rinitis [&hellip;]\" \/>\n<meta property=\"og:url\" content=\"https:\/\/soledaddurazo.com\/blog\/2023\/03\/21\/evita-la-alergia-de-primavera\/\" \/>\n<meta property=\"og:site_name\" content=\"Periodista SoledadDurazo.com\" \/>\n<meta property=\"article:publisher\" content=\"https:\/\/www.facebook.com\/soledad.durazo.9\/\" \/>\n<meta property=\"article:published_time\" content=\"2023-03-21T08:28:52+00:00\" \/>\n<meta property=\"og:image\" content=\"https:\/\/soledaddurazo.com\/storage\/2023\/03\/nota-alergia-1-web-1.jpg\" \/>\n\t<meta property=\"og:image:width\" content=\"872\" \/>\n\t<meta property=\"og:image:height\" content=\"654\" \/>\n<meta name=\"twitter:card\" content=\"summary_large_image\" \/>\n<meta name=\"twitter:creator\" content=\"@SoledadDurazo\" \/>\n<meta name=\"twitter:site\" content=\"@SoledadDurazo\" \/>\n<meta name=\"twitter:label1\" content=\"Escrito por\" \/>\n\t<meta name=\"twitter:data1\" content=\"Redacci\u00f3n\" \/>\n\t<meta name=\"twitter:label2\" content=\"Tiempo de lectura\" \/>\n\t<meta name=\"twitter:data2\" content=\"3 minutos\" \/>\n<script type=\"application\/ld+json\" class=\"yoast-schema-graph\">{\"@context\":\"https:\/\/schema.org\",\"@graph\":[{\"@type\":\"Organization\",\"@id\":\"https:\/\/soledaddurazo.com\/#organization\",\"name\":\"Soledad Durazo\",\"url\":\"https:\/\/soledaddurazo.com\/\",\"sameAs\":[\"https:\/\/www.facebook.com\/soledad.durazo.9\/\",\"https:\/\/www.instagram.com\/soledaddurazo\",\"https:\/\/www.youtube.com\/channel\/UC9yGPw8-Vbl_B2XNkRwPS-w\",\"https:\/\/twitter.com\/SoledadDurazo\"],\"logo\":{\"@type\":\"ImageObject\",\"@id\":\"https:\/\/soledaddurazo.com\/#logo\",\"inLanguage\":\"es\",\"url\":\"https:\/\/soledaddurazo.com\/storage\/2021\/11\/nllp-720x375-1-2.png\",\"contentUrl\":\"https:\/\/soledaddurazo.com\/storage\/2021\/11\/nllp-720x375-1-2.png\",\"width\":720,\"height\":375,\"caption\":\"Soledad Durazo\"},\"image\":{\"@id\":\"https:\/\/soledaddurazo.com\/#logo\"}},{\"@type\":\"WebSite\",\"@id\":\"https:\/\/soledaddurazo.com\/#website\",\"url\":\"https:\/\/soledaddurazo.com\/\",\"name\":\"Periodista SoledadDurazo.com\",\"description\":\"Periodista sonorense. Directora de www.SoledadDurazo.com Columnista, conductora de radio y Tv. Catedr\\u00e1tica en la UNISON\",\"publisher\":{\"@id\":\"https:\/\/soledaddurazo.com\/#organization\"},\"potentialAction\":[{\"@type\":\"SearchAction\",\"target\":{\"@type\":\"EntryPoint\",\"urlTemplate\":\"https:\/\/soledaddurazo.com\/?s={search_term_string}\"},\"query-input\":\"required name=search_term_string\"}],\"inLanguage\":\"es\"},{\"@type\":\"ImageObject\",\"@id\":\"https:\/\/soledaddurazo.com\/blog\/2023\/03\/21\/evita-la-alergia-de-primavera\/#primaryimage\",\"inLanguage\":\"es\",\"url\":\"https:\/\/soledaddurazo.com\/storage\/2023\/03\/nota-alergia-1-web-1.jpg\",\"contentUrl\":\"https:\/\/soledaddurazo.com\/storage\/2023\/03\/nota-alergia-1-web-1.jpg\",\"width\":872,\"height\":654},{\"@type\":\"WebPage\",\"@id\":\"https:\/\/soledaddurazo.com\/blog\/2023\/03\/21\/evita-la-alergia-de-primavera\/#webpage\",\"url\":\"https:\/\/soledaddurazo.com\/blog\/2023\/03\/21\/evita-la-alergia-de-primavera\/\",\"name\":\"Evita la Alergia de Primavera - Periodista SoledadDurazo.com\",\"isPartOf\":{\"@id\":\"https:\/\/soledaddurazo.com\/#website\"},\"primaryImageOfPage\":{\"@id\":\"https:\/\/soledaddurazo.com\/blog\/2023\/03\/21\/evita-la-alergia-de-primavera\/#primaryimage\"},\"datePublished\":\"2023-03-21T08:28:52+00:00\",\"dateModified\":\"2023-03-21T08:28:52+00:00\",\"breadcrumb\":{\"@id\":\"https:\/\/soledaddurazo.com\/blog\/2023\/03\/21\/evita-la-alergia-de-primavera\/#breadcrumb\"},\"inLanguage\":\"es\",\"potentialAction\":[{\"@type\":\"ReadAction\",\"target\":[\"https:\/\/soledaddurazo.com\/blog\/2023\/03\/21\/evita-la-alergia-de-primavera\/\"]}]},{\"@type\":\"BreadcrumbList\",\"@id\":\"https:\/\/soledaddurazo.com\/blog\/2023\/03\/21\/evita-la-alergia-de-primavera\/#breadcrumb\",\"itemListElement\":[{\"@type\":\"ListItem\",\"position\":1,\"name\":\"Home\",\"item\":\"https:\/\/soledaddurazo.com\/\"},{\"@type\":\"ListItem\",\"position\":2,\"name\":\"Evita la Alergia de Primavera\"}]},{\"@type\":\"Article\",\"@id\":\"https:\/\/soledaddurazo.com\/blog\/2023\/03\/21\/evita-la-alergia-de-primavera\/#article\",\"isPartOf\":{\"@id\":\"https:\/\/soledaddurazo.com\/blog\/2023\/03\/21\/evita-la-alergia-de-primavera\/#webpage\"},\"author\":{\"@id\":\"https:\/\/soledaddurazo.com\/#\/schema\/person\/822d8e13aa288585e6546f179853758b\"},\"headline\":\"Evita la Alergia de Primavera\",\"datePublished\":\"2023-03-21T08:28:52+00:00\",\"dateModified\":\"2023-03-21T08:28:52+00:00\",\"mainEntityOfPage\":{\"@id\":\"https:\/\/soledaddurazo.com\/blog\/2023\/03\/21\/evita-la-alergia-de-primavera\/#webpage\"},\"wordCount\":512,\"commentCount\":0,\"publisher\":{\"@id\":\"https:\/\/soledaddurazo.com\/#organization\"},\"image\":{\"@id\":\"https:\/\/soledaddurazo.com\/blog\/2023\/03\/21\/evita-la-alergia-de-primavera\/#primaryimage\"},\"thumbnailUrl\":\"https:\/\/soledaddurazo.com\/storage\/2023\/03\/nota-alergia-1-web-1.jpg\",\"articleSection\":[\"principal\"],\"inLanguage\":\"es\",\"potentialAction\":[{\"@type\":\"CommentAction\",\"name\":\"Comment\",\"target\":[\"https:\/\/soledaddurazo.com\/blog\/2023\/03\/21\/evita-la-alergia-de-primavera\/#respond\"]}]},{\"@type\":\"Person\",\"@id\":\"https:\/\/soledaddurazo.com\/#\/schema\/person\/822d8e13aa288585e6546f179853758b\",\"name\":\"Redacci\\u00f3n\",\"image\":{\"@type\":\"ImageObject\",\"@id\":\"https:\/\/soledaddurazo.com\/#personlogo\",\"inLanguage\":\"es\",\"url\":\"https:\/\/secure.gravatar.com\/avatar\/c4e193752f756fd61f04deebed3a3a20dc188d37edb53682d313ac57f2725d54?s=96&d=mm&r=g\",\"contentUrl\":\"https:\/\/secure.gravatar.com\/avatar\/c4e193752f756fd61f04deebed3a3a20dc188d37edb53682d313ac57f2725d54?s=96&d=mm&r=g\",\"caption\":\"Redacci\\u00f3n\"},\"sameAs\":[\"https:\/\/soledaddurazo.com\"]}]}<\/script>\n ","yoast_head_json":{"title":"Evita la Alergia de Primavera - Periodista SoledadDurazo.com","robots":{"index":"index","follow":"follow","max-snippet":"max-snippet:-1","max-image-preview":"max-image-preview:large","max-video-preview":"max-video-preview:-1"},"canonical":"https:\/\/soledaddurazo.com\/blog\/2023\/03\/21\/evita-la-alergia-de-primavera\/","og_locale":"es_MX","og_type":"article","og_title":"Evita la Alergia de Primavera","og_description":"Para muchas personas el comienzo de la primavera es algo muy positivo por el clima m\u00e1s c\u00e1lido, los d\u00edas con m\u00e1s horas de luz y el poder disfrutar m\u00e1s fuera de la casa. Sin embargo, hay un grupo grande para el que esta estaci\u00f3n del a\u00f1o es sin\u00f3nimo de sufrimiento por los s\u00edntomas de la\u00a0rinitis [&hellip;]","og_url":"https:\/\/soledaddurazo.com\/blog\/2023\/03\/21\/evita-la-alergia-de-primavera\/","og_site_name":"Periodista SoledadDurazo.com","article_publisher":"https:\/\/www.facebook.com\/soledad.durazo.9\/","article_published_time":"2023-03-21T08:28:52+00:00","og_image":[{"width":872,"height":654,"url":"https:\/\/soledaddurazo.com\/storage\/2023\/03\/nota-alergia-1-web-1.jpg","type":"image\/jpeg"}],"twitter_card":"summary_large_image","twitter_creator":"@SoledadDurazo","twitter_site":"@SoledadDurazo","twitter_misc":{"Escrito por":"Redacci\u00f3n","Tiempo de lectura":"3 minutos"},"schema":{"@context":"https:\/\/schema.org","@graph":[{"@type":"Organization","@id":"https:\/\/soledaddurazo.com\/#organization","name":"Soledad Durazo","url":"https:\/\/soledaddurazo.com\/","sameAs":["https:\/\/www.facebook.com\/soledad.durazo.9\/","https:\/\/www.instagram.com\/soledaddurazo","https:\/\/www.youtube.com\/channel\/UC9yGPw8-Vbl_B2XNkRwPS-w","https:\/\/twitter.com\/SoledadDurazo"],"logo":{"@type":"ImageObject","@id":"https:\/\/soledaddurazo.com\/#logo","inLanguage":"es","url":"https:\/\/soledaddurazo.com\/storage\/2021\/11\/nllp-720x375-1-2.png","contentUrl":"https:\/\/soledaddurazo.com\/storage\/2021\/11\/nllp-720x375-1-2.png","width":720,"height":375,"caption":"Soledad Durazo"},"image":{"@id":"https:\/\/soledaddurazo.com\/#logo"}},{"@type":"WebSite","@id":"https:\/\/soledaddurazo.com\/#website","url":"https:\/\/soledaddurazo.com\/","name":"Periodista SoledadDurazo.com","description":"Periodista sonorense. Directora de www.SoledadDurazo.com Columnista, conductora de radio y Tv. Catedr\u00e1tica en la UNISON","publisher":{"@id":"https:\/\/soledaddurazo.com\/#organization"},"potentialAction":[{"@type":"SearchAction","target":{"@type":"EntryPoint","urlTemplate":"https:\/\/soledaddurazo.com\/?s={search_term_string}"},"query-input":"required name=search_term_string"}],"inLanguage":"es"},{"@type":"ImageObject","@id":"https:\/\/soledaddurazo.com\/blog\/2023\/03\/21\/evita-la-alergia-de-primavera\/#primaryimage","inLanguage":"es","url":"https:\/\/soledaddurazo.com\/storage\/2023\/03\/nota-alergia-1-web-1.jpg","contentUrl":"https:\/\/soledaddurazo.com\/storage\/2023\/03\/nota-alergia-1-web-1.jpg","width":872,"height":654},{"@type":"WebPage","@id":"https:\/\/soledaddurazo.com\/blog\/2023\/03\/21\/evita-la-alergia-de-primavera\/#webpage","url":"https:\/\/soledaddurazo.com\/blog\/2023\/03\/21\/evita-la-alergia-de-primavera\/","name":"Evita la Alergia de Primavera - Periodista SoledadDurazo.com","isPartOf":{"@id":"https:\/\/soledaddurazo.com\/#website"},"primaryImageOfPage":{"@id":"https:\/\/soledaddurazo.com\/blog\/2023\/03\/21\/evita-la-alergia-de-primavera\/#primaryimage"},"datePublished":"2023-03-21T08:28:52+00:00","dateModified":"2023-03-21T08:28:52+00:00","breadcrumb":{"@id":"https:\/\/soledaddurazo.com\/blog\/2023\/03\/21\/evita-la-alergia-de-primavera\/#breadcrumb"},"inLanguage":"es","potentialAction":[{"@type":"ReadAction","target":["https:\/\/soledaddurazo.com\/blog\/2023\/03\/21\/evita-la-alergia-de-primavera\/"]}]},{"@type":"BreadcrumbList","@id":"https:\/\/soledaddurazo.com\/blog\/2023\/03\/21\/evita-la-alergia-de-primavera\/#breadcrumb","itemListElement":[{"@type":"ListItem","position":1,"name":"Home","item":"https:\/\/soledaddurazo.com\/"},{"@type":"ListItem","position":2,"name":"Evita la Alergia de Primavera"}]},{"@type":"Article","@id":"https:\/\/soledaddurazo.com\/blog\/2023\/03\/21\/evita-la-alergia-de-primavera\/#article","isPartOf":{"@id":"https:\/\/soledaddurazo.com\/blog\/2023\/03\/21\/evita-la-alergia-de-primavera\/#webpage"},"author":{"@id":"https:\/\/soledaddurazo.com\/#\/schema\/person\/822d8e13aa288585e6546f179853758b"},"headline":"Evita la Alergia de Primavera","datePublished":"2023-03-21T08:28:52+00:00","dateModified":"2023-03-21T08:28:52+00:00","mainEntityOfPage":{"@id":"https:\/\/soledaddurazo.com\/blog\/2023\/03\/21\/evita-la-alergia-de-primavera\/#webpage"},"wordCount":512,"commentCount":0,"publisher":{"@id":"https:\/\/soledaddurazo.com\/#organization"},"image":{"@id":"https:\/\/soledaddurazo.com\/blog\/2023\/03\/21\/evita-la-alergia-de-primavera\/#primaryimage"},"thumbnailUrl":"https:\/\/soledaddurazo.com\/storage\/2023\/03\/nota-alergia-1-web-1.jpg","articleSection":["principal"],"inLanguage":"es","potentialAction":[{"@type":"CommentAction","name":"Comment","target":["https:\/\/soledaddurazo.com\/blog\/2023\/03\/21\/evita-la-alergia-de-primavera\/#respond"]}]},{"@type":"Person","@id":"https:\/\/soledaddurazo.com\/#\/schema\/person\/822d8e13aa288585e6546f179853758b","name":"Redacci\u00f3n","image":{"@type":"ImageObject","@id":"https:\/\/soledaddurazo.com\/#personlogo","inLanguage":"es","url":"https:\/\/secure.gravatar.com\/avatar\/c4e193752f756fd61f04deebed3a3a20dc188d37edb53682d313ac57f2725d54?s=96&d=mm&r=g","contentUrl":"https:\/\/secure.gravatar.com\/avatar\/c4e193752f756fd61f04deebed3a3a20dc188d37edb53682d313ac57f2725d54?s=96&d=mm&r=g","caption":"Redacci\u00f3n"},"sameAs":["https:\/\/soledaddurazo.com"]}]}},"_links":{"self":[{"href":"https:\/\/soledaddurazo.com\/api\/wp\/v2\/posts\/17123","targetHints":{"allow":["GET"]}}],"collection":[{"href":"https:\/\/soledaddurazo.com\/api\/wp\/v2\/posts"}],"about":[{"href":"https:\/\/soledaddurazo.com\/api\/wp\/v2\/types\/post"}],"author":[{"embeddable":true,"href":"https:\/\/soledaddurazo.com\/api\/wp\/v2\/users\/1"}],"replies":[{"embeddable":true,"href":"https:\/\/soledaddurazo.com\/api\/wp\/v2\/comments?post=17123"}],"version-history":[{"count":1,"href":"https:\/\/soledaddurazo.com\/api\/wp\/v2\/posts\/17123\/revisions"}],"predecessor-version":[{"id":17126,"href":"https:\/\/soledaddurazo.com\/api\/wp\/v2\/posts\/17123\/revisions\/17126"}],"wp:featuredmedia":[{"embeddable":true,"href":"https:\/\/soledaddurazo.com\/api\/wp\/v2\/media\/17124"}],"wp:attachment":[{"href":"https:\/\/soledaddurazo.com\/api\/wp\/v2\/media?parent=17123"}],"wp:term":[{"taxonomy":"category","embeddable":true,"href":"https:\/\/soledaddurazo.com\/api\/wp\/v2\/categories?post=17123"},{"taxonomy":"post_tag","embeddable":true,"href":"https:\/\/soledaddurazo.com\/api\/wp\/v2\/tags?post=17123"}],"curies":[{"name":"wp","href":"https:\/\/api.w.org\/{rel}","templated":true}]}}