{"id":17120,"date":"2023-03-21T01:19:28","date_gmt":"2023-03-21T08:19:28","guid":{"rendered":"https:\/\/soledaddurazo.com\/?p=17120"},"modified":"2023-03-21T01:19:28","modified_gmt":"2023-03-21T08:19:28","slug":"benito-juarez-datos-que-quiza-no-te-dijeron-en-la-escuela","status":"publish","type":"post","link":"https:\/\/soledaddurazo.com\/blog\/2023\/03\/21\/benito-juarez-datos-que-quiza-no-te-dijeron-en-la-escuela\/","title":{"rendered":"Benito Ju\u00e1rez, datos que quiz\u00e1 no te dijeron en la escuela"},"content":{"rendered":"<div class=\"mainWrap\">\n<div class=\"BlocksPage-mainHead\">\n<div class=\"BlockWrap\">\n<article class=\"first-block\">Se acerca el 21 de marzo y con ello la entrada de la primavera, as\u00ed como la celebraci\u00f3n de un a\u00f1o m\u00e1s del\u00a0<b>natalicio de Benito Ju\u00e1rez<\/b>, uno de los presidentes de M\u00e9xico m\u00e1s recordados en las escuelas, esto por diversas acciones que aportaron a lo que hoy se constituye en una Rep\u00fablica Federal.<\/p>\n<div id=\"browsi_adWrapper_ai_0_ati_1_rc_0\">\n<div id=\"browsi_adContainer_ai_0_ati_1_rc_0\" data-google-query-id=\"CIPOsLfJ7P0CFQvk_QUdqtgMWg\">\n<div id=\"google_ads_iframe_\/72776159\/es.gex.adnpolitico\/bloque-uno_0__container__\">En el pa\u00eds existen calles, avenidas, colonias, escuelas de educaci\u00f3n b\u00e1sica que llevan su nombre y su imagen est\u00e1 en billetes y monedas, pero \u00bfqu\u00e9 hay detr\u00e1s de este hombre que vino desde <b>Oaxaca<\/b>\u00a0a la Ciudad de M\u00e9xico para convertirse en el presidente n\u00famero 26 por un total de cinco periodos entre 1858 y 1872. A continuaci\u00f3n te enlistamos una serie de datos y curiosidades que posiblemente no sab\u00edas de la\u00a0<b>biograf\u00eda<\/b>\u00a0de\u00a0<b>Benito Ju\u00e1rez Garc\u00eda<\/b>.<\/div>\n<\/div>\n<\/div>\n<p>Naci\u00f3 el\u00a0<b>21 de marzo de 1806<\/b>\u00a0en San Pablo Guelatao, Oaxaca. Su\u00a0<b>nombre completo es Benito Pablo Ju\u00e1rez Garc\u00eda<\/b>. Durante un tiempo, se dedic\u00f3 a cosechar grana<\/p>\n<\/article>\n<\/div>\n<\/div>\n<\/div>\n<div class=\"BlocksPage-main\" data-modulewell=\"\">\n<div class=\"blocks\">\n<div class=\"first-block-below\"><\/div>\n<div class=\"GoogleDfpAd-wrap\" data-module=\"\">\n<div id=\"ad-intext-0\">\n<div id=\"browsi_adWrapper_ai_500_ati_1_rc_0\">\n<div id=\"browsi_adContainer_ai_500_ati_1_rc_0\" data-google-query-id=\"CMemw7fJ7P0CFcHh_QUd4x4LRA\">\n<div id=\"google_ads_iframe_\/72776159\/es.gex.adnpolitico\/bloque-uno_1__container__\"><span style=\"color: #1d1f20; font-size: 1.953em;\">\u00bfQui\u00e9n fue Benito Ju\u00e1rez? Datos para conocerlo<\/span><\/div>\n<\/div>\n<\/div>\n<\/div>\n<\/div>\n<div class=\"BlocksArticleBody-items\">\n<div class=\"BlocksArticleBody-items block BlockWrap\">\n<article id=\"block-0\" class=\"BlocksArticleFirstItem\">\n<div class=\"BlocksArticleFirstItem-body\">\n<p>&nbsp;<\/p>\n<p><b>1.-\u00a0<\/b>Fue el primer profesionista que egres\u00f3 del Instituto de Ciencias y Artes, donde\u00a0<b>se gradu\u00f3 de abogado<\/b>\u00a0en 1834.<\/p>\n<p><b>2.-<\/b>\u00a0<b>Estuvo preso en San Juan de \u00dalua<\/b>, en el estado de Veracruz, tras regresar de un destierro en Cuba debido a que Antonio L\u00f3pez de Santa-Anna se convirti\u00f3 en presidente.<\/p>\n<p><b>3.-<\/b>\u00a0En los apuntes biogr\u00e1ficos del tambi\u00e9n llamado \u201cBenem\u00e9rito de Las Am\u00e9ricas\u201d asegur\u00f3 que\u00a0<b>huy\u00f3 de su natal San Pablo Guelatao<\/b>, Oaxaca, debido a la pobreza en la que viv\u00eda.<\/p>\n<div id=\"browsi_adWrapper_ai_1_ati_1_rc_0\">\n<div id=\"browsi_adContainer_ai_1_ati_1_rc_0\" data-google-query-id=\"CLyHjbfJ7P0CFQrh_QUdUb4NHw\">\n<div id=\"google_ads_iframe_\/72776159\/es.gex.adnpolitico\/bloque-dos_0__container__\"><b>4.-<\/b>\u00a0La frase m\u00e1s conocida de Ju\u00e1rez es<b>\u00a0\u201cEntre los individuos, como entre las naciones, el respeto al derecho ajeno es la paz\u201d<\/b>, sin embargo, esta no es propia del expresidente mexicano, sino que fue pronunciada por el fil\u00f3sofo Immanuel Kant en su ensayo: \u201cLa paz perpetua\u201d.<\/div>\n<\/div>\n<\/div>\n<p><b>5.-<\/b>\u00a0El Inegi reportaba hasta el a\u00f1o 2017, un total de\u00a0<b>60,148 calles con el nombre de Benito Ju\u00e1rez<\/b>, as\u00ed como ocho municipios distribuidos en diferentes entidades.<\/p>\n<p>En los estados de Guerrero, Oaxaca, Puebla, Quintana Roo, Sonora, Tlaxcala, Veracruz y Zacatecas existe un municipio con el nombre del pr\u00f3cer mexicano.<\/p>\n<p><b>6.-<\/b>\u00a0Es el presidente de menor estatura a nivel mundial y a lo largo de la historia, pues<b>\u00a0solo media 1.37 cent\u00edmetros.<\/b><\/p>\n<div id=\"browsi_adWrapper_ai_2_ati_1_rc_0\">\n<div id=\"browsi_adContainer_ai_2_ati_1_rc_0\" data-google-query-id=\"CMWsnbfJ7P0CFfTe_QUde1kDFw\">\n<div id=\"google_ads_iframe_\/72776159\/es.gex.adnpolitico\/bloque-tres_0__container__\"><b>7.-<\/b>\u00a0De acuerdo con cronistas y bi\u00f3grafos de la \u00e9poca, quiz\u00e1 su altura fue motivo de complejo, pues Maximiliano de Habsburgo media casi 1.90 cent\u00edmetros. El rumor surgir\u00eda cuando Ju\u00e1rez al observar el cad\u00e1ver de su rival pol\u00edtico (quien fue fusilado en el Cerro de las Campanas), el presidente exclam\u00f3: \u201cEra alto este hombre, pero no ten\u00eda buen cuerpo: ten\u00eda las piernas muy largas y desproporcionadas\u201d.<\/div>\n<\/div>\n<\/div>\n<p><b>8.-<\/b>\u00a0En el a\u00f1o de 1973, el Banco de M\u00e9xico (<b>Banxico<\/b>)\u00a0<b>emiti\u00f3 el primer billete de 50 pesos impreso en el pa\u00eds, con la imagen de Benito Ju\u00e1rez Garc\u00eda<\/b>.<\/p>\n<div class=\"Enhancement\">\n<div class=\"Enhancement-item\" data-enhancementwell=\"\">\n<h3 class=\"module-title\"><b style=\"color: #333333; font-size: 15px;\">9.-<\/b><span style=\"color: #333333; font-size: 15px;\">\u00a0La cotizaci\u00f3n numism\u00e1tica de este billete es de aproximadamente 20 pesos, aunque en algunos sitios de comercio electr\u00f3nico se puede ofertar hasta en 50,000 pesos.<\/span><\/h3>\n<\/div>\n<\/div>\n<\/div>\n<\/article>\n<\/div>\n<div class=\"BlocksArticleBody-items block BlockWrap\">\n<article id=\"block-1\" class=\"BlocksArticleFirstItem\">\n<div class=\"BlocksArticleFirstItem-body\">\n<p><b>10.-\u00a0<\/b>Se comunicaba por medio de cartas con su esposa Margarita Maza. Ambos llevaron un intercambio epistolar importante ya que las medidas anticlericales de su marido llevaron a que debiera vivir este fuera de M\u00e9xico durante largos periodos.<\/p>\n<p><b>11<\/b>.<b>&#8211;<\/b>\u00a0A\u00fan en el destierro y en ocasiones cuando Margarita Maza perdi\u00f3 todo, se las ingeniaba para apoyar incluso econ\u00f3micamente a su esposo desterrado.<\/p>\n<p><b>12.-<\/b>\u00a0El hijo primog\u00e9nito de Benito Ju\u00e1rez se llam\u00f3<b>\u00a0Tereso Ju\u00e1rez Ortiz<\/b>, fruto de una relaci\u00f3n con Mar\u00eda de la Cruz Ortiz, una mujer tehuana de casi 17 a\u00f1os de edad.<\/p>\n<p><b>13.-<\/b>\u00a0Tereso fue el \u00fanico descendiente de Benito Ju\u00e1rez que se dedic\u00f3 a la milicia, siendo el Ministerio de Guerra el \u00faltimo puesto que ejerci\u00f3 y en donde permaneci\u00f3 11 a\u00f1os consecutivos. Despu\u00e9s solicit\u00f3 al presidente Porfirio D\u00edaz su incorporaci\u00f3n. De acuerdo con la columna de Opini\u00f3n: (Los Hijos de Ju\u00e1rez II), \u00c1ngel Gilberto Adame.<\/p>\n<p><b>14.-<\/b>\u00a0La investigadora Esther Acevedo calific\u00f3 a\u00a0<b>Benito Ju\u00e1rez Maza<\/b>, hijo de Benito Ju\u00e1rez con Margarita Maza, como \u201cun j\u00fanior, como los que podemos ver ahora, sin oficio ni beneficio m\u00e1s que usar el nombre del padre, pues no le sali\u00f3 nada en la vida, ni los negocios ni tuvo familia. No fue un buen gobernador de Oaxaca y qued\u00f3 totalmente endeudado. Era un hombre que viv\u00eda de las apariencias\u201d, relat\u00f3 a<i>\u00a0La Jornada<\/i>\u00a0el 22 de marzo de 2012.<\/p>\n<p>Benito Ju\u00e1rez Maza protagoniza \u201cPor ser hijo del Benem\u00e9rito: una historia fragmentada\u201d, libro de la autora que se desprendi\u00f3 de la exposici\u00f3n, cuya curadur\u00eda estuvo a cargo de la autora en el Antiguo Colegio de San Ildefonso para conmemorar el bicentenario de Benito Ju\u00e1rez en 2006.<\/p>\n<p><b>15.- \u00bfMas\u00f3n?\u00a0<\/b>Un diploma evidencia que una logia del Rito de Memfis de Marsella, Francia, lo reconoci\u00f3 como mas\u00f3n del grado 18\u00b0; en 1870, un a\u00f1o antes del que Clemente V\u00e1zquez afirma que fue declarado miembro superior de la masoner\u00eda francesa,\u00a0<span class=\"Enhancement\"><span class=\"\"><a class=\"Link\" href=\"http:\/\/www.scielo.org.mx\/scielo.php?script=sci_arttext&amp;pid=S1870-879X2008000100007#:~:text=En%20relaci%C3%B3n%20con%20la%20afirmaci%C3%B3n,que%20Clemente%20V%C3%A1zquez%20afirma%20que\">detalla una investigaci\u00f3n universitaria<\/a><\/span>\u00a0<\/span>.<\/p>\n<p><b>16.-\u00a0<\/b>Muri\u00f3 el 18 de julio de 1872 a consecuencia de disfunciones card\u00edacas. Tras su fallecimiento el Congreso lo declar\u00f3<b>\u00a0Benem\u00e9rito de la Patria y de las Am\u00e9ricas.<\/b><\/p>\n<p><b>17.-<\/b>\u00a0Durante el homenaje luctuoso organizado tras el deceso, que revisti\u00f3 todo el car\u00e1cter solemne y oficial de un funeral de Estado, \u201ces el primer testimonio que tenemos de la transformaci\u00f3n de un hombre de carne y hueso en una figura m\u00edtica, un s\u00edmbolo que fue utilizado para legitimar gobiernos, proyectos pol\u00edticos o luchas sociales\u201d.<\/p>\n<p>\u201cTras la exhibici\u00f3n del cad\u00e1ver embalsamado en el Sal\u00f3n Embajadores de Palacio Nacional, tuvo lugar un cortejo que se dirigi\u00f3 hasta el Pante\u00f3n de San Fernando, donde fue la ceremonia luctuosa\u201d, detalla Rebeca Villalobos \u00c1lvarez en<i>\u00a0Relatos e Historias en M\u00e9xico<\/i>. Hab\u00eda nacido un referente nacional.<\/p>\n<p>fuente: politica.expansion.mx<\/p>\n<\/div>\n<\/article>\n<\/div>\n<\/div>\n<\/div>\n<\/div>\n","protected":false},"excerpt":{"rendered":"<p>Se acerca el 21 de marzo y con ello la entrada de la primavera, as\u00ed como la celebraci\u00f3n de un a\u00f1o m\u00e1s del\u00a0natalicio de Benito Ju\u00e1rez, uno de los presidentes de M\u00e9xico m\u00e1s recordados en las escuelas, esto por diversas acciones que aportaron a lo que hoy se constituye en una Rep\u00fablica Federal. En el [&hellip;]<\/p>\n","protected":false},"author":1,"featured_media":17121,"comment_status":"open","ping_status":"open","sticky":false,"template":"","format":"standard","meta":{"footnotes":""},"categories":[153],"tags":[],"class_list":["post"],"yoast_head":" \n<title>Benito Ju\u00e1rez, datos que quiz\u00e1 no te dijeron en la escuela - Periodista SoledadDurazo.com<\/title>\n<meta name=\"robots\" content=\"index, follow, max-snippet:-1, max-image-preview:large, max-video-preview:-1\" \/>\n<link rel=\"canonical\" href=\"https:\/\/soledaddurazo.com\/blog\/2023\/03\/21\/benito-juarez-datos-que-quiza-no-te-dijeron-en-la-escuela\/\" \/>\n<meta property=\"og:locale\" content=\"es_MX\" \/>\n<meta property=\"og:type\" content=\"article\" \/>\n<meta property=\"og:title\" content=\"Benito Ju\u00e1rez, datos que quiz\u00e1 no te dijeron en la escuela\" \/>\n<meta property=\"og:description\" content=\"Se acerca el 21 de marzo y con ello la entrada de la primavera, as\u00ed como la celebraci\u00f3n de un a\u00f1o m\u00e1s del\u00a0natalicio de Benito Ju\u00e1rez, uno de los presidentes de M\u00e9xico m\u00e1s recordados en las escuelas, esto por diversas acciones que aportaron a lo que hoy se constituye en una Rep\u00fablica Federal. En el [&hellip;]\" \/>\n<meta property=\"og:url\" content=\"https:\/\/soledaddurazo.com\/blog\/2023\/03\/21\/benito-juarez-datos-que-quiza-no-te-dijeron-en-la-escuela\/\" \/>\n<meta property=\"og:site_name\" content=\"Periodista SoledadDurazo.com\" \/>\n<meta property=\"article:publisher\" content=\"https:\/\/www.facebook.com\/soledad.durazo.9\/\" \/>\n<meta property=\"article:published_time\" content=\"2023-03-21T08:19:28+00:00\" \/>\n<meta property=\"og:image\" content=\"https:\/\/soledaddurazo.com\/storage\/2023\/03\/probable-maxima-benito-juarez-inspirado.jpg\" \/>\n\t<meta property=\"og:image:width\" content=\"958\" \/>\n\t<meta property=\"og:image:height\" content=\"596\" \/>\n<meta name=\"twitter:card\" content=\"summary_large_image\" \/>\n<meta name=\"twitter:creator\" content=\"@SoledadDurazo\" \/>\n<meta name=\"twitter:site\" content=\"@SoledadDurazo\" \/>\n<meta name=\"twitter:label1\" content=\"Escrito por\" \/>\n\t<meta name=\"twitter:data1\" content=\"Redacci\u00f3n\" \/>\n\t<meta name=\"twitter:label2\" content=\"Tiempo de lectura\" \/>\n\t<meta name=\"twitter:data2\" content=\"5 minutos\" \/>\n<script type=\"application\/ld+json\" class=\"yoast-schema-graph\">{\"@context\":\"https:\/\/schema.org\",\"@graph\":[{\"@type\":\"Organization\",\"@id\":\"https:\/\/soledaddurazo.com\/#organization\",\"name\":\"Soledad Durazo\",\"url\":\"https:\/\/soledaddurazo.com\/\",\"sameAs\":[\"https:\/\/www.facebook.com\/soledad.durazo.9\/\",\"https:\/\/www.instagram.com\/soledaddurazo\",\"https:\/\/www.youtube.com\/channel\/UC9yGPw8-Vbl_B2XNkRwPS-w\",\"https:\/\/twitter.com\/SoledadDurazo\"],\"logo\":{\"@type\":\"ImageObject\",\"@id\":\"https:\/\/soledaddurazo.com\/#logo\",\"inLanguage\":\"es\",\"url\":\"https:\/\/soledaddurazo.com\/storage\/2021\/11\/nllp-720x375-1-2.png\",\"contentUrl\":\"https:\/\/soledaddurazo.com\/storage\/2021\/11\/nllp-720x375-1-2.png\",\"width\":720,\"height\":375,\"caption\":\"Soledad Durazo\"},\"image\":{\"@id\":\"https:\/\/soledaddurazo.com\/#logo\"}},{\"@type\":\"WebSite\",\"@id\":\"https:\/\/soledaddurazo.com\/#website\",\"url\":\"https:\/\/soledaddurazo.com\/\",\"name\":\"Periodista SoledadDurazo.com\",\"description\":\"Periodista sonorense. Directora de www.SoledadDurazo.com Columnista, conductora de radio y Tv. Catedr\\u00e1tica en la UNISON\",\"publisher\":{\"@id\":\"https:\/\/soledaddurazo.com\/#organization\"},\"potentialAction\":[{\"@type\":\"SearchAction\",\"target\":{\"@type\":\"EntryPoint\",\"urlTemplate\":\"https:\/\/soledaddurazo.com\/?s={search_term_string}\"},\"query-input\":\"required name=search_term_string\"}],\"inLanguage\":\"es\"},{\"@type\":\"ImageObject\",\"@id\":\"https:\/\/soledaddurazo.com\/blog\/2023\/03\/21\/benito-juarez-datos-que-quiza-no-te-dijeron-en-la-escuela\/#primaryimage\",\"inLanguage\":\"es\",\"url\":\"https:\/\/soledaddurazo.com\/storage\/2023\/03\/probable-maxima-benito-juarez-inspirado.jpg\",\"contentUrl\":\"https:\/\/soledaddurazo.com\/storage\/2023\/03\/probable-maxima-benito-juarez-inspirado.jpg\",\"width\":958,\"height\":596},{\"@type\":\"WebPage\",\"@id\":\"https:\/\/soledaddurazo.com\/blog\/2023\/03\/21\/benito-juarez-datos-que-quiza-no-te-dijeron-en-la-escuela\/#webpage\",\"url\":\"https:\/\/soledaddurazo.com\/blog\/2023\/03\/21\/benito-juarez-datos-que-quiza-no-te-dijeron-en-la-escuela\/\",\"name\":\"Benito Ju\\u00e1rez, datos que quiz\\u00e1 no te dijeron en la escuela - Periodista SoledadDurazo.com\",\"isPartOf\":{\"@id\":\"https:\/\/soledaddurazo.com\/#website\"},\"primaryImageOfPage\":{\"@id\":\"https:\/\/soledaddurazo.com\/blog\/2023\/03\/21\/benito-juarez-datos-que-quiza-no-te-dijeron-en-la-escuela\/#primaryimage\"},\"datePublished\":\"2023-03-21T08:19:28+00:00\",\"dateModified\":\"2023-03-21T08:19:28+00:00\",\"breadcrumb\":{\"@id\":\"https:\/\/soledaddurazo.com\/blog\/2023\/03\/21\/benito-juarez-datos-que-quiza-no-te-dijeron-en-la-escuela\/#breadcrumb\"},\"inLanguage\":\"es\",\"potentialAction\":[{\"@type\":\"ReadAction\",\"target\":[\"https:\/\/soledaddurazo.com\/blog\/2023\/03\/21\/benito-juarez-datos-que-quiza-no-te-dijeron-en-la-escuela\/\"]}]},{\"@type\":\"BreadcrumbList\",\"@id\":\"https:\/\/soledaddurazo.com\/blog\/2023\/03\/21\/benito-juarez-datos-que-quiza-no-te-dijeron-en-la-escuela\/#breadcrumb\",\"itemListElement\":[{\"@type\":\"ListItem\",\"position\":1,\"name\":\"Home\",\"item\":\"https:\/\/soledaddurazo.com\/\"},{\"@type\":\"ListItem\",\"position\":2,\"name\":\"Benito Ju\\u00e1rez, datos que quiz\\u00e1 no te dijeron en la escuela\"}]},{\"@type\":\"Article\",\"@id\":\"https:\/\/soledaddurazo.com\/blog\/2023\/03\/21\/benito-juarez-datos-que-quiza-no-te-dijeron-en-la-escuela\/#article\",\"isPartOf\":{\"@id\":\"https:\/\/soledaddurazo.com\/blog\/2023\/03\/21\/benito-juarez-datos-que-quiza-no-te-dijeron-en-la-escuela\/#webpage\"},\"author\":{\"@id\":\"https:\/\/soledaddurazo.com\/#\/schema\/person\/822d8e13aa288585e6546f179853758b\"},\"headline\":\"Benito Ju\\u00e1rez, datos que quiz\\u00e1 no te dijeron en la escuela\",\"datePublished\":\"2023-03-21T08:19:28+00:00\",\"dateModified\":\"2023-03-21T08:19:28+00:00\",\"mainEntityOfPage\":{\"@id\":\"https:\/\/soledaddurazo.com\/blog\/2023\/03\/21\/benito-juarez-datos-que-quiza-no-te-dijeron-en-la-escuela\/#webpage\"},\"wordCount\":1025,\"commentCount\":0,\"publisher\":{\"@id\":\"https:\/\/soledaddurazo.com\/#organization\"},\"image\":{\"@id\":\"https:\/\/soledaddurazo.com\/blog\/2023\/03\/21\/benito-juarez-datos-que-quiza-no-te-dijeron-en-la-escuela\/#primaryimage\"},\"thumbnailUrl\":\"https:\/\/soledaddurazo.com\/storage\/2023\/03\/probable-maxima-benito-juarez-inspirado.jpg\",\"articleSection\":[\"principal\"],\"inLanguage\":\"es\",\"potentialAction\":[{\"@type\":\"CommentAction\",\"name\":\"Comment\",\"target\":[\"https:\/\/soledaddurazo.com\/blog\/2023\/03\/21\/benito-juarez-datos-que-quiza-no-te-dijeron-en-la-escuela\/#respond\"]}]},{\"@type\":\"Person\",\"@id\":\"https:\/\/soledaddurazo.com\/#\/schema\/person\/822d8e13aa288585e6546f179853758b\",\"name\":\"Redacci\\u00f3n\",\"image\":{\"@type\":\"ImageObject\",\"@id\":\"https:\/\/soledaddurazo.com\/#personlogo\",\"inLanguage\":\"es\",\"url\":\"https:\/\/secure.gravatar.com\/avatar\/c4e193752f756fd61f04deebed3a3a20dc188d37edb53682d313ac57f2725d54?s=96&d=mm&r=g\",\"contentUrl\":\"https:\/\/secure.gravatar.com\/avatar\/c4e193752f756fd61f04deebed3a3a20dc188d37edb53682d313ac57f2725d54?s=96&d=mm&r=g\",\"caption\":\"Redacci\\u00f3n\"},\"sameAs\":[\"https:\/\/soledaddurazo.com\"]}]}<\/script>\n ","yoast_head_json":{"title":"Benito Ju\u00e1rez, datos que quiz\u00e1 no te dijeron en la escuela - Periodista SoledadDurazo.com","robots":{"index":"index","follow":"follow","max-snippet":"max-snippet:-1","max-image-preview":"max-image-preview:large","max-video-preview":"max-video-preview:-1"},"canonical":"https:\/\/soledaddurazo.com\/blog\/2023\/03\/21\/benito-juarez-datos-que-quiza-no-te-dijeron-en-la-escuela\/","og_locale":"es_MX","og_type":"article","og_title":"Benito Ju\u00e1rez, datos que quiz\u00e1 no te dijeron en la escuela","og_description":"Se acerca el 21 de marzo y con ello la entrada de la primavera, as\u00ed como la celebraci\u00f3n de un a\u00f1o m\u00e1s del\u00a0natalicio de Benito Ju\u00e1rez, uno de los presidentes de M\u00e9xico m\u00e1s recordados en las escuelas, esto por diversas acciones que aportaron a lo que hoy se constituye en una Rep\u00fablica Federal. En el [&hellip;]","og_url":"https:\/\/soledaddurazo.com\/blog\/2023\/03\/21\/benito-juarez-datos-que-quiza-no-te-dijeron-en-la-escuela\/","og_site_name":"Periodista SoledadDurazo.com","article_publisher":"https:\/\/www.facebook.com\/soledad.durazo.9\/","article_published_time":"2023-03-21T08:19:28+00:00","og_image":[{"width":958,"height":596,"url":"https:\/\/soledaddurazo.com\/storage\/2023\/03\/probable-maxima-benito-juarez-inspirado.jpg","type":"image\/jpeg"}],"twitter_card":"summary_large_image","twitter_creator":"@SoledadDurazo","twitter_site":"@SoledadDurazo","twitter_misc":{"Escrito por":"Redacci\u00f3n","Tiempo de lectura":"5 minutos"},"schema":{"@context":"https:\/\/schema.org","@graph":[{"@type":"Organization","@id":"https:\/\/soledaddurazo.com\/#organization","name":"Soledad Durazo","url":"https:\/\/soledaddurazo.com\/","sameAs":["https:\/\/www.facebook.com\/soledad.durazo.9\/","https:\/\/www.instagram.com\/soledaddurazo","https:\/\/www.youtube.com\/channel\/UC9yGPw8-Vbl_B2XNkRwPS-w","https:\/\/twitter.com\/SoledadDurazo"],"logo":{"@type":"ImageObject","@id":"https:\/\/soledaddurazo.com\/#logo","inLanguage":"es","url":"https:\/\/soledaddurazo.com\/storage\/2021\/11\/nllp-720x375-1-2.png","contentUrl":"https:\/\/soledaddurazo.com\/storage\/2021\/11\/nllp-720x375-1-2.png","width":720,"height":375,"caption":"Soledad Durazo"},"image":{"@id":"https:\/\/soledaddurazo.com\/#logo"}},{"@type":"WebSite","@id":"https:\/\/soledaddurazo.com\/#website","url":"https:\/\/soledaddurazo.com\/","name":"Periodista SoledadDurazo.com","description":"Periodista sonorense. Directora de www.SoledadDurazo.com Columnista, conductora de radio y Tv. Catedr\u00e1tica en la UNISON","publisher":{"@id":"https:\/\/soledaddurazo.com\/#organization"},"potentialAction":[{"@type":"SearchAction","target":{"@type":"EntryPoint","urlTemplate":"https:\/\/soledaddurazo.com\/?s={search_term_string}"},"query-input":"required name=search_term_string"}],"inLanguage":"es"},{"@type":"ImageObject","@id":"https:\/\/soledaddurazo.com\/blog\/2023\/03\/21\/benito-juarez-datos-que-quiza-no-te-dijeron-en-la-escuela\/#primaryimage","inLanguage":"es","url":"https:\/\/soledaddurazo.com\/storage\/2023\/03\/probable-maxima-benito-juarez-inspirado.jpg","contentUrl":"https:\/\/soledaddurazo.com\/storage\/2023\/03\/probable-maxima-benito-juarez-inspirado.jpg","width":958,"height":596},{"@type":"WebPage","@id":"https:\/\/soledaddurazo.com\/blog\/2023\/03\/21\/benito-juarez-datos-que-quiza-no-te-dijeron-en-la-escuela\/#webpage","url":"https:\/\/soledaddurazo.com\/blog\/2023\/03\/21\/benito-juarez-datos-que-quiza-no-te-dijeron-en-la-escuela\/","name":"Benito Ju\u00e1rez, datos que quiz\u00e1 no te dijeron en la escuela - Periodista SoledadDurazo.com","isPartOf":{"@id":"https:\/\/soledaddurazo.com\/#website"},"primaryImageOfPage":{"@id":"https:\/\/soledaddurazo.com\/blog\/2023\/03\/21\/benito-juarez-datos-que-quiza-no-te-dijeron-en-la-escuela\/#primaryimage"},"datePublished":"2023-03-21T08:19:28+00:00","dateModified":"2023-03-21T08:19:28+00:00","breadcrumb":{"@id":"https:\/\/soledaddurazo.com\/blog\/2023\/03\/21\/benito-juarez-datos-que-quiza-no-te-dijeron-en-la-escuela\/#breadcrumb"},"inLanguage":"es","potentialAction":[{"@type":"ReadAction","target":["https:\/\/soledaddurazo.com\/blog\/2023\/03\/21\/benito-juarez-datos-que-quiza-no-te-dijeron-en-la-escuela\/"]}]},{"@type":"BreadcrumbList","@id":"https:\/\/soledaddurazo.com\/blog\/2023\/03\/21\/benito-juarez-datos-que-quiza-no-te-dijeron-en-la-escuela\/#breadcrumb","itemListElement":[{"@type":"ListItem","position":1,"name":"Home","item":"https:\/\/soledaddurazo.com\/"},{"@type":"ListItem","position":2,"name":"Benito Ju\u00e1rez, datos que quiz\u00e1 no te dijeron en la escuela"}]},{"@type":"Article","@id":"https:\/\/soledaddurazo.com\/blog\/2023\/03\/21\/benito-juarez-datos-que-quiza-no-te-dijeron-en-la-escuela\/#article","isPartOf":{"@id":"https:\/\/soledaddurazo.com\/blog\/2023\/03\/21\/benito-juarez-datos-que-quiza-no-te-dijeron-en-la-escuela\/#webpage"},"author":{"@id":"https:\/\/soledaddurazo.com\/#\/schema\/person\/822d8e13aa288585e6546f179853758b"},"headline":"Benito Ju\u00e1rez, datos que quiz\u00e1 no te dijeron en la escuela","datePublished":"2023-03-21T08:19:28+00:00","dateModified":"2023-03-21T08:19:28+00:00","mainEntityOfPage":{"@id":"https:\/\/soledaddurazo.com\/blog\/2023\/03\/21\/benito-juarez-datos-que-quiza-no-te-dijeron-en-la-escuela\/#webpage"},"wordCount":1025,"commentCount":0,"publisher":{"@id":"https:\/\/soledaddurazo.com\/#organization"},"image":{"@id":"https:\/\/soledaddurazo.com\/blog\/2023\/03\/21\/benito-juarez-datos-que-quiza-no-te-dijeron-en-la-escuela\/#primaryimage"},"thumbnailUrl":"https:\/\/soledaddurazo.com\/storage\/2023\/03\/probable-maxima-benito-juarez-inspirado.jpg","articleSection":["principal"],"inLanguage":"es","potentialAction":[{"@type":"CommentAction","name":"Comment","target":["https:\/\/soledaddurazo.com\/blog\/2023\/03\/21\/benito-juarez-datos-que-quiza-no-te-dijeron-en-la-escuela\/#respond"]}]},{"@type":"Person","@id":"https:\/\/soledaddurazo.com\/#\/schema\/person\/822d8e13aa288585e6546f179853758b","name":"Redacci\u00f3n","image":{"@type":"ImageObject","@id":"https:\/\/soledaddurazo.com\/#personlogo","inLanguage":"es","url":"https:\/\/secure.gravatar.com\/avatar\/c4e193752f756fd61f04deebed3a3a20dc188d37edb53682d313ac57f2725d54?s=96&d=mm&r=g","contentUrl":"https:\/\/secure.gravatar.com\/avatar\/c4e193752f756fd61f04deebed3a3a20dc188d37edb53682d313ac57f2725d54?s=96&d=mm&r=g","caption":"Redacci\u00f3n"},"sameAs":["https:\/\/soledaddurazo.com"]}]}},"_links":{"self":[{"href":"https:\/\/soledaddurazo.com\/api\/wp\/v2\/posts\/17120","targetHints":{"allow":["GET"]}}],"collection":[{"href":"https:\/\/soledaddurazo.com\/api\/wp\/v2\/posts"}],"about":[{"href":"https:\/\/soledaddurazo.com\/api\/wp\/v2\/types\/post"}],"author":[{"embeddable":true,"href":"https:\/\/soledaddurazo.com\/api\/wp\/v2\/users\/1"}],"replies":[{"embeddable":true,"href":"https:\/\/soledaddurazo.com\/api\/wp\/v2\/comments?post=17120"}],"version-history":[{"count":1,"href":"https:\/\/soledaddurazo.com\/api\/wp\/v2\/posts\/17120\/revisions"}],"predecessor-version":[{"id":17122,"href":"https:\/\/soledaddurazo.com\/api\/wp\/v2\/posts\/17120\/revisions\/17122"}],"wp:featuredmedia":[{"embeddable":true,"href":"https:\/\/soledaddurazo.com\/api\/wp\/v2\/media\/17121"}],"wp:attachment":[{"href":"https:\/\/soledaddurazo.com\/api\/wp\/v2\/media?parent=17120"}],"wp:term":[{"taxonomy":"category","embeddable":true,"href":"https:\/\/soledaddurazo.com\/api\/wp\/v2\/categories?post=17120"},{"taxonomy":"post_tag","embeddable":true,"href":"https:\/\/soledaddurazo.com\/api\/wp\/v2\/tags?post=17120"}],"curies":[{"name":"wp","href":"https:\/\/api.w.org\/{rel}","templated":true}]}}