{"id":16587,"date":"2023-01-24T21:25:27","date_gmt":"2023-01-25T04:25:27","guid":{"rendered":"https:\/\/soledaddurazo.com\/?p=16587"},"modified":"2023-01-24T21:25:27","modified_gmt":"2023-01-25T04:25:27","slug":"por-que-la-inteligencia-emocional-es-clave-en-el-trabajo","status":"publish","type":"post","link":"https:\/\/soledaddurazo.com\/blog\/2023\/01\/24\/por-que-la-inteligencia-emocional-es-clave-en-el-trabajo\/","title":{"rendered":"\u00bfPor qu\u00e9 la inteligencia emocional es clave en el trabajo?"},"content":{"rendered":"<div class=\"paragraph\">Durante los \u00faltimos a\u00f1os, se ha hecho especial hincapie en la importancia de saber gestionar las emociones para ser un buen profesional. Lo cierto es que tener esa cualidad es algo importante m\u00e1s que como trabajador, como persona, porque influye en nuestra capacidad para relacionarnos y para entendernos mejor a nosotros mismos, influye considerablemente en nuestra forma de entender el mundo y de vivir, en resumen.<\/div>\n<div id=\"intext\" class=\"henneoHB_desktop\" data-google-query-id=\"CP2fmfXu4fwCFSf8_QUdS0QD1g\">\n<div id=\"google_ads_iframe_\/34616581,21614288668\/muyinteresante.es\/noticias\/noticia\/intext_0__container__\"><iframe id=\"google_ads_iframe_\/34616581,21614288668\/muyinteresante.es\/noticias\/noticia\/intext_0\" tabindex=\"0\" title=\"3rd party ad content\" role=\"region\" name=\"google_ads_iframe_\/34616581,21614288668\/muyinteresante.es\/noticias\/noticia\/intext_0\" width=\"1\" height=\"1\" frameborder=\"0\" marginwidth=\"0\" marginheight=\"0\" scrolling=\"no\" aria-label=\"Advertisement\" data-load-complete=\"true\" data-google-container-id=\"5\" data-gtm-yt-inspected-8=\"true\" data-gtm-yt-inspected-11=\"true\" data-mce-fragment=\"1\"><\/iframe><\/div>\n<\/div>\n<div class=\"paragraph\">Esa capacidad es lo que responde al nombre de inteligencia emocional, un concepto que vamos a abordar a continuaci\u00f3n. Pero no es lo \u00fanico que vamos a hacer, vamos a abordar esa cuesti\u00f3n que tanto vincula la inteligencia emocional con el trabajo. Porque dicen que este tipo de inteligencia es realmente influyente dentro del \u00e1mbito laboral. \u00bfEs cierto? Por supuesto que s\u00ed, aunque esa respuesta no es suficiente, as\u00ed que vamos a profundizar en ello.<\/div>\n<h2 class=\"subtitle\">\u00bfC\u00f3mo influye la inteligencia emocional en el entorno laboral?<\/h2>\n<div class=\"paragraph\">Para poder entender sus efectos, antes es necesario tener una\u00a0buena explicaci\u00f3n de la inteligencia emocional. En ese enlace pod\u00e9is leer una descripci\u00f3n larga y detallada, pero aqu\u00ed podemos deciros que es la capacidad que tiene una persona de entender, reconocer y saber manejas sus emociones. Aunque su alcance va un poco m\u00e1s all\u00e1 de uno mismo, porque tambi\u00e9n se usa para hablar del reconocimiento, entendimiento e influencia sobre las emociones de terceros. En resumidas cuentas, es la cualidad por la que podemos mirar y, hasta cierto punto, controlar emociones<\/div>\n<div><\/div>\n<div>\n<div class=\"paragraph\">Huelga decir que, dada su naturaleza, la inteligencia emocional juega un papel clave en las relaciones interpersonales. Alguien sin apenas inteligencia emocional puede tener muchos m\u00e1s problemas para sociabilizar que alguien que tenga mucha. En la otra cara de la moneda, alguien con un gran conocimiento de la inteligencia emocional puede abusar de ello. A priori, suena como un poder de pel\u00edcula, pero realmente esalgo m\u00e1s visceral y natural, es lo que nos lleva a entender a otras personas, a empatizar y, sobre todo, a saber gestionar nuestro estado de \u00e1nimo.<\/div>\n<div class=\"paragraph\">Resulta esencial a nivel personal, porque permite a una persona entender y responder a las emociones de otros. De hecho, hay profesionales que aseguran que la inteligencia emocional tiene un papel m\u00e1s importante en el \u00e9xito personal que el coeficiente intelectual. Porque, por mucha formaci\u00f3n y preparaci\u00f3n que haya de por medio, al final las relaciones no dejan de ser algo entre personas, y ah\u00ed los sentimientos y emociones siempre juegan un papel vital.<\/div>\n<div class=\"paragraph\">Con este contexto bien asentado, toca abordar la cuesti\u00f3n central, aunque es f\u00e1cil vaticinar sus efectos conociendo su definici\u00f3n. \u00bfHasta qu\u00e9 punto afecta la inteligencia emocional en el trabajo? \u00bfEs algo capaz de cambiar el ambiente en una empresa, de hacer que una persona rinda m\u00e1s o menos? Vamos a abordar todas esas cuestiones a continuaci\u00f3n aunque, como acabamos de decir, no es dif\u00edcil ver su influencia una vez se entiende el concepto.<\/div>\n<h2 class=\"subtitle\">M\u00e1s complejidad exige m\u00e1s inteligencia emocional<\/h2>\n<div class=\"paragraph\">Estudios\u00a0han demostrado que tareas m\u00e1s complejas dentro del \u00e1mbito laboral exigen tener una mayor inteligencia emocional, teniendo un importante impacto en su rendimiento. Es f\u00e1cil ver un ejemplo de ello: podemos pensar en un jefe de departamento. Adem\u00e1s de tener que gestionar a su equipo, tiene que interactuar con el resto de departamentos, organizar tareas y asegurarse de su correcta ejecuci\u00f3n bajo las directrices de la empresa. Conseguir esto con buenos resultados exige entender tambi\u00e9n el estado de \u00e1nimo no solo del equipo, sino tambi\u00e9n del resto de departamentos.<\/div>\n<div class=\"paragraph\">En otra parte de la balanza tenemos que colocar la inteligencia emocional y el rendimiento en el trabajo. Una persona puede notarse extra\u00f1a un d\u00eda y perder gran parte de la jornada por no rendir como de costumbre. En cambio, alguien con una inteligencia emocional bien desarrollada, puede llegar a captar r\u00e1pidamente la ra\u00edz de su estado de \u00e1nimo, analizar las razones e incluso abordar una soluci\u00f3n o separar el problema para rendir m\u00e1s.<\/div>\n<h2 class=\"subtitle\">Un entorno m\u00e1s sano y satisfecho<\/h2>\n<div class=\"paragraph\">En una empresa hay personas, y la interacci\u00f3n entre ellas tambi\u00e9n afecta a su estado an\u00edmico. Huelga decir que, en un equipo que trabaja bien este tipo de inteligencia, es m\u00e1s f\u00e1cil que las relaciones entre compa\u00f1eros sean m\u00e1s fuertes y haya un ambiente mucho m\u00e1s cooperativo. Las personas se entienden mejor tanto a s\u00ed mismas como entre ellas, saben c\u00f3mo reaccionar a las se\u00f1ales an\u00edmicas que reciben tanto del exterior como de ellas mismas.<\/div>\n<div class=\"paragraph\">Eso afecta a su comunicaci\u00f3n, estrecha lazos y permite que haya un ambiente de trabajo mucho m\u00e1s sano. El personal estar\u00e1 m\u00e1s contento y la sensaci\u00f3n de equipo se ver\u00e1 m\u00e1s reforzada. Cosa que, de una forma u otra, tambi\u00e9n acaba afectando a los resultados de la empresa. Un equipo m\u00e1s unido rinde mucho mejor y genera mejores resultados, sobre todo si se encuentra en un perfecto estado an\u00edmico y entiende perfectamente la naturaleza de sus sentimientos y emociones.<\/div>\n<div><\/div>\n<\/div>\n","protected":false},"excerpt":{"rendered":"<p>Durante los \u00faltimos a\u00f1os, se ha hecho especial hincapie en la importancia de saber gestionar las emociones para ser un buen profesional. Lo cierto es que tener esa cualidad es algo importante m\u00e1s que como trabajador, como persona, porque influye en nuestra capacidad para relacionarnos y para entendernos mejor a nosotros mismos, influye considerablemente en [&hellip;]<\/p>\n","protected":false},"author":1,"featured_media":16588,"comment_status":"open","ping_status":"open","sticky":false,"template":"","format":"standard","meta":{"footnotes":""},"categories":[153],"tags":[],"class_list":["post"],"yoast_head":" \n<title>\u00bfPor qu\u00e9 la inteligencia emocional es clave en el trabajo? - Periodista SoledadDurazo.com<\/title>\n<meta name=\"robots\" content=\"index, follow, max-snippet:-1, max-image-preview:large, max-video-preview:-1\" \/>\n<link rel=\"canonical\" href=\"https:\/\/soledaddurazo.com\/blog\/2023\/01\/24\/por-que-la-inteligencia-emocional-es-clave-en-el-trabajo\/\" \/>\n<meta property=\"og:locale\" content=\"es_MX\" \/>\n<meta property=\"og:type\" content=\"article\" \/>\n<meta property=\"og:title\" content=\"\u00bfPor qu\u00e9 la inteligencia emocional es clave en el trabajo?\" \/>\n<meta property=\"og:description\" content=\"Durante los \u00faltimos a\u00f1os, se ha hecho especial hincapie en la importancia de saber gestionar las emociones para ser un buen profesional. Lo cierto es que tener esa cualidad es algo importante m\u00e1s que como trabajador, como persona, porque influye en nuestra capacidad para relacionarnos y para entendernos mejor a nosotros mismos, influye considerablemente en [&hellip;]\" \/>\n<meta property=\"og:url\" content=\"https:\/\/soledaddurazo.com\/blog\/2023\/01\/24\/por-que-la-inteligencia-emocional-es-clave-en-el-trabajo\/\" \/>\n<meta property=\"og:site_name\" content=\"Periodista SoledadDurazo.com\" \/>\n<meta property=\"article:publisher\" content=\"https:\/\/www.facebook.com\/soledad.durazo.9\/\" \/>\n<meta property=\"article:published_time\" content=\"2023-01-25T04:25:27+00:00\" \/>\n<meta property=\"og:image\" content=\"https:\/\/soledaddurazo.com\/storage\/2023\/01\/mujer-inteligencia-emocional.png\" \/>\n\t<meta property=\"og:image:width\" content=\"1664\" \/>\n\t<meta property=\"og:image:height\" content=\"1080\" \/>\n<meta name=\"twitter:card\" content=\"summary_large_image\" \/>\n<meta name=\"twitter:creator\" content=\"@SoledadDurazo\" \/>\n<meta name=\"twitter:site\" content=\"@SoledadDurazo\" \/>\n<meta name=\"twitter:label1\" content=\"Escrito por\" \/>\n\t<meta name=\"twitter:data1\" content=\"Redacci\u00f3n\" \/>\n\t<meta name=\"twitter:label2\" content=\"Tiempo de lectura\" \/>\n\t<meta name=\"twitter:data2\" content=\"4 minutos\" \/>\n<script type=\"application\/ld+json\" class=\"yoast-schema-graph\">{\"@context\":\"https:\/\/schema.org\",\"@graph\":[{\"@type\":\"Organization\",\"@id\":\"https:\/\/soledaddurazo.com\/#organization\",\"name\":\"Soledad Durazo\",\"url\":\"https:\/\/soledaddurazo.com\/\",\"sameAs\":[\"https:\/\/www.facebook.com\/soledad.durazo.9\/\",\"https:\/\/www.instagram.com\/soledaddurazo\",\"https:\/\/www.youtube.com\/channel\/UC9yGPw8-Vbl_B2XNkRwPS-w\",\"https:\/\/twitter.com\/SoledadDurazo\"],\"logo\":{\"@type\":\"ImageObject\",\"@id\":\"https:\/\/soledaddurazo.com\/#logo\",\"inLanguage\":\"es\",\"url\":\"https:\/\/soledaddurazo.com\/storage\/2021\/11\/nllp-720x375-1-2.png\",\"contentUrl\":\"https:\/\/soledaddurazo.com\/storage\/2021\/11\/nllp-720x375-1-2.png\",\"width\":720,\"height\":375,\"caption\":\"Soledad Durazo\"},\"image\":{\"@id\":\"https:\/\/soledaddurazo.com\/#logo\"}},{\"@type\":\"WebSite\",\"@id\":\"https:\/\/soledaddurazo.com\/#website\",\"url\":\"https:\/\/soledaddurazo.com\/\",\"name\":\"Periodista SoledadDurazo.com\",\"description\":\"Periodista sonorense. Directora de www.SoledadDurazo.com Columnista, conductora de radio y Tv. Catedr\\u00e1tica en la UNISON\",\"publisher\":{\"@id\":\"https:\/\/soledaddurazo.com\/#organization\"},\"potentialAction\":[{\"@type\":\"SearchAction\",\"target\":{\"@type\":\"EntryPoint\",\"urlTemplate\":\"https:\/\/soledaddurazo.com\/?s={search_term_string}\"},\"query-input\":\"required name=search_term_string\"}],\"inLanguage\":\"es\"},{\"@type\":\"ImageObject\",\"@id\":\"https:\/\/soledaddurazo.com\/blog\/2023\/01\/24\/por-que-la-inteligencia-emocional-es-clave-en-el-trabajo\/#primaryimage\",\"inLanguage\":\"es\",\"url\":\"https:\/\/soledaddurazo.com\/storage\/2023\/01\/mujer-inteligencia-emocional.png\",\"contentUrl\":\"https:\/\/soledaddurazo.com\/storage\/2023\/01\/mujer-inteligencia-emocional.png\",\"width\":1664,\"height\":1080},{\"@type\":\"WebPage\",\"@id\":\"https:\/\/soledaddurazo.com\/blog\/2023\/01\/24\/por-que-la-inteligencia-emocional-es-clave-en-el-trabajo\/#webpage\",\"url\":\"https:\/\/soledaddurazo.com\/blog\/2023\/01\/24\/por-que-la-inteligencia-emocional-es-clave-en-el-trabajo\/\",\"name\":\"\\u00bfPor qu\\u00e9 la inteligencia emocional es clave en el trabajo? - Periodista SoledadDurazo.com\",\"isPartOf\":{\"@id\":\"https:\/\/soledaddurazo.com\/#website\"},\"primaryImageOfPage\":{\"@id\":\"https:\/\/soledaddurazo.com\/blog\/2023\/01\/24\/por-que-la-inteligencia-emocional-es-clave-en-el-trabajo\/#primaryimage\"},\"datePublished\":\"2023-01-25T04:25:27+00:00\",\"dateModified\":\"2023-01-25T04:25:27+00:00\",\"breadcrumb\":{\"@id\":\"https:\/\/soledaddurazo.com\/blog\/2023\/01\/24\/por-que-la-inteligencia-emocional-es-clave-en-el-trabajo\/#breadcrumb\"},\"inLanguage\":\"es\",\"potentialAction\":[{\"@type\":\"ReadAction\",\"target\":[\"https:\/\/soledaddurazo.com\/blog\/2023\/01\/24\/por-que-la-inteligencia-emocional-es-clave-en-el-trabajo\/\"]}]},{\"@type\":\"BreadcrumbList\",\"@id\":\"https:\/\/soledaddurazo.com\/blog\/2023\/01\/24\/por-que-la-inteligencia-emocional-es-clave-en-el-trabajo\/#breadcrumb\",\"itemListElement\":[{\"@type\":\"ListItem\",\"position\":1,\"name\":\"Home\",\"item\":\"https:\/\/soledaddurazo.com\/\"},{\"@type\":\"ListItem\",\"position\":2,\"name\":\"\\u00bfPor qu\\u00e9 la inteligencia emocional es clave en el trabajo?\"}]},{\"@type\":\"Article\",\"@id\":\"https:\/\/soledaddurazo.com\/blog\/2023\/01\/24\/por-que-la-inteligencia-emocional-es-clave-en-el-trabajo\/#article\",\"isPartOf\":{\"@id\":\"https:\/\/soledaddurazo.com\/blog\/2023\/01\/24\/por-que-la-inteligencia-emocional-es-clave-en-el-trabajo\/#webpage\"},\"author\":{\"@id\":\"https:\/\/soledaddurazo.com\/#\/schema\/person\/822d8e13aa288585e6546f179853758b\"},\"headline\":\"\\u00bfPor qu\\u00e9 la inteligencia emocional es clave en el trabajo?\",\"datePublished\":\"2023-01-25T04:25:27+00:00\",\"dateModified\":\"2023-01-25T04:25:27+00:00\",\"mainEntityOfPage\":{\"@id\":\"https:\/\/soledaddurazo.com\/blog\/2023\/01\/24\/por-que-la-inteligencia-emocional-es-clave-en-el-trabajo\/#webpage\"},\"wordCount\":874,\"commentCount\":0,\"publisher\":{\"@id\":\"https:\/\/soledaddurazo.com\/#organization\"},\"image\":{\"@id\":\"https:\/\/soledaddurazo.com\/blog\/2023\/01\/24\/por-que-la-inteligencia-emocional-es-clave-en-el-trabajo\/#primaryimage\"},\"thumbnailUrl\":\"https:\/\/soledaddurazo.com\/storage\/2023\/01\/mujer-inteligencia-emocional.png\",\"articleSection\":[\"principal\"],\"inLanguage\":\"es\",\"potentialAction\":[{\"@type\":\"CommentAction\",\"name\":\"Comment\",\"target\":[\"https:\/\/soledaddurazo.com\/blog\/2023\/01\/24\/por-que-la-inteligencia-emocional-es-clave-en-el-trabajo\/#respond\"]}]},{\"@type\":\"Person\",\"@id\":\"https:\/\/soledaddurazo.com\/#\/schema\/person\/822d8e13aa288585e6546f179853758b\",\"name\":\"Redacci\\u00f3n\",\"image\":{\"@type\":\"ImageObject\",\"@id\":\"https:\/\/soledaddurazo.com\/#personlogo\",\"inLanguage\":\"es\",\"url\":\"https:\/\/secure.gravatar.com\/avatar\/c4e193752f756fd61f04deebed3a3a20dc188d37edb53682d313ac57f2725d54?s=96&d=mm&r=g\",\"contentUrl\":\"https:\/\/secure.gravatar.com\/avatar\/c4e193752f756fd61f04deebed3a3a20dc188d37edb53682d313ac57f2725d54?s=96&d=mm&r=g\",\"caption\":\"Redacci\\u00f3n\"},\"sameAs\":[\"https:\/\/soledaddurazo.com\"]}]}<\/script>\n ","yoast_head_json":{"title":"\u00bfPor qu\u00e9 la inteligencia emocional es clave en el trabajo? - Periodista SoledadDurazo.com","robots":{"index":"index","follow":"follow","max-snippet":"max-snippet:-1","max-image-preview":"max-image-preview:large","max-video-preview":"max-video-preview:-1"},"canonical":"https:\/\/soledaddurazo.com\/blog\/2023\/01\/24\/por-que-la-inteligencia-emocional-es-clave-en-el-trabajo\/","og_locale":"es_MX","og_type":"article","og_title":"\u00bfPor qu\u00e9 la inteligencia emocional es clave en el trabajo?","og_description":"Durante los \u00faltimos a\u00f1os, se ha hecho especial hincapie en la importancia de saber gestionar las emociones para ser un buen profesional. Lo cierto es que tener esa cualidad es algo importante m\u00e1s que como trabajador, como persona, porque influye en nuestra capacidad para relacionarnos y para entendernos mejor a nosotros mismos, influye considerablemente en [&hellip;]","og_url":"https:\/\/soledaddurazo.com\/blog\/2023\/01\/24\/por-que-la-inteligencia-emocional-es-clave-en-el-trabajo\/","og_site_name":"Periodista SoledadDurazo.com","article_publisher":"https:\/\/www.facebook.com\/soledad.durazo.9\/","article_published_time":"2023-01-25T04:25:27+00:00","og_image":[{"width":1664,"height":1080,"url":"https:\/\/soledaddurazo.com\/storage\/2023\/01\/mujer-inteligencia-emocional.png","type":"image\/png"}],"twitter_card":"summary_large_image","twitter_creator":"@SoledadDurazo","twitter_site":"@SoledadDurazo","twitter_misc":{"Escrito por":"Redacci\u00f3n","Tiempo de lectura":"4 minutos"},"schema":{"@context":"https:\/\/schema.org","@graph":[{"@type":"Organization","@id":"https:\/\/soledaddurazo.com\/#organization","name":"Soledad Durazo","url":"https:\/\/soledaddurazo.com\/","sameAs":["https:\/\/www.facebook.com\/soledad.durazo.9\/","https:\/\/www.instagram.com\/soledaddurazo","https:\/\/www.youtube.com\/channel\/UC9yGPw8-Vbl_B2XNkRwPS-w","https:\/\/twitter.com\/SoledadDurazo"],"logo":{"@type":"ImageObject","@id":"https:\/\/soledaddurazo.com\/#logo","inLanguage":"es","url":"https:\/\/soledaddurazo.com\/storage\/2021\/11\/nllp-720x375-1-2.png","contentUrl":"https:\/\/soledaddurazo.com\/storage\/2021\/11\/nllp-720x375-1-2.png","width":720,"height":375,"caption":"Soledad Durazo"},"image":{"@id":"https:\/\/soledaddurazo.com\/#logo"}},{"@type":"WebSite","@id":"https:\/\/soledaddurazo.com\/#website","url":"https:\/\/soledaddurazo.com\/","name":"Periodista SoledadDurazo.com","description":"Periodista sonorense. Directora de www.SoledadDurazo.com Columnista, conductora de radio y Tv. Catedr\u00e1tica en la UNISON","publisher":{"@id":"https:\/\/soledaddurazo.com\/#organization"},"potentialAction":[{"@type":"SearchAction","target":{"@type":"EntryPoint","urlTemplate":"https:\/\/soledaddurazo.com\/?s={search_term_string}"},"query-input":"required name=search_term_string"}],"inLanguage":"es"},{"@type":"ImageObject","@id":"https:\/\/soledaddurazo.com\/blog\/2023\/01\/24\/por-que-la-inteligencia-emocional-es-clave-en-el-trabajo\/#primaryimage","inLanguage":"es","url":"https:\/\/soledaddurazo.com\/storage\/2023\/01\/mujer-inteligencia-emocional.png","contentUrl":"https:\/\/soledaddurazo.com\/storage\/2023\/01\/mujer-inteligencia-emocional.png","width":1664,"height":1080},{"@type":"WebPage","@id":"https:\/\/soledaddurazo.com\/blog\/2023\/01\/24\/por-que-la-inteligencia-emocional-es-clave-en-el-trabajo\/#webpage","url":"https:\/\/soledaddurazo.com\/blog\/2023\/01\/24\/por-que-la-inteligencia-emocional-es-clave-en-el-trabajo\/","name":"\u00bfPor qu\u00e9 la inteligencia emocional es clave en el trabajo? - Periodista SoledadDurazo.com","isPartOf":{"@id":"https:\/\/soledaddurazo.com\/#website"},"primaryImageOfPage":{"@id":"https:\/\/soledaddurazo.com\/blog\/2023\/01\/24\/por-que-la-inteligencia-emocional-es-clave-en-el-trabajo\/#primaryimage"},"datePublished":"2023-01-25T04:25:27+00:00","dateModified":"2023-01-25T04:25:27+00:00","breadcrumb":{"@id":"https:\/\/soledaddurazo.com\/blog\/2023\/01\/24\/por-que-la-inteligencia-emocional-es-clave-en-el-trabajo\/#breadcrumb"},"inLanguage":"es","potentialAction":[{"@type":"ReadAction","target":["https:\/\/soledaddurazo.com\/blog\/2023\/01\/24\/por-que-la-inteligencia-emocional-es-clave-en-el-trabajo\/"]}]},{"@type":"BreadcrumbList","@id":"https:\/\/soledaddurazo.com\/blog\/2023\/01\/24\/por-que-la-inteligencia-emocional-es-clave-en-el-trabajo\/#breadcrumb","itemListElement":[{"@type":"ListItem","position":1,"name":"Home","item":"https:\/\/soledaddurazo.com\/"},{"@type":"ListItem","position":2,"name":"\u00bfPor qu\u00e9 la inteligencia emocional es clave en el trabajo?"}]},{"@type":"Article","@id":"https:\/\/soledaddurazo.com\/blog\/2023\/01\/24\/por-que-la-inteligencia-emocional-es-clave-en-el-trabajo\/#article","isPartOf":{"@id":"https:\/\/soledaddurazo.com\/blog\/2023\/01\/24\/por-que-la-inteligencia-emocional-es-clave-en-el-trabajo\/#webpage"},"author":{"@id":"https:\/\/soledaddurazo.com\/#\/schema\/person\/822d8e13aa288585e6546f179853758b"},"headline":"\u00bfPor qu\u00e9 la inteligencia emocional es clave en el trabajo?","datePublished":"2023-01-25T04:25:27+00:00","dateModified":"2023-01-25T04:25:27+00:00","mainEntityOfPage":{"@id":"https:\/\/soledaddurazo.com\/blog\/2023\/01\/24\/por-que-la-inteligencia-emocional-es-clave-en-el-trabajo\/#webpage"},"wordCount":874,"commentCount":0,"publisher":{"@id":"https:\/\/soledaddurazo.com\/#organization"},"image":{"@id":"https:\/\/soledaddurazo.com\/blog\/2023\/01\/24\/por-que-la-inteligencia-emocional-es-clave-en-el-trabajo\/#primaryimage"},"thumbnailUrl":"https:\/\/soledaddurazo.com\/storage\/2023\/01\/mujer-inteligencia-emocional.png","articleSection":["principal"],"inLanguage":"es","potentialAction":[{"@type":"CommentAction","name":"Comment","target":["https:\/\/soledaddurazo.com\/blog\/2023\/01\/24\/por-que-la-inteligencia-emocional-es-clave-en-el-trabajo\/#respond"]}]},{"@type":"Person","@id":"https:\/\/soledaddurazo.com\/#\/schema\/person\/822d8e13aa288585e6546f179853758b","name":"Redacci\u00f3n","image":{"@type":"ImageObject","@id":"https:\/\/soledaddurazo.com\/#personlogo","inLanguage":"es","url":"https:\/\/secure.gravatar.com\/avatar\/c4e193752f756fd61f04deebed3a3a20dc188d37edb53682d313ac57f2725d54?s=96&d=mm&r=g","contentUrl":"https:\/\/secure.gravatar.com\/avatar\/c4e193752f756fd61f04deebed3a3a20dc188d37edb53682d313ac57f2725d54?s=96&d=mm&r=g","caption":"Redacci\u00f3n"},"sameAs":["https:\/\/soledaddurazo.com"]}]}},"_links":{"self":[{"href":"https:\/\/soledaddurazo.com\/api\/wp\/v2\/posts\/16587","targetHints":{"allow":["GET"]}}],"collection":[{"href":"https:\/\/soledaddurazo.com\/api\/wp\/v2\/posts"}],"about":[{"href":"https:\/\/soledaddurazo.com\/api\/wp\/v2\/types\/post"}],"author":[{"embeddable":true,"href":"https:\/\/soledaddurazo.com\/api\/wp\/v2\/users\/1"}],"replies":[{"embeddable":true,"href":"https:\/\/soledaddurazo.com\/api\/wp\/v2\/comments?post=16587"}],"version-history":[{"count":1,"href":"https:\/\/soledaddurazo.com\/api\/wp\/v2\/posts\/16587\/revisions"}],"predecessor-version":[{"id":16589,"href":"https:\/\/soledaddurazo.com\/api\/wp\/v2\/posts\/16587\/revisions\/16589"}],"wp:featuredmedia":[{"embeddable":true,"href":"https:\/\/soledaddurazo.com\/api\/wp\/v2\/media\/16588"}],"wp:attachment":[{"href":"https:\/\/soledaddurazo.com\/api\/wp\/v2\/media?parent=16587"}],"wp:term":[{"taxonomy":"category","embeddable":true,"href":"https:\/\/soledaddurazo.com\/api\/wp\/v2\/categories?post=16587"},{"taxonomy":"post_tag","embeddable":true,"href":"https:\/\/soledaddurazo.com\/api\/wp\/v2\/tags?post=16587"}],"curies":[{"name":"wp","href":"https:\/\/api.w.org\/{rel}","templated":true}]}}