{"id":16552,"date":"2023-01-22T22:40:38","date_gmt":"2023-01-23T05:40:38","guid":{"rendered":"https:\/\/soledaddurazo.com\/?p=16552"},"modified":"2023-01-22T22:40:38","modified_gmt":"2023-01-23T05:40:38","slug":"libertad-mas-que-una-definicion-y-un-dia","status":"publish","type":"post","link":"https:\/\/soledaddurazo.com\/blog\/2023\/01\/22\/libertad-mas-que-una-definicion-y-un-dia\/","title":{"rendered":"&#8220;Libertad&#8221;&#8230; m\u00e1s que una definici\u00f3n y un d\u00eda"},"content":{"rendered":"<h1>D\u00eda Mundial de la Libertad<\/h1>\n<p><strong>El 23 de enero se celebra el D\u00eda Mundial de la Libertad<\/strong>, con la finalidad de enaltecer la importancia de este derecho universal.<\/p>\n<p>La\u00a0<strong>libertad<\/strong>\u00a0es concebida como un derecho humano fundamental de las personas, referido a la facultad de los individuos para elegir su forma de vivir, pensar y actuar en la sociedad de manera responsable, sin coerciones ni obligaciones.<\/p>\n<p>En otras palabras, es la capacidad que tienen las personas de actuar por su propia voluntad, basado en el respeto hacia s\u00ed mismo y a los dem\u00e1s.<\/p>\n<h2>\u00bfPor qu\u00e9 se celebra el D\u00eda Mundial de la Libertad?<\/h2>\n<p>Con la celebraci\u00f3n del\u00a0<strong>D\u00eda Mundial de la Libertad\u00a0<\/strong>se pretende resaltar esta modalidad de pensamiento y de acci\u00f3n, de vital importancia para los individuos y las sociedades de todo el mundo.<\/p>\n<p>En relaci\u00f3n a la fecha escogida para la celebraci\u00f3n de esta efem\u00e9ride, est\u00e1 relacionada con algunos hechos relevantes que acontecieron en nombre de la libertad, venciendo a la esclavitud y la opresi\u00f3n.<\/p>\n<p>Al respecto, el 23 de enero de 1954 unos 22.000 prisioneros de guerra chinos (soldados de los ej\u00e9rcitos comunistas chinos y coreano), apresados en\u00a0<strong>Taiw\u00e1n<\/strong>, no quisieron ser repatriados a su pa\u00eds. Ganaron su libertad, gracias al trabajo en conjunto en la zona de guerra de Corea.<\/p>\n<p>Por otra parte, en\u00a0<strong>Venezuela\u00a0<\/strong>se suscit\u00f3 un hecho hist\u00f3rico el 23 de enero de 1958, cuando se conform\u00f3 una uni\u00f3n c\u00edvico-militar con la participaci\u00f3n del pueblo venezolano, para derrocar la dictadura militar del General Marcos P\u00e9rez Jim\u00e9nez, que reg\u00eda en el pa\u00eds.<\/p>\n<p>Comparte informaci\u00f3n \u00fatil e interesante sobre el\u00a0<strong>D\u00eda Mundial de la Libertad<\/strong>, en las redes sociales. Utiliza el hashtag\u00a0<strong><em>#WorldFreedomDay<\/em><\/strong><\/p>\n","protected":false},"excerpt":{"rendered":"<p>D\u00eda Mundial de la Libertad El 23 de enero se celebra el D\u00eda Mundial de la Libertad, con la finalidad de enaltecer la importancia de este derecho universal. La\u00a0libertad\u00a0es concebida como un derecho humano fundamental de las personas, referido a la facultad de los individuos para elegir su forma de vivir, pensar y actuar en [&hellip;]<\/p>\n","protected":false},"author":1,"featured_media":16553,"comment_status":"open","ping_status":"open","sticky":false,"template":"","format":"standard","meta":{"footnotes":""},"categories":[153],"tags":[],"class_list":["post"],"yoast_head":" \n<title>&quot;Libertad&quot;... m\u00e1s que una definici\u00f3n y un d\u00eda - Periodista SoledadDurazo.com<\/title>\n<meta name=\"robots\" content=\"index, follow, max-snippet:-1, max-image-preview:large, max-video-preview:-1\" \/>\n<link rel=\"canonical\" href=\"https:\/\/soledaddurazo.com\/blog\/2023\/01\/22\/libertad-mas-que-una-definicion-y-un-dia\/\" \/>\n<meta property=\"og:locale\" content=\"es_MX\" \/>\n<meta property=\"og:type\" content=\"article\" \/>\n<meta property=\"og:title\" content=\"&quot;Libertad&quot;... m\u00e1s que una definici\u00f3n y un d\u00eda\" \/>\n<meta property=\"og:description\" content=\"D\u00eda Mundial de la Libertad El 23 de enero se celebra el D\u00eda Mundial de la Libertad, con la finalidad de enaltecer la importancia de este derecho universal. La\u00a0libertad\u00a0es concebida como un derecho humano fundamental de las personas, referido a la facultad de los individuos para elegir su forma de vivir, pensar y actuar en [&hellip;]\" \/>\n<meta property=\"og:url\" content=\"https:\/\/soledaddurazo.com\/blog\/2023\/01\/22\/libertad-mas-que-una-definicion-y-un-dia\/\" \/>\n<meta property=\"og:site_name\" content=\"Periodista SoledadDurazo.com\" \/>\n<meta property=\"article:publisher\" content=\"https:\/\/www.facebook.com\/soledad.durazo.9\/\" \/>\n<meta property=\"article:published_time\" content=\"2023-01-23T05:40:38+00:00\" \/>\n<meta property=\"og:image\" content=\"https:\/\/soledaddurazo.com\/storage\/2023\/01\/libre.png\" \/>\n\t<meta property=\"og:image:width\" content=\"1648\" \/>\n\t<meta property=\"og:image:height\" content=\"1080\" \/>\n<meta name=\"twitter:card\" content=\"summary_large_image\" \/>\n<meta name=\"twitter:creator\" content=\"@SoledadDurazo\" \/>\n<meta name=\"twitter:site\" content=\"@SoledadDurazo\" \/>\n<meta name=\"twitter:label1\" content=\"Escrito por\" \/>\n\t<meta name=\"twitter:data1\" content=\"Redacci\u00f3n\" \/>\n\t<meta name=\"twitter:label2\" content=\"Tiempo de lectura\" \/>\n\t<meta name=\"twitter:data2\" content=\"1 minuto\" \/>\n<script type=\"application\/ld+json\" class=\"yoast-schema-graph\">{\"@context\":\"https:\/\/schema.org\",\"@graph\":[{\"@type\":\"Organization\",\"@id\":\"https:\/\/soledaddurazo.com\/#organization\",\"name\":\"Soledad Durazo\",\"url\":\"https:\/\/soledaddurazo.com\/\",\"sameAs\":[\"https:\/\/www.facebook.com\/soledad.durazo.9\/\",\"https:\/\/www.instagram.com\/soledaddurazo\",\"https:\/\/www.youtube.com\/channel\/UC9yGPw8-Vbl_B2XNkRwPS-w\",\"https:\/\/twitter.com\/SoledadDurazo\"],\"logo\":{\"@type\":\"ImageObject\",\"@id\":\"https:\/\/soledaddurazo.com\/#logo\",\"inLanguage\":\"es\",\"url\":\"https:\/\/soledaddurazo.com\/storage\/2021\/11\/nllp-720x375-1-2.png\",\"contentUrl\":\"https:\/\/soledaddurazo.com\/storage\/2021\/11\/nllp-720x375-1-2.png\",\"width\":720,\"height\":375,\"caption\":\"Soledad Durazo\"},\"image\":{\"@id\":\"https:\/\/soledaddurazo.com\/#logo\"}},{\"@type\":\"WebSite\",\"@id\":\"https:\/\/soledaddurazo.com\/#website\",\"url\":\"https:\/\/soledaddurazo.com\/\",\"name\":\"Periodista SoledadDurazo.com\",\"description\":\"Periodista sonorense. Directora de www.SoledadDurazo.com Columnista, conductora de radio y Tv. Catedr\\u00e1tica en la UNISON\",\"publisher\":{\"@id\":\"https:\/\/soledaddurazo.com\/#organization\"},\"potentialAction\":[{\"@type\":\"SearchAction\",\"target\":{\"@type\":\"EntryPoint\",\"urlTemplate\":\"https:\/\/soledaddurazo.com\/?s={search_term_string}\"},\"query-input\":\"required name=search_term_string\"}],\"inLanguage\":\"es\"},{\"@type\":\"ImageObject\",\"@id\":\"https:\/\/soledaddurazo.com\/blog\/2023\/01\/22\/libertad-mas-que-una-definicion-y-un-dia\/#primaryimage\",\"inLanguage\":\"es\",\"url\":\"https:\/\/soledaddurazo.com\/storage\/2023\/01\/libre.png\",\"contentUrl\":\"https:\/\/soledaddurazo.com\/storage\/2023\/01\/libre.png\",\"width\":1648,\"height\":1080},{\"@type\":\"WebPage\",\"@id\":\"https:\/\/soledaddurazo.com\/blog\/2023\/01\/22\/libertad-mas-que-una-definicion-y-un-dia\/#webpage\",\"url\":\"https:\/\/soledaddurazo.com\/blog\/2023\/01\/22\/libertad-mas-que-una-definicion-y-un-dia\/\",\"name\":\"\\\"Libertad\\\"... m\\u00e1s que una definici\\u00f3n y un d\\u00eda - Periodista SoledadDurazo.com\",\"isPartOf\":{\"@id\":\"https:\/\/soledaddurazo.com\/#website\"},\"primaryImageOfPage\":{\"@id\":\"https:\/\/soledaddurazo.com\/blog\/2023\/01\/22\/libertad-mas-que-una-definicion-y-un-dia\/#primaryimage\"},\"datePublished\":\"2023-01-23T05:40:38+00:00\",\"dateModified\":\"2023-01-23T05:40:38+00:00\",\"breadcrumb\":{\"@id\":\"https:\/\/soledaddurazo.com\/blog\/2023\/01\/22\/libertad-mas-que-una-definicion-y-un-dia\/#breadcrumb\"},\"inLanguage\":\"es\",\"potentialAction\":[{\"@type\":\"ReadAction\",\"target\":[\"https:\/\/soledaddurazo.com\/blog\/2023\/01\/22\/libertad-mas-que-una-definicion-y-un-dia\/\"]}]},{\"@type\":\"BreadcrumbList\",\"@id\":\"https:\/\/soledaddurazo.com\/blog\/2023\/01\/22\/libertad-mas-que-una-definicion-y-un-dia\/#breadcrumb\",\"itemListElement\":[{\"@type\":\"ListItem\",\"position\":1,\"name\":\"Home\",\"item\":\"https:\/\/soledaddurazo.com\/\"},{\"@type\":\"ListItem\",\"position\":2,\"name\":\"&#8220;Libertad&#8221;&#8230; m\\u00e1s que una definici\\u00f3n y un d\\u00eda\"}]},{\"@type\":\"Article\",\"@id\":\"https:\/\/soledaddurazo.com\/blog\/2023\/01\/22\/libertad-mas-que-una-definicion-y-un-dia\/#article\",\"isPartOf\":{\"@id\":\"https:\/\/soledaddurazo.com\/blog\/2023\/01\/22\/libertad-mas-que-una-definicion-y-un-dia\/#webpage\"},\"author\":{\"@id\":\"https:\/\/soledaddurazo.com\/#\/schema\/person\/822d8e13aa288585e6546f179853758b\"},\"headline\":\"&#8220;Libertad&#8221;&#8230; m\\u00e1s que una definici\\u00f3n y un d\\u00eda\",\"datePublished\":\"2023-01-23T05:40:38+00:00\",\"dateModified\":\"2023-01-23T05:40:38+00:00\",\"mainEntityOfPage\":{\"@id\":\"https:\/\/soledaddurazo.com\/blog\/2023\/01\/22\/libertad-mas-que-una-definicion-y-un-dia\/#webpage\"},\"wordCount\":306,\"commentCount\":0,\"publisher\":{\"@id\":\"https:\/\/soledaddurazo.com\/#organization\"},\"image\":{\"@id\":\"https:\/\/soledaddurazo.com\/blog\/2023\/01\/22\/libertad-mas-que-una-definicion-y-un-dia\/#primaryimage\"},\"thumbnailUrl\":\"https:\/\/soledaddurazo.com\/storage\/2023\/01\/libre.png\",\"articleSection\":[\"principal\"],\"inLanguage\":\"es\",\"potentialAction\":[{\"@type\":\"CommentAction\",\"name\":\"Comment\",\"target\":[\"https:\/\/soledaddurazo.com\/blog\/2023\/01\/22\/libertad-mas-que-una-definicion-y-un-dia\/#respond\"]}]},{\"@type\":\"Person\",\"@id\":\"https:\/\/soledaddurazo.com\/#\/schema\/person\/822d8e13aa288585e6546f179853758b\",\"name\":\"Redacci\\u00f3n\",\"image\":{\"@type\":\"ImageObject\",\"@id\":\"https:\/\/soledaddurazo.com\/#personlogo\",\"inLanguage\":\"es\",\"url\":\"https:\/\/secure.gravatar.com\/avatar\/c4e193752f756fd61f04deebed3a3a20dc188d37edb53682d313ac57f2725d54?s=96&d=mm&r=g\",\"contentUrl\":\"https:\/\/secure.gravatar.com\/avatar\/c4e193752f756fd61f04deebed3a3a20dc188d37edb53682d313ac57f2725d54?s=96&d=mm&r=g\",\"caption\":\"Redacci\\u00f3n\"},\"sameAs\":[\"https:\/\/soledaddurazo.com\"]}]}<\/script>\n ","yoast_head_json":{"title":"\"Libertad\"... m\u00e1s que una definici\u00f3n y un d\u00eda - Periodista SoledadDurazo.com","robots":{"index":"index","follow":"follow","max-snippet":"max-snippet:-1","max-image-preview":"max-image-preview:large","max-video-preview":"max-video-preview:-1"},"canonical":"https:\/\/soledaddurazo.com\/blog\/2023\/01\/22\/libertad-mas-que-una-definicion-y-un-dia\/","og_locale":"es_MX","og_type":"article","og_title":"\"Libertad\"... m\u00e1s que una definici\u00f3n y un d\u00eda","og_description":"D\u00eda Mundial de la Libertad El 23 de enero se celebra el D\u00eda Mundial de la Libertad, con la finalidad de enaltecer la importancia de este derecho universal. La\u00a0libertad\u00a0es concebida como un derecho humano fundamental de las personas, referido a la facultad de los individuos para elegir su forma de vivir, pensar y actuar en [&hellip;]","og_url":"https:\/\/soledaddurazo.com\/blog\/2023\/01\/22\/libertad-mas-que-una-definicion-y-un-dia\/","og_site_name":"Periodista SoledadDurazo.com","article_publisher":"https:\/\/www.facebook.com\/soledad.durazo.9\/","article_published_time":"2023-01-23T05:40:38+00:00","og_image":[{"width":1648,"height":1080,"url":"https:\/\/soledaddurazo.com\/storage\/2023\/01\/libre.png","type":"image\/png"}],"twitter_card":"summary_large_image","twitter_creator":"@SoledadDurazo","twitter_site":"@SoledadDurazo","twitter_misc":{"Escrito por":"Redacci\u00f3n","Tiempo de lectura":"1 minuto"},"schema":{"@context":"https:\/\/schema.org","@graph":[{"@type":"Organization","@id":"https:\/\/soledaddurazo.com\/#organization","name":"Soledad Durazo","url":"https:\/\/soledaddurazo.com\/","sameAs":["https:\/\/www.facebook.com\/soledad.durazo.9\/","https:\/\/www.instagram.com\/soledaddurazo","https:\/\/www.youtube.com\/channel\/UC9yGPw8-Vbl_B2XNkRwPS-w","https:\/\/twitter.com\/SoledadDurazo"],"logo":{"@type":"ImageObject","@id":"https:\/\/soledaddurazo.com\/#logo","inLanguage":"es","url":"https:\/\/soledaddurazo.com\/storage\/2021\/11\/nllp-720x375-1-2.png","contentUrl":"https:\/\/soledaddurazo.com\/storage\/2021\/11\/nllp-720x375-1-2.png","width":720,"height":375,"caption":"Soledad Durazo"},"image":{"@id":"https:\/\/soledaddurazo.com\/#logo"}},{"@type":"WebSite","@id":"https:\/\/soledaddurazo.com\/#website","url":"https:\/\/soledaddurazo.com\/","name":"Periodista SoledadDurazo.com","description":"Periodista sonorense. Directora de www.SoledadDurazo.com Columnista, conductora de radio y Tv. Catedr\u00e1tica en la UNISON","publisher":{"@id":"https:\/\/soledaddurazo.com\/#organization"},"potentialAction":[{"@type":"SearchAction","target":{"@type":"EntryPoint","urlTemplate":"https:\/\/soledaddurazo.com\/?s={search_term_string}"},"query-input":"required name=search_term_string"}],"inLanguage":"es"},{"@type":"ImageObject","@id":"https:\/\/soledaddurazo.com\/blog\/2023\/01\/22\/libertad-mas-que-una-definicion-y-un-dia\/#primaryimage","inLanguage":"es","url":"https:\/\/soledaddurazo.com\/storage\/2023\/01\/libre.png","contentUrl":"https:\/\/soledaddurazo.com\/storage\/2023\/01\/libre.png","width":1648,"height":1080},{"@type":"WebPage","@id":"https:\/\/soledaddurazo.com\/blog\/2023\/01\/22\/libertad-mas-que-una-definicion-y-un-dia\/#webpage","url":"https:\/\/soledaddurazo.com\/blog\/2023\/01\/22\/libertad-mas-que-una-definicion-y-un-dia\/","name":"\"Libertad\"... m\u00e1s que una definici\u00f3n y un d\u00eda - Periodista SoledadDurazo.com","isPartOf":{"@id":"https:\/\/soledaddurazo.com\/#website"},"primaryImageOfPage":{"@id":"https:\/\/soledaddurazo.com\/blog\/2023\/01\/22\/libertad-mas-que-una-definicion-y-un-dia\/#primaryimage"},"datePublished":"2023-01-23T05:40:38+00:00","dateModified":"2023-01-23T05:40:38+00:00","breadcrumb":{"@id":"https:\/\/soledaddurazo.com\/blog\/2023\/01\/22\/libertad-mas-que-una-definicion-y-un-dia\/#breadcrumb"},"inLanguage":"es","potentialAction":[{"@type":"ReadAction","target":["https:\/\/soledaddurazo.com\/blog\/2023\/01\/22\/libertad-mas-que-una-definicion-y-un-dia\/"]}]},{"@type":"BreadcrumbList","@id":"https:\/\/soledaddurazo.com\/blog\/2023\/01\/22\/libertad-mas-que-una-definicion-y-un-dia\/#breadcrumb","itemListElement":[{"@type":"ListItem","position":1,"name":"Home","item":"https:\/\/soledaddurazo.com\/"},{"@type":"ListItem","position":2,"name":"&#8220;Libertad&#8221;&#8230; m\u00e1s que una definici\u00f3n y un d\u00eda"}]},{"@type":"Article","@id":"https:\/\/soledaddurazo.com\/blog\/2023\/01\/22\/libertad-mas-que-una-definicion-y-un-dia\/#article","isPartOf":{"@id":"https:\/\/soledaddurazo.com\/blog\/2023\/01\/22\/libertad-mas-que-una-definicion-y-un-dia\/#webpage"},"author":{"@id":"https:\/\/soledaddurazo.com\/#\/schema\/person\/822d8e13aa288585e6546f179853758b"},"headline":"&#8220;Libertad&#8221;&#8230; m\u00e1s que una definici\u00f3n y un d\u00eda","datePublished":"2023-01-23T05:40:38+00:00","dateModified":"2023-01-23T05:40:38+00:00","mainEntityOfPage":{"@id":"https:\/\/soledaddurazo.com\/blog\/2023\/01\/22\/libertad-mas-que-una-definicion-y-un-dia\/#webpage"},"wordCount":306,"commentCount":0,"publisher":{"@id":"https:\/\/soledaddurazo.com\/#organization"},"image":{"@id":"https:\/\/soledaddurazo.com\/blog\/2023\/01\/22\/libertad-mas-que-una-definicion-y-un-dia\/#primaryimage"},"thumbnailUrl":"https:\/\/soledaddurazo.com\/storage\/2023\/01\/libre.png","articleSection":["principal"],"inLanguage":"es","potentialAction":[{"@type":"CommentAction","name":"Comment","target":["https:\/\/soledaddurazo.com\/blog\/2023\/01\/22\/libertad-mas-que-una-definicion-y-un-dia\/#respond"]}]},{"@type":"Person","@id":"https:\/\/soledaddurazo.com\/#\/schema\/person\/822d8e13aa288585e6546f179853758b","name":"Redacci\u00f3n","image":{"@type":"ImageObject","@id":"https:\/\/soledaddurazo.com\/#personlogo","inLanguage":"es","url":"https:\/\/secure.gravatar.com\/avatar\/c4e193752f756fd61f04deebed3a3a20dc188d37edb53682d313ac57f2725d54?s=96&d=mm&r=g","contentUrl":"https:\/\/secure.gravatar.com\/avatar\/c4e193752f756fd61f04deebed3a3a20dc188d37edb53682d313ac57f2725d54?s=96&d=mm&r=g","caption":"Redacci\u00f3n"},"sameAs":["https:\/\/soledaddurazo.com"]}]}},"_links":{"self":[{"href":"https:\/\/soledaddurazo.com\/api\/wp\/v2\/posts\/16552","targetHints":{"allow":["GET"]}}],"collection":[{"href":"https:\/\/soledaddurazo.com\/api\/wp\/v2\/posts"}],"about":[{"href":"https:\/\/soledaddurazo.com\/api\/wp\/v2\/types\/post"}],"author":[{"embeddable":true,"href":"https:\/\/soledaddurazo.com\/api\/wp\/v2\/users\/1"}],"replies":[{"embeddable":true,"href":"https:\/\/soledaddurazo.com\/api\/wp\/v2\/comments?post=16552"}],"version-history":[{"count":1,"href":"https:\/\/soledaddurazo.com\/api\/wp\/v2\/posts\/16552\/revisions"}],"predecessor-version":[{"id":16554,"href":"https:\/\/soledaddurazo.com\/api\/wp\/v2\/posts\/16552\/revisions\/16554"}],"wp:featuredmedia":[{"embeddable":true,"href":"https:\/\/soledaddurazo.com\/api\/wp\/v2\/media\/16553"}],"wp:attachment":[{"href":"https:\/\/soledaddurazo.com\/api\/wp\/v2\/media?parent=16552"}],"wp:term":[{"taxonomy":"category","embeddable":true,"href":"https:\/\/soledaddurazo.com\/api\/wp\/v2\/categories?post=16552"},{"taxonomy":"post_tag","embeddable":true,"href":"https:\/\/soledaddurazo.com\/api\/wp\/v2\/tags?post=16552"}],"curies":[{"name":"wp","href":"https:\/\/api.w.org\/{rel}","templated":true}]}}