{"id":16314,"date":"2022-12-28T22:37:55","date_gmt":"2022-12-29T05:37:55","guid":{"rendered":"https:\/\/soledaddurazo.com\/?p=16314"},"modified":"2022-12-28T22:37:55","modified_gmt":"2022-12-29T05:37:55","slug":"la-realidad-obliga-a-abordar-el-tema-de-la-inclusion-y-equidad-en-los-ninos-y-ninas","status":"publish","type":"post","link":"https:\/\/soledaddurazo.com\/blog\/2022\/12\/28\/la-realidad-obliga-a-abordar-el-tema-de-la-inclusion-y-equidad-en-los-ninos-y-ninas\/","title":{"rendered":"La realidad obliga a abordar el tema de la inclusi\u00f3n y equidad en los ni\u00f1os y ni\u00f1as"},"content":{"rendered":"<p>La vida cotidiana en familia, en la pr\u00e1ctica profesional, llev\u00f3 a dos investigadoras a focalizar y trabajar sobre la creaci\u00f3n de materiales did\u00e1cticos para que los ni\u00f1os y las ni\u00f1as puedan ser lo que quieran ser y no sean excluidos de los procesos naturales de ense\u00f1anza y de convivencia social.<\/p>\n<p>Eso qued\u00f3 claro en la exposici\u00f3n que tuvieron Anna Ivette Rodr\u00edguez Navarro y \u00c9rika Rodr\u00edguez Estrada, autoras de literatura inclusiva para ni\u00f1os y no tan ni\u00f1os, en una conferencia magistral sustentada en el marco del 2do. Encuentro Internacional de Buenas Pr\u00e1cticas de Inclusi\u00f3n y No Discriminaci\u00f3n.<\/p>\n<p>Cada una de las expositoras, narraron cu\u00e1l fue el origen de las historias, cuentos, de sus libros \u201cEl Mundo Cuadrado\u201d y \u201cEl Mundo en mi cabeza\u201d, respectivamente, y los hechos coinciden en ser producto de su trabajo, como madres y profesionistas.<\/p>\n<p>\u201cHablar del mundo cuadro es para m\u00ed un gusto siempre y estoy muy agradecida con este cuento, con esta obra que me ha permitido crecer en el mundo de la inclusi\u00f3n\u201d, expres\u00f3 Anna Ivette al recordar que la historia comenz\u00f3 un d\u00eda al recoger a sus hijos en la guarder\u00eda y saber que otro ni\u00f1o no quer\u00eda quedarse a danza que porque bailar era para las ni\u00f1as.<\/p>\n<p>Coment\u00f3 que, a partir de ese momento, se pregunt\u00f3 qu\u00e9 es lo que estaba haciendo por esa situaci\u00f3n de la vida real, a\u00fan cuando ya lo hab\u00eda analizado en sus investigaciones. \u201cTodo est\u00e1 s\u00faper bien con mis investigaciones, pero qu\u00e9 hago aqu\u00ed en lo cortito\u201d.<\/p>\n<p>Narr\u00f3 que a ra\u00edz de esa vivencia, surgieron algunos cuentos, los que conforman el libro de \u201cEl mundo cuadrado\u201d, mismo que est\u00e1 ilustrado y editado por sus alumnos y alumnas de la Licenciatura en Ciencias de la Comunicaci\u00f3n.<\/p>\n<p>Dijo que despu\u00e9s lo retom\u00f3 el Programa Institucional por la Equidad de G\u00e9nero de la Universidad de Sonora y desde ese momento comenzaron a hacerse m\u00e1s cosas, como el traducirlo a otras lenguas, como la Seri y la Mayo, y ahora est\u00e1 a prueba la versi\u00f3n para ciegos y d\u00e9biles visuales en braille y narrado tambi\u00e9n, para sordomudos.<\/p>\n<p>\u201cLa idea es decirles a los ni\u00f1os y a las ni\u00f1as que pueden ser lo que quieran ser, sin importar si son ni\u00f1os o ni\u00f1as\u201d, reiter\u00f3 al se\u00f1alar que adopt\u00f3 el personaje de La Copechi para contar cuentos a los ni\u00f1os.<\/p>\n<p>Implementan estrategias<\/p>\n<p>Por su parte, Erika Rodr\u00edguez Estrada, psic\u00f3loga y maestra en terapia familiar y doctora en psicopedagog\u00eda por el Instituto EuroEspa\u00f1ol, habl\u00f3 de su cuento \u201cEl mundo en mi cabeza\u201d cuyo personaje es una ni\u00f1a curiosa llamada Frida con una gran capacidad imaginativa.<\/p>\n<p>Dijo que el cuento \u201cEl Mundo en mi Cabeza\u201d es un libro que no es s\u00f3lo para ni\u00f1os, sino que tambi\u00e9n es para los no tan ni\u00f1os, aunque la verdadera intensi\u00f3n del texto est\u00e1 dirigido a los padres de los ni\u00f1os y ni\u00f1as.<\/p>\n<p>\u201cVamos a explicar a Juan para que lo escuche Pedro de c\u00f3mo se habita desde el mundo imaginario de un cuerpo infantil y miren que estamos pisando un territorio de riesgo porque nuestros cuerpos son de personas adultas\u201d, consider\u00f3.<\/p>\n<p>En el cuento, explic\u00f3 que la historia nos da la oportunidad de conocer sus mundos donde ellos lo puedan expresar, con esa libertad como tal vez lo hacen en las paredes a trav\u00e9s de sus juegos, pero con la intenci\u00f3n potente de que sus padres puedan mirar a trav\u00e9s de esa posibilidad de juego, la diversi\u00f3n, el dibujo, y al final del cuento viene una propuesta de trabajo donde se encuentran los padres con los ni\u00f1os y ni\u00f1as.<\/p>\n<p>\u201cEs para saber c\u00f3mo es aquello que habita en sus cabezas, en sus mundos, pero tambi\u00e9n los padres de familia, que es lo que me encuentro cuando leemos el cuento y que cuando los invito a dibujar, los ni\u00f1os act\u00faan con tanta libertad que lo pueden hacer para hacernos entrar a sus posibilidades de comprensi\u00f3n\u201d, explic\u00f3.<\/p>\n<p>\u201cNos damos cuenta que adjudicamos y atribuimos a los ni\u00f1os pensamientos y sentires que pr\u00e1cticamente es el mundo de los rodea\u201d, advirti\u00f3 y dijo que esto nos deja ver lo que piensa y siente la ni\u00f1a que, incluso, pudi\u00e9ramos ubicar con d\u00e9ficit de atenci\u00f3n y hasta con hiperactividad.<\/p>\n<p>\u201cSin embargo, aqu\u00ed Frida, el personaje, nos est\u00e1 dejado ver que simplemente es una ni\u00f1a y que vive, siente, explora, piensa y comprende desde un cuerpo de ni\u00f1a\u201d, asent\u00f3.<\/p>\n<p>&nbsp;<\/p>\n","protected":false},"excerpt":{"rendered":"<p>La vida cotidiana en familia, en la pr\u00e1ctica profesional, llev\u00f3 a dos investigadoras a focalizar y trabajar sobre la creaci\u00f3n de materiales did\u00e1cticos para que los ni\u00f1os y las ni\u00f1as puedan ser lo que quieran ser y no sean excluidos de los procesos naturales de ense\u00f1anza y de convivencia social. Eso qued\u00f3 claro en la [&hellip;]<\/p>\n","protected":false},"author":1,"featured_media":16315,"comment_status":"open","ping_status":"open","sticky":false,"template":"","format":"standard","meta":{"footnotes":""},"categories":[159],"tags":[],"class_list":["post"],"yoast_head":" \n<title>La realidad obliga a abordar el tema de la inclusi\u00f3n y equidad en los ni\u00f1os y ni\u00f1as - Periodista SoledadDurazo.com<\/title>\n<meta name=\"robots\" content=\"index, follow, max-snippet:-1, max-image-preview:large, max-video-preview:-1\" \/>\n<link rel=\"canonical\" href=\"https:\/\/soledaddurazo.com\/blog\/2022\/12\/28\/la-realidad-obliga-a-abordar-el-tema-de-la-inclusion-y-equidad-en-los-ninos-y-ninas\/\" \/>\n<meta property=\"og:locale\" content=\"es_MX\" \/>\n<meta property=\"og:type\" content=\"article\" \/>\n<meta property=\"og:title\" content=\"La realidad obliga a abordar el tema de la inclusi\u00f3n y equidad en los ni\u00f1os y ni\u00f1as\" \/>\n<meta property=\"og:description\" content=\"La vida cotidiana en familia, en la pr\u00e1ctica profesional, llev\u00f3 a dos investigadoras a focalizar y trabajar sobre la creaci\u00f3n de materiales did\u00e1cticos para que los ni\u00f1os y las ni\u00f1as puedan ser lo que quieran ser y no sean excluidos de los procesos naturales de ense\u00f1anza y de convivencia social. Eso qued\u00f3 claro en la [&hellip;]\" \/>\n<meta property=\"og:url\" content=\"https:\/\/soledaddurazo.com\/blog\/2022\/12\/28\/la-realidad-obliga-a-abordar-el-tema-de-la-inclusion-y-equidad-en-los-ninos-y-ninas\/\" \/>\n<meta property=\"og:site_name\" content=\"Periodista SoledadDurazo.com\" \/>\n<meta property=\"article:publisher\" content=\"https:\/\/www.facebook.com\/soledad.durazo.9\/\" \/>\n<meta property=\"article:published_time\" content=\"2022-12-29T05:37:55+00:00\" \/>\n<meta property=\"og:image\" content=\"https:\/\/soledaddurazo.com\/storage\/2022\/12\/33528.jpg\" \/>\n\t<meta property=\"og:image:width\" content=\"260\" \/>\n\t<meta property=\"og:image:height\" content=\"280\" \/>\n<meta name=\"twitter:card\" content=\"summary_large_image\" \/>\n<meta name=\"twitter:creator\" content=\"@SoledadDurazo\" \/>\n<meta name=\"twitter:site\" content=\"@SoledadDurazo\" \/>\n<meta name=\"twitter:label1\" content=\"Escrito por\" \/>\n\t<meta name=\"twitter:data1\" content=\"Redacci\u00f3n\" \/>\n\t<meta name=\"twitter:label2\" content=\"Tiempo de lectura\" \/>\n\t<meta name=\"twitter:data2\" content=\"4 minutos\" \/>\n<script type=\"application\/ld+json\" class=\"yoast-schema-graph\">{\"@context\":\"https:\/\/schema.org\",\"@graph\":[{\"@type\":\"Organization\",\"@id\":\"https:\/\/soledaddurazo.com\/#organization\",\"name\":\"Soledad Durazo\",\"url\":\"https:\/\/soledaddurazo.com\/\",\"sameAs\":[\"https:\/\/www.facebook.com\/soledad.durazo.9\/\",\"https:\/\/www.instagram.com\/soledaddurazo\",\"https:\/\/www.youtube.com\/channel\/UC9yGPw8-Vbl_B2XNkRwPS-w\",\"https:\/\/twitter.com\/SoledadDurazo\"],\"logo\":{\"@type\":\"ImageObject\",\"@id\":\"https:\/\/soledaddurazo.com\/#logo\",\"inLanguage\":\"es\",\"url\":\"https:\/\/soledaddurazo.com\/storage\/2021\/11\/nllp-720x375-1-2.png\",\"contentUrl\":\"https:\/\/soledaddurazo.com\/storage\/2021\/11\/nllp-720x375-1-2.png\",\"width\":720,\"height\":375,\"caption\":\"Soledad Durazo\"},\"image\":{\"@id\":\"https:\/\/soledaddurazo.com\/#logo\"}},{\"@type\":\"WebSite\",\"@id\":\"https:\/\/soledaddurazo.com\/#website\",\"url\":\"https:\/\/soledaddurazo.com\/\",\"name\":\"Periodista SoledadDurazo.com\",\"description\":\"Periodista sonorense. Directora de www.SoledadDurazo.com Columnista, conductora de radio y Tv. Catedr\\u00e1tica en la UNISON\",\"publisher\":{\"@id\":\"https:\/\/soledaddurazo.com\/#organization\"},\"potentialAction\":[{\"@type\":\"SearchAction\",\"target\":{\"@type\":\"EntryPoint\",\"urlTemplate\":\"https:\/\/soledaddurazo.com\/?s={search_term_string}\"},\"query-input\":\"required name=search_term_string\"}],\"inLanguage\":\"es\"},{\"@type\":\"ImageObject\",\"@id\":\"https:\/\/soledaddurazo.com\/blog\/2022\/12\/28\/la-realidad-obliga-a-abordar-el-tema-de-la-inclusion-y-equidad-en-los-ninos-y-ninas\/#primaryimage\",\"inLanguage\":\"es\",\"url\":\"https:\/\/soledaddurazo.com\/storage\/2022\/12\/33528.jpg\",\"contentUrl\":\"https:\/\/soledaddurazo.com\/storage\/2022\/12\/33528.jpg\",\"width\":260,\"height\":280},{\"@type\":\"WebPage\",\"@id\":\"https:\/\/soledaddurazo.com\/blog\/2022\/12\/28\/la-realidad-obliga-a-abordar-el-tema-de-la-inclusion-y-equidad-en-los-ninos-y-ninas\/#webpage\",\"url\":\"https:\/\/soledaddurazo.com\/blog\/2022\/12\/28\/la-realidad-obliga-a-abordar-el-tema-de-la-inclusion-y-equidad-en-los-ninos-y-ninas\/\",\"name\":\"La realidad obliga a abordar el tema de la inclusi\\u00f3n y equidad en los ni\\u00f1os y ni\\u00f1as - Periodista SoledadDurazo.com\",\"isPartOf\":{\"@id\":\"https:\/\/soledaddurazo.com\/#website\"},\"primaryImageOfPage\":{\"@id\":\"https:\/\/soledaddurazo.com\/blog\/2022\/12\/28\/la-realidad-obliga-a-abordar-el-tema-de-la-inclusion-y-equidad-en-los-ninos-y-ninas\/#primaryimage\"},\"datePublished\":\"2022-12-29T05:37:55+00:00\",\"dateModified\":\"2022-12-29T05:37:55+00:00\",\"breadcrumb\":{\"@id\":\"https:\/\/soledaddurazo.com\/blog\/2022\/12\/28\/la-realidad-obliga-a-abordar-el-tema-de-la-inclusion-y-equidad-en-los-ninos-y-ninas\/#breadcrumb\"},\"inLanguage\":\"es\",\"potentialAction\":[{\"@type\":\"ReadAction\",\"target\":[\"https:\/\/soledaddurazo.com\/blog\/2022\/12\/28\/la-realidad-obliga-a-abordar-el-tema-de-la-inclusion-y-equidad-en-los-ninos-y-ninas\/\"]}]},{\"@type\":\"BreadcrumbList\",\"@id\":\"https:\/\/soledaddurazo.com\/blog\/2022\/12\/28\/la-realidad-obliga-a-abordar-el-tema-de-la-inclusion-y-equidad-en-los-ninos-y-ninas\/#breadcrumb\",\"itemListElement\":[{\"@type\":\"ListItem\",\"position\":1,\"name\":\"Home\",\"item\":\"https:\/\/soledaddurazo.com\/\"},{\"@type\":\"ListItem\",\"position\":2,\"name\":\"La realidad obliga a abordar el tema de la inclusi\\u00f3n y equidad en los ni\\u00f1os y ni\\u00f1as\"}]},{\"@type\":\"Article\",\"@id\":\"https:\/\/soledaddurazo.com\/blog\/2022\/12\/28\/la-realidad-obliga-a-abordar-el-tema-de-la-inclusion-y-equidad-en-los-ninos-y-ninas\/#article\",\"isPartOf\":{\"@id\":\"https:\/\/soledaddurazo.com\/blog\/2022\/12\/28\/la-realidad-obliga-a-abordar-el-tema-de-la-inclusion-y-equidad-en-los-ninos-y-ninas\/#webpage\"},\"author\":{\"@id\":\"https:\/\/soledaddurazo.com\/#\/schema\/person\/822d8e13aa288585e6546f179853758b\"},\"headline\":\"La realidad obliga a abordar el tema de la inclusi\\u00f3n y equidad en los ni\\u00f1os y ni\\u00f1as\",\"datePublished\":\"2022-12-29T05:37:55+00:00\",\"dateModified\":\"2022-12-29T05:37:55+00:00\",\"mainEntityOfPage\":{\"@id\":\"https:\/\/soledaddurazo.com\/blog\/2022\/12\/28\/la-realidad-obliga-a-abordar-el-tema-de-la-inclusion-y-equidad-en-los-ninos-y-ninas\/#webpage\"},\"wordCount\":815,\"commentCount\":0,\"publisher\":{\"@id\":\"https:\/\/soledaddurazo.com\/#organization\"},\"image\":{\"@id\":\"https:\/\/soledaddurazo.com\/blog\/2022\/12\/28\/la-realidad-obliga-a-abordar-el-tema-de-la-inclusion-y-equidad-en-los-ninos-y-ninas\/#primaryimage\"},\"thumbnailUrl\":\"https:\/\/soledaddurazo.com\/storage\/2022\/12\/33528.jpg\",\"articleSection\":[\"Mi Sonora\"],\"inLanguage\":\"es\",\"potentialAction\":[{\"@type\":\"CommentAction\",\"name\":\"Comment\",\"target\":[\"https:\/\/soledaddurazo.com\/blog\/2022\/12\/28\/la-realidad-obliga-a-abordar-el-tema-de-la-inclusion-y-equidad-en-los-ninos-y-ninas\/#respond\"]}]},{\"@type\":\"Person\",\"@id\":\"https:\/\/soledaddurazo.com\/#\/schema\/person\/822d8e13aa288585e6546f179853758b\",\"name\":\"Redacci\\u00f3n\",\"image\":{\"@type\":\"ImageObject\",\"@id\":\"https:\/\/soledaddurazo.com\/#personlogo\",\"inLanguage\":\"es\",\"url\":\"https:\/\/secure.gravatar.com\/avatar\/c4e193752f756fd61f04deebed3a3a20dc188d37edb53682d313ac57f2725d54?s=96&d=mm&r=g\",\"contentUrl\":\"https:\/\/secure.gravatar.com\/avatar\/c4e193752f756fd61f04deebed3a3a20dc188d37edb53682d313ac57f2725d54?s=96&d=mm&r=g\",\"caption\":\"Redacci\\u00f3n\"},\"sameAs\":[\"https:\/\/soledaddurazo.com\"]}]}<\/script>\n ","yoast_head_json":{"title":"La realidad obliga a abordar el tema de la inclusi\u00f3n y equidad en los ni\u00f1os y ni\u00f1as - Periodista SoledadDurazo.com","robots":{"index":"index","follow":"follow","max-snippet":"max-snippet:-1","max-image-preview":"max-image-preview:large","max-video-preview":"max-video-preview:-1"},"canonical":"https:\/\/soledaddurazo.com\/blog\/2022\/12\/28\/la-realidad-obliga-a-abordar-el-tema-de-la-inclusion-y-equidad-en-los-ninos-y-ninas\/","og_locale":"es_MX","og_type":"article","og_title":"La realidad obliga a abordar el tema de la inclusi\u00f3n y equidad en los ni\u00f1os y ni\u00f1as","og_description":"La vida cotidiana en familia, en la pr\u00e1ctica profesional, llev\u00f3 a dos investigadoras a focalizar y trabajar sobre la creaci\u00f3n de materiales did\u00e1cticos para que los ni\u00f1os y las ni\u00f1as puedan ser lo que quieran ser y no sean excluidos de los procesos naturales de ense\u00f1anza y de convivencia social. Eso qued\u00f3 claro en la [&hellip;]","og_url":"https:\/\/soledaddurazo.com\/blog\/2022\/12\/28\/la-realidad-obliga-a-abordar-el-tema-de-la-inclusion-y-equidad-en-los-ninos-y-ninas\/","og_site_name":"Periodista SoledadDurazo.com","article_publisher":"https:\/\/www.facebook.com\/soledad.durazo.9\/","article_published_time":"2022-12-29T05:37:55+00:00","og_image":[{"width":260,"height":280,"url":"https:\/\/soledaddurazo.com\/storage\/2022\/12\/33528.jpg","type":"image\/jpeg"}],"twitter_card":"summary_large_image","twitter_creator":"@SoledadDurazo","twitter_site":"@SoledadDurazo","twitter_misc":{"Escrito por":"Redacci\u00f3n","Tiempo de lectura":"4 minutos"},"schema":{"@context":"https:\/\/schema.org","@graph":[{"@type":"Organization","@id":"https:\/\/soledaddurazo.com\/#organization","name":"Soledad Durazo","url":"https:\/\/soledaddurazo.com\/","sameAs":["https:\/\/www.facebook.com\/soledad.durazo.9\/","https:\/\/www.instagram.com\/soledaddurazo","https:\/\/www.youtube.com\/channel\/UC9yGPw8-Vbl_B2XNkRwPS-w","https:\/\/twitter.com\/SoledadDurazo"],"logo":{"@type":"ImageObject","@id":"https:\/\/soledaddurazo.com\/#logo","inLanguage":"es","url":"https:\/\/soledaddurazo.com\/storage\/2021\/11\/nllp-720x375-1-2.png","contentUrl":"https:\/\/soledaddurazo.com\/storage\/2021\/11\/nllp-720x375-1-2.png","width":720,"height":375,"caption":"Soledad Durazo"},"image":{"@id":"https:\/\/soledaddurazo.com\/#logo"}},{"@type":"WebSite","@id":"https:\/\/soledaddurazo.com\/#website","url":"https:\/\/soledaddurazo.com\/","name":"Periodista SoledadDurazo.com","description":"Periodista sonorense. Directora de www.SoledadDurazo.com Columnista, conductora de radio y Tv. Catedr\u00e1tica en la UNISON","publisher":{"@id":"https:\/\/soledaddurazo.com\/#organization"},"potentialAction":[{"@type":"SearchAction","target":{"@type":"EntryPoint","urlTemplate":"https:\/\/soledaddurazo.com\/?s={search_term_string}"},"query-input":"required name=search_term_string"}],"inLanguage":"es"},{"@type":"ImageObject","@id":"https:\/\/soledaddurazo.com\/blog\/2022\/12\/28\/la-realidad-obliga-a-abordar-el-tema-de-la-inclusion-y-equidad-en-los-ninos-y-ninas\/#primaryimage","inLanguage":"es","url":"https:\/\/soledaddurazo.com\/storage\/2022\/12\/33528.jpg","contentUrl":"https:\/\/soledaddurazo.com\/storage\/2022\/12\/33528.jpg","width":260,"height":280},{"@type":"WebPage","@id":"https:\/\/soledaddurazo.com\/blog\/2022\/12\/28\/la-realidad-obliga-a-abordar-el-tema-de-la-inclusion-y-equidad-en-los-ninos-y-ninas\/#webpage","url":"https:\/\/soledaddurazo.com\/blog\/2022\/12\/28\/la-realidad-obliga-a-abordar-el-tema-de-la-inclusion-y-equidad-en-los-ninos-y-ninas\/","name":"La realidad obliga a abordar el tema de la inclusi\u00f3n y equidad en los ni\u00f1os y ni\u00f1as - Periodista SoledadDurazo.com","isPartOf":{"@id":"https:\/\/soledaddurazo.com\/#website"},"primaryImageOfPage":{"@id":"https:\/\/soledaddurazo.com\/blog\/2022\/12\/28\/la-realidad-obliga-a-abordar-el-tema-de-la-inclusion-y-equidad-en-los-ninos-y-ninas\/#primaryimage"},"datePublished":"2022-12-29T05:37:55+00:00","dateModified":"2022-12-29T05:37:55+00:00","breadcrumb":{"@id":"https:\/\/soledaddurazo.com\/blog\/2022\/12\/28\/la-realidad-obliga-a-abordar-el-tema-de-la-inclusion-y-equidad-en-los-ninos-y-ninas\/#breadcrumb"},"inLanguage":"es","potentialAction":[{"@type":"ReadAction","target":["https:\/\/soledaddurazo.com\/blog\/2022\/12\/28\/la-realidad-obliga-a-abordar-el-tema-de-la-inclusion-y-equidad-en-los-ninos-y-ninas\/"]}]},{"@type":"BreadcrumbList","@id":"https:\/\/soledaddurazo.com\/blog\/2022\/12\/28\/la-realidad-obliga-a-abordar-el-tema-de-la-inclusion-y-equidad-en-los-ninos-y-ninas\/#breadcrumb","itemListElement":[{"@type":"ListItem","position":1,"name":"Home","item":"https:\/\/soledaddurazo.com\/"},{"@type":"ListItem","position":2,"name":"La realidad obliga a abordar el tema de la inclusi\u00f3n y equidad en los ni\u00f1os y ni\u00f1as"}]},{"@type":"Article","@id":"https:\/\/soledaddurazo.com\/blog\/2022\/12\/28\/la-realidad-obliga-a-abordar-el-tema-de-la-inclusion-y-equidad-en-los-ninos-y-ninas\/#article","isPartOf":{"@id":"https:\/\/soledaddurazo.com\/blog\/2022\/12\/28\/la-realidad-obliga-a-abordar-el-tema-de-la-inclusion-y-equidad-en-los-ninos-y-ninas\/#webpage"},"author":{"@id":"https:\/\/soledaddurazo.com\/#\/schema\/person\/822d8e13aa288585e6546f179853758b"},"headline":"La realidad obliga a abordar el tema de la inclusi\u00f3n y equidad en los ni\u00f1os y ni\u00f1as","datePublished":"2022-12-29T05:37:55+00:00","dateModified":"2022-12-29T05:37:55+00:00","mainEntityOfPage":{"@id":"https:\/\/soledaddurazo.com\/blog\/2022\/12\/28\/la-realidad-obliga-a-abordar-el-tema-de-la-inclusion-y-equidad-en-los-ninos-y-ninas\/#webpage"},"wordCount":815,"commentCount":0,"publisher":{"@id":"https:\/\/soledaddurazo.com\/#organization"},"image":{"@id":"https:\/\/soledaddurazo.com\/blog\/2022\/12\/28\/la-realidad-obliga-a-abordar-el-tema-de-la-inclusion-y-equidad-en-los-ninos-y-ninas\/#primaryimage"},"thumbnailUrl":"https:\/\/soledaddurazo.com\/storage\/2022\/12\/33528.jpg","articleSection":["Mi Sonora"],"inLanguage":"es","potentialAction":[{"@type":"CommentAction","name":"Comment","target":["https:\/\/soledaddurazo.com\/blog\/2022\/12\/28\/la-realidad-obliga-a-abordar-el-tema-de-la-inclusion-y-equidad-en-los-ninos-y-ninas\/#respond"]}]},{"@type":"Person","@id":"https:\/\/soledaddurazo.com\/#\/schema\/person\/822d8e13aa288585e6546f179853758b","name":"Redacci\u00f3n","image":{"@type":"ImageObject","@id":"https:\/\/soledaddurazo.com\/#personlogo","inLanguage":"es","url":"https:\/\/secure.gravatar.com\/avatar\/c4e193752f756fd61f04deebed3a3a20dc188d37edb53682d313ac57f2725d54?s=96&d=mm&r=g","contentUrl":"https:\/\/secure.gravatar.com\/avatar\/c4e193752f756fd61f04deebed3a3a20dc188d37edb53682d313ac57f2725d54?s=96&d=mm&r=g","caption":"Redacci\u00f3n"},"sameAs":["https:\/\/soledaddurazo.com"]}]}},"_links":{"self":[{"href":"https:\/\/soledaddurazo.com\/api\/wp\/v2\/posts\/16314","targetHints":{"allow":["GET"]}}],"collection":[{"href":"https:\/\/soledaddurazo.com\/api\/wp\/v2\/posts"}],"about":[{"href":"https:\/\/soledaddurazo.com\/api\/wp\/v2\/types\/post"}],"author":[{"embeddable":true,"href":"https:\/\/soledaddurazo.com\/api\/wp\/v2\/users\/1"}],"replies":[{"embeddable":true,"href":"https:\/\/soledaddurazo.com\/api\/wp\/v2\/comments?post=16314"}],"version-history":[{"count":1,"href":"https:\/\/soledaddurazo.com\/api\/wp\/v2\/posts\/16314\/revisions"}],"predecessor-version":[{"id":16316,"href":"https:\/\/soledaddurazo.com\/api\/wp\/v2\/posts\/16314\/revisions\/16316"}],"wp:featuredmedia":[{"embeddable":true,"href":"https:\/\/soledaddurazo.com\/api\/wp\/v2\/media\/16315"}],"wp:attachment":[{"href":"https:\/\/soledaddurazo.com\/api\/wp\/v2\/media?parent=16314"}],"wp:term":[{"taxonomy":"category","embeddable":true,"href":"https:\/\/soledaddurazo.com\/api\/wp\/v2\/categories?post=16314"},{"taxonomy":"post_tag","embeddable":true,"href":"https:\/\/soledaddurazo.com\/api\/wp\/v2\/tags?post=16314"}],"curies":[{"name":"wp","href":"https:\/\/api.w.org\/{rel}","templated":true}]}}