{"id":15665,"date":"2022-10-17T13:58:49","date_gmt":"2022-10-17T20:58:49","guid":{"rendered":"https:\/\/soledaddurazo.com\/?p=15665"},"modified":"2022-10-17T13:58:49","modified_gmt":"2022-10-17T20:58:49","slug":"el-bono-democratico-de-alfonso-durazo-intacto","status":"publish","type":"post","link":"https:\/\/soledaddurazo.com\/blog\/2022\/10\/17\/el-bono-democratico-de-alfonso-durazo-intacto\/","title":{"rendered":"El bono democr\u00e1tico de Alfonso Durazo intacto"},"content":{"rendered":"<p>Cubri\u00f3 todas las formas de la pol\u00edtica tradicional el Gobernador Alfonso Durazo, en la ceremonia especial con motivo de su primer informe de gobierno, reafirmando en su mensaje al pueblo de Sonora, su compromiso de instaurar los cimientos de la transformaci\u00f3n que apenas comienza.<\/p>\n<p>El mandatario sonorense conocedor de las formas de la pol\u00edtica, agradeci\u00f3 el apoyo del Presidente de la Rep\u00fablica y refrend\u00f3 su lealtad al proyecto transformador que encabeza L\u00f3pez Obrador, as\u00ed se lo hizo saber al Secretario de Gobernaci\u00f3n, Ad\u00e1n Augusto L\u00f3pez, presente en la ceremonia especial realizada en el Auditorio C\u00edvico del Estado.<\/p>\n<p>En su mensaje, el Gobernador Durazo, destac\u00f3 la nivelaci\u00f3n de las finanzas estatales, el despliegue de un ambicioso programa de becas de m\u00e1s de 500 millones de pesos, la proyecci\u00f3n para el despegue econ\u00f3mico de la entidad, gracias a millonaria inversi\u00f3n con recursos de la Federaci\u00f3n, para la construcci\u00f3n de un Parque de Energ\u00eda Solar m\u00e1s grande de Latinoam\u00e9rica; la modernizaci\u00f3n del puerto de Guaymas y de los puertos fronterizos, que con la construcci\u00f3n de la carretera de Chihuahua-Guaymas, potencializar\u00e1 las condiciones, para una mayor movilidad de mercanc\u00edas hacia los mercados asi\u00e1ticos y de Norteam\u00e9rica; adem\u00e1s de favorecer la llegada de turismo procedente de los estados del norte del pa\u00eds a San Carlos.<\/p>\n<p>En el terreno pol\u00edtico, el Gobierno de Alfonso Durazo mantiene una sinton\u00eda muy importante con las pol\u00edticas transformadoras del Gobierno Federal, sin dejar a un lado, su interpretaci\u00f3n particular de la transformaci\u00f3n no sustentada en la pol\u00edtica de espejo retrovisor de revancha para ajustar cuentas o persecuciones.<\/p>\n<p>El Gobernador Durazo ha demostrado ser un pol\u00edtico con apertura y reiterado que su Gobierno trabaja para beneficiar a los que menos tienen, sin polarizaciones absurdas de la sociedad y con mucho trabajo en tierra o a ras de suelo como se le dice ahora.<\/p>\n<p>Desde luego que hay muchos pendientes todav\u00eda, expres\u00f3 el Gobernador Durazo que la inseguridad es uno de los pendientes de su Gobierno por atacar, de nada servir\u00e1n bajar algunos puntos los \u00edndices delictivos, si se siguen presentando delitos de alto impacto, los hechos ocurridos esta semana en San Luis R\u00edo Colorado, Guaymas, Empalme y Cajeme, corroboran lo dicho por el mandatario sonorense.<\/p>\n<p>En su segundo a\u00f1o de gesti\u00f3n, el Gobernador deber\u00e1 de enfrentar el reto de mejorar la seguridad p\u00fablica; mejorar el transporte p\u00fablico y la infraestructura de los municipios, es incuestionable que el bono democr\u00e1tico y la confianza brindada por los sonorenses, se mantienen intactos para el Gobernador Alfonso Durazo, en su espalda recae la responsabilidad de cumplir las expectativas de los sonorenses.<\/p>\n<p><strong>LAS FORMAS DE HACER POL\u00cdTICA EN LA CUARTA TRANSFORMACI\u00d3N<\/strong><\/p>\n<p>El viejo sistema pol\u00edtico formado por el partido del garrote, como lo defin\u00eda mi maestro Gilberto Guti\u00e9rrez Quiroz, en la materia, Sistema Pol\u00edtico Mexicano de la carrera en Administraci\u00f3n P\u00fablica en la Universidad de Sonora, defini\u00f3 muy meticulosamente los usos y costumbres a seguir en la convivencia entre miembros del mismo instituto pol\u00edtico.<\/p>\n<p>En el periodo hegem\u00f3nico del priismo, por las formas pol\u00edticas ya bien definidas, resultaba inconcebible, que un correligionario llegara a una entidad a hablar mal del Gobernador en turno, del mismo partido, menos en el d\u00eda de su informe de labores.<\/p>\n<p>Tal parece que, en Morena, las antiguas formas de hacer pol\u00edtica, son cosa del pasado, ahora en la Cuarta Transformaci\u00f3n, se vale de todo, hasta las provocaciones.<\/p>\n<p>La avanzada del proyecto presidencial del Senador Ricardo Monreal, su suplente en el Senado, Arturo Rojas D\u00edaz Dur\u00e1n, fue el invitado de honor en la Mesa Canc\u00fan.<\/p>\n<p>Ricardo Monreal, ya es una corcholata oficialmente, recientemente fue a\u00f1adida por el Presidente de la Rep\u00fablica, al juego de la sucesi\u00f3n presidencial.<\/p>\n<p>Rojas D\u00edaz Dur\u00e1n se solt\u00f3 con una retah\u00edla de cr\u00edticas a las pol\u00edticas delineadas por el r\u00e9gimen del Gobierno de la Cuarta Transformaci\u00f3n, cr\u00edticas tan fuertes, que dif\u00edcilmente las podr\u00edamos escuchar ni en boca de cualquier dirigente partidista opositor.<\/p>\n<p>Se entiende que estos ataques traen un mensaje de provocaci\u00f3n para el Gobernador Alfonso Durazo, sobre todo porque el mandatario sonorense ocupa un lugar en la estructura de Morena, que lo convierten en un protagonista en este proceso de la sucesi\u00f3n.<\/p>\n<p><strong>RELANZAMIENTO DEL PRD: JES\u00daS ZAMBRANO<\/strong><\/p>\n<p>El PRD Sonora realiz\u00f3 su primera reuni\u00f3n de Consejo Estatal en modo presencial, despu\u00e9s de dos a\u00f1os de pandemia. Su dirigente estatal Joel Ram\u00edrez, recibi\u00f3 a la dirigencia nacional, encabezada por Jes\u00fas Zambrano y la Secretaria General, Adriana D\u00edaz.<\/p>\n<p>En conferencia de prensa, Jes\u00fas Zambrano, habl\u00f3 de un relanzamiento del PRD en Sonora, porque el PRD es un partido necesario en la sociedad mexicana, destac\u00f3 que a nivel nacional se necesita un redise\u00f1o de la alianza Vamos por M\u00e9xico entre PRI, PAN y PRD, porque en las condiciones que se encuentra actualmente, est\u00e1 muerta.<\/p>\n<p>En ese sentido, manifest\u00f3 que la interlocuci\u00f3n con el dirigente nacional del PRI, Alito Moreno, est\u00e1 agotada, pero el PRI tiene otros actores que puede haber entendimiento para tender los puentes de negociaci\u00f3n en este redise\u00f1o de la alianza.<\/p>\n<p>Asegur\u00f3 Zambrano que hay tiempo para sacar una candidatura competitiva y ganadora, dijo que aqu\u00ed en Sonora, Antonio Astiazar\u00e1n estuvo en la reuni\u00f3n de Consejo Estatal del Sol Azteca, para reiterar su compromiso y voluntad de lo importante que es mantener la alianza partidista.<\/p>\n<p>Como que ya dio color, el Partido del Sol Azteca aqu\u00ed en Sonora, con Antonio Astiazar\u00e1n o a lo mejor es mera apreciaci\u00f3n m\u00eda.<\/p>\n<p><strong>TO\u00d1O ASTIAZAR\u00c1N SE ANOTA OTRO ACIERTO<\/strong><\/p>\n<p>A prop\u00f3sito del Presidente Municipal de Hermosillo, Antonio Astiazar\u00e1n, el Ayuntamiento de Hermosillo se anot\u00f3 un acierto m\u00e1s, con la celebraci\u00f3n del Festival del Globo. El evento reuni\u00f3 a miles de familias hermosillenses en una sana convivencia con m\u00fasica, comida y vuelos en globos aerost\u00e1ticos que dej\u00f3 una importante derrama para la econom\u00eda local. Alex Syntek cerr\u00f3 con broche de oro este nuevo evento.<\/p>\n<p>Sin dejar de lado los lazos pol\u00edticos que refuerza el To\u00f1o Astiazar\u00e1n, es notable el trabajo realizado al frente del Ayuntamiento de Hermosillo, tanto que lo ha hecho sobresalir sobre cualquier otro de sus hom\u00f3logos en el estado.<\/p>\n<p>El modelo aplicado para contar con una flotilla de 220 patrullas el\u00e9ctricas, est\u00e1 llamando la atenci\u00f3n no solo a nivel local y nacional, tambi\u00e9n a nivel internacional.<\/p>\n<p>El importante ahorro de recursos que estas patrullas el\u00e9ctricas ofrecen, al no gastar en combustible ni tener altos costos en su mantenimiento, al cual se suma el beneficio de no contaminar el medio ambiente, adem\u00e1s de su funcionalidad operativa, est\u00e1 siendo atractivo para autoridades municipales que participaron en el Taller Nacional de Movilidad El\u00e9ctrica con Municipalidades 2022 en Nicaragua.<\/p>\n<p>Antonio Astiazar\u00e1n refrenda nuevamente su imagen de pol\u00edtico innovador, forjada en todas las responsabilidades que ha desempe\u00f1ado en el servicio p\u00fablico.<\/p>\n<p><strong>EL ACECHO DE LA CIBERDELINCUENCIA A INSTITUCIONES DEL ESTADO MEXICANO<\/strong><\/p>\n<p>El asesor principal en materia de seguridad nacional de este espacio, el General de Divisi\u00f3n D.E.M. retirado, Juan Alfredo Oropeza, asegura que no es la primera vez que la ciberseguridad de una instituci\u00f3n del Gobierno Federal es vulnerada, en el a\u00f1o 2019, la informaci\u00f3n del 5% de las computadoras de la empresa paraestatal Petr\u00f3leos Mexicanos, fue bloqueada y robada, se exigi\u00f3 un rescate de 4.9 millones de d\u00f3lares en criptomonedas, para devolver la informaci\u00f3n o hacerla p\u00fablica.<\/p>\n<p>En el 2020, toc\u00f3 el turno a la Loter\u00eda Nacional, un grupo de hackers ruso, llamado Avaddon se rob\u00f3 3 gigabytes de informaci\u00f3n confidencial, el modus operandi fue similar, exigieron un rescate no dado a conocer, para restituir la informaci\u00f3n con la amenaza de hacerla p\u00fablica de no proceder el pago del rescate; en noviembre del mismo a\u00f1o, archivos digitales de la Comisi\u00f3n Nacional Bancaria fueron infectados por el ramsonware lockbit, exigiendo un rescate de 1 mill\u00f3n de d\u00f3lares.<\/p>\n<p>En este 2022, el grupo de hacker rusos, Conti, intent\u00f3 vulnerar la ciberseguridad del Instituto Mexicano del Seguro Social; la Secretar\u00eda de Salud, Secretar\u00eda de Hacienda y Cr\u00e9dito P\u00fablico; Petr\u00f3leos Mexicanos; el Banco de M\u00e9xico; la Secretar\u00eda de Bienestar y el Fondo Nacional de la Vivienda para los Trabajadores, sin poder alcanzar su objetivo.<\/p>\n<p>A nivel internacional es conocida la intervenci\u00f3n de hackers rusos en la elecci\u00f3n presidencial de los Estados Unidos, grandes empresas transnacionales, tambi\u00e9n han sido v\u00edctimas de la violaci\u00f3n de su ciberseguridad, esto no es consuelo para justificar que millones de archivos confidenciales de la Secretar\u00eda de la Defensa Nacional fueran sustra\u00eddos ilegalmente el mes pasado y exhibidos al mundo entero, en menoscabo de nuestra seguridad nacional.<\/p>\n<p>El quid del asunto es que se debe de invertir en tecnolog\u00eda de punta para reforzar la ciberseguridad tanto de empresas como de instituciones p\u00fablicas, sobre todo aquellas que juegan un papel importante en la seguridad nacional.<\/p>\n<p>Aunque los militares en activo y en retiro, suelen ser muy reservados en sus opiniones personales, tenemos el privilegio de contar con la colaboraci\u00f3n de un divisionario en retiro, sobre distintos temas. Puede consultar la opini\u00f3n del General Oropeza, en este link <a href=\"https:\/\/youtu.be\/DdgIyVgN5I4\">https:\/\/youtu.be\/DdgIyVgN5I4<\/a><\/p>\n<p><strong>RETAZOS INTERESANTES<\/strong><\/p>\n<p>1.- \u201cNo duden que Andr\u00e9s Manuel L\u00f3pez Obrador quiera emitir un decreto para renunciar a su puesto y buscar la reelecci\u00f3n, el proyecto es \u00e9l, nadie m\u00e1s\u201d Dijo Jes\u00fas Zambrano, dirigente nacional del PRD, \u201clo conozco perfectamente bien, conviv\u00ed muchos a\u00f1os cerca de \u00e9l\u201d. Finaliz\u00f3.<\/p>\n<p>2.- El invitado de la Mesa Canc\u00fan de este mi\u00e9rcoles 19 de octubre es Froyl\u00e1n G\u00e1mez Gamboa, Director General del Instituto de Becas y Cr\u00e9dito Educativo del Estado de Sonora.<\/p>\n<p>Para los amigos de todo el sur de Sonora, los invito a escuchar de 13:00 a 14:00 horas, SONORA EN RED NOTICIAS, por el 93.3 del cuadrante de F.M. que tambi\u00e9n puede ser visto por la se\u00f1al del canal 14 de TV Azteca Tucson, para todo el sur de Arizona. No se lo pierdan.<\/p>\n<p>Podemos interactuar a trav\u00e9s de mi cuenta de Twitter @feroropeza20 o en mi correo electr\u00f3nico\u00a0<a href=\"mailto:luiso@hmo.megared.net.mx\">luiso@hmo.megared.net.mx<\/a><\/p>\n<p>&nbsp;<\/p>\n","protected":false},"excerpt":{"rendered":"<p>Cubri\u00f3 todas las formas de la pol\u00edtica tradicional el Gobernador Alfonso Durazo, en la ceremonia especial con motivo de su primer informe de gobierno, reafirmando en su mensaje al pueblo de Sonora, su compromiso de instaurar los cimientos de la transformaci\u00f3n que apenas comienza. El mandatario sonorense conocedor de las formas de la pol\u00edtica, agradeci\u00f3 [&hellip;]<\/p>\n","protected":false},"author":1,"featured_media":15356,"comment_status":"open","ping_status":"open","sticky":false,"template":"","format":"standard","meta":{"footnotes":""},"categories":[173],"tags":[],"class_list":["post"],"yoast_head":" \n<title>El bono democr\u00e1tico de Alfonso Durazo intacto - Periodista SoledadDurazo.com<\/title>\n<meta name=\"robots\" content=\"index, follow, max-snippet:-1, max-image-preview:large, max-video-preview:-1\" \/>\n<link rel=\"canonical\" href=\"https:\/\/soledaddurazo.com\/blog\/2022\/10\/17\/el-bono-democratico-de-alfonso-durazo-intacto\/\" \/>\n<meta property=\"og:locale\" content=\"es_MX\" \/>\n<meta property=\"og:type\" content=\"article\" \/>\n<meta property=\"og:title\" content=\"El bono democr\u00e1tico de Alfonso Durazo intacto\" \/>\n<meta property=\"og:description\" content=\"Cubri\u00f3 todas las formas de la pol\u00edtica tradicional el Gobernador Alfonso Durazo, en la ceremonia especial con motivo de su primer informe de gobierno, reafirmando en su mensaje al pueblo de Sonora, su compromiso de instaurar los cimientos de la transformaci\u00f3n que apenas comienza. El mandatario sonorense conocedor de las formas de la pol\u00edtica, agradeci\u00f3 [&hellip;]\" \/>\n<meta property=\"og:url\" content=\"https:\/\/soledaddurazo.com\/blog\/2022\/10\/17\/el-bono-democratico-de-alfonso-durazo-intacto\/\" \/>\n<meta property=\"og:site_name\" content=\"Periodista SoledadDurazo.com\" \/>\n<meta property=\"article:publisher\" content=\"https:\/\/www.facebook.com\/soledad.durazo.9\/\" \/>\n<meta property=\"article:published_time\" content=\"2022-10-17T20:58:49+00:00\" \/>\n<meta property=\"og:image\" content=\"https:\/\/soledaddurazo.com\/storage\/2022\/09\/FERNANDO-OROPEZA-OK-750x375-1.jpg\" \/>\n\t<meta property=\"og:image:width\" content=\"750\" \/>\n\t<meta property=\"og:image:height\" content=\"375\" \/>\n<meta name=\"twitter:card\" content=\"summary_large_image\" \/>\n<meta name=\"twitter:creator\" content=\"@SoledadDurazo\" \/>\n<meta name=\"twitter:site\" content=\"@SoledadDurazo\" \/>\n<meta name=\"twitter:label1\" content=\"Escrito por\" \/>\n\t<meta name=\"twitter:data1\" content=\"Redacci\u00f3n\" \/>\n\t<meta name=\"twitter:label2\" content=\"Tiempo de lectura\" \/>\n\t<meta name=\"twitter:data2\" content=\"8 minutos\" \/>\n<script type=\"application\/ld+json\" class=\"yoast-schema-graph\">{\"@context\":\"https:\/\/schema.org\",\"@graph\":[{\"@type\":\"Organization\",\"@id\":\"https:\/\/soledaddurazo.com\/#organization\",\"name\":\"Soledad Durazo\",\"url\":\"https:\/\/soledaddurazo.com\/\",\"sameAs\":[\"https:\/\/www.facebook.com\/soledad.durazo.9\/\",\"https:\/\/www.instagram.com\/soledaddurazo\",\"https:\/\/www.youtube.com\/channel\/UC9yGPw8-Vbl_B2XNkRwPS-w\",\"https:\/\/twitter.com\/SoledadDurazo\"],\"logo\":{\"@type\":\"ImageObject\",\"@id\":\"https:\/\/soledaddurazo.com\/#logo\",\"inLanguage\":\"es\",\"url\":\"https:\/\/soledaddurazo.com\/storage\/2021\/11\/nllp-720x375-1-2.png\",\"contentUrl\":\"https:\/\/soledaddurazo.com\/storage\/2021\/11\/nllp-720x375-1-2.png\",\"width\":720,\"height\":375,\"caption\":\"Soledad Durazo\"},\"image\":{\"@id\":\"https:\/\/soledaddurazo.com\/#logo\"}},{\"@type\":\"WebSite\",\"@id\":\"https:\/\/soledaddurazo.com\/#website\",\"url\":\"https:\/\/soledaddurazo.com\/\",\"name\":\"Periodista SoledadDurazo.com\",\"description\":\"Periodista sonorense. Directora de www.SoledadDurazo.com Columnista, conductora de radio y Tv. Catedr\\u00e1tica en la UNISON\",\"publisher\":{\"@id\":\"https:\/\/soledaddurazo.com\/#organization\"},\"potentialAction\":[{\"@type\":\"SearchAction\",\"target\":{\"@type\":\"EntryPoint\",\"urlTemplate\":\"https:\/\/soledaddurazo.com\/?s={search_term_string}\"},\"query-input\":\"required name=search_term_string\"}],\"inLanguage\":\"es\"},{\"@type\":\"ImageObject\",\"@id\":\"https:\/\/soledaddurazo.com\/blog\/2022\/10\/17\/el-bono-democratico-de-alfonso-durazo-intacto\/#primaryimage\",\"inLanguage\":\"es\",\"url\":\"https:\/\/soledaddurazo.com\/storage\/2022\/09\/FERNANDO-OROPEZA-OK-750x375-1.jpg\",\"contentUrl\":\"https:\/\/soledaddurazo.com\/storage\/2022\/09\/FERNANDO-OROPEZA-OK-750x375-1.jpg\",\"width\":750,\"height\":375},{\"@type\":\"WebPage\",\"@id\":\"https:\/\/soledaddurazo.com\/blog\/2022\/10\/17\/el-bono-democratico-de-alfonso-durazo-intacto\/#webpage\",\"url\":\"https:\/\/soledaddurazo.com\/blog\/2022\/10\/17\/el-bono-democratico-de-alfonso-durazo-intacto\/\",\"name\":\"El bono democr\\u00e1tico de Alfonso Durazo intacto - Periodista SoledadDurazo.com\",\"isPartOf\":{\"@id\":\"https:\/\/soledaddurazo.com\/#website\"},\"primaryImageOfPage\":{\"@id\":\"https:\/\/soledaddurazo.com\/blog\/2022\/10\/17\/el-bono-democratico-de-alfonso-durazo-intacto\/#primaryimage\"},\"datePublished\":\"2022-10-17T20:58:49+00:00\",\"dateModified\":\"2022-10-17T20:58:49+00:00\",\"breadcrumb\":{\"@id\":\"https:\/\/soledaddurazo.com\/blog\/2022\/10\/17\/el-bono-democratico-de-alfonso-durazo-intacto\/#breadcrumb\"},\"inLanguage\":\"es\",\"potentialAction\":[{\"@type\":\"ReadAction\",\"target\":[\"https:\/\/soledaddurazo.com\/blog\/2022\/10\/17\/el-bono-democratico-de-alfonso-durazo-intacto\/\"]}]},{\"@type\":\"BreadcrumbList\",\"@id\":\"https:\/\/soledaddurazo.com\/blog\/2022\/10\/17\/el-bono-democratico-de-alfonso-durazo-intacto\/#breadcrumb\",\"itemListElement\":[{\"@type\":\"ListItem\",\"position\":1,\"name\":\"Home\",\"item\":\"https:\/\/soledaddurazo.com\/\"},{\"@type\":\"ListItem\",\"position\":2,\"name\":\"El bono democr\\u00e1tico de Alfonso Durazo intacto\"}]},{\"@type\":\"Article\",\"@id\":\"https:\/\/soledaddurazo.com\/blog\/2022\/10\/17\/el-bono-democratico-de-alfonso-durazo-intacto\/#article\",\"isPartOf\":{\"@id\":\"https:\/\/soledaddurazo.com\/blog\/2022\/10\/17\/el-bono-democratico-de-alfonso-durazo-intacto\/#webpage\"},\"author\":{\"@id\":\"https:\/\/soledaddurazo.com\/#\/schema\/person\/822d8e13aa288585e6546f179853758b\"},\"headline\":\"El bono democr\\u00e1tico de Alfonso Durazo intacto\",\"datePublished\":\"2022-10-17T20:58:49+00:00\",\"dateModified\":\"2022-10-17T20:58:49+00:00\",\"mainEntityOfPage\":{\"@id\":\"https:\/\/soledaddurazo.com\/blog\/2022\/10\/17\/el-bono-democratico-de-alfonso-durazo-intacto\/#webpage\"},\"wordCount\":1787,\"commentCount\":0,\"publisher\":{\"@id\":\"https:\/\/soledaddurazo.com\/#organization\"},\"image\":{\"@id\":\"https:\/\/soledaddurazo.com\/blog\/2022\/10\/17\/el-bono-democratico-de-alfonso-durazo-intacto\/#primaryimage\"},\"thumbnailUrl\":\"https:\/\/soledaddurazo.com\/storage\/2022\/09\/FERNANDO-OROPEZA-OK-750x375-1.jpg\",\"articleSection\":[\"Fernando Oropeza\"],\"inLanguage\":\"es\",\"potentialAction\":[{\"@type\":\"CommentAction\",\"name\":\"Comment\",\"target\":[\"https:\/\/soledaddurazo.com\/blog\/2022\/10\/17\/el-bono-democratico-de-alfonso-durazo-intacto\/#respond\"]}]},{\"@type\":\"Person\",\"@id\":\"https:\/\/soledaddurazo.com\/#\/schema\/person\/822d8e13aa288585e6546f179853758b\",\"name\":\"Redacci\\u00f3n\",\"image\":{\"@type\":\"ImageObject\",\"@id\":\"https:\/\/soledaddurazo.com\/#personlogo\",\"inLanguage\":\"es\",\"url\":\"https:\/\/secure.gravatar.com\/avatar\/c4e193752f756fd61f04deebed3a3a20dc188d37edb53682d313ac57f2725d54?s=96&d=mm&r=g\",\"contentUrl\":\"https:\/\/secure.gravatar.com\/avatar\/c4e193752f756fd61f04deebed3a3a20dc188d37edb53682d313ac57f2725d54?s=96&d=mm&r=g\",\"caption\":\"Redacci\\u00f3n\"},\"sameAs\":[\"https:\/\/soledaddurazo.com\"]}]}<\/script>\n ","yoast_head_json":{"title":"El bono democr\u00e1tico de Alfonso Durazo intacto - Periodista SoledadDurazo.com","robots":{"index":"index","follow":"follow","max-snippet":"max-snippet:-1","max-image-preview":"max-image-preview:large","max-video-preview":"max-video-preview:-1"},"canonical":"https:\/\/soledaddurazo.com\/blog\/2022\/10\/17\/el-bono-democratico-de-alfonso-durazo-intacto\/","og_locale":"es_MX","og_type":"article","og_title":"El bono democr\u00e1tico de Alfonso Durazo intacto","og_description":"Cubri\u00f3 todas las formas de la pol\u00edtica tradicional el Gobernador Alfonso Durazo, en la ceremonia especial con motivo de su primer informe de gobierno, reafirmando en su mensaje al pueblo de Sonora, su compromiso de instaurar los cimientos de la transformaci\u00f3n que apenas comienza. El mandatario sonorense conocedor de las formas de la pol\u00edtica, agradeci\u00f3 [&hellip;]","og_url":"https:\/\/soledaddurazo.com\/blog\/2022\/10\/17\/el-bono-democratico-de-alfonso-durazo-intacto\/","og_site_name":"Periodista SoledadDurazo.com","article_publisher":"https:\/\/www.facebook.com\/soledad.durazo.9\/","article_published_time":"2022-10-17T20:58:49+00:00","og_image":[{"width":750,"height":375,"url":"https:\/\/soledaddurazo.com\/storage\/2022\/09\/FERNANDO-OROPEZA-OK-750x375-1.jpg","type":"image\/jpeg"}],"twitter_card":"summary_large_image","twitter_creator":"@SoledadDurazo","twitter_site":"@SoledadDurazo","twitter_misc":{"Escrito por":"Redacci\u00f3n","Tiempo de lectura":"8 minutos"},"schema":{"@context":"https:\/\/schema.org","@graph":[{"@type":"Organization","@id":"https:\/\/soledaddurazo.com\/#organization","name":"Soledad Durazo","url":"https:\/\/soledaddurazo.com\/","sameAs":["https:\/\/www.facebook.com\/soledad.durazo.9\/","https:\/\/www.instagram.com\/soledaddurazo","https:\/\/www.youtube.com\/channel\/UC9yGPw8-Vbl_B2XNkRwPS-w","https:\/\/twitter.com\/SoledadDurazo"],"logo":{"@type":"ImageObject","@id":"https:\/\/soledaddurazo.com\/#logo","inLanguage":"es","url":"https:\/\/soledaddurazo.com\/storage\/2021\/11\/nllp-720x375-1-2.png","contentUrl":"https:\/\/soledaddurazo.com\/storage\/2021\/11\/nllp-720x375-1-2.png","width":720,"height":375,"caption":"Soledad Durazo"},"image":{"@id":"https:\/\/soledaddurazo.com\/#logo"}},{"@type":"WebSite","@id":"https:\/\/soledaddurazo.com\/#website","url":"https:\/\/soledaddurazo.com\/","name":"Periodista SoledadDurazo.com","description":"Periodista sonorense. Directora de www.SoledadDurazo.com Columnista, conductora de radio y Tv. Catedr\u00e1tica en la UNISON","publisher":{"@id":"https:\/\/soledaddurazo.com\/#organization"},"potentialAction":[{"@type":"SearchAction","target":{"@type":"EntryPoint","urlTemplate":"https:\/\/soledaddurazo.com\/?s={search_term_string}"},"query-input":"required name=search_term_string"}],"inLanguage":"es"},{"@type":"ImageObject","@id":"https:\/\/soledaddurazo.com\/blog\/2022\/10\/17\/el-bono-democratico-de-alfonso-durazo-intacto\/#primaryimage","inLanguage":"es","url":"https:\/\/soledaddurazo.com\/storage\/2022\/09\/FERNANDO-OROPEZA-OK-750x375-1.jpg","contentUrl":"https:\/\/soledaddurazo.com\/storage\/2022\/09\/FERNANDO-OROPEZA-OK-750x375-1.jpg","width":750,"height":375},{"@type":"WebPage","@id":"https:\/\/soledaddurazo.com\/blog\/2022\/10\/17\/el-bono-democratico-de-alfonso-durazo-intacto\/#webpage","url":"https:\/\/soledaddurazo.com\/blog\/2022\/10\/17\/el-bono-democratico-de-alfonso-durazo-intacto\/","name":"El bono democr\u00e1tico de Alfonso Durazo intacto - Periodista SoledadDurazo.com","isPartOf":{"@id":"https:\/\/soledaddurazo.com\/#website"},"primaryImageOfPage":{"@id":"https:\/\/soledaddurazo.com\/blog\/2022\/10\/17\/el-bono-democratico-de-alfonso-durazo-intacto\/#primaryimage"},"datePublished":"2022-10-17T20:58:49+00:00","dateModified":"2022-10-17T20:58:49+00:00","breadcrumb":{"@id":"https:\/\/soledaddurazo.com\/blog\/2022\/10\/17\/el-bono-democratico-de-alfonso-durazo-intacto\/#breadcrumb"},"inLanguage":"es","potentialAction":[{"@type":"ReadAction","target":["https:\/\/soledaddurazo.com\/blog\/2022\/10\/17\/el-bono-democratico-de-alfonso-durazo-intacto\/"]}]},{"@type":"BreadcrumbList","@id":"https:\/\/soledaddurazo.com\/blog\/2022\/10\/17\/el-bono-democratico-de-alfonso-durazo-intacto\/#breadcrumb","itemListElement":[{"@type":"ListItem","position":1,"name":"Home","item":"https:\/\/soledaddurazo.com\/"},{"@type":"ListItem","position":2,"name":"El bono democr\u00e1tico de Alfonso Durazo intacto"}]},{"@type":"Article","@id":"https:\/\/soledaddurazo.com\/blog\/2022\/10\/17\/el-bono-democratico-de-alfonso-durazo-intacto\/#article","isPartOf":{"@id":"https:\/\/soledaddurazo.com\/blog\/2022\/10\/17\/el-bono-democratico-de-alfonso-durazo-intacto\/#webpage"},"author":{"@id":"https:\/\/soledaddurazo.com\/#\/schema\/person\/822d8e13aa288585e6546f179853758b"},"headline":"El bono democr\u00e1tico de Alfonso Durazo intacto","datePublished":"2022-10-17T20:58:49+00:00","dateModified":"2022-10-17T20:58:49+00:00","mainEntityOfPage":{"@id":"https:\/\/soledaddurazo.com\/blog\/2022\/10\/17\/el-bono-democratico-de-alfonso-durazo-intacto\/#webpage"},"wordCount":1787,"commentCount":0,"publisher":{"@id":"https:\/\/soledaddurazo.com\/#organization"},"image":{"@id":"https:\/\/soledaddurazo.com\/blog\/2022\/10\/17\/el-bono-democratico-de-alfonso-durazo-intacto\/#primaryimage"},"thumbnailUrl":"https:\/\/soledaddurazo.com\/storage\/2022\/09\/FERNANDO-OROPEZA-OK-750x375-1.jpg","articleSection":["Fernando Oropeza"],"inLanguage":"es","potentialAction":[{"@type":"CommentAction","name":"Comment","target":["https:\/\/soledaddurazo.com\/blog\/2022\/10\/17\/el-bono-democratico-de-alfonso-durazo-intacto\/#respond"]}]},{"@type":"Person","@id":"https:\/\/soledaddurazo.com\/#\/schema\/person\/822d8e13aa288585e6546f179853758b","name":"Redacci\u00f3n","image":{"@type":"ImageObject","@id":"https:\/\/soledaddurazo.com\/#personlogo","inLanguage":"es","url":"https:\/\/secure.gravatar.com\/avatar\/c4e193752f756fd61f04deebed3a3a20dc188d37edb53682d313ac57f2725d54?s=96&d=mm&r=g","contentUrl":"https:\/\/secure.gravatar.com\/avatar\/c4e193752f756fd61f04deebed3a3a20dc188d37edb53682d313ac57f2725d54?s=96&d=mm&r=g","caption":"Redacci\u00f3n"},"sameAs":["https:\/\/soledaddurazo.com"]}]}},"_links":{"self":[{"href":"https:\/\/soledaddurazo.com\/api\/wp\/v2\/posts\/15665","targetHints":{"allow":["GET"]}}],"collection":[{"href":"https:\/\/soledaddurazo.com\/api\/wp\/v2\/posts"}],"about":[{"href":"https:\/\/soledaddurazo.com\/api\/wp\/v2\/types\/post"}],"author":[{"embeddable":true,"href":"https:\/\/soledaddurazo.com\/api\/wp\/v2\/users\/1"}],"replies":[{"embeddable":true,"href":"https:\/\/soledaddurazo.com\/api\/wp\/v2\/comments?post=15665"}],"version-history":[{"count":1,"href":"https:\/\/soledaddurazo.com\/api\/wp\/v2\/posts\/15665\/revisions"}],"predecessor-version":[{"id":15666,"href":"https:\/\/soledaddurazo.com\/api\/wp\/v2\/posts\/15665\/revisions\/15666"}],"wp:featuredmedia":[{"embeddable":true,"href":"https:\/\/soledaddurazo.com\/api\/wp\/v2\/media\/15356"}],"wp:attachment":[{"href":"https:\/\/soledaddurazo.com\/api\/wp\/v2\/media?parent=15665"}],"wp:term":[{"taxonomy":"category","embeddable":true,"href":"https:\/\/soledaddurazo.com\/api\/wp\/v2\/categories?post=15665"},{"taxonomy":"post_tag","embeddable":true,"href":"https:\/\/soledaddurazo.com\/api\/wp\/v2\/tags?post=15665"}],"curies":[{"name":"wp","href":"https:\/\/api.w.org\/{rel}","templated":true}]}}